{"id":1024,"date":"2023-11-07T09:12:31","date_gmt":"2023-11-07T09:12:31","guid":{"rendered":"https:\/\/www.siau.cat\/?p=1024"},"modified":"2023-11-07T09:12:33","modified_gmt":"2023-11-07T09:12:33","slug":"siau-condemna-els-atacs-feixistes-que-ha-rebut-durant-la-matinada-davui-la-seu-de-lstei","status":"publish","type":"post","link":"https:\/\/www.siau.cat\/index.php\/2023\/11\/07\/siau-condemna-els-atacs-feixistes-que-ha-rebut-durant-la-matinada-davui-la-seu-de-lstei\/","title":{"rendered":"SIAU condemna els atacs feixistes que ha rebut durant la matinada d\u2019avui la seu de l\u2019STEI"},"content":{"rendered":"\n<figure class=\"wp-block-image size-large\"><img loading=\"lazy\" decoding=\"async\" width=\"1024\" height=\"1024\" src=\"https:\/\/www.siau.cat\/wp-content\/uploads\/2023\/11\/atacs-seu-STEI-1024x1024.jpeg\" alt=\"\" class=\"wp-image-1025\" srcset=\"https:\/\/www.siau.cat\/wp-content\/uploads\/2023\/11\/atacs-seu-STEI-1024x1024.jpeg 1024w, https:\/\/www.siau.cat\/wp-content\/uploads\/2023\/11\/atacs-seu-STEI-250x250.jpeg 250w, https:\/\/www.siau.cat\/wp-content\/uploads\/2023\/11\/atacs-seu-STEI-100x100.jpeg 100w, https:\/\/www.siau.cat\/wp-content\/uploads\/2023\/11\/atacs-seu-STEI-350x350.jpeg 350w, https:\/\/www.siau.cat\/wp-content\/uploads\/2023\/11\/atacs-seu-STEI-300x300.jpeg 300w, https:\/\/www.siau.cat\/wp-content\/uploads\/2023\/11\/atacs-seu-STEI-150x150.jpeg 150w, https:\/\/www.siau.cat\/wp-content\/uploads\/2023\/11\/atacs-seu-STEI-768x768.jpeg 768w, https:\/\/www.siau.cat\/wp-content\/uploads\/2023\/11\/atacs-seu-STEI-24x24.jpeg 24w, https:\/\/www.siau.cat\/wp-content\/uploads\/2023\/11\/atacs-seu-STEI-36x36.jpeg 36w, https:\/\/www.siau.cat\/wp-content\/uploads\/2023\/11\/atacs-seu-STEI-48x48.jpeg 48w, https:\/\/www.siau.cat\/wp-content\/uploads\/2023\/11\/atacs-seu-STEI.jpeg 1528w\" sizes=\"auto, (max-width: 767px) 89vw, (max-width: 1000px) 54vw, (max-width: 1071px) 543px, 580px\" \/><\/figure>\n\n\n\n<p class=\"has-text-align-justify\">Davant els atacs procedents del feixisme m\u00e9s ranci cal unitat. Des de SIAU volem recordar que no permetrem que s\u2019ataqui a la llengua catalana dins l\u2019\u00e0mbit de l\u2019ensenyament de les Illes Balears. En aquests moments existeix un front com\u00fa de la comunitat educativa i atacs com els que han succe\u00eft durant la matinada d\u2019avui no fan m\u00e9s que refor\u00e7ar-lo. Condemnam les pintades vand\u00e0liques i transmetem el nostre suport al sindicat STEI.<\/p>\n\n\n\n<p class=\"has-text-align-justify\">Tots tenim mem\u00f2ria i recordam que va passar durant la legislatura d\u2019en Jos\u00e9 Ramon Bauz\u00e1. No volem que es torni a un ambient de crispaci\u00f3 per tal d\u2019acontentar a certs grupuscles que l\u2019\u00fanic que cerquen precisament \u00e9s dividir-nos. Les idees s\u2019han de defensar a trav\u00e9s dels arguments i la paraula, no de la imposici\u00f3 i les salvatjades. Tanmateix, per m\u00e9s que s\u2019ataquin seus sindicals, s\u2019aprovin normes que rompin amb els consensos ling\u00fc\u00edstics de d\u00e8cades i es cultivi la pol\u00edtica de l\u2019odi, no aconseguiran el seu objectiu principal. Som un poble amb una cultura, identitat i llengua pr\u00f2pia que estimam, i les defensarem amb dents i ungles!<\/p>\n","protected":false},"excerpt":{"rendered":"<p>Davant els atacs procedents del feixisme m\u00e9s ranci cal unitat. Des de SIAU volem recordar que no permetrem que s\u2019ataqui a la llengua catalana dins l\u2019\u00e0mbit de l\u2019ensenyament de les Illes Balears. En aquests moments existeix un front com\u00fa de la comunitat educativa i atacs com els que han succe\u00eft durant la matinada d\u2019avui no &hellip; <\/p>\n<p class=\"link-more\"><a href=\"https:\/\/www.siau.cat\/index.php\/2023\/11\/07\/siau-condemna-els-atacs-feixistes-que-ha-rebut-durant-la-matinada-davui-la-seu-de-lstei\/\" class=\"more-link\">Continua llegint <span class=\"screen-reader-text\">\u00abSIAU condemna els atacs feixistes que ha rebut durant la matinada d\u2019avui la seu de l\u2019STEI\u00bb<\/span><\/a><\/p>\n","protected":false},"author":1,"featured_media":0,"comment_status":"closed","ping_status":"open","sticky":false,"template":"","format":"standard","meta":{"_jetpack_memberships_contains_paid_content":false,"footnotes":""},"categories":[1],"tags":[],"class_list":["post-1024","post","type-post","status-publish","format-standard","hentry","category-uncategorized"],"yoast_head":"<!-- This site is optimized with the Yoast SEO plugin v25.4 - https:\/\/yoast.com\/wordpress\/plugins\/seo\/ -->\n<title>SIAU condemna els atacs feixistes que ha rebut durant la matinada d\u2019avui la seu de l\u2019STEI &#8212; SIAU - SINDICAT INDEPENDENT, AUT\u00d2NOM I UNITARI<\/title>\n<meta name=\"robots\" content=\"index, follow, max-snippet:-1, max-image-preview:large, max-video-preview:-1\" \/>\n<link rel=\"canonical\" href=\"https:\/\/www.siau.cat\/index.php\/2023\/11\/07\/siau-condemna-els-atacs-feixistes-que-ha-rebut-durant-la-matinada-davui-la-seu-de-lstei\/\" \/>\n<meta property=\"og:locale\" content=\"ca_ES\" \/>\n<meta property=\"og:type\" content=\"article\" \/>\n<meta property=\"og:title\" content=\"SIAU condemna els atacs feixistes que ha rebut durant la matinada d\u2019avui la seu de l\u2019STEI &#8212; SIAU - SINDICAT INDEPENDENT, AUT\u00d2NOM I UNITARI\" \/>\n<meta property=\"og:description\" content=\"Davant els atacs procedents del feixisme m\u00e9s ranci cal unitat. Des de SIAU volem recordar que no permetrem que s\u2019ataqui a la llengua catalana dins l\u2019\u00e0mbit de l\u2019ensenyament de les Illes Balears. En aquests moments existeix un front com\u00fa de la comunitat educativa i atacs com els que han succe\u00eft durant la matinada d\u2019avui no &hellip; Continua llegint \u00abSIAU condemna els atacs feixistes que ha rebut durant la matinada d\u2019avui la seu de l\u2019STEI\u00bb\" \/>\n<meta property=\"og:url\" content=\"https:\/\/www.siau.cat\/index.php\/2023\/11\/07\/siau-condemna-els-atacs-feixistes-que-ha-rebut-durant-la-matinada-davui-la-seu-de-lstei\/\" \/>\n<meta property=\"og:site_name\" content=\"SIAU - SINDICAT INDEPENDENT, AUT\u00d2NOM I UNITARI\" \/>\n<meta property=\"article:published_time\" content=\"2023-11-07T09:12:31+00:00\" \/>\n<meta property=\"article:modified_time\" content=\"2023-11-07T09:12:33+00:00\" \/>\n<meta property=\"og:image\" content=\"https:\/\/www.siau.cat\/wp-content\/uploads\/2023\/11\/atacs-seu-STEI-1024x1024.jpeg\" \/>\n<meta name=\"author\" content=\"admin\" \/>\n<meta name=\"twitter:card\" content=\"summary_large_image\" \/>\n<meta name=\"twitter:label1\" content=\"Escrit per\" \/>\n\t<meta name=\"twitter:data1\" content=\"admin\" \/>\n\t<meta name=\"twitter:label2\" content=\"Temps estimat de lectura\" \/>\n\t<meta name=\"twitter:data2\" content=\"2 minuts\" \/>\n<script type=\"application\/ld+json\" class=\"yoast-schema-graph\">{\"@context\":\"https:\/\/schema.org\",\"@graph\":[{\"@type\":\"Article\",\"@id\":\"https:\/\/www.siau.cat\/index.php\/2023\/11\/07\/siau-condemna-els-atacs-feixistes-que-ha-rebut-durant-la-matinada-davui-la-seu-de-lstei\/#article\",\"isPartOf\":{\"@id\":\"https:\/\/www.siau.cat\/index.php\/2023\/11\/07\/siau-condemna-els-atacs-feixistes-que-ha-rebut-durant-la-matinada-davui-la-seu-de-lstei\/\"},\"author\":{\"name\":\"admin\",\"@id\":\"https:\/\/www.siau.cat\/#\/schema\/person\/810c15694a7e538934bb4be53ebcba0d\"},\"headline\":\"SIAU condemna els atacs feixistes que ha rebut durant la matinada d\u2019avui la seu de l\u2019STEI\",\"datePublished\":\"2023-11-07T09:12:31+00:00\",\"dateModified\":\"2023-11-07T09:12:33+00:00\",\"mainEntityOfPage\":{\"@id\":\"https:\/\/www.siau.cat\/index.php\/2023\/11\/07\/siau-condemna-els-atacs-feixistes-que-ha-rebut-durant-la-matinada-davui-la-seu-de-lstei\/\"},\"wordCount\":218,\"publisher\":{\"@id\":\"https:\/\/www.siau.cat\/#organization\"},\"image\":{\"@id\":\"https:\/\/www.siau.cat\/index.php\/2023\/11\/07\/siau-condemna-els-atacs-feixistes-que-ha-rebut-durant-la-matinada-davui-la-seu-de-lstei\/#primaryimage\"},\"thumbnailUrl\":\"https:\/\/www.siau.cat\/wp-content\/uploads\/2023\/11\/atacs-seu-STEI-1024x1024.jpeg\",\"articleSection\":[\"Uncategorized\"],\"inLanguage\":\"ca\"},{\"@type\":\"WebPage\",\"@id\":\"https:\/\/www.siau.cat\/index.php\/2023\/11\/07\/siau-condemna-els-atacs-feixistes-que-ha-rebut-durant-la-matinada-davui-la-seu-de-lstei\/\",\"url\":\"https:\/\/www.siau.cat\/index.php\/2023\/11\/07\/siau-condemna-els-atacs-feixistes-que-ha-rebut-durant-la-matinada-davui-la-seu-de-lstei\/\",\"name\":\"SIAU condemna els atacs feixistes que ha rebut durant la matinada d\u2019avui la seu de l\u2019STEI &#8212; SIAU - SINDICAT INDEPENDENT, AUT\u00d2NOM I UNITARI\",\"isPartOf\":{\"@id\":\"https:\/\/www.siau.cat\/#website\"},\"primaryImageOfPage\":{\"@id\":\"https:\/\/www.siau.cat\/index.php\/2023\/11\/07\/siau-condemna-els-atacs-feixistes-que-ha-rebut-durant-la-matinada-davui-la-seu-de-lstei\/#primaryimage\"},\"image\":{\"@id\":\"https:\/\/www.siau.cat\/index.php\/2023\/11\/07\/siau-condemna-els-atacs-feixistes-que-ha-rebut-durant-la-matinada-davui-la-seu-de-lstei\/#primaryimage\"},\"thumbnailUrl\":\"https:\/\/www.siau.cat\/wp-content\/uploads\/2023\/11\/atacs-seu-STEI-1024x1024.jpeg\",\"datePublished\":\"2023-11-07T09:12:31+00:00\",\"dateModified\":\"2023-11-07T09:12:33+00:00\",\"breadcrumb\":{\"@id\":\"https:\/\/www.siau.cat\/index.php\/2023\/11\/07\/siau-condemna-els-atacs-feixistes-que-ha-rebut-durant-la-matinada-davui-la-seu-de-lstei\/#breadcrumb\"},\"inLanguage\":\"ca\",\"potentialAction\":[{\"@type\":\"ReadAction\",\"target\":[\"https:\/\/www.siau.cat\/index.php\/2023\/11\/07\/siau-condemna-els-atacs-feixistes-que-ha-rebut-durant-la-matinada-davui-la-seu-de-lstei\/\"]}]},{\"@type\":\"ImageObject\",\"inLanguage\":\"ca\",\"@id\":\"https:\/\/www.siau.cat\/index.php\/2023\/11\/07\/siau-condemna-els-atacs-feixistes-que-ha-rebut-durant-la-matinada-davui-la-seu-de-lstei\/#primaryimage\",\"url\":\"https:\/\/www.siau.cat\/wp-content\/uploads\/2023\/11\/atacs-seu-STEI-1024x1024.jpeg\",\"contentUrl\":\"https:\/\/www.siau.cat\/wp-content\/uploads\/2023\/11\/atacs-seu-STEI-1024x1024.jpeg\"},{\"@type\":\"BreadcrumbList\",\"@id\":\"https:\/\/www.siau.cat\/index.php\/2023\/11\/07\/siau-condemna-els-atacs-feixistes-que-ha-rebut-durant-la-matinada-davui-la-seu-de-lstei\/#breadcrumb\",\"itemListElement\":[{\"@type\":\"ListItem\",\"position\":1,\"name\":\"Inici\",\"item\":\"https:\/\/www.siau.cat\/\"},{\"@type\":\"ListItem\",\"position\":2,\"name\":\"SIAU condemna els atacs feixistes que ha rebut durant la matinada d\u2019avui la seu de l\u2019STEI\"}]},{\"@type\":\"WebSite\",\"@id\":\"https:\/\/www.siau.cat\/#website\",\"url\":\"https:\/\/www.siau.cat\/\",\"name\":\"SIAU - SINDICAT INDEPENDENT, AUT\u00d2NOM I UNITARI\",\"description\":\"Ara s&iacute; que tenim la veu\",\"publisher\":{\"@id\":\"https:\/\/www.siau.cat\/#organization\"},\"potentialAction\":[{\"@type\":\"SearchAction\",\"target\":{\"@type\":\"EntryPoint\",\"urlTemplate\":\"https:\/\/www.siau.cat\/?s={search_term_string}\"},\"query-input\":{\"@type\":\"PropertyValueSpecification\",\"valueRequired\":true,\"valueName\":\"search_term_string\"}}],\"inLanguage\":\"ca\"},{\"@type\":\"Organization\",\"@id\":\"https:\/\/www.siau.cat\/#organization\",\"name\":\"SIAU\",\"url\":\"https:\/\/www.siau.cat\/\",\"logo\":{\"@type\":\"ImageObject\",\"inLanguage\":\"ca\",\"@id\":\"https:\/\/www.siau.cat\/#\/schema\/logo\/image\/\",\"url\":\"https:\/\/www.siau.cat\/wp-content\/uploads\/2022\/03\/cropped-resized_LOGO-SIAU-5-e1652020847972.jpg\",\"contentUrl\":\"https:\/\/www.siau.cat\/wp-content\/uploads\/2022\/03\/cropped-resized_LOGO-SIAU-5-e1652020847972.jpg\",\"width\":1600,\"height\":1200,\"caption\":\"SIAU\"},\"image\":{\"@id\":\"https:\/\/www.siau.cat\/#\/schema\/logo\/image\/\"}},{\"@type\":\"Person\",\"@id\":\"https:\/\/www.siau.cat\/#\/schema\/person\/810c15694a7e538934bb4be53ebcba0d\",\"name\":\"admin\",\"image\":{\"@type\":\"ImageObject\",\"inLanguage\":\"ca\",\"@id\":\"https:\/\/www.siau.cat\/#\/schema\/person\/image\/\",\"url\":\"https:\/\/www.siau.cat\/wp-content\/litespeed\/avatar\/d73ebfac3daa0b52552b2ccea63469da.jpg?ver=1777403609\",\"contentUrl\":\"https:\/\/www.siau.cat\/wp-content\/litespeed\/avatar\/d73ebfac3daa0b52552b2ccea63469da.jpg?ver=1777403609\",\"caption\":\"admin\"},\"sameAs\":[\"https:\/\/www.siau.cat\"],\"url\":\"https:\/\/www.siau.cat\/index.php\/author\/admin\/\"}]}<\/script>\n<!-- \/ Yoast SEO plugin. -->","yoast_head_json":{"title":"SIAU condemna els atacs feixistes que ha rebut durant la matinada d\u2019avui la seu de l\u2019STEI &#8212; SIAU - SINDICAT INDEPENDENT, AUT\u00d2NOM I UNITARI","robots":{"index":"index","follow":"follow","max-snippet":"max-snippet:-1","max-image-preview":"max-image-preview:large","max-video-preview":"max-video-preview:-1"},"canonical":"https:\/\/www.siau.cat\/index.php\/2023\/11\/07\/siau-condemna-els-atacs-feixistes-que-ha-rebut-durant-la-matinada-davui-la-seu-de-lstei\/","og_locale":"ca_ES","og_type":"article","og_title":"SIAU condemna els atacs feixistes que ha rebut durant la matinada d\u2019avui la seu de l\u2019STEI &#8212; SIAU - SINDICAT INDEPENDENT, AUT\u00d2NOM I UNITARI","og_description":"Davant els atacs procedents del feixisme m\u00e9s ranci cal unitat. Des de SIAU volem recordar que no permetrem que s\u2019ataqui a la llengua catalana dins l\u2019\u00e0mbit de l\u2019ensenyament de les Illes Balears. En aquests moments existeix un front com\u00fa de la comunitat educativa i atacs com els que han succe\u00eft durant la matinada d\u2019avui no &hellip; Continua llegint \u00abSIAU condemna els atacs feixistes que ha rebut durant la matinada d\u2019avui la seu de l\u2019STEI\u00bb","og_url":"https:\/\/www.siau.cat\/index.php\/2023\/11\/07\/siau-condemna-els-atacs-feixistes-que-ha-rebut-durant-la-matinada-davui-la-seu-de-lstei\/","og_site_name":"SIAU - SINDICAT INDEPENDENT, AUT\u00d2NOM I UNITARI","article_published_time":"2023-11-07T09:12:31+00:00","article_modified_time":"2023-11-07T09:12:33+00:00","og_image":[{"url":"https:\/\/www.siau.cat\/wp-content\/uploads\/2023\/11\/atacs-seu-STEI-1024x1024.jpeg","type":"","width":"","height":""}],"author":"admin","twitter_card":"summary_large_image","twitter_misc":{"Escrit per":"admin","Temps estimat de lectura":"2 minuts"},"schema":{"@context":"https:\/\/schema.org","@graph":[{"@type":"Article","@id":"https:\/\/www.siau.cat\/index.php\/2023\/11\/07\/siau-condemna-els-atacs-feixistes-que-ha-rebut-durant-la-matinada-davui-la-seu-de-lstei\/#article","isPartOf":{"@id":"https:\/\/www.siau.cat\/index.php\/2023\/11\/07\/siau-condemna-els-atacs-feixistes-que-ha-rebut-durant-la-matinada-davui-la-seu-de-lstei\/"},"author":{"name":"admin","@id":"https:\/\/www.siau.cat\/#\/schema\/person\/810c15694a7e538934bb4be53ebcba0d"},"headline":"SIAU condemna els atacs feixistes que ha rebut durant la matinada d\u2019avui la seu de l\u2019STEI","datePublished":"2023-11-07T09:12:31+00:00","dateModified":"2023-11-07T09:12:33+00:00","mainEntityOfPage":{"@id":"https:\/\/www.siau.cat\/index.php\/2023\/11\/07\/siau-condemna-els-atacs-feixistes-que-ha-rebut-durant-la-matinada-davui-la-seu-de-lstei\/"},"wordCount":218,"publisher":{"@id":"https:\/\/www.siau.cat\/#organization"},"image":{"@id":"https:\/\/www.siau.cat\/index.php\/2023\/11\/07\/siau-condemna-els-atacs-feixistes-que-ha-rebut-durant-la-matinada-davui-la-seu-de-lstei\/#primaryimage"},"thumbnailUrl":"https:\/\/www.siau.cat\/wp-content\/uploads\/2023\/11\/atacs-seu-STEI-1024x1024.jpeg","articleSection":["Uncategorized"],"inLanguage":"ca"},{"@type":"WebPage","@id":"https:\/\/www.siau.cat\/index.php\/2023\/11\/07\/siau-condemna-els-atacs-feixistes-que-ha-rebut-durant-la-matinada-davui-la-seu-de-lstei\/","url":"https:\/\/www.siau.cat\/index.php\/2023\/11\/07\/siau-condemna-els-atacs-feixistes-que-ha-rebut-durant-la-matinada-davui-la-seu-de-lstei\/","name":"SIAU condemna els atacs feixistes que ha rebut durant la matinada d\u2019avui la seu de l\u2019STEI &#8212; SIAU - SINDICAT INDEPENDENT, AUT\u00d2NOM I UNITARI","isPartOf":{"@id":"https:\/\/www.siau.cat\/#website"},"primaryImageOfPage":{"@id":"https:\/\/www.siau.cat\/index.php\/2023\/11\/07\/siau-condemna-els-atacs-feixistes-que-ha-rebut-durant-la-matinada-davui-la-seu-de-lstei\/#primaryimage"},"image":{"@id":"https:\/\/www.siau.cat\/index.php\/2023\/11\/07\/siau-condemna-els-atacs-feixistes-que-ha-rebut-durant-la-matinada-davui-la-seu-de-lstei\/#primaryimage"},"thumbnailUrl":"https:\/\/www.siau.cat\/wp-content\/uploads\/2023\/11\/atacs-seu-STEI-1024x1024.jpeg","datePublished":"2023-11-07T09:12:31+00:00","dateModified":"2023-11-07T09:12:33+00:00","breadcrumb":{"@id":"https:\/\/www.siau.cat\/index.php\/2023\/11\/07\/siau-condemna-els-atacs-feixistes-que-ha-rebut-durant-la-matinada-davui-la-seu-de-lstei\/#breadcrumb"},"inLanguage":"ca","potentialAction":[{"@type":"ReadAction","target":["https:\/\/www.siau.cat\/index.php\/2023\/11\/07\/siau-condemna-els-atacs-feixistes-que-ha-rebut-durant-la-matinada-davui-la-seu-de-lstei\/"]}]},{"@type":"ImageObject","inLanguage":"ca","@id":"https:\/\/www.siau.cat\/index.php\/2023\/11\/07\/siau-condemna-els-atacs-feixistes-que-ha-rebut-durant-la-matinada-davui-la-seu-de-lstei\/#primaryimage","url":"https:\/\/www.siau.cat\/wp-content\/uploads\/2023\/11\/atacs-seu-STEI-1024x1024.jpeg","contentUrl":"https:\/\/www.siau.cat\/wp-content\/uploads\/2023\/11\/atacs-seu-STEI-1024x1024.jpeg"},{"@type":"BreadcrumbList","@id":"https:\/\/www.siau.cat\/index.php\/2023\/11\/07\/siau-condemna-els-atacs-feixistes-que-ha-rebut-durant-la-matinada-davui-la-seu-de-lstei\/#breadcrumb","itemListElement":[{"@type":"ListItem","position":1,"name":"Inici","item":"https:\/\/www.siau.cat\/"},{"@type":"ListItem","position":2,"name":"SIAU condemna els atacs feixistes que ha rebut durant la matinada d\u2019avui la seu de l\u2019STEI"}]},{"@type":"WebSite","@id":"https:\/\/www.siau.cat\/#website","url":"https:\/\/www.siau.cat\/","name":"SIAU - SINDICAT INDEPENDENT, AUT\u00d2NOM I UNITARI","description":"Ara s&iacute; que tenim la veu","publisher":{"@id":"https:\/\/www.siau.cat\/#organization"},"potentialAction":[{"@type":"SearchAction","target":{"@type":"EntryPoint","urlTemplate":"https:\/\/www.siau.cat\/?s={search_term_string}"},"query-input":{"@type":"PropertyValueSpecification","valueRequired":true,"valueName":"search_term_string"}}],"inLanguage":"ca"},{"@type":"Organization","@id":"https:\/\/www.siau.cat\/#organization","name":"SIAU","url":"https:\/\/www.siau.cat\/","logo":{"@type":"ImageObject","inLanguage":"ca","@id":"https:\/\/www.siau.cat\/#\/schema\/logo\/image\/","url":"https:\/\/www.siau.cat\/wp-content\/uploads\/2022\/03\/cropped-resized_LOGO-SIAU-5-e1652020847972.jpg","contentUrl":"https:\/\/www.siau.cat\/wp-content\/uploads\/2022\/03\/cropped-resized_LOGO-SIAU-5-e1652020847972.jpg","width":1600,"height":1200,"caption":"SIAU"},"image":{"@id":"https:\/\/www.siau.cat\/#\/schema\/logo\/image\/"}},{"@type":"Person","@id":"https:\/\/www.siau.cat\/#\/schema\/person\/810c15694a7e538934bb4be53ebcba0d","name":"admin","image":{"@type":"ImageObject","inLanguage":"ca","@id":"https:\/\/www.siau.cat\/#\/schema\/person\/image\/","url":"https:\/\/www.siau.cat\/wp-content\/litespeed\/avatar\/d73ebfac3daa0b52552b2ccea63469da.jpg?ver=1777403609","contentUrl":"https:\/\/www.siau.cat\/wp-content\/litespeed\/avatar\/d73ebfac3daa0b52552b2ccea63469da.jpg?ver=1777403609","caption":"admin"},"sameAs":["https:\/\/www.siau.cat"],"url":"https:\/\/www.siau.cat\/index.php\/author\/admin\/"}]}},"jetpack_featured_media_url":"","jetpack_sharing_enabled":true,"_links":{"self":[{"href":"https:\/\/www.siau.cat\/index.php\/wp-json\/wp\/v2\/posts\/1024","targetHints":{"allow":["GET"]}}],"collection":[{"href":"https:\/\/www.siau.cat\/index.php\/wp-json\/wp\/v2\/posts"}],"about":[{"href":"https:\/\/www.siau.cat\/index.php\/wp-json\/wp\/v2\/types\/post"}],"author":[{"embeddable":true,"href":"https:\/\/www.siau.cat\/index.php\/wp-json\/wp\/v2\/users\/1"}],"replies":[{"embeddable":true,"href":"https:\/\/www.siau.cat\/index.php\/wp-json\/wp\/v2\/comments?post=1024"}],"version-history":[{"count":1,"href":"https:\/\/www.siau.cat\/index.php\/wp-json\/wp\/v2\/posts\/1024\/revisions"}],"predecessor-version":[{"id":1026,"href":"https:\/\/www.siau.cat\/index.php\/wp-json\/wp\/v2\/posts\/1024\/revisions\/1026"}],"wp:attachment":[{"href":"https:\/\/www.siau.cat\/index.php\/wp-json\/wp\/v2\/media?parent=1024"}],"wp:term":[{"taxonomy":"category","embeddable":true,"href":"https:\/\/www.siau.cat\/index.php\/wp-json\/wp\/v2\/categories?post=1024"},{"taxonomy":"post_tag","embeddable":true,"href":"https:\/\/www.siau.cat\/index.php\/wp-json\/wp\/v2\/tags?post=1024"}],"curies":[{"name":"wp","href":"https:\/\/api.w.org\/{rel}","templated":true}]}}