{"id":1032,"date":"2023-11-28T11:53:55","date_gmt":"2023-11-28T11:53:55","guid":{"rendered":"https:\/\/www.siau.cat\/?p=1032"},"modified":"2023-11-28T12:26:43","modified_gmt":"2023-11-28T12:26:43","slug":"siau-sestrena-en-el-consell-escolar-de-les-illes-balears-ceib","status":"publish","type":"post","link":"https:\/\/www.siau.cat\/index.php\/2023\/11\/28\/siau-sestrena-en-el-consell-escolar-de-les-illes-balears-ceib\/","title":{"rendered":"SIAU s\u2019estrena en el Consell Escolar de les Illes Balears (CEIB)"},"content":{"rendered":"\n<figure class=\"wp-block-image size-large\"><img loading=\"lazy\" decoding=\"async\" width=\"1024\" height=\"768\" src=\"https:\/\/www.siau.cat\/wp-content\/uploads\/2023\/11\/CEIB-1024x768.jpg\" alt=\"\" class=\"wp-image-1033\" srcset=\"https:\/\/www.siau.cat\/wp-content\/uploads\/2023\/11\/CEIB-1024x768.jpg 1024w, https:\/\/www.siau.cat\/wp-content\/uploads\/2023\/11\/CEIB-scaled-350x263.jpg 350w, https:\/\/www.siau.cat\/wp-content\/uploads\/2023\/11\/CEIB-300x225.jpg 300w, https:\/\/www.siau.cat\/wp-content\/uploads\/2023\/11\/CEIB-768x576.jpg 768w, https:\/\/www.siau.cat\/wp-content\/uploads\/2023\/11\/CEIB-1536x1152.jpg 1536w, https:\/\/www.siau.cat\/wp-content\/uploads\/2023\/11\/CEIB-2048x1536.jpg 2048w, https:\/\/www.siau.cat\/wp-content\/uploads\/2023\/11\/CEIB-24x18.jpg 24w, https:\/\/www.siau.cat\/wp-content\/uploads\/2023\/11\/CEIB-36x27.jpg 36w, https:\/\/www.siau.cat\/wp-content\/uploads\/2023\/11\/CEIB-48x36.jpg 48w\" sizes=\"auto, (max-width: 767px) 89vw, (max-width: 1000px) 54vw, (max-width: 1071px) 543px, 580px\" \/><figcaption class=\"wp-element-caption\">Plenari del CEIB de dia 27 de novembre de 2023<\/figcaption><\/figure>\n\n\n\n<p class=\"has-text-align-justify\">Ahir va quedar constitu\u00eft el nou CEIB, on els consellers i conselleres feren la presa de possessi\u00f3 i recolliren les corresponents credencials. El conseller d\u2019Educaci\u00f3 i Universitats va presentar els nous pressuposts per a l\u2019any 2024 i respongu\u00e9 les preguntes que li f\u00e9rem.<\/p>\n\n\n\n<p class=\"has-text-align-justify\">Ara que oficialment SIAU forma part del CEIB, just un any despr\u00e9s de la celebraci\u00f3 de les eleccions sindicals, veim m\u00e9s necessari que mai poder afrontar diverses q\u00fcestions, com les que ahir ja plantej\u00e0rem al conseller. A la nostra intervenci\u00f3 deman\u00e0rem al Sr. Vera que no cedeixi a les pressions de certs grupuscles entorn de la llengua catalana i que es respectin els Projectes Ling\u00fc\u00edstics de Centre. Igualment, explic\u00e0rem que \u00e9s necessari que s\u2019arribi al 7% del PIB a la partida pressupost\u00e0ria d\u2019educaci\u00f3, tal com recomana la UNESCO. No es poden tornar a repetir les imatges que hem vist de docents dormint dins cotxes perqu\u00e8 no troben un allotjament digne quan agafen una pla\u00e7a; la problem\u00e0tica de l\u2019habitatge encara \u00e9s present. Tamb\u00e9 explic\u00e0rem que \u00e9s imprescindible dignificar la tasca docent i li deman\u00e0rem al conseller com pensava aconseguir-ho. \u00c9s necessari que el nostre col\u00b7lectiu torni a recuperar el prestigi social que ha perdut. Recordem que la pand\u00e8mia de la COVID \u00e9s molt recent i gran part del professorat qued\u00e0 esgotat amb tot el que va implicar (sobretot m\u00e9s paperassa i impossibilitat de desconnexi\u00f3). De les respostes del conseller arrib\u00e0rem a la conclusi\u00f3 que al 7% del PIB que recomana la UNESCO no s\u2019hi arribar\u00e0 durant aquesta legislatura, tamb\u00e9 que hi ha un comprom\u00eds per dur a terme una desburocratitzaci\u00f3 i resoldre la problem\u00e0tica entorn de l\u2019habitatge (m\u00e9s enll\u00e0 que tot aix\u00f2 s\u2019acabi, o no, materialitzant). De la mateixa manera, ens va respondre que era imprescindible aprovar un Estatut del Docent per tal de poder dignificar la tasca del nostre col\u00b7lectiu i que no faran canviar els Projectes Ling\u00fc\u00edstics de Centre. Veurem si \u00e9s cert o no, nosaltres insistim que no permetrem cap atac a la nostra llengua.<\/p>\n\n\n\n<p class=\"has-text-align-justify\">El Plenari va durar tres hores i quart, no obstant aix\u00f2, hi ha molts de temes importants que no es pogueren tractar. Des de SIAU som totalment conscients que els mesos que s\u2019acosten seran m\u00e9s decisius que mai!<\/p>\n","protected":false},"excerpt":{"rendered":"<p>Ahir va quedar constitu\u00eft el nou CEIB, on els consellers i conselleres feren la presa de possessi\u00f3 i recolliren les corresponents credencials. El conseller d\u2019Educaci\u00f3 i Universitats va presentar els nous pressuposts per a l\u2019any 2024 i respongu\u00e9 les preguntes que li f\u00e9rem. Ara que oficialment SIAU forma part del CEIB, just un any despr\u00e9s &hellip; <\/p>\n<p class=\"link-more\"><a href=\"https:\/\/www.siau.cat\/index.php\/2023\/11\/28\/siau-sestrena-en-el-consell-escolar-de-les-illes-balears-ceib\/\" class=\"more-link\">Continua llegint <span class=\"screen-reader-text\">\u00abSIAU s\u2019estrena en el Consell Escolar de les Illes Balears (CEIB)\u00bb<\/span><\/a><\/p>\n","protected":false},"author":1,"featured_media":0,"comment_status":"closed","ping_status":"open","sticky":false,"template":"","format":"standard","meta":{"_jetpack_memberships_contains_paid_content":false,"footnotes":""},"categories":[1],"tags":[],"class_list":["post-1032","post","type-post","status-publish","format-standard","hentry","category-uncategorized"],"yoast_head":"<!-- This site is optimized with the Yoast SEO plugin v25.4 - https:\/\/yoast.com\/wordpress\/plugins\/seo\/ -->\n<title>SIAU s\u2019estrena en el Consell Escolar de les Illes Balears (CEIB) &#8212; SIAU - SINDICAT INDEPENDENT, AUT\u00d2NOM I UNITARI<\/title>\n<meta name=\"robots\" content=\"index, follow, max-snippet:-1, max-image-preview:large, max-video-preview:-1\" \/>\n<link rel=\"canonical\" href=\"https:\/\/www.siau.cat\/index.php\/2023\/11\/28\/siau-sestrena-en-el-consell-escolar-de-les-illes-balears-ceib\/\" \/>\n<meta property=\"og:locale\" content=\"ca_ES\" \/>\n<meta property=\"og:type\" content=\"article\" \/>\n<meta property=\"og:title\" content=\"SIAU s\u2019estrena en el Consell Escolar de les Illes Balears (CEIB) &#8212; SIAU - SINDICAT INDEPENDENT, AUT\u00d2NOM I UNITARI\" \/>\n<meta property=\"og:description\" content=\"Ahir va quedar constitu\u00eft el nou CEIB, on els consellers i conselleres feren la presa de possessi\u00f3 i recolliren les corresponents credencials. El conseller d\u2019Educaci\u00f3 i Universitats va presentar els nous pressuposts per a l\u2019any 2024 i respongu\u00e9 les preguntes que li f\u00e9rem. Ara que oficialment SIAU forma part del CEIB, just un any despr\u00e9s &hellip; Continua llegint \u00abSIAU s\u2019estrena en el Consell Escolar de les Illes Balears (CEIB)\u00bb\" \/>\n<meta property=\"og:url\" content=\"https:\/\/www.siau.cat\/index.php\/2023\/11\/28\/siau-sestrena-en-el-consell-escolar-de-les-illes-balears-ceib\/\" \/>\n<meta property=\"og:site_name\" content=\"SIAU - SINDICAT INDEPENDENT, AUT\u00d2NOM I UNITARI\" \/>\n<meta property=\"article:published_time\" content=\"2023-11-28T11:53:55+00:00\" \/>\n<meta property=\"article:modified_time\" content=\"2023-11-28T12:26:43+00:00\" \/>\n<meta property=\"og:image\" content=\"https:\/\/www.siau.cat\/wp-content\/uploads\/2023\/11\/CEIB-1024x768.jpg\" \/>\n<meta name=\"author\" content=\"admin\" \/>\n<meta name=\"twitter:card\" content=\"summary_large_image\" \/>\n<meta name=\"twitter:label1\" content=\"Escrit per\" \/>\n\t<meta name=\"twitter:data1\" content=\"admin\" \/>\n\t<meta name=\"twitter:label2\" content=\"Temps estimat de lectura\" \/>\n\t<meta name=\"twitter:data2\" content=\"3 minuts\" \/>\n<script type=\"application\/ld+json\" class=\"yoast-schema-graph\">{\"@context\":\"https:\/\/schema.org\",\"@graph\":[{\"@type\":\"Article\",\"@id\":\"https:\/\/www.siau.cat\/index.php\/2023\/11\/28\/siau-sestrena-en-el-consell-escolar-de-les-illes-balears-ceib\/#article\",\"isPartOf\":{\"@id\":\"https:\/\/www.siau.cat\/index.php\/2023\/11\/28\/siau-sestrena-en-el-consell-escolar-de-les-illes-balears-ceib\/\"},\"author\":{\"name\":\"admin\",\"@id\":\"https:\/\/www.siau.cat\/#\/schema\/person\/810c15694a7e538934bb4be53ebcba0d\"},\"headline\":\"SIAU s\u2019estrena en el Consell Escolar de les Illes Balears (CEIB)\",\"datePublished\":\"2023-11-28T11:53:55+00:00\",\"dateModified\":\"2023-11-28T12:26:43+00:00\",\"mainEntityOfPage\":{\"@id\":\"https:\/\/www.siau.cat\/index.php\/2023\/11\/28\/siau-sestrena-en-el-consell-escolar-de-les-illes-balears-ceib\/\"},\"wordCount\":418,\"publisher\":{\"@id\":\"https:\/\/www.siau.cat\/#organization\"},\"image\":{\"@id\":\"https:\/\/www.siau.cat\/index.php\/2023\/11\/28\/siau-sestrena-en-el-consell-escolar-de-les-illes-balears-ceib\/#primaryimage\"},\"thumbnailUrl\":\"https:\/\/www.siau.cat\/wp-content\/uploads\/2023\/11\/CEIB-1024x768.jpg\",\"articleSection\":[\"Uncategorized\"],\"inLanguage\":\"ca\"},{\"@type\":\"WebPage\",\"@id\":\"https:\/\/www.siau.cat\/index.php\/2023\/11\/28\/siau-sestrena-en-el-consell-escolar-de-les-illes-balears-ceib\/\",\"url\":\"https:\/\/www.siau.cat\/index.php\/2023\/11\/28\/siau-sestrena-en-el-consell-escolar-de-les-illes-balears-ceib\/\",\"name\":\"SIAU s\u2019estrena en el Consell Escolar de les Illes Balears (CEIB) &#8212; SIAU - SINDICAT INDEPENDENT, AUT\u00d2NOM I UNITARI\",\"isPartOf\":{\"@id\":\"https:\/\/www.siau.cat\/#website\"},\"primaryImageOfPage\":{\"@id\":\"https:\/\/www.siau.cat\/index.php\/2023\/11\/28\/siau-sestrena-en-el-consell-escolar-de-les-illes-balears-ceib\/#primaryimage\"},\"image\":{\"@id\":\"https:\/\/www.siau.cat\/index.php\/2023\/11\/28\/siau-sestrena-en-el-consell-escolar-de-les-illes-balears-ceib\/#primaryimage\"},\"thumbnailUrl\":\"https:\/\/www.siau.cat\/wp-content\/uploads\/2023\/11\/CEIB-1024x768.jpg\",\"datePublished\":\"2023-11-28T11:53:55+00:00\",\"dateModified\":\"2023-11-28T12:26:43+00:00\",\"breadcrumb\":{\"@id\":\"https:\/\/www.siau.cat\/index.php\/2023\/11\/28\/siau-sestrena-en-el-consell-escolar-de-les-illes-balears-ceib\/#breadcrumb\"},\"inLanguage\":\"ca\",\"potentialAction\":[{\"@type\":\"ReadAction\",\"target\":[\"https:\/\/www.siau.cat\/index.php\/2023\/11\/28\/siau-sestrena-en-el-consell-escolar-de-les-illes-balears-ceib\/\"]}]},{\"@type\":\"ImageObject\",\"inLanguage\":\"ca\",\"@id\":\"https:\/\/www.siau.cat\/index.php\/2023\/11\/28\/siau-sestrena-en-el-consell-escolar-de-les-illes-balears-ceib\/#primaryimage\",\"url\":\"https:\/\/www.siau.cat\/wp-content\/uploads\/2023\/11\/CEIB-scaled.jpg\",\"contentUrl\":\"https:\/\/www.siau.cat\/wp-content\/uploads\/2023\/11\/CEIB-scaled.jpg\",\"width\":2560,\"height\":1920},{\"@type\":\"BreadcrumbList\",\"@id\":\"https:\/\/www.siau.cat\/index.php\/2023\/11\/28\/siau-sestrena-en-el-consell-escolar-de-les-illes-balears-ceib\/#breadcrumb\",\"itemListElement\":[{\"@type\":\"ListItem\",\"position\":1,\"name\":\"Inici\",\"item\":\"https:\/\/www.siau.cat\/\"},{\"@type\":\"ListItem\",\"position\":2,\"name\":\"SIAU s\u2019estrena en el Consell Escolar de les Illes Balears (CEIB)\"}]},{\"@type\":\"WebSite\",\"@id\":\"https:\/\/www.siau.cat\/#website\",\"url\":\"https:\/\/www.siau.cat\/\",\"name\":\"SIAU - SINDICAT INDEPENDENT, AUT\u00d2NOM I UNITARI\",\"description\":\"Ara s&iacute; que tenim la veu\",\"publisher\":{\"@id\":\"https:\/\/www.siau.cat\/#organization\"},\"potentialAction\":[{\"@type\":\"SearchAction\",\"target\":{\"@type\":\"EntryPoint\",\"urlTemplate\":\"https:\/\/www.siau.cat\/?s={search_term_string}\"},\"query-input\":{\"@type\":\"PropertyValueSpecification\",\"valueRequired\":true,\"valueName\":\"search_term_string\"}}],\"inLanguage\":\"ca\"},{\"@type\":\"Organization\",\"@id\":\"https:\/\/www.siau.cat\/#organization\",\"name\":\"SIAU\",\"url\":\"https:\/\/www.siau.cat\/\",\"logo\":{\"@type\":\"ImageObject\",\"inLanguage\":\"ca\",\"@id\":\"https:\/\/www.siau.cat\/#\/schema\/logo\/image\/\",\"url\":\"https:\/\/www.siau.cat\/wp-content\/uploads\/2022\/03\/cropped-resized_LOGO-SIAU-5-e1652020847972.jpg\",\"contentUrl\":\"https:\/\/www.siau.cat\/wp-content\/uploads\/2022\/03\/cropped-resized_LOGO-SIAU-5-e1652020847972.jpg\",\"width\":1600,\"height\":1200,\"caption\":\"SIAU\"},\"image\":{\"@id\":\"https:\/\/www.siau.cat\/#\/schema\/logo\/image\/\"}},{\"@type\":\"Person\",\"@id\":\"https:\/\/www.siau.cat\/#\/schema\/person\/810c15694a7e538934bb4be53ebcba0d\",\"name\":\"admin\",\"image\":{\"@type\":\"ImageObject\",\"inLanguage\":\"ca\",\"@id\":\"https:\/\/www.siau.cat\/#\/schema\/person\/image\/\",\"url\":\"https:\/\/www.siau.cat\/wp-content\/litespeed\/avatar\/d73ebfac3daa0b52552b2ccea63469da.jpg?ver=1777403609\",\"contentUrl\":\"https:\/\/www.siau.cat\/wp-content\/litespeed\/avatar\/d73ebfac3daa0b52552b2ccea63469da.jpg?ver=1777403609\",\"caption\":\"admin\"},\"sameAs\":[\"https:\/\/www.siau.cat\"],\"url\":\"https:\/\/www.siau.cat\/index.php\/author\/admin\/\"}]}<\/script>\n<!-- \/ Yoast SEO plugin. -->","yoast_head_json":{"title":"SIAU s\u2019estrena en el Consell Escolar de les Illes Balears (CEIB) &#8212; SIAU - SINDICAT INDEPENDENT, AUT\u00d2NOM I UNITARI","robots":{"index":"index","follow":"follow","max-snippet":"max-snippet:-1","max-image-preview":"max-image-preview:large","max-video-preview":"max-video-preview:-1"},"canonical":"https:\/\/www.siau.cat\/index.php\/2023\/11\/28\/siau-sestrena-en-el-consell-escolar-de-les-illes-balears-ceib\/","og_locale":"ca_ES","og_type":"article","og_title":"SIAU s\u2019estrena en el Consell Escolar de les Illes Balears (CEIB) &#8212; SIAU - SINDICAT INDEPENDENT, AUT\u00d2NOM I UNITARI","og_description":"Ahir va quedar constitu\u00eft el nou CEIB, on els consellers i conselleres feren la presa de possessi\u00f3 i recolliren les corresponents credencials. El conseller d\u2019Educaci\u00f3 i Universitats va presentar els nous pressuposts per a l\u2019any 2024 i respongu\u00e9 les preguntes que li f\u00e9rem. Ara que oficialment SIAU forma part del CEIB, just un any despr\u00e9s &hellip; Continua llegint \u00abSIAU s\u2019estrena en el Consell Escolar de les Illes Balears (CEIB)\u00bb","og_url":"https:\/\/www.siau.cat\/index.php\/2023\/11\/28\/siau-sestrena-en-el-consell-escolar-de-les-illes-balears-ceib\/","og_site_name":"SIAU - SINDICAT INDEPENDENT, AUT\u00d2NOM I UNITARI","article_published_time":"2023-11-28T11:53:55+00:00","article_modified_time":"2023-11-28T12:26:43+00:00","og_image":[{"url":"https:\/\/www.siau.cat\/wp-content\/uploads\/2023\/11\/CEIB-1024x768.jpg","type":"","width":"","height":""}],"author":"admin","twitter_card":"summary_large_image","twitter_misc":{"Escrit per":"admin","Temps estimat de lectura":"3 minuts"},"schema":{"@context":"https:\/\/schema.org","@graph":[{"@type":"Article","@id":"https:\/\/www.siau.cat\/index.php\/2023\/11\/28\/siau-sestrena-en-el-consell-escolar-de-les-illes-balears-ceib\/#article","isPartOf":{"@id":"https:\/\/www.siau.cat\/index.php\/2023\/11\/28\/siau-sestrena-en-el-consell-escolar-de-les-illes-balears-ceib\/"},"author":{"name":"admin","@id":"https:\/\/www.siau.cat\/#\/schema\/person\/810c15694a7e538934bb4be53ebcba0d"},"headline":"SIAU s\u2019estrena en el Consell Escolar de les Illes Balears (CEIB)","datePublished":"2023-11-28T11:53:55+00:00","dateModified":"2023-11-28T12:26:43+00:00","mainEntityOfPage":{"@id":"https:\/\/www.siau.cat\/index.php\/2023\/11\/28\/siau-sestrena-en-el-consell-escolar-de-les-illes-balears-ceib\/"},"wordCount":418,"publisher":{"@id":"https:\/\/www.siau.cat\/#organization"},"image":{"@id":"https:\/\/www.siau.cat\/index.php\/2023\/11\/28\/siau-sestrena-en-el-consell-escolar-de-les-illes-balears-ceib\/#primaryimage"},"thumbnailUrl":"https:\/\/www.siau.cat\/wp-content\/uploads\/2023\/11\/CEIB-1024x768.jpg","articleSection":["Uncategorized"],"inLanguage":"ca"},{"@type":"WebPage","@id":"https:\/\/www.siau.cat\/index.php\/2023\/11\/28\/siau-sestrena-en-el-consell-escolar-de-les-illes-balears-ceib\/","url":"https:\/\/www.siau.cat\/index.php\/2023\/11\/28\/siau-sestrena-en-el-consell-escolar-de-les-illes-balears-ceib\/","name":"SIAU s\u2019estrena en el Consell Escolar de les Illes Balears (CEIB) &#8212; SIAU - SINDICAT INDEPENDENT, AUT\u00d2NOM I UNITARI","isPartOf":{"@id":"https:\/\/www.siau.cat\/#website"},"primaryImageOfPage":{"@id":"https:\/\/www.siau.cat\/index.php\/2023\/11\/28\/siau-sestrena-en-el-consell-escolar-de-les-illes-balears-ceib\/#primaryimage"},"image":{"@id":"https:\/\/www.siau.cat\/index.php\/2023\/11\/28\/siau-sestrena-en-el-consell-escolar-de-les-illes-balears-ceib\/#primaryimage"},"thumbnailUrl":"https:\/\/www.siau.cat\/wp-content\/uploads\/2023\/11\/CEIB-1024x768.jpg","datePublished":"2023-11-28T11:53:55+00:00","dateModified":"2023-11-28T12:26:43+00:00","breadcrumb":{"@id":"https:\/\/www.siau.cat\/index.php\/2023\/11\/28\/siau-sestrena-en-el-consell-escolar-de-les-illes-balears-ceib\/#breadcrumb"},"inLanguage":"ca","potentialAction":[{"@type":"ReadAction","target":["https:\/\/www.siau.cat\/index.php\/2023\/11\/28\/siau-sestrena-en-el-consell-escolar-de-les-illes-balears-ceib\/"]}]},{"@type":"ImageObject","inLanguage":"ca","@id":"https:\/\/www.siau.cat\/index.php\/2023\/11\/28\/siau-sestrena-en-el-consell-escolar-de-les-illes-balears-ceib\/#primaryimage","url":"https:\/\/www.siau.cat\/wp-content\/uploads\/2023\/11\/CEIB-scaled.jpg","contentUrl":"https:\/\/www.siau.cat\/wp-content\/uploads\/2023\/11\/CEIB-scaled.jpg","width":2560,"height":1920},{"@type":"BreadcrumbList","@id":"https:\/\/www.siau.cat\/index.php\/2023\/11\/28\/siau-sestrena-en-el-consell-escolar-de-les-illes-balears-ceib\/#breadcrumb","itemListElement":[{"@type":"ListItem","position":1,"name":"Inici","item":"https:\/\/www.siau.cat\/"},{"@type":"ListItem","position":2,"name":"SIAU s\u2019estrena en el Consell Escolar de les Illes Balears (CEIB)"}]},{"@type":"WebSite","@id":"https:\/\/www.siau.cat\/#website","url":"https:\/\/www.siau.cat\/","name":"SIAU - SINDICAT INDEPENDENT, AUT\u00d2NOM I UNITARI","description":"Ara s&iacute; que tenim la veu","publisher":{"@id":"https:\/\/www.siau.cat\/#organization"},"potentialAction":[{"@type":"SearchAction","target":{"@type":"EntryPoint","urlTemplate":"https:\/\/www.siau.cat\/?s={search_term_string}"},"query-input":{"@type":"PropertyValueSpecification","valueRequired":true,"valueName":"search_term_string"}}],"inLanguage":"ca"},{"@type":"Organization","@id":"https:\/\/www.siau.cat\/#organization","name":"SIAU","url":"https:\/\/www.siau.cat\/","logo":{"@type":"ImageObject","inLanguage":"ca","@id":"https:\/\/www.siau.cat\/#\/schema\/logo\/image\/","url":"https:\/\/www.siau.cat\/wp-content\/uploads\/2022\/03\/cropped-resized_LOGO-SIAU-5-e1652020847972.jpg","contentUrl":"https:\/\/www.siau.cat\/wp-content\/uploads\/2022\/03\/cropped-resized_LOGO-SIAU-5-e1652020847972.jpg","width":1600,"height":1200,"caption":"SIAU"},"image":{"@id":"https:\/\/www.siau.cat\/#\/schema\/logo\/image\/"}},{"@type":"Person","@id":"https:\/\/www.siau.cat\/#\/schema\/person\/810c15694a7e538934bb4be53ebcba0d","name":"admin","image":{"@type":"ImageObject","inLanguage":"ca","@id":"https:\/\/www.siau.cat\/#\/schema\/person\/image\/","url":"https:\/\/www.siau.cat\/wp-content\/litespeed\/avatar\/d73ebfac3daa0b52552b2ccea63469da.jpg?ver=1777403609","contentUrl":"https:\/\/www.siau.cat\/wp-content\/litespeed\/avatar\/d73ebfac3daa0b52552b2ccea63469da.jpg?ver=1777403609","caption":"admin"},"sameAs":["https:\/\/www.siau.cat"],"url":"https:\/\/www.siau.cat\/index.php\/author\/admin\/"}]}},"jetpack_featured_media_url":"","jetpack_sharing_enabled":true,"_links":{"self":[{"href":"https:\/\/www.siau.cat\/index.php\/wp-json\/wp\/v2\/posts\/1032","targetHints":{"allow":["GET"]}}],"collection":[{"href":"https:\/\/www.siau.cat\/index.php\/wp-json\/wp\/v2\/posts"}],"about":[{"href":"https:\/\/www.siau.cat\/index.php\/wp-json\/wp\/v2\/types\/post"}],"author":[{"embeddable":true,"href":"https:\/\/www.siau.cat\/index.php\/wp-json\/wp\/v2\/users\/1"}],"replies":[{"embeddable":true,"href":"https:\/\/www.siau.cat\/index.php\/wp-json\/wp\/v2\/comments?post=1032"}],"version-history":[{"count":2,"href":"https:\/\/www.siau.cat\/index.php\/wp-json\/wp\/v2\/posts\/1032\/revisions"}],"predecessor-version":[{"id":1035,"href":"https:\/\/www.siau.cat\/index.php\/wp-json\/wp\/v2\/posts\/1032\/revisions\/1035"}],"wp:attachment":[{"href":"https:\/\/www.siau.cat\/index.php\/wp-json\/wp\/v2\/media?parent=1032"}],"wp:term":[{"taxonomy":"category","embeddable":true,"href":"https:\/\/www.siau.cat\/index.php\/wp-json\/wp\/v2\/categories?post=1032"},{"taxonomy":"post_tag","embeddable":true,"href":"https:\/\/www.siau.cat\/index.php\/wp-json\/wp\/v2\/tags?post=1032"}],"curies":[{"name":"wp","href":"https:\/\/api.w.org\/{rel}","templated":true}]}}