{"id":1052,"date":"2024-02-01T18:51:00","date_gmt":"2024-02-01T18:51:00","guid":{"rendered":"https:\/\/www.siau.cat\/?p=1052"},"modified":"2024-02-01T18:54:11","modified_gmt":"2024-02-01T18:54:11","slug":"no-oblidam-qui-erem-qui-estam-i-qui-estarem","status":"publish","type":"post","link":"https:\/\/www.siau.cat\/index.php\/2024\/02\/01\/no-oblidam-qui-erem-qui-estam-i-qui-estarem\/","title":{"rendered":"No oblidam qui hi \u00e9rem, qui hi estam i qui hi estarem"},"content":{"rendered":"\n<figure class=\"wp-block-image size-full\"><img loading=\"lazy\" decoding=\"async\" width=\"1024\" height=\"579\" src=\"https:\/\/www.siau.cat\/wp-content\/uploads\/2024\/02\/Intervencio-seguretat-Conselleria-1024x579-1.png\" alt=\"\" class=\"wp-image-1053\" srcset=\"https:\/\/www.siau.cat\/wp-content\/uploads\/2024\/02\/Intervencio-seguretat-Conselleria-1024x579-1.png 1024w, https:\/\/www.siau.cat\/wp-content\/uploads\/2024\/02\/Intervencio-seguretat-Conselleria-1024x579-1-350x198.png 350w, https:\/\/www.siau.cat\/wp-content\/uploads\/2024\/02\/Intervencio-seguretat-Conselleria-1024x579-1-300x170.png 300w, https:\/\/www.siau.cat\/wp-content\/uploads\/2024\/02\/Intervencio-seguretat-Conselleria-1024x579-1-768x434.png 768w, https:\/\/www.siau.cat\/wp-content\/uploads\/2024\/02\/Intervencio-seguretat-Conselleria-1024x579-1-24x14.png 24w, https:\/\/www.siau.cat\/wp-content\/uploads\/2024\/02\/Intervencio-seguretat-Conselleria-1024x579-1-36x20.png 36w, https:\/\/www.siau.cat\/wp-content\/uploads\/2024\/02\/Intervencio-seguretat-Conselleria-1024x579-1-48x27.png 48w\" sizes=\"auto, (max-width: 767px) 89vw, (max-width: 1000px) 54vw, (max-width: 1071px) 543px, 580px\" \/><figcaption class=\"wp-element-caption\">Fotografia d&#8217;arxiu de 16 de maig de 2023<\/figcaption><\/figure>\n\n\n\n<p class=\"has-text-align-justify\">Aquests dies observem at\u00f2nits com alguns sindicats s\u2019intenten penjar la medalla perqu\u00e8 la Conselleria ha acceptat que els docents d\u2019FP que foren expulsats de la doc\u00e8ncia tornin a poder exercir amb el redactat de la nova convocat\u00f2ria d\u2019interins. Recordem que SIAU ha participat en diverses concentracions i actes, en els que fins i tot va intervenir la Policia Nacional (com us explic\u00e0rem el 16 de maig de 2023). Ho podeu comprovar, per exemple, en el seg\u00fcent enlla\u00e7: <a href=\"https:\/\/www.siau.cat\/index.php\/2023\/05\/16\/la-policia-nacional-interve-a-les-concentracions-de-siau-i-informa-de-la-necessitat-que-la-conselleria-sassegui-a-dialogar-amb-nosaltres\/\">https:\/\/www.siau.cat\/index.php\/2023\/05\/16\/la-policia-nacional-interve-a-les-concentracions-de-siau-i-informa-de-la-necessitat-que-la-conselleria-sassegui-a-dialogar-amb-nosaltres\/<\/a><\/p>\n\n\n\n<p class=\"has-text-align-justify\">Aix\u00ed i tot, no podem tirar coets perqu\u00e8 encara esperam l\u2019equiparament salarial dels docents del grup A2 respecte del grup A1. Almenys es podria pagar un complement a aquells docents que fent la mateixa feina continuen sent discriminats. Des de SIAU, continuarem exigint que es compleixin les promeses electorals. El que s\u00ed que tenen clar els companys nostres de formaci\u00f3 professional \u00e9s que aquells que els hi donaren l\u2019esquena fins ara no seran qui els hi retornin els drets perduts. Per tant, no oblidam qui hi \u00e9rem, qui hi estam i qui hi estarem. No serem nosaltres qui participem del postureig que alguns ara promocionen.<\/p>\n\n\n\n<p class=\"has-text-align-justify\">Tamb\u00e9, entorn dels canvis que ha sofert el barem de la nova convocat\u00f2ria d\u2019interins, queda clar que amb la nova regulaci\u00f3 molts docents es veuran abocats a haver d\u2019invertir en m\u00e9s cursos de formaci\u00f3 permanent. En comptes de frenar el negoci d\u2019alguns, es contribueix a potenciar-lo encara m\u00e9s. Un fet que es veia venir que passaria. Des de SIAU, som conscients que molts docents interins que abans arribaven al m\u00e0xim de punts, ara per arribar-hi s\u2019hauran de tornar a inscriure a cursos de formaci\u00f3 permanent; fet que no hauria passat si la puntuaci\u00f3 global s\u2019hagu\u00e9s mantingut en 32. Per frenar aquest desgavell hi ha diverses solucions i cap d\u2019elles passa per l\u2019immobilisme o l\u2019actual realitat.<\/p>\n\n\n\n<p class=\"has-text-align-justify\">Per acabar, no tot \u00e9s negatiu. Hi ha aspectes que consideram s\u00f3n positius, com ara (a part dels canvis que han possibilitat que companys nostres puguin recuperar la seva feina), la incorporaci\u00f3 de titulacions a l\u2019annex 4 que eren de sentit com\u00fa que hi fossin o la creaci\u00f3 d\u2019una comissi\u00f3 per anar actualitzant l\u2019annex 4 (comissi\u00f3 de la qual en podr\u00edem parlar extensament, per\u00f2 de moment no hi entrarem).<\/p>\n","protected":false},"excerpt":{"rendered":"<p>Aquests dies observem at\u00f2nits com alguns sindicats s\u2019intenten penjar la medalla perqu\u00e8 la Conselleria ha acceptat que els docents d\u2019FP que foren expulsats de la doc\u00e8ncia tornin a poder exercir amb el redactat de la nova convocat\u00f2ria d\u2019interins. Recordem que SIAU ha participat en diverses concentracions i actes, en els que fins i tot va &hellip; <\/p>\n<p class=\"link-more\"><a href=\"https:\/\/www.siau.cat\/index.php\/2024\/02\/01\/no-oblidam-qui-erem-qui-estam-i-qui-estarem\/\" class=\"more-link\">Continua llegint <span class=\"screen-reader-text\">\u00abNo oblidam qui hi \u00e9rem, qui hi estam i qui hi estarem\u00bb<\/span><\/a><\/p>\n","protected":false},"author":1,"featured_media":0,"comment_status":"closed","ping_status":"open","sticky":false,"template":"","format":"standard","meta":{"_jetpack_memberships_contains_paid_content":false,"footnotes":""},"categories":[1],"tags":[],"class_list":["post-1052","post","type-post","status-publish","format-standard","hentry","category-uncategorized"],"yoast_head":"<!-- This site is optimized with the Yoast SEO plugin v25.4 - https:\/\/yoast.com\/wordpress\/plugins\/seo\/ -->\n<title>No oblidam qui hi \u00e9rem, qui hi estam i qui hi estarem &#8212; SIAU - SINDICAT INDEPENDENT, AUT\u00d2NOM I UNITARI<\/title>\n<meta name=\"robots\" content=\"index, follow, max-snippet:-1, max-image-preview:large, max-video-preview:-1\" \/>\n<link rel=\"canonical\" href=\"https:\/\/www.siau.cat\/index.php\/2024\/02\/01\/no-oblidam-qui-erem-qui-estam-i-qui-estarem\/\" \/>\n<meta property=\"og:locale\" content=\"ca_ES\" \/>\n<meta property=\"og:type\" content=\"article\" \/>\n<meta property=\"og:title\" content=\"No oblidam qui hi \u00e9rem, qui hi estam i qui hi estarem &#8212; SIAU - SINDICAT INDEPENDENT, AUT\u00d2NOM I UNITARI\" \/>\n<meta property=\"og:description\" content=\"Aquests dies observem at\u00f2nits com alguns sindicats s\u2019intenten penjar la medalla perqu\u00e8 la Conselleria ha acceptat que els docents d\u2019FP que foren expulsats de la doc\u00e8ncia tornin a poder exercir amb el redactat de la nova convocat\u00f2ria d\u2019interins. Recordem que SIAU ha participat en diverses concentracions i actes, en els que fins i tot va &hellip; Continua llegint \u00abNo oblidam qui hi \u00e9rem, qui hi estam i qui hi estarem\u00bb\" \/>\n<meta property=\"og:url\" content=\"https:\/\/www.siau.cat\/index.php\/2024\/02\/01\/no-oblidam-qui-erem-qui-estam-i-qui-estarem\/\" \/>\n<meta property=\"og:site_name\" content=\"SIAU - SINDICAT INDEPENDENT, AUT\u00d2NOM I UNITARI\" \/>\n<meta property=\"article:published_time\" content=\"2024-02-01T18:51:00+00:00\" \/>\n<meta property=\"article:modified_time\" content=\"2024-02-01T18:54:11+00:00\" \/>\n<meta property=\"og:image\" content=\"https:\/\/www.siau.cat\/wp-content\/uploads\/2024\/02\/Intervencio-seguretat-Conselleria-1024x579-1.png\" \/>\n<meta name=\"author\" content=\"admin\" \/>\n<meta name=\"twitter:card\" content=\"summary_large_image\" \/>\n<meta name=\"twitter:label1\" content=\"Escrit per\" \/>\n\t<meta name=\"twitter:data1\" content=\"admin\" \/>\n\t<meta name=\"twitter:label2\" content=\"Temps estimat de lectura\" \/>\n\t<meta name=\"twitter:data2\" content=\"3 minuts\" \/>\n<script type=\"application\/ld+json\" class=\"yoast-schema-graph\">{\"@context\":\"https:\/\/schema.org\",\"@graph\":[{\"@type\":\"Article\",\"@id\":\"https:\/\/www.siau.cat\/index.php\/2024\/02\/01\/no-oblidam-qui-erem-qui-estam-i-qui-estarem\/#article\",\"isPartOf\":{\"@id\":\"https:\/\/www.siau.cat\/index.php\/2024\/02\/01\/no-oblidam-qui-erem-qui-estam-i-qui-estarem\/\"},\"author\":{\"name\":\"admin\",\"@id\":\"https:\/\/www.siau.cat\/#\/schema\/person\/810c15694a7e538934bb4be53ebcba0d\"},\"headline\":\"No oblidam qui hi \u00e9rem, qui hi estam i qui hi estarem\",\"datePublished\":\"2024-02-01T18:51:00+00:00\",\"dateModified\":\"2024-02-01T18:54:11+00:00\",\"mainEntityOfPage\":{\"@id\":\"https:\/\/www.siau.cat\/index.php\/2024\/02\/01\/no-oblidam-qui-erem-qui-estam-i-qui-estarem\/\"},\"wordCount\":415,\"publisher\":{\"@id\":\"https:\/\/www.siau.cat\/#organization\"},\"image\":{\"@id\":\"https:\/\/www.siau.cat\/index.php\/2024\/02\/01\/no-oblidam-qui-erem-qui-estam-i-qui-estarem\/#primaryimage\"},\"thumbnailUrl\":\"https:\/\/www.siau.cat\/wp-content\/uploads\/2024\/02\/Intervencio-seguretat-Conselleria-1024x579-1.png\",\"articleSection\":[\"Uncategorized\"],\"inLanguage\":\"ca\"},{\"@type\":\"WebPage\",\"@id\":\"https:\/\/www.siau.cat\/index.php\/2024\/02\/01\/no-oblidam-qui-erem-qui-estam-i-qui-estarem\/\",\"url\":\"https:\/\/www.siau.cat\/index.php\/2024\/02\/01\/no-oblidam-qui-erem-qui-estam-i-qui-estarem\/\",\"name\":\"No oblidam qui hi \u00e9rem, qui hi estam i qui hi estarem &#8212; SIAU - SINDICAT INDEPENDENT, AUT\u00d2NOM I UNITARI\",\"isPartOf\":{\"@id\":\"https:\/\/www.siau.cat\/#website\"},\"primaryImageOfPage\":{\"@id\":\"https:\/\/www.siau.cat\/index.php\/2024\/02\/01\/no-oblidam-qui-erem-qui-estam-i-qui-estarem\/#primaryimage\"},\"image\":{\"@id\":\"https:\/\/www.siau.cat\/index.php\/2024\/02\/01\/no-oblidam-qui-erem-qui-estam-i-qui-estarem\/#primaryimage\"},\"thumbnailUrl\":\"https:\/\/www.siau.cat\/wp-content\/uploads\/2024\/02\/Intervencio-seguretat-Conselleria-1024x579-1.png\",\"datePublished\":\"2024-02-01T18:51:00+00:00\",\"dateModified\":\"2024-02-01T18:54:11+00:00\",\"breadcrumb\":{\"@id\":\"https:\/\/www.siau.cat\/index.php\/2024\/02\/01\/no-oblidam-qui-erem-qui-estam-i-qui-estarem\/#breadcrumb\"},\"inLanguage\":\"ca\",\"potentialAction\":[{\"@type\":\"ReadAction\",\"target\":[\"https:\/\/www.siau.cat\/index.php\/2024\/02\/01\/no-oblidam-qui-erem-qui-estam-i-qui-estarem\/\"]}]},{\"@type\":\"ImageObject\",\"inLanguage\":\"ca\",\"@id\":\"https:\/\/www.siau.cat\/index.php\/2024\/02\/01\/no-oblidam-qui-erem-qui-estam-i-qui-estarem\/#primaryimage\",\"url\":\"https:\/\/www.siau.cat\/wp-content\/uploads\/2024\/02\/Intervencio-seguretat-Conselleria-1024x579-1.png\",\"contentUrl\":\"https:\/\/www.siau.cat\/wp-content\/uploads\/2024\/02\/Intervencio-seguretat-Conselleria-1024x579-1.png\",\"width\":1024,\"height\":579},{\"@type\":\"BreadcrumbList\",\"@id\":\"https:\/\/www.siau.cat\/index.php\/2024\/02\/01\/no-oblidam-qui-erem-qui-estam-i-qui-estarem\/#breadcrumb\",\"itemListElement\":[{\"@type\":\"ListItem\",\"position\":1,\"name\":\"Inici\",\"item\":\"https:\/\/www.siau.cat\/\"},{\"@type\":\"ListItem\",\"position\":2,\"name\":\"No oblidam qui hi \u00e9rem, qui hi estam i qui hi estarem\"}]},{\"@type\":\"WebSite\",\"@id\":\"https:\/\/www.siau.cat\/#website\",\"url\":\"https:\/\/www.siau.cat\/\",\"name\":\"SIAU - SINDICAT INDEPENDENT, AUT\u00d2NOM I UNITARI\",\"description\":\"Ara s&iacute; que tenim la veu\",\"publisher\":{\"@id\":\"https:\/\/www.siau.cat\/#organization\"},\"potentialAction\":[{\"@type\":\"SearchAction\",\"target\":{\"@type\":\"EntryPoint\",\"urlTemplate\":\"https:\/\/www.siau.cat\/?s={search_term_string}\"},\"query-input\":{\"@type\":\"PropertyValueSpecification\",\"valueRequired\":true,\"valueName\":\"search_term_string\"}}],\"inLanguage\":\"ca\"},{\"@type\":\"Organization\",\"@id\":\"https:\/\/www.siau.cat\/#organization\",\"name\":\"SIAU\",\"url\":\"https:\/\/www.siau.cat\/\",\"logo\":{\"@type\":\"ImageObject\",\"inLanguage\":\"ca\",\"@id\":\"https:\/\/www.siau.cat\/#\/schema\/logo\/image\/\",\"url\":\"https:\/\/www.siau.cat\/wp-content\/uploads\/2022\/03\/cropped-resized_LOGO-SIAU-5-e1652020847972.jpg\",\"contentUrl\":\"https:\/\/www.siau.cat\/wp-content\/uploads\/2022\/03\/cropped-resized_LOGO-SIAU-5-e1652020847972.jpg\",\"width\":1600,\"height\":1200,\"caption\":\"SIAU\"},\"image\":{\"@id\":\"https:\/\/www.siau.cat\/#\/schema\/logo\/image\/\"}},{\"@type\":\"Person\",\"@id\":\"https:\/\/www.siau.cat\/#\/schema\/person\/810c15694a7e538934bb4be53ebcba0d\",\"name\":\"admin\",\"image\":{\"@type\":\"ImageObject\",\"inLanguage\":\"ca\",\"@id\":\"https:\/\/www.siau.cat\/#\/schema\/person\/image\/\",\"url\":\"https:\/\/www.siau.cat\/wp-content\/litespeed\/avatar\/d73ebfac3daa0b52552b2ccea63469da.jpg?ver=1777403609\",\"contentUrl\":\"https:\/\/www.siau.cat\/wp-content\/litespeed\/avatar\/d73ebfac3daa0b52552b2ccea63469da.jpg?ver=1777403609\",\"caption\":\"admin\"},\"sameAs\":[\"https:\/\/www.siau.cat\"],\"url\":\"https:\/\/www.siau.cat\/index.php\/author\/admin\/\"}]}<\/script>\n<!-- \/ Yoast SEO plugin. -->","yoast_head_json":{"title":"No oblidam qui hi \u00e9rem, qui hi estam i qui hi estarem &#8212; SIAU - SINDICAT INDEPENDENT, AUT\u00d2NOM I UNITARI","robots":{"index":"index","follow":"follow","max-snippet":"max-snippet:-1","max-image-preview":"max-image-preview:large","max-video-preview":"max-video-preview:-1"},"canonical":"https:\/\/www.siau.cat\/index.php\/2024\/02\/01\/no-oblidam-qui-erem-qui-estam-i-qui-estarem\/","og_locale":"ca_ES","og_type":"article","og_title":"No oblidam qui hi \u00e9rem, qui hi estam i qui hi estarem &#8212; SIAU - SINDICAT INDEPENDENT, AUT\u00d2NOM I UNITARI","og_description":"Aquests dies observem at\u00f2nits com alguns sindicats s\u2019intenten penjar la medalla perqu\u00e8 la Conselleria ha acceptat que els docents d\u2019FP que foren expulsats de la doc\u00e8ncia tornin a poder exercir amb el redactat de la nova convocat\u00f2ria d\u2019interins. Recordem que SIAU ha participat en diverses concentracions i actes, en els que fins i tot va &hellip; Continua llegint \u00abNo oblidam qui hi \u00e9rem, qui hi estam i qui hi estarem\u00bb","og_url":"https:\/\/www.siau.cat\/index.php\/2024\/02\/01\/no-oblidam-qui-erem-qui-estam-i-qui-estarem\/","og_site_name":"SIAU - SINDICAT INDEPENDENT, AUT\u00d2NOM I UNITARI","article_published_time":"2024-02-01T18:51:00+00:00","article_modified_time":"2024-02-01T18:54:11+00:00","og_image":[{"url":"https:\/\/www.siau.cat\/wp-content\/uploads\/2024\/02\/Intervencio-seguretat-Conselleria-1024x579-1.png","type":"","width":"","height":""}],"author":"admin","twitter_card":"summary_large_image","twitter_misc":{"Escrit per":"admin","Temps estimat de lectura":"3 minuts"},"schema":{"@context":"https:\/\/schema.org","@graph":[{"@type":"Article","@id":"https:\/\/www.siau.cat\/index.php\/2024\/02\/01\/no-oblidam-qui-erem-qui-estam-i-qui-estarem\/#article","isPartOf":{"@id":"https:\/\/www.siau.cat\/index.php\/2024\/02\/01\/no-oblidam-qui-erem-qui-estam-i-qui-estarem\/"},"author":{"name":"admin","@id":"https:\/\/www.siau.cat\/#\/schema\/person\/810c15694a7e538934bb4be53ebcba0d"},"headline":"No oblidam qui hi \u00e9rem, qui hi estam i qui hi estarem","datePublished":"2024-02-01T18:51:00+00:00","dateModified":"2024-02-01T18:54:11+00:00","mainEntityOfPage":{"@id":"https:\/\/www.siau.cat\/index.php\/2024\/02\/01\/no-oblidam-qui-erem-qui-estam-i-qui-estarem\/"},"wordCount":415,"publisher":{"@id":"https:\/\/www.siau.cat\/#organization"},"image":{"@id":"https:\/\/www.siau.cat\/index.php\/2024\/02\/01\/no-oblidam-qui-erem-qui-estam-i-qui-estarem\/#primaryimage"},"thumbnailUrl":"https:\/\/www.siau.cat\/wp-content\/uploads\/2024\/02\/Intervencio-seguretat-Conselleria-1024x579-1.png","articleSection":["Uncategorized"],"inLanguage":"ca"},{"@type":"WebPage","@id":"https:\/\/www.siau.cat\/index.php\/2024\/02\/01\/no-oblidam-qui-erem-qui-estam-i-qui-estarem\/","url":"https:\/\/www.siau.cat\/index.php\/2024\/02\/01\/no-oblidam-qui-erem-qui-estam-i-qui-estarem\/","name":"No oblidam qui hi \u00e9rem, qui hi estam i qui hi estarem &#8212; SIAU - SINDICAT INDEPENDENT, AUT\u00d2NOM I UNITARI","isPartOf":{"@id":"https:\/\/www.siau.cat\/#website"},"primaryImageOfPage":{"@id":"https:\/\/www.siau.cat\/index.php\/2024\/02\/01\/no-oblidam-qui-erem-qui-estam-i-qui-estarem\/#primaryimage"},"image":{"@id":"https:\/\/www.siau.cat\/index.php\/2024\/02\/01\/no-oblidam-qui-erem-qui-estam-i-qui-estarem\/#primaryimage"},"thumbnailUrl":"https:\/\/www.siau.cat\/wp-content\/uploads\/2024\/02\/Intervencio-seguretat-Conselleria-1024x579-1.png","datePublished":"2024-02-01T18:51:00+00:00","dateModified":"2024-02-01T18:54:11+00:00","breadcrumb":{"@id":"https:\/\/www.siau.cat\/index.php\/2024\/02\/01\/no-oblidam-qui-erem-qui-estam-i-qui-estarem\/#breadcrumb"},"inLanguage":"ca","potentialAction":[{"@type":"ReadAction","target":["https:\/\/www.siau.cat\/index.php\/2024\/02\/01\/no-oblidam-qui-erem-qui-estam-i-qui-estarem\/"]}]},{"@type":"ImageObject","inLanguage":"ca","@id":"https:\/\/www.siau.cat\/index.php\/2024\/02\/01\/no-oblidam-qui-erem-qui-estam-i-qui-estarem\/#primaryimage","url":"https:\/\/www.siau.cat\/wp-content\/uploads\/2024\/02\/Intervencio-seguretat-Conselleria-1024x579-1.png","contentUrl":"https:\/\/www.siau.cat\/wp-content\/uploads\/2024\/02\/Intervencio-seguretat-Conselleria-1024x579-1.png","width":1024,"height":579},{"@type":"BreadcrumbList","@id":"https:\/\/www.siau.cat\/index.php\/2024\/02\/01\/no-oblidam-qui-erem-qui-estam-i-qui-estarem\/#breadcrumb","itemListElement":[{"@type":"ListItem","position":1,"name":"Inici","item":"https:\/\/www.siau.cat\/"},{"@type":"ListItem","position":2,"name":"No oblidam qui hi \u00e9rem, qui hi estam i qui hi estarem"}]},{"@type":"WebSite","@id":"https:\/\/www.siau.cat\/#website","url":"https:\/\/www.siau.cat\/","name":"SIAU - SINDICAT INDEPENDENT, AUT\u00d2NOM I UNITARI","description":"Ara s&iacute; que tenim la veu","publisher":{"@id":"https:\/\/www.siau.cat\/#organization"},"potentialAction":[{"@type":"SearchAction","target":{"@type":"EntryPoint","urlTemplate":"https:\/\/www.siau.cat\/?s={search_term_string}"},"query-input":{"@type":"PropertyValueSpecification","valueRequired":true,"valueName":"search_term_string"}}],"inLanguage":"ca"},{"@type":"Organization","@id":"https:\/\/www.siau.cat\/#organization","name":"SIAU","url":"https:\/\/www.siau.cat\/","logo":{"@type":"ImageObject","inLanguage":"ca","@id":"https:\/\/www.siau.cat\/#\/schema\/logo\/image\/","url":"https:\/\/www.siau.cat\/wp-content\/uploads\/2022\/03\/cropped-resized_LOGO-SIAU-5-e1652020847972.jpg","contentUrl":"https:\/\/www.siau.cat\/wp-content\/uploads\/2022\/03\/cropped-resized_LOGO-SIAU-5-e1652020847972.jpg","width":1600,"height":1200,"caption":"SIAU"},"image":{"@id":"https:\/\/www.siau.cat\/#\/schema\/logo\/image\/"}},{"@type":"Person","@id":"https:\/\/www.siau.cat\/#\/schema\/person\/810c15694a7e538934bb4be53ebcba0d","name":"admin","image":{"@type":"ImageObject","inLanguage":"ca","@id":"https:\/\/www.siau.cat\/#\/schema\/person\/image\/","url":"https:\/\/www.siau.cat\/wp-content\/litespeed\/avatar\/d73ebfac3daa0b52552b2ccea63469da.jpg?ver=1777403609","contentUrl":"https:\/\/www.siau.cat\/wp-content\/litespeed\/avatar\/d73ebfac3daa0b52552b2ccea63469da.jpg?ver=1777403609","caption":"admin"},"sameAs":["https:\/\/www.siau.cat"],"url":"https:\/\/www.siau.cat\/index.php\/author\/admin\/"}]}},"jetpack_featured_media_url":"","jetpack_sharing_enabled":true,"_links":{"self":[{"href":"https:\/\/www.siau.cat\/index.php\/wp-json\/wp\/v2\/posts\/1052","targetHints":{"allow":["GET"]}}],"collection":[{"href":"https:\/\/www.siau.cat\/index.php\/wp-json\/wp\/v2\/posts"}],"about":[{"href":"https:\/\/www.siau.cat\/index.php\/wp-json\/wp\/v2\/types\/post"}],"author":[{"embeddable":true,"href":"https:\/\/www.siau.cat\/index.php\/wp-json\/wp\/v2\/users\/1"}],"replies":[{"embeddable":true,"href":"https:\/\/www.siau.cat\/index.php\/wp-json\/wp\/v2\/comments?post=1052"}],"version-history":[{"count":2,"href":"https:\/\/www.siau.cat\/index.php\/wp-json\/wp\/v2\/posts\/1052\/revisions"}],"predecessor-version":[{"id":1056,"href":"https:\/\/www.siau.cat\/index.php\/wp-json\/wp\/v2\/posts\/1052\/revisions\/1056"}],"wp:attachment":[{"href":"https:\/\/www.siau.cat\/index.php\/wp-json\/wp\/v2\/media?parent=1052"}],"wp:term":[{"taxonomy":"category","embeddable":true,"href":"https:\/\/www.siau.cat\/index.php\/wp-json\/wp\/v2\/categories?post=1052"},{"taxonomy":"post_tag","embeddable":true,"href":"https:\/\/www.siau.cat\/index.php\/wp-json\/wp\/v2\/tags?post=1052"}],"curies":[{"name":"wp","href":"https:\/\/api.w.org\/{rel}","templated":true}]}}