{"id":1063,"date":"2024-02-10T09:09:54","date_gmt":"2024-02-10T09:09:54","guid":{"rendered":"https:\/\/www.siau.cat\/?p=1063"},"modified":"2024-02-10T09:09:56","modified_gmt":"2024-02-10T09:09:56","slug":"la-conselleria-deducacio-i-universitats-suprimeix-lequip-dinamicat-el-mateix-dia-de-la-compareixenca-del-conseller","status":"publish","type":"post","link":"https:\/\/www.siau.cat\/index.php\/2024\/02\/10\/la-conselleria-deducacio-i-universitats-suprimeix-lequip-dinamicat-el-mateix-dia-de-la-compareixenca-del-conseller\/","title":{"rendered":"La Conselleria d\u2019Educaci\u00f3 i Universitats suprimeix l\u2019Equip DINAMICAT el mateix dia de la compareixen\u00e7a del conseller"},"content":{"rendered":"\n<figure class=\"wp-block-image size-large\"><img loading=\"lazy\" decoding=\"async\" width=\"1024\" height=\"576\" src=\"https:\/\/www.siau.cat\/wp-content\/uploads\/2024\/02\/la-llengua-no-es-toca-1024x576.jpeg\" alt=\"\" class=\"wp-image-1064\" srcset=\"https:\/\/www.siau.cat\/wp-content\/uploads\/2024\/02\/la-llengua-no-es-toca-1024x576.jpeg 1024w, https:\/\/www.siau.cat\/wp-content\/uploads\/2024\/02\/la-llengua-no-es-toca-350x197.jpeg 350w, https:\/\/www.siau.cat\/wp-content\/uploads\/2024\/02\/la-llengua-no-es-toca-300x169.jpeg 300w, https:\/\/www.siau.cat\/wp-content\/uploads\/2024\/02\/la-llengua-no-es-toca-768x432.jpeg 768w, https:\/\/www.siau.cat\/wp-content\/uploads\/2024\/02\/la-llengua-no-es-toca-1536x864.jpeg 1536w, https:\/\/www.siau.cat\/wp-content\/uploads\/2024\/02\/la-llengua-no-es-toca-24x14.jpeg 24w, https:\/\/www.siau.cat\/wp-content\/uploads\/2024\/02\/la-llengua-no-es-toca-36x20.jpeg 36w, https:\/\/www.siau.cat\/wp-content\/uploads\/2024\/02\/la-llengua-no-es-toca-48x27.jpeg 48w, https:\/\/www.siau.cat\/wp-content\/uploads\/2024\/02\/la-llengua-no-es-toca.jpeg 1600w\" sizes=\"auto, (max-width: 767px) 89vw, (max-width: 1000px) 54vw, (max-width: 1071px) 543px, 580px\" \/><\/figure>\n\n\n\n<p class=\"has-text-align-justify\">Avui apareix al <a href=\"https:\/\/intranet.caib.es\/eboibfront\/ca\/2024\/11876\/683028\/resolucio-del-conseller-d-educacio-i-universitats-\">BOIB<\/a> l\u2019eliminaci\u00f3 de l\u2019equip encarregat de la normalitzaci\u00f3 ling\u00fc\u00edstica als centres educatius, un fet que el conseller pass\u00e0 per alt en la compareixen\u00e7a que dugu\u00e9 a terme dijous passat, dia en qu\u00e8 firm\u00e0 la corresponent resoluci\u00f3, i que ens resulta molt rellevant.\u00a0<\/p>\n\n\n\n<p class=\"has-text-align-justify\">Segons el BOIB que avui s\u2019ha publicat, el 12 de desembre de 2023 la cap del Departament de Primera Inf\u00e0ncia i Atenci\u00f3 a la Diversitat va enviar una nota interna en la qual indicava que com a conseq\u00fc\u00e8ncia de la reestructuraci\u00f3 de la Conselleria d&#8217;Educaci\u00f3 i Universitats en el canvi de legislatura, es va crear el Servei de Normalitzaci\u00f3 Ling\u00fc\u00edstica i Participaci\u00f3 Educativa, que entre d&#8217;altres funcions assum\u00ed les de l&#8217;Equip DINAMICAT i sol\u00b7licitava el tancament de l&#8217;Equip DINAMICAT. Demanam a la Conselleria d\u2019Educaci\u00f3 que ens informi si l\u2019equip DINAMICAT aquests darrers mesos desenvolupava la tasca que tenia encomanada i tamb\u00e9 que ens confirmi si les funcions que li pertocava assumir les pret\u00e9n mantenir. No volem que aquestes passin a adquirir un pes merament est\u00e8tic.<\/p>\n\n\n\n<p class=\"has-text-align-justify\">Recordem que l\u2019equip DINAMICAT, coordinat pel Servei de Normalitzaci\u00f3 Ling\u00fc\u00edstica i Formaci\u00f3, estava format per dos assessors del servei, un assessor de cada CEP territorial i dos assessors del CEP de Palma, preferentment de l\u2019\u00e0mbit de la formaci\u00f3 ling\u00fc\u00edstica, social i art\u00edstica i tenia els objectius i funcions que determinen els apartats 2.1 i 2.3 de la Resoluci\u00f3 del conseller d\u2019Educaci\u00f3 i Universitat de 30 de setembre de 2016 per la qual s\u2019autoritza el canvi de denominaci\u00f3 espec\u00edfica de l\u2019Equip d\u2019Assessorament al Tractament de les Lleng\u00fces a les Escoles (Equip ATLES) a Equip DINAMICAT i es modifiquen els seus objectius, composici\u00f3 i funcions (BOIB n\u00fam. 131, de 15 d\u2019octubre). Concretament, els assessors d\u2019aquest equip havien de dur a terme les accions associades a:<\/p>\n\n\n\n<p class=\"has-text-align-justify\">&#8211; Els programes FeC i FiC per al foment de la normalitzaci\u00f3 ling\u00fc\u00edstica i la dinamitzaci\u00f3 cultural de la llengua catalana.<\/p>\n\n\n\n<p class=\"has-text-align-justify\">&#8211; Els programes de formaci\u00f3 intercentres per a la millora de la compet\u00e8ncia ling\u00fc\u00edstica entre els centres d&#8217;educaci\u00f3 prim\u00e0ria i els de secund\u00e0ria al qual estiguin adscrits.<\/p>\n\n\n\n<p class=\"has-text-align-justify\">&#8211; El programa educatiu Parlem catal\u00e0, intercanvis entre centres educatius dels territoris de parla catalana.<\/p>\n\n\n\n<p class=\"has-text-align-justify\">&#8211; El programa educatiu Dinamitzadors ling\u00fc\u00edstics en llengua catalana.<\/p>\n\n\n\n<p class=\"has-text-align-justify\">&#8211; El programa educatiu Tallers de llengua catalana per a joves nouvinguts.<\/p>\n\n\n\n<p class=\"has-text-align-justify\">&#8211; Les formacions d\u2019\u00e0mbit associades al PALIC.<\/p>\n\n\n\n<p class=\"has-text-align-justify\">&#8211; Les formacions d\u2019\u00e0mbit o activitats puntuals de formaci\u00f3 associades a continguts i metodologies d\u2019aprenentatge de les compet\u00e8ncies ling\u00fc\u00edstiques.<\/p>\n\n\n\n<p class=\"has-text-align-justify\">&#8211; L\u2019assessorament i coordinaci\u00f3 dels coordinadors de normalitzaci\u00f3 ling\u00fc\u00edstica dels centres educatius.<\/p>\n\n\n\n<p class=\"has-text-align-justify\">Des de SIAU fem un advertiment, estarem vigilants per tal que aquest i altres canvis no vagin encaminats a fer retrocedir la pres\u00e8ncia de la llengua catalana dins els centres educatius de les nostres Illes.<\/p>\n","protected":false},"excerpt":{"rendered":"<p>Avui apareix al BOIB l\u2019eliminaci\u00f3 de l\u2019equip encarregat de la normalitzaci\u00f3 ling\u00fc\u00edstica als centres educatius, un fet que el conseller pass\u00e0 per alt en la compareixen\u00e7a que dugu\u00e9 a terme dijous passat, dia en qu\u00e8 firm\u00e0 la corresponent resoluci\u00f3, i que ens resulta molt rellevant.\u00a0 Segons el BOIB que avui s\u2019ha publicat, el 12 de &hellip; <\/p>\n<p class=\"link-more\"><a href=\"https:\/\/www.siau.cat\/index.php\/2024\/02\/10\/la-conselleria-deducacio-i-universitats-suprimeix-lequip-dinamicat-el-mateix-dia-de-la-compareixenca-del-conseller\/\" class=\"more-link\">Continua llegint <span class=\"screen-reader-text\">\u00abLa Conselleria d\u2019Educaci\u00f3 i Universitats suprimeix l\u2019Equip DINAMICAT el mateix dia de la compareixen\u00e7a del conseller\u00bb<\/span><\/a><\/p>\n","protected":false},"author":1,"featured_media":0,"comment_status":"closed","ping_status":"open","sticky":false,"template":"","format":"standard","meta":{"_jetpack_memberships_contains_paid_content":false,"footnotes":""},"categories":[1],"tags":[],"class_list":["post-1063","post","type-post","status-publish","format-standard","hentry","category-uncategorized"],"yoast_head":"<!-- This site is optimized with the Yoast SEO plugin v25.4 - https:\/\/yoast.com\/wordpress\/plugins\/seo\/ -->\n<title>La Conselleria d\u2019Educaci\u00f3 i Universitats suprimeix l\u2019Equip DINAMICAT el mateix dia de la compareixen\u00e7a del conseller &#8212; SIAU - SINDICAT INDEPENDENT, AUT\u00d2NOM I UNITARI<\/title>\n<meta name=\"robots\" content=\"index, follow, max-snippet:-1, max-image-preview:large, max-video-preview:-1\" \/>\n<link rel=\"canonical\" href=\"https:\/\/www.siau.cat\/index.php\/2024\/02\/10\/la-conselleria-deducacio-i-universitats-suprimeix-lequip-dinamicat-el-mateix-dia-de-la-compareixenca-del-conseller\/\" \/>\n<meta property=\"og:locale\" content=\"ca_ES\" \/>\n<meta property=\"og:type\" content=\"article\" \/>\n<meta property=\"og:title\" content=\"La Conselleria d\u2019Educaci\u00f3 i Universitats suprimeix l\u2019Equip DINAMICAT el mateix dia de la compareixen\u00e7a del conseller &#8212; SIAU - SINDICAT INDEPENDENT, AUT\u00d2NOM I UNITARI\" \/>\n<meta property=\"og:description\" content=\"Avui apareix al BOIB l\u2019eliminaci\u00f3 de l\u2019equip encarregat de la normalitzaci\u00f3 ling\u00fc\u00edstica als centres educatius, un fet que el conseller pass\u00e0 per alt en la compareixen\u00e7a que dugu\u00e9 a terme dijous passat, dia en qu\u00e8 firm\u00e0 la corresponent resoluci\u00f3, i que ens resulta molt rellevant.\u00a0 Segons el BOIB que avui s\u2019ha publicat, el 12 de &hellip; Continua llegint \u00abLa Conselleria d\u2019Educaci\u00f3 i Universitats suprimeix l\u2019Equip DINAMICAT el mateix dia de la compareixen\u00e7a del conseller\u00bb\" \/>\n<meta property=\"og:url\" content=\"https:\/\/www.siau.cat\/index.php\/2024\/02\/10\/la-conselleria-deducacio-i-universitats-suprimeix-lequip-dinamicat-el-mateix-dia-de-la-compareixenca-del-conseller\/\" \/>\n<meta property=\"og:site_name\" content=\"SIAU - SINDICAT INDEPENDENT, AUT\u00d2NOM I UNITARI\" \/>\n<meta property=\"article:published_time\" content=\"2024-02-10T09:09:54+00:00\" \/>\n<meta property=\"article:modified_time\" content=\"2024-02-10T09:09:56+00:00\" \/>\n<meta property=\"og:image\" content=\"https:\/\/www.siau.cat\/wp-content\/uploads\/2024\/02\/la-llengua-no-es-toca-1024x576.jpeg\" \/>\n<meta name=\"author\" content=\"admin\" \/>\n<meta name=\"twitter:card\" content=\"summary_large_image\" \/>\n<meta name=\"twitter:label1\" content=\"Escrit per\" \/>\n\t<meta name=\"twitter:data1\" content=\"admin\" \/>\n\t<meta name=\"twitter:label2\" content=\"Temps estimat de lectura\" \/>\n\t<meta name=\"twitter:data2\" content=\"3 minuts\" \/>\n<script type=\"application\/ld+json\" class=\"yoast-schema-graph\">{\"@context\":\"https:\/\/schema.org\",\"@graph\":[{\"@type\":\"Article\",\"@id\":\"https:\/\/www.siau.cat\/index.php\/2024\/02\/10\/la-conselleria-deducacio-i-universitats-suprimeix-lequip-dinamicat-el-mateix-dia-de-la-compareixenca-del-conseller\/#article\",\"isPartOf\":{\"@id\":\"https:\/\/www.siau.cat\/index.php\/2024\/02\/10\/la-conselleria-deducacio-i-universitats-suprimeix-lequip-dinamicat-el-mateix-dia-de-la-compareixenca-del-conseller\/\"},\"author\":{\"name\":\"admin\",\"@id\":\"https:\/\/www.siau.cat\/#\/schema\/person\/810c15694a7e538934bb4be53ebcba0d\"},\"headline\":\"La Conselleria d\u2019Educaci\u00f3 i Universitats suprimeix l\u2019Equip DINAMICAT el mateix dia de la compareixen\u00e7a del conseller\",\"datePublished\":\"2024-02-10T09:09:54+00:00\",\"dateModified\":\"2024-02-10T09:09:56+00:00\",\"mainEntityOfPage\":{\"@id\":\"https:\/\/www.siau.cat\/index.php\/2024\/02\/10\/la-conselleria-deducacio-i-universitats-suprimeix-lequip-dinamicat-el-mateix-dia-de-la-compareixenca-del-conseller\/\"},\"wordCount\":507,\"publisher\":{\"@id\":\"https:\/\/www.siau.cat\/#organization\"},\"image\":{\"@id\":\"https:\/\/www.siau.cat\/index.php\/2024\/02\/10\/la-conselleria-deducacio-i-universitats-suprimeix-lequip-dinamicat-el-mateix-dia-de-la-compareixenca-del-conseller\/#primaryimage\"},\"thumbnailUrl\":\"https:\/\/www.siau.cat\/wp-content\/uploads\/2024\/02\/la-llengua-no-es-toca-1024x576.jpeg\",\"articleSection\":[\"Uncategorized\"],\"inLanguage\":\"ca\"},{\"@type\":\"WebPage\",\"@id\":\"https:\/\/www.siau.cat\/index.php\/2024\/02\/10\/la-conselleria-deducacio-i-universitats-suprimeix-lequip-dinamicat-el-mateix-dia-de-la-compareixenca-del-conseller\/\",\"url\":\"https:\/\/www.siau.cat\/index.php\/2024\/02\/10\/la-conselleria-deducacio-i-universitats-suprimeix-lequip-dinamicat-el-mateix-dia-de-la-compareixenca-del-conseller\/\",\"name\":\"La Conselleria d\u2019Educaci\u00f3 i Universitats suprimeix l\u2019Equip DINAMICAT el mateix dia de la compareixen\u00e7a del conseller &#8212; SIAU - SINDICAT INDEPENDENT, AUT\u00d2NOM I UNITARI\",\"isPartOf\":{\"@id\":\"https:\/\/www.siau.cat\/#website\"},\"primaryImageOfPage\":{\"@id\":\"https:\/\/www.siau.cat\/index.php\/2024\/02\/10\/la-conselleria-deducacio-i-universitats-suprimeix-lequip-dinamicat-el-mateix-dia-de-la-compareixenca-del-conseller\/#primaryimage\"},\"image\":{\"@id\":\"https:\/\/www.siau.cat\/index.php\/2024\/02\/10\/la-conselleria-deducacio-i-universitats-suprimeix-lequip-dinamicat-el-mateix-dia-de-la-compareixenca-del-conseller\/#primaryimage\"},\"thumbnailUrl\":\"https:\/\/www.siau.cat\/wp-content\/uploads\/2024\/02\/la-llengua-no-es-toca-1024x576.jpeg\",\"datePublished\":\"2024-02-10T09:09:54+00:00\",\"dateModified\":\"2024-02-10T09:09:56+00:00\",\"breadcrumb\":{\"@id\":\"https:\/\/www.siau.cat\/index.php\/2024\/02\/10\/la-conselleria-deducacio-i-universitats-suprimeix-lequip-dinamicat-el-mateix-dia-de-la-compareixenca-del-conseller\/#breadcrumb\"},\"inLanguage\":\"ca\",\"potentialAction\":[{\"@type\":\"ReadAction\",\"target\":[\"https:\/\/www.siau.cat\/index.php\/2024\/02\/10\/la-conselleria-deducacio-i-universitats-suprimeix-lequip-dinamicat-el-mateix-dia-de-la-compareixenca-del-conseller\/\"]}]},{\"@type\":\"ImageObject\",\"inLanguage\":\"ca\",\"@id\":\"https:\/\/www.siau.cat\/index.php\/2024\/02\/10\/la-conselleria-deducacio-i-universitats-suprimeix-lequip-dinamicat-el-mateix-dia-de-la-compareixenca-del-conseller\/#primaryimage\",\"url\":\"https:\/\/www.siau.cat\/wp-content\/uploads\/2024\/02\/la-llengua-no-es-toca-1024x576.jpeg\",\"contentUrl\":\"https:\/\/www.siau.cat\/wp-content\/uploads\/2024\/02\/la-llengua-no-es-toca-1024x576.jpeg\"},{\"@type\":\"BreadcrumbList\",\"@id\":\"https:\/\/www.siau.cat\/index.php\/2024\/02\/10\/la-conselleria-deducacio-i-universitats-suprimeix-lequip-dinamicat-el-mateix-dia-de-la-compareixenca-del-conseller\/#breadcrumb\",\"itemListElement\":[{\"@type\":\"ListItem\",\"position\":1,\"name\":\"Inici\",\"item\":\"https:\/\/www.siau.cat\/\"},{\"@type\":\"ListItem\",\"position\":2,\"name\":\"La Conselleria d\u2019Educaci\u00f3 i Universitats suprimeix l\u2019Equip DINAMICAT el mateix dia de la compareixen\u00e7a del conseller\"}]},{\"@type\":\"WebSite\",\"@id\":\"https:\/\/www.siau.cat\/#website\",\"url\":\"https:\/\/www.siau.cat\/\",\"name\":\"SIAU - SINDICAT INDEPENDENT, AUT\u00d2NOM I UNITARI\",\"description\":\"Ara s&iacute; que tenim la veu\",\"publisher\":{\"@id\":\"https:\/\/www.siau.cat\/#organization\"},\"potentialAction\":[{\"@type\":\"SearchAction\",\"target\":{\"@type\":\"EntryPoint\",\"urlTemplate\":\"https:\/\/www.siau.cat\/?s={search_term_string}\"},\"query-input\":{\"@type\":\"PropertyValueSpecification\",\"valueRequired\":true,\"valueName\":\"search_term_string\"}}],\"inLanguage\":\"ca\"},{\"@type\":\"Organization\",\"@id\":\"https:\/\/www.siau.cat\/#organization\",\"name\":\"SIAU\",\"url\":\"https:\/\/www.siau.cat\/\",\"logo\":{\"@type\":\"ImageObject\",\"inLanguage\":\"ca\",\"@id\":\"https:\/\/www.siau.cat\/#\/schema\/logo\/image\/\",\"url\":\"https:\/\/www.siau.cat\/wp-content\/uploads\/2022\/03\/cropped-resized_LOGO-SIAU-5-e1652020847972.jpg\",\"contentUrl\":\"https:\/\/www.siau.cat\/wp-content\/uploads\/2022\/03\/cropped-resized_LOGO-SIAU-5-e1652020847972.jpg\",\"width\":1600,\"height\":1200,\"caption\":\"SIAU\"},\"image\":{\"@id\":\"https:\/\/www.siau.cat\/#\/schema\/logo\/image\/\"}},{\"@type\":\"Person\",\"@id\":\"https:\/\/www.siau.cat\/#\/schema\/person\/810c15694a7e538934bb4be53ebcba0d\",\"name\":\"admin\",\"image\":{\"@type\":\"ImageObject\",\"inLanguage\":\"ca\",\"@id\":\"https:\/\/www.siau.cat\/#\/schema\/person\/image\/\",\"url\":\"https:\/\/www.siau.cat\/wp-content\/litespeed\/avatar\/d73ebfac3daa0b52552b2ccea63469da.jpg?ver=1777403609\",\"contentUrl\":\"https:\/\/www.siau.cat\/wp-content\/litespeed\/avatar\/d73ebfac3daa0b52552b2ccea63469da.jpg?ver=1777403609\",\"caption\":\"admin\"},\"sameAs\":[\"https:\/\/www.siau.cat\"],\"url\":\"https:\/\/www.siau.cat\/index.php\/author\/admin\/\"}]}<\/script>\n<!-- \/ Yoast SEO plugin. -->","yoast_head_json":{"title":"La Conselleria d\u2019Educaci\u00f3 i Universitats suprimeix l\u2019Equip DINAMICAT el mateix dia de la compareixen\u00e7a del conseller &#8212; SIAU - SINDICAT INDEPENDENT, AUT\u00d2NOM I UNITARI","robots":{"index":"index","follow":"follow","max-snippet":"max-snippet:-1","max-image-preview":"max-image-preview:large","max-video-preview":"max-video-preview:-1"},"canonical":"https:\/\/www.siau.cat\/index.php\/2024\/02\/10\/la-conselleria-deducacio-i-universitats-suprimeix-lequip-dinamicat-el-mateix-dia-de-la-compareixenca-del-conseller\/","og_locale":"ca_ES","og_type":"article","og_title":"La Conselleria d\u2019Educaci\u00f3 i Universitats suprimeix l\u2019Equip DINAMICAT el mateix dia de la compareixen\u00e7a del conseller &#8212; SIAU - SINDICAT INDEPENDENT, AUT\u00d2NOM I UNITARI","og_description":"Avui apareix al BOIB l\u2019eliminaci\u00f3 de l\u2019equip encarregat de la normalitzaci\u00f3 ling\u00fc\u00edstica als centres educatius, un fet que el conseller pass\u00e0 per alt en la compareixen\u00e7a que dugu\u00e9 a terme dijous passat, dia en qu\u00e8 firm\u00e0 la corresponent resoluci\u00f3, i que ens resulta molt rellevant.\u00a0 Segons el BOIB que avui s\u2019ha publicat, el 12 de &hellip; Continua llegint \u00abLa Conselleria d\u2019Educaci\u00f3 i Universitats suprimeix l\u2019Equip DINAMICAT el mateix dia de la compareixen\u00e7a del conseller\u00bb","og_url":"https:\/\/www.siau.cat\/index.php\/2024\/02\/10\/la-conselleria-deducacio-i-universitats-suprimeix-lequip-dinamicat-el-mateix-dia-de-la-compareixenca-del-conseller\/","og_site_name":"SIAU - SINDICAT INDEPENDENT, AUT\u00d2NOM I UNITARI","article_published_time":"2024-02-10T09:09:54+00:00","article_modified_time":"2024-02-10T09:09:56+00:00","og_image":[{"url":"https:\/\/www.siau.cat\/wp-content\/uploads\/2024\/02\/la-llengua-no-es-toca-1024x576.jpeg","type":"","width":"","height":""}],"author":"admin","twitter_card":"summary_large_image","twitter_misc":{"Escrit per":"admin","Temps estimat de lectura":"3 minuts"},"schema":{"@context":"https:\/\/schema.org","@graph":[{"@type":"Article","@id":"https:\/\/www.siau.cat\/index.php\/2024\/02\/10\/la-conselleria-deducacio-i-universitats-suprimeix-lequip-dinamicat-el-mateix-dia-de-la-compareixenca-del-conseller\/#article","isPartOf":{"@id":"https:\/\/www.siau.cat\/index.php\/2024\/02\/10\/la-conselleria-deducacio-i-universitats-suprimeix-lequip-dinamicat-el-mateix-dia-de-la-compareixenca-del-conseller\/"},"author":{"name":"admin","@id":"https:\/\/www.siau.cat\/#\/schema\/person\/810c15694a7e538934bb4be53ebcba0d"},"headline":"La Conselleria d\u2019Educaci\u00f3 i Universitats suprimeix l\u2019Equip DINAMICAT el mateix dia de la compareixen\u00e7a del conseller","datePublished":"2024-02-10T09:09:54+00:00","dateModified":"2024-02-10T09:09:56+00:00","mainEntityOfPage":{"@id":"https:\/\/www.siau.cat\/index.php\/2024\/02\/10\/la-conselleria-deducacio-i-universitats-suprimeix-lequip-dinamicat-el-mateix-dia-de-la-compareixenca-del-conseller\/"},"wordCount":507,"publisher":{"@id":"https:\/\/www.siau.cat\/#organization"},"image":{"@id":"https:\/\/www.siau.cat\/index.php\/2024\/02\/10\/la-conselleria-deducacio-i-universitats-suprimeix-lequip-dinamicat-el-mateix-dia-de-la-compareixenca-del-conseller\/#primaryimage"},"thumbnailUrl":"https:\/\/www.siau.cat\/wp-content\/uploads\/2024\/02\/la-llengua-no-es-toca-1024x576.jpeg","articleSection":["Uncategorized"],"inLanguage":"ca"},{"@type":"WebPage","@id":"https:\/\/www.siau.cat\/index.php\/2024\/02\/10\/la-conselleria-deducacio-i-universitats-suprimeix-lequip-dinamicat-el-mateix-dia-de-la-compareixenca-del-conseller\/","url":"https:\/\/www.siau.cat\/index.php\/2024\/02\/10\/la-conselleria-deducacio-i-universitats-suprimeix-lequip-dinamicat-el-mateix-dia-de-la-compareixenca-del-conseller\/","name":"La Conselleria d\u2019Educaci\u00f3 i Universitats suprimeix l\u2019Equip DINAMICAT el mateix dia de la compareixen\u00e7a del conseller &#8212; SIAU - SINDICAT INDEPENDENT, AUT\u00d2NOM I UNITARI","isPartOf":{"@id":"https:\/\/www.siau.cat\/#website"},"primaryImageOfPage":{"@id":"https:\/\/www.siau.cat\/index.php\/2024\/02\/10\/la-conselleria-deducacio-i-universitats-suprimeix-lequip-dinamicat-el-mateix-dia-de-la-compareixenca-del-conseller\/#primaryimage"},"image":{"@id":"https:\/\/www.siau.cat\/index.php\/2024\/02\/10\/la-conselleria-deducacio-i-universitats-suprimeix-lequip-dinamicat-el-mateix-dia-de-la-compareixenca-del-conseller\/#primaryimage"},"thumbnailUrl":"https:\/\/www.siau.cat\/wp-content\/uploads\/2024\/02\/la-llengua-no-es-toca-1024x576.jpeg","datePublished":"2024-02-10T09:09:54+00:00","dateModified":"2024-02-10T09:09:56+00:00","breadcrumb":{"@id":"https:\/\/www.siau.cat\/index.php\/2024\/02\/10\/la-conselleria-deducacio-i-universitats-suprimeix-lequip-dinamicat-el-mateix-dia-de-la-compareixenca-del-conseller\/#breadcrumb"},"inLanguage":"ca","potentialAction":[{"@type":"ReadAction","target":["https:\/\/www.siau.cat\/index.php\/2024\/02\/10\/la-conselleria-deducacio-i-universitats-suprimeix-lequip-dinamicat-el-mateix-dia-de-la-compareixenca-del-conseller\/"]}]},{"@type":"ImageObject","inLanguage":"ca","@id":"https:\/\/www.siau.cat\/index.php\/2024\/02\/10\/la-conselleria-deducacio-i-universitats-suprimeix-lequip-dinamicat-el-mateix-dia-de-la-compareixenca-del-conseller\/#primaryimage","url":"https:\/\/www.siau.cat\/wp-content\/uploads\/2024\/02\/la-llengua-no-es-toca-1024x576.jpeg","contentUrl":"https:\/\/www.siau.cat\/wp-content\/uploads\/2024\/02\/la-llengua-no-es-toca-1024x576.jpeg"},{"@type":"BreadcrumbList","@id":"https:\/\/www.siau.cat\/index.php\/2024\/02\/10\/la-conselleria-deducacio-i-universitats-suprimeix-lequip-dinamicat-el-mateix-dia-de-la-compareixenca-del-conseller\/#breadcrumb","itemListElement":[{"@type":"ListItem","position":1,"name":"Inici","item":"https:\/\/www.siau.cat\/"},{"@type":"ListItem","position":2,"name":"La Conselleria d\u2019Educaci\u00f3 i Universitats suprimeix l\u2019Equip DINAMICAT el mateix dia de la compareixen\u00e7a del conseller"}]},{"@type":"WebSite","@id":"https:\/\/www.siau.cat\/#website","url":"https:\/\/www.siau.cat\/","name":"SIAU - SINDICAT INDEPENDENT, AUT\u00d2NOM I UNITARI","description":"Ara s&iacute; que tenim la veu","publisher":{"@id":"https:\/\/www.siau.cat\/#organization"},"potentialAction":[{"@type":"SearchAction","target":{"@type":"EntryPoint","urlTemplate":"https:\/\/www.siau.cat\/?s={search_term_string}"},"query-input":{"@type":"PropertyValueSpecification","valueRequired":true,"valueName":"search_term_string"}}],"inLanguage":"ca"},{"@type":"Organization","@id":"https:\/\/www.siau.cat\/#organization","name":"SIAU","url":"https:\/\/www.siau.cat\/","logo":{"@type":"ImageObject","inLanguage":"ca","@id":"https:\/\/www.siau.cat\/#\/schema\/logo\/image\/","url":"https:\/\/www.siau.cat\/wp-content\/uploads\/2022\/03\/cropped-resized_LOGO-SIAU-5-e1652020847972.jpg","contentUrl":"https:\/\/www.siau.cat\/wp-content\/uploads\/2022\/03\/cropped-resized_LOGO-SIAU-5-e1652020847972.jpg","width":1600,"height":1200,"caption":"SIAU"},"image":{"@id":"https:\/\/www.siau.cat\/#\/schema\/logo\/image\/"}},{"@type":"Person","@id":"https:\/\/www.siau.cat\/#\/schema\/person\/810c15694a7e538934bb4be53ebcba0d","name":"admin","image":{"@type":"ImageObject","inLanguage":"ca","@id":"https:\/\/www.siau.cat\/#\/schema\/person\/image\/","url":"https:\/\/www.siau.cat\/wp-content\/litespeed\/avatar\/d73ebfac3daa0b52552b2ccea63469da.jpg?ver=1777403609","contentUrl":"https:\/\/www.siau.cat\/wp-content\/litespeed\/avatar\/d73ebfac3daa0b52552b2ccea63469da.jpg?ver=1777403609","caption":"admin"},"sameAs":["https:\/\/www.siau.cat"],"url":"https:\/\/www.siau.cat\/index.php\/author\/admin\/"}]}},"jetpack_featured_media_url":"","jetpack_sharing_enabled":true,"_links":{"self":[{"href":"https:\/\/www.siau.cat\/index.php\/wp-json\/wp\/v2\/posts\/1063","targetHints":{"allow":["GET"]}}],"collection":[{"href":"https:\/\/www.siau.cat\/index.php\/wp-json\/wp\/v2\/posts"}],"about":[{"href":"https:\/\/www.siau.cat\/index.php\/wp-json\/wp\/v2\/types\/post"}],"author":[{"embeddable":true,"href":"https:\/\/www.siau.cat\/index.php\/wp-json\/wp\/v2\/users\/1"}],"replies":[{"embeddable":true,"href":"https:\/\/www.siau.cat\/index.php\/wp-json\/wp\/v2\/comments?post=1063"}],"version-history":[{"count":1,"href":"https:\/\/www.siau.cat\/index.php\/wp-json\/wp\/v2\/posts\/1063\/revisions"}],"predecessor-version":[{"id":1065,"href":"https:\/\/www.siau.cat\/index.php\/wp-json\/wp\/v2\/posts\/1063\/revisions\/1065"}],"wp:attachment":[{"href":"https:\/\/www.siau.cat\/index.php\/wp-json\/wp\/v2\/media?parent=1063"}],"wp:term":[{"taxonomy":"category","embeddable":true,"href":"https:\/\/www.siau.cat\/index.php\/wp-json\/wp\/v2\/categories?post=1063"},{"taxonomy":"post_tag","embeddable":true,"href":"https:\/\/www.siau.cat\/index.php\/wp-json\/wp\/v2\/tags?post=1063"}],"curies":[{"name":"wp","href":"https:\/\/api.w.org\/{rel}","templated":true}]}}