{"id":1067,"date":"2024-02-22T16:14:32","date_gmt":"2024-02-22T16:14:32","guid":{"rendered":"https:\/\/www.siau.cat\/?p=1067"},"modified":"2024-02-22T16:14:35","modified_gmt":"2024-02-22T16:14:35","slug":"europa-estira-les-orelles-a-lestat-espanyol-i-convida-a-fer-fixos-els-interins-que-encara-estan-en-frau-de-llei","status":"publish","type":"post","link":"https:\/\/www.siau.cat\/index.php\/2024\/02\/22\/europa-estira-les-orelles-a-lestat-espanyol-i-convida-a-fer-fixos-els-interins-que-encara-estan-en-frau-de-llei\/","title":{"rendered":"Europa estira les orelles a l\u2019Estat espanyol i convida a fer fixos els interins que encara estan en frau de llei"},"content":{"rendered":"\n<figure class=\"wp-block-image size-full\"><img loading=\"lazy\" decoding=\"async\" width=\"990\" height=\"660\" src=\"https:\/\/www.siau.cat\/wp-content\/uploads\/2024\/02\/TJUE.jpeg\" alt=\"\" class=\"wp-image-1068\" srcset=\"https:\/\/www.siau.cat\/wp-content\/uploads\/2024\/02\/TJUE.jpeg 990w, https:\/\/www.siau.cat\/wp-content\/uploads\/2024\/02\/TJUE-350x233.jpeg 350w, https:\/\/www.siau.cat\/wp-content\/uploads\/2024\/02\/TJUE-300x200.jpeg 300w, https:\/\/www.siau.cat\/wp-content\/uploads\/2024\/02\/TJUE-768x512.jpeg 768w, https:\/\/www.siau.cat\/wp-content\/uploads\/2024\/02\/TJUE-24x16.jpeg 24w, https:\/\/www.siau.cat\/wp-content\/uploads\/2024\/02\/TJUE-36x24.jpeg 36w, https:\/\/www.siau.cat\/wp-content\/uploads\/2024\/02\/TJUE-48x32.jpeg 48w\" sizes=\"auto, (max-width: 767px) 89vw, (max-width: 1000px) 54vw, (max-width: 1071px) 543px, 580px\" \/><figcaption class=\"wp-element-caption\">Seu del TJUE<\/figcaption><\/figure>\n\n\n\n<p class=\"has-text-align-justify\">El Govern espanyol i l\u2019Administraci\u00f3 p\u00fablica acaben de rebre un fort cop provinent de Luxemburg, concretament del Tribunal de Just\u00edcia de la Uni\u00f3 Europea (TJUE), que considera que la legislaci\u00f3 espanyola no inclou mesures en les administracions p\u00fabliques per prevenir i, si \u00e9s el seu cas, sancionar l\u2019ab\u00fas de temporalitat. Per tant, Espanya estaria incomplint l\u2019Acord Marc europeu sobre el treball de duraci\u00f3 determinada, referint-se als treballadors p\u00fablics interins. L\u2019Estat espanyol no ha fet els deures i ara rep una bona estirada d\u2019orelles provinent d\u2019Europa, convidant-lo a atorgar la fixesa als treballadors que encara romanen en frau de llei.<\/p>\n\n\n\n<p class=\"has-text-align-justify\">El TJUE avui ha afirmat que a falta de mesures adequades en el Dret nacional per a prevenir i, si \u00e9s el cas, sancionar els abusos derivats de la utilitzaci\u00f3 successiva de contractes temporals, inclosos els contractes indefinits no fixos prorrogats successivament, la conversi\u00f3 d&#8217;aquests contractes temporals en contractes fixos pot constituir una soluci\u00f3.<\/p>\n\n\n\n<p class=\"has-text-align-justify\">Correspon, si \u00e9s el cas, al tribunal nacional modificar la jurisprud\u00e8ncia nacional consolidada si aquesta es basa en una interpretaci\u00f3 de les disposicions nacionals, fins i tot constitucionals, incompatible amb els objectius de la Directiva europea. El TJUE tamb\u00e9 ha deixat clar que s&#8217;oposa a una normativa nacional que estableix la convocat\u00f2ria de processos de consolidaci\u00f3 de l&#8217;ocupaci\u00f3 temporal mitjan\u00e7ant convocat\u00f2ries p\u00fabliques per a la cobertura de les places ocupades per treballadors temporals, entre ells els treballadors indefinits no fixos, quan aquesta convocat\u00f2ria \u00e9s independent de qualsevol consideraci\u00f3 relativa al car\u00e0cter abusiu de la utilitzaci\u00f3 de tals contractes de durada determinada. Una afirmaci\u00f3 molt interessant que contradiu el discurs que des de la Conselleria d\u2019Educaci\u00f3 s\u2019ha transm\u00e8s durant els darrers anys, quan afirmava que els processos de consolidaci\u00f3 de l\u2019ocupaci\u00f3 temporal mitjan\u00e7ant convocat\u00f2ries p\u00fabliques per a la cobertura de les places ocupades per docents en frau de llei era m\u00e9s que suficient per resoldre la problem\u00e0tica i complir amb la Directiva europea. I no menys important \u00e9s el tema de la famosa indemnitzaci\u00f3 de la qual s\u2019ha estat parlant darrerament, ja que des de Luxemburg es critica tal indemnitzaci\u00f3 prevista per aquells treballadors en ab\u00fas i que es quedin fora feina, pel fet que no s\u2019ajusta a la normativa comunit\u00e0ria \u00abquan l&#8217;abonament d&#8217;aquesta indemnitzaci\u00f3 per extinci\u00f3 de contracte \u00e9s independent de qualsevol consideraci\u00f3 relativa al car\u00e0cter leg\u00edtim o abusiu de la utilitzaci\u00f3 d&#8217;aquests contractes\u00bb. Aix\u00ed doncs, les indemnitzacions no resulten adequades per a sancionar degudament la utilitzaci\u00f3 abusiva i eliminar les conseq\u00fc\u00e8ncies de l\u2019incompliment del Dret de la UE; ni \u00e9s efectiva ni \u00e9s dissuasiva.<\/p>\n\n\n\n<p class=\"has-text-align-justify\">Des de SIAU sol\u00b7licitam que la Conselleria d\u2019Educaci\u00f3 informi el professorat com pensa aplicar la sent\u00e8ncia d\u2019avui del TJUE que convida Espanya a fer fixos als treballadors que es troben en frau de llei i quina mesura \u00abefectiva i dissuasiva\u00bb pensa aplicar.<\/p>\n","protected":false},"excerpt":{"rendered":"<p>El Govern espanyol i l\u2019Administraci\u00f3 p\u00fablica acaben de rebre un fort cop provinent de Luxemburg, concretament del Tribunal de Just\u00edcia de la Uni\u00f3 Europea (TJUE), que considera que la legislaci\u00f3 espanyola no inclou mesures en les administracions p\u00fabliques per prevenir i, si \u00e9s el seu cas, sancionar l\u2019ab\u00fas de temporalitat. Per tant, Espanya estaria incomplint &hellip; <\/p>\n<p class=\"link-more\"><a href=\"https:\/\/www.siau.cat\/index.php\/2024\/02\/22\/europa-estira-les-orelles-a-lestat-espanyol-i-convida-a-fer-fixos-els-interins-que-encara-estan-en-frau-de-llei\/\" class=\"more-link\">Continua llegint <span class=\"screen-reader-text\">\u00abEuropa estira les orelles a l\u2019Estat espanyol i convida a fer fixos els interins que encara estan en frau de llei\u00bb<\/span><\/a><\/p>\n","protected":false},"author":1,"featured_media":0,"comment_status":"closed","ping_status":"open","sticky":false,"template":"","format":"standard","meta":{"_jetpack_memberships_contains_paid_content":false,"footnotes":""},"categories":[1],"tags":[],"class_list":["post-1067","post","type-post","status-publish","format-standard","hentry","category-uncategorized"],"yoast_head":"<!-- This site is optimized with the Yoast SEO plugin v25.4 - https:\/\/yoast.com\/wordpress\/plugins\/seo\/ -->\n<title>Europa estira les orelles a l\u2019Estat espanyol i convida a fer fixos els interins que encara estan en frau de llei &#8212; SIAU - SINDICAT INDEPENDENT, AUT\u00d2NOM I UNITARI<\/title>\n<meta name=\"robots\" content=\"index, follow, max-snippet:-1, max-image-preview:large, max-video-preview:-1\" \/>\n<link rel=\"canonical\" href=\"https:\/\/www.siau.cat\/index.php\/2024\/02\/22\/europa-estira-les-orelles-a-lestat-espanyol-i-convida-a-fer-fixos-els-interins-que-encara-estan-en-frau-de-llei\/\" \/>\n<meta property=\"og:locale\" content=\"ca_ES\" \/>\n<meta property=\"og:type\" content=\"article\" \/>\n<meta property=\"og:title\" content=\"Europa estira les orelles a l\u2019Estat espanyol i convida a fer fixos els interins que encara estan en frau de llei &#8212; SIAU - SINDICAT INDEPENDENT, AUT\u00d2NOM I UNITARI\" \/>\n<meta property=\"og:description\" content=\"El Govern espanyol i l\u2019Administraci\u00f3 p\u00fablica acaben de rebre un fort cop provinent de Luxemburg, concretament del Tribunal de Just\u00edcia de la Uni\u00f3 Europea (TJUE), que considera que la legislaci\u00f3 espanyola no inclou mesures en les administracions p\u00fabliques per prevenir i, si \u00e9s el seu cas, sancionar l\u2019ab\u00fas de temporalitat. Per tant, Espanya estaria incomplint &hellip; Continua llegint \u00abEuropa estira les orelles a l\u2019Estat espanyol i convida a fer fixos els interins que encara estan en frau de llei\u00bb\" \/>\n<meta property=\"og:url\" content=\"https:\/\/www.siau.cat\/index.php\/2024\/02\/22\/europa-estira-les-orelles-a-lestat-espanyol-i-convida-a-fer-fixos-els-interins-que-encara-estan-en-frau-de-llei\/\" \/>\n<meta property=\"og:site_name\" content=\"SIAU - SINDICAT INDEPENDENT, AUT\u00d2NOM I UNITARI\" \/>\n<meta property=\"article:published_time\" content=\"2024-02-22T16:14:32+00:00\" \/>\n<meta property=\"article:modified_time\" content=\"2024-02-22T16:14:35+00:00\" \/>\n<meta property=\"og:image\" content=\"https:\/\/www.siau.cat\/wp-content\/uploads\/2024\/02\/TJUE.jpeg\" \/>\n<meta name=\"author\" content=\"admin\" \/>\n<meta name=\"twitter:card\" content=\"summary_large_image\" \/>\n<meta name=\"twitter:label1\" content=\"Escrit per\" \/>\n\t<meta name=\"twitter:data1\" content=\"admin\" \/>\n\t<meta name=\"twitter:label2\" content=\"Temps estimat de lectura\" \/>\n\t<meta name=\"twitter:data2\" content=\"3 minuts\" \/>\n<script type=\"application\/ld+json\" class=\"yoast-schema-graph\">{\"@context\":\"https:\/\/schema.org\",\"@graph\":[{\"@type\":\"Article\",\"@id\":\"https:\/\/www.siau.cat\/index.php\/2024\/02\/22\/europa-estira-les-orelles-a-lestat-espanyol-i-convida-a-fer-fixos-els-interins-que-encara-estan-en-frau-de-llei\/#article\",\"isPartOf\":{\"@id\":\"https:\/\/www.siau.cat\/index.php\/2024\/02\/22\/europa-estira-les-orelles-a-lestat-espanyol-i-convida-a-fer-fixos-els-interins-que-encara-estan-en-frau-de-llei\/\"},\"author\":{\"name\":\"admin\",\"@id\":\"https:\/\/www.siau.cat\/#\/schema\/person\/810c15694a7e538934bb4be53ebcba0d\"},\"headline\":\"Europa estira les orelles a l\u2019Estat espanyol i convida a fer fixos els interins que encara estan en frau de llei\",\"datePublished\":\"2024-02-22T16:14:32+00:00\",\"dateModified\":\"2024-02-22T16:14:35+00:00\",\"mainEntityOfPage\":{\"@id\":\"https:\/\/www.siau.cat\/index.php\/2024\/02\/22\/europa-estira-les-orelles-a-lestat-espanyol-i-convida-a-fer-fixos-els-interins-que-encara-estan-en-frau-de-llei\/\"},\"wordCount\":530,\"publisher\":{\"@id\":\"https:\/\/www.siau.cat\/#organization\"},\"image\":{\"@id\":\"https:\/\/www.siau.cat\/index.php\/2024\/02\/22\/europa-estira-les-orelles-a-lestat-espanyol-i-convida-a-fer-fixos-els-interins-que-encara-estan-en-frau-de-llei\/#primaryimage\"},\"thumbnailUrl\":\"https:\/\/www.siau.cat\/wp-content\/uploads\/2024\/02\/TJUE.jpeg\",\"articleSection\":[\"Uncategorized\"],\"inLanguage\":\"ca\"},{\"@type\":\"WebPage\",\"@id\":\"https:\/\/www.siau.cat\/index.php\/2024\/02\/22\/europa-estira-les-orelles-a-lestat-espanyol-i-convida-a-fer-fixos-els-interins-que-encara-estan-en-frau-de-llei\/\",\"url\":\"https:\/\/www.siau.cat\/index.php\/2024\/02\/22\/europa-estira-les-orelles-a-lestat-espanyol-i-convida-a-fer-fixos-els-interins-que-encara-estan-en-frau-de-llei\/\",\"name\":\"Europa estira les orelles a l\u2019Estat espanyol i convida a fer fixos els interins que encara estan en frau de llei &#8212; SIAU - SINDICAT INDEPENDENT, AUT\u00d2NOM I UNITARI\",\"isPartOf\":{\"@id\":\"https:\/\/www.siau.cat\/#website\"},\"primaryImageOfPage\":{\"@id\":\"https:\/\/www.siau.cat\/index.php\/2024\/02\/22\/europa-estira-les-orelles-a-lestat-espanyol-i-convida-a-fer-fixos-els-interins-que-encara-estan-en-frau-de-llei\/#primaryimage\"},\"image\":{\"@id\":\"https:\/\/www.siau.cat\/index.php\/2024\/02\/22\/europa-estira-les-orelles-a-lestat-espanyol-i-convida-a-fer-fixos-els-interins-que-encara-estan-en-frau-de-llei\/#primaryimage\"},\"thumbnailUrl\":\"https:\/\/www.siau.cat\/wp-content\/uploads\/2024\/02\/TJUE.jpeg\",\"datePublished\":\"2024-02-22T16:14:32+00:00\",\"dateModified\":\"2024-02-22T16:14:35+00:00\",\"breadcrumb\":{\"@id\":\"https:\/\/www.siau.cat\/index.php\/2024\/02\/22\/europa-estira-les-orelles-a-lestat-espanyol-i-convida-a-fer-fixos-els-interins-que-encara-estan-en-frau-de-llei\/#breadcrumb\"},\"inLanguage\":\"ca\",\"potentialAction\":[{\"@type\":\"ReadAction\",\"target\":[\"https:\/\/www.siau.cat\/index.php\/2024\/02\/22\/europa-estira-les-orelles-a-lestat-espanyol-i-convida-a-fer-fixos-els-interins-que-encara-estan-en-frau-de-llei\/\"]}]},{\"@type\":\"ImageObject\",\"inLanguage\":\"ca\",\"@id\":\"https:\/\/www.siau.cat\/index.php\/2024\/02\/22\/europa-estira-les-orelles-a-lestat-espanyol-i-convida-a-fer-fixos-els-interins-que-encara-estan-en-frau-de-llei\/#primaryimage\",\"url\":\"https:\/\/www.siau.cat\/wp-content\/uploads\/2024\/02\/TJUE.jpeg\",\"contentUrl\":\"https:\/\/www.siau.cat\/wp-content\/uploads\/2024\/02\/TJUE.jpeg\",\"width\":990,\"height\":660},{\"@type\":\"BreadcrumbList\",\"@id\":\"https:\/\/www.siau.cat\/index.php\/2024\/02\/22\/europa-estira-les-orelles-a-lestat-espanyol-i-convida-a-fer-fixos-els-interins-que-encara-estan-en-frau-de-llei\/#breadcrumb\",\"itemListElement\":[{\"@type\":\"ListItem\",\"position\":1,\"name\":\"Inici\",\"item\":\"https:\/\/www.siau.cat\/\"},{\"@type\":\"ListItem\",\"position\":2,\"name\":\"Europa estira les orelles a l\u2019Estat espanyol i convida a fer fixos els interins que encara estan en frau de llei\"}]},{\"@type\":\"WebSite\",\"@id\":\"https:\/\/www.siau.cat\/#website\",\"url\":\"https:\/\/www.siau.cat\/\",\"name\":\"SIAU - SINDICAT INDEPENDENT, AUT\u00d2NOM I UNITARI\",\"description\":\"Ara s&iacute; que tenim la veu\",\"publisher\":{\"@id\":\"https:\/\/www.siau.cat\/#organization\"},\"potentialAction\":[{\"@type\":\"SearchAction\",\"target\":{\"@type\":\"EntryPoint\",\"urlTemplate\":\"https:\/\/www.siau.cat\/?s={search_term_string}\"},\"query-input\":{\"@type\":\"PropertyValueSpecification\",\"valueRequired\":true,\"valueName\":\"search_term_string\"}}],\"inLanguage\":\"ca\"},{\"@type\":\"Organization\",\"@id\":\"https:\/\/www.siau.cat\/#organization\",\"name\":\"SIAU\",\"url\":\"https:\/\/www.siau.cat\/\",\"logo\":{\"@type\":\"ImageObject\",\"inLanguage\":\"ca\",\"@id\":\"https:\/\/www.siau.cat\/#\/schema\/logo\/image\/\",\"url\":\"https:\/\/www.siau.cat\/wp-content\/uploads\/2022\/03\/cropped-resized_LOGO-SIAU-5-e1652020847972.jpg\",\"contentUrl\":\"https:\/\/www.siau.cat\/wp-content\/uploads\/2022\/03\/cropped-resized_LOGO-SIAU-5-e1652020847972.jpg\",\"width\":1600,\"height\":1200,\"caption\":\"SIAU\"},\"image\":{\"@id\":\"https:\/\/www.siau.cat\/#\/schema\/logo\/image\/\"}},{\"@type\":\"Person\",\"@id\":\"https:\/\/www.siau.cat\/#\/schema\/person\/810c15694a7e538934bb4be53ebcba0d\",\"name\":\"admin\",\"image\":{\"@type\":\"ImageObject\",\"inLanguage\":\"ca\",\"@id\":\"https:\/\/www.siau.cat\/#\/schema\/person\/image\/\",\"url\":\"https:\/\/www.siau.cat\/wp-content\/litespeed\/avatar\/d73ebfac3daa0b52552b2ccea63469da.jpg?ver=1777403609\",\"contentUrl\":\"https:\/\/www.siau.cat\/wp-content\/litespeed\/avatar\/d73ebfac3daa0b52552b2ccea63469da.jpg?ver=1777403609\",\"caption\":\"admin\"},\"sameAs\":[\"https:\/\/www.siau.cat\"],\"url\":\"https:\/\/www.siau.cat\/index.php\/author\/admin\/\"}]}<\/script>\n<!-- \/ Yoast SEO plugin. -->","yoast_head_json":{"title":"Europa estira les orelles a l\u2019Estat espanyol i convida a fer fixos els interins que encara estan en frau de llei &#8212; SIAU - SINDICAT INDEPENDENT, AUT\u00d2NOM I UNITARI","robots":{"index":"index","follow":"follow","max-snippet":"max-snippet:-1","max-image-preview":"max-image-preview:large","max-video-preview":"max-video-preview:-1"},"canonical":"https:\/\/www.siau.cat\/index.php\/2024\/02\/22\/europa-estira-les-orelles-a-lestat-espanyol-i-convida-a-fer-fixos-els-interins-que-encara-estan-en-frau-de-llei\/","og_locale":"ca_ES","og_type":"article","og_title":"Europa estira les orelles a l\u2019Estat espanyol i convida a fer fixos els interins que encara estan en frau de llei &#8212; SIAU - SINDICAT INDEPENDENT, AUT\u00d2NOM I UNITARI","og_description":"El Govern espanyol i l\u2019Administraci\u00f3 p\u00fablica acaben de rebre un fort cop provinent de Luxemburg, concretament del Tribunal de Just\u00edcia de la Uni\u00f3 Europea (TJUE), que considera que la legislaci\u00f3 espanyola no inclou mesures en les administracions p\u00fabliques per prevenir i, si \u00e9s el seu cas, sancionar l\u2019ab\u00fas de temporalitat. Per tant, Espanya estaria incomplint &hellip; Continua llegint \u00abEuropa estira les orelles a l\u2019Estat espanyol i convida a fer fixos els interins que encara estan en frau de llei\u00bb","og_url":"https:\/\/www.siau.cat\/index.php\/2024\/02\/22\/europa-estira-les-orelles-a-lestat-espanyol-i-convida-a-fer-fixos-els-interins-que-encara-estan-en-frau-de-llei\/","og_site_name":"SIAU - SINDICAT INDEPENDENT, AUT\u00d2NOM I UNITARI","article_published_time":"2024-02-22T16:14:32+00:00","article_modified_time":"2024-02-22T16:14:35+00:00","og_image":[{"url":"https:\/\/www.siau.cat\/wp-content\/uploads\/2024\/02\/TJUE.jpeg","type":"","width":"","height":""}],"author":"admin","twitter_card":"summary_large_image","twitter_misc":{"Escrit per":"admin","Temps estimat de lectura":"3 minuts"},"schema":{"@context":"https:\/\/schema.org","@graph":[{"@type":"Article","@id":"https:\/\/www.siau.cat\/index.php\/2024\/02\/22\/europa-estira-les-orelles-a-lestat-espanyol-i-convida-a-fer-fixos-els-interins-que-encara-estan-en-frau-de-llei\/#article","isPartOf":{"@id":"https:\/\/www.siau.cat\/index.php\/2024\/02\/22\/europa-estira-les-orelles-a-lestat-espanyol-i-convida-a-fer-fixos-els-interins-que-encara-estan-en-frau-de-llei\/"},"author":{"name":"admin","@id":"https:\/\/www.siau.cat\/#\/schema\/person\/810c15694a7e538934bb4be53ebcba0d"},"headline":"Europa estira les orelles a l\u2019Estat espanyol i convida a fer fixos els interins que encara estan en frau de llei","datePublished":"2024-02-22T16:14:32+00:00","dateModified":"2024-02-22T16:14:35+00:00","mainEntityOfPage":{"@id":"https:\/\/www.siau.cat\/index.php\/2024\/02\/22\/europa-estira-les-orelles-a-lestat-espanyol-i-convida-a-fer-fixos-els-interins-que-encara-estan-en-frau-de-llei\/"},"wordCount":530,"publisher":{"@id":"https:\/\/www.siau.cat\/#organization"},"image":{"@id":"https:\/\/www.siau.cat\/index.php\/2024\/02\/22\/europa-estira-les-orelles-a-lestat-espanyol-i-convida-a-fer-fixos-els-interins-que-encara-estan-en-frau-de-llei\/#primaryimage"},"thumbnailUrl":"https:\/\/www.siau.cat\/wp-content\/uploads\/2024\/02\/TJUE.jpeg","articleSection":["Uncategorized"],"inLanguage":"ca"},{"@type":"WebPage","@id":"https:\/\/www.siau.cat\/index.php\/2024\/02\/22\/europa-estira-les-orelles-a-lestat-espanyol-i-convida-a-fer-fixos-els-interins-que-encara-estan-en-frau-de-llei\/","url":"https:\/\/www.siau.cat\/index.php\/2024\/02\/22\/europa-estira-les-orelles-a-lestat-espanyol-i-convida-a-fer-fixos-els-interins-que-encara-estan-en-frau-de-llei\/","name":"Europa estira les orelles a l\u2019Estat espanyol i convida a fer fixos els interins que encara estan en frau de llei &#8212; SIAU - SINDICAT INDEPENDENT, AUT\u00d2NOM I UNITARI","isPartOf":{"@id":"https:\/\/www.siau.cat\/#website"},"primaryImageOfPage":{"@id":"https:\/\/www.siau.cat\/index.php\/2024\/02\/22\/europa-estira-les-orelles-a-lestat-espanyol-i-convida-a-fer-fixos-els-interins-que-encara-estan-en-frau-de-llei\/#primaryimage"},"image":{"@id":"https:\/\/www.siau.cat\/index.php\/2024\/02\/22\/europa-estira-les-orelles-a-lestat-espanyol-i-convida-a-fer-fixos-els-interins-que-encara-estan-en-frau-de-llei\/#primaryimage"},"thumbnailUrl":"https:\/\/www.siau.cat\/wp-content\/uploads\/2024\/02\/TJUE.jpeg","datePublished":"2024-02-22T16:14:32+00:00","dateModified":"2024-02-22T16:14:35+00:00","breadcrumb":{"@id":"https:\/\/www.siau.cat\/index.php\/2024\/02\/22\/europa-estira-les-orelles-a-lestat-espanyol-i-convida-a-fer-fixos-els-interins-que-encara-estan-en-frau-de-llei\/#breadcrumb"},"inLanguage":"ca","potentialAction":[{"@type":"ReadAction","target":["https:\/\/www.siau.cat\/index.php\/2024\/02\/22\/europa-estira-les-orelles-a-lestat-espanyol-i-convida-a-fer-fixos-els-interins-que-encara-estan-en-frau-de-llei\/"]}]},{"@type":"ImageObject","inLanguage":"ca","@id":"https:\/\/www.siau.cat\/index.php\/2024\/02\/22\/europa-estira-les-orelles-a-lestat-espanyol-i-convida-a-fer-fixos-els-interins-que-encara-estan-en-frau-de-llei\/#primaryimage","url":"https:\/\/www.siau.cat\/wp-content\/uploads\/2024\/02\/TJUE.jpeg","contentUrl":"https:\/\/www.siau.cat\/wp-content\/uploads\/2024\/02\/TJUE.jpeg","width":990,"height":660},{"@type":"BreadcrumbList","@id":"https:\/\/www.siau.cat\/index.php\/2024\/02\/22\/europa-estira-les-orelles-a-lestat-espanyol-i-convida-a-fer-fixos-els-interins-que-encara-estan-en-frau-de-llei\/#breadcrumb","itemListElement":[{"@type":"ListItem","position":1,"name":"Inici","item":"https:\/\/www.siau.cat\/"},{"@type":"ListItem","position":2,"name":"Europa estira les orelles a l\u2019Estat espanyol i convida a fer fixos els interins que encara estan en frau de llei"}]},{"@type":"WebSite","@id":"https:\/\/www.siau.cat\/#website","url":"https:\/\/www.siau.cat\/","name":"SIAU - SINDICAT INDEPENDENT, AUT\u00d2NOM I UNITARI","description":"Ara s&iacute; que tenim la veu","publisher":{"@id":"https:\/\/www.siau.cat\/#organization"},"potentialAction":[{"@type":"SearchAction","target":{"@type":"EntryPoint","urlTemplate":"https:\/\/www.siau.cat\/?s={search_term_string}"},"query-input":{"@type":"PropertyValueSpecification","valueRequired":true,"valueName":"search_term_string"}}],"inLanguage":"ca"},{"@type":"Organization","@id":"https:\/\/www.siau.cat\/#organization","name":"SIAU","url":"https:\/\/www.siau.cat\/","logo":{"@type":"ImageObject","inLanguage":"ca","@id":"https:\/\/www.siau.cat\/#\/schema\/logo\/image\/","url":"https:\/\/www.siau.cat\/wp-content\/uploads\/2022\/03\/cropped-resized_LOGO-SIAU-5-e1652020847972.jpg","contentUrl":"https:\/\/www.siau.cat\/wp-content\/uploads\/2022\/03\/cropped-resized_LOGO-SIAU-5-e1652020847972.jpg","width":1600,"height":1200,"caption":"SIAU"},"image":{"@id":"https:\/\/www.siau.cat\/#\/schema\/logo\/image\/"}},{"@type":"Person","@id":"https:\/\/www.siau.cat\/#\/schema\/person\/810c15694a7e538934bb4be53ebcba0d","name":"admin","image":{"@type":"ImageObject","inLanguage":"ca","@id":"https:\/\/www.siau.cat\/#\/schema\/person\/image\/","url":"https:\/\/www.siau.cat\/wp-content\/litespeed\/avatar\/d73ebfac3daa0b52552b2ccea63469da.jpg?ver=1777403609","contentUrl":"https:\/\/www.siau.cat\/wp-content\/litespeed\/avatar\/d73ebfac3daa0b52552b2ccea63469da.jpg?ver=1777403609","caption":"admin"},"sameAs":["https:\/\/www.siau.cat"],"url":"https:\/\/www.siau.cat\/index.php\/author\/admin\/"}]}},"jetpack_featured_media_url":"","jetpack_sharing_enabled":true,"_links":{"self":[{"href":"https:\/\/www.siau.cat\/index.php\/wp-json\/wp\/v2\/posts\/1067","targetHints":{"allow":["GET"]}}],"collection":[{"href":"https:\/\/www.siau.cat\/index.php\/wp-json\/wp\/v2\/posts"}],"about":[{"href":"https:\/\/www.siau.cat\/index.php\/wp-json\/wp\/v2\/types\/post"}],"author":[{"embeddable":true,"href":"https:\/\/www.siau.cat\/index.php\/wp-json\/wp\/v2\/users\/1"}],"replies":[{"embeddable":true,"href":"https:\/\/www.siau.cat\/index.php\/wp-json\/wp\/v2\/comments?post=1067"}],"version-history":[{"count":1,"href":"https:\/\/www.siau.cat\/index.php\/wp-json\/wp\/v2\/posts\/1067\/revisions"}],"predecessor-version":[{"id":1069,"href":"https:\/\/www.siau.cat\/index.php\/wp-json\/wp\/v2\/posts\/1067\/revisions\/1069"}],"wp:attachment":[{"href":"https:\/\/www.siau.cat\/index.php\/wp-json\/wp\/v2\/media?parent=1067"}],"wp:term":[{"taxonomy":"category","embeddable":true,"href":"https:\/\/www.siau.cat\/index.php\/wp-json\/wp\/v2\/categories?post=1067"},{"taxonomy":"post_tag","embeddable":true,"href":"https:\/\/www.siau.cat\/index.php\/wp-json\/wp\/v2\/tags?post=1067"}],"curies":[{"name":"wp","href":"https:\/\/api.w.org\/{rel}","templated":true}]}}