{"id":1070,"date":"2024-02-23T09:59:53","date_gmt":"2024-02-23T09:59:53","guid":{"rendered":"https:\/\/www.siau.cat\/?p=1070"},"modified":"2024-02-23T09:59:55","modified_gmt":"2024-02-23T09:59:55","slug":"siau-es-reuneix-amb-muface-per-tractar-la-privacitat-i-la-recepta-electronica-que-aviat-simplantara-a-les-illes-balears","status":"publish","type":"post","link":"https:\/\/www.siau.cat\/index.php\/2024\/02\/23\/siau-es-reuneix-amb-muface-per-tractar-la-privacitat-i-la-recepta-electronica-que-aviat-simplantara-a-les-illes-balears\/","title":{"rendered":"SIAU es reuneix amb MUFACE per tractar la privacitat i la recepta electr\u00f2nica, que aviat s\u2019implantar\u00e0 a les Illes Balears"},"content":{"rendered":"\n<figure class=\"wp-block-image size-large\"><img loading=\"lazy\" decoding=\"async\" width=\"768\" height=\"1024\" src=\"https:\/\/www.siau.cat\/wp-content\/uploads\/2024\/02\/Reunio-SIAU-i-Cobo-768x1024.jpg\" alt=\"\" class=\"wp-image-1072\" srcset=\"https:\/\/www.siau.cat\/wp-content\/uploads\/2024\/02\/Reunio-SIAU-i-Cobo-768x1024.jpg 768w, https:\/\/www.siau.cat\/wp-content\/uploads\/2024\/02\/Reunio-SIAU-i-Cobo-scaled-350x467.jpg 350w, https:\/\/www.siau.cat\/wp-content\/uploads\/2024\/02\/Reunio-SIAU-i-Cobo-225x300.jpg 225w, https:\/\/www.siau.cat\/wp-content\/uploads\/2024\/02\/Reunio-SIAU-i-Cobo-1152x1536.jpg 1152w, https:\/\/www.siau.cat\/wp-content\/uploads\/2024\/02\/Reunio-SIAU-i-Cobo-1536x2048.jpg 1536w, https:\/\/www.siau.cat\/wp-content\/uploads\/2024\/02\/Reunio-SIAU-i-Cobo-18x24.jpg 18w, https:\/\/www.siau.cat\/wp-content\/uploads\/2024\/02\/Reunio-SIAU-i-Cobo-27x36.jpg 27w, https:\/\/www.siau.cat\/wp-content\/uploads\/2024\/02\/Reunio-SIAU-i-Cobo-36x48.jpg 36w, https:\/\/www.siau.cat\/wp-content\/uploads\/2024\/02\/Reunio-SIAU-i-Cobo-scaled.jpg 1920w\" sizes=\"auto, (max-width: 767px) 89vw, (max-width: 1000px) 54vw, (max-width: 1071px) 543px, 580px\" \/><figcaption class=\"wp-element-caption\">Representants de SIAU reunits amb el director provincial de MUFACE a les Illes Balears<\/figcaption><\/figure>\n\n\n\n<p class=\"has-text-align-justify\">Aquesta setmana SIAU s\u2019ha reunit amb el director provincial de MUFACE a les Illes Balears, el Sr. Marcos Cobo, per traslladar-li les defici\u00e8ncies detectades en els serveis que reben els funcionaris de carrera, aix\u00ed com una s\u00e8rie de demandes imprescindibles que ens equipararien, quant a millores sociolaborals, amb la resta de treballadors p\u00fablics.<\/p>\n\n\n\n<p class=\"has-text-align-justify\">Pel que fa a la nostra reclamaci\u00f3 d\u2019implantaci\u00f3 de la recepta electr\u00f2nica, se\u2019ns ha informat, en exclusiva, que pr\u00f2ximament es materialitzar\u00e0, fet que celebram. S\u2019ha previst que dimarts vinent, dia 27 de febrer, tengui lloc l\u2019acte oficial on se signaria la introducci\u00f3 de la recepta electr\u00f2nica per a totes les entitats que presten assist\u00e8ncia sanit\u00e0ria concertada als mutualistes. Un avan\u00e7 crucial del qual ara us podem informar, despr\u00e9s del caramull de d\u00e8cades passejant, per amunt i per avall, el talonari en paper. A la fi, milers d\u2019afiliats a MUFACE es podran beneficiar d\u2019aquest salt qualitatiu. No obstant aix\u00f2, volem remarcar que encara que l\u2019acte oficial de signatura es dugui a terme el 27 de febrer, caldr\u00e0 esperar un marge de temps per veure materialitzada aquesta millora i deixar d\u2019emprar, finalment, el talonari f\u00edsic.&nbsp;<\/p>\n\n\n\n<p class=\"has-text-align-justify\">Durant la reuni\u00f3 hem parlat de l\u2019imprescindible que \u00e9s que MUFACE es modernitzi i s\u2019adapti a l\u2019era digital. Avui en dia no tenia gaire sentit que es continu\u00e9s usant el talonari f\u00edsic de receptes. MUFACE s\u2019ha d\u2019adaptar als nous temps i ha de facilitar la tasca al funcionariat, evitant quedar-se estancat en el passat. En ple segle XXI \u00e9s positiu que els talonaris f\u00edsics es puguin substituir per la recepta electr\u00f2nica.&nbsp;<\/p>\n\n\n\n<p class=\"has-text-align-justify\">Actualment, els i les docents sotmeses al r\u00e8gim de mutualitat general dels funcionaris civils de l&#8217;Estat (MUFACE) els hi correspon presentar a la Conselleria d\u2019Educaci\u00f3 el corresponent document m\u00e8dic justificatiu quan es troben en situaci\u00f3 de baixa per incapacitat temporal; tot el contrari del que passa amb la resta de treballadors p\u00fablics que no hi pertanyen i, per tant, no se\u2019ls obliga a presentar cap documentaci\u00f3. En aquest darrer cas \u00e9s l\u2019Institut Nacional de la Seguretat Social (l\u2019INSS) qui directament s\u2019encarrega de comunicar a l\u2019empresa que el treballador es troba de baixa. Altrament, en els comunicats m\u00e8dics de baixa del professorat que pertany a MUFACE, el doctor\/a&nbsp; especifica, sobre el model oficial a emplenar per a l\u2019empresa, quin \u00e9s el diagn\u00f2stic del pacient. Ho fa a trav\u00e9s d\u2019un codi al qual l\u2019empresa t\u00e9 acc\u00e9s i que, sense cap mena de dubte, no garanteix la privacitat dels i les mutualistes. Sense anar m\u00e9s enfora, \u00e9s suficient en fer una simple recerca del codi esmentat a trav\u00e9s de qualsevol navegador d\u2019Internet o accedir directament al web del Ministeri de Sanitat i visualitzar el \u201cManual de Codificaci\u00f3 CIE-10-ES diagn\u00f2stics\u201d per poder con\u00e8ixer, en pocs segons, quina malaltia t\u00e9 el funcionari en q\u00fcesti\u00f3. Tenguem present que totes les persones tenen dret a qu\u00e8 se\u2019ls respecti el car\u00e0cter confidencial de les dades referents a la seva salut, i al fet que ning\u00fa pugui accedir a elles sense pr\u00e8via autoritzaci\u00f3 emparada en la llei. Des de MUFACE se\u2019ns ha recordat que existeix un model que ve regulat per un Reial decret estatal i que escapa de les seves compet\u00e8ncies. Des de la nostra formaci\u00f3 sindical volem deixar clar que continuarem insistint perqu\u00e8 finalment quedi garantida la confidencialitat de tots els mutualistes. Pensam lluitar-ho des de distints fronts.&nbsp;<\/p>\n\n\n\n<p class=\"has-text-align-justify\">Finalment, li hem explicat al Sr. Cobo que els funcionaris de carrera de Menorca, Eivissa i Formentera no disposen d\u2019oficines f\u00edsiques de MUFACE, havent de contactar-hi telef\u00f2nicament o per correu electr\u00f2nic. Consideram que s\u2019haurien de cercar vies per proporcionar a la resta d\u2019illes els mateixos serveis presencials dels quals disposen els i les docents amb resid\u00e8ncia a Mallorca.<\/p>\n\n\n\n<p class=\"has-text-align-justify\">Des de MUFACE se\u2019ns ha donat resposta a bona part de les q\u00fcestions que hem plantejat i se\u2019ns ha facilitat informaci\u00f3 d\u2019inter\u00e8s. Hem sabut que hi ha prop de 600 docents que des de l\u20191 de setembre de 2023 no han donat d\u2019alta les seves dades de contacte (per exemple, el n\u00famero de tel\u00e8fon) i, conseq\u00fcentment, MUFACE est\u00e0 tenint problemes a l\u2019hora de contactar amb elles. Ra\u00f3 per la qual, seria convenient contactar amb la Mutualitat i facilitar-los les dades personals; recomanam fer-ho a trav\u00e9s de la Seu electr\u00f2nica de MUFACE i actualitzar la informaci\u00f3. Aix\u00ed i tot, al llarg d\u2019aquests dies, s\u2019intentar\u00e0 que la totalitat d\u2019aquests docents rebin una notificaci\u00f3 per recordar-los que han de fer el corresponent tr\u00e0mit per facilitar les seves dades personals. Se\u2019ns ha explicat que d\u2019aquesta manera es podr\u00e0 dur a terme qualsevol comunicaci\u00f3, com ara la notificaci\u00f3 d\u2019incid\u00e8ncies.&nbsp;<\/p>\n\n\n\n<p class=\"has-text-align-justify\">A SIAU som conscients que en alguns aspectes comen\u00e7am a avan\u00e7ar, com en l\u2019exemple de la implantaci\u00f3 de la recepta electr\u00f2nica.&nbsp; Per\u00f2, encara en queden d\u2019altres que requereixen lluita sindical i persist\u00e8ncia: que es garanteixi la privacitat dels afiliats a MUFACE, agafar consci\u00e8ncia sobre qu\u00e8 implica la insularitat, la necessitat d\u2019augmentar la cartera dels serveis i adaptar-se als nous temps digitals, etc. No dubteu que picarem pedra de valent per tal de fer-los tots efectius!<\/p>\n","protected":false},"excerpt":{"rendered":"<p>Aquesta setmana SIAU s\u2019ha reunit amb el director provincial de MUFACE a les Illes Balears, el Sr. Marcos Cobo, per traslladar-li les defici\u00e8ncies detectades en els serveis que reben els funcionaris de carrera, aix\u00ed com una s\u00e8rie de demandes imprescindibles que ens equipararien, quant a millores sociolaborals, amb la resta de treballadors p\u00fablics. Pel que &hellip; <\/p>\n<p class=\"link-more\"><a href=\"https:\/\/www.siau.cat\/index.php\/2024\/02\/23\/siau-es-reuneix-amb-muface-per-tractar-la-privacitat-i-la-recepta-electronica-que-aviat-simplantara-a-les-illes-balears\/\" class=\"more-link\">Continua llegint <span class=\"screen-reader-text\">\u00abSIAU es reuneix amb MUFACE per tractar la privacitat i la recepta electr\u00f2nica, que aviat s\u2019implantar\u00e0 a les Illes Balears\u00bb<\/span><\/a><\/p>\n","protected":false},"author":1,"featured_media":0,"comment_status":"closed","ping_status":"open","sticky":false,"template":"","format":"standard","meta":{"_jetpack_memberships_contains_paid_content":false,"footnotes":""},"categories":[1],"tags":[],"class_list":["post-1070","post","type-post","status-publish","format-standard","hentry","category-uncategorized"],"yoast_head":"<!-- This site is optimized with the Yoast SEO plugin v25.4 - https:\/\/yoast.com\/wordpress\/plugins\/seo\/ -->\n<title>SIAU es reuneix amb MUFACE per tractar la privacitat i la recepta electr\u00f2nica, que aviat s\u2019implantar\u00e0 a les Illes Balears &#8212; SIAU - SINDICAT INDEPENDENT, AUT\u00d2NOM I UNITARI<\/title>\n<meta name=\"robots\" content=\"index, follow, max-snippet:-1, max-image-preview:large, max-video-preview:-1\" \/>\n<link rel=\"canonical\" href=\"https:\/\/www.siau.cat\/index.php\/2024\/02\/23\/siau-es-reuneix-amb-muface-per-tractar-la-privacitat-i-la-recepta-electronica-que-aviat-simplantara-a-les-illes-balears\/\" \/>\n<meta property=\"og:locale\" content=\"ca_ES\" \/>\n<meta property=\"og:type\" content=\"article\" \/>\n<meta property=\"og:title\" content=\"SIAU es reuneix amb MUFACE per tractar la privacitat i la recepta electr\u00f2nica, que aviat s\u2019implantar\u00e0 a les Illes Balears &#8212; SIAU - SINDICAT INDEPENDENT, AUT\u00d2NOM I UNITARI\" \/>\n<meta property=\"og:description\" content=\"Aquesta setmana SIAU s\u2019ha reunit amb el director provincial de MUFACE a les Illes Balears, el Sr. Marcos Cobo, per traslladar-li les defici\u00e8ncies detectades en els serveis que reben els funcionaris de carrera, aix\u00ed com una s\u00e8rie de demandes imprescindibles que ens equipararien, quant a millores sociolaborals, amb la resta de treballadors p\u00fablics. Pel que &hellip; Continua llegint \u00abSIAU es reuneix amb MUFACE per tractar la privacitat i la recepta electr\u00f2nica, que aviat s\u2019implantar\u00e0 a les Illes Balears\u00bb\" \/>\n<meta property=\"og:url\" content=\"https:\/\/www.siau.cat\/index.php\/2024\/02\/23\/siau-es-reuneix-amb-muface-per-tractar-la-privacitat-i-la-recepta-electronica-que-aviat-simplantara-a-les-illes-balears\/\" \/>\n<meta property=\"og:site_name\" content=\"SIAU - SINDICAT INDEPENDENT, AUT\u00d2NOM I UNITARI\" \/>\n<meta property=\"article:published_time\" content=\"2024-02-23T09:59:53+00:00\" \/>\n<meta property=\"article:modified_time\" content=\"2024-02-23T09:59:55+00:00\" \/>\n<meta property=\"og:image\" content=\"https:\/\/www.siau.cat\/wp-content\/uploads\/2024\/02\/Reunio-SIAU-i-Cobo-768x1024.jpg\" \/>\n<meta name=\"author\" content=\"admin\" \/>\n<meta name=\"twitter:card\" content=\"summary_large_image\" \/>\n<meta name=\"twitter:label1\" content=\"Escrit per\" \/>\n\t<meta name=\"twitter:data1\" content=\"admin\" \/>\n\t<meta name=\"twitter:label2\" content=\"Temps estimat de lectura\" \/>\n\t<meta name=\"twitter:data2\" content=\"5 minuts\" \/>\n<script type=\"application\/ld+json\" class=\"yoast-schema-graph\">{\"@context\":\"https:\/\/schema.org\",\"@graph\":[{\"@type\":\"Article\",\"@id\":\"https:\/\/www.siau.cat\/index.php\/2024\/02\/23\/siau-es-reuneix-amb-muface-per-tractar-la-privacitat-i-la-recepta-electronica-que-aviat-simplantara-a-les-illes-balears\/#article\",\"isPartOf\":{\"@id\":\"https:\/\/www.siau.cat\/index.php\/2024\/02\/23\/siau-es-reuneix-amb-muface-per-tractar-la-privacitat-i-la-recepta-electronica-que-aviat-simplantara-a-les-illes-balears\/\"},\"author\":{\"name\":\"admin\",\"@id\":\"https:\/\/www.siau.cat\/#\/schema\/person\/810c15694a7e538934bb4be53ebcba0d\"},\"headline\":\"SIAU es reuneix amb MUFACE per tractar la privacitat i la recepta electr\u00f2nica, que aviat s\u2019implantar\u00e0 a les Illes Balears\",\"datePublished\":\"2024-02-23T09:59:53+00:00\",\"dateModified\":\"2024-02-23T09:59:55+00:00\",\"mainEntityOfPage\":{\"@id\":\"https:\/\/www.siau.cat\/index.php\/2024\/02\/23\/siau-es-reuneix-amb-muface-per-tractar-la-privacitat-i-la-recepta-electronica-que-aviat-simplantara-a-les-illes-balears\/\"},\"wordCount\":957,\"publisher\":{\"@id\":\"https:\/\/www.siau.cat\/#organization\"},\"image\":{\"@id\":\"https:\/\/www.siau.cat\/index.php\/2024\/02\/23\/siau-es-reuneix-amb-muface-per-tractar-la-privacitat-i-la-recepta-electronica-que-aviat-simplantara-a-les-illes-balears\/#primaryimage\"},\"thumbnailUrl\":\"https:\/\/www.siau.cat\/wp-content\/uploads\/2024\/02\/Reunio-SIAU-i-Cobo-768x1024.jpg\",\"articleSection\":[\"Uncategorized\"],\"inLanguage\":\"ca\"},{\"@type\":\"WebPage\",\"@id\":\"https:\/\/www.siau.cat\/index.php\/2024\/02\/23\/siau-es-reuneix-amb-muface-per-tractar-la-privacitat-i-la-recepta-electronica-que-aviat-simplantara-a-les-illes-balears\/\",\"url\":\"https:\/\/www.siau.cat\/index.php\/2024\/02\/23\/siau-es-reuneix-amb-muface-per-tractar-la-privacitat-i-la-recepta-electronica-que-aviat-simplantara-a-les-illes-balears\/\",\"name\":\"SIAU es reuneix amb MUFACE per tractar la privacitat i la recepta electr\u00f2nica, que aviat s\u2019implantar\u00e0 a les Illes Balears &#8212; SIAU - SINDICAT INDEPENDENT, AUT\u00d2NOM I UNITARI\",\"isPartOf\":{\"@id\":\"https:\/\/www.siau.cat\/#website\"},\"primaryImageOfPage\":{\"@id\":\"https:\/\/www.siau.cat\/index.php\/2024\/02\/23\/siau-es-reuneix-amb-muface-per-tractar-la-privacitat-i-la-recepta-electronica-que-aviat-simplantara-a-les-illes-balears\/#primaryimage\"},\"image\":{\"@id\":\"https:\/\/www.siau.cat\/index.php\/2024\/02\/23\/siau-es-reuneix-amb-muface-per-tractar-la-privacitat-i-la-recepta-electronica-que-aviat-simplantara-a-les-illes-balears\/#primaryimage\"},\"thumbnailUrl\":\"https:\/\/www.siau.cat\/wp-content\/uploads\/2024\/02\/Reunio-SIAU-i-Cobo-768x1024.jpg\",\"datePublished\":\"2024-02-23T09:59:53+00:00\",\"dateModified\":\"2024-02-23T09:59:55+00:00\",\"breadcrumb\":{\"@id\":\"https:\/\/www.siau.cat\/index.php\/2024\/02\/23\/siau-es-reuneix-amb-muface-per-tractar-la-privacitat-i-la-recepta-electronica-que-aviat-simplantara-a-les-illes-balears\/#breadcrumb\"},\"inLanguage\":\"ca\",\"potentialAction\":[{\"@type\":\"ReadAction\",\"target\":[\"https:\/\/www.siau.cat\/index.php\/2024\/02\/23\/siau-es-reuneix-amb-muface-per-tractar-la-privacitat-i-la-recepta-electronica-que-aviat-simplantara-a-les-illes-balears\/\"]}]},{\"@type\":\"ImageObject\",\"inLanguage\":\"ca\",\"@id\":\"https:\/\/www.siau.cat\/index.php\/2024\/02\/23\/siau-es-reuneix-amb-muface-per-tractar-la-privacitat-i-la-recepta-electronica-que-aviat-simplantara-a-les-illes-balears\/#primaryimage\",\"url\":\"https:\/\/www.siau.cat\/wp-content\/uploads\/2024\/02\/Reunio-SIAU-i-Cobo-scaled.jpg\",\"contentUrl\":\"https:\/\/www.siau.cat\/wp-content\/uploads\/2024\/02\/Reunio-SIAU-i-Cobo-scaled.jpg\",\"width\":1920,\"height\":2560},{\"@type\":\"BreadcrumbList\",\"@id\":\"https:\/\/www.siau.cat\/index.php\/2024\/02\/23\/siau-es-reuneix-amb-muface-per-tractar-la-privacitat-i-la-recepta-electronica-que-aviat-simplantara-a-les-illes-balears\/#breadcrumb\",\"itemListElement\":[{\"@type\":\"ListItem\",\"position\":1,\"name\":\"Inici\",\"item\":\"https:\/\/www.siau.cat\/\"},{\"@type\":\"ListItem\",\"position\":2,\"name\":\"SIAU es reuneix amb MUFACE per tractar la privacitat i la recepta electr\u00f2nica, que aviat s\u2019implantar\u00e0 a les Illes Balears\"}]},{\"@type\":\"WebSite\",\"@id\":\"https:\/\/www.siau.cat\/#website\",\"url\":\"https:\/\/www.siau.cat\/\",\"name\":\"SIAU - SINDICAT INDEPENDENT, AUT\u00d2NOM I UNITARI\",\"description\":\"Ara s&iacute; que tenim la veu\",\"publisher\":{\"@id\":\"https:\/\/www.siau.cat\/#organization\"},\"potentialAction\":[{\"@type\":\"SearchAction\",\"target\":{\"@type\":\"EntryPoint\",\"urlTemplate\":\"https:\/\/www.siau.cat\/?s={search_term_string}\"},\"query-input\":{\"@type\":\"PropertyValueSpecification\",\"valueRequired\":true,\"valueName\":\"search_term_string\"}}],\"inLanguage\":\"ca\"},{\"@type\":\"Organization\",\"@id\":\"https:\/\/www.siau.cat\/#organization\",\"name\":\"SIAU\",\"url\":\"https:\/\/www.siau.cat\/\",\"logo\":{\"@type\":\"ImageObject\",\"inLanguage\":\"ca\",\"@id\":\"https:\/\/www.siau.cat\/#\/schema\/logo\/image\/\",\"url\":\"https:\/\/www.siau.cat\/wp-content\/uploads\/2022\/03\/cropped-resized_LOGO-SIAU-5-e1652020847972.jpg\",\"contentUrl\":\"https:\/\/www.siau.cat\/wp-content\/uploads\/2022\/03\/cropped-resized_LOGO-SIAU-5-e1652020847972.jpg\",\"width\":1600,\"height\":1200,\"caption\":\"SIAU\"},\"image\":{\"@id\":\"https:\/\/www.siau.cat\/#\/schema\/logo\/image\/\"}},{\"@type\":\"Person\",\"@id\":\"https:\/\/www.siau.cat\/#\/schema\/person\/810c15694a7e538934bb4be53ebcba0d\",\"name\":\"admin\",\"image\":{\"@type\":\"ImageObject\",\"inLanguage\":\"ca\",\"@id\":\"https:\/\/www.siau.cat\/#\/schema\/person\/image\/\",\"url\":\"https:\/\/www.siau.cat\/wp-content\/litespeed\/avatar\/d73ebfac3daa0b52552b2ccea63469da.jpg?ver=1777403609\",\"contentUrl\":\"https:\/\/www.siau.cat\/wp-content\/litespeed\/avatar\/d73ebfac3daa0b52552b2ccea63469da.jpg?ver=1777403609\",\"caption\":\"admin\"},\"sameAs\":[\"https:\/\/www.siau.cat\"],\"url\":\"https:\/\/www.siau.cat\/index.php\/author\/admin\/\"}]}<\/script>\n<!-- \/ Yoast SEO plugin. -->","yoast_head_json":{"title":"SIAU es reuneix amb MUFACE per tractar la privacitat i la recepta electr\u00f2nica, que aviat s\u2019implantar\u00e0 a les Illes Balears &#8212; SIAU - SINDICAT INDEPENDENT, AUT\u00d2NOM I UNITARI","robots":{"index":"index","follow":"follow","max-snippet":"max-snippet:-1","max-image-preview":"max-image-preview:large","max-video-preview":"max-video-preview:-1"},"canonical":"https:\/\/www.siau.cat\/index.php\/2024\/02\/23\/siau-es-reuneix-amb-muface-per-tractar-la-privacitat-i-la-recepta-electronica-que-aviat-simplantara-a-les-illes-balears\/","og_locale":"ca_ES","og_type":"article","og_title":"SIAU es reuneix amb MUFACE per tractar la privacitat i la recepta electr\u00f2nica, que aviat s\u2019implantar\u00e0 a les Illes Balears &#8212; SIAU - SINDICAT INDEPENDENT, AUT\u00d2NOM I UNITARI","og_description":"Aquesta setmana SIAU s\u2019ha reunit amb el director provincial de MUFACE a les Illes Balears, el Sr. Marcos Cobo, per traslladar-li les defici\u00e8ncies detectades en els serveis que reben els funcionaris de carrera, aix\u00ed com una s\u00e8rie de demandes imprescindibles que ens equipararien, quant a millores sociolaborals, amb la resta de treballadors p\u00fablics. Pel que &hellip; Continua llegint \u00abSIAU es reuneix amb MUFACE per tractar la privacitat i la recepta electr\u00f2nica, que aviat s\u2019implantar\u00e0 a les Illes Balears\u00bb","og_url":"https:\/\/www.siau.cat\/index.php\/2024\/02\/23\/siau-es-reuneix-amb-muface-per-tractar-la-privacitat-i-la-recepta-electronica-que-aviat-simplantara-a-les-illes-balears\/","og_site_name":"SIAU - SINDICAT INDEPENDENT, AUT\u00d2NOM I UNITARI","article_published_time":"2024-02-23T09:59:53+00:00","article_modified_time":"2024-02-23T09:59:55+00:00","og_image":[{"url":"https:\/\/www.siau.cat\/wp-content\/uploads\/2024\/02\/Reunio-SIAU-i-Cobo-768x1024.jpg","type":"","width":"","height":""}],"author":"admin","twitter_card":"summary_large_image","twitter_misc":{"Escrit per":"admin","Temps estimat de lectura":"5 minuts"},"schema":{"@context":"https:\/\/schema.org","@graph":[{"@type":"Article","@id":"https:\/\/www.siau.cat\/index.php\/2024\/02\/23\/siau-es-reuneix-amb-muface-per-tractar-la-privacitat-i-la-recepta-electronica-que-aviat-simplantara-a-les-illes-balears\/#article","isPartOf":{"@id":"https:\/\/www.siau.cat\/index.php\/2024\/02\/23\/siau-es-reuneix-amb-muface-per-tractar-la-privacitat-i-la-recepta-electronica-que-aviat-simplantara-a-les-illes-balears\/"},"author":{"name":"admin","@id":"https:\/\/www.siau.cat\/#\/schema\/person\/810c15694a7e538934bb4be53ebcba0d"},"headline":"SIAU es reuneix amb MUFACE per tractar la privacitat i la recepta electr\u00f2nica, que aviat s\u2019implantar\u00e0 a les Illes Balears","datePublished":"2024-02-23T09:59:53+00:00","dateModified":"2024-02-23T09:59:55+00:00","mainEntityOfPage":{"@id":"https:\/\/www.siau.cat\/index.php\/2024\/02\/23\/siau-es-reuneix-amb-muface-per-tractar-la-privacitat-i-la-recepta-electronica-que-aviat-simplantara-a-les-illes-balears\/"},"wordCount":957,"publisher":{"@id":"https:\/\/www.siau.cat\/#organization"},"image":{"@id":"https:\/\/www.siau.cat\/index.php\/2024\/02\/23\/siau-es-reuneix-amb-muface-per-tractar-la-privacitat-i-la-recepta-electronica-que-aviat-simplantara-a-les-illes-balears\/#primaryimage"},"thumbnailUrl":"https:\/\/www.siau.cat\/wp-content\/uploads\/2024\/02\/Reunio-SIAU-i-Cobo-768x1024.jpg","articleSection":["Uncategorized"],"inLanguage":"ca"},{"@type":"WebPage","@id":"https:\/\/www.siau.cat\/index.php\/2024\/02\/23\/siau-es-reuneix-amb-muface-per-tractar-la-privacitat-i-la-recepta-electronica-que-aviat-simplantara-a-les-illes-balears\/","url":"https:\/\/www.siau.cat\/index.php\/2024\/02\/23\/siau-es-reuneix-amb-muface-per-tractar-la-privacitat-i-la-recepta-electronica-que-aviat-simplantara-a-les-illes-balears\/","name":"SIAU es reuneix amb MUFACE per tractar la privacitat i la recepta electr\u00f2nica, que aviat s\u2019implantar\u00e0 a les Illes Balears &#8212; SIAU - SINDICAT INDEPENDENT, AUT\u00d2NOM I UNITARI","isPartOf":{"@id":"https:\/\/www.siau.cat\/#website"},"primaryImageOfPage":{"@id":"https:\/\/www.siau.cat\/index.php\/2024\/02\/23\/siau-es-reuneix-amb-muface-per-tractar-la-privacitat-i-la-recepta-electronica-que-aviat-simplantara-a-les-illes-balears\/#primaryimage"},"image":{"@id":"https:\/\/www.siau.cat\/index.php\/2024\/02\/23\/siau-es-reuneix-amb-muface-per-tractar-la-privacitat-i-la-recepta-electronica-que-aviat-simplantara-a-les-illes-balears\/#primaryimage"},"thumbnailUrl":"https:\/\/www.siau.cat\/wp-content\/uploads\/2024\/02\/Reunio-SIAU-i-Cobo-768x1024.jpg","datePublished":"2024-02-23T09:59:53+00:00","dateModified":"2024-02-23T09:59:55+00:00","breadcrumb":{"@id":"https:\/\/www.siau.cat\/index.php\/2024\/02\/23\/siau-es-reuneix-amb-muface-per-tractar-la-privacitat-i-la-recepta-electronica-que-aviat-simplantara-a-les-illes-balears\/#breadcrumb"},"inLanguage":"ca","potentialAction":[{"@type":"ReadAction","target":["https:\/\/www.siau.cat\/index.php\/2024\/02\/23\/siau-es-reuneix-amb-muface-per-tractar-la-privacitat-i-la-recepta-electronica-que-aviat-simplantara-a-les-illes-balears\/"]}]},{"@type":"ImageObject","inLanguage":"ca","@id":"https:\/\/www.siau.cat\/index.php\/2024\/02\/23\/siau-es-reuneix-amb-muface-per-tractar-la-privacitat-i-la-recepta-electronica-que-aviat-simplantara-a-les-illes-balears\/#primaryimage","url":"https:\/\/www.siau.cat\/wp-content\/uploads\/2024\/02\/Reunio-SIAU-i-Cobo-scaled.jpg","contentUrl":"https:\/\/www.siau.cat\/wp-content\/uploads\/2024\/02\/Reunio-SIAU-i-Cobo-scaled.jpg","width":1920,"height":2560},{"@type":"BreadcrumbList","@id":"https:\/\/www.siau.cat\/index.php\/2024\/02\/23\/siau-es-reuneix-amb-muface-per-tractar-la-privacitat-i-la-recepta-electronica-que-aviat-simplantara-a-les-illes-balears\/#breadcrumb","itemListElement":[{"@type":"ListItem","position":1,"name":"Inici","item":"https:\/\/www.siau.cat\/"},{"@type":"ListItem","position":2,"name":"SIAU es reuneix amb MUFACE per tractar la privacitat i la recepta electr\u00f2nica, que aviat s\u2019implantar\u00e0 a les Illes Balears"}]},{"@type":"WebSite","@id":"https:\/\/www.siau.cat\/#website","url":"https:\/\/www.siau.cat\/","name":"SIAU - SINDICAT INDEPENDENT, AUT\u00d2NOM I UNITARI","description":"Ara s&iacute; que tenim la veu","publisher":{"@id":"https:\/\/www.siau.cat\/#organization"},"potentialAction":[{"@type":"SearchAction","target":{"@type":"EntryPoint","urlTemplate":"https:\/\/www.siau.cat\/?s={search_term_string}"},"query-input":{"@type":"PropertyValueSpecification","valueRequired":true,"valueName":"search_term_string"}}],"inLanguage":"ca"},{"@type":"Organization","@id":"https:\/\/www.siau.cat\/#organization","name":"SIAU","url":"https:\/\/www.siau.cat\/","logo":{"@type":"ImageObject","inLanguage":"ca","@id":"https:\/\/www.siau.cat\/#\/schema\/logo\/image\/","url":"https:\/\/www.siau.cat\/wp-content\/uploads\/2022\/03\/cropped-resized_LOGO-SIAU-5-e1652020847972.jpg","contentUrl":"https:\/\/www.siau.cat\/wp-content\/uploads\/2022\/03\/cropped-resized_LOGO-SIAU-5-e1652020847972.jpg","width":1600,"height":1200,"caption":"SIAU"},"image":{"@id":"https:\/\/www.siau.cat\/#\/schema\/logo\/image\/"}},{"@type":"Person","@id":"https:\/\/www.siau.cat\/#\/schema\/person\/810c15694a7e538934bb4be53ebcba0d","name":"admin","image":{"@type":"ImageObject","inLanguage":"ca","@id":"https:\/\/www.siau.cat\/#\/schema\/person\/image\/","url":"https:\/\/www.siau.cat\/wp-content\/litespeed\/avatar\/d73ebfac3daa0b52552b2ccea63469da.jpg?ver=1777403609","contentUrl":"https:\/\/www.siau.cat\/wp-content\/litespeed\/avatar\/d73ebfac3daa0b52552b2ccea63469da.jpg?ver=1777403609","caption":"admin"},"sameAs":["https:\/\/www.siau.cat"],"url":"https:\/\/www.siau.cat\/index.php\/author\/admin\/"}]}},"jetpack_featured_media_url":"","jetpack_sharing_enabled":true,"_links":{"self":[{"href":"https:\/\/www.siau.cat\/index.php\/wp-json\/wp\/v2\/posts\/1070","targetHints":{"allow":["GET"]}}],"collection":[{"href":"https:\/\/www.siau.cat\/index.php\/wp-json\/wp\/v2\/posts"}],"about":[{"href":"https:\/\/www.siau.cat\/index.php\/wp-json\/wp\/v2\/types\/post"}],"author":[{"embeddable":true,"href":"https:\/\/www.siau.cat\/index.php\/wp-json\/wp\/v2\/users\/1"}],"replies":[{"embeddable":true,"href":"https:\/\/www.siau.cat\/index.php\/wp-json\/wp\/v2\/comments?post=1070"}],"version-history":[{"count":1,"href":"https:\/\/www.siau.cat\/index.php\/wp-json\/wp\/v2\/posts\/1070\/revisions"}],"predecessor-version":[{"id":1073,"href":"https:\/\/www.siau.cat\/index.php\/wp-json\/wp\/v2\/posts\/1070\/revisions\/1073"}],"wp:attachment":[{"href":"https:\/\/www.siau.cat\/index.php\/wp-json\/wp\/v2\/media?parent=1070"}],"wp:term":[{"taxonomy":"category","embeddable":true,"href":"https:\/\/www.siau.cat\/index.php\/wp-json\/wp\/v2\/categories?post=1070"},{"taxonomy":"post_tag","embeddable":true,"href":"https:\/\/www.siau.cat\/index.php\/wp-json\/wp\/v2\/tags?post=1070"}],"curies":[{"name":"wp","href":"https:\/\/api.w.org\/{rel}","templated":true}]}}