{"id":1074,"date":"2024-02-23T20:27:20","date_gmt":"2024-02-23T20:27:20","guid":{"rendered":"https:\/\/www.siau.cat\/?p=1074"},"modified":"2024-02-23T20:29:22","modified_gmt":"2024-02-23T20:29:22","slug":"atencio-docents-majors-de-55-anys","status":"publish","type":"post","link":"https:\/\/www.siau.cat\/index.php\/2024\/02\/23\/atencio-docents-majors-de-55-anys\/","title":{"rendered":"Atenci\u00f3, docents majors de 55 anys!"},"content":{"rendered":"\n<figure class=\"wp-block-image size-full\"><img loading=\"lazy\" decoding=\"async\" width=\"500\" height=\"500\" src=\"https:\/\/www.siau.cat\/wp-content\/uploads\/2024\/02\/55-anys.jpeg\" alt=\"\" class=\"wp-image-1075\" srcset=\"https:\/\/www.siau.cat\/wp-content\/uploads\/2024\/02\/55-anys.jpeg 500w, https:\/\/www.siau.cat\/wp-content\/uploads\/2024\/02\/55-anys-250x250.jpeg 250w, https:\/\/www.siau.cat\/wp-content\/uploads\/2024\/02\/55-anys-100x100.jpeg 100w, https:\/\/www.siau.cat\/wp-content\/uploads\/2024\/02\/55-anys-350x350.jpeg 350w, https:\/\/www.siau.cat\/wp-content\/uploads\/2024\/02\/55-anys-300x300.jpeg 300w, https:\/\/www.siau.cat\/wp-content\/uploads\/2024\/02\/55-anys-150x150.jpeg 150w, https:\/\/www.siau.cat\/wp-content\/uploads\/2024\/02\/55-anys-24x24.jpeg 24w, https:\/\/www.siau.cat\/wp-content\/uploads\/2024\/02\/55-anys-36x36.jpeg 36w, https:\/\/www.siau.cat\/wp-content\/uploads\/2024\/02\/55-anys-48x48.jpeg 48w\" sizes=\"auto, (max-width: 500px) 100vw, 500px\" \/><\/figure>\n\n\n\n<p class=\"has-text-align-justify\">Recordau que <strong>abans del 20 de mar\u00e7<\/strong> podeu acollir-vos a una de les seg\u00fcents mesures:<\/p>\n\n\n\n<p class=\"has-text-align-justify\">1. Reducci\u00f3 de mitja jornada amb la corresponent disminuci\u00f3 de les retribucions. Una vegada aplicada la reducci\u00f3 de jornada, es pot substituir un per\u00edode lectiu setmanal per qualsevol de les funcions a les quals fa refer\u00e8ncia l\u2019apartat seg\u00fcent.<\/p>\n\n\n\n<p class=\"has-text-align-justify\">2. Substituci\u00f3, per altres activitats sense disminuci\u00f3 retributiva, d\u2019acord amb les seg\u00fcents opcions en funci\u00f3 de la disponibilitat del centre, degudament justificada, i respectant la prefer\u00e8ncia del docent sempre que sigui possible:<\/p>\n\n\n\n<p class=\"has-text-align-justify\">a) 1 per\u00edode lectiu + 2 complementaris (CHL: compensaci\u00f3 hora lectiva).<br>Substituci\u00f3 per altres activitats d\u2019un per\u00edode lectiu setmanal i compensaci\u00f3 de dos per\u00edodes complementaris de no perman\u00e8ncia al centre.<br>b) 2 per\u00edodes lectius + 1 de complementari (CHL).<br>Substituci\u00f3 per altres activitats de dos per\u00edodes lectius setmanals i compensaci\u00f3 d\u2019un per\u00edode complementari de no perman\u00e8ncia al centre.<br>c) 3 per\u00edodes lectius.<br>Substituci\u00f3 per altres activitats de tres per\u00edodes lectius setmanals.<\/p>\n\n\n\n<p class=\"has-text-align-justify\">S\u2019ha de procurar que les activitats substitutives dels per\u00edodes lectius no siguin d\u2019atenci\u00f3 directa a un grup d\u2019alumnes. La direcci\u00f3 del centre les assignar\u00e0 d\u2019entre: gu\u00e0rdies de biblioteca, suport a l&#8217;equip directiu, programa de reutilitzaci\u00f3 de llibres de text, suport a les tasques administratives del centre, etc.<\/p>\n\n\n\n<p class=\"has-text-align-justify\">Els per\u00edodes de compensaci\u00f3 d\u2019hores lectives (CHL) es podran assignar sempre que quedin garantides les reunions de coordinaci\u00f3 docent i s\u2019han de col\u00b7locar, sempre que sigui possible, al principi o al final de la jornada laboral.<\/p>\n\n\n\n<p class=\"has-text-align-justify\">El requisit perqu\u00e8 un docent pugui acollir-se a qualsevol d\u2019aquestes mesures ser\u00e0 haver complert els 55 anys d\u2019edat o m\u00e9s fins al 31 de desembre del curs escolar en qu\u00e8 es vol gaudir d\u2019aquestes mesures.<\/p>\n\n\n\n<p class=\"has-text-align-justify\">La sol\u00b7licitud, segons model que adjuntam, s\u2019ha de presentar a la secretaria del centre de destinaci\u00f3 per al qual se sol\u2219licita, amb car\u00e0cter general, <strong>abans del 20 de mar\u00e7<\/strong>. El director del centre, abans del 15 d\u2019abril ha d\u2019introduir al programa de gesti\u00f3 GestIB la relaci\u00f3 de persones que han fet la sol\u00b7licitud i arxivar aquestes sol\u00b7licituds a la secretaria del centre, en l\u2019expedient del docent.<\/p>\n\n\n\n<p class=\"has-text-align-justify\">Pel que fa als docents que s\u2019incorporin al mes de setembre al centre educatiu, la direcci\u00f3 intentar\u00e0 aplicar aquesta reducci\u00f3 i, si per raons d\u2019organitzaci\u00f3 del centre no fos possible, es compensar\u00e0 amb CHL al principi o al final de la jornada laboral.<\/p>\n\n\n\n<p class=\"has-text-align-justify\">El docent que comparteix dos o m\u00e9s centres haur\u00e0 de sol\u00b7licitar la substituci\u00f3 per altres activitats sense disminuci\u00f3 retributiva en el seu centre d\u2019adscripci\u00f3.<\/p>\n\n\n\n<p class=\"has-text-align-justify\">Per acabar, des de SIAU volem recordar que tots els docents, indistintament de la relaci\u00f3 contractual que tingueu, teniu dret a accedir a les mesures exposades.<\/p>\n\n\n\n<p class=\"has-text-align-justify\">Model a emplenar per registrar a la secretaria del centre de destinaci\u00f3 per al qual se sol\u2219licita (versi\u00f3 docx i PDF):<\/p>\n\n\n\n<ul class=\"wp-block-list\">\n<li>Docx: <a href=\"https:\/\/docs.google.com\/document\/d\/1V2cjuh6cSGUeV7RglDClo32oE-5GRWcG\/edit?usp=sharing&amp;ouid=117362015726080551998&amp;rtpof=true&amp;sd=true\">https:\/\/docs.google.com\/document\/d\/1V2cjuh6cSGUeV7RglDClo32oE-5GRWcG\/edit?usp=sharing&amp;ouid=117362015726080551998&amp;rtpof=true&amp;sd=true<\/a><\/li>\n<\/ul>\n\n\n\n<ul class=\"wp-block-list\">\n<li>PDF: <a href=\"https:\/\/drive.google.com\/file\/d\/1ohgEvnasBcralZha15IMkZUqk5fnMQTH\/view?usp=sharing\">https:\/\/drive.google.com\/file\/d\/1ohgEvnasBcralZha15IMkZUqk5fnMQTH\/view?usp=sharing<\/a><\/li>\n<\/ul>\n","protected":false},"excerpt":{"rendered":"<p>Recordau que abans del 20 de mar\u00e7 podeu acollir-vos a una de les seg\u00fcents mesures: 1. Reducci\u00f3 de mitja jornada amb la corresponent disminuci\u00f3 de les retribucions. Una vegada aplicada la reducci\u00f3 de jornada, es pot substituir un per\u00edode lectiu setmanal per qualsevol de les funcions a les quals fa refer\u00e8ncia l\u2019apartat seg\u00fcent. 2. Substituci\u00f3, &hellip; <\/p>\n<p class=\"link-more\"><a href=\"https:\/\/www.siau.cat\/index.php\/2024\/02\/23\/atencio-docents-majors-de-55-anys\/\" class=\"more-link\">Continua llegint <span class=\"screen-reader-text\">\u00abAtenci\u00f3, docents majors de 55 anys!\u00bb<\/span><\/a><\/p>\n","protected":false},"author":1,"featured_media":0,"comment_status":"closed","ping_status":"open","sticky":false,"template":"","format":"standard","meta":{"_jetpack_memberships_contains_paid_content":false,"footnotes":""},"categories":[1],"tags":[],"class_list":["post-1074","post","type-post","status-publish","format-standard","hentry","category-uncategorized"],"yoast_head":"<!-- This site is optimized with the Yoast SEO plugin v25.4 - https:\/\/yoast.com\/wordpress\/plugins\/seo\/ -->\n<title>Atenci\u00f3, docents majors de 55 anys! &#8212; SIAU - SINDICAT INDEPENDENT, AUT\u00d2NOM I UNITARI<\/title>\n<meta name=\"robots\" content=\"index, follow, max-snippet:-1, max-image-preview:large, max-video-preview:-1\" \/>\n<link rel=\"canonical\" href=\"https:\/\/www.siau.cat\/index.php\/2024\/02\/23\/atencio-docents-majors-de-55-anys\/\" \/>\n<meta property=\"og:locale\" content=\"ca_ES\" \/>\n<meta property=\"og:type\" content=\"article\" \/>\n<meta property=\"og:title\" content=\"Atenci\u00f3, docents majors de 55 anys! &#8212; SIAU - SINDICAT INDEPENDENT, AUT\u00d2NOM I UNITARI\" \/>\n<meta property=\"og:description\" content=\"Recordau que abans del 20 de mar\u00e7 podeu acollir-vos a una de les seg\u00fcents mesures: 1. Reducci\u00f3 de mitja jornada amb la corresponent disminuci\u00f3 de les retribucions. Una vegada aplicada la reducci\u00f3 de jornada, es pot substituir un per\u00edode lectiu setmanal per qualsevol de les funcions a les quals fa refer\u00e8ncia l\u2019apartat seg\u00fcent. 2. Substituci\u00f3, &hellip; Continua llegint \u00abAtenci\u00f3, docents majors de 55 anys!\u00bb\" \/>\n<meta property=\"og:url\" content=\"https:\/\/www.siau.cat\/index.php\/2024\/02\/23\/atencio-docents-majors-de-55-anys\/\" \/>\n<meta property=\"og:site_name\" content=\"SIAU - SINDICAT INDEPENDENT, AUT\u00d2NOM I UNITARI\" \/>\n<meta property=\"article:published_time\" content=\"2024-02-23T20:27:20+00:00\" \/>\n<meta property=\"article:modified_time\" content=\"2024-02-23T20:29:22+00:00\" \/>\n<meta property=\"og:image\" content=\"https:\/\/www.siau.cat\/wp-content\/uploads\/2024\/02\/55-anys.jpeg\" \/>\n<meta name=\"author\" content=\"admin\" \/>\n<meta name=\"twitter:card\" content=\"summary_large_image\" \/>\n<meta name=\"twitter:label1\" content=\"Escrit per\" \/>\n\t<meta name=\"twitter:data1\" content=\"admin\" \/>\n\t<meta name=\"twitter:label2\" content=\"Temps estimat de lectura\" \/>\n\t<meta name=\"twitter:data2\" content=\"3 minuts\" \/>\n<script type=\"application\/ld+json\" class=\"yoast-schema-graph\">{\"@context\":\"https:\/\/schema.org\",\"@graph\":[{\"@type\":\"Article\",\"@id\":\"https:\/\/www.siau.cat\/index.php\/2024\/02\/23\/atencio-docents-majors-de-55-anys\/#article\",\"isPartOf\":{\"@id\":\"https:\/\/www.siau.cat\/index.php\/2024\/02\/23\/atencio-docents-majors-de-55-anys\/\"},\"author\":{\"name\":\"admin\",\"@id\":\"https:\/\/www.siau.cat\/#\/schema\/person\/810c15694a7e538934bb4be53ebcba0d\"},\"headline\":\"Atenci\u00f3, docents majors de 55 anys!\",\"datePublished\":\"2024-02-23T20:27:20+00:00\",\"dateModified\":\"2024-02-23T20:29:22+00:00\",\"mainEntityOfPage\":{\"@id\":\"https:\/\/www.siau.cat\/index.php\/2024\/02\/23\/atencio-docents-majors-de-55-anys\/\"},\"wordCount\":532,\"publisher\":{\"@id\":\"https:\/\/www.siau.cat\/#organization\"},\"image\":{\"@id\":\"https:\/\/www.siau.cat\/index.php\/2024\/02\/23\/atencio-docents-majors-de-55-anys\/#primaryimage\"},\"thumbnailUrl\":\"https:\/\/www.siau.cat\/wp-content\/uploads\/2024\/02\/55-anys.jpeg\",\"articleSection\":[\"Uncategorized\"],\"inLanguage\":\"ca\"},{\"@type\":\"WebPage\",\"@id\":\"https:\/\/www.siau.cat\/index.php\/2024\/02\/23\/atencio-docents-majors-de-55-anys\/\",\"url\":\"https:\/\/www.siau.cat\/index.php\/2024\/02\/23\/atencio-docents-majors-de-55-anys\/\",\"name\":\"Atenci\u00f3, docents majors de 55 anys! &#8212; SIAU - SINDICAT INDEPENDENT, AUT\u00d2NOM I UNITARI\",\"isPartOf\":{\"@id\":\"https:\/\/www.siau.cat\/#website\"},\"primaryImageOfPage\":{\"@id\":\"https:\/\/www.siau.cat\/index.php\/2024\/02\/23\/atencio-docents-majors-de-55-anys\/#primaryimage\"},\"image\":{\"@id\":\"https:\/\/www.siau.cat\/index.php\/2024\/02\/23\/atencio-docents-majors-de-55-anys\/#primaryimage\"},\"thumbnailUrl\":\"https:\/\/www.siau.cat\/wp-content\/uploads\/2024\/02\/55-anys.jpeg\",\"datePublished\":\"2024-02-23T20:27:20+00:00\",\"dateModified\":\"2024-02-23T20:29:22+00:00\",\"breadcrumb\":{\"@id\":\"https:\/\/www.siau.cat\/index.php\/2024\/02\/23\/atencio-docents-majors-de-55-anys\/#breadcrumb\"},\"inLanguage\":\"ca\",\"potentialAction\":[{\"@type\":\"ReadAction\",\"target\":[\"https:\/\/www.siau.cat\/index.php\/2024\/02\/23\/atencio-docents-majors-de-55-anys\/\"]}]},{\"@type\":\"ImageObject\",\"inLanguage\":\"ca\",\"@id\":\"https:\/\/www.siau.cat\/index.php\/2024\/02\/23\/atencio-docents-majors-de-55-anys\/#primaryimage\",\"url\":\"https:\/\/www.siau.cat\/wp-content\/uploads\/2024\/02\/55-anys.jpeg\",\"contentUrl\":\"https:\/\/www.siau.cat\/wp-content\/uploads\/2024\/02\/55-anys.jpeg\",\"width\":500,\"height\":500},{\"@type\":\"BreadcrumbList\",\"@id\":\"https:\/\/www.siau.cat\/index.php\/2024\/02\/23\/atencio-docents-majors-de-55-anys\/#breadcrumb\",\"itemListElement\":[{\"@type\":\"ListItem\",\"position\":1,\"name\":\"Inici\",\"item\":\"https:\/\/www.siau.cat\/\"},{\"@type\":\"ListItem\",\"position\":2,\"name\":\"Atenci\u00f3, docents majors de 55 anys!\"}]},{\"@type\":\"WebSite\",\"@id\":\"https:\/\/www.siau.cat\/#website\",\"url\":\"https:\/\/www.siau.cat\/\",\"name\":\"SIAU - SINDICAT INDEPENDENT, AUT\u00d2NOM I UNITARI\",\"description\":\"Ara s&iacute; que tenim la veu\",\"publisher\":{\"@id\":\"https:\/\/www.siau.cat\/#organization\"},\"potentialAction\":[{\"@type\":\"SearchAction\",\"target\":{\"@type\":\"EntryPoint\",\"urlTemplate\":\"https:\/\/www.siau.cat\/?s={search_term_string}\"},\"query-input\":{\"@type\":\"PropertyValueSpecification\",\"valueRequired\":true,\"valueName\":\"search_term_string\"}}],\"inLanguage\":\"ca\"},{\"@type\":\"Organization\",\"@id\":\"https:\/\/www.siau.cat\/#organization\",\"name\":\"SIAU\",\"url\":\"https:\/\/www.siau.cat\/\",\"logo\":{\"@type\":\"ImageObject\",\"inLanguage\":\"ca\",\"@id\":\"https:\/\/www.siau.cat\/#\/schema\/logo\/image\/\",\"url\":\"https:\/\/www.siau.cat\/wp-content\/uploads\/2022\/03\/cropped-resized_LOGO-SIAU-5-e1652020847972.jpg\",\"contentUrl\":\"https:\/\/www.siau.cat\/wp-content\/uploads\/2022\/03\/cropped-resized_LOGO-SIAU-5-e1652020847972.jpg\",\"width\":1600,\"height\":1200,\"caption\":\"SIAU\"},\"image\":{\"@id\":\"https:\/\/www.siau.cat\/#\/schema\/logo\/image\/\"}},{\"@type\":\"Person\",\"@id\":\"https:\/\/www.siau.cat\/#\/schema\/person\/810c15694a7e538934bb4be53ebcba0d\",\"name\":\"admin\",\"image\":{\"@type\":\"ImageObject\",\"inLanguage\":\"ca\",\"@id\":\"https:\/\/www.siau.cat\/#\/schema\/person\/image\/\",\"url\":\"https:\/\/www.siau.cat\/wp-content\/litespeed\/avatar\/d73ebfac3daa0b52552b2ccea63469da.jpg?ver=1777403609\",\"contentUrl\":\"https:\/\/www.siau.cat\/wp-content\/litespeed\/avatar\/d73ebfac3daa0b52552b2ccea63469da.jpg?ver=1777403609\",\"caption\":\"admin\"},\"sameAs\":[\"https:\/\/www.siau.cat\"],\"url\":\"https:\/\/www.siau.cat\/index.php\/author\/admin\/\"}]}<\/script>\n<!-- \/ Yoast SEO plugin. -->","yoast_head_json":{"title":"Atenci\u00f3, docents majors de 55 anys! &#8212; SIAU - SINDICAT INDEPENDENT, AUT\u00d2NOM I UNITARI","robots":{"index":"index","follow":"follow","max-snippet":"max-snippet:-1","max-image-preview":"max-image-preview:large","max-video-preview":"max-video-preview:-1"},"canonical":"https:\/\/www.siau.cat\/index.php\/2024\/02\/23\/atencio-docents-majors-de-55-anys\/","og_locale":"ca_ES","og_type":"article","og_title":"Atenci\u00f3, docents majors de 55 anys! &#8212; SIAU - SINDICAT INDEPENDENT, AUT\u00d2NOM I UNITARI","og_description":"Recordau que abans del 20 de mar\u00e7 podeu acollir-vos a una de les seg\u00fcents mesures: 1. Reducci\u00f3 de mitja jornada amb la corresponent disminuci\u00f3 de les retribucions. Una vegada aplicada la reducci\u00f3 de jornada, es pot substituir un per\u00edode lectiu setmanal per qualsevol de les funcions a les quals fa refer\u00e8ncia l\u2019apartat seg\u00fcent. 2. Substituci\u00f3, &hellip; Continua llegint \u00abAtenci\u00f3, docents majors de 55 anys!\u00bb","og_url":"https:\/\/www.siau.cat\/index.php\/2024\/02\/23\/atencio-docents-majors-de-55-anys\/","og_site_name":"SIAU - SINDICAT INDEPENDENT, AUT\u00d2NOM I UNITARI","article_published_time":"2024-02-23T20:27:20+00:00","article_modified_time":"2024-02-23T20:29:22+00:00","og_image":[{"url":"https:\/\/www.siau.cat\/wp-content\/uploads\/2024\/02\/55-anys.jpeg","type":"","width":"","height":""}],"author":"admin","twitter_card":"summary_large_image","twitter_misc":{"Escrit per":"admin","Temps estimat de lectura":"3 minuts"},"schema":{"@context":"https:\/\/schema.org","@graph":[{"@type":"Article","@id":"https:\/\/www.siau.cat\/index.php\/2024\/02\/23\/atencio-docents-majors-de-55-anys\/#article","isPartOf":{"@id":"https:\/\/www.siau.cat\/index.php\/2024\/02\/23\/atencio-docents-majors-de-55-anys\/"},"author":{"name":"admin","@id":"https:\/\/www.siau.cat\/#\/schema\/person\/810c15694a7e538934bb4be53ebcba0d"},"headline":"Atenci\u00f3, docents majors de 55 anys!","datePublished":"2024-02-23T20:27:20+00:00","dateModified":"2024-02-23T20:29:22+00:00","mainEntityOfPage":{"@id":"https:\/\/www.siau.cat\/index.php\/2024\/02\/23\/atencio-docents-majors-de-55-anys\/"},"wordCount":532,"publisher":{"@id":"https:\/\/www.siau.cat\/#organization"},"image":{"@id":"https:\/\/www.siau.cat\/index.php\/2024\/02\/23\/atencio-docents-majors-de-55-anys\/#primaryimage"},"thumbnailUrl":"https:\/\/www.siau.cat\/wp-content\/uploads\/2024\/02\/55-anys.jpeg","articleSection":["Uncategorized"],"inLanguage":"ca"},{"@type":"WebPage","@id":"https:\/\/www.siau.cat\/index.php\/2024\/02\/23\/atencio-docents-majors-de-55-anys\/","url":"https:\/\/www.siau.cat\/index.php\/2024\/02\/23\/atencio-docents-majors-de-55-anys\/","name":"Atenci\u00f3, docents majors de 55 anys! &#8212; SIAU - SINDICAT INDEPENDENT, AUT\u00d2NOM I UNITARI","isPartOf":{"@id":"https:\/\/www.siau.cat\/#website"},"primaryImageOfPage":{"@id":"https:\/\/www.siau.cat\/index.php\/2024\/02\/23\/atencio-docents-majors-de-55-anys\/#primaryimage"},"image":{"@id":"https:\/\/www.siau.cat\/index.php\/2024\/02\/23\/atencio-docents-majors-de-55-anys\/#primaryimage"},"thumbnailUrl":"https:\/\/www.siau.cat\/wp-content\/uploads\/2024\/02\/55-anys.jpeg","datePublished":"2024-02-23T20:27:20+00:00","dateModified":"2024-02-23T20:29:22+00:00","breadcrumb":{"@id":"https:\/\/www.siau.cat\/index.php\/2024\/02\/23\/atencio-docents-majors-de-55-anys\/#breadcrumb"},"inLanguage":"ca","potentialAction":[{"@type":"ReadAction","target":["https:\/\/www.siau.cat\/index.php\/2024\/02\/23\/atencio-docents-majors-de-55-anys\/"]}]},{"@type":"ImageObject","inLanguage":"ca","@id":"https:\/\/www.siau.cat\/index.php\/2024\/02\/23\/atencio-docents-majors-de-55-anys\/#primaryimage","url":"https:\/\/www.siau.cat\/wp-content\/uploads\/2024\/02\/55-anys.jpeg","contentUrl":"https:\/\/www.siau.cat\/wp-content\/uploads\/2024\/02\/55-anys.jpeg","width":500,"height":500},{"@type":"BreadcrumbList","@id":"https:\/\/www.siau.cat\/index.php\/2024\/02\/23\/atencio-docents-majors-de-55-anys\/#breadcrumb","itemListElement":[{"@type":"ListItem","position":1,"name":"Inici","item":"https:\/\/www.siau.cat\/"},{"@type":"ListItem","position":2,"name":"Atenci\u00f3, docents majors de 55 anys!"}]},{"@type":"WebSite","@id":"https:\/\/www.siau.cat\/#website","url":"https:\/\/www.siau.cat\/","name":"SIAU - SINDICAT INDEPENDENT, AUT\u00d2NOM I UNITARI","description":"Ara s&iacute; que tenim la veu","publisher":{"@id":"https:\/\/www.siau.cat\/#organization"},"potentialAction":[{"@type":"SearchAction","target":{"@type":"EntryPoint","urlTemplate":"https:\/\/www.siau.cat\/?s={search_term_string}"},"query-input":{"@type":"PropertyValueSpecification","valueRequired":true,"valueName":"search_term_string"}}],"inLanguage":"ca"},{"@type":"Organization","@id":"https:\/\/www.siau.cat\/#organization","name":"SIAU","url":"https:\/\/www.siau.cat\/","logo":{"@type":"ImageObject","inLanguage":"ca","@id":"https:\/\/www.siau.cat\/#\/schema\/logo\/image\/","url":"https:\/\/www.siau.cat\/wp-content\/uploads\/2022\/03\/cropped-resized_LOGO-SIAU-5-e1652020847972.jpg","contentUrl":"https:\/\/www.siau.cat\/wp-content\/uploads\/2022\/03\/cropped-resized_LOGO-SIAU-5-e1652020847972.jpg","width":1600,"height":1200,"caption":"SIAU"},"image":{"@id":"https:\/\/www.siau.cat\/#\/schema\/logo\/image\/"}},{"@type":"Person","@id":"https:\/\/www.siau.cat\/#\/schema\/person\/810c15694a7e538934bb4be53ebcba0d","name":"admin","image":{"@type":"ImageObject","inLanguage":"ca","@id":"https:\/\/www.siau.cat\/#\/schema\/person\/image\/","url":"https:\/\/www.siau.cat\/wp-content\/litespeed\/avatar\/d73ebfac3daa0b52552b2ccea63469da.jpg?ver=1777403609","contentUrl":"https:\/\/www.siau.cat\/wp-content\/litespeed\/avatar\/d73ebfac3daa0b52552b2ccea63469da.jpg?ver=1777403609","caption":"admin"},"sameAs":["https:\/\/www.siau.cat"],"url":"https:\/\/www.siau.cat\/index.php\/author\/admin\/"}]}},"jetpack_featured_media_url":"","jetpack_sharing_enabled":true,"_links":{"self":[{"href":"https:\/\/www.siau.cat\/index.php\/wp-json\/wp\/v2\/posts\/1074","targetHints":{"allow":["GET"]}}],"collection":[{"href":"https:\/\/www.siau.cat\/index.php\/wp-json\/wp\/v2\/posts"}],"about":[{"href":"https:\/\/www.siau.cat\/index.php\/wp-json\/wp\/v2\/types\/post"}],"author":[{"embeddable":true,"href":"https:\/\/www.siau.cat\/index.php\/wp-json\/wp\/v2\/users\/1"}],"replies":[{"embeddable":true,"href":"https:\/\/www.siau.cat\/index.php\/wp-json\/wp\/v2\/comments?post=1074"}],"version-history":[{"count":2,"href":"https:\/\/www.siau.cat\/index.php\/wp-json\/wp\/v2\/posts\/1074\/revisions"}],"predecessor-version":[{"id":1077,"href":"https:\/\/www.siau.cat\/index.php\/wp-json\/wp\/v2\/posts\/1074\/revisions\/1077"}],"wp:attachment":[{"href":"https:\/\/www.siau.cat\/index.php\/wp-json\/wp\/v2\/media?parent=1074"}],"wp:term":[{"taxonomy":"category","embeddable":true,"href":"https:\/\/www.siau.cat\/index.php\/wp-json\/wp\/v2\/categories?post=1074"},{"taxonomy":"post_tag","embeddable":true,"href":"https:\/\/www.siau.cat\/index.php\/wp-json\/wp\/v2\/tags?post=1074"}],"curies":[{"name":"wp","href":"https:\/\/api.w.org\/{rel}","templated":true}]}}