{"id":1595,"date":"2025-02-03T13:32:03","date_gmt":"2025-02-03T13:32:03","guid":{"rendered":"https:\/\/www.siau.cat\/?p=1595"},"modified":"2025-02-03T13:32:06","modified_gmt":"2025-02-03T13:32:06","slug":"la-conselleria-deducacio-preten-publicar-una-nova-convocatoria-dinterins-que-dinamita-leducacio-publica-de-les-illes","status":"publish","type":"post","link":"https:\/\/www.siau.cat\/index.php\/2025\/02\/03\/la-conselleria-deducacio-preten-publicar-una-nova-convocatoria-dinterins-que-dinamita-leducacio-publica-de-les-illes\/","title":{"rendered":"La Conselleria d\u2019Educaci\u00f3 pret\u00e9n publicar una nova convocat\u00f2ria d\u2019interins que dinamita l\u2019educaci\u00f3 p\u00fablica de les illes"},"content":{"rendered":"\n<figure class=\"wp-block-image size-large\"><img loading=\"lazy\" decoding=\"async\" width=\"1024\" height=\"683\" src=\"https:\/\/www.siau.cat\/wp-content\/uploads\/2025\/02\/Classe-1024x683.webp\" alt=\"\" class=\"wp-image-1596\" srcset=\"https:\/\/www.siau.cat\/wp-content\/uploads\/2025\/02\/Classe-1024x683.webp 1024w, https:\/\/www.siau.cat\/wp-content\/uploads\/2025\/02\/Classe-350x233.webp 350w, https:\/\/www.siau.cat\/wp-content\/uploads\/2025\/02\/Classe-300x200.webp 300w, https:\/\/www.siau.cat\/wp-content\/uploads\/2025\/02\/Classe-768x512.webp 768w, https:\/\/www.siau.cat\/wp-content\/uploads\/2025\/02\/Classe-1536x1024.webp 1536w, https:\/\/www.siau.cat\/wp-content\/uploads\/2025\/02\/Classe-2048x1366.webp 2048w, https:\/\/www.siau.cat\/wp-content\/uploads\/2025\/02\/Classe-24x16.webp 24w, https:\/\/www.siau.cat\/wp-content\/uploads\/2025\/02\/Classe-36x24.webp 36w, https:\/\/www.siau.cat\/wp-content\/uploads\/2025\/02\/Classe-48x32.webp 48w\" sizes=\"auto, (max-width: 767px) 89vw, (max-width: 1000px) 54vw, (max-width: 1071px) 543px, 580px\" \/><\/figure>\n\n\n\n<p>Des del Sindicat Independent, Aut\u00f2nom i Unitari (SIAU) volem expressar la nostra m\u00e9s en\u00e8rgica condemna davant la nova mesura anunciada per la Conselleria d&#8217;Educaci\u00f3, que pret\u00e9n publicar una <strong>nova convocat\u00f2ria d\u2019interins que dinamitar\u00e0 l\u2019educaci\u00f3 p\u00fablica<\/strong> <strong>de les Illes Balears<\/strong>.\u00a0<\/p>\n\n\n\n<p>En primer lloc, vol mantenir un <strong>r\u00e8gim disciplinari discriminatori entre els funcionaris de carrera i els interins<\/strong>. La Conselleria ha decidit mantenir una normativa que sanciona els interins amb un r\u00e8gim radicalment desigual respecte al dels funcionaris de carrera. Concretament, si un inter\u00ed comet una falta lleu i \u00e9s susp\u00e8s un sol dia de sou i funcions, tot i aix\u00f2, podr\u00e0 ser expulsat de la borsa d&#8217;interins durant un curs sencer. Si la sanci\u00f3 fos greu i arriba, per exemple, als onze dies de suspensi\u00f3, l&#8217;expulsi\u00f3 de la borsa s&#8217;allargar\u00e0 fins a dos cursos sencers. Aquesta mesura resulta totalment desproporcionada i discriminat\u00f2ria, ja que el funcionariat de carrera no pateix sancions tan greus ni t\u00e9 aquesta mena de restriccions extra en els seus drets laborals. Aquest r\u00e8gim disciplinari clarament infringeix els drets establerts per la Constituci\u00f3 espanyola i l&#8217;Estatut B\u00e0sic de l&#8217;Empleat P\u00fablic, que garanteixen un tracte igualitari entre tots els treballadors p\u00fablics, independentment del seu tipus de contracte o vinculaci\u00f3. Des de SIAU no tolerarem aquesta discriminaci\u00f3 ni aquesta il\u00b7legalitat i, si finalment s&#8217;implementa aquesta mesura, recorrerem als jutjats.<\/p>\n\n\n\n<p>En segon lloc, la Conselleria, tot i expulsar permanentment a docents de la borsa d&#8217;interins, com hem denunciat darrerament, i animar-los a buscar altres feines, <strong>continua mentint, afirmant que el problema de manca de professorat es resoldr\u00e0<\/strong> <strong>amb m\u00e9s oposicions i una ampliaci\u00f3 del llistat de titulacions que donen acc\u00e9s a certes especialitats<\/strong>. Aquesta postura nom\u00e9s evidencia la seva incapacitat per afrontar de manera efectiva la crisi del sistema educatiu, que arrossega des de fa temps. Des de SIAU, denunciam que aquesta mesura \u00e9s un intent clar de buidar la borsa d&#8217;interins, i fins i tot, de portar-la a un col\u00b7lapse total. La situaci\u00f3 ha arribat a un extrem tan absurd que s&#8217;estan adjudicant llocs per a docents que no tenen cap mena de formaci\u00f3 ni especialitzaci\u00f3 en la mat\u00e8ria que imparteixen. Mentrestant, els docents formats i especialitzats en les seves mat\u00e8ries s\u00f3n expulsats o se&#8217;ls anima a buscar altres sortides professionals. Aquesta situaci\u00f3 posa en perill la qualitat educativa i crea un precedent perill\u00f3s que obre les portes a l\u2019intrusisme laboral en l&#8217;educaci\u00f3 p\u00fablica. \u00c9s vergony\u00f3s que la Conselleria decideixi no fer una depuraci\u00f3 adequada de les llistes d\u2019interins, tot i que tenen la responsabilitat de retirar, per exemple, persones difuntes o jubilades. En lloc de fer aquest treball de manera rigorosa, han decidit expulsar a tot aquell que no s\u2019inscrigui a la pr\u00f2xima convocat\u00f2ria, en un intent d\u2019eliminar de manera arbitr\u00e0ria docents amb experi\u00e8ncia i formaci\u00f3.<\/p>\n\n\n\n<p>Finalment, en tercer lloc, volem denunciar <strong>la mesura m\u00e9s greu de totes: la pretensi\u00f3 d\u2019obrir les convocat\u00f2ries a especialitats que no tenen res a veure amb la titulaci\u00f3 universit\u00e0ria del docent<\/strong>. Hem observat nombrosos casos on amb nom\u00e9s 30 cr\u00e8dits en l&#8217;especialitat, o fins i tot sense cap formaci\u00f3 espec\u00edfica, es permetr\u00e0 que el professorat exerceixi com a docent en mat\u00e8ries per a les quals no t\u00e9 formaci\u00f3 ni experi\u00e8ncia. Aix\u00f2 posa en perill la qualitat educativa i acaba de desmantellar el nostre sistema p\u00fablic. Mai en la hist\u00f2ria d\u2019aquestes illes, una Direcci\u00f3 General de Personal Docent s\u2019havia atrevit a desmantellar de manera tan descarada l\u2019ensenyament p\u00fablic i desproveir-la d\u2019un m\u00ednim de qualitat.&nbsp;<\/p>\n\n\n\n<p>Des de SIAU <strong>exigim responsabilitats urgents i instam a la Conselleria d\u2019Educaci\u00f3 a retirar immediatament aquest esborrany de convocat\u00f2ria d\u2019interins<\/strong>, aix\u00ed com prendre mesures concretes i eficaces per solucionar els problemes del sistema educatiu de les Illes Balears. \u00c9s imprescindible que la Direcci\u00f3 General de Personal Docent sigui dirigida per persones capacitades per gestionar i resoldre les problem\u00e0tiques que arrossegam i no fan m\u00e9s que augmentar. Fins ara l\u2019\u00fanic que han fet \u00e9s empitjorar les nostres condicions laborals i educatives. Insistim que no permetrem que les decisions err\u00f2nies d&#8217;uns pocs continu\u00efn enfonsant l&#8217;educaci\u00f3 p\u00fablica de les Illes Balears. \u00c9s imprescindible acabar amb aquesta gesti\u00f3 desastrosa i treballar per garantir un sistema educatiu de qualitat per als nostres infants.<\/p>\n","protected":false},"excerpt":{"rendered":"<p>Des del Sindicat Independent, Aut\u00f2nom i Unitari (SIAU) volem expressar la nostra m\u00e9s en\u00e8rgica condemna davant la nova mesura anunciada per la Conselleria d&#8217;Educaci\u00f3, que pret\u00e9n publicar una nova convocat\u00f2ria d\u2019interins que dinamitar\u00e0 l\u2019educaci\u00f3 p\u00fablica de les Illes Balears.\u00a0 En primer lloc, vol mantenir un r\u00e8gim disciplinari discriminatori entre els funcionaris de carrera i els &hellip; <\/p>\n<p class=\"link-more\"><a href=\"https:\/\/www.siau.cat\/index.php\/2025\/02\/03\/la-conselleria-deducacio-preten-publicar-una-nova-convocatoria-dinterins-que-dinamita-leducacio-publica-de-les-illes\/\" class=\"more-link\">Continua llegint <span class=\"screen-reader-text\">\u00abLa Conselleria d\u2019Educaci\u00f3 pret\u00e9n publicar una nova convocat\u00f2ria d\u2019interins que dinamita l\u2019educaci\u00f3 p\u00fablica de les illes\u00bb<\/span><\/a><\/p>\n","protected":false},"author":1,"featured_media":0,"comment_status":"closed","ping_status":"open","sticky":false,"template":"","format":"standard","meta":{"_jetpack_memberships_contains_paid_content":false,"footnotes":""},"categories":[1],"tags":[],"class_list":["post-1595","post","type-post","status-publish","format-standard","hentry","category-uncategorized"],"yoast_head":"<!-- This site is optimized with the Yoast SEO plugin v25.4 - https:\/\/yoast.com\/wordpress\/plugins\/seo\/ -->\n<title>La Conselleria d\u2019Educaci\u00f3 pret\u00e9n publicar una nova convocat\u00f2ria d\u2019interins que dinamita l\u2019educaci\u00f3 p\u00fablica de les illes &#8212; SIAU - SINDICAT INDEPENDENT, AUT\u00d2NOM I UNITARI<\/title>\n<meta name=\"robots\" content=\"index, follow, max-snippet:-1, max-image-preview:large, max-video-preview:-1\" \/>\n<link rel=\"canonical\" href=\"https:\/\/www.siau.cat\/index.php\/2025\/02\/03\/la-conselleria-deducacio-preten-publicar-una-nova-convocatoria-dinterins-que-dinamita-leducacio-publica-de-les-illes\/\" \/>\n<meta property=\"og:locale\" content=\"ca_ES\" \/>\n<meta property=\"og:type\" content=\"article\" \/>\n<meta property=\"og:title\" content=\"La Conselleria d\u2019Educaci\u00f3 pret\u00e9n publicar una nova convocat\u00f2ria d\u2019interins que dinamita l\u2019educaci\u00f3 p\u00fablica de les illes &#8212; SIAU - SINDICAT INDEPENDENT, AUT\u00d2NOM I UNITARI\" \/>\n<meta property=\"og:description\" content=\"Des del Sindicat Independent, Aut\u00f2nom i Unitari (SIAU) volem expressar la nostra m\u00e9s en\u00e8rgica condemna davant la nova mesura anunciada per la Conselleria d&#8217;Educaci\u00f3, que pret\u00e9n publicar una nova convocat\u00f2ria d\u2019interins que dinamitar\u00e0 l\u2019educaci\u00f3 p\u00fablica de les Illes Balears.\u00a0 En primer lloc, vol mantenir un r\u00e8gim disciplinari discriminatori entre els funcionaris de carrera i els &hellip; Continua llegint \u00abLa Conselleria d\u2019Educaci\u00f3 pret\u00e9n publicar una nova convocat\u00f2ria d\u2019interins que dinamita l\u2019educaci\u00f3 p\u00fablica de les illes\u00bb\" \/>\n<meta property=\"og:url\" content=\"https:\/\/www.siau.cat\/index.php\/2025\/02\/03\/la-conselleria-deducacio-preten-publicar-una-nova-convocatoria-dinterins-que-dinamita-leducacio-publica-de-les-illes\/\" \/>\n<meta property=\"og:site_name\" content=\"SIAU - SINDICAT INDEPENDENT, AUT\u00d2NOM I UNITARI\" \/>\n<meta property=\"article:published_time\" content=\"2025-02-03T13:32:03+00:00\" \/>\n<meta property=\"article:modified_time\" content=\"2025-02-03T13:32:06+00:00\" \/>\n<meta property=\"og:image\" content=\"https:\/\/www.siau.cat\/wp-content\/uploads\/2025\/02\/Classe-1024x683.webp\" \/>\n<meta name=\"author\" content=\"admin\" \/>\n<meta name=\"twitter:card\" content=\"summary_large_image\" \/>\n<meta name=\"twitter:label1\" content=\"Escrit per\" \/>\n\t<meta name=\"twitter:data1\" content=\"admin\" \/>\n\t<meta name=\"twitter:label2\" content=\"Temps estimat de lectura\" \/>\n\t<meta name=\"twitter:data2\" content=\"4 minuts\" \/>\n<script type=\"application\/ld+json\" class=\"yoast-schema-graph\">{\"@context\":\"https:\/\/schema.org\",\"@graph\":[{\"@type\":\"Article\",\"@id\":\"https:\/\/www.siau.cat\/index.php\/2025\/02\/03\/la-conselleria-deducacio-preten-publicar-una-nova-convocatoria-dinterins-que-dinamita-leducacio-publica-de-les-illes\/#article\",\"isPartOf\":{\"@id\":\"https:\/\/www.siau.cat\/index.php\/2025\/02\/03\/la-conselleria-deducacio-preten-publicar-una-nova-convocatoria-dinterins-que-dinamita-leducacio-publica-de-les-illes\/\"},\"author\":{\"name\":\"admin\",\"@id\":\"https:\/\/www.siau.cat\/#\/schema\/person\/810c15694a7e538934bb4be53ebcba0d\"},\"headline\":\"La Conselleria d\u2019Educaci\u00f3 pret\u00e9n publicar una nova convocat\u00f2ria d\u2019interins que dinamita l\u2019educaci\u00f3 p\u00fablica de les illes\",\"datePublished\":\"2025-02-03T13:32:03+00:00\",\"dateModified\":\"2025-02-03T13:32:06+00:00\",\"mainEntityOfPage\":{\"@id\":\"https:\/\/www.siau.cat\/index.php\/2025\/02\/03\/la-conselleria-deducacio-preten-publicar-una-nova-convocatoria-dinterins-que-dinamita-leducacio-publica-de-les-illes\/\"},\"wordCount\":786,\"publisher\":{\"@id\":\"https:\/\/www.siau.cat\/#organization\"},\"image\":{\"@id\":\"https:\/\/www.siau.cat\/index.php\/2025\/02\/03\/la-conselleria-deducacio-preten-publicar-una-nova-convocatoria-dinterins-que-dinamita-leducacio-publica-de-les-illes\/#primaryimage\"},\"thumbnailUrl\":\"https:\/\/www.siau.cat\/wp-content\/uploads\/2025\/02\/Classe-1024x683.webp\",\"articleSection\":[\"Uncategorized\"],\"inLanguage\":\"ca\"},{\"@type\":\"WebPage\",\"@id\":\"https:\/\/www.siau.cat\/index.php\/2025\/02\/03\/la-conselleria-deducacio-preten-publicar-una-nova-convocatoria-dinterins-que-dinamita-leducacio-publica-de-les-illes\/\",\"url\":\"https:\/\/www.siau.cat\/index.php\/2025\/02\/03\/la-conselleria-deducacio-preten-publicar-una-nova-convocatoria-dinterins-que-dinamita-leducacio-publica-de-les-illes\/\",\"name\":\"La Conselleria d\u2019Educaci\u00f3 pret\u00e9n publicar una nova convocat\u00f2ria d\u2019interins que dinamita l\u2019educaci\u00f3 p\u00fablica de les illes &#8212; SIAU - SINDICAT INDEPENDENT, AUT\u00d2NOM I UNITARI\",\"isPartOf\":{\"@id\":\"https:\/\/www.siau.cat\/#website\"},\"primaryImageOfPage\":{\"@id\":\"https:\/\/www.siau.cat\/index.php\/2025\/02\/03\/la-conselleria-deducacio-preten-publicar-una-nova-convocatoria-dinterins-que-dinamita-leducacio-publica-de-les-illes\/#primaryimage\"},\"image\":{\"@id\":\"https:\/\/www.siau.cat\/index.php\/2025\/02\/03\/la-conselleria-deducacio-preten-publicar-una-nova-convocatoria-dinterins-que-dinamita-leducacio-publica-de-les-illes\/#primaryimage\"},\"thumbnailUrl\":\"https:\/\/www.siau.cat\/wp-content\/uploads\/2025\/02\/Classe-1024x683.webp\",\"datePublished\":\"2025-02-03T13:32:03+00:00\",\"dateModified\":\"2025-02-03T13:32:06+00:00\",\"breadcrumb\":{\"@id\":\"https:\/\/www.siau.cat\/index.php\/2025\/02\/03\/la-conselleria-deducacio-preten-publicar-una-nova-convocatoria-dinterins-que-dinamita-leducacio-publica-de-les-illes\/#breadcrumb\"},\"inLanguage\":\"ca\",\"potentialAction\":[{\"@type\":\"ReadAction\",\"target\":[\"https:\/\/www.siau.cat\/index.php\/2025\/02\/03\/la-conselleria-deducacio-preten-publicar-una-nova-convocatoria-dinterins-que-dinamita-leducacio-publica-de-les-illes\/\"]}]},{\"@type\":\"ImageObject\",\"inLanguage\":\"ca\",\"@id\":\"https:\/\/www.siau.cat\/index.php\/2025\/02\/03\/la-conselleria-deducacio-preten-publicar-una-nova-convocatoria-dinterins-que-dinamita-leducacio-publica-de-les-illes\/#primaryimage\",\"url\":\"https:\/\/www.siau.cat\/wp-content\/uploads\/2025\/02\/Classe-1024x683.webp\",\"contentUrl\":\"https:\/\/www.siau.cat\/wp-content\/uploads\/2025\/02\/Classe-1024x683.webp\"},{\"@type\":\"BreadcrumbList\",\"@id\":\"https:\/\/www.siau.cat\/index.php\/2025\/02\/03\/la-conselleria-deducacio-preten-publicar-una-nova-convocatoria-dinterins-que-dinamita-leducacio-publica-de-les-illes\/#breadcrumb\",\"itemListElement\":[{\"@type\":\"ListItem\",\"position\":1,\"name\":\"Inici\",\"item\":\"https:\/\/www.siau.cat\/\"},{\"@type\":\"ListItem\",\"position\":2,\"name\":\"La Conselleria d\u2019Educaci\u00f3 pret\u00e9n publicar una nova convocat\u00f2ria d\u2019interins que dinamita l\u2019educaci\u00f3 p\u00fablica de les illes\"}]},{\"@type\":\"WebSite\",\"@id\":\"https:\/\/www.siau.cat\/#website\",\"url\":\"https:\/\/www.siau.cat\/\",\"name\":\"SIAU - SINDICAT INDEPENDENT, AUT\u00d2NOM I UNITARI\",\"description\":\"Ara s&iacute; que tenim la veu\",\"publisher\":{\"@id\":\"https:\/\/www.siau.cat\/#organization\"},\"potentialAction\":[{\"@type\":\"SearchAction\",\"target\":{\"@type\":\"EntryPoint\",\"urlTemplate\":\"https:\/\/www.siau.cat\/?s={search_term_string}\"},\"query-input\":{\"@type\":\"PropertyValueSpecification\",\"valueRequired\":true,\"valueName\":\"search_term_string\"}}],\"inLanguage\":\"ca\"},{\"@type\":\"Organization\",\"@id\":\"https:\/\/www.siau.cat\/#organization\",\"name\":\"SIAU\",\"url\":\"https:\/\/www.siau.cat\/\",\"logo\":{\"@type\":\"ImageObject\",\"inLanguage\":\"ca\",\"@id\":\"https:\/\/www.siau.cat\/#\/schema\/logo\/image\/\",\"url\":\"https:\/\/www.siau.cat\/wp-content\/uploads\/2022\/03\/cropped-resized_LOGO-SIAU-5-e1652020847972.jpg\",\"contentUrl\":\"https:\/\/www.siau.cat\/wp-content\/uploads\/2022\/03\/cropped-resized_LOGO-SIAU-5-e1652020847972.jpg\",\"width\":1600,\"height\":1200,\"caption\":\"SIAU\"},\"image\":{\"@id\":\"https:\/\/www.siau.cat\/#\/schema\/logo\/image\/\"}},{\"@type\":\"Person\",\"@id\":\"https:\/\/www.siau.cat\/#\/schema\/person\/810c15694a7e538934bb4be53ebcba0d\",\"name\":\"admin\",\"image\":{\"@type\":\"ImageObject\",\"inLanguage\":\"ca\",\"@id\":\"https:\/\/www.siau.cat\/#\/schema\/person\/image\/\",\"url\":\"https:\/\/www.siau.cat\/wp-content\/litespeed\/avatar\/d73ebfac3daa0b52552b2ccea63469da.jpg?ver=1777403609\",\"contentUrl\":\"https:\/\/www.siau.cat\/wp-content\/litespeed\/avatar\/d73ebfac3daa0b52552b2ccea63469da.jpg?ver=1777403609\",\"caption\":\"admin\"},\"sameAs\":[\"https:\/\/www.siau.cat\"],\"url\":\"https:\/\/www.siau.cat\/index.php\/author\/admin\/\"}]}<\/script>\n<!-- \/ Yoast SEO plugin. -->","yoast_head_json":{"title":"La Conselleria d\u2019Educaci\u00f3 pret\u00e9n publicar una nova convocat\u00f2ria d\u2019interins que dinamita l\u2019educaci\u00f3 p\u00fablica de les illes &#8212; SIAU - SINDICAT INDEPENDENT, AUT\u00d2NOM I UNITARI","robots":{"index":"index","follow":"follow","max-snippet":"max-snippet:-1","max-image-preview":"max-image-preview:large","max-video-preview":"max-video-preview:-1"},"canonical":"https:\/\/www.siau.cat\/index.php\/2025\/02\/03\/la-conselleria-deducacio-preten-publicar-una-nova-convocatoria-dinterins-que-dinamita-leducacio-publica-de-les-illes\/","og_locale":"ca_ES","og_type":"article","og_title":"La Conselleria d\u2019Educaci\u00f3 pret\u00e9n publicar una nova convocat\u00f2ria d\u2019interins que dinamita l\u2019educaci\u00f3 p\u00fablica de les illes &#8212; SIAU - SINDICAT INDEPENDENT, AUT\u00d2NOM I UNITARI","og_description":"Des del Sindicat Independent, Aut\u00f2nom i Unitari (SIAU) volem expressar la nostra m\u00e9s en\u00e8rgica condemna davant la nova mesura anunciada per la Conselleria d&#8217;Educaci\u00f3, que pret\u00e9n publicar una nova convocat\u00f2ria d\u2019interins que dinamitar\u00e0 l\u2019educaci\u00f3 p\u00fablica de les Illes Balears.\u00a0 En primer lloc, vol mantenir un r\u00e8gim disciplinari discriminatori entre els funcionaris de carrera i els &hellip; Continua llegint \u00abLa Conselleria d\u2019Educaci\u00f3 pret\u00e9n publicar una nova convocat\u00f2ria d\u2019interins que dinamita l\u2019educaci\u00f3 p\u00fablica de les illes\u00bb","og_url":"https:\/\/www.siau.cat\/index.php\/2025\/02\/03\/la-conselleria-deducacio-preten-publicar-una-nova-convocatoria-dinterins-que-dinamita-leducacio-publica-de-les-illes\/","og_site_name":"SIAU - SINDICAT INDEPENDENT, AUT\u00d2NOM I UNITARI","article_published_time":"2025-02-03T13:32:03+00:00","article_modified_time":"2025-02-03T13:32:06+00:00","og_image":[{"url":"https:\/\/www.siau.cat\/wp-content\/uploads\/2025\/02\/Classe-1024x683.webp","type":"","width":"","height":""}],"author":"admin","twitter_card":"summary_large_image","twitter_misc":{"Escrit per":"admin","Temps estimat de lectura":"4 minuts"},"schema":{"@context":"https:\/\/schema.org","@graph":[{"@type":"Article","@id":"https:\/\/www.siau.cat\/index.php\/2025\/02\/03\/la-conselleria-deducacio-preten-publicar-una-nova-convocatoria-dinterins-que-dinamita-leducacio-publica-de-les-illes\/#article","isPartOf":{"@id":"https:\/\/www.siau.cat\/index.php\/2025\/02\/03\/la-conselleria-deducacio-preten-publicar-una-nova-convocatoria-dinterins-que-dinamita-leducacio-publica-de-les-illes\/"},"author":{"name":"admin","@id":"https:\/\/www.siau.cat\/#\/schema\/person\/810c15694a7e538934bb4be53ebcba0d"},"headline":"La Conselleria d\u2019Educaci\u00f3 pret\u00e9n publicar una nova convocat\u00f2ria d\u2019interins que dinamita l\u2019educaci\u00f3 p\u00fablica de les illes","datePublished":"2025-02-03T13:32:03+00:00","dateModified":"2025-02-03T13:32:06+00:00","mainEntityOfPage":{"@id":"https:\/\/www.siau.cat\/index.php\/2025\/02\/03\/la-conselleria-deducacio-preten-publicar-una-nova-convocatoria-dinterins-que-dinamita-leducacio-publica-de-les-illes\/"},"wordCount":786,"publisher":{"@id":"https:\/\/www.siau.cat\/#organization"},"image":{"@id":"https:\/\/www.siau.cat\/index.php\/2025\/02\/03\/la-conselleria-deducacio-preten-publicar-una-nova-convocatoria-dinterins-que-dinamita-leducacio-publica-de-les-illes\/#primaryimage"},"thumbnailUrl":"https:\/\/www.siau.cat\/wp-content\/uploads\/2025\/02\/Classe-1024x683.webp","articleSection":["Uncategorized"],"inLanguage":"ca"},{"@type":"WebPage","@id":"https:\/\/www.siau.cat\/index.php\/2025\/02\/03\/la-conselleria-deducacio-preten-publicar-una-nova-convocatoria-dinterins-que-dinamita-leducacio-publica-de-les-illes\/","url":"https:\/\/www.siau.cat\/index.php\/2025\/02\/03\/la-conselleria-deducacio-preten-publicar-una-nova-convocatoria-dinterins-que-dinamita-leducacio-publica-de-les-illes\/","name":"La Conselleria d\u2019Educaci\u00f3 pret\u00e9n publicar una nova convocat\u00f2ria d\u2019interins que dinamita l\u2019educaci\u00f3 p\u00fablica de les illes &#8212; SIAU - SINDICAT INDEPENDENT, AUT\u00d2NOM I UNITARI","isPartOf":{"@id":"https:\/\/www.siau.cat\/#website"},"primaryImageOfPage":{"@id":"https:\/\/www.siau.cat\/index.php\/2025\/02\/03\/la-conselleria-deducacio-preten-publicar-una-nova-convocatoria-dinterins-que-dinamita-leducacio-publica-de-les-illes\/#primaryimage"},"image":{"@id":"https:\/\/www.siau.cat\/index.php\/2025\/02\/03\/la-conselleria-deducacio-preten-publicar-una-nova-convocatoria-dinterins-que-dinamita-leducacio-publica-de-les-illes\/#primaryimage"},"thumbnailUrl":"https:\/\/www.siau.cat\/wp-content\/uploads\/2025\/02\/Classe-1024x683.webp","datePublished":"2025-02-03T13:32:03+00:00","dateModified":"2025-02-03T13:32:06+00:00","breadcrumb":{"@id":"https:\/\/www.siau.cat\/index.php\/2025\/02\/03\/la-conselleria-deducacio-preten-publicar-una-nova-convocatoria-dinterins-que-dinamita-leducacio-publica-de-les-illes\/#breadcrumb"},"inLanguage":"ca","potentialAction":[{"@type":"ReadAction","target":["https:\/\/www.siau.cat\/index.php\/2025\/02\/03\/la-conselleria-deducacio-preten-publicar-una-nova-convocatoria-dinterins-que-dinamita-leducacio-publica-de-les-illes\/"]}]},{"@type":"ImageObject","inLanguage":"ca","@id":"https:\/\/www.siau.cat\/index.php\/2025\/02\/03\/la-conselleria-deducacio-preten-publicar-una-nova-convocatoria-dinterins-que-dinamita-leducacio-publica-de-les-illes\/#primaryimage","url":"https:\/\/www.siau.cat\/wp-content\/uploads\/2025\/02\/Classe-1024x683.webp","contentUrl":"https:\/\/www.siau.cat\/wp-content\/uploads\/2025\/02\/Classe-1024x683.webp"},{"@type":"BreadcrumbList","@id":"https:\/\/www.siau.cat\/index.php\/2025\/02\/03\/la-conselleria-deducacio-preten-publicar-una-nova-convocatoria-dinterins-que-dinamita-leducacio-publica-de-les-illes\/#breadcrumb","itemListElement":[{"@type":"ListItem","position":1,"name":"Inici","item":"https:\/\/www.siau.cat\/"},{"@type":"ListItem","position":2,"name":"La Conselleria d\u2019Educaci\u00f3 pret\u00e9n publicar una nova convocat\u00f2ria d\u2019interins que dinamita l\u2019educaci\u00f3 p\u00fablica de les illes"}]},{"@type":"WebSite","@id":"https:\/\/www.siau.cat\/#website","url":"https:\/\/www.siau.cat\/","name":"SIAU - SINDICAT INDEPENDENT, AUT\u00d2NOM I UNITARI","description":"Ara s&iacute; que tenim la veu","publisher":{"@id":"https:\/\/www.siau.cat\/#organization"},"potentialAction":[{"@type":"SearchAction","target":{"@type":"EntryPoint","urlTemplate":"https:\/\/www.siau.cat\/?s={search_term_string}"},"query-input":{"@type":"PropertyValueSpecification","valueRequired":true,"valueName":"search_term_string"}}],"inLanguage":"ca"},{"@type":"Organization","@id":"https:\/\/www.siau.cat\/#organization","name":"SIAU","url":"https:\/\/www.siau.cat\/","logo":{"@type":"ImageObject","inLanguage":"ca","@id":"https:\/\/www.siau.cat\/#\/schema\/logo\/image\/","url":"https:\/\/www.siau.cat\/wp-content\/uploads\/2022\/03\/cropped-resized_LOGO-SIAU-5-e1652020847972.jpg","contentUrl":"https:\/\/www.siau.cat\/wp-content\/uploads\/2022\/03\/cropped-resized_LOGO-SIAU-5-e1652020847972.jpg","width":1600,"height":1200,"caption":"SIAU"},"image":{"@id":"https:\/\/www.siau.cat\/#\/schema\/logo\/image\/"}},{"@type":"Person","@id":"https:\/\/www.siau.cat\/#\/schema\/person\/810c15694a7e538934bb4be53ebcba0d","name":"admin","image":{"@type":"ImageObject","inLanguage":"ca","@id":"https:\/\/www.siau.cat\/#\/schema\/person\/image\/","url":"https:\/\/www.siau.cat\/wp-content\/litespeed\/avatar\/d73ebfac3daa0b52552b2ccea63469da.jpg?ver=1777403609","contentUrl":"https:\/\/www.siau.cat\/wp-content\/litespeed\/avatar\/d73ebfac3daa0b52552b2ccea63469da.jpg?ver=1777403609","caption":"admin"},"sameAs":["https:\/\/www.siau.cat"],"url":"https:\/\/www.siau.cat\/index.php\/author\/admin\/"}]}},"jetpack_featured_media_url":"","jetpack_sharing_enabled":true,"_links":{"self":[{"href":"https:\/\/www.siau.cat\/index.php\/wp-json\/wp\/v2\/posts\/1595","targetHints":{"allow":["GET"]}}],"collection":[{"href":"https:\/\/www.siau.cat\/index.php\/wp-json\/wp\/v2\/posts"}],"about":[{"href":"https:\/\/www.siau.cat\/index.php\/wp-json\/wp\/v2\/types\/post"}],"author":[{"embeddable":true,"href":"https:\/\/www.siau.cat\/index.php\/wp-json\/wp\/v2\/users\/1"}],"replies":[{"embeddable":true,"href":"https:\/\/www.siau.cat\/index.php\/wp-json\/wp\/v2\/comments?post=1595"}],"version-history":[{"count":1,"href":"https:\/\/www.siau.cat\/index.php\/wp-json\/wp\/v2\/posts\/1595\/revisions"}],"predecessor-version":[{"id":1597,"href":"https:\/\/www.siau.cat\/index.php\/wp-json\/wp\/v2\/posts\/1595\/revisions\/1597"}],"wp:attachment":[{"href":"https:\/\/www.siau.cat\/index.php\/wp-json\/wp\/v2\/media?parent=1595"}],"wp:term":[{"taxonomy":"category","embeddable":true,"href":"https:\/\/www.siau.cat\/index.php\/wp-json\/wp\/v2\/categories?post=1595"},{"taxonomy":"post_tag","embeddable":true,"href":"https:\/\/www.siau.cat\/index.php\/wp-json\/wp\/v2\/tags?post=1595"}],"curies":[{"name":"wp","href":"https:\/\/api.w.org\/{rel}","templated":true}]}}