{"id":1600,"date":"2025-02-04T12:51:32","date_gmt":"2025-02-04T12:51:32","guid":{"rendered":"https:\/\/www.siau.cat\/?p=1600"},"modified":"2025-02-04T12:55:33","modified_gmt":"2025-02-04T12:55:33","slug":"la-conselleria-deducacio-fa-experiments-amb-lensenyament-public-i-el-futur-dels-nostres-infants","status":"publish","type":"post","link":"https:\/\/www.siau.cat\/index.php\/2025\/02\/04\/la-conselleria-deducacio-fa-experiments-amb-lensenyament-public-i-el-futur-dels-nostres-infants\/","title":{"rendered":"La Conselleria d&#8217;Educaci\u00f3 fa experiments amb l&#8217;ensenyament p\u00fablic"},"content":{"rendered":"\n<figure class=\"wp-block-image size-large\"><img loading=\"lazy\" decoding=\"async\" width=\"1024\" height=\"512\" src=\"https:\/\/www.siau.cat\/wp-content\/uploads\/2025\/02\/Sancions-extra-interins-1024x512.png\" alt=\"\" class=\"wp-image-1601\" srcset=\"https:\/\/www.siau.cat\/wp-content\/uploads\/2025\/02\/Sancions-extra-interins-1024x512.png 1024w, https:\/\/www.siau.cat\/wp-content\/uploads\/2025\/02\/Sancions-extra-interins-350x175.png 350w, https:\/\/www.siau.cat\/wp-content\/uploads\/2025\/02\/Sancions-extra-interins-300x150.png 300w, https:\/\/www.siau.cat\/wp-content\/uploads\/2025\/02\/Sancions-extra-interins-768x384.png 768w, https:\/\/www.siau.cat\/wp-content\/uploads\/2025\/02\/Sancions-extra-interins-24x12.png 24w, https:\/\/www.siau.cat\/wp-content\/uploads\/2025\/02\/Sancions-extra-interins-36x18.png 36w, https:\/\/www.siau.cat\/wp-content\/uploads\/2025\/02\/Sancions-extra-interins-48x24.png 48w, https:\/\/www.siau.cat\/wp-content\/uploads\/2025\/02\/Sancions-extra-interins.png 1528w\" sizes=\"auto, (max-width: 767px) 89vw, (max-width: 1000px) 54vw, (max-width: 1071px) 543px, 580px\" \/><figcaption class=\"wp-element-caption\">Fragment de les sancions extra nom\u00e9s per als interins (p\u00e0g. 38 de l&#8217;Esborrany de la Convocat\u00f2ria d&#8217;interins)<\/figcaption><\/figure>\n\n\n\n<p>Les recents mesures imposades per la Conselleria d&#8217;Educaci\u00f3 no nom\u00e9s desprestigien la figura del docent sin\u00f3 que posen en perill la qualitat educativa de les nostres escoles.<\/p>\n\n\n\n<p>En primer lloc, el sistema de zonificaci\u00f3 per als docents interins no s\u2019ha estudiat en profunditat ni s\u2019ha consensuat amb la comunitat educativa. La mateixa Administraci\u00f3 ha reconegut que es tracta d&#8217;un &#8220;experiment&#8221;. Doncs b\u00e9, els docents no estam per experiments, i sabem perfectament com solen acabar aquells que no s\u2019han pensat a fons o consensuat abans de posar-los en marxa.<\/p>\n\n\n\n<p>A m\u00e9s, la Conselleria s&#8217;est\u00e0 aprofitant de la precarietat del col\u00b7lectiu docent per permetre que persones sense titulaci\u00f3 ni especialitat en la mat\u00e8ria imparteixin classes en \u00e0rees que requereixen coneixements t\u00e8cnics i acad\u00e8mics espec\u00edfics. Aix\u00f2 no \u00e9s nom\u00e9s una manca de respecte cap a la professi\u00f3, \u00e9s una irresponsabilitat absoluta que posa en perill el futur de l&#8217;ensenyament p\u00fablic a les Illes Balears.<\/p>\n\n\n\n<p>SIAU considera que les escoles no s\u00f3n &#8220;guarderies&#8221; on qualsevol persona pot ocupar un lloc de docent sense els coneixements necessaris. L&#8217;educaci\u00f3 \u00e9s un dret fonamental que ha de ser garantit per professionals formats i especialitzats. No volem &#8220;solucions a mida&#8221; que amaguen la falta de planificaci\u00f3 i la nefasta gesti\u00f3 dels responsables al capdavant.<\/p>\n\n\n\n<p>A m\u00e9s, en les darreres convocat\u00f2ries de la borsa de docents s\u2019han colat condicions totalment injustes per als docents interins. La Conselleria ha creat un r\u00e8gim sancionador discriminatori que diferencia els interins dels docents de carrera, imposant-los sobreimposicions i condicions laborals encara m\u00e9s prec\u00e0ries. Aquesta mesura, la de sancions extra per als interins, nom\u00e9s contribueix a generar m\u00e9s desconfian\u00e7a, inseguretat laboral i una fuga encara m\u00e9s gran de professionals qualificats. A aquest pas, la borsa d\u2019interins quedar\u00e0 buida del tot.<\/p>\n\n\n\n<p>SIAU exigeix a la Conselleria d&#8217;Educaci\u00f3 que rectifiqui immediatament i retirin aquests esborranys, que s\u00f3n una veritable vergonya. \u00c9s imprescindible posar en marxa un sistema educatiu que respecti els drets laborals dels docents i garanteixi una formaci\u00f3 de qualitat per al nostre alumnat. El futur de l&#8217;educaci\u00f3 p\u00fablica a les Illes Balears no pot ser una moneda de canvi per a gestions politicastres que volen amagar la p\u00e8ssima gesti\u00f3 del dia a dia amb &#8220;solucions&#8221; que nom\u00e9s empitjoren la situaci\u00f3.<\/p>\n\n\n\n<ul class=\"wp-block-list\">\n<li><a href=\"https:\/\/drive.google.com\/file\/d\/1kKb9Ndrv9lg-ZXRCjbbl0p4lzlDLfGdv\/view?usp=sharing\">Enlla\u00e7 Esborrany Convocat\u00f2ria interins<\/a> (per sancions extra nom\u00e9s per als interins, veure la p\u00e0gina 38)<\/li>\n<\/ul>\n\n\n\n<ul class=\"wp-block-list\">\n<li><a href=\"https:\/\/drive.google.com\/file\/d\/1IUOEHwj7PB0FfzsvPecX7gg29Jh_0EqY\/view?usp=sharing\">Enlla\u00e7 Esborrany Annex 4<\/a><\/li>\n<\/ul>\n\n\n\n<p><\/p>\n","protected":false},"excerpt":{"rendered":"<p>Les recents mesures imposades per la Conselleria d&#8217;Educaci\u00f3 no nom\u00e9s desprestigien la figura del docent sin\u00f3 que posen en perill la qualitat educativa de les nostres escoles. En primer lloc, el sistema de zonificaci\u00f3 per als docents interins no s\u2019ha estudiat en profunditat ni s\u2019ha consensuat amb la comunitat educativa. La mateixa Administraci\u00f3 ha reconegut &hellip; <\/p>\n<p class=\"link-more\"><a href=\"https:\/\/www.siau.cat\/index.php\/2025\/02\/04\/la-conselleria-deducacio-fa-experiments-amb-lensenyament-public-i-el-futur-dels-nostres-infants\/\" class=\"more-link\">Continua llegint <span class=\"screen-reader-text\">\u00abLa Conselleria d&#8217;Educaci\u00f3 fa experiments amb l&#8217;ensenyament p\u00fablic\u00bb<\/span><\/a><\/p>\n","protected":false},"author":1,"featured_media":0,"comment_status":"closed","ping_status":"open","sticky":false,"template":"","format":"standard","meta":{"_jetpack_memberships_contains_paid_content":false,"footnotes":""},"categories":[1],"tags":[],"class_list":["post-1600","post","type-post","status-publish","format-standard","hentry","category-uncategorized"],"yoast_head":"<!-- This site is optimized with the Yoast SEO plugin v25.4 - https:\/\/yoast.com\/wordpress\/plugins\/seo\/ -->\n<title>La Conselleria d&#039;Educaci\u00f3 fa experiments amb l&#039;ensenyament p\u00fablic &#8212; SIAU - SINDICAT INDEPENDENT, AUT\u00d2NOM I UNITARI<\/title>\n<meta name=\"robots\" content=\"index, follow, max-snippet:-1, max-image-preview:large, max-video-preview:-1\" \/>\n<link rel=\"canonical\" href=\"https:\/\/www.siau.cat\/index.php\/2025\/02\/04\/la-conselleria-deducacio-fa-experiments-amb-lensenyament-public-i-el-futur-dels-nostres-infants\/\" \/>\n<meta property=\"og:locale\" content=\"ca_ES\" \/>\n<meta property=\"og:type\" content=\"article\" \/>\n<meta property=\"og:title\" content=\"La Conselleria d&#039;Educaci\u00f3 fa experiments amb l&#039;ensenyament p\u00fablic &#8212; SIAU - SINDICAT INDEPENDENT, AUT\u00d2NOM I UNITARI\" \/>\n<meta property=\"og:description\" content=\"Les recents mesures imposades per la Conselleria d&#8217;Educaci\u00f3 no nom\u00e9s desprestigien la figura del docent sin\u00f3 que posen en perill la qualitat educativa de les nostres escoles. En primer lloc, el sistema de zonificaci\u00f3 per als docents interins no s\u2019ha estudiat en profunditat ni s\u2019ha consensuat amb la comunitat educativa. La mateixa Administraci\u00f3 ha reconegut &hellip; Continua llegint \u00abLa Conselleria d&#8217;Educaci\u00f3 fa experiments amb l&#8217;ensenyament p\u00fablic\u00bb\" \/>\n<meta property=\"og:url\" content=\"https:\/\/www.siau.cat\/index.php\/2025\/02\/04\/la-conselleria-deducacio-fa-experiments-amb-lensenyament-public-i-el-futur-dels-nostres-infants\/\" \/>\n<meta property=\"og:site_name\" content=\"SIAU - SINDICAT INDEPENDENT, AUT\u00d2NOM I UNITARI\" \/>\n<meta property=\"article:published_time\" content=\"2025-02-04T12:51:32+00:00\" \/>\n<meta property=\"article:modified_time\" content=\"2025-02-04T12:55:33+00:00\" \/>\n<meta property=\"og:image\" content=\"https:\/\/www.siau.cat\/wp-content\/uploads\/2025\/02\/Sancions-extra-interins-1024x512.png\" \/>\n<meta name=\"author\" content=\"admin\" \/>\n<meta name=\"twitter:card\" content=\"summary_large_image\" \/>\n<meta name=\"twitter:label1\" content=\"Escrit per\" \/>\n\t<meta name=\"twitter:data1\" content=\"admin\" \/>\n\t<meta name=\"twitter:label2\" content=\"Temps estimat de lectura\" \/>\n\t<meta name=\"twitter:data2\" content=\"3 minuts\" \/>\n<script type=\"application\/ld+json\" class=\"yoast-schema-graph\">{\"@context\":\"https:\/\/schema.org\",\"@graph\":[{\"@type\":\"Article\",\"@id\":\"https:\/\/www.siau.cat\/index.php\/2025\/02\/04\/la-conselleria-deducacio-fa-experiments-amb-lensenyament-public-i-el-futur-dels-nostres-infants\/#article\",\"isPartOf\":{\"@id\":\"https:\/\/www.siau.cat\/index.php\/2025\/02\/04\/la-conselleria-deducacio-fa-experiments-amb-lensenyament-public-i-el-futur-dels-nostres-infants\/\"},\"author\":{\"name\":\"admin\",\"@id\":\"https:\/\/www.siau.cat\/#\/schema\/person\/810c15694a7e538934bb4be53ebcba0d\"},\"headline\":\"La Conselleria d&#8217;Educaci\u00f3 fa experiments amb l&#8217;ensenyament p\u00fablic\",\"datePublished\":\"2025-02-04T12:51:32+00:00\",\"dateModified\":\"2025-02-04T12:55:33+00:00\",\"mainEntityOfPage\":{\"@id\":\"https:\/\/www.siau.cat\/index.php\/2025\/02\/04\/la-conselleria-deducacio-fa-experiments-amb-lensenyament-public-i-el-futur-dels-nostres-infants\/\"},\"wordCount\":453,\"publisher\":{\"@id\":\"https:\/\/www.siau.cat\/#organization\"},\"image\":{\"@id\":\"https:\/\/www.siau.cat\/index.php\/2025\/02\/04\/la-conselleria-deducacio-fa-experiments-amb-lensenyament-public-i-el-futur-dels-nostres-infants\/#primaryimage\"},\"thumbnailUrl\":\"https:\/\/www.siau.cat\/wp-content\/uploads\/2025\/02\/Sancions-extra-interins-1024x512.png\",\"articleSection\":[\"Uncategorized\"],\"inLanguage\":\"ca\"},{\"@type\":\"WebPage\",\"@id\":\"https:\/\/www.siau.cat\/index.php\/2025\/02\/04\/la-conselleria-deducacio-fa-experiments-amb-lensenyament-public-i-el-futur-dels-nostres-infants\/\",\"url\":\"https:\/\/www.siau.cat\/index.php\/2025\/02\/04\/la-conselleria-deducacio-fa-experiments-amb-lensenyament-public-i-el-futur-dels-nostres-infants\/\",\"name\":\"La Conselleria d'Educaci\u00f3 fa experiments amb l'ensenyament p\u00fablic &#8212; SIAU - SINDICAT INDEPENDENT, AUT\u00d2NOM I UNITARI\",\"isPartOf\":{\"@id\":\"https:\/\/www.siau.cat\/#website\"},\"primaryImageOfPage\":{\"@id\":\"https:\/\/www.siau.cat\/index.php\/2025\/02\/04\/la-conselleria-deducacio-fa-experiments-amb-lensenyament-public-i-el-futur-dels-nostres-infants\/#primaryimage\"},\"image\":{\"@id\":\"https:\/\/www.siau.cat\/index.php\/2025\/02\/04\/la-conselleria-deducacio-fa-experiments-amb-lensenyament-public-i-el-futur-dels-nostres-infants\/#primaryimage\"},\"thumbnailUrl\":\"https:\/\/www.siau.cat\/wp-content\/uploads\/2025\/02\/Sancions-extra-interins-1024x512.png\",\"datePublished\":\"2025-02-04T12:51:32+00:00\",\"dateModified\":\"2025-02-04T12:55:33+00:00\",\"breadcrumb\":{\"@id\":\"https:\/\/www.siau.cat\/index.php\/2025\/02\/04\/la-conselleria-deducacio-fa-experiments-amb-lensenyament-public-i-el-futur-dels-nostres-infants\/#breadcrumb\"},\"inLanguage\":\"ca\",\"potentialAction\":[{\"@type\":\"ReadAction\",\"target\":[\"https:\/\/www.siau.cat\/index.php\/2025\/02\/04\/la-conselleria-deducacio-fa-experiments-amb-lensenyament-public-i-el-futur-dels-nostres-infants\/\"]}]},{\"@type\":\"ImageObject\",\"inLanguage\":\"ca\",\"@id\":\"https:\/\/www.siau.cat\/index.php\/2025\/02\/04\/la-conselleria-deducacio-fa-experiments-amb-lensenyament-public-i-el-futur-dels-nostres-infants\/#primaryimage\",\"url\":\"https:\/\/www.siau.cat\/wp-content\/uploads\/2025\/02\/Sancions-extra-interins.png\",\"contentUrl\":\"https:\/\/www.siau.cat\/wp-content\/uploads\/2025\/02\/Sancions-extra-interins.png\",\"width\":1528,\"height\":764},{\"@type\":\"BreadcrumbList\",\"@id\":\"https:\/\/www.siau.cat\/index.php\/2025\/02\/04\/la-conselleria-deducacio-fa-experiments-amb-lensenyament-public-i-el-futur-dels-nostres-infants\/#breadcrumb\",\"itemListElement\":[{\"@type\":\"ListItem\",\"position\":1,\"name\":\"Inici\",\"item\":\"https:\/\/www.siau.cat\/\"},{\"@type\":\"ListItem\",\"position\":2,\"name\":\"La Conselleria d&#8217;Educaci\u00f3 fa experiments amb l&#8217;ensenyament p\u00fablic\"}]},{\"@type\":\"WebSite\",\"@id\":\"https:\/\/www.siau.cat\/#website\",\"url\":\"https:\/\/www.siau.cat\/\",\"name\":\"SIAU - SINDICAT INDEPENDENT, AUT\u00d2NOM I UNITARI\",\"description\":\"Ara s&iacute; que tenim la veu\",\"publisher\":{\"@id\":\"https:\/\/www.siau.cat\/#organization\"},\"potentialAction\":[{\"@type\":\"SearchAction\",\"target\":{\"@type\":\"EntryPoint\",\"urlTemplate\":\"https:\/\/www.siau.cat\/?s={search_term_string}\"},\"query-input\":{\"@type\":\"PropertyValueSpecification\",\"valueRequired\":true,\"valueName\":\"search_term_string\"}}],\"inLanguage\":\"ca\"},{\"@type\":\"Organization\",\"@id\":\"https:\/\/www.siau.cat\/#organization\",\"name\":\"SIAU\",\"url\":\"https:\/\/www.siau.cat\/\",\"logo\":{\"@type\":\"ImageObject\",\"inLanguage\":\"ca\",\"@id\":\"https:\/\/www.siau.cat\/#\/schema\/logo\/image\/\",\"url\":\"https:\/\/www.siau.cat\/wp-content\/uploads\/2022\/03\/cropped-resized_LOGO-SIAU-5-e1652020847972.jpg\",\"contentUrl\":\"https:\/\/www.siau.cat\/wp-content\/uploads\/2022\/03\/cropped-resized_LOGO-SIAU-5-e1652020847972.jpg\",\"width\":1600,\"height\":1200,\"caption\":\"SIAU\"},\"image\":{\"@id\":\"https:\/\/www.siau.cat\/#\/schema\/logo\/image\/\"}},{\"@type\":\"Person\",\"@id\":\"https:\/\/www.siau.cat\/#\/schema\/person\/810c15694a7e538934bb4be53ebcba0d\",\"name\":\"admin\",\"image\":{\"@type\":\"ImageObject\",\"inLanguage\":\"ca\",\"@id\":\"https:\/\/www.siau.cat\/#\/schema\/person\/image\/\",\"url\":\"https:\/\/www.siau.cat\/wp-content\/litespeed\/avatar\/d73ebfac3daa0b52552b2ccea63469da.jpg?ver=1777403609\",\"contentUrl\":\"https:\/\/www.siau.cat\/wp-content\/litespeed\/avatar\/d73ebfac3daa0b52552b2ccea63469da.jpg?ver=1777403609\",\"caption\":\"admin\"},\"sameAs\":[\"https:\/\/www.siau.cat\"],\"url\":\"https:\/\/www.siau.cat\/index.php\/author\/admin\/\"}]}<\/script>\n<!-- \/ Yoast SEO plugin. -->","yoast_head_json":{"title":"La Conselleria d'Educaci\u00f3 fa experiments amb l'ensenyament p\u00fablic &#8212; SIAU - SINDICAT INDEPENDENT, AUT\u00d2NOM I UNITARI","robots":{"index":"index","follow":"follow","max-snippet":"max-snippet:-1","max-image-preview":"max-image-preview:large","max-video-preview":"max-video-preview:-1"},"canonical":"https:\/\/www.siau.cat\/index.php\/2025\/02\/04\/la-conselleria-deducacio-fa-experiments-amb-lensenyament-public-i-el-futur-dels-nostres-infants\/","og_locale":"ca_ES","og_type":"article","og_title":"La Conselleria d'Educaci\u00f3 fa experiments amb l'ensenyament p\u00fablic &#8212; SIAU - SINDICAT INDEPENDENT, AUT\u00d2NOM I UNITARI","og_description":"Les recents mesures imposades per la Conselleria d&#8217;Educaci\u00f3 no nom\u00e9s desprestigien la figura del docent sin\u00f3 que posen en perill la qualitat educativa de les nostres escoles. En primer lloc, el sistema de zonificaci\u00f3 per als docents interins no s\u2019ha estudiat en profunditat ni s\u2019ha consensuat amb la comunitat educativa. La mateixa Administraci\u00f3 ha reconegut &hellip; Continua llegint \u00abLa Conselleria d&#8217;Educaci\u00f3 fa experiments amb l&#8217;ensenyament p\u00fablic\u00bb","og_url":"https:\/\/www.siau.cat\/index.php\/2025\/02\/04\/la-conselleria-deducacio-fa-experiments-amb-lensenyament-public-i-el-futur-dels-nostres-infants\/","og_site_name":"SIAU - SINDICAT INDEPENDENT, AUT\u00d2NOM I UNITARI","article_published_time":"2025-02-04T12:51:32+00:00","article_modified_time":"2025-02-04T12:55:33+00:00","og_image":[{"url":"https:\/\/www.siau.cat\/wp-content\/uploads\/2025\/02\/Sancions-extra-interins-1024x512.png","type":"","width":"","height":""}],"author":"admin","twitter_card":"summary_large_image","twitter_misc":{"Escrit per":"admin","Temps estimat de lectura":"3 minuts"},"schema":{"@context":"https:\/\/schema.org","@graph":[{"@type":"Article","@id":"https:\/\/www.siau.cat\/index.php\/2025\/02\/04\/la-conselleria-deducacio-fa-experiments-amb-lensenyament-public-i-el-futur-dels-nostres-infants\/#article","isPartOf":{"@id":"https:\/\/www.siau.cat\/index.php\/2025\/02\/04\/la-conselleria-deducacio-fa-experiments-amb-lensenyament-public-i-el-futur-dels-nostres-infants\/"},"author":{"name":"admin","@id":"https:\/\/www.siau.cat\/#\/schema\/person\/810c15694a7e538934bb4be53ebcba0d"},"headline":"La Conselleria d&#8217;Educaci\u00f3 fa experiments amb l&#8217;ensenyament p\u00fablic","datePublished":"2025-02-04T12:51:32+00:00","dateModified":"2025-02-04T12:55:33+00:00","mainEntityOfPage":{"@id":"https:\/\/www.siau.cat\/index.php\/2025\/02\/04\/la-conselleria-deducacio-fa-experiments-amb-lensenyament-public-i-el-futur-dels-nostres-infants\/"},"wordCount":453,"publisher":{"@id":"https:\/\/www.siau.cat\/#organization"},"image":{"@id":"https:\/\/www.siau.cat\/index.php\/2025\/02\/04\/la-conselleria-deducacio-fa-experiments-amb-lensenyament-public-i-el-futur-dels-nostres-infants\/#primaryimage"},"thumbnailUrl":"https:\/\/www.siau.cat\/wp-content\/uploads\/2025\/02\/Sancions-extra-interins-1024x512.png","articleSection":["Uncategorized"],"inLanguage":"ca"},{"@type":"WebPage","@id":"https:\/\/www.siau.cat\/index.php\/2025\/02\/04\/la-conselleria-deducacio-fa-experiments-amb-lensenyament-public-i-el-futur-dels-nostres-infants\/","url":"https:\/\/www.siau.cat\/index.php\/2025\/02\/04\/la-conselleria-deducacio-fa-experiments-amb-lensenyament-public-i-el-futur-dels-nostres-infants\/","name":"La Conselleria d'Educaci\u00f3 fa experiments amb l'ensenyament p\u00fablic &#8212; SIAU - SINDICAT INDEPENDENT, AUT\u00d2NOM I UNITARI","isPartOf":{"@id":"https:\/\/www.siau.cat\/#website"},"primaryImageOfPage":{"@id":"https:\/\/www.siau.cat\/index.php\/2025\/02\/04\/la-conselleria-deducacio-fa-experiments-amb-lensenyament-public-i-el-futur-dels-nostres-infants\/#primaryimage"},"image":{"@id":"https:\/\/www.siau.cat\/index.php\/2025\/02\/04\/la-conselleria-deducacio-fa-experiments-amb-lensenyament-public-i-el-futur-dels-nostres-infants\/#primaryimage"},"thumbnailUrl":"https:\/\/www.siau.cat\/wp-content\/uploads\/2025\/02\/Sancions-extra-interins-1024x512.png","datePublished":"2025-02-04T12:51:32+00:00","dateModified":"2025-02-04T12:55:33+00:00","breadcrumb":{"@id":"https:\/\/www.siau.cat\/index.php\/2025\/02\/04\/la-conselleria-deducacio-fa-experiments-amb-lensenyament-public-i-el-futur-dels-nostres-infants\/#breadcrumb"},"inLanguage":"ca","potentialAction":[{"@type":"ReadAction","target":["https:\/\/www.siau.cat\/index.php\/2025\/02\/04\/la-conselleria-deducacio-fa-experiments-amb-lensenyament-public-i-el-futur-dels-nostres-infants\/"]}]},{"@type":"ImageObject","inLanguage":"ca","@id":"https:\/\/www.siau.cat\/index.php\/2025\/02\/04\/la-conselleria-deducacio-fa-experiments-amb-lensenyament-public-i-el-futur-dels-nostres-infants\/#primaryimage","url":"https:\/\/www.siau.cat\/wp-content\/uploads\/2025\/02\/Sancions-extra-interins.png","contentUrl":"https:\/\/www.siau.cat\/wp-content\/uploads\/2025\/02\/Sancions-extra-interins.png","width":1528,"height":764},{"@type":"BreadcrumbList","@id":"https:\/\/www.siau.cat\/index.php\/2025\/02\/04\/la-conselleria-deducacio-fa-experiments-amb-lensenyament-public-i-el-futur-dels-nostres-infants\/#breadcrumb","itemListElement":[{"@type":"ListItem","position":1,"name":"Inici","item":"https:\/\/www.siau.cat\/"},{"@type":"ListItem","position":2,"name":"La Conselleria d&#8217;Educaci\u00f3 fa experiments amb l&#8217;ensenyament p\u00fablic"}]},{"@type":"WebSite","@id":"https:\/\/www.siau.cat\/#website","url":"https:\/\/www.siau.cat\/","name":"SIAU - SINDICAT INDEPENDENT, AUT\u00d2NOM I UNITARI","description":"Ara s&iacute; que tenim la veu","publisher":{"@id":"https:\/\/www.siau.cat\/#organization"},"potentialAction":[{"@type":"SearchAction","target":{"@type":"EntryPoint","urlTemplate":"https:\/\/www.siau.cat\/?s={search_term_string}"},"query-input":{"@type":"PropertyValueSpecification","valueRequired":true,"valueName":"search_term_string"}}],"inLanguage":"ca"},{"@type":"Organization","@id":"https:\/\/www.siau.cat\/#organization","name":"SIAU","url":"https:\/\/www.siau.cat\/","logo":{"@type":"ImageObject","inLanguage":"ca","@id":"https:\/\/www.siau.cat\/#\/schema\/logo\/image\/","url":"https:\/\/www.siau.cat\/wp-content\/uploads\/2022\/03\/cropped-resized_LOGO-SIAU-5-e1652020847972.jpg","contentUrl":"https:\/\/www.siau.cat\/wp-content\/uploads\/2022\/03\/cropped-resized_LOGO-SIAU-5-e1652020847972.jpg","width":1600,"height":1200,"caption":"SIAU"},"image":{"@id":"https:\/\/www.siau.cat\/#\/schema\/logo\/image\/"}},{"@type":"Person","@id":"https:\/\/www.siau.cat\/#\/schema\/person\/810c15694a7e538934bb4be53ebcba0d","name":"admin","image":{"@type":"ImageObject","inLanguage":"ca","@id":"https:\/\/www.siau.cat\/#\/schema\/person\/image\/","url":"https:\/\/www.siau.cat\/wp-content\/litespeed\/avatar\/d73ebfac3daa0b52552b2ccea63469da.jpg?ver=1777403609","contentUrl":"https:\/\/www.siau.cat\/wp-content\/litespeed\/avatar\/d73ebfac3daa0b52552b2ccea63469da.jpg?ver=1777403609","caption":"admin"},"sameAs":["https:\/\/www.siau.cat"],"url":"https:\/\/www.siau.cat\/index.php\/author\/admin\/"}]}},"jetpack_featured_media_url":"","jetpack_sharing_enabled":true,"_links":{"self":[{"href":"https:\/\/www.siau.cat\/index.php\/wp-json\/wp\/v2\/posts\/1600","targetHints":{"allow":["GET"]}}],"collection":[{"href":"https:\/\/www.siau.cat\/index.php\/wp-json\/wp\/v2\/posts"}],"about":[{"href":"https:\/\/www.siau.cat\/index.php\/wp-json\/wp\/v2\/types\/post"}],"author":[{"embeddable":true,"href":"https:\/\/www.siau.cat\/index.php\/wp-json\/wp\/v2\/users\/1"}],"replies":[{"embeddable":true,"href":"https:\/\/www.siau.cat\/index.php\/wp-json\/wp\/v2\/comments?post=1600"}],"version-history":[{"count":2,"href":"https:\/\/www.siau.cat\/index.php\/wp-json\/wp\/v2\/posts\/1600\/revisions"}],"predecessor-version":[{"id":1603,"href":"https:\/\/www.siau.cat\/index.php\/wp-json\/wp\/v2\/posts\/1600\/revisions\/1603"}],"wp:attachment":[{"href":"https:\/\/www.siau.cat\/index.php\/wp-json\/wp\/v2\/media?parent=1600"}],"wp:term":[{"taxonomy":"category","embeddable":true,"href":"https:\/\/www.siau.cat\/index.php\/wp-json\/wp\/v2\/categories?post=1600"},{"taxonomy":"post_tag","embeddable":true,"href":"https:\/\/www.siau.cat\/index.php\/wp-json\/wp\/v2\/tags?post=1600"}],"curies":[{"name":"wp","href":"https:\/\/api.w.org\/{rel}","templated":true}]}}