{"id":1606,"date":"2025-02-05T12:52:30","date_gmt":"2025-02-05T12:52:30","guid":{"rendered":"https:\/\/www.siau.cat\/?p=1606"},"modified":"2025-02-05T12:52:33","modified_gmt":"2025-02-05T12:52:33","slug":"siau-presenta-allegacions-als-nous-curriculums-educatius-i-exigeix-rectificacions-urgents","status":"publish","type":"post","link":"https:\/\/www.siau.cat\/index.php\/2025\/02\/05\/siau-presenta-allegacions-als-nous-curriculums-educatius-i-exigeix-rectificacions-urgents\/","title":{"rendered":"SIAU presenta al\u00b7legacions als nous curr\u00edculums educatius i exigeix rectificacions urgents"},"content":{"rendered":"\n<figure class=\"wp-block-image size-large\"><img loading=\"lazy\" decoding=\"async\" width=\"1024\" height=\"637\" src=\"https:\/\/www.siau.cat\/wp-content\/uploads\/2025\/02\/Curriculums-1024x637.png\" alt=\"\" class=\"wp-image-1607\" srcset=\"https:\/\/www.siau.cat\/wp-content\/uploads\/2025\/02\/Curriculums-1024x637.png 1024w, https:\/\/www.siau.cat\/wp-content\/uploads\/2025\/02\/Curriculums-350x218.png 350w, https:\/\/www.siau.cat\/wp-content\/uploads\/2025\/02\/Curriculums-300x187.png 300w, https:\/\/www.siau.cat\/wp-content\/uploads\/2025\/02\/Curriculums-768x478.png 768w, https:\/\/www.siau.cat\/wp-content\/uploads\/2025\/02\/Curriculums-1536x955.png 1536w, https:\/\/www.siau.cat\/wp-content\/uploads\/2025\/02\/Curriculums-2048x1274.png 2048w, https:\/\/www.siau.cat\/wp-content\/uploads\/2025\/02\/Curriculums-24x15.png 24w, https:\/\/www.siau.cat\/wp-content\/uploads\/2025\/02\/Curriculums-36x22.png 36w, https:\/\/www.siau.cat\/wp-content\/uploads\/2025\/02\/Curriculums-48x30.png 48w\" sizes=\"auto, (max-width: 767px) 89vw, (max-width: 1000px) 54vw, (max-width: 1071px) 543px, 580px\" \/><figcaption class=\"wp-element-caption\">Plana web de Participaci\u00f3 ciutadana<\/figcaption><\/figure>\n\n\n\n<p>Avui, 5 de febrer de 2025, el Sindicat Independent, Aut\u00f2nom i Unitari (SIAU) hem registrat formalment les nostres al\u00b7legacions als nous curr\u00edculums educatius de les Illes Balears, expressant preocupaci\u00f3 per diverses defici\u00e8ncies que consideram inacceptables. A trav\u00e9s d\u2019aquestes al\u00b7legacions, exigim a la Conselleria d&#8217;Educaci\u00f3 que rectifiqui aspectes clau del projecte de decret que establir\u00e0 les bases de l\u2019ensenyament al nostre territori.<\/p>\n\n\n\n<p>En primer lloc, demanam que es mantinguin les dues hores setmanals d\u2019Educaci\u00f3 en Valors C\u00edvics i \u00c8tics a tot l&#8217;ESO, ja que aquesta assignatura \u00e9s fonamental per a la formaci\u00f3 d\u2019una ciutadania cr\u00edtica i responsable. A m\u00e9s, consideram essencial recuperar la mat\u00e8ria de M\u00fasica com a assignatura obligat\u00f2ria en tots els cursos d\u2019ESO, com en el passat, i amb un m\u00ednim d\u2019hores setmanals, per tal d\u2019afavorir una educaci\u00f3 equilibrada i completa. Denunciam tamb\u00e9 l\u2019omissi\u00f3 del franquisme en el curr\u00edculum d\u2019Hist\u00f2ria de 4t d\u2019ESO, un greuge que suposa una p\u00e8rdua de rigor hist\u00f2ric, i exigim que es reconegui com a part fonamental de la nostra hist\u00f2ria contempor\u00e0nia. Finalment, expressam la nostra preocupaci\u00f3 per les modificacions en mat\u00e8ria de llengua i cultura, com l\u2019eliminaci\u00f3 de la modalitat est\u00e0ndard de la llengua catalana i l\u2019exempci\u00f3 de l\u2019assignatura de Llengua Catalana per a nouvinguts, que poden fragmentar la cohesi\u00f3 social i cultural. Demanam que es respectin els drets ling\u00fc\u00edstics i es fomenti un enfocament inclusiu i integrador.<\/p>\n\n\n\n<p>A m\u00e9s d\u2019aquestes al\u00b7legacions concretes, des de SIAU denunciam la manca de transpar\u00e8ncia i di\u00e0leg en el proc\u00e9s de redacci\u00f3 dels nous curr\u00edculums. La Conselleria d&#8217;Educaci\u00f3 ha imposat un termini rid\u00edcul per presentar al\u00b7legacions, donant pocs dies a la comunitat educativa per estudiar centenars de p\u00e0gines de documentaci\u00f3 i formular observacions. No vol escoltar cr\u00edtiques constructives o aportacions, ni tampoc entrar en ra\u00f3. El que la Conselleria ha fet \u00e9s un pur tr\u00e0mit al qual est\u00e0 obligat per llei, aprofitant-se de la manca de temps dels docents per a un proc\u00e9s de participaci\u00f3 real. Aquest tracte urgent i precipitat limita el nostre poder d&#8217;influ\u00e8ncia sobre decisions que afectaran el futur de l\u2019educaci\u00f3 a les Illes Balears.<\/p>\n\n\n\n<p>SIAU reiteram que qualsevol reforma educativa ha de garantir una educaci\u00f3 plural, inclusiva i respectuosa amb la diversitat. Les modificacions proposades han de ser revisades amb deteniment per evitar que es perjudiqui la formaci\u00f3 cr\u00edtica, democr\u00e0tica i c\u00edvica de l\u2019alumnat. Des del sindicat, ens mantenim ferms en la nostra voluntat de participar activament en un proc\u00e9s de di\u00e0leg amb les autoritats educatives per tal d&#8217;assegurar que els curr\u00edculums reflecteixin els valors que volem per a la nostra societat.<\/p>\n","protected":false},"excerpt":{"rendered":"<p>Avui, 5 de febrer de 2025, el Sindicat Independent, Aut\u00f2nom i Unitari (SIAU) hem registrat formalment les nostres al\u00b7legacions als nous curr\u00edculums educatius de les Illes Balears, expressant preocupaci\u00f3 per diverses defici\u00e8ncies que consideram inacceptables. A trav\u00e9s d\u2019aquestes al\u00b7legacions, exigim a la Conselleria d&#8217;Educaci\u00f3 que rectifiqui aspectes clau del projecte de decret que establir\u00e0 les &hellip; <\/p>\n<p class=\"link-more\"><a href=\"https:\/\/www.siau.cat\/index.php\/2025\/02\/05\/siau-presenta-allegacions-als-nous-curriculums-educatius-i-exigeix-rectificacions-urgents\/\" class=\"more-link\">Continua llegint <span class=\"screen-reader-text\">\u00abSIAU presenta al\u00b7legacions als nous curr\u00edculums educatius i exigeix rectificacions urgents\u00bb<\/span><\/a><\/p>\n","protected":false},"author":1,"featured_media":0,"comment_status":"closed","ping_status":"open","sticky":false,"template":"","format":"standard","meta":{"_jetpack_memberships_contains_paid_content":false,"footnotes":""},"categories":[1],"tags":[],"class_list":["post-1606","post","type-post","status-publish","format-standard","hentry","category-uncategorized"],"yoast_head":"<!-- This site is optimized with the Yoast SEO plugin v25.4 - https:\/\/yoast.com\/wordpress\/plugins\/seo\/ -->\n<title>SIAU presenta al\u00b7legacions als nous curr\u00edculums educatius i exigeix rectificacions urgents &#8212; SIAU - SINDICAT INDEPENDENT, AUT\u00d2NOM I UNITARI<\/title>\n<meta name=\"robots\" content=\"index, follow, max-snippet:-1, max-image-preview:large, max-video-preview:-1\" \/>\n<link rel=\"canonical\" href=\"https:\/\/www.siau.cat\/index.php\/2025\/02\/05\/siau-presenta-allegacions-als-nous-curriculums-educatius-i-exigeix-rectificacions-urgents\/\" \/>\n<meta property=\"og:locale\" content=\"ca_ES\" \/>\n<meta property=\"og:type\" content=\"article\" \/>\n<meta property=\"og:title\" content=\"SIAU presenta al\u00b7legacions als nous curr\u00edculums educatius i exigeix rectificacions urgents &#8212; SIAU - SINDICAT INDEPENDENT, AUT\u00d2NOM I UNITARI\" \/>\n<meta property=\"og:description\" content=\"Avui, 5 de febrer de 2025, el Sindicat Independent, Aut\u00f2nom i Unitari (SIAU) hem registrat formalment les nostres al\u00b7legacions als nous curr\u00edculums educatius de les Illes Balears, expressant preocupaci\u00f3 per diverses defici\u00e8ncies que consideram inacceptables. A trav\u00e9s d\u2019aquestes al\u00b7legacions, exigim a la Conselleria d&#8217;Educaci\u00f3 que rectifiqui aspectes clau del projecte de decret que establir\u00e0 les &hellip; Continua llegint \u00abSIAU presenta al\u00b7legacions als nous curr\u00edculums educatius i exigeix rectificacions urgents\u00bb\" \/>\n<meta property=\"og:url\" content=\"https:\/\/www.siau.cat\/index.php\/2025\/02\/05\/siau-presenta-allegacions-als-nous-curriculums-educatius-i-exigeix-rectificacions-urgents\/\" \/>\n<meta property=\"og:site_name\" content=\"SIAU - SINDICAT INDEPENDENT, AUT\u00d2NOM I UNITARI\" \/>\n<meta property=\"article:published_time\" content=\"2025-02-05T12:52:30+00:00\" \/>\n<meta property=\"article:modified_time\" content=\"2025-02-05T12:52:33+00:00\" \/>\n<meta property=\"og:image\" content=\"https:\/\/www.siau.cat\/wp-content\/uploads\/2025\/02\/Curriculums-1024x637.png\" \/>\n<meta name=\"author\" content=\"admin\" \/>\n<meta name=\"twitter:card\" content=\"summary_large_image\" \/>\n<meta name=\"twitter:label1\" content=\"Escrit per\" \/>\n\t<meta name=\"twitter:data1\" content=\"admin\" \/>\n\t<meta name=\"twitter:label2\" content=\"Temps estimat de lectura\" \/>\n\t<meta name=\"twitter:data2\" content=\"3 minuts\" \/>\n<script type=\"application\/ld+json\" class=\"yoast-schema-graph\">{\"@context\":\"https:\/\/schema.org\",\"@graph\":[{\"@type\":\"Article\",\"@id\":\"https:\/\/www.siau.cat\/index.php\/2025\/02\/05\/siau-presenta-allegacions-als-nous-curriculums-educatius-i-exigeix-rectificacions-urgents\/#article\",\"isPartOf\":{\"@id\":\"https:\/\/www.siau.cat\/index.php\/2025\/02\/05\/siau-presenta-allegacions-als-nous-curriculums-educatius-i-exigeix-rectificacions-urgents\/\"},\"author\":{\"name\":\"admin\",\"@id\":\"https:\/\/www.siau.cat\/#\/schema\/person\/810c15694a7e538934bb4be53ebcba0d\"},\"headline\":\"SIAU presenta al\u00b7legacions als nous curr\u00edculums educatius i exigeix rectificacions urgents\",\"datePublished\":\"2025-02-05T12:52:30+00:00\",\"dateModified\":\"2025-02-05T12:52:33+00:00\",\"mainEntityOfPage\":{\"@id\":\"https:\/\/www.siau.cat\/index.php\/2025\/02\/05\/siau-presenta-allegacions-als-nous-curriculums-educatius-i-exigeix-rectificacions-urgents\/\"},\"wordCount\":496,\"publisher\":{\"@id\":\"https:\/\/www.siau.cat\/#organization\"},\"image\":{\"@id\":\"https:\/\/www.siau.cat\/index.php\/2025\/02\/05\/siau-presenta-allegacions-als-nous-curriculums-educatius-i-exigeix-rectificacions-urgents\/#primaryimage\"},\"thumbnailUrl\":\"https:\/\/www.siau.cat\/wp-content\/uploads\/2025\/02\/Curriculums-1024x637.png\",\"articleSection\":[\"Uncategorized\"],\"inLanguage\":\"ca\"},{\"@type\":\"WebPage\",\"@id\":\"https:\/\/www.siau.cat\/index.php\/2025\/02\/05\/siau-presenta-allegacions-als-nous-curriculums-educatius-i-exigeix-rectificacions-urgents\/\",\"url\":\"https:\/\/www.siau.cat\/index.php\/2025\/02\/05\/siau-presenta-allegacions-als-nous-curriculums-educatius-i-exigeix-rectificacions-urgents\/\",\"name\":\"SIAU presenta al\u00b7legacions als nous curr\u00edculums educatius i exigeix rectificacions urgents &#8212; SIAU - SINDICAT INDEPENDENT, AUT\u00d2NOM I UNITARI\",\"isPartOf\":{\"@id\":\"https:\/\/www.siau.cat\/#website\"},\"primaryImageOfPage\":{\"@id\":\"https:\/\/www.siau.cat\/index.php\/2025\/02\/05\/siau-presenta-allegacions-als-nous-curriculums-educatius-i-exigeix-rectificacions-urgents\/#primaryimage\"},\"image\":{\"@id\":\"https:\/\/www.siau.cat\/index.php\/2025\/02\/05\/siau-presenta-allegacions-als-nous-curriculums-educatius-i-exigeix-rectificacions-urgents\/#primaryimage\"},\"thumbnailUrl\":\"https:\/\/www.siau.cat\/wp-content\/uploads\/2025\/02\/Curriculums-1024x637.png\",\"datePublished\":\"2025-02-05T12:52:30+00:00\",\"dateModified\":\"2025-02-05T12:52:33+00:00\",\"breadcrumb\":{\"@id\":\"https:\/\/www.siau.cat\/index.php\/2025\/02\/05\/siau-presenta-allegacions-als-nous-curriculums-educatius-i-exigeix-rectificacions-urgents\/#breadcrumb\"},\"inLanguage\":\"ca\",\"potentialAction\":[{\"@type\":\"ReadAction\",\"target\":[\"https:\/\/www.siau.cat\/index.php\/2025\/02\/05\/siau-presenta-allegacions-als-nous-curriculums-educatius-i-exigeix-rectificacions-urgents\/\"]}]},{\"@type\":\"ImageObject\",\"inLanguage\":\"ca\",\"@id\":\"https:\/\/www.siau.cat\/index.php\/2025\/02\/05\/siau-presenta-allegacions-als-nous-curriculums-educatius-i-exigeix-rectificacions-urgents\/#primaryimage\",\"url\":\"https:\/\/www.siau.cat\/wp-content\/uploads\/2025\/02\/Curriculums.png\",\"contentUrl\":\"https:\/\/www.siau.cat\/wp-content\/uploads\/2025\/02\/Curriculums.png\",\"width\":2122,\"height\":1320},{\"@type\":\"BreadcrumbList\",\"@id\":\"https:\/\/www.siau.cat\/index.php\/2025\/02\/05\/siau-presenta-allegacions-als-nous-curriculums-educatius-i-exigeix-rectificacions-urgents\/#breadcrumb\",\"itemListElement\":[{\"@type\":\"ListItem\",\"position\":1,\"name\":\"Inici\",\"item\":\"https:\/\/www.siau.cat\/\"},{\"@type\":\"ListItem\",\"position\":2,\"name\":\"SIAU presenta al\u00b7legacions als nous curr\u00edculums educatius i exigeix rectificacions urgents\"}]},{\"@type\":\"WebSite\",\"@id\":\"https:\/\/www.siau.cat\/#website\",\"url\":\"https:\/\/www.siau.cat\/\",\"name\":\"SIAU - SINDICAT INDEPENDENT, AUT\u00d2NOM I UNITARI\",\"description\":\"Ara s&iacute; que tenim la veu\",\"publisher\":{\"@id\":\"https:\/\/www.siau.cat\/#organization\"},\"potentialAction\":[{\"@type\":\"SearchAction\",\"target\":{\"@type\":\"EntryPoint\",\"urlTemplate\":\"https:\/\/www.siau.cat\/?s={search_term_string}\"},\"query-input\":{\"@type\":\"PropertyValueSpecification\",\"valueRequired\":true,\"valueName\":\"search_term_string\"}}],\"inLanguage\":\"ca\"},{\"@type\":\"Organization\",\"@id\":\"https:\/\/www.siau.cat\/#organization\",\"name\":\"SIAU\",\"url\":\"https:\/\/www.siau.cat\/\",\"logo\":{\"@type\":\"ImageObject\",\"inLanguage\":\"ca\",\"@id\":\"https:\/\/www.siau.cat\/#\/schema\/logo\/image\/\",\"url\":\"https:\/\/www.siau.cat\/wp-content\/uploads\/2022\/03\/cropped-resized_LOGO-SIAU-5-e1652020847972.jpg\",\"contentUrl\":\"https:\/\/www.siau.cat\/wp-content\/uploads\/2022\/03\/cropped-resized_LOGO-SIAU-5-e1652020847972.jpg\",\"width\":1600,\"height\":1200,\"caption\":\"SIAU\"},\"image\":{\"@id\":\"https:\/\/www.siau.cat\/#\/schema\/logo\/image\/\"}},{\"@type\":\"Person\",\"@id\":\"https:\/\/www.siau.cat\/#\/schema\/person\/810c15694a7e538934bb4be53ebcba0d\",\"name\":\"admin\",\"image\":{\"@type\":\"ImageObject\",\"inLanguage\":\"ca\",\"@id\":\"https:\/\/www.siau.cat\/#\/schema\/person\/image\/\",\"url\":\"https:\/\/www.siau.cat\/wp-content\/litespeed\/avatar\/d73ebfac3daa0b52552b2ccea63469da.jpg?ver=1777403609\",\"contentUrl\":\"https:\/\/www.siau.cat\/wp-content\/litespeed\/avatar\/d73ebfac3daa0b52552b2ccea63469da.jpg?ver=1777403609\",\"caption\":\"admin\"},\"sameAs\":[\"https:\/\/www.siau.cat\"],\"url\":\"https:\/\/www.siau.cat\/index.php\/author\/admin\/\"}]}<\/script>\n<!-- \/ Yoast SEO plugin. -->","yoast_head_json":{"title":"SIAU presenta al\u00b7legacions als nous curr\u00edculums educatius i exigeix rectificacions urgents &#8212; SIAU - SINDICAT INDEPENDENT, AUT\u00d2NOM I UNITARI","robots":{"index":"index","follow":"follow","max-snippet":"max-snippet:-1","max-image-preview":"max-image-preview:large","max-video-preview":"max-video-preview:-1"},"canonical":"https:\/\/www.siau.cat\/index.php\/2025\/02\/05\/siau-presenta-allegacions-als-nous-curriculums-educatius-i-exigeix-rectificacions-urgents\/","og_locale":"ca_ES","og_type":"article","og_title":"SIAU presenta al\u00b7legacions als nous curr\u00edculums educatius i exigeix rectificacions urgents &#8212; SIAU - SINDICAT INDEPENDENT, AUT\u00d2NOM I UNITARI","og_description":"Avui, 5 de febrer de 2025, el Sindicat Independent, Aut\u00f2nom i Unitari (SIAU) hem registrat formalment les nostres al\u00b7legacions als nous curr\u00edculums educatius de les Illes Balears, expressant preocupaci\u00f3 per diverses defici\u00e8ncies que consideram inacceptables. A trav\u00e9s d\u2019aquestes al\u00b7legacions, exigim a la Conselleria d&#8217;Educaci\u00f3 que rectifiqui aspectes clau del projecte de decret que establir\u00e0 les &hellip; Continua llegint \u00abSIAU presenta al\u00b7legacions als nous curr\u00edculums educatius i exigeix rectificacions urgents\u00bb","og_url":"https:\/\/www.siau.cat\/index.php\/2025\/02\/05\/siau-presenta-allegacions-als-nous-curriculums-educatius-i-exigeix-rectificacions-urgents\/","og_site_name":"SIAU - SINDICAT INDEPENDENT, AUT\u00d2NOM I UNITARI","article_published_time":"2025-02-05T12:52:30+00:00","article_modified_time":"2025-02-05T12:52:33+00:00","og_image":[{"url":"https:\/\/www.siau.cat\/wp-content\/uploads\/2025\/02\/Curriculums-1024x637.png","type":"","width":"","height":""}],"author":"admin","twitter_card":"summary_large_image","twitter_misc":{"Escrit per":"admin","Temps estimat de lectura":"3 minuts"},"schema":{"@context":"https:\/\/schema.org","@graph":[{"@type":"Article","@id":"https:\/\/www.siau.cat\/index.php\/2025\/02\/05\/siau-presenta-allegacions-als-nous-curriculums-educatius-i-exigeix-rectificacions-urgents\/#article","isPartOf":{"@id":"https:\/\/www.siau.cat\/index.php\/2025\/02\/05\/siau-presenta-allegacions-als-nous-curriculums-educatius-i-exigeix-rectificacions-urgents\/"},"author":{"name":"admin","@id":"https:\/\/www.siau.cat\/#\/schema\/person\/810c15694a7e538934bb4be53ebcba0d"},"headline":"SIAU presenta al\u00b7legacions als nous curr\u00edculums educatius i exigeix rectificacions urgents","datePublished":"2025-02-05T12:52:30+00:00","dateModified":"2025-02-05T12:52:33+00:00","mainEntityOfPage":{"@id":"https:\/\/www.siau.cat\/index.php\/2025\/02\/05\/siau-presenta-allegacions-als-nous-curriculums-educatius-i-exigeix-rectificacions-urgents\/"},"wordCount":496,"publisher":{"@id":"https:\/\/www.siau.cat\/#organization"},"image":{"@id":"https:\/\/www.siau.cat\/index.php\/2025\/02\/05\/siau-presenta-allegacions-als-nous-curriculums-educatius-i-exigeix-rectificacions-urgents\/#primaryimage"},"thumbnailUrl":"https:\/\/www.siau.cat\/wp-content\/uploads\/2025\/02\/Curriculums-1024x637.png","articleSection":["Uncategorized"],"inLanguage":"ca"},{"@type":"WebPage","@id":"https:\/\/www.siau.cat\/index.php\/2025\/02\/05\/siau-presenta-allegacions-als-nous-curriculums-educatius-i-exigeix-rectificacions-urgents\/","url":"https:\/\/www.siau.cat\/index.php\/2025\/02\/05\/siau-presenta-allegacions-als-nous-curriculums-educatius-i-exigeix-rectificacions-urgents\/","name":"SIAU presenta al\u00b7legacions als nous curr\u00edculums educatius i exigeix rectificacions urgents &#8212; SIAU - SINDICAT INDEPENDENT, AUT\u00d2NOM I UNITARI","isPartOf":{"@id":"https:\/\/www.siau.cat\/#website"},"primaryImageOfPage":{"@id":"https:\/\/www.siau.cat\/index.php\/2025\/02\/05\/siau-presenta-allegacions-als-nous-curriculums-educatius-i-exigeix-rectificacions-urgents\/#primaryimage"},"image":{"@id":"https:\/\/www.siau.cat\/index.php\/2025\/02\/05\/siau-presenta-allegacions-als-nous-curriculums-educatius-i-exigeix-rectificacions-urgents\/#primaryimage"},"thumbnailUrl":"https:\/\/www.siau.cat\/wp-content\/uploads\/2025\/02\/Curriculums-1024x637.png","datePublished":"2025-02-05T12:52:30+00:00","dateModified":"2025-02-05T12:52:33+00:00","breadcrumb":{"@id":"https:\/\/www.siau.cat\/index.php\/2025\/02\/05\/siau-presenta-allegacions-als-nous-curriculums-educatius-i-exigeix-rectificacions-urgents\/#breadcrumb"},"inLanguage":"ca","potentialAction":[{"@type":"ReadAction","target":["https:\/\/www.siau.cat\/index.php\/2025\/02\/05\/siau-presenta-allegacions-als-nous-curriculums-educatius-i-exigeix-rectificacions-urgents\/"]}]},{"@type":"ImageObject","inLanguage":"ca","@id":"https:\/\/www.siau.cat\/index.php\/2025\/02\/05\/siau-presenta-allegacions-als-nous-curriculums-educatius-i-exigeix-rectificacions-urgents\/#primaryimage","url":"https:\/\/www.siau.cat\/wp-content\/uploads\/2025\/02\/Curriculums.png","contentUrl":"https:\/\/www.siau.cat\/wp-content\/uploads\/2025\/02\/Curriculums.png","width":2122,"height":1320},{"@type":"BreadcrumbList","@id":"https:\/\/www.siau.cat\/index.php\/2025\/02\/05\/siau-presenta-allegacions-als-nous-curriculums-educatius-i-exigeix-rectificacions-urgents\/#breadcrumb","itemListElement":[{"@type":"ListItem","position":1,"name":"Inici","item":"https:\/\/www.siau.cat\/"},{"@type":"ListItem","position":2,"name":"SIAU presenta al\u00b7legacions als nous curr\u00edculums educatius i exigeix rectificacions urgents"}]},{"@type":"WebSite","@id":"https:\/\/www.siau.cat\/#website","url":"https:\/\/www.siau.cat\/","name":"SIAU - SINDICAT INDEPENDENT, AUT\u00d2NOM I UNITARI","description":"Ara s&iacute; que tenim la veu","publisher":{"@id":"https:\/\/www.siau.cat\/#organization"},"potentialAction":[{"@type":"SearchAction","target":{"@type":"EntryPoint","urlTemplate":"https:\/\/www.siau.cat\/?s={search_term_string}"},"query-input":{"@type":"PropertyValueSpecification","valueRequired":true,"valueName":"search_term_string"}}],"inLanguage":"ca"},{"@type":"Organization","@id":"https:\/\/www.siau.cat\/#organization","name":"SIAU","url":"https:\/\/www.siau.cat\/","logo":{"@type":"ImageObject","inLanguage":"ca","@id":"https:\/\/www.siau.cat\/#\/schema\/logo\/image\/","url":"https:\/\/www.siau.cat\/wp-content\/uploads\/2022\/03\/cropped-resized_LOGO-SIAU-5-e1652020847972.jpg","contentUrl":"https:\/\/www.siau.cat\/wp-content\/uploads\/2022\/03\/cropped-resized_LOGO-SIAU-5-e1652020847972.jpg","width":1600,"height":1200,"caption":"SIAU"},"image":{"@id":"https:\/\/www.siau.cat\/#\/schema\/logo\/image\/"}},{"@type":"Person","@id":"https:\/\/www.siau.cat\/#\/schema\/person\/810c15694a7e538934bb4be53ebcba0d","name":"admin","image":{"@type":"ImageObject","inLanguage":"ca","@id":"https:\/\/www.siau.cat\/#\/schema\/person\/image\/","url":"https:\/\/www.siau.cat\/wp-content\/litespeed\/avatar\/d73ebfac3daa0b52552b2ccea63469da.jpg?ver=1777403609","contentUrl":"https:\/\/www.siau.cat\/wp-content\/litespeed\/avatar\/d73ebfac3daa0b52552b2ccea63469da.jpg?ver=1777403609","caption":"admin"},"sameAs":["https:\/\/www.siau.cat"],"url":"https:\/\/www.siau.cat\/index.php\/author\/admin\/"}]}},"jetpack_featured_media_url":"","jetpack_sharing_enabled":true,"_links":{"self":[{"href":"https:\/\/www.siau.cat\/index.php\/wp-json\/wp\/v2\/posts\/1606","targetHints":{"allow":["GET"]}}],"collection":[{"href":"https:\/\/www.siau.cat\/index.php\/wp-json\/wp\/v2\/posts"}],"about":[{"href":"https:\/\/www.siau.cat\/index.php\/wp-json\/wp\/v2\/types\/post"}],"author":[{"embeddable":true,"href":"https:\/\/www.siau.cat\/index.php\/wp-json\/wp\/v2\/users\/1"}],"replies":[{"embeddable":true,"href":"https:\/\/www.siau.cat\/index.php\/wp-json\/wp\/v2\/comments?post=1606"}],"version-history":[{"count":1,"href":"https:\/\/www.siau.cat\/index.php\/wp-json\/wp\/v2\/posts\/1606\/revisions"}],"predecessor-version":[{"id":1608,"href":"https:\/\/www.siau.cat\/index.php\/wp-json\/wp\/v2\/posts\/1606\/revisions\/1608"}],"wp:attachment":[{"href":"https:\/\/www.siau.cat\/index.php\/wp-json\/wp\/v2\/media?parent=1606"}],"wp:term":[{"taxonomy":"category","embeddable":true,"href":"https:\/\/www.siau.cat\/index.php\/wp-json\/wp\/v2\/categories?post=1606"},{"taxonomy":"post_tag","embeddable":true,"href":"https:\/\/www.siau.cat\/index.php\/wp-json\/wp\/v2\/tags?post=1606"}],"curies":[{"name":"wp","href":"https:\/\/api.w.org\/{rel}","templated":true}]}}