{"id":1617,"date":"2025-02-21T13:24:32","date_gmt":"2025-02-21T13:24:32","guid":{"rendered":"https:\/\/www.siau.cat\/?p=1617"},"modified":"2025-02-21T13:24:35","modified_gmt":"2025-02-21T13:24:35","slug":"siau-romp-el-silenci-entorn-del-mestre-i-cantant-miquel-roldan","status":"publish","type":"post","link":"https:\/\/www.siau.cat\/index.php\/2025\/02\/21\/siau-romp-el-silenci-entorn-del-mestre-i-cantant-miquel-roldan\/","title":{"rendered":"SIAU romp el silenci entorn del mestre i cantant Miquel Rold\u00e1n"},"content":{"rendered":"\n<figure class=\"wp-block-image size-large\"><img loading=\"lazy\" decoding=\"async\" width=\"1024\" height=\"576\" src=\"https:\/\/www.siau.cat\/wp-content\/uploads\/2025\/02\/rompre-el-silenci-1024x576.jpeg\" alt=\"\" class=\"wp-image-1618\" srcset=\"https:\/\/www.siau.cat\/wp-content\/uploads\/2025\/02\/rompre-el-silenci-1024x576.jpeg 1024w, https:\/\/www.siau.cat\/wp-content\/uploads\/2025\/02\/rompre-el-silenci-350x197.jpeg 350w, https:\/\/www.siau.cat\/wp-content\/uploads\/2025\/02\/rompre-el-silenci-300x169.jpeg 300w, https:\/\/www.siau.cat\/wp-content\/uploads\/2025\/02\/rompre-el-silenci-768x432.jpeg 768w, https:\/\/www.siau.cat\/wp-content\/uploads\/2025\/02\/rompre-el-silenci-24x14.jpeg 24w, https:\/\/www.siau.cat\/wp-content\/uploads\/2025\/02\/rompre-el-silenci-36x20.jpeg 36w, https:\/\/www.siau.cat\/wp-content\/uploads\/2025\/02\/rompre-el-silenci-48x27.jpeg 48w, https:\/\/www.siau.cat\/wp-content\/uploads\/2025\/02\/rompre-el-silenci.jpeg 1280w\" sizes=\"auto, (max-width: 767px) 89vw, (max-width: 1000px) 54vw, (max-width: 1071px) 543px, 580px\" \/><\/figure>\n\n\n\n<p>Davant els greus esdeveniments relacionats amb el cas del mestre i cantant Miquel Rold\u00e1n, des del Sindicat Independent, Aut\u00f2nom i Unitari (SIAU) hem decidit rompre el silenci i expressar el nostre rebuig frontal a la p\u00e8ssima gesti\u00f3 que la Conselleria d&#8217;Educaci\u00f3 est\u00e0 duent a terme amb aquest assumpte.<\/p>\n\n\n\n<p>En primer lloc, cal recordar que la condemna del senyor Rold\u00e1n no va ser ferma i que la mateixa sent\u00e8ncia denegava la seva inhabilitaci\u00f3 i expulsi\u00f3 de les llistes d&#8217;interins. Mentre no hi hagi fermesa, els procediments judicials segueixen els seus tempos i s\u2019han de respectar. En segon lloc, la comissi\u00f3 parit\u00e0ria de salut no li va imposar cap seguiment obligatori, ja que aquesta iniciativa no va comptar amb el suport de cap sindicat. I, en tercer lloc, despr\u00e9s dels continus fracassos de la Conselleria en l\u2019intent d\u2019inhabilitar-lo, expulsar-lo de les llistes o imposar-li un control m\u00e8dic, el conseller d&#8217;Educaci\u00f3 ha optat per enviar cartes als ministeris d&#8217;Educaci\u00f3, Joventut i Inf\u00e0ncia, Funci\u00f3 P\u00fablica i Treball, sol\u00b7licitant que persones com el senyor Rold\u00e1n no puguin exercir com a docents. Fins ara, totes les accions empreses per la Conselleria han fracassat rotundament i han contribu\u00eft a generar un circ medi\u00e0tic amb l\u2019\u00fanic objectiu de distreure l\u2019atenci\u00f3 dels veritables problemes que afecten el nostre sistema educatiu.<\/p>\n\n\n\n<p>Des de SIAU, som ferms defensors de la protecci\u00f3 de les v\u00edctimes, independentment de la seva edat, g\u00e8nere o altres circumst\u00e0ncies. Tanmateix, \u00e9s fonamental respectar les decisions judicials i la presumpci\u00f3 d\u2019innoc\u00e8ncia. Fins al moment, no ens consta que el senyor Rold\u00e1n hagi com\u00e8s cap delicte dins del seu entorn laboral. Tampoc tenim const\u00e0ncia que la Conselleria hagi iniciat cap procediment disciplinari ni recorregut a la Fiscalia de Menors, als jutjats o a altres vies legals. Entenem que aix\u00f2 es deu a la manca de base legal per actuar en contra seva. L&#8217;\u00fanic que ens consta s\u00f3n les filtracions descontextualitzades als mitjans de comunicaci\u00f3 per part de la Conselleria, un fet grav\u00edssim que vulnera el sigil professional i la confidencialitat obligada per als membres de l\u2019Administraci\u00f3.<\/p>\n\n\n\n<p>En comptes d\u2019assumir les seves responsabilitats, la Conselleria ha optat per una estrat\u00e8gia d\u2019exposici\u00f3 p\u00fablica d\u2019un docent, una actuaci\u00f3 del tot inacceptable. L\u2019Administraci\u00f3, en lloc de predicar amb l&#8217;exemple, ha fomentat una pol\u00e8mica medi\u00e0tica per amagar la seva nefasta gesti\u00f3. Com pot el Sr. Rold\u00e1n obtenir garanties d\u2019objectivitat i protecci\u00f3 davant un modus operandi tan impropi d\u2019una Administraci\u00f3 p\u00fablica?<\/p>\n\n\n\n<p>\u00c9s molt significatiu que ni la Just\u00edcia, en el seu moment, ni cap dels sindicats que formen part de la comissi\u00f3 parit\u00e0ria de salut, s\u2019hagin posicionat al costat de la Conselleria en aquest afer. L\u2019Administraci\u00f3 ha demostrat una clara manca d\u2019\u00e8tica i responsabilitat, optant per batallar als mitjans de comunicaci\u00f3 all\u00f2 que ha perdut als tribunals i a la mateixa comissi\u00f3 parit\u00e0ria.<\/p>\n\n\n\n<p>SIAU insta la Conselleria d\u2019Educaci\u00f3 a posar fi a aquesta cortina de fum i a centrar els seus esfor\u00e7os a abordar les necessitats reals del sistema educatiu: dignificar el professorat, reduir les r\u00e0tios i les hores lectives, millorar les condicions econ\u00f2miques i, en definitiva, construir en lloc de destruir. Crear sensacionalisme entorn d\u2019aquest tema no \u00e9s el cam\u00ed adequat. \u00c9s imprescindible treballar per respectar la dignitat de totes les persones implicades. L\u2019Administraci\u00f3 ha d\u2019assumir la seva responsabilitat, mantenir la confidencialitat i deixar d\u2019exposar p\u00fablicament a qualsevol docent.<\/p>\n\n\n\n<p>Des de SIAU, romandrem vigilants i continuarem defensant els drets de tots els treballadors de l\u2019educaci\u00f3. Exigim a la Conselleria d\u2019Educaci\u00f3 que actu\u00ef amb responsabilitat i respecte cap a tots els professionals del sector i contribueixi a dignificar i empoderar el col\u00b7lectiu docent.<\/p>\n","protected":false},"excerpt":{"rendered":"<p>Davant els greus esdeveniments relacionats amb el cas del mestre i cantant Miquel Rold\u00e1n, des del Sindicat Independent, Aut\u00f2nom i Unitari (SIAU) hem decidit rompre el silenci i expressar el nostre rebuig frontal a la p\u00e8ssima gesti\u00f3 que la Conselleria d&#8217;Educaci\u00f3 est\u00e0 duent a terme amb aquest assumpte. En primer lloc, cal recordar que la &hellip; <\/p>\n<p class=\"link-more\"><a href=\"https:\/\/www.siau.cat\/index.php\/2025\/02\/21\/siau-romp-el-silenci-entorn-del-mestre-i-cantant-miquel-roldan\/\" class=\"more-link\">Continua llegint <span class=\"screen-reader-text\">\u00abSIAU romp el silenci entorn del mestre i cantant Miquel Rold\u00e1n\u00bb<\/span><\/a><\/p>\n","protected":false},"author":1,"featured_media":0,"comment_status":"closed","ping_status":"open","sticky":false,"template":"","format":"standard","meta":{"_jetpack_memberships_contains_paid_content":false,"footnotes":""},"categories":[1],"tags":[],"class_list":["post-1617","post","type-post","status-publish","format-standard","hentry","category-uncategorized"],"yoast_head":"<!-- This site is optimized with the Yoast SEO plugin v25.4 - https:\/\/yoast.com\/wordpress\/plugins\/seo\/ -->\n<title>SIAU romp el silenci entorn del mestre i cantant Miquel Rold\u00e1n &#8212; SIAU - SINDICAT INDEPENDENT, AUT\u00d2NOM I UNITARI<\/title>\n<meta name=\"robots\" content=\"index, follow, max-snippet:-1, max-image-preview:large, max-video-preview:-1\" \/>\n<link rel=\"canonical\" href=\"https:\/\/www.siau.cat\/index.php\/2025\/02\/21\/siau-romp-el-silenci-entorn-del-mestre-i-cantant-miquel-roldan\/\" \/>\n<meta property=\"og:locale\" content=\"ca_ES\" \/>\n<meta property=\"og:type\" content=\"article\" \/>\n<meta property=\"og:title\" content=\"SIAU romp el silenci entorn del mestre i cantant Miquel Rold\u00e1n &#8212; SIAU - SINDICAT INDEPENDENT, AUT\u00d2NOM I UNITARI\" \/>\n<meta property=\"og:description\" content=\"Davant els greus esdeveniments relacionats amb el cas del mestre i cantant Miquel Rold\u00e1n, des del Sindicat Independent, Aut\u00f2nom i Unitari (SIAU) hem decidit rompre el silenci i expressar el nostre rebuig frontal a la p\u00e8ssima gesti\u00f3 que la Conselleria d&#8217;Educaci\u00f3 est\u00e0 duent a terme amb aquest assumpte. En primer lloc, cal recordar que la &hellip; Continua llegint \u00abSIAU romp el silenci entorn del mestre i cantant Miquel Rold\u00e1n\u00bb\" \/>\n<meta property=\"og:url\" content=\"https:\/\/www.siau.cat\/index.php\/2025\/02\/21\/siau-romp-el-silenci-entorn-del-mestre-i-cantant-miquel-roldan\/\" \/>\n<meta property=\"og:site_name\" content=\"SIAU - SINDICAT INDEPENDENT, AUT\u00d2NOM I UNITARI\" \/>\n<meta property=\"article:published_time\" content=\"2025-02-21T13:24:32+00:00\" \/>\n<meta property=\"article:modified_time\" content=\"2025-02-21T13:24:35+00:00\" \/>\n<meta property=\"og:image\" content=\"https:\/\/www.siau.cat\/wp-content\/uploads\/2025\/02\/rompre-el-silenci.jpeg\" \/>\n\t<meta property=\"og:image:width\" content=\"1280\" \/>\n\t<meta property=\"og:image:height\" content=\"720\" \/>\n\t<meta property=\"og:image:type\" content=\"image\/jpeg\" \/>\n<meta name=\"author\" content=\"admin\" \/>\n<meta name=\"twitter:card\" content=\"summary_large_image\" \/>\n<meta name=\"twitter:label1\" content=\"Escrit per\" \/>\n\t<meta name=\"twitter:data1\" content=\"admin\" \/>\n\t<meta name=\"twitter:label2\" content=\"Temps estimat de lectura\" \/>\n\t<meta name=\"twitter:data2\" content=\"4 minuts\" \/>\n<script type=\"application\/ld+json\" class=\"yoast-schema-graph\">{\"@context\":\"https:\/\/schema.org\",\"@graph\":[{\"@type\":\"Article\",\"@id\":\"https:\/\/www.siau.cat\/index.php\/2025\/02\/21\/siau-romp-el-silenci-entorn-del-mestre-i-cantant-miquel-roldan\/#article\",\"isPartOf\":{\"@id\":\"https:\/\/www.siau.cat\/index.php\/2025\/02\/21\/siau-romp-el-silenci-entorn-del-mestre-i-cantant-miquel-roldan\/\"},\"author\":{\"name\":\"admin\",\"@id\":\"https:\/\/www.siau.cat\/#\/schema\/person\/810c15694a7e538934bb4be53ebcba0d\"},\"headline\":\"SIAU romp el silenci entorn del mestre i cantant Miquel Rold\u00e1n\",\"datePublished\":\"2025-02-21T13:24:32+00:00\",\"dateModified\":\"2025-02-21T13:24:35+00:00\",\"mainEntityOfPage\":{\"@id\":\"https:\/\/www.siau.cat\/index.php\/2025\/02\/21\/siau-romp-el-silenci-entorn-del-mestre-i-cantant-miquel-roldan\/\"},\"wordCount\":666,\"publisher\":{\"@id\":\"https:\/\/www.siau.cat\/#organization\"},\"image\":{\"@id\":\"https:\/\/www.siau.cat\/index.php\/2025\/02\/21\/siau-romp-el-silenci-entorn-del-mestre-i-cantant-miquel-roldan\/#primaryimage\"},\"thumbnailUrl\":\"https:\/\/www.siau.cat\/wp-content\/uploads\/2025\/02\/rompre-el-silenci-1024x576.jpeg\",\"articleSection\":[\"Uncategorized\"],\"inLanguage\":\"ca\"},{\"@type\":\"WebPage\",\"@id\":\"https:\/\/www.siau.cat\/index.php\/2025\/02\/21\/siau-romp-el-silenci-entorn-del-mestre-i-cantant-miquel-roldan\/\",\"url\":\"https:\/\/www.siau.cat\/index.php\/2025\/02\/21\/siau-romp-el-silenci-entorn-del-mestre-i-cantant-miquel-roldan\/\",\"name\":\"SIAU romp el silenci entorn del mestre i cantant Miquel Rold\u00e1n &#8212; SIAU - SINDICAT INDEPENDENT, AUT\u00d2NOM I UNITARI\",\"isPartOf\":{\"@id\":\"https:\/\/www.siau.cat\/#website\"},\"primaryImageOfPage\":{\"@id\":\"https:\/\/www.siau.cat\/index.php\/2025\/02\/21\/siau-romp-el-silenci-entorn-del-mestre-i-cantant-miquel-roldan\/#primaryimage\"},\"image\":{\"@id\":\"https:\/\/www.siau.cat\/index.php\/2025\/02\/21\/siau-romp-el-silenci-entorn-del-mestre-i-cantant-miquel-roldan\/#primaryimage\"},\"thumbnailUrl\":\"https:\/\/www.siau.cat\/wp-content\/uploads\/2025\/02\/rompre-el-silenci-1024x576.jpeg\",\"datePublished\":\"2025-02-21T13:24:32+00:00\",\"dateModified\":\"2025-02-21T13:24:35+00:00\",\"breadcrumb\":{\"@id\":\"https:\/\/www.siau.cat\/index.php\/2025\/02\/21\/siau-romp-el-silenci-entorn-del-mestre-i-cantant-miquel-roldan\/#breadcrumb\"},\"inLanguage\":\"ca\",\"potentialAction\":[{\"@type\":\"ReadAction\",\"target\":[\"https:\/\/www.siau.cat\/index.php\/2025\/02\/21\/siau-romp-el-silenci-entorn-del-mestre-i-cantant-miquel-roldan\/\"]}]},{\"@type\":\"ImageObject\",\"inLanguage\":\"ca\",\"@id\":\"https:\/\/www.siau.cat\/index.php\/2025\/02\/21\/siau-romp-el-silenci-entorn-del-mestre-i-cantant-miquel-roldan\/#primaryimage\",\"url\":\"https:\/\/www.siau.cat\/wp-content\/uploads\/2025\/02\/rompre-el-silenci.jpeg\",\"contentUrl\":\"https:\/\/www.siau.cat\/wp-content\/uploads\/2025\/02\/rompre-el-silenci.jpeg\",\"width\":1280,\"height\":720},{\"@type\":\"BreadcrumbList\",\"@id\":\"https:\/\/www.siau.cat\/index.php\/2025\/02\/21\/siau-romp-el-silenci-entorn-del-mestre-i-cantant-miquel-roldan\/#breadcrumb\",\"itemListElement\":[{\"@type\":\"ListItem\",\"position\":1,\"name\":\"Inici\",\"item\":\"https:\/\/www.siau.cat\/\"},{\"@type\":\"ListItem\",\"position\":2,\"name\":\"SIAU romp el silenci entorn del mestre i cantant Miquel Rold\u00e1n\"}]},{\"@type\":\"WebSite\",\"@id\":\"https:\/\/www.siau.cat\/#website\",\"url\":\"https:\/\/www.siau.cat\/\",\"name\":\"SIAU - SINDICAT INDEPENDENT, AUT\u00d2NOM I UNITARI\",\"description\":\"Ara s&iacute; que tenim la veu\",\"publisher\":{\"@id\":\"https:\/\/www.siau.cat\/#organization\"},\"potentialAction\":[{\"@type\":\"SearchAction\",\"target\":{\"@type\":\"EntryPoint\",\"urlTemplate\":\"https:\/\/www.siau.cat\/?s={search_term_string}\"},\"query-input\":{\"@type\":\"PropertyValueSpecification\",\"valueRequired\":true,\"valueName\":\"search_term_string\"}}],\"inLanguage\":\"ca\"},{\"@type\":\"Organization\",\"@id\":\"https:\/\/www.siau.cat\/#organization\",\"name\":\"SIAU\",\"url\":\"https:\/\/www.siau.cat\/\",\"logo\":{\"@type\":\"ImageObject\",\"inLanguage\":\"ca\",\"@id\":\"https:\/\/www.siau.cat\/#\/schema\/logo\/image\/\",\"url\":\"https:\/\/www.siau.cat\/wp-content\/uploads\/2022\/03\/cropped-resized_LOGO-SIAU-5-e1652020847972.jpg\",\"contentUrl\":\"https:\/\/www.siau.cat\/wp-content\/uploads\/2022\/03\/cropped-resized_LOGO-SIAU-5-e1652020847972.jpg\",\"width\":1600,\"height\":1200,\"caption\":\"SIAU\"},\"image\":{\"@id\":\"https:\/\/www.siau.cat\/#\/schema\/logo\/image\/\"}},{\"@type\":\"Person\",\"@id\":\"https:\/\/www.siau.cat\/#\/schema\/person\/810c15694a7e538934bb4be53ebcba0d\",\"name\":\"admin\",\"image\":{\"@type\":\"ImageObject\",\"inLanguage\":\"ca\",\"@id\":\"https:\/\/www.siau.cat\/#\/schema\/person\/image\/\",\"url\":\"https:\/\/www.siau.cat\/wp-content\/litespeed\/avatar\/d73ebfac3daa0b52552b2ccea63469da.jpg?ver=1777403609\",\"contentUrl\":\"https:\/\/www.siau.cat\/wp-content\/litespeed\/avatar\/d73ebfac3daa0b52552b2ccea63469da.jpg?ver=1777403609\",\"caption\":\"admin\"},\"sameAs\":[\"https:\/\/www.siau.cat\"],\"url\":\"https:\/\/www.siau.cat\/index.php\/author\/admin\/\"}]}<\/script>\n<!-- \/ Yoast SEO plugin. -->","yoast_head_json":{"title":"SIAU romp el silenci entorn del mestre i cantant Miquel Rold\u00e1n &#8212; SIAU - SINDICAT INDEPENDENT, AUT\u00d2NOM I UNITARI","robots":{"index":"index","follow":"follow","max-snippet":"max-snippet:-1","max-image-preview":"max-image-preview:large","max-video-preview":"max-video-preview:-1"},"canonical":"https:\/\/www.siau.cat\/index.php\/2025\/02\/21\/siau-romp-el-silenci-entorn-del-mestre-i-cantant-miquel-roldan\/","og_locale":"ca_ES","og_type":"article","og_title":"SIAU romp el silenci entorn del mestre i cantant Miquel Rold\u00e1n &#8212; SIAU - SINDICAT INDEPENDENT, AUT\u00d2NOM I UNITARI","og_description":"Davant els greus esdeveniments relacionats amb el cas del mestre i cantant Miquel Rold\u00e1n, des del Sindicat Independent, Aut\u00f2nom i Unitari (SIAU) hem decidit rompre el silenci i expressar el nostre rebuig frontal a la p\u00e8ssima gesti\u00f3 que la Conselleria d&#8217;Educaci\u00f3 est\u00e0 duent a terme amb aquest assumpte. En primer lloc, cal recordar que la &hellip; Continua llegint \u00abSIAU romp el silenci entorn del mestre i cantant Miquel Rold\u00e1n\u00bb","og_url":"https:\/\/www.siau.cat\/index.php\/2025\/02\/21\/siau-romp-el-silenci-entorn-del-mestre-i-cantant-miquel-roldan\/","og_site_name":"SIAU - SINDICAT INDEPENDENT, AUT\u00d2NOM I UNITARI","article_published_time":"2025-02-21T13:24:32+00:00","article_modified_time":"2025-02-21T13:24:35+00:00","og_image":[{"width":1280,"height":720,"url":"https:\/\/www.siau.cat\/wp-content\/uploads\/2025\/02\/rompre-el-silenci.jpeg","type":"image\/jpeg"}],"author":"admin","twitter_card":"summary_large_image","twitter_misc":{"Escrit per":"admin","Temps estimat de lectura":"4 minuts"},"schema":{"@context":"https:\/\/schema.org","@graph":[{"@type":"Article","@id":"https:\/\/www.siau.cat\/index.php\/2025\/02\/21\/siau-romp-el-silenci-entorn-del-mestre-i-cantant-miquel-roldan\/#article","isPartOf":{"@id":"https:\/\/www.siau.cat\/index.php\/2025\/02\/21\/siau-romp-el-silenci-entorn-del-mestre-i-cantant-miquel-roldan\/"},"author":{"name":"admin","@id":"https:\/\/www.siau.cat\/#\/schema\/person\/810c15694a7e538934bb4be53ebcba0d"},"headline":"SIAU romp el silenci entorn del mestre i cantant Miquel Rold\u00e1n","datePublished":"2025-02-21T13:24:32+00:00","dateModified":"2025-02-21T13:24:35+00:00","mainEntityOfPage":{"@id":"https:\/\/www.siau.cat\/index.php\/2025\/02\/21\/siau-romp-el-silenci-entorn-del-mestre-i-cantant-miquel-roldan\/"},"wordCount":666,"publisher":{"@id":"https:\/\/www.siau.cat\/#organization"},"image":{"@id":"https:\/\/www.siau.cat\/index.php\/2025\/02\/21\/siau-romp-el-silenci-entorn-del-mestre-i-cantant-miquel-roldan\/#primaryimage"},"thumbnailUrl":"https:\/\/www.siau.cat\/wp-content\/uploads\/2025\/02\/rompre-el-silenci-1024x576.jpeg","articleSection":["Uncategorized"],"inLanguage":"ca"},{"@type":"WebPage","@id":"https:\/\/www.siau.cat\/index.php\/2025\/02\/21\/siau-romp-el-silenci-entorn-del-mestre-i-cantant-miquel-roldan\/","url":"https:\/\/www.siau.cat\/index.php\/2025\/02\/21\/siau-romp-el-silenci-entorn-del-mestre-i-cantant-miquel-roldan\/","name":"SIAU romp el silenci entorn del mestre i cantant Miquel Rold\u00e1n &#8212; SIAU - SINDICAT INDEPENDENT, AUT\u00d2NOM I UNITARI","isPartOf":{"@id":"https:\/\/www.siau.cat\/#website"},"primaryImageOfPage":{"@id":"https:\/\/www.siau.cat\/index.php\/2025\/02\/21\/siau-romp-el-silenci-entorn-del-mestre-i-cantant-miquel-roldan\/#primaryimage"},"image":{"@id":"https:\/\/www.siau.cat\/index.php\/2025\/02\/21\/siau-romp-el-silenci-entorn-del-mestre-i-cantant-miquel-roldan\/#primaryimage"},"thumbnailUrl":"https:\/\/www.siau.cat\/wp-content\/uploads\/2025\/02\/rompre-el-silenci-1024x576.jpeg","datePublished":"2025-02-21T13:24:32+00:00","dateModified":"2025-02-21T13:24:35+00:00","breadcrumb":{"@id":"https:\/\/www.siau.cat\/index.php\/2025\/02\/21\/siau-romp-el-silenci-entorn-del-mestre-i-cantant-miquel-roldan\/#breadcrumb"},"inLanguage":"ca","potentialAction":[{"@type":"ReadAction","target":["https:\/\/www.siau.cat\/index.php\/2025\/02\/21\/siau-romp-el-silenci-entorn-del-mestre-i-cantant-miquel-roldan\/"]}]},{"@type":"ImageObject","inLanguage":"ca","@id":"https:\/\/www.siau.cat\/index.php\/2025\/02\/21\/siau-romp-el-silenci-entorn-del-mestre-i-cantant-miquel-roldan\/#primaryimage","url":"https:\/\/www.siau.cat\/wp-content\/uploads\/2025\/02\/rompre-el-silenci.jpeg","contentUrl":"https:\/\/www.siau.cat\/wp-content\/uploads\/2025\/02\/rompre-el-silenci.jpeg","width":1280,"height":720},{"@type":"BreadcrumbList","@id":"https:\/\/www.siau.cat\/index.php\/2025\/02\/21\/siau-romp-el-silenci-entorn-del-mestre-i-cantant-miquel-roldan\/#breadcrumb","itemListElement":[{"@type":"ListItem","position":1,"name":"Inici","item":"https:\/\/www.siau.cat\/"},{"@type":"ListItem","position":2,"name":"SIAU romp el silenci entorn del mestre i cantant Miquel Rold\u00e1n"}]},{"@type":"WebSite","@id":"https:\/\/www.siau.cat\/#website","url":"https:\/\/www.siau.cat\/","name":"SIAU - SINDICAT INDEPENDENT, AUT\u00d2NOM I UNITARI","description":"Ara s&iacute; que tenim la veu","publisher":{"@id":"https:\/\/www.siau.cat\/#organization"},"potentialAction":[{"@type":"SearchAction","target":{"@type":"EntryPoint","urlTemplate":"https:\/\/www.siau.cat\/?s={search_term_string}"},"query-input":{"@type":"PropertyValueSpecification","valueRequired":true,"valueName":"search_term_string"}}],"inLanguage":"ca"},{"@type":"Organization","@id":"https:\/\/www.siau.cat\/#organization","name":"SIAU","url":"https:\/\/www.siau.cat\/","logo":{"@type":"ImageObject","inLanguage":"ca","@id":"https:\/\/www.siau.cat\/#\/schema\/logo\/image\/","url":"https:\/\/www.siau.cat\/wp-content\/uploads\/2022\/03\/cropped-resized_LOGO-SIAU-5-e1652020847972.jpg","contentUrl":"https:\/\/www.siau.cat\/wp-content\/uploads\/2022\/03\/cropped-resized_LOGO-SIAU-5-e1652020847972.jpg","width":1600,"height":1200,"caption":"SIAU"},"image":{"@id":"https:\/\/www.siau.cat\/#\/schema\/logo\/image\/"}},{"@type":"Person","@id":"https:\/\/www.siau.cat\/#\/schema\/person\/810c15694a7e538934bb4be53ebcba0d","name":"admin","image":{"@type":"ImageObject","inLanguage":"ca","@id":"https:\/\/www.siau.cat\/#\/schema\/person\/image\/","url":"https:\/\/www.siau.cat\/wp-content\/litespeed\/avatar\/d73ebfac3daa0b52552b2ccea63469da.jpg?ver=1777403609","contentUrl":"https:\/\/www.siau.cat\/wp-content\/litespeed\/avatar\/d73ebfac3daa0b52552b2ccea63469da.jpg?ver=1777403609","caption":"admin"},"sameAs":["https:\/\/www.siau.cat"],"url":"https:\/\/www.siau.cat\/index.php\/author\/admin\/"}]}},"jetpack_featured_media_url":"","jetpack_sharing_enabled":true,"_links":{"self":[{"href":"https:\/\/www.siau.cat\/index.php\/wp-json\/wp\/v2\/posts\/1617","targetHints":{"allow":["GET"]}}],"collection":[{"href":"https:\/\/www.siau.cat\/index.php\/wp-json\/wp\/v2\/posts"}],"about":[{"href":"https:\/\/www.siau.cat\/index.php\/wp-json\/wp\/v2\/types\/post"}],"author":[{"embeddable":true,"href":"https:\/\/www.siau.cat\/index.php\/wp-json\/wp\/v2\/users\/1"}],"replies":[{"embeddable":true,"href":"https:\/\/www.siau.cat\/index.php\/wp-json\/wp\/v2\/comments?post=1617"}],"version-history":[{"count":1,"href":"https:\/\/www.siau.cat\/index.php\/wp-json\/wp\/v2\/posts\/1617\/revisions"}],"predecessor-version":[{"id":1619,"href":"https:\/\/www.siau.cat\/index.php\/wp-json\/wp\/v2\/posts\/1617\/revisions\/1619"}],"wp:attachment":[{"href":"https:\/\/www.siau.cat\/index.php\/wp-json\/wp\/v2\/media?parent=1617"}],"wp:term":[{"taxonomy":"category","embeddable":true,"href":"https:\/\/www.siau.cat\/index.php\/wp-json\/wp\/v2\/categories?post=1617"},{"taxonomy":"post_tag","embeddable":true,"href":"https:\/\/www.siau.cat\/index.php\/wp-json\/wp\/v2\/tags?post=1617"}],"curies":[{"name":"wp","href":"https:\/\/api.w.org\/{rel}","templated":true}]}}