{"id":1742,"date":"2025-03-12T12:33:04","date_gmt":"2025-03-12T12:33:04","guid":{"rendered":"https:\/\/www.siau.cat\/?p=1742"},"modified":"2025-03-12T12:33:08","modified_gmt":"2025-03-12T12:33:08","slug":"siau-celebra-que-diverses-entitats-de-lambit-educatiu-reconeguin-lactual-fuga-de-docents-pero-cal-que-se-situin-del-costat-dels-treballadors-en-comptes-del-de-lempresa","status":"publish","type":"post","link":"https:\/\/www.siau.cat\/index.php\/2025\/03\/12\/siau-celebra-que-diverses-entitats-de-lambit-educatiu-reconeguin-lactual-fuga-de-docents-pero-cal-que-se-situin-del-costat-dels-treballadors-en-comptes-del-de-lempresa\/","title":{"rendered":"SIAU celebra que diverses entitats de l\u2019\u00e0mbit educatiu reconeguin l\u2019actual fuga de docents, per\u00f2 cal que se situ\u00efn del costat dels treballadors en comptes del de l\u2019empresa"},"content":{"rendered":"\n<figure class=\"wp-block-image size-large\"><img loading=\"lazy\" decoding=\"async\" width=\"1024\" height=\"1024\" src=\"https:\/\/www.siau.cat\/wp-content\/uploads\/2025\/03\/Rebaixes-docents-1024x1024.png\" alt=\"\" class=\"wp-image-1743\" srcset=\"https:\/\/www.siau.cat\/wp-content\/uploads\/2025\/03\/Rebaixes-docents-1024x1024.png 1024w, https:\/\/www.siau.cat\/wp-content\/uploads\/2025\/03\/Rebaixes-docents-300x300.png 300w, https:\/\/www.siau.cat\/wp-content\/uploads\/2025\/03\/Rebaixes-docents-150x150.png 150w, https:\/\/www.siau.cat\/wp-content\/uploads\/2025\/03\/Rebaixes-docents-768x768.png 768w, https:\/\/www.siau.cat\/wp-content\/uploads\/2025\/03\/Rebaixes-docents-100x100.png 100w, https:\/\/www.siau.cat\/wp-content\/uploads\/2025\/03\/Rebaixes-docents-24x24.png 24w, https:\/\/www.siau.cat\/wp-content\/uploads\/2025\/03\/Rebaixes-docents-36x36.png 36w, https:\/\/www.siau.cat\/wp-content\/uploads\/2025\/03\/Rebaixes-docents-48x48.png 48w, https:\/\/www.siau.cat\/wp-content\/uploads\/2025\/03\/Rebaixes-docents-250x250.png 250w, https:\/\/www.siau.cat\/wp-content\/uploads\/2025\/03\/Rebaixes-docents-350x350.png 350w, https:\/\/www.siau.cat\/wp-content\/uploads\/2025\/03\/Rebaixes-docents.png 1080w\" sizes=\"auto, (max-width: 767px) 89vw, (max-width: 1000px) 54vw, (max-width: 1071px) 543px, 580px\" \/><\/figure>\n\n\n\n<p>El Sindicat Independent, Aut\u00f2nom i Unitari (SIAU) va ser la primera entitat del sector educatiu en fer p\u00fablic la fuga massiva de docents que pateix el nostre territori. Concretament, el passat 18 de gener de 2025, el nostre sindicat va donar a con\u00e8ixer aquesta preocupant situaci\u00f3, un fet que posa en perill el futur educatiu dels nostres joves. En aquell comunicat inicial, que podeu consultar a partir del seg\u00fcent <a href=\"https:\/\/www.siau.cat\/index.php\/2025\/01\/18\/siau-denuncia-una-fuga-massiva-de-docents-que-posa-en-perill-el-futur-educatiu-dels-nostres-joves\/\">enlla\u00e7<\/a>, detall\u00e0rem que aquesta fuga no era un fenomen a\u00efllat, sin\u00f3 el reflex de m\u00faltiples causes que han afectat la professi\u00f3 docent durant anys, entre elles les males condicions laborals, la manca de reconeixement i el continu desmantellament de l&#8217;educaci\u00f3 p\u00fablica.<\/p>\n\n\n\n<p>Ens complau constatar que, durant les darreres setmanes, diverses entitats de les Illes Balears han acabat sumant-se a la nostra den\u00fancia, evidenciant la fuga de docents i part de les causes que la propicien. Ho consideram un pas positiu que altres actors socials s&#8217;hagin unit a la nostra causa, per\u00f2 lamentablement aquesta situaci\u00f3 no es revertir\u00e0 mentre els mateixos que se sumen a la causa acorden certes mesures, com ara disposar d\u2019alliberats sindicals extra destinats a comissions o grups de treball fantasma. A m\u00e9s, s\u00f3n els mateixos que endarrereixen al m\u00e0xim l\u2019execuci\u00f3 de sent\u00e8ncies judicial entorn d\u2019abonaments retributius pendents o deutes que la Conselleria encara t\u00e9 amb el professorat, tamb\u00e9 endarrerint, encara m\u00e9s anys, qualsevol actualitzaci\u00f3 dels complements retributius (com el de resid\u00e8ncia), aix\u00ed com acordant una mal etiquetada \u201ccarrera professional\u201d amb un import insultant, entre moltes altres mesures indignes. Nosaltres no volem les miques de pa ni acceptam els posturejos de l\u2019actual Administraci\u00f3 i els seus sindicats. Exigim com a m\u00ednim el mateix tracte que t\u00e9 el funcionariat de la resta d\u2019administracions. No ens mereixem menys. Per aix\u00f2, s\u2019ha de posar fi urgentment, sense m\u00e9s demora, a la discriminaci\u00f3 a la qual ens tenen sotmesos.<\/p>\n\n\n\n<p>Malauradament, els responsables de la Conselleria d&#8217;Educaci\u00f3, en conniv\u00e8ncia amb certs sindicats, no han pres mesures efectives per dignificar la tasca docent. En lloc d&#8217;oferir solucions, han optat per mesures de cara a la galeria que no nom\u00e9s no resolen la problem\u00e0tica actual, sin\u00f3 que l&#8217;agreugen m\u00e9s. Per exemple, convidar a l&#8217;intrusisme professional (aprovat pels sindicats afins al govern) demostra un menyspreu cap a la professi\u00f3 docent i un pas enrere en la qualitat educativa que els nostres joves mereixen. I el m\u00e9s curi\u00f3s de tot \u00e9s que bona part dels sindicats que critiquen l\u2019intrusisme s\u00f3n els mateixos que cada vegada voten a favor, en mesa sectorial, de resolucions encaminades a potenciar-lo. P\u00fablicament es pronuncien en contra de l\u2019intrusisme i per darrere faciliten a la Conselleria que es pugui materialitzar. Evidentment, no ho fan a canvi de res. Avui podem avan\u00e7ar que SIAU recorrer\u00e0 la darrera convocat\u00f2ria d\u2019interins, ja que el que es pret\u00e9n acabar\u00e0 d\u2019enfonsar la qualitat educativa de les Illes Balears i encara desmotivar\u00e0 m\u00e9s al nostre col\u00b7lectiu.<\/p>\n\n\n\n<p>\u00c9s inacceptable que, en lloc de buscar solucions reals i oferir condicions dignes per als docents, es continu\u00efn prenent decisions que agreugen la fuga de professionals i perpetuen l\u2019actual crisi educativa. Els responsables al capdavant de l&#8217;administraci\u00f3 educativa han mostrat la seva incapacitat per resoldre la problem\u00e0tica, exacerbant les males condicions laborals i afectant encara m\u00e9s l&#8217;estabilitat de les plantilles docents.<\/p>\n\n\n\n<p>Des de SIAU exigim amb fermesa que la Conselleria d&#8217;Educaci\u00f3 rectifiqui immediatament la seva actitud i posi en marxa mesures reals per aturar la fuga de docents i dignificar la professi\u00f3. Els nostres joves i el futur de l&#8217;educaci\u00f3 p\u00fablica no poden continuar estant a merc\u00e8 de la inefic\u00e0cia i la manca de comprom\u00eds de qui ostenten el poder. Cal un canvi urgent de rumb i deixar d&#8217;intentar prendre el p\u00e8l al professorat. El col\u00b7lectiu docent mai hauria d\u2019estar en venda a canvi de poder perpetuar retallades, publicitar complements retributius insultants, adquirir alliberats extra i altres privilegis.<\/p>\n","protected":false},"excerpt":{"rendered":"<p>El Sindicat Independent, Aut\u00f2nom i Unitari (SIAU) va ser la primera entitat del sector educatiu en fer p\u00fablic la fuga massiva de docents que pateix el nostre territori. Concretament, el passat 18 de gener de 2025, el nostre sindicat va donar a con\u00e8ixer aquesta preocupant situaci\u00f3, un fet que posa en perill el futur educatiu &hellip; <\/p>\n<p class=\"link-more\"><a href=\"https:\/\/www.siau.cat\/index.php\/2025\/03\/12\/siau-celebra-que-diverses-entitats-de-lambit-educatiu-reconeguin-lactual-fuga-de-docents-pero-cal-que-se-situin-del-costat-dels-treballadors-en-comptes-del-de-lempresa\/\" class=\"more-link\">Continua llegint <span class=\"screen-reader-text\">\u00abSIAU celebra que diverses entitats de l\u2019\u00e0mbit educatiu reconeguin l\u2019actual fuga de docents, per\u00f2 cal que se situ\u00efn del costat dels treballadors en comptes del de l\u2019empresa\u00bb<\/span><\/a><\/p>\n","protected":false},"author":1,"featured_media":0,"comment_status":"closed","ping_status":"open","sticky":false,"template":"","format":"standard","meta":{"_jetpack_memberships_contains_paid_content":false,"footnotes":""},"categories":[1],"tags":[],"class_list":["post-1742","post","type-post","status-publish","format-standard","hentry","category-uncategorized"],"yoast_head":"<!-- This site is optimized with the Yoast SEO plugin v25.4 - https:\/\/yoast.com\/wordpress\/plugins\/seo\/ -->\n<title>SIAU celebra que diverses entitats de l\u2019\u00e0mbit educatiu reconeguin l\u2019actual fuga de docents, per\u00f2 cal que se situ\u00efn del costat dels treballadors en comptes del de l\u2019empresa &#8212; SIAU - SINDICAT INDEPENDENT, AUT\u00d2NOM I UNITARI<\/title>\n<meta name=\"robots\" content=\"index, follow, max-snippet:-1, max-image-preview:large, max-video-preview:-1\" \/>\n<link rel=\"canonical\" href=\"https:\/\/www.siau.cat\/index.php\/2025\/03\/12\/siau-celebra-que-diverses-entitats-de-lambit-educatiu-reconeguin-lactual-fuga-de-docents-pero-cal-que-se-situin-del-costat-dels-treballadors-en-comptes-del-de-lempresa\/\" \/>\n<meta property=\"og:locale\" content=\"ca_ES\" \/>\n<meta property=\"og:type\" content=\"article\" \/>\n<meta property=\"og:title\" content=\"SIAU celebra que diverses entitats de l\u2019\u00e0mbit educatiu reconeguin l\u2019actual fuga de docents, per\u00f2 cal que se situ\u00efn del costat dels treballadors en comptes del de l\u2019empresa &#8212; SIAU - SINDICAT INDEPENDENT, AUT\u00d2NOM I UNITARI\" \/>\n<meta property=\"og:description\" content=\"El Sindicat Independent, Aut\u00f2nom i Unitari (SIAU) va ser la primera entitat del sector educatiu en fer p\u00fablic la fuga massiva de docents que pateix el nostre territori. Concretament, el passat 18 de gener de 2025, el nostre sindicat va donar a con\u00e8ixer aquesta preocupant situaci\u00f3, un fet que posa en perill el futur educatiu &hellip; Continua llegint \u00abSIAU celebra que diverses entitats de l\u2019\u00e0mbit educatiu reconeguin l\u2019actual fuga de docents, per\u00f2 cal que se situ\u00efn del costat dels treballadors en comptes del de l\u2019empresa\u00bb\" \/>\n<meta property=\"og:url\" content=\"https:\/\/www.siau.cat\/index.php\/2025\/03\/12\/siau-celebra-que-diverses-entitats-de-lambit-educatiu-reconeguin-lactual-fuga-de-docents-pero-cal-que-se-situin-del-costat-dels-treballadors-en-comptes-del-de-lempresa\/\" \/>\n<meta property=\"og:site_name\" content=\"SIAU - SINDICAT INDEPENDENT, AUT\u00d2NOM I UNITARI\" \/>\n<meta property=\"article:published_time\" content=\"2025-03-12T12:33:04+00:00\" \/>\n<meta property=\"article:modified_time\" content=\"2025-03-12T12:33:08+00:00\" \/>\n<meta property=\"og:image\" content=\"https:\/\/www.siau.cat\/wp-content\/uploads\/2025\/03\/Rebaixes-docents.png\" \/>\n\t<meta property=\"og:image:width\" content=\"1080\" \/>\n\t<meta property=\"og:image:height\" content=\"1080\" \/>\n\t<meta property=\"og:image:type\" content=\"image\/png\" \/>\n<meta name=\"author\" content=\"admin\" \/>\n<meta name=\"twitter:card\" content=\"summary_large_image\" \/>\n<meta name=\"twitter:label1\" content=\"Escrit per\" \/>\n\t<meta name=\"twitter:data1\" content=\"admin\" \/>\n\t<meta name=\"twitter:label2\" content=\"Temps estimat de lectura\" \/>\n\t<meta name=\"twitter:data2\" content=\"4 minuts\" \/>\n<script type=\"application\/ld+json\" class=\"yoast-schema-graph\">{\"@context\":\"https:\/\/schema.org\",\"@graph\":[{\"@type\":\"Article\",\"@id\":\"https:\/\/www.siau.cat\/index.php\/2025\/03\/12\/siau-celebra-que-diverses-entitats-de-lambit-educatiu-reconeguin-lactual-fuga-de-docents-pero-cal-que-se-situin-del-costat-dels-treballadors-en-comptes-del-de-lempresa\/#article\",\"isPartOf\":{\"@id\":\"https:\/\/www.siau.cat\/index.php\/2025\/03\/12\/siau-celebra-que-diverses-entitats-de-lambit-educatiu-reconeguin-lactual-fuga-de-docents-pero-cal-que-se-situin-del-costat-dels-treballadors-en-comptes-del-de-lempresa\/\"},\"author\":{\"name\":\"admin\",\"@id\":\"https:\/\/www.siau.cat\/#\/schema\/person\/810c15694a7e538934bb4be53ebcba0d\"},\"headline\":\"SIAU celebra que diverses entitats de l\u2019\u00e0mbit educatiu reconeguin l\u2019actual fuga de docents, per\u00f2 cal que se situ\u00efn del costat dels treballadors en comptes del de l\u2019empresa\",\"datePublished\":\"2025-03-12T12:33:04+00:00\",\"dateModified\":\"2025-03-12T12:33:08+00:00\",\"mainEntityOfPage\":{\"@id\":\"https:\/\/www.siau.cat\/index.php\/2025\/03\/12\/siau-celebra-que-diverses-entitats-de-lambit-educatiu-reconeguin-lactual-fuga-de-docents-pero-cal-que-se-situin-del-costat-dels-treballadors-en-comptes-del-de-lempresa\/\"},\"wordCount\":724,\"publisher\":{\"@id\":\"https:\/\/www.siau.cat\/#organization\"},\"image\":{\"@id\":\"https:\/\/www.siau.cat\/index.php\/2025\/03\/12\/siau-celebra-que-diverses-entitats-de-lambit-educatiu-reconeguin-lactual-fuga-de-docents-pero-cal-que-se-situin-del-costat-dels-treballadors-en-comptes-del-de-lempresa\/#primaryimage\"},\"thumbnailUrl\":\"https:\/\/www.siau.cat\/wp-content\/uploads\/2025\/03\/Rebaixes-docents-1024x1024.png\",\"articleSection\":[\"Uncategorized\"],\"inLanguage\":\"ca\"},{\"@type\":\"WebPage\",\"@id\":\"https:\/\/www.siau.cat\/index.php\/2025\/03\/12\/siau-celebra-que-diverses-entitats-de-lambit-educatiu-reconeguin-lactual-fuga-de-docents-pero-cal-que-se-situin-del-costat-dels-treballadors-en-comptes-del-de-lempresa\/\",\"url\":\"https:\/\/www.siau.cat\/index.php\/2025\/03\/12\/siau-celebra-que-diverses-entitats-de-lambit-educatiu-reconeguin-lactual-fuga-de-docents-pero-cal-que-se-situin-del-costat-dels-treballadors-en-comptes-del-de-lempresa\/\",\"name\":\"SIAU celebra que diverses entitats de l\u2019\u00e0mbit educatiu reconeguin l\u2019actual fuga de docents, per\u00f2 cal que se situ\u00efn del costat dels treballadors en comptes del de l\u2019empresa &#8212; SIAU - SINDICAT INDEPENDENT, AUT\u00d2NOM I UNITARI\",\"isPartOf\":{\"@id\":\"https:\/\/www.siau.cat\/#website\"},\"primaryImageOfPage\":{\"@id\":\"https:\/\/www.siau.cat\/index.php\/2025\/03\/12\/siau-celebra-que-diverses-entitats-de-lambit-educatiu-reconeguin-lactual-fuga-de-docents-pero-cal-que-se-situin-del-costat-dels-treballadors-en-comptes-del-de-lempresa\/#primaryimage\"},\"image\":{\"@id\":\"https:\/\/www.siau.cat\/index.php\/2025\/03\/12\/siau-celebra-que-diverses-entitats-de-lambit-educatiu-reconeguin-lactual-fuga-de-docents-pero-cal-que-se-situin-del-costat-dels-treballadors-en-comptes-del-de-lempresa\/#primaryimage\"},\"thumbnailUrl\":\"https:\/\/www.siau.cat\/wp-content\/uploads\/2025\/03\/Rebaixes-docents-1024x1024.png\",\"datePublished\":\"2025-03-12T12:33:04+00:00\",\"dateModified\":\"2025-03-12T12:33:08+00:00\",\"breadcrumb\":{\"@id\":\"https:\/\/www.siau.cat\/index.php\/2025\/03\/12\/siau-celebra-que-diverses-entitats-de-lambit-educatiu-reconeguin-lactual-fuga-de-docents-pero-cal-que-se-situin-del-costat-dels-treballadors-en-comptes-del-de-lempresa\/#breadcrumb\"},\"inLanguage\":\"ca\",\"potentialAction\":[{\"@type\":\"ReadAction\",\"target\":[\"https:\/\/www.siau.cat\/index.php\/2025\/03\/12\/siau-celebra-que-diverses-entitats-de-lambit-educatiu-reconeguin-lactual-fuga-de-docents-pero-cal-que-se-situin-del-costat-dels-treballadors-en-comptes-del-de-lempresa\/\"]}]},{\"@type\":\"ImageObject\",\"inLanguage\":\"ca\",\"@id\":\"https:\/\/www.siau.cat\/index.php\/2025\/03\/12\/siau-celebra-que-diverses-entitats-de-lambit-educatiu-reconeguin-lactual-fuga-de-docents-pero-cal-que-se-situin-del-costat-dels-treballadors-en-comptes-del-de-lempresa\/#primaryimage\",\"url\":\"https:\/\/www.siau.cat\/wp-content\/uploads\/2025\/03\/Rebaixes-docents.png\",\"contentUrl\":\"https:\/\/www.siau.cat\/wp-content\/uploads\/2025\/03\/Rebaixes-docents.png\",\"width\":1080,\"height\":1080},{\"@type\":\"BreadcrumbList\",\"@id\":\"https:\/\/www.siau.cat\/index.php\/2025\/03\/12\/siau-celebra-que-diverses-entitats-de-lambit-educatiu-reconeguin-lactual-fuga-de-docents-pero-cal-que-se-situin-del-costat-dels-treballadors-en-comptes-del-de-lempresa\/#breadcrumb\",\"itemListElement\":[{\"@type\":\"ListItem\",\"position\":1,\"name\":\"Inici\",\"item\":\"https:\/\/www.siau.cat\/\"},{\"@type\":\"ListItem\",\"position\":2,\"name\":\"SIAU celebra que diverses entitats de l\u2019\u00e0mbit educatiu reconeguin l\u2019actual fuga de docents, per\u00f2 cal que se situ\u00efn del costat dels treballadors en comptes del de l\u2019empresa\"}]},{\"@type\":\"WebSite\",\"@id\":\"https:\/\/www.siau.cat\/#website\",\"url\":\"https:\/\/www.siau.cat\/\",\"name\":\"SIAU - SINDICAT INDEPENDENT, AUT\u00d2NOM I UNITARI\",\"description\":\"Ara s&iacute; que tenim la veu\",\"publisher\":{\"@id\":\"https:\/\/www.siau.cat\/#organization\"},\"potentialAction\":[{\"@type\":\"SearchAction\",\"target\":{\"@type\":\"EntryPoint\",\"urlTemplate\":\"https:\/\/www.siau.cat\/?s={search_term_string}\"},\"query-input\":{\"@type\":\"PropertyValueSpecification\",\"valueRequired\":true,\"valueName\":\"search_term_string\"}}],\"inLanguage\":\"ca\"},{\"@type\":\"Organization\",\"@id\":\"https:\/\/www.siau.cat\/#organization\",\"name\":\"SIAU\",\"url\":\"https:\/\/www.siau.cat\/\",\"logo\":{\"@type\":\"ImageObject\",\"inLanguage\":\"ca\",\"@id\":\"https:\/\/www.siau.cat\/#\/schema\/logo\/image\/\",\"url\":\"https:\/\/www.siau.cat\/wp-content\/uploads\/2022\/03\/cropped-resized_LOGO-SIAU-5-e1652020847972.jpg\",\"contentUrl\":\"https:\/\/www.siau.cat\/wp-content\/uploads\/2022\/03\/cropped-resized_LOGO-SIAU-5-e1652020847972.jpg\",\"width\":1600,\"height\":1200,\"caption\":\"SIAU\"},\"image\":{\"@id\":\"https:\/\/www.siau.cat\/#\/schema\/logo\/image\/\"}},{\"@type\":\"Person\",\"@id\":\"https:\/\/www.siau.cat\/#\/schema\/person\/810c15694a7e538934bb4be53ebcba0d\",\"name\":\"admin\",\"image\":{\"@type\":\"ImageObject\",\"inLanguage\":\"ca\",\"@id\":\"https:\/\/www.siau.cat\/#\/schema\/person\/image\/\",\"url\":\"https:\/\/www.siau.cat\/wp-content\/litespeed\/avatar\/d73ebfac3daa0b52552b2ccea63469da.jpg?ver=1777403609\",\"contentUrl\":\"https:\/\/www.siau.cat\/wp-content\/litespeed\/avatar\/d73ebfac3daa0b52552b2ccea63469da.jpg?ver=1777403609\",\"caption\":\"admin\"},\"sameAs\":[\"https:\/\/www.siau.cat\"],\"url\":\"https:\/\/www.siau.cat\/index.php\/author\/admin\/\"}]}<\/script>\n<!-- \/ Yoast SEO plugin. -->","yoast_head_json":{"title":"SIAU celebra que diverses entitats de l\u2019\u00e0mbit educatiu reconeguin l\u2019actual fuga de docents, per\u00f2 cal que se situ\u00efn del costat dels treballadors en comptes del de l\u2019empresa &#8212; SIAU - SINDICAT INDEPENDENT, AUT\u00d2NOM I UNITARI","robots":{"index":"index","follow":"follow","max-snippet":"max-snippet:-1","max-image-preview":"max-image-preview:large","max-video-preview":"max-video-preview:-1"},"canonical":"https:\/\/www.siau.cat\/index.php\/2025\/03\/12\/siau-celebra-que-diverses-entitats-de-lambit-educatiu-reconeguin-lactual-fuga-de-docents-pero-cal-que-se-situin-del-costat-dels-treballadors-en-comptes-del-de-lempresa\/","og_locale":"ca_ES","og_type":"article","og_title":"SIAU celebra que diverses entitats de l\u2019\u00e0mbit educatiu reconeguin l\u2019actual fuga de docents, per\u00f2 cal que se situ\u00efn del costat dels treballadors en comptes del de l\u2019empresa &#8212; SIAU - SINDICAT INDEPENDENT, AUT\u00d2NOM I UNITARI","og_description":"El Sindicat Independent, Aut\u00f2nom i Unitari (SIAU) va ser la primera entitat del sector educatiu en fer p\u00fablic la fuga massiva de docents que pateix el nostre territori. Concretament, el passat 18 de gener de 2025, el nostre sindicat va donar a con\u00e8ixer aquesta preocupant situaci\u00f3, un fet que posa en perill el futur educatiu &hellip; Continua llegint \u00abSIAU celebra que diverses entitats de l\u2019\u00e0mbit educatiu reconeguin l\u2019actual fuga de docents, per\u00f2 cal que se situ\u00efn del costat dels treballadors en comptes del de l\u2019empresa\u00bb","og_url":"https:\/\/www.siau.cat\/index.php\/2025\/03\/12\/siau-celebra-que-diverses-entitats-de-lambit-educatiu-reconeguin-lactual-fuga-de-docents-pero-cal-que-se-situin-del-costat-dels-treballadors-en-comptes-del-de-lempresa\/","og_site_name":"SIAU - SINDICAT INDEPENDENT, AUT\u00d2NOM I UNITARI","article_published_time":"2025-03-12T12:33:04+00:00","article_modified_time":"2025-03-12T12:33:08+00:00","og_image":[{"width":1080,"height":1080,"url":"https:\/\/www.siau.cat\/wp-content\/uploads\/2025\/03\/Rebaixes-docents.png","type":"image\/png"}],"author":"admin","twitter_card":"summary_large_image","twitter_misc":{"Escrit per":"admin","Temps estimat de lectura":"4 minuts"},"schema":{"@context":"https:\/\/schema.org","@graph":[{"@type":"Article","@id":"https:\/\/www.siau.cat\/index.php\/2025\/03\/12\/siau-celebra-que-diverses-entitats-de-lambit-educatiu-reconeguin-lactual-fuga-de-docents-pero-cal-que-se-situin-del-costat-dels-treballadors-en-comptes-del-de-lempresa\/#article","isPartOf":{"@id":"https:\/\/www.siau.cat\/index.php\/2025\/03\/12\/siau-celebra-que-diverses-entitats-de-lambit-educatiu-reconeguin-lactual-fuga-de-docents-pero-cal-que-se-situin-del-costat-dels-treballadors-en-comptes-del-de-lempresa\/"},"author":{"name":"admin","@id":"https:\/\/www.siau.cat\/#\/schema\/person\/810c15694a7e538934bb4be53ebcba0d"},"headline":"SIAU celebra que diverses entitats de l\u2019\u00e0mbit educatiu reconeguin l\u2019actual fuga de docents, per\u00f2 cal que se situ\u00efn del costat dels treballadors en comptes del de l\u2019empresa","datePublished":"2025-03-12T12:33:04+00:00","dateModified":"2025-03-12T12:33:08+00:00","mainEntityOfPage":{"@id":"https:\/\/www.siau.cat\/index.php\/2025\/03\/12\/siau-celebra-que-diverses-entitats-de-lambit-educatiu-reconeguin-lactual-fuga-de-docents-pero-cal-que-se-situin-del-costat-dels-treballadors-en-comptes-del-de-lempresa\/"},"wordCount":724,"publisher":{"@id":"https:\/\/www.siau.cat\/#organization"},"image":{"@id":"https:\/\/www.siau.cat\/index.php\/2025\/03\/12\/siau-celebra-que-diverses-entitats-de-lambit-educatiu-reconeguin-lactual-fuga-de-docents-pero-cal-que-se-situin-del-costat-dels-treballadors-en-comptes-del-de-lempresa\/#primaryimage"},"thumbnailUrl":"https:\/\/www.siau.cat\/wp-content\/uploads\/2025\/03\/Rebaixes-docents-1024x1024.png","articleSection":["Uncategorized"],"inLanguage":"ca"},{"@type":"WebPage","@id":"https:\/\/www.siau.cat\/index.php\/2025\/03\/12\/siau-celebra-que-diverses-entitats-de-lambit-educatiu-reconeguin-lactual-fuga-de-docents-pero-cal-que-se-situin-del-costat-dels-treballadors-en-comptes-del-de-lempresa\/","url":"https:\/\/www.siau.cat\/index.php\/2025\/03\/12\/siau-celebra-que-diverses-entitats-de-lambit-educatiu-reconeguin-lactual-fuga-de-docents-pero-cal-que-se-situin-del-costat-dels-treballadors-en-comptes-del-de-lempresa\/","name":"SIAU celebra que diverses entitats de l\u2019\u00e0mbit educatiu reconeguin l\u2019actual fuga de docents, per\u00f2 cal que se situ\u00efn del costat dels treballadors en comptes del de l\u2019empresa &#8212; SIAU - SINDICAT INDEPENDENT, AUT\u00d2NOM I UNITARI","isPartOf":{"@id":"https:\/\/www.siau.cat\/#website"},"primaryImageOfPage":{"@id":"https:\/\/www.siau.cat\/index.php\/2025\/03\/12\/siau-celebra-que-diverses-entitats-de-lambit-educatiu-reconeguin-lactual-fuga-de-docents-pero-cal-que-se-situin-del-costat-dels-treballadors-en-comptes-del-de-lempresa\/#primaryimage"},"image":{"@id":"https:\/\/www.siau.cat\/index.php\/2025\/03\/12\/siau-celebra-que-diverses-entitats-de-lambit-educatiu-reconeguin-lactual-fuga-de-docents-pero-cal-que-se-situin-del-costat-dels-treballadors-en-comptes-del-de-lempresa\/#primaryimage"},"thumbnailUrl":"https:\/\/www.siau.cat\/wp-content\/uploads\/2025\/03\/Rebaixes-docents-1024x1024.png","datePublished":"2025-03-12T12:33:04+00:00","dateModified":"2025-03-12T12:33:08+00:00","breadcrumb":{"@id":"https:\/\/www.siau.cat\/index.php\/2025\/03\/12\/siau-celebra-que-diverses-entitats-de-lambit-educatiu-reconeguin-lactual-fuga-de-docents-pero-cal-que-se-situin-del-costat-dels-treballadors-en-comptes-del-de-lempresa\/#breadcrumb"},"inLanguage":"ca","potentialAction":[{"@type":"ReadAction","target":["https:\/\/www.siau.cat\/index.php\/2025\/03\/12\/siau-celebra-que-diverses-entitats-de-lambit-educatiu-reconeguin-lactual-fuga-de-docents-pero-cal-que-se-situin-del-costat-dels-treballadors-en-comptes-del-de-lempresa\/"]}]},{"@type":"ImageObject","inLanguage":"ca","@id":"https:\/\/www.siau.cat\/index.php\/2025\/03\/12\/siau-celebra-que-diverses-entitats-de-lambit-educatiu-reconeguin-lactual-fuga-de-docents-pero-cal-que-se-situin-del-costat-dels-treballadors-en-comptes-del-de-lempresa\/#primaryimage","url":"https:\/\/www.siau.cat\/wp-content\/uploads\/2025\/03\/Rebaixes-docents.png","contentUrl":"https:\/\/www.siau.cat\/wp-content\/uploads\/2025\/03\/Rebaixes-docents.png","width":1080,"height":1080},{"@type":"BreadcrumbList","@id":"https:\/\/www.siau.cat\/index.php\/2025\/03\/12\/siau-celebra-que-diverses-entitats-de-lambit-educatiu-reconeguin-lactual-fuga-de-docents-pero-cal-que-se-situin-del-costat-dels-treballadors-en-comptes-del-de-lempresa\/#breadcrumb","itemListElement":[{"@type":"ListItem","position":1,"name":"Inici","item":"https:\/\/www.siau.cat\/"},{"@type":"ListItem","position":2,"name":"SIAU celebra que diverses entitats de l\u2019\u00e0mbit educatiu reconeguin l\u2019actual fuga de docents, per\u00f2 cal que se situ\u00efn del costat dels treballadors en comptes del de l\u2019empresa"}]},{"@type":"WebSite","@id":"https:\/\/www.siau.cat\/#website","url":"https:\/\/www.siau.cat\/","name":"SIAU - SINDICAT INDEPENDENT, AUT\u00d2NOM I UNITARI","description":"Ara s&iacute; que tenim la veu","publisher":{"@id":"https:\/\/www.siau.cat\/#organization"},"potentialAction":[{"@type":"SearchAction","target":{"@type":"EntryPoint","urlTemplate":"https:\/\/www.siau.cat\/?s={search_term_string}"},"query-input":{"@type":"PropertyValueSpecification","valueRequired":true,"valueName":"search_term_string"}}],"inLanguage":"ca"},{"@type":"Organization","@id":"https:\/\/www.siau.cat\/#organization","name":"SIAU","url":"https:\/\/www.siau.cat\/","logo":{"@type":"ImageObject","inLanguage":"ca","@id":"https:\/\/www.siau.cat\/#\/schema\/logo\/image\/","url":"https:\/\/www.siau.cat\/wp-content\/uploads\/2022\/03\/cropped-resized_LOGO-SIAU-5-e1652020847972.jpg","contentUrl":"https:\/\/www.siau.cat\/wp-content\/uploads\/2022\/03\/cropped-resized_LOGO-SIAU-5-e1652020847972.jpg","width":1600,"height":1200,"caption":"SIAU"},"image":{"@id":"https:\/\/www.siau.cat\/#\/schema\/logo\/image\/"}},{"@type":"Person","@id":"https:\/\/www.siau.cat\/#\/schema\/person\/810c15694a7e538934bb4be53ebcba0d","name":"admin","image":{"@type":"ImageObject","inLanguage":"ca","@id":"https:\/\/www.siau.cat\/#\/schema\/person\/image\/","url":"https:\/\/www.siau.cat\/wp-content\/litespeed\/avatar\/d73ebfac3daa0b52552b2ccea63469da.jpg?ver=1777403609","contentUrl":"https:\/\/www.siau.cat\/wp-content\/litespeed\/avatar\/d73ebfac3daa0b52552b2ccea63469da.jpg?ver=1777403609","caption":"admin"},"sameAs":["https:\/\/www.siau.cat"],"url":"https:\/\/www.siau.cat\/index.php\/author\/admin\/"}]}},"jetpack_featured_media_url":"","jetpack_sharing_enabled":true,"_links":{"self":[{"href":"https:\/\/www.siau.cat\/index.php\/wp-json\/wp\/v2\/posts\/1742","targetHints":{"allow":["GET"]}}],"collection":[{"href":"https:\/\/www.siau.cat\/index.php\/wp-json\/wp\/v2\/posts"}],"about":[{"href":"https:\/\/www.siau.cat\/index.php\/wp-json\/wp\/v2\/types\/post"}],"author":[{"embeddable":true,"href":"https:\/\/www.siau.cat\/index.php\/wp-json\/wp\/v2\/users\/1"}],"replies":[{"embeddable":true,"href":"https:\/\/www.siau.cat\/index.php\/wp-json\/wp\/v2\/comments?post=1742"}],"version-history":[{"count":1,"href":"https:\/\/www.siau.cat\/index.php\/wp-json\/wp\/v2\/posts\/1742\/revisions"}],"predecessor-version":[{"id":1744,"href":"https:\/\/www.siau.cat\/index.php\/wp-json\/wp\/v2\/posts\/1742\/revisions\/1744"}],"wp:attachment":[{"href":"https:\/\/www.siau.cat\/index.php\/wp-json\/wp\/v2\/media?parent=1742"}],"wp:term":[{"taxonomy":"category","embeddable":true,"href":"https:\/\/www.siau.cat\/index.php\/wp-json\/wp\/v2\/categories?post=1742"},{"taxonomy":"post_tag","embeddable":true,"href":"https:\/\/www.siau.cat\/index.php\/wp-json\/wp\/v2\/tags?post=1742"}],"curies":[{"name":"wp","href":"https:\/\/api.w.org\/{rel}","templated":true}]}}