{"id":1751,"date":"2025-03-26T10:00:16","date_gmt":"2025-03-26T10:00:16","guid":{"rendered":"https:\/\/www.siau.cat\/?p=1751"},"modified":"2025-03-26T10:00:19","modified_gmt":"2025-03-26T10:00:19","slug":"la-conselleria-deducacio-desmantella-lescola-publica-mentre-afavoreix-lescola-concertada-i-privada","status":"publish","type":"post","link":"https:\/\/www.siau.cat\/index.php\/2025\/03\/26\/la-conselleria-deducacio-desmantella-lescola-publica-mentre-afavoreix-lescola-concertada-i-privada\/","title":{"rendered":"La Conselleria d\u2019Educaci\u00f3 desmantella l\u2019escola p\u00fablica mentre afavoreix l\u2019escola concertada i privada"},"content":{"rendered":"\n<figure class=\"wp-block-image size-large\"><img loading=\"lazy\" decoding=\"async\" width=\"576\" height=\"1024\" src=\"https:\/\/www.siau.cat\/wp-content\/uploads\/2025\/03\/Comunicacio-Monti-sion-a-les-families-1-576x1024.jpg\" alt=\"\" class=\"wp-image-1753\" srcset=\"https:\/\/www.siau.cat\/wp-content\/uploads\/2025\/03\/Comunicacio-Monti-sion-a-les-families-1-576x1024.jpg 576w, https:\/\/www.siau.cat\/wp-content\/uploads\/2025\/03\/Comunicacio-Monti-sion-a-les-families-1-169x300.jpg 169w, https:\/\/www.siau.cat\/wp-content\/uploads\/2025\/03\/Comunicacio-Monti-sion-a-les-families-1-768x1365.jpg 768w, https:\/\/www.siau.cat\/wp-content\/uploads\/2025\/03\/Comunicacio-Monti-sion-a-les-families-1-864x1536.jpg 864w, https:\/\/www.siau.cat\/wp-content\/uploads\/2025\/03\/Comunicacio-Monti-sion-a-les-families-1-13x24.jpg 13w, https:\/\/www.siau.cat\/wp-content\/uploads\/2025\/03\/Comunicacio-Monti-sion-a-les-families-1-20x36.jpg 20w, https:\/\/www.siau.cat\/wp-content\/uploads\/2025\/03\/Comunicacio-Monti-sion-a-les-families-1-27x48.jpg 27w, https:\/\/www.siau.cat\/wp-content\/uploads\/2025\/03\/Comunicacio-Monti-sion-a-les-families-1-350x622.jpg 350w, https:\/\/www.siau.cat\/wp-content\/uploads\/2025\/03\/Comunicacio-Monti-sion-a-les-families-1.jpg 968w\" sizes=\"auto, (max-width: 576px) 100vw, 576px\" \/><figcaption class=\"wp-element-caption\">Imatge amb la comunicaci\u00f3 que l&#8217;escola Monti-sion ha enviat a les fam\u00edlies<\/figcaption><\/figure>\n\n\n\n<p>Des del Sindicat Independent, Aut\u00f2nom i Unitari (SIAU) expressam el nostre rebuig ferm davant la situaci\u00f3 actual de l&#8217;educaci\u00f3 p\u00fablica a les Illes Balears. Tal com ja vam advertir a trav\u00e9s dels mitjans de comunicaci\u00f3, ara veiem com la realitat confirma el nostre pron\u00f2stic: &#8220;curiosament \u00e9s l&#8217;escola p\u00fablica que est\u00e0 perdent places, no l&#8217;escola concertada ni l&#8217;escola privada.&#8221; La recent not\u00edcia de l&#8217;augment de places a l&#8217;escola Monti-sion, un centre concertat, mentre l&#8217;IES Polit\u00e8cnic veu el seu desmantellament, \u00e9s un clar exemple de la pol\u00edtica educativa de l&#8217;actual Conselleria d&#8217;Educaci\u00f3.<\/p>\n\n\n\n<p>La Conselleria ha decidit eliminar grups de l&#8217;IES Polit\u00e8cnic a partir del curs vinent, mentre que en el mateix moment afavoreix l\u2019escola concertada amb la creaci\u00f3 de noves l\u00ednies al centre Monti-sion. Aquesta situaci\u00f3 deixa clar que l&#8217;educaci\u00f3 p\u00fablica, lluny de ser prioritzada, \u00e9s directament desmantellada. No nom\u00e9s es retallen places p\u00fabliques, sin\u00f3 que es desincentiva la creaci\u00f3 de noves infraestructures educatives, com va dir el mateix conseller d&#8217;Educaci\u00f3 en seu parlament\u00e0ria: &#8220;no construirem places p\u00fabliques all\u00e0 on n&#8217;hi hagi de concertades.&#8221;<\/p>\n\n\n\n<p>Un altre aspecte que no podem passar per alt \u00e9s la manca de di\u00e0leg i la falta de respecte a la representaci\u00f3 sindical i al col\u00b7lectiu docent de l\u2019escola p\u00fablica en la creaci\u00f3 de la comissi\u00f3 de seguiment del &#8220;Pla d&#8217;igualtat i de conciliaci\u00f3&#8221;. Ens hem assabentat que l\u2019actual director general de Personal Docent, qui fins fa poc era el secretari general del sindicat USO (un sindicat de l\u2019escola concertada), ha decidit excloure la nostra formaci\u00f3 sindical, que compta amb representaci\u00f3 a totes les Juntes de Personal Docent de les Illes Balears, de la convocat\u00f2ria per a la creaci\u00f3 d\u2019aquesta comissi\u00f3. Tanmateix, s\u00ed que ha convocat a USO, un sindicat que no t\u00e9 representaci\u00f3 legal dins l&#8217;escola p\u00fablica i que no forma part ni de la Mesa Sectorial d&#8217;Educaci\u00f3 ni de cap de les Juntes de Personal Docent. Aquest fet \u00e9s totalment injustificable i el consideram una clara discriminaci\u00f3 m\u00e9s envers SIAU, que leg\u00edtimament representa els interessos dels docents de l\u2019escola p\u00fablica despr\u00e9s de conc\u00f3rrer en unes eleccions on aconsegu\u00edrem representaci\u00f3 a totes les illes.<\/p>\n\n\n\n<p>Des de SIAU volem deixar ben clar que no tolerarem aquesta situaci\u00f3 i, per aix\u00f2, estam estudiant emprendre accions legals contra el director general de Personal Docent, entre altres c\u00e0rrecs que formen part d\u2019aquesta Administraci\u00f3, per vulnerar no nom\u00e9s els drets sindicals nostres, sin\u00f3 tamb\u00e9 els drets de tots els docents de l\u2019escola p\u00fablica, i obviar la representaci\u00f3 legal del nostre sindicat. Que el sindicat USO disposi d\u2019afiliats que s\u00f3n docents de religi\u00f3 que treballen dins l\u2019escola p\u00fablica no \u00e9s sin\u00f2nim de qu\u00e8 disposin de la representaci\u00f3 legal requerida, que aquesta nom\u00e9s es pot obtenir presentant-se i obtenint-la a trav\u00e9s de vots suficients en un proc\u00e9s electoral. A m\u00e9s, volem avan\u00e7ar que estam recollint informaci\u00f3 i estudiarem emprendre altres accions judicials contra c\u00e0rrecs concrets de l&#8217;actual Conselleria d&#8217;Educaci\u00f3 per possibles actes delictius. Recordem que SIAU ja t\u00e9 diverses demandes judicials interposades contra l\u2019Administraci\u00f3, que encara s\u2019han de resoldre en via judicial.<\/p>\n\n\n\n<p>Per acabar, volem destacar que la privatitzaci\u00f3 de l&#8217;escola p\u00fablica \u00e9s una realitat cada vegada m\u00e9s evident, amb l&#8217;augment de places a l\u2019escola concertada i privada, i la falta d&#8217;inversions en infraestructures educatives p\u00fabliques. A m\u00e9s, la Conselleria continua afavorint un sistema de segregaci\u00f3 ling\u00fc\u00edstica en el qual el centre Monti-sion s&#8217;hi va sumar, una mesura que ha estat rebutjada \u00e0mpliament per la comunitat educativa. L&#8217;actual pol\u00edtica educativa de la Conselleria est\u00e0 comprometent el futur de l&#8217;escola p\u00fablica i, amb ella, el dret a una educaci\u00f3 p\u00fablica, gratu\u00efta i de qualitat per a tots els infants i joves de les Illes Balears. Des de SIAU continuarem lluitant per la defensa de l\u2019escola p\u00fablica i els drets de tots els treballadors i treballadores de l&#8217;educaci\u00f3.<\/p>\n\n\n\n<p><\/p>\n","protected":false},"excerpt":{"rendered":"<p>Des del Sindicat Independent, Aut\u00f2nom i Unitari (SIAU) expressam el nostre rebuig ferm davant la situaci\u00f3 actual de l&#8217;educaci\u00f3 p\u00fablica a les Illes Balears. Tal com ja vam advertir a trav\u00e9s dels mitjans de comunicaci\u00f3, ara veiem com la realitat confirma el nostre pron\u00f2stic: &#8220;curiosament \u00e9s l&#8217;escola p\u00fablica que est\u00e0 perdent places, no l&#8217;escola concertada &hellip; <\/p>\n<p class=\"link-more\"><a href=\"https:\/\/www.siau.cat\/index.php\/2025\/03\/26\/la-conselleria-deducacio-desmantella-lescola-publica-mentre-afavoreix-lescola-concertada-i-privada\/\" class=\"more-link\">Continua llegint <span class=\"screen-reader-text\">\u00abLa Conselleria d\u2019Educaci\u00f3 desmantella l\u2019escola p\u00fablica mentre afavoreix l\u2019escola concertada i privada\u00bb<\/span><\/a><\/p>\n","protected":false},"author":1,"featured_media":0,"comment_status":"closed","ping_status":"open","sticky":false,"template":"","format":"standard","meta":{"_jetpack_memberships_contains_paid_content":false,"footnotes":""},"categories":[1],"tags":[],"class_list":["post-1751","post","type-post","status-publish","format-standard","hentry","category-uncategorized"],"yoast_head":"<!-- This site is optimized with the Yoast SEO plugin v25.4 - https:\/\/yoast.com\/wordpress\/plugins\/seo\/ -->\n<title>La Conselleria d\u2019Educaci\u00f3 desmantella l\u2019escola p\u00fablica mentre afavoreix l\u2019escola concertada i privada &#8212; SIAU - SINDICAT INDEPENDENT, AUT\u00d2NOM I UNITARI<\/title>\n<meta name=\"robots\" content=\"index, follow, max-snippet:-1, max-image-preview:large, max-video-preview:-1\" \/>\n<link rel=\"canonical\" href=\"https:\/\/www.siau.cat\/index.php\/2025\/03\/26\/la-conselleria-deducacio-desmantella-lescola-publica-mentre-afavoreix-lescola-concertada-i-privada\/\" \/>\n<meta property=\"og:locale\" content=\"ca_ES\" \/>\n<meta property=\"og:type\" content=\"article\" \/>\n<meta property=\"og:title\" content=\"La Conselleria d\u2019Educaci\u00f3 desmantella l\u2019escola p\u00fablica mentre afavoreix l\u2019escola concertada i privada &#8212; SIAU - SINDICAT INDEPENDENT, AUT\u00d2NOM I UNITARI\" \/>\n<meta property=\"og:description\" content=\"Des del Sindicat Independent, Aut\u00f2nom i Unitari (SIAU) expressam el nostre rebuig ferm davant la situaci\u00f3 actual de l&#8217;educaci\u00f3 p\u00fablica a les Illes Balears. Tal com ja vam advertir a trav\u00e9s dels mitjans de comunicaci\u00f3, ara veiem com la realitat confirma el nostre pron\u00f2stic: &#8220;curiosament \u00e9s l&#8217;escola p\u00fablica que est\u00e0 perdent places, no l&#8217;escola concertada &hellip; Continua llegint \u00abLa Conselleria d\u2019Educaci\u00f3 desmantella l\u2019escola p\u00fablica mentre afavoreix l\u2019escola concertada i privada\u00bb\" \/>\n<meta property=\"og:url\" content=\"https:\/\/www.siau.cat\/index.php\/2025\/03\/26\/la-conselleria-deducacio-desmantella-lescola-publica-mentre-afavoreix-lescola-concertada-i-privada\/\" \/>\n<meta property=\"og:site_name\" content=\"SIAU - SINDICAT INDEPENDENT, AUT\u00d2NOM I UNITARI\" \/>\n<meta property=\"article:published_time\" content=\"2025-03-26T10:00:16+00:00\" \/>\n<meta property=\"article:modified_time\" content=\"2025-03-26T10:00:19+00:00\" \/>\n<meta property=\"og:image\" content=\"https:\/\/www.siau.cat\/wp-content\/uploads\/2025\/03\/Comunicacio-Monti-sion-a-les-families-1.jpg\" \/>\n\t<meta property=\"og:image:width\" content=\"968\" \/>\n\t<meta property=\"og:image:height\" content=\"1721\" \/>\n\t<meta property=\"og:image:type\" content=\"image\/jpeg\" \/>\n<meta name=\"author\" content=\"admin\" \/>\n<meta name=\"twitter:card\" content=\"summary_large_image\" \/>\n<meta name=\"twitter:label1\" content=\"Escrit per\" \/>\n\t<meta name=\"twitter:data1\" content=\"admin\" \/>\n\t<meta name=\"twitter:label2\" content=\"Temps estimat de lectura\" \/>\n\t<meta name=\"twitter:data2\" content=\"4 minuts\" \/>\n<script type=\"application\/ld+json\" class=\"yoast-schema-graph\">{\"@context\":\"https:\/\/schema.org\",\"@graph\":[{\"@type\":\"Article\",\"@id\":\"https:\/\/www.siau.cat\/index.php\/2025\/03\/26\/la-conselleria-deducacio-desmantella-lescola-publica-mentre-afavoreix-lescola-concertada-i-privada\/#article\",\"isPartOf\":{\"@id\":\"https:\/\/www.siau.cat\/index.php\/2025\/03\/26\/la-conselleria-deducacio-desmantella-lescola-publica-mentre-afavoreix-lescola-concertada-i-privada\/\"},\"author\":{\"name\":\"admin\",\"@id\":\"https:\/\/www.siau.cat\/#\/schema\/person\/810c15694a7e538934bb4be53ebcba0d\"},\"headline\":\"La Conselleria d\u2019Educaci\u00f3 desmantella l\u2019escola p\u00fablica mentre afavoreix l\u2019escola concertada i privada\",\"datePublished\":\"2025-03-26T10:00:16+00:00\",\"dateModified\":\"2025-03-26T10:00:19+00:00\",\"mainEntityOfPage\":{\"@id\":\"https:\/\/www.siau.cat\/index.php\/2025\/03\/26\/la-conselleria-deducacio-desmantella-lescola-publica-mentre-afavoreix-lescola-concertada-i-privada\/\"},\"wordCount\":739,\"publisher\":{\"@id\":\"https:\/\/www.siau.cat\/#organization\"},\"image\":{\"@id\":\"https:\/\/www.siau.cat\/index.php\/2025\/03\/26\/la-conselleria-deducacio-desmantella-lescola-publica-mentre-afavoreix-lescola-concertada-i-privada\/#primaryimage\"},\"thumbnailUrl\":\"https:\/\/www.siau.cat\/wp-content\/uploads\/2025\/03\/Comunicacio-Monti-sion-a-les-families-1-576x1024.jpg\",\"articleSection\":[\"Uncategorized\"],\"inLanguage\":\"ca\"},{\"@type\":\"WebPage\",\"@id\":\"https:\/\/www.siau.cat\/index.php\/2025\/03\/26\/la-conselleria-deducacio-desmantella-lescola-publica-mentre-afavoreix-lescola-concertada-i-privada\/\",\"url\":\"https:\/\/www.siau.cat\/index.php\/2025\/03\/26\/la-conselleria-deducacio-desmantella-lescola-publica-mentre-afavoreix-lescola-concertada-i-privada\/\",\"name\":\"La Conselleria d\u2019Educaci\u00f3 desmantella l\u2019escola p\u00fablica mentre afavoreix l\u2019escola concertada i privada &#8212; SIAU - SINDICAT INDEPENDENT, AUT\u00d2NOM I UNITARI\",\"isPartOf\":{\"@id\":\"https:\/\/www.siau.cat\/#website\"},\"primaryImageOfPage\":{\"@id\":\"https:\/\/www.siau.cat\/index.php\/2025\/03\/26\/la-conselleria-deducacio-desmantella-lescola-publica-mentre-afavoreix-lescola-concertada-i-privada\/#primaryimage\"},\"image\":{\"@id\":\"https:\/\/www.siau.cat\/index.php\/2025\/03\/26\/la-conselleria-deducacio-desmantella-lescola-publica-mentre-afavoreix-lescola-concertada-i-privada\/#primaryimage\"},\"thumbnailUrl\":\"https:\/\/www.siau.cat\/wp-content\/uploads\/2025\/03\/Comunicacio-Monti-sion-a-les-families-1-576x1024.jpg\",\"datePublished\":\"2025-03-26T10:00:16+00:00\",\"dateModified\":\"2025-03-26T10:00:19+00:00\",\"breadcrumb\":{\"@id\":\"https:\/\/www.siau.cat\/index.php\/2025\/03\/26\/la-conselleria-deducacio-desmantella-lescola-publica-mentre-afavoreix-lescola-concertada-i-privada\/#breadcrumb\"},\"inLanguage\":\"ca\",\"potentialAction\":[{\"@type\":\"ReadAction\",\"target\":[\"https:\/\/www.siau.cat\/index.php\/2025\/03\/26\/la-conselleria-deducacio-desmantella-lescola-publica-mentre-afavoreix-lescola-concertada-i-privada\/\"]}]},{\"@type\":\"ImageObject\",\"inLanguage\":\"ca\",\"@id\":\"https:\/\/www.siau.cat\/index.php\/2025\/03\/26\/la-conselleria-deducacio-desmantella-lescola-publica-mentre-afavoreix-lescola-concertada-i-privada\/#primaryimage\",\"url\":\"https:\/\/www.siau.cat\/wp-content\/uploads\/2025\/03\/Comunicacio-Monti-sion-a-les-families-1.jpg\",\"contentUrl\":\"https:\/\/www.siau.cat\/wp-content\/uploads\/2025\/03\/Comunicacio-Monti-sion-a-les-families-1.jpg\",\"width\":968,\"height\":1721},{\"@type\":\"BreadcrumbList\",\"@id\":\"https:\/\/www.siau.cat\/index.php\/2025\/03\/26\/la-conselleria-deducacio-desmantella-lescola-publica-mentre-afavoreix-lescola-concertada-i-privada\/#breadcrumb\",\"itemListElement\":[{\"@type\":\"ListItem\",\"position\":1,\"name\":\"Inici\",\"item\":\"https:\/\/www.siau.cat\/\"},{\"@type\":\"ListItem\",\"position\":2,\"name\":\"La Conselleria d\u2019Educaci\u00f3 desmantella l\u2019escola p\u00fablica mentre afavoreix l\u2019escola concertada i privada\"}]},{\"@type\":\"WebSite\",\"@id\":\"https:\/\/www.siau.cat\/#website\",\"url\":\"https:\/\/www.siau.cat\/\",\"name\":\"SIAU - SINDICAT INDEPENDENT, AUT\u00d2NOM I UNITARI\",\"description\":\"Ara s&iacute; que tenim la veu\",\"publisher\":{\"@id\":\"https:\/\/www.siau.cat\/#organization\"},\"potentialAction\":[{\"@type\":\"SearchAction\",\"target\":{\"@type\":\"EntryPoint\",\"urlTemplate\":\"https:\/\/www.siau.cat\/?s={search_term_string}\"},\"query-input\":{\"@type\":\"PropertyValueSpecification\",\"valueRequired\":true,\"valueName\":\"search_term_string\"}}],\"inLanguage\":\"ca\"},{\"@type\":\"Organization\",\"@id\":\"https:\/\/www.siau.cat\/#organization\",\"name\":\"SIAU\",\"url\":\"https:\/\/www.siau.cat\/\",\"logo\":{\"@type\":\"ImageObject\",\"inLanguage\":\"ca\",\"@id\":\"https:\/\/www.siau.cat\/#\/schema\/logo\/image\/\",\"url\":\"https:\/\/www.siau.cat\/wp-content\/uploads\/2022\/03\/cropped-resized_LOGO-SIAU-5-e1652020847972.jpg\",\"contentUrl\":\"https:\/\/www.siau.cat\/wp-content\/uploads\/2022\/03\/cropped-resized_LOGO-SIAU-5-e1652020847972.jpg\",\"width\":1600,\"height\":1200,\"caption\":\"SIAU\"},\"image\":{\"@id\":\"https:\/\/www.siau.cat\/#\/schema\/logo\/image\/\"}},{\"@type\":\"Person\",\"@id\":\"https:\/\/www.siau.cat\/#\/schema\/person\/810c15694a7e538934bb4be53ebcba0d\",\"name\":\"admin\",\"image\":{\"@type\":\"ImageObject\",\"inLanguage\":\"ca\",\"@id\":\"https:\/\/www.siau.cat\/#\/schema\/person\/image\/\",\"url\":\"https:\/\/www.siau.cat\/wp-content\/litespeed\/avatar\/d73ebfac3daa0b52552b2ccea63469da.jpg?ver=1777403609\",\"contentUrl\":\"https:\/\/www.siau.cat\/wp-content\/litespeed\/avatar\/d73ebfac3daa0b52552b2ccea63469da.jpg?ver=1777403609\",\"caption\":\"admin\"},\"sameAs\":[\"https:\/\/www.siau.cat\"],\"url\":\"https:\/\/www.siau.cat\/index.php\/author\/admin\/\"}]}<\/script>\n<!-- \/ Yoast SEO plugin. -->","yoast_head_json":{"title":"La Conselleria d\u2019Educaci\u00f3 desmantella l\u2019escola p\u00fablica mentre afavoreix l\u2019escola concertada i privada &#8212; SIAU - SINDICAT INDEPENDENT, AUT\u00d2NOM I UNITARI","robots":{"index":"index","follow":"follow","max-snippet":"max-snippet:-1","max-image-preview":"max-image-preview:large","max-video-preview":"max-video-preview:-1"},"canonical":"https:\/\/www.siau.cat\/index.php\/2025\/03\/26\/la-conselleria-deducacio-desmantella-lescola-publica-mentre-afavoreix-lescola-concertada-i-privada\/","og_locale":"ca_ES","og_type":"article","og_title":"La Conselleria d\u2019Educaci\u00f3 desmantella l\u2019escola p\u00fablica mentre afavoreix l\u2019escola concertada i privada &#8212; SIAU - SINDICAT INDEPENDENT, AUT\u00d2NOM I UNITARI","og_description":"Des del Sindicat Independent, Aut\u00f2nom i Unitari (SIAU) expressam el nostre rebuig ferm davant la situaci\u00f3 actual de l&#8217;educaci\u00f3 p\u00fablica a les Illes Balears. Tal com ja vam advertir a trav\u00e9s dels mitjans de comunicaci\u00f3, ara veiem com la realitat confirma el nostre pron\u00f2stic: &#8220;curiosament \u00e9s l&#8217;escola p\u00fablica que est\u00e0 perdent places, no l&#8217;escola concertada &hellip; Continua llegint \u00abLa Conselleria d\u2019Educaci\u00f3 desmantella l\u2019escola p\u00fablica mentre afavoreix l\u2019escola concertada i privada\u00bb","og_url":"https:\/\/www.siau.cat\/index.php\/2025\/03\/26\/la-conselleria-deducacio-desmantella-lescola-publica-mentre-afavoreix-lescola-concertada-i-privada\/","og_site_name":"SIAU - SINDICAT INDEPENDENT, AUT\u00d2NOM I UNITARI","article_published_time":"2025-03-26T10:00:16+00:00","article_modified_time":"2025-03-26T10:00:19+00:00","og_image":[{"width":968,"height":1721,"url":"https:\/\/www.siau.cat\/wp-content\/uploads\/2025\/03\/Comunicacio-Monti-sion-a-les-families-1.jpg","type":"image\/jpeg"}],"author":"admin","twitter_card":"summary_large_image","twitter_misc":{"Escrit per":"admin","Temps estimat de lectura":"4 minuts"},"schema":{"@context":"https:\/\/schema.org","@graph":[{"@type":"Article","@id":"https:\/\/www.siau.cat\/index.php\/2025\/03\/26\/la-conselleria-deducacio-desmantella-lescola-publica-mentre-afavoreix-lescola-concertada-i-privada\/#article","isPartOf":{"@id":"https:\/\/www.siau.cat\/index.php\/2025\/03\/26\/la-conselleria-deducacio-desmantella-lescola-publica-mentre-afavoreix-lescola-concertada-i-privada\/"},"author":{"name":"admin","@id":"https:\/\/www.siau.cat\/#\/schema\/person\/810c15694a7e538934bb4be53ebcba0d"},"headline":"La Conselleria d\u2019Educaci\u00f3 desmantella l\u2019escola p\u00fablica mentre afavoreix l\u2019escola concertada i privada","datePublished":"2025-03-26T10:00:16+00:00","dateModified":"2025-03-26T10:00:19+00:00","mainEntityOfPage":{"@id":"https:\/\/www.siau.cat\/index.php\/2025\/03\/26\/la-conselleria-deducacio-desmantella-lescola-publica-mentre-afavoreix-lescola-concertada-i-privada\/"},"wordCount":739,"publisher":{"@id":"https:\/\/www.siau.cat\/#organization"},"image":{"@id":"https:\/\/www.siau.cat\/index.php\/2025\/03\/26\/la-conselleria-deducacio-desmantella-lescola-publica-mentre-afavoreix-lescola-concertada-i-privada\/#primaryimage"},"thumbnailUrl":"https:\/\/www.siau.cat\/wp-content\/uploads\/2025\/03\/Comunicacio-Monti-sion-a-les-families-1-576x1024.jpg","articleSection":["Uncategorized"],"inLanguage":"ca"},{"@type":"WebPage","@id":"https:\/\/www.siau.cat\/index.php\/2025\/03\/26\/la-conselleria-deducacio-desmantella-lescola-publica-mentre-afavoreix-lescola-concertada-i-privada\/","url":"https:\/\/www.siau.cat\/index.php\/2025\/03\/26\/la-conselleria-deducacio-desmantella-lescola-publica-mentre-afavoreix-lescola-concertada-i-privada\/","name":"La Conselleria d\u2019Educaci\u00f3 desmantella l\u2019escola p\u00fablica mentre afavoreix l\u2019escola concertada i privada &#8212; SIAU - SINDICAT INDEPENDENT, AUT\u00d2NOM I UNITARI","isPartOf":{"@id":"https:\/\/www.siau.cat\/#website"},"primaryImageOfPage":{"@id":"https:\/\/www.siau.cat\/index.php\/2025\/03\/26\/la-conselleria-deducacio-desmantella-lescola-publica-mentre-afavoreix-lescola-concertada-i-privada\/#primaryimage"},"image":{"@id":"https:\/\/www.siau.cat\/index.php\/2025\/03\/26\/la-conselleria-deducacio-desmantella-lescola-publica-mentre-afavoreix-lescola-concertada-i-privada\/#primaryimage"},"thumbnailUrl":"https:\/\/www.siau.cat\/wp-content\/uploads\/2025\/03\/Comunicacio-Monti-sion-a-les-families-1-576x1024.jpg","datePublished":"2025-03-26T10:00:16+00:00","dateModified":"2025-03-26T10:00:19+00:00","breadcrumb":{"@id":"https:\/\/www.siau.cat\/index.php\/2025\/03\/26\/la-conselleria-deducacio-desmantella-lescola-publica-mentre-afavoreix-lescola-concertada-i-privada\/#breadcrumb"},"inLanguage":"ca","potentialAction":[{"@type":"ReadAction","target":["https:\/\/www.siau.cat\/index.php\/2025\/03\/26\/la-conselleria-deducacio-desmantella-lescola-publica-mentre-afavoreix-lescola-concertada-i-privada\/"]}]},{"@type":"ImageObject","inLanguage":"ca","@id":"https:\/\/www.siau.cat\/index.php\/2025\/03\/26\/la-conselleria-deducacio-desmantella-lescola-publica-mentre-afavoreix-lescola-concertada-i-privada\/#primaryimage","url":"https:\/\/www.siau.cat\/wp-content\/uploads\/2025\/03\/Comunicacio-Monti-sion-a-les-families-1.jpg","contentUrl":"https:\/\/www.siau.cat\/wp-content\/uploads\/2025\/03\/Comunicacio-Monti-sion-a-les-families-1.jpg","width":968,"height":1721},{"@type":"BreadcrumbList","@id":"https:\/\/www.siau.cat\/index.php\/2025\/03\/26\/la-conselleria-deducacio-desmantella-lescola-publica-mentre-afavoreix-lescola-concertada-i-privada\/#breadcrumb","itemListElement":[{"@type":"ListItem","position":1,"name":"Inici","item":"https:\/\/www.siau.cat\/"},{"@type":"ListItem","position":2,"name":"La Conselleria d\u2019Educaci\u00f3 desmantella l\u2019escola p\u00fablica mentre afavoreix l\u2019escola concertada i privada"}]},{"@type":"WebSite","@id":"https:\/\/www.siau.cat\/#website","url":"https:\/\/www.siau.cat\/","name":"SIAU - SINDICAT INDEPENDENT, AUT\u00d2NOM I UNITARI","description":"Ara s&iacute; que tenim la veu","publisher":{"@id":"https:\/\/www.siau.cat\/#organization"},"potentialAction":[{"@type":"SearchAction","target":{"@type":"EntryPoint","urlTemplate":"https:\/\/www.siau.cat\/?s={search_term_string}"},"query-input":{"@type":"PropertyValueSpecification","valueRequired":true,"valueName":"search_term_string"}}],"inLanguage":"ca"},{"@type":"Organization","@id":"https:\/\/www.siau.cat\/#organization","name":"SIAU","url":"https:\/\/www.siau.cat\/","logo":{"@type":"ImageObject","inLanguage":"ca","@id":"https:\/\/www.siau.cat\/#\/schema\/logo\/image\/","url":"https:\/\/www.siau.cat\/wp-content\/uploads\/2022\/03\/cropped-resized_LOGO-SIAU-5-e1652020847972.jpg","contentUrl":"https:\/\/www.siau.cat\/wp-content\/uploads\/2022\/03\/cropped-resized_LOGO-SIAU-5-e1652020847972.jpg","width":1600,"height":1200,"caption":"SIAU"},"image":{"@id":"https:\/\/www.siau.cat\/#\/schema\/logo\/image\/"}},{"@type":"Person","@id":"https:\/\/www.siau.cat\/#\/schema\/person\/810c15694a7e538934bb4be53ebcba0d","name":"admin","image":{"@type":"ImageObject","inLanguage":"ca","@id":"https:\/\/www.siau.cat\/#\/schema\/person\/image\/","url":"https:\/\/www.siau.cat\/wp-content\/litespeed\/avatar\/d73ebfac3daa0b52552b2ccea63469da.jpg?ver=1777403609","contentUrl":"https:\/\/www.siau.cat\/wp-content\/litespeed\/avatar\/d73ebfac3daa0b52552b2ccea63469da.jpg?ver=1777403609","caption":"admin"},"sameAs":["https:\/\/www.siau.cat"],"url":"https:\/\/www.siau.cat\/index.php\/author\/admin\/"}]}},"jetpack_featured_media_url":"","jetpack_sharing_enabled":true,"_links":{"self":[{"href":"https:\/\/www.siau.cat\/index.php\/wp-json\/wp\/v2\/posts\/1751","targetHints":{"allow":["GET"]}}],"collection":[{"href":"https:\/\/www.siau.cat\/index.php\/wp-json\/wp\/v2\/posts"}],"about":[{"href":"https:\/\/www.siau.cat\/index.php\/wp-json\/wp\/v2\/types\/post"}],"author":[{"embeddable":true,"href":"https:\/\/www.siau.cat\/index.php\/wp-json\/wp\/v2\/users\/1"}],"replies":[{"embeddable":true,"href":"https:\/\/www.siau.cat\/index.php\/wp-json\/wp\/v2\/comments?post=1751"}],"version-history":[{"count":1,"href":"https:\/\/www.siau.cat\/index.php\/wp-json\/wp\/v2\/posts\/1751\/revisions"}],"predecessor-version":[{"id":1754,"href":"https:\/\/www.siau.cat\/index.php\/wp-json\/wp\/v2\/posts\/1751\/revisions\/1754"}],"wp:attachment":[{"href":"https:\/\/www.siau.cat\/index.php\/wp-json\/wp\/v2\/media?parent=1751"}],"wp:term":[{"taxonomy":"category","embeddable":true,"href":"https:\/\/www.siau.cat\/index.php\/wp-json\/wp\/v2\/categories?post=1751"},{"taxonomy":"post_tag","embeddable":true,"href":"https:\/\/www.siau.cat\/index.php\/wp-json\/wp\/v2\/tags?post=1751"}],"curies":[{"name":"wp","href":"https:\/\/api.w.org\/{rel}","templated":true}]}}