{"id":1756,"date":"2025-03-27T13:17:59","date_gmt":"2025-03-27T13:17:59","guid":{"rendered":"https:\/\/www.siau.cat\/?p=1756"},"modified":"2025-03-27T13:18:05","modified_gmt":"2025-03-27T13:18:05","slug":"la-conselleria-deducacio-continua-desmantellant-lescola-publica-a-favor-de-lescola-concertada-i-privada","status":"publish","type":"post","link":"https:\/\/www.siau.cat\/index.php\/2025\/03\/27\/la-conselleria-deducacio-continua-desmantellant-lescola-publica-a-favor-de-lescola-concertada-i-privada\/","title":{"rendered":"La Conselleria d\u2019Educaci\u00f3 continua desmantellant l\u2019escola p\u00fablica a favor de l\u2019escola concertada i privada"},"content":{"rendered":"\n<figure class=\"wp-block-image size-large\"><img loading=\"lazy\" decoding=\"async\" width=\"1024\" height=\"858\" src=\"https:\/\/www.siau.cat\/wp-content\/uploads\/2025\/03\/Lescola-publica-no-es-toca-1024x858.png\" alt=\"\" class=\"wp-image-1757\" srcset=\"https:\/\/www.siau.cat\/wp-content\/uploads\/2025\/03\/Lescola-publica-no-es-toca-1024x858.png 1024w, https:\/\/www.siau.cat\/wp-content\/uploads\/2025\/03\/Lescola-publica-no-es-toca-300x251.png 300w, https:\/\/www.siau.cat\/wp-content\/uploads\/2025\/03\/Lescola-publica-no-es-toca-768x644.png 768w, https:\/\/www.siau.cat\/wp-content\/uploads\/2025\/03\/Lescola-publica-no-es-toca-24x20.png 24w, https:\/\/www.siau.cat\/wp-content\/uploads\/2025\/03\/Lescola-publica-no-es-toca-36x30.png 36w, https:\/\/www.siau.cat\/wp-content\/uploads\/2025\/03\/Lescola-publica-no-es-toca-48x40.png 48w, https:\/\/www.siau.cat\/wp-content\/uploads\/2025\/03\/Lescola-publica-no-es-toca-350x293.png 350w, https:\/\/www.siau.cat\/wp-content\/uploads\/2025\/03\/Lescola-publica-no-es-toca.png 1234w\" sizes=\"auto, (max-width: 767px) 89vw, (max-width: 1000px) 54vw, (max-width: 1071px) 543px, 580px\" \/><\/figure>\n\n\n\n<p>Des del Sindicat Independent, Aut\u00f2nom i Unitari (SIAU) volem denunciar novament la pol\u00edtica educativa de l\u2019actual Conselleria d\u2019Educaci\u00f3, que continua regant de recursos l\u2019escola concertada i privada al mateix temps que desmantella l\u2019escola p\u00fablica. L\u2019Administraci\u00f3 pret\u00e9n que el curs vinent, diversos centres p\u00fablics de les Illes Balears, disposin de menys grups classe. En canvi, l\u2019escola concertada i privada els incrementaria.<\/p>\n\n\n\n<p>Exemples clars d\u2019aquest desmantellament s\u00f3n els seg\u00fcents:<\/p>\n\n\n\n<ol class=\"wp-block-list\">\n<li><strong>IES Josep Font i Trias<\/strong>: l\u2019Administraci\u00f3 pret\u00e9n retallar-los un grup de 3r d\u2019ESO, tot i que el centre s\u2019hi oposa fermament.<br><\/li>\n\n\n\n<li><strong>IES Inca<\/strong>: aquest centre, tamb\u00e9 contrari a les retallades, patir\u00e0 la supressi\u00f3 d\u2019un grup de Batxillerat (mig grup de 1r i mig grup de 2n) si la Conselleria no rectifica.<br><\/li>\n\n\n\n<li><strong>IES Ses Estacions<\/strong>: un centre amb molt d\u2019alumnat nouvingut, NESE i NEE, veur\u00e0 redu\u00efts els seus grups de 2n d\u2019ESO, passant de 4 grups a nom\u00e9s 2.<\/li>\n<\/ol>\n\n\n\n<p>Aquests no s\u00f3n els \u00fanics centres p\u00fablics afectats per aquestes retallades. El llistat \u00e9s molt extens i, curiosament, tots els centres afectats s\u00f3n p\u00fablics, mentre que l\u2019escola concertada i privada continua veient cr\u00e9ixer les seves l\u00ednies i recursos. No hem d\u2019oblidar tampoc el cas de l\u2019<strong>IES Polit\u00e8cnic<\/strong>, que pateix un desmantellament total de grups. Mentre aquest centre p\u00fablic perd grups i places a un ritme fren\u00e8tic, centres concertats de la mateixa zona d\u2019escolaritzaci\u00f3, com <strong>Monti-sion<\/strong> no fan m\u00e9s que guanyar noves l\u00ednies (una l\u00ednia m\u00e9s de 1r i 2n d\u2019ESO, i la possibilitat de mitja l\u00ednia de Batxillerat art\u00edstic). Un altre exemple \u00e9s el de la <strong>Salle de Ma\u00f3<\/strong>, que enguany ha comen\u00e7at a impartir Batxillerat i, l\u2019any vinent, tindr\u00e0 m\u00e9s grups, tot i que aquest curs nom\u00e9s compta amb 35 alumnes repartits entre tres itineraris de Batxillerat.<\/p>\n\n\n\n<p>Mentrestant, els centres p\u00fablics pateixen una pressi\u00f3 constant per part de la Conselleria, que retalla grups sense con\u00e8ixer les dades d\u2019alumnat que repetir\u00e0 o promocionar\u00e0 ni les necessitats reals d\u2019aquest. En paraules de la mateixa Conselleria, &#8220;tenim unes estad\u00edstiques infal\u00b7libles que sempre funcionen&#8221;. Aquesta resposta no fa m\u00e9s que demostrar la des\u00eddia i la manca d\u2019atenci\u00f3 a la realitat de l\u2019escola p\u00fablica.<\/p>\n\n\n\n<p>Des de SIAU, exigim a la Conselleria que aturi de manera immediata aquest proc\u00e9s de desmantellament de l\u2019escola p\u00fablica. La creaci\u00f3 de noves l\u00ednies en l\u2019escola concertada i privada a costa de retallar grups en els centres p\u00fablics, \u00e9s una pol\u00edtica injustificable que atempta contra el dret d\u2019una educaci\u00f3 p\u00fablica, gratu\u00efta i de qualitat per a tots els infants i joves de les Illes Balears. Aquesta privatitzaci\u00f3 encoberta de l\u2019educaci\u00f3 p\u00fablica no la tolerarem.&nbsp;<\/p>\n\n\n\n<p><strong>L\u2019escola p\u00fablica no es toca! No a la privatitzaci\u00f3 de l\u2019escola p\u00fablica!<\/strong><\/p>\n","protected":false},"excerpt":{"rendered":"<p>Des del Sindicat Independent, Aut\u00f2nom i Unitari (SIAU) volem denunciar novament la pol\u00edtica educativa de l\u2019actual Conselleria d\u2019Educaci\u00f3, que continua regant de recursos l\u2019escola concertada i privada al mateix temps que desmantella l\u2019escola p\u00fablica. L\u2019Administraci\u00f3 pret\u00e9n que el curs vinent, diversos centres p\u00fablics de les Illes Balears, disposin de menys grups classe. En canvi, l\u2019escola &hellip; <\/p>\n<p class=\"link-more\"><a href=\"https:\/\/www.siau.cat\/index.php\/2025\/03\/27\/la-conselleria-deducacio-continua-desmantellant-lescola-publica-a-favor-de-lescola-concertada-i-privada\/\" class=\"more-link\">Continua llegint <span class=\"screen-reader-text\">\u00abLa Conselleria d\u2019Educaci\u00f3 continua desmantellant l\u2019escola p\u00fablica a favor de l\u2019escola concertada i privada\u00bb<\/span><\/a><\/p>\n","protected":false},"author":1,"featured_media":0,"comment_status":"closed","ping_status":"open","sticky":false,"template":"","format":"standard","meta":{"_jetpack_memberships_contains_paid_content":false,"footnotes":""},"categories":[1],"tags":[],"class_list":["post-1756","post","type-post","status-publish","format-standard","hentry","category-uncategorized"],"yoast_head":"<!-- This site is optimized with the Yoast SEO plugin v25.4 - https:\/\/yoast.com\/wordpress\/plugins\/seo\/ -->\n<title>La Conselleria d\u2019Educaci\u00f3 continua desmantellant l\u2019escola p\u00fablica a favor de l\u2019escola concertada i privada &#8212; SIAU - SINDICAT INDEPENDENT, AUT\u00d2NOM I UNITARI<\/title>\n<meta name=\"robots\" content=\"index, follow, max-snippet:-1, max-image-preview:large, max-video-preview:-1\" \/>\n<link rel=\"canonical\" href=\"https:\/\/www.siau.cat\/index.php\/2025\/03\/27\/la-conselleria-deducacio-continua-desmantellant-lescola-publica-a-favor-de-lescola-concertada-i-privada\/\" \/>\n<meta property=\"og:locale\" content=\"ca_ES\" \/>\n<meta property=\"og:type\" content=\"article\" \/>\n<meta property=\"og:title\" content=\"La Conselleria d\u2019Educaci\u00f3 continua desmantellant l\u2019escola p\u00fablica a favor de l\u2019escola concertada i privada &#8212; SIAU - SINDICAT INDEPENDENT, AUT\u00d2NOM I UNITARI\" \/>\n<meta property=\"og:description\" content=\"Des del Sindicat Independent, Aut\u00f2nom i Unitari (SIAU) volem denunciar novament la pol\u00edtica educativa de l\u2019actual Conselleria d\u2019Educaci\u00f3, que continua regant de recursos l\u2019escola concertada i privada al mateix temps que desmantella l\u2019escola p\u00fablica. L\u2019Administraci\u00f3 pret\u00e9n que el curs vinent, diversos centres p\u00fablics de les Illes Balears, disposin de menys grups classe. En canvi, l\u2019escola &hellip; Continua llegint \u00abLa Conselleria d\u2019Educaci\u00f3 continua desmantellant l\u2019escola p\u00fablica a favor de l\u2019escola concertada i privada\u00bb\" \/>\n<meta property=\"og:url\" content=\"https:\/\/www.siau.cat\/index.php\/2025\/03\/27\/la-conselleria-deducacio-continua-desmantellant-lescola-publica-a-favor-de-lescola-concertada-i-privada\/\" \/>\n<meta property=\"og:site_name\" content=\"SIAU - SINDICAT INDEPENDENT, AUT\u00d2NOM I UNITARI\" \/>\n<meta property=\"article:published_time\" content=\"2025-03-27T13:17:59+00:00\" \/>\n<meta property=\"article:modified_time\" content=\"2025-03-27T13:18:05+00:00\" \/>\n<meta property=\"og:image\" content=\"https:\/\/www.siau.cat\/wp-content\/uploads\/2025\/03\/Lescola-publica-no-es-toca.png\" \/>\n\t<meta property=\"og:image:width\" content=\"1234\" \/>\n\t<meta property=\"og:image:height\" content=\"1034\" \/>\n\t<meta property=\"og:image:type\" content=\"image\/png\" \/>\n<meta name=\"author\" content=\"admin\" \/>\n<meta name=\"twitter:card\" content=\"summary_large_image\" \/>\n<meta name=\"twitter:label1\" content=\"Escrit per\" \/>\n\t<meta name=\"twitter:data1\" content=\"admin\" \/>\n\t<meta name=\"twitter:label2\" content=\"Temps estimat de lectura\" \/>\n\t<meta name=\"twitter:data2\" content=\"3 minuts\" \/>\n<script type=\"application\/ld+json\" class=\"yoast-schema-graph\">{\"@context\":\"https:\/\/schema.org\",\"@graph\":[{\"@type\":\"Article\",\"@id\":\"https:\/\/www.siau.cat\/index.php\/2025\/03\/27\/la-conselleria-deducacio-continua-desmantellant-lescola-publica-a-favor-de-lescola-concertada-i-privada\/#article\",\"isPartOf\":{\"@id\":\"https:\/\/www.siau.cat\/index.php\/2025\/03\/27\/la-conselleria-deducacio-continua-desmantellant-lescola-publica-a-favor-de-lescola-concertada-i-privada\/\"},\"author\":{\"name\":\"admin\",\"@id\":\"https:\/\/www.siau.cat\/#\/schema\/person\/810c15694a7e538934bb4be53ebcba0d\"},\"headline\":\"La Conselleria d\u2019Educaci\u00f3 continua desmantellant l\u2019escola p\u00fablica a favor de l\u2019escola concertada i privada\",\"datePublished\":\"2025-03-27T13:17:59+00:00\",\"dateModified\":\"2025-03-27T13:18:05+00:00\",\"mainEntityOfPage\":{\"@id\":\"https:\/\/www.siau.cat\/index.php\/2025\/03\/27\/la-conselleria-deducacio-continua-desmantellant-lescola-publica-a-favor-de-lescola-concertada-i-privada\/\"},\"wordCount\":521,\"publisher\":{\"@id\":\"https:\/\/www.siau.cat\/#organization\"},\"image\":{\"@id\":\"https:\/\/www.siau.cat\/index.php\/2025\/03\/27\/la-conselleria-deducacio-continua-desmantellant-lescola-publica-a-favor-de-lescola-concertada-i-privada\/#primaryimage\"},\"thumbnailUrl\":\"https:\/\/www.siau.cat\/wp-content\/uploads\/2025\/03\/Lescola-publica-no-es-toca-1024x858.png\",\"articleSection\":[\"Uncategorized\"],\"inLanguage\":\"ca\"},{\"@type\":\"WebPage\",\"@id\":\"https:\/\/www.siau.cat\/index.php\/2025\/03\/27\/la-conselleria-deducacio-continua-desmantellant-lescola-publica-a-favor-de-lescola-concertada-i-privada\/\",\"url\":\"https:\/\/www.siau.cat\/index.php\/2025\/03\/27\/la-conselleria-deducacio-continua-desmantellant-lescola-publica-a-favor-de-lescola-concertada-i-privada\/\",\"name\":\"La Conselleria d\u2019Educaci\u00f3 continua desmantellant l\u2019escola p\u00fablica a favor de l\u2019escola concertada i privada &#8212; SIAU - SINDICAT INDEPENDENT, AUT\u00d2NOM I UNITARI\",\"isPartOf\":{\"@id\":\"https:\/\/www.siau.cat\/#website\"},\"primaryImageOfPage\":{\"@id\":\"https:\/\/www.siau.cat\/index.php\/2025\/03\/27\/la-conselleria-deducacio-continua-desmantellant-lescola-publica-a-favor-de-lescola-concertada-i-privada\/#primaryimage\"},\"image\":{\"@id\":\"https:\/\/www.siau.cat\/index.php\/2025\/03\/27\/la-conselleria-deducacio-continua-desmantellant-lescola-publica-a-favor-de-lescola-concertada-i-privada\/#primaryimage\"},\"thumbnailUrl\":\"https:\/\/www.siau.cat\/wp-content\/uploads\/2025\/03\/Lescola-publica-no-es-toca-1024x858.png\",\"datePublished\":\"2025-03-27T13:17:59+00:00\",\"dateModified\":\"2025-03-27T13:18:05+00:00\",\"breadcrumb\":{\"@id\":\"https:\/\/www.siau.cat\/index.php\/2025\/03\/27\/la-conselleria-deducacio-continua-desmantellant-lescola-publica-a-favor-de-lescola-concertada-i-privada\/#breadcrumb\"},\"inLanguage\":\"ca\",\"potentialAction\":[{\"@type\":\"ReadAction\",\"target\":[\"https:\/\/www.siau.cat\/index.php\/2025\/03\/27\/la-conselleria-deducacio-continua-desmantellant-lescola-publica-a-favor-de-lescola-concertada-i-privada\/\"]}]},{\"@type\":\"ImageObject\",\"inLanguage\":\"ca\",\"@id\":\"https:\/\/www.siau.cat\/index.php\/2025\/03\/27\/la-conselleria-deducacio-continua-desmantellant-lescola-publica-a-favor-de-lescola-concertada-i-privada\/#primaryimage\",\"url\":\"https:\/\/www.siau.cat\/wp-content\/uploads\/2025\/03\/Lescola-publica-no-es-toca.png\",\"contentUrl\":\"https:\/\/www.siau.cat\/wp-content\/uploads\/2025\/03\/Lescola-publica-no-es-toca.png\",\"width\":1234,\"height\":1034},{\"@type\":\"BreadcrumbList\",\"@id\":\"https:\/\/www.siau.cat\/index.php\/2025\/03\/27\/la-conselleria-deducacio-continua-desmantellant-lescola-publica-a-favor-de-lescola-concertada-i-privada\/#breadcrumb\",\"itemListElement\":[{\"@type\":\"ListItem\",\"position\":1,\"name\":\"Inici\",\"item\":\"https:\/\/www.siau.cat\/\"},{\"@type\":\"ListItem\",\"position\":2,\"name\":\"La Conselleria d\u2019Educaci\u00f3 continua desmantellant l\u2019escola p\u00fablica a favor de l\u2019escola concertada i privada\"}]},{\"@type\":\"WebSite\",\"@id\":\"https:\/\/www.siau.cat\/#website\",\"url\":\"https:\/\/www.siau.cat\/\",\"name\":\"SIAU - SINDICAT INDEPENDENT, AUT\u00d2NOM I UNITARI\",\"description\":\"Ara s&iacute; que tenim la veu\",\"publisher\":{\"@id\":\"https:\/\/www.siau.cat\/#organization\"},\"potentialAction\":[{\"@type\":\"SearchAction\",\"target\":{\"@type\":\"EntryPoint\",\"urlTemplate\":\"https:\/\/www.siau.cat\/?s={search_term_string}\"},\"query-input\":{\"@type\":\"PropertyValueSpecification\",\"valueRequired\":true,\"valueName\":\"search_term_string\"}}],\"inLanguage\":\"ca\"},{\"@type\":\"Organization\",\"@id\":\"https:\/\/www.siau.cat\/#organization\",\"name\":\"SIAU\",\"url\":\"https:\/\/www.siau.cat\/\",\"logo\":{\"@type\":\"ImageObject\",\"inLanguage\":\"ca\",\"@id\":\"https:\/\/www.siau.cat\/#\/schema\/logo\/image\/\",\"url\":\"https:\/\/www.siau.cat\/wp-content\/uploads\/2022\/03\/cropped-resized_LOGO-SIAU-5-e1652020847972.jpg\",\"contentUrl\":\"https:\/\/www.siau.cat\/wp-content\/uploads\/2022\/03\/cropped-resized_LOGO-SIAU-5-e1652020847972.jpg\",\"width\":1600,\"height\":1200,\"caption\":\"SIAU\"},\"image\":{\"@id\":\"https:\/\/www.siau.cat\/#\/schema\/logo\/image\/\"}},{\"@type\":\"Person\",\"@id\":\"https:\/\/www.siau.cat\/#\/schema\/person\/810c15694a7e538934bb4be53ebcba0d\",\"name\":\"admin\",\"image\":{\"@type\":\"ImageObject\",\"inLanguage\":\"ca\",\"@id\":\"https:\/\/www.siau.cat\/#\/schema\/person\/image\/\",\"url\":\"https:\/\/www.siau.cat\/wp-content\/litespeed\/avatar\/d73ebfac3daa0b52552b2ccea63469da.jpg?ver=1777403609\",\"contentUrl\":\"https:\/\/www.siau.cat\/wp-content\/litespeed\/avatar\/d73ebfac3daa0b52552b2ccea63469da.jpg?ver=1777403609\",\"caption\":\"admin\"},\"sameAs\":[\"https:\/\/www.siau.cat\"],\"url\":\"https:\/\/www.siau.cat\/index.php\/author\/admin\/\"}]}<\/script>\n<!-- \/ Yoast SEO plugin. -->","yoast_head_json":{"title":"La Conselleria d\u2019Educaci\u00f3 continua desmantellant l\u2019escola p\u00fablica a favor de l\u2019escola concertada i privada &#8212; SIAU - SINDICAT INDEPENDENT, AUT\u00d2NOM I UNITARI","robots":{"index":"index","follow":"follow","max-snippet":"max-snippet:-1","max-image-preview":"max-image-preview:large","max-video-preview":"max-video-preview:-1"},"canonical":"https:\/\/www.siau.cat\/index.php\/2025\/03\/27\/la-conselleria-deducacio-continua-desmantellant-lescola-publica-a-favor-de-lescola-concertada-i-privada\/","og_locale":"ca_ES","og_type":"article","og_title":"La Conselleria d\u2019Educaci\u00f3 continua desmantellant l\u2019escola p\u00fablica a favor de l\u2019escola concertada i privada &#8212; SIAU - SINDICAT INDEPENDENT, AUT\u00d2NOM I UNITARI","og_description":"Des del Sindicat Independent, Aut\u00f2nom i Unitari (SIAU) volem denunciar novament la pol\u00edtica educativa de l\u2019actual Conselleria d\u2019Educaci\u00f3, que continua regant de recursos l\u2019escola concertada i privada al mateix temps que desmantella l\u2019escola p\u00fablica. L\u2019Administraci\u00f3 pret\u00e9n que el curs vinent, diversos centres p\u00fablics de les Illes Balears, disposin de menys grups classe. En canvi, l\u2019escola &hellip; Continua llegint \u00abLa Conselleria d\u2019Educaci\u00f3 continua desmantellant l\u2019escola p\u00fablica a favor de l\u2019escola concertada i privada\u00bb","og_url":"https:\/\/www.siau.cat\/index.php\/2025\/03\/27\/la-conselleria-deducacio-continua-desmantellant-lescola-publica-a-favor-de-lescola-concertada-i-privada\/","og_site_name":"SIAU - SINDICAT INDEPENDENT, AUT\u00d2NOM I UNITARI","article_published_time":"2025-03-27T13:17:59+00:00","article_modified_time":"2025-03-27T13:18:05+00:00","og_image":[{"width":1234,"height":1034,"url":"https:\/\/www.siau.cat\/wp-content\/uploads\/2025\/03\/Lescola-publica-no-es-toca.png","type":"image\/png"}],"author":"admin","twitter_card":"summary_large_image","twitter_misc":{"Escrit per":"admin","Temps estimat de lectura":"3 minuts"},"schema":{"@context":"https:\/\/schema.org","@graph":[{"@type":"Article","@id":"https:\/\/www.siau.cat\/index.php\/2025\/03\/27\/la-conselleria-deducacio-continua-desmantellant-lescola-publica-a-favor-de-lescola-concertada-i-privada\/#article","isPartOf":{"@id":"https:\/\/www.siau.cat\/index.php\/2025\/03\/27\/la-conselleria-deducacio-continua-desmantellant-lescola-publica-a-favor-de-lescola-concertada-i-privada\/"},"author":{"name":"admin","@id":"https:\/\/www.siau.cat\/#\/schema\/person\/810c15694a7e538934bb4be53ebcba0d"},"headline":"La Conselleria d\u2019Educaci\u00f3 continua desmantellant l\u2019escola p\u00fablica a favor de l\u2019escola concertada i privada","datePublished":"2025-03-27T13:17:59+00:00","dateModified":"2025-03-27T13:18:05+00:00","mainEntityOfPage":{"@id":"https:\/\/www.siau.cat\/index.php\/2025\/03\/27\/la-conselleria-deducacio-continua-desmantellant-lescola-publica-a-favor-de-lescola-concertada-i-privada\/"},"wordCount":521,"publisher":{"@id":"https:\/\/www.siau.cat\/#organization"},"image":{"@id":"https:\/\/www.siau.cat\/index.php\/2025\/03\/27\/la-conselleria-deducacio-continua-desmantellant-lescola-publica-a-favor-de-lescola-concertada-i-privada\/#primaryimage"},"thumbnailUrl":"https:\/\/www.siau.cat\/wp-content\/uploads\/2025\/03\/Lescola-publica-no-es-toca-1024x858.png","articleSection":["Uncategorized"],"inLanguage":"ca"},{"@type":"WebPage","@id":"https:\/\/www.siau.cat\/index.php\/2025\/03\/27\/la-conselleria-deducacio-continua-desmantellant-lescola-publica-a-favor-de-lescola-concertada-i-privada\/","url":"https:\/\/www.siau.cat\/index.php\/2025\/03\/27\/la-conselleria-deducacio-continua-desmantellant-lescola-publica-a-favor-de-lescola-concertada-i-privada\/","name":"La Conselleria d\u2019Educaci\u00f3 continua desmantellant l\u2019escola p\u00fablica a favor de l\u2019escola concertada i privada &#8212; SIAU - SINDICAT INDEPENDENT, AUT\u00d2NOM I UNITARI","isPartOf":{"@id":"https:\/\/www.siau.cat\/#website"},"primaryImageOfPage":{"@id":"https:\/\/www.siau.cat\/index.php\/2025\/03\/27\/la-conselleria-deducacio-continua-desmantellant-lescola-publica-a-favor-de-lescola-concertada-i-privada\/#primaryimage"},"image":{"@id":"https:\/\/www.siau.cat\/index.php\/2025\/03\/27\/la-conselleria-deducacio-continua-desmantellant-lescola-publica-a-favor-de-lescola-concertada-i-privada\/#primaryimage"},"thumbnailUrl":"https:\/\/www.siau.cat\/wp-content\/uploads\/2025\/03\/Lescola-publica-no-es-toca-1024x858.png","datePublished":"2025-03-27T13:17:59+00:00","dateModified":"2025-03-27T13:18:05+00:00","breadcrumb":{"@id":"https:\/\/www.siau.cat\/index.php\/2025\/03\/27\/la-conselleria-deducacio-continua-desmantellant-lescola-publica-a-favor-de-lescola-concertada-i-privada\/#breadcrumb"},"inLanguage":"ca","potentialAction":[{"@type":"ReadAction","target":["https:\/\/www.siau.cat\/index.php\/2025\/03\/27\/la-conselleria-deducacio-continua-desmantellant-lescola-publica-a-favor-de-lescola-concertada-i-privada\/"]}]},{"@type":"ImageObject","inLanguage":"ca","@id":"https:\/\/www.siau.cat\/index.php\/2025\/03\/27\/la-conselleria-deducacio-continua-desmantellant-lescola-publica-a-favor-de-lescola-concertada-i-privada\/#primaryimage","url":"https:\/\/www.siau.cat\/wp-content\/uploads\/2025\/03\/Lescola-publica-no-es-toca.png","contentUrl":"https:\/\/www.siau.cat\/wp-content\/uploads\/2025\/03\/Lescola-publica-no-es-toca.png","width":1234,"height":1034},{"@type":"BreadcrumbList","@id":"https:\/\/www.siau.cat\/index.php\/2025\/03\/27\/la-conselleria-deducacio-continua-desmantellant-lescola-publica-a-favor-de-lescola-concertada-i-privada\/#breadcrumb","itemListElement":[{"@type":"ListItem","position":1,"name":"Inici","item":"https:\/\/www.siau.cat\/"},{"@type":"ListItem","position":2,"name":"La Conselleria d\u2019Educaci\u00f3 continua desmantellant l\u2019escola p\u00fablica a favor de l\u2019escola concertada i privada"}]},{"@type":"WebSite","@id":"https:\/\/www.siau.cat\/#website","url":"https:\/\/www.siau.cat\/","name":"SIAU - SINDICAT INDEPENDENT, AUT\u00d2NOM I UNITARI","description":"Ara s&iacute; que tenim la veu","publisher":{"@id":"https:\/\/www.siau.cat\/#organization"},"potentialAction":[{"@type":"SearchAction","target":{"@type":"EntryPoint","urlTemplate":"https:\/\/www.siau.cat\/?s={search_term_string}"},"query-input":{"@type":"PropertyValueSpecification","valueRequired":true,"valueName":"search_term_string"}}],"inLanguage":"ca"},{"@type":"Organization","@id":"https:\/\/www.siau.cat\/#organization","name":"SIAU","url":"https:\/\/www.siau.cat\/","logo":{"@type":"ImageObject","inLanguage":"ca","@id":"https:\/\/www.siau.cat\/#\/schema\/logo\/image\/","url":"https:\/\/www.siau.cat\/wp-content\/uploads\/2022\/03\/cropped-resized_LOGO-SIAU-5-e1652020847972.jpg","contentUrl":"https:\/\/www.siau.cat\/wp-content\/uploads\/2022\/03\/cropped-resized_LOGO-SIAU-5-e1652020847972.jpg","width":1600,"height":1200,"caption":"SIAU"},"image":{"@id":"https:\/\/www.siau.cat\/#\/schema\/logo\/image\/"}},{"@type":"Person","@id":"https:\/\/www.siau.cat\/#\/schema\/person\/810c15694a7e538934bb4be53ebcba0d","name":"admin","image":{"@type":"ImageObject","inLanguage":"ca","@id":"https:\/\/www.siau.cat\/#\/schema\/person\/image\/","url":"https:\/\/www.siau.cat\/wp-content\/litespeed\/avatar\/d73ebfac3daa0b52552b2ccea63469da.jpg?ver=1777403609","contentUrl":"https:\/\/www.siau.cat\/wp-content\/litespeed\/avatar\/d73ebfac3daa0b52552b2ccea63469da.jpg?ver=1777403609","caption":"admin"},"sameAs":["https:\/\/www.siau.cat"],"url":"https:\/\/www.siau.cat\/index.php\/author\/admin\/"}]}},"jetpack_featured_media_url":"","jetpack_sharing_enabled":true,"_links":{"self":[{"href":"https:\/\/www.siau.cat\/index.php\/wp-json\/wp\/v2\/posts\/1756","targetHints":{"allow":["GET"]}}],"collection":[{"href":"https:\/\/www.siau.cat\/index.php\/wp-json\/wp\/v2\/posts"}],"about":[{"href":"https:\/\/www.siau.cat\/index.php\/wp-json\/wp\/v2\/types\/post"}],"author":[{"embeddable":true,"href":"https:\/\/www.siau.cat\/index.php\/wp-json\/wp\/v2\/users\/1"}],"replies":[{"embeddable":true,"href":"https:\/\/www.siau.cat\/index.php\/wp-json\/wp\/v2\/comments?post=1756"}],"version-history":[{"count":1,"href":"https:\/\/www.siau.cat\/index.php\/wp-json\/wp\/v2\/posts\/1756\/revisions"}],"predecessor-version":[{"id":1758,"href":"https:\/\/www.siau.cat\/index.php\/wp-json\/wp\/v2\/posts\/1756\/revisions\/1758"}],"wp:attachment":[{"href":"https:\/\/www.siau.cat\/index.php\/wp-json\/wp\/v2\/media?parent=1756"}],"wp:term":[{"taxonomy":"category","embeddable":true,"href":"https:\/\/www.siau.cat\/index.php\/wp-json\/wp\/v2\/categories?post=1756"},{"taxonomy":"post_tag","embeddable":true,"href":"https:\/\/www.siau.cat\/index.php\/wp-json\/wp\/v2\/tags?post=1756"}],"curies":[{"name":"wp","href":"https:\/\/api.w.org\/{rel}","templated":true}]}}