{"id":1773,"date":"2025-04-01T16:46:04","date_gmt":"2025-04-01T16:46:04","guid":{"rendered":"https:\/\/www.siau.cat\/?p=1773"},"modified":"2025-04-01T16:46:10","modified_gmt":"2025-04-01T16:46:10","slug":"siau-dona-suport-a-les-demandes-del-ceip-de-practiques-davant-la-darrera-imposicio-de-la-conselleria-deducacio","status":"publish","type":"post","link":"https:\/\/www.siau.cat\/index.php\/2025\/04\/01\/siau-dona-suport-a-les-demandes-del-ceip-de-practiques-davant-la-darrera-imposicio-de-la-conselleria-deducacio\/","title":{"rendered":"SIAU dona suport a les demandes del CEIP de Pr\u00e0ctiques davant la darrera imposici\u00f3 de la Conselleria d\u2019Educaci\u00f3"},"content":{"rendered":"\n<figure class=\"wp-block-image size-full is-resized\"><img loading=\"lazy\" decoding=\"async\" width=\"512\" height=\"384\" src=\"https:\/\/www.siau.cat\/wp-content\/uploads\/2025\/04\/CEIP-de-Practiques-1.jpg\" alt=\"\" class=\"wp-image-1775\" style=\"width:674px;height:auto\" srcset=\"https:\/\/www.siau.cat\/wp-content\/uploads\/2025\/04\/CEIP-de-Practiques-1.jpg 512w, https:\/\/www.siau.cat\/wp-content\/uploads\/2025\/04\/CEIP-de-Practiques-1-300x225.jpg 300w, https:\/\/www.siau.cat\/wp-content\/uploads\/2025\/04\/CEIP-de-Practiques-1-24x18.jpg 24w, https:\/\/www.siau.cat\/wp-content\/uploads\/2025\/04\/CEIP-de-Practiques-1-36x27.jpg 36w, https:\/\/www.siau.cat\/wp-content\/uploads\/2025\/04\/CEIP-de-Practiques-1-48x36.jpg 48w, https:\/\/www.siau.cat\/wp-content\/uploads\/2025\/04\/CEIP-de-Practiques-1-350x263.jpg 350w\" sizes=\"auto, (max-width: 512px) 100vw, 512px\" \/><figcaption class=\"wp-element-caption\">CEIP de Pr\u00e0ctiques<\/figcaption><\/figure>\n\n\n\n<p>Des del Sindicat Independent, Aut\u00f2nom i Unitari (SIAU) volem expressar el nostre ferm suport a les demandes plantejades pel claustre del CEIP de Pr\u00e0ctiques en relaci\u00f3 amb el projecte de \u201creestructuraci\u00f3\u201d educativa imposat per la Conselleria d\u2019Educaci\u00f3. En aquest sentit, el CEIP de Pr\u00e0ctiques ha transm\u00e8s a la directora general de Planificaci\u00f3 i Gesti\u00f3 Educatives, les seves preocupacions davant uns canvis que afecten directament l\u2019estructura del centre, la seva comunitat educativa i la qualitat del servei educatiu que ofereix.<\/p>\n\n\n\n<p>La nova imposici\u00f3 de la Conselleria preveu la \u201creestructuraci\u00f3\u201d del CEIP de Pr\u00e0ctiques, amb la creaci\u00f3 d\u2019una nova l\u00ednia educativa d\u2019Educaci\u00f3 Infantil de 0-6 dins instal\u00b7lacions del CEIP Felip Bau\u00e7\u00e0, aix\u00ed com la possible ampliaci\u00f3 de l\u2019actual CEIP de Pr\u00e0ctiques a tres l\u00ednies. A m\u00e9s, es pret\u00e9n el trasllat de tot l\u2019alumnat i els mestres del CEIP Felip Bau\u00e7\u00e0 al CEIP Tramuntana, fet que podria implicar, en la pr\u00e0ctica, el tancament definitiu del CEIP Felip Bau\u00e7\u00e0, un centre que s\u2019ha convertit en un referent per a la comunitat educativa de la zona. Aquest trasllat i tancament, com altres iniciatives dins el pla de desmantellament de l\u2019escola p\u00fablica per part de la Conselleria, han estat decidits sense tenir en compte les veus dels afectats (fam\u00edlies, docents i alumnat).<\/p>\n\n\n\n<p>Aquest desmantellament de l\u2019escola p\u00fablica forma part d&#8217;un pla m\u00e9s ampli de la Conselleria que, lluny de resoldre els problemes estructurals i pedag\u00f2gics dels centres p\u00fablics, est\u00e0 orientat a reduir al m\u00e0xim l&#8217;oferta de places d\u2019escoles p\u00fabliques. Aix\u00f2 inclou, no nom\u00e9s el tancament de l&#8217;IES Polit\u00e8cnic, com ja hem constatat aquest darrer any, sin\u00f3 tamb\u00e9 del CEIP Felip Bau\u00e7\u00e0, derivant a poc a poc l\u2019alumnat cap a escoles concertades i privades. Els darrers dies ja v\u00e0rem denunciar retallades de grups a centres p\u00fablics com l\u2019IES Josep Font i Trias, IES Inca, IES Ses Estacions, IES Josep Maria Llompart, CEIP Climent Serra, CEIP Bunyola, CEIP Duran Estrany, CEIP Es Tamarells o CEIP Joan Mas, entre molts altres. Per tant, \u00e9s evident quin \u00e9s el pla de l\u2019actual Administraci\u00f3, un pla basat en la privatitzaci\u00f3 de l\u2019educaci\u00f3 que no escolta les necessitats de la comunitat educativa ni les realitats locals, ni t\u00e9 en compte l\u2019impacte que pot tenir sobre la qualitat educativa i la cohesi\u00f3 social dels centres afectats.<\/p>\n\n\n\n<p>En el cas del CEIP de Pr\u00e0ctiques, la proposta de modificar l\u2019estructura del centre no nom\u00e9s afecta la seva organitzaci\u00f3 interna, sin\u00f3 que tamb\u00e9 t\u00e9 un impacte directe sobre la qualitat pedag\u00f2gica i la cohesi\u00f3 de la comunitat educativa. La creaci\u00f3 d\u2019espais diferenciats complicar\u00e0 la coordinaci\u00f3 entre el personal docent, augmentar\u00e0 les r\u00e0tios i disminuir\u00e0 la proximitat i la qualitat de la relaci\u00f3 entre alumnes, mestres i fam\u00edlies.<\/p>\n\n\n\n<p>Des de SIAU, volem subratllar que aquesta \u201creestructuraci\u00f3\u201d del CEIP de Pr\u00e0ctiques no \u00e9s una soluci\u00f3 ni a curt ni a llarg termini. A m\u00e9s, la proposta no nom\u00e9s no resol els problemes d\u2019augment de la demanda escolar, sin\u00f3 que els agreuja, ja que no s\u2019ha fet una planificaci\u00f3 realista i sostenible.<\/p>\n\n\n\n<p>\u00c9s fonamental que les autoritats escoltin i tenguin en compte les veus dels docents, alumnes i fam\u00edlies, que s\u00f3n els primers afectats per aquestes decisions. Aix\u00ed mateix, volem alertar sobre els impactes d\u2019aquesta estrat\u00e8gia, que inclou no nom\u00e9s el tancament del CEIP Felip Bau\u00e7\u00e0, sin\u00f3 tamb\u00e9 l&#8217;erosi\u00f3 de l&#8217;oferta educativa p\u00fablica a la zona, empobrint encara m\u00e9s el sistema educatiu i privant els nostres infants d\u2019una educaci\u00f3 p\u00fablica de qualitat.<\/p>\n\n\n\n<p>Des de SIAU expressam el nostre suport total a les demandes del CEIP de Pr\u00e0ctiques per preservar l\u2019organitzaci\u00f3 actual del centre, que ha demostrat ser efica\u00e7 i valorada per tota la comunitat educativa. Instam Educaci\u00f3 a reconsiderar la seva proposta i a cercar solucions que no impliquin la segregaci\u00f3 en diversos edificis, ja que aquestes mesures posen en perill la cohesi\u00f3, la qualitat educativa i la identitat del centre.<\/p>\n\n\n\n<p>A m\u00e9s, volem alertar sobre els impactes que aquest pla t\u00e9 sobre els drets laborals del professorat, especialment pel que fa a la possible p\u00e8rdua de places definitives i les condicions de treball que es podrien veure alterades per la creaci\u00f3 de nous espais no consensuats.<\/p>\n\n\n\n<p>Reiteram el nostre suport al CEIP de Pr\u00e0ctiques i al seu claustre, i fem una crida a la Conselleria perqu\u00e8 reconsideri aquesta proposta. \u00c9s fonamental que la decisi\u00f3 sobre el futur del centre s\u2019adopti tenint en compte la qualitat educativa, les necessitats de la comunitat escolar i les implicacions laborals per al personal docent.<\/p>\n","protected":false},"excerpt":{"rendered":"<p>Des del Sindicat Independent, Aut\u00f2nom i Unitari (SIAU) volem expressar el nostre ferm suport a les demandes plantejades pel claustre del CEIP de Pr\u00e0ctiques en relaci\u00f3 amb el projecte de \u201creestructuraci\u00f3\u201d educativa imposat per la Conselleria d\u2019Educaci\u00f3. En aquest sentit, el CEIP de Pr\u00e0ctiques ha transm\u00e8s a la directora general de Planificaci\u00f3 i Gesti\u00f3 Educatives, &hellip; <\/p>\n<p class=\"link-more\"><a href=\"https:\/\/www.siau.cat\/index.php\/2025\/04\/01\/siau-dona-suport-a-les-demandes-del-ceip-de-practiques-davant-la-darrera-imposicio-de-la-conselleria-deducacio\/\" class=\"more-link\">Continua llegint <span class=\"screen-reader-text\">\u00abSIAU dona suport a les demandes del CEIP de Pr\u00e0ctiques davant la darrera imposici\u00f3 de la Conselleria d\u2019Educaci\u00f3\u00bb<\/span><\/a><\/p>\n","protected":false},"author":1,"featured_media":0,"comment_status":"closed","ping_status":"open","sticky":false,"template":"","format":"standard","meta":{"_jetpack_memberships_contains_paid_content":false,"footnotes":""},"categories":[1],"tags":[],"class_list":["post-1773","post","type-post","status-publish","format-standard","hentry","category-uncategorized"],"yoast_head":"<!-- This site is optimized with the Yoast SEO plugin v25.4 - https:\/\/yoast.com\/wordpress\/plugins\/seo\/ -->\n<title>SIAU dona suport a les demandes del CEIP de Pr\u00e0ctiques davant la darrera imposici\u00f3 de la Conselleria d\u2019Educaci\u00f3 &#8212; SIAU - SINDICAT INDEPENDENT, AUT\u00d2NOM I UNITARI<\/title>\n<meta name=\"robots\" content=\"index, follow, max-snippet:-1, max-image-preview:large, max-video-preview:-1\" \/>\n<link rel=\"canonical\" href=\"https:\/\/www.siau.cat\/index.php\/2025\/04\/01\/siau-dona-suport-a-les-demandes-del-ceip-de-practiques-davant-la-darrera-imposicio-de-la-conselleria-deducacio\/\" \/>\n<meta property=\"og:locale\" content=\"ca_ES\" \/>\n<meta property=\"og:type\" content=\"article\" \/>\n<meta property=\"og:title\" content=\"SIAU dona suport a les demandes del CEIP de Pr\u00e0ctiques davant la darrera imposici\u00f3 de la Conselleria d\u2019Educaci\u00f3 &#8212; SIAU - SINDICAT INDEPENDENT, AUT\u00d2NOM I UNITARI\" \/>\n<meta property=\"og:description\" content=\"Des del Sindicat Independent, Aut\u00f2nom i Unitari (SIAU) volem expressar el nostre ferm suport a les demandes plantejades pel claustre del CEIP de Pr\u00e0ctiques en relaci\u00f3 amb el projecte de \u201creestructuraci\u00f3\u201d educativa imposat per la Conselleria d\u2019Educaci\u00f3. En aquest sentit, el CEIP de Pr\u00e0ctiques ha transm\u00e8s a la directora general de Planificaci\u00f3 i Gesti\u00f3 Educatives, &hellip; Continua llegint \u00abSIAU dona suport a les demandes del CEIP de Pr\u00e0ctiques davant la darrera imposici\u00f3 de la Conselleria d\u2019Educaci\u00f3\u00bb\" \/>\n<meta property=\"og:url\" content=\"https:\/\/www.siau.cat\/index.php\/2025\/04\/01\/siau-dona-suport-a-les-demandes-del-ceip-de-practiques-davant-la-darrera-imposicio-de-la-conselleria-deducacio\/\" \/>\n<meta property=\"og:site_name\" content=\"SIAU - SINDICAT INDEPENDENT, AUT\u00d2NOM I UNITARI\" \/>\n<meta property=\"article:published_time\" content=\"2025-04-01T16:46:04+00:00\" \/>\n<meta property=\"article:modified_time\" content=\"2025-04-01T16:46:10+00:00\" \/>\n<meta property=\"og:image\" content=\"https:\/\/www.siau.cat\/wp-content\/uploads\/2025\/04\/CEIP-de-Practiques-1.jpg\" \/>\n\t<meta property=\"og:image:width\" content=\"512\" \/>\n\t<meta property=\"og:image:height\" content=\"384\" \/>\n\t<meta property=\"og:image:type\" content=\"image\/jpeg\" \/>\n<meta name=\"author\" content=\"admin\" \/>\n<meta name=\"twitter:card\" content=\"summary_large_image\" \/>\n<meta name=\"twitter:label1\" content=\"Escrit per\" \/>\n\t<meta name=\"twitter:data1\" content=\"admin\" \/>\n\t<meta name=\"twitter:label2\" content=\"Temps estimat de lectura\" \/>\n\t<meta name=\"twitter:data2\" content=\"5 minuts\" \/>\n<script type=\"application\/ld+json\" class=\"yoast-schema-graph\">{\"@context\":\"https:\/\/schema.org\",\"@graph\":[{\"@type\":\"Article\",\"@id\":\"https:\/\/www.siau.cat\/index.php\/2025\/04\/01\/siau-dona-suport-a-les-demandes-del-ceip-de-practiques-davant-la-darrera-imposicio-de-la-conselleria-deducacio\/#article\",\"isPartOf\":{\"@id\":\"https:\/\/www.siau.cat\/index.php\/2025\/04\/01\/siau-dona-suport-a-les-demandes-del-ceip-de-practiques-davant-la-darrera-imposicio-de-la-conselleria-deducacio\/\"},\"author\":{\"name\":\"admin\",\"@id\":\"https:\/\/www.siau.cat\/#\/schema\/person\/810c15694a7e538934bb4be53ebcba0d\"},\"headline\":\"SIAU dona suport a les demandes del CEIP de Pr\u00e0ctiques davant la darrera imposici\u00f3 de la Conselleria d\u2019Educaci\u00f3\",\"datePublished\":\"2025-04-01T16:46:04+00:00\",\"dateModified\":\"2025-04-01T16:46:10+00:00\",\"mainEntityOfPage\":{\"@id\":\"https:\/\/www.siau.cat\/index.php\/2025\/04\/01\/siau-dona-suport-a-les-demandes-del-ceip-de-practiques-davant-la-darrera-imposicio-de-la-conselleria-deducacio\/\"},\"wordCount\":827,\"publisher\":{\"@id\":\"https:\/\/www.siau.cat\/#organization\"},\"image\":{\"@id\":\"https:\/\/www.siau.cat\/index.php\/2025\/04\/01\/siau-dona-suport-a-les-demandes-del-ceip-de-practiques-davant-la-darrera-imposicio-de-la-conselleria-deducacio\/#primaryimage\"},\"thumbnailUrl\":\"https:\/\/www.siau.cat\/wp-content\/uploads\/2025\/04\/CEIP-de-Practiques-1.jpg\",\"articleSection\":[\"Uncategorized\"],\"inLanguage\":\"ca\"},{\"@type\":\"WebPage\",\"@id\":\"https:\/\/www.siau.cat\/index.php\/2025\/04\/01\/siau-dona-suport-a-les-demandes-del-ceip-de-practiques-davant-la-darrera-imposicio-de-la-conselleria-deducacio\/\",\"url\":\"https:\/\/www.siau.cat\/index.php\/2025\/04\/01\/siau-dona-suport-a-les-demandes-del-ceip-de-practiques-davant-la-darrera-imposicio-de-la-conselleria-deducacio\/\",\"name\":\"SIAU dona suport a les demandes del CEIP de Pr\u00e0ctiques davant la darrera imposici\u00f3 de la Conselleria d\u2019Educaci\u00f3 &#8212; SIAU - SINDICAT INDEPENDENT, AUT\u00d2NOM I UNITARI\",\"isPartOf\":{\"@id\":\"https:\/\/www.siau.cat\/#website\"},\"primaryImageOfPage\":{\"@id\":\"https:\/\/www.siau.cat\/index.php\/2025\/04\/01\/siau-dona-suport-a-les-demandes-del-ceip-de-practiques-davant-la-darrera-imposicio-de-la-conselleria-deducacio\/#primaryimage\"},\"image\":{\"@id\":\"https:\/\/www.siau.cat\/index.php\/2025\/04\/01\/siau-dona-suport-a-les-demandes-del-ceip-de-practiques-davant-la-darrera-imposicio-de-la-conselleria-deducacio\/#primaryimage\"},\"thumbnailUrl\":\"https:\/\/www.siau.cat\/wp-content\/uploads\/2025\/04\/CEIP-de-Practiques-1.jpg\",\"datePublished\":\"2025-04-01T16:46:04+00:00\",\"dateModified\":\"2025-04-01T16:46:10+00:00\",\"breadcrumb\":{\"@id\":\"https:\/\/www.siau.cat\/index.php\/2025\/04\/01\/siau-dona-suport-a-les-demandes-del-ceip-de-practiques-davant-la-darrera-imposicio-de-la-conselleria-deducacio\/#breadcrumb\"},\"inLanguage\":\"ca\",\"potentialAction\":[{\"@type\":\"ReadAction\",\"target\":[\"https:\/\/www.siau.cat\/index.php\/2025\/04\/01\/siau-dona-suport-a-les-demandes-del-ceip-de-practiques-davant-la-darrera-imposicio-de-la-conselleria-deducacio\/\"]}]},{\"@type\":\"ImageObject\",\"inLanguage\":\"ca\",\"@id\":\"https:\/\/www.siau.cat\/index.php\/2025\/04\/01\/siau-dona-suport-a-les-demandes-del-ceip-de-practiques-davant-la-darrera-imposicio-de-la-conselleria-deducacio\/#primaryimage\",\"url\":\"https:\/\/www.siau.cat\/wp-content\/uploads\/2025\/04\/CEIP-de-Practiques-1.jpg\",\"contentUrl\":\"https:\/\/www.siau.cat\/wp-content\/uploads\/2025\/04\/CEIP-de-Practiques-1.jpg\",\"width\":512,\"height\":384,\"caption\":\"oppo_32\"},{\"@type\":\"BreadcrumbList\",\"@id\":\"https:\/\/www.siau.cat\/index.php\/2025\/04\/01\/siau-dona-suport-a-les-demandes-del-ceip-de-practiques-davant-la-darrera-imposicio-de-la-conselleria-deducacio\/#breadcrumb\",\"itemListElement\":[{\"@type\":\"ListItem\",\"position\":1,\"name\":\"Inici\",\"item\":\"https:\/\/www.siau.cat\/\"},{\"@type\":\"ListItem\",\"position\":2,\"name\":\"SIAU dona suport a les demandes del CEIP de Pr\u00e0ctiques davant la darrera imposici\u00f3 de la Conselleria d\u2019Educaci\u00f3\"}]},{\"@type\":\"WebSite\",\"@id\":\"https:\/\/www.siau.cat\/#website\",\"url\":\"https:\/\/www.siau.cat\/\",\"name\":\"SIAU - SINDICAT INDEPENDENT, AUT\u00d2NOM I UNITARI\",\"description\":\"Ara s&iacute; que tenim la veu\",\"publisher\":{\"@id\":\"https:\/\/www.siau.cat\/#organization\"},\"potentialAction\":[{\"@type\":\"SearchAction\",\"target\":{\"@type\":\"EntryPoint\",\"urlTemplate\":\"https:\/\/www.siau.cat\/?s={search_term_string}\"},\"query-input\":{\"@type\":\"PropertyValueSpecification\",\"valueRequired\":true,\"valueName\":\"search_term_string\"}}],\"inLanguage\":\"ca\"},{\"@type\":\"Organization\",\"@id\":\"https:\/\/www.siau.cat\/#organization\",\"name\":\"SIAU\",\"url\":\"https:\/\/www.siau.cat\/\",\"logo\":{\"@type\":\"ImageObject\",\"inLanguage\":\"ca\",\"@id\":\"https:\/\/www.siau.cat\/#\/schema\/logo\/image\/\",\"url\":\"https:\/\/www.siau.cat\/wp-content\/uploads\/2022\/03\/cropped-resized_LOGO-SIAU-5-e1652020847972.jpg\",\"contentUrl\":\"https:\/\/www.siau.cat\/wp-content\/uploads\/2022\/03\/cropped-resized_LOGO-SIAU-5-e1652020847972.jpg\",\"width\":1600,\"height\":1200,\"caption\":\"SIAU\"},\"image\":{\"@id\":\"https:\/\/www.siau.cat\/#\/schema\/logo\/image\/\"}},{\"@type\":\"Person\",\"@id\":\"https:\/\/www.siau.cat\/#\/schema\/person\/810c15694a7e538934bb4be53ebcba0d\",\"name\":\"admin\",\"image\":{\"@type\":\"ImageObject\",\"inLanguage\":\"ca\",\"@id\":\"https:\/\/www.siau.cat\/#\/schema\/person\/image\/\",\"url\":\"https:\/\/www.siau.cat\/wp-content\/litespeed\/avatar\/d73ebfac3daa0b52552b2ccea63469da.jpg?ver=1777403609\",\"contentUrl\":\"https:\/\/www.siau.cat\/wp-content\/litespeed\/avatar\/d73ebfac3daa0b52552b2ccea63469da.jpg?ver=1777403609\",\"caption\":\"admin\"},\"sameAs\":[\"https:\/\/www.siau.cat\"],\"url\":\"https:\/\/www.siau.cat\/index.php\/author\/admin\/\"}]}<\/script>\n<!-- \/ Yoast SEO plugin. -->","yoast_head_json":{"title":"SIAU dona suport a les demandes del CEIP de Pr\u00e0ctiques davant la darrera imposici\u00f3 de la Conselleria d\u2019Educaci\u00f3 &#8212; SIAU - SINDICAT INDEPENDENT, AUT\u00d2NOM I UNITARI","robots":{"index":"index","follow":"follow","max-snippet":"max-snippet:-1","max-image-preview":"max-image-preview:large","max-video-preview":"max-video-preview:-1"},"canonical":"https:\/\/www.siau.cat\/index.php\/2025\/04\/01\/siau-dona-suport-a-les-demandes-del-ceip-de-practiques-davant-la-darrera-imposicio-de-la-conselleria-deducacio\/","og_locale":"ca_ES","og_type":"article","og_title":"SIAU dona suport a les demandes del CEIP de Pr\u00e0ctiques davant la darrera imposici\u00f3 de la Conselleria d\u2019Educaci\u00f3 &#8212; SIAU - SINDICAT INDEPENDENT, AUT\u00d2NOM I UNITARI","og_description":"Des del Sindicat Independent, Aut\u00f2nom i Unitari (SIAU) volem expressar el nostre ferm suport a les demandes plantejades pel claustre del CEIP de Pr\u00e0ctiques en relaci\u00f3 amb el projecte de \u201creestructuraci\u00f3\u201d educativa imposat per la Conselleria d\u2019Educaci\u00f3. En aquest sentit, el CEIP de Pr\u00e0ctiques ha transm\u00e8s a la directora general de Planificaci\u00f3 i Gesti\u00f3 Educatives, &hellip; Continua llegint \u00abSIAU dona suport a les demandes del CEIP de Pr\u00e0ctiques davant la darrera imposici\u00f3 de la Conselleria d\u2019Educaci\u00f3\u00bb","og_url":"https:\/\/www.siau.cat\/index.php\/2025\/04\/01\/siau-dona-suport-a-les-demandes-del-ceip-de-practiques-davant-la-darrera-imposicio-de-la-conselleria-deducacio\/","og_site_name":"SIAU - SINDICAT INDEPENDENT, AUT\u00d2NOM I UNITARI","article_published_time":"2025-04-01T16:46:04+00:00","article_modified_time":"2025-04-01T16:46:10+00:00","og_image":[{"width":512,"height":384,"url":"https:\/\/www.siau.cat\/wp-content\/uploads\/2025\/04\/CEIP-de-Practiques-1.jpg","type":"image\/jpeg"}],"author":"admin","twitter_card":"summary_large_image","twitter_misc":{"Escrit per":"admin","Temps estimat de lectura":"5 minuts"},"schema":{"@context":"https:\/\/schema.org","@graph":[{"@type":"Article","@id":"https:\/\/www.siau.cat\/index.php\/2025\/04\/01\/siau-dona-suport-a-les-demandes-del-ceip-de-practiques-davant-la-darrera-imposicio-de-la-conselleria-deducacio\/#article","isPartOf":{"@id":"https:\/\/www.siau.cat\/index.php\/2025\/04\/01\/siau-dona-suport-a-les-demandes-del-ceip-de-practiques-davant-la-darrera-imposicio-de-la-conselleria-deducacio\/"},"author":{"name":"admin","@id":"https:\/\/www.siau.cat\/#\/schema\/person\/810c15694a7e538934bb4be53ebcba0d"},"headline":"SIAU dona suport a les demandes del CEIP de Pr\u00e0ctiques davant la darrera imposici\u00f3 de la Conselleria d\u2019Educaci\u00f3","datePublished":"2025-04-01T16:46:04+00:00","dateModified":"2025-04-01T16:46:10+00:00","mainEntityOfPage":{"@id":"https:\/\/www.siau.cat\/index.php\/2025\/04\/01\/siau-dona-suport-a-les-demandes-del-ceip-de-practiques-davant-la-darrera-imposicio-de-la-conselleria-deducacio\/"},"wordCount":827,"publisher":{"@id":"https:\/\/www.siau.cat\/#organization"},"image":{"@id":"https:\/\/www.siau.cat\/index.php\/2025\/04\/01\/siau-dona-suport-a-les-demandes-del-ceip-de-practiques-davant-la-darrera-imposicio-de-la-conselleria-deducacio\/#primaryimage"},"thumbnailUrl":"https:\/\/www.siau.cat\/wp-content\/uploads\/2025\/04\/CEIP-de-Practiques-1.jpg","articleSection":["Uncategorized"],"inLanguage":"ca"},{"@type":"WebPage","@id":"https:\/\/www.siau.cat\/index.php\/2025\/04\/01\/siau-dona-suport-a-les-demandes-del-ceip-de-practiques-davant-la-darrera-imposicio-de-la-conselleria-deducacio\/","url":"https:\/\/www.siau.cat\/index.php\/2025\/04\/01\/siau-dona-suport-a-les-demandes-del-ceip-de-practiques-davant-la-darrera-imposicio-de-la-conselleria-deducacio\/","name":"SIAU dona suport a les demandes del CEIP de Pr\u00e0ctiques davant la darrera imposici\u00f3 de la Conselleria d\u2019Educaci\u00f3 &#8212; SIAU - SINDICAT INDEPENDENT, AUT\u00d2NOM I UNITARI","isPartOf":{"@id":"https:\/\/www.siau.cat\/#website"},"primaryImageOfPage":{"@id":"https:\/\/www.siau.cat\/index.php\/2025\/04\/01\/siau-dona-suport-a-les-demandes-del-ceip-de-practiques-davant-la-darrera-imposicio-de-la-conselleria-deducacio\/#primaryimage"},"image":{"@id":"https:\/\/www.siau.cat\/index.php\/2025\/04\/01\/siau-dona-suport-a-les-demandes-del-ceip-de-practiques-davant-la-darrera-imposicio-de-la-conselleria-deducacio\/#primaryimage"},"thumbnailUrl":"https:\/\/www.siau.cat\/wp-content\/uploads\/2025\/04\/CEIP-de-Practiques-1.jpg","datePublished":"2025-04-01T16:46:04+00:00","dateModified":"2025-04-01T16:46:10+00:00","breadcrumb":{"@id":"https:\/\/www.siau.cat\/index.php\/2025\/04\/01\/siau-dona-suport-a-les-demandes-del-ceip-de-practiques-davant-la-darrera-imposicio-de-la-conselleria-deducacio\/#breadcrumb"},"inLanguage":"ca","potentialAction":[{"@type":"ReadAction","target":["https:\/\/www.siau.cat\/index.php\/2025\/04\/01\/siau-dona-suport-a-les-demandes-del-ceip-de-practiques-davant-la-darrera-imposicio-de-la-conselleria-deducacio\/"]}]},{"@type":"ImageObject","inLanguage":"ca","@id":"https:\/\/www.siau.cat\/index.php\/2025\/04\/01\/siau-dona-suport-a-les-demandes-del-ceip-de-practiques-davant-la-darrera-imposicio-de-la-conselleria-deducacio\/#primaryimage","url":"https:\/\/www.siau.cat\/wp-content\/uploads\/2025\/04\/CEIP-de-Practiques-1.jpg","contentUrl":"https:\/\/www.siau.cat\/wp-content\/uploads\/2025\/04\/CEIP-de-Practiques-1.jpg","width":512,"height":384,"caption":"oppo_32"},{"@type":"BreadcrumbList","@id":"https:\/\/www.siau.cat\/index.php\/2025\/04\/01\/siau-dona-suport-a-les-demandes-del-ceip-de-practiques-davant-la-darrera-imposicio-de-la-conselleria-deducacio\/#breadcrumb","itemListElement":[{"@type":"ListItem","position":1,"name":"Inici","item":"https:\/\/www.siau.cat\/"},{"@type":"ListItem","position":2,"name":"SIAU dona suport a les demandes del CEIP de Pr\u00e0ctiques davant la darrera imposici\u00f3 de la Conselleria d\u2019Educaci\u00f3"}]},{"@type":"WebSite","@id":"https:\/\/www.siau.cat\/#website","url":"https:\/\/www.siau.cat\/","name":"SIAU - SINDICAT INDEPENDENT, AUT\u00d2NOM I UNITARI","description":"Ara s&iacute; que tenim la veu","publisher":{"@id":"https:\/\/www.siau.cat\/#organization"},"potentialAction":[{"@type":"SearchAction","target":{"@type":"EntryPoint","urlTemplate":"https:\/\/www.siau.cat\/?s={search_term_string}"},"query-input":{"@type":"PropertyValueSpecification","valueRequired":true,"valueName":"search_term_string"}}],"inLanguage":"ca"},{"@type":"Organization","@id":"https:\/\/www.siau.cat\/#organization","name":"SIAU","url":"https:\/\/www.siau.cat\/","logo":{"@type":"ImageObject","inLanguage":"ca","@id":"https:\/\/www.siau.cat\/#\/schema\/logo\/image\/","url":"https:\/\/www.siau.cat\/wp-content\/uploads\/2022\/03\/cropped-resized_LOGO-SIAU-5-e1652020847972.jpg","contentUrl":"https:\/\/www.siau.cat\/wp-content\/uploads\/2022\/03\/cropped-resized_LOGO-SIAU-5-e1652020847972.jpg","width":1600,"height":1200,"caption":"SIAU"},"image":{"@id":"https:\/\/www.siau.cat\/#\/schema\/logo\/image\/"}},{"@type":"Person","@id":"https:\/\/www.siau.cat\/#\/schema\/person\/810c15694a7e538934bb4be53ebcba0d","name":"admin","image":{"@type":"ImageObject","inLanguage":"ca","@id":"https:\/\/www.siau.cat\/#\/schema\/person\/image\/","url":"https:\/\/www.siau.cat\/wp-content\/litespeed\/avatar\/d73ebfac3daa0b52552b2ccea63469da.jpg?ver=1777403609","contentUrl":"https:\/\/www.siau.cat\/wp-content\/litespeed\/avatar\/d73ebfac3daa0b52552b2ccea63469da.jpg?ver=1777403609","caption":"admin"},"sameAs":["https:\/\/www.siau.cat"],"url":"https:\/\/www.siau.cat\/index.php\/author\/admin\/"}]}},"jetpack_featured_media_url":"","jetpack_sharing_enabled":true,"_links":{"self":[{"href":"https:\/\/www.siau.cat\/index.php\/wp-json\/wp\/v2\/posts\/1773","targetHints":{"allow":["GET"]}}],"collection":[{"href":"https:\/\/www.siau.cat\/index.php\/wp-json\/wp\/v2\/posts"}],"about":[{"href":"https:\/\/www.siau.cat\/index.php\/wp-json\/wp\/v2\/types\/post"}],"author":[{"embeddable":true,"href":"https:\/\/www.siau.cat\/index.php\/wp-json\/wp\/v2\/users\/1"}],"replies":[{"embeddable":true,"href":"https:\/\/www.siau.cat\/index.php\/wp-json\/wp\/v2\/comments?post=1773"}],"version-history":[{"count":1,"href":"https:\/\/www.siau.cat\/index.php\/wp-json\/wp\/v2\/posts\/1773\/revisions"}],"predecessor-version":[{"id":1776,"href":"https:\/\/www.siau.cat\/index.php\/wp-json\/wp\/v2\/posts\/1773\/revisions\/1776"}],"wp:attachment":[{"href":"https:\/\/www.siau.cat\/index.php\/wp-json\/wp\/v2\/media?parent=1773"}],"wp:term":[{"taxonomy":"category","embeddable":true,"href":"https:\/\/www.siau.cat\/index.php\/wp-json\/wp\/v2\/categories?post=1773"},{"taxonomy":"post_tag","embeddable":true,"href":"https:\/\/www.siau.cat\/index.php\/wp-json\/wp\/v2\/tags?post=1773"}],"curies":[{"name":"wp","href":"https:\/\/api.w.org\/{rel}","templated":true}]}}