{"id":1778,"date":"2025-04-03T18:57:09","date_gmt":"2025-04-03T18:57:09","guid":{"rendered":"https:\/\/www.siau.cat\/?p=1778"},"modified":"2025-04-03T18:57:17","modified_gmt":"2025-04-03T18:57:17","slug":"el-nou-pla-de-coeducacio-no-comptara-amb-tots-els-sindicats-amb-representacio-dins-lensenyament-public","status":"publish","type":"post","link":"https:\/\/www.siau.cat\/index.php\/2025\/04\/03\/el-nou-pla-de-coeducacio-no-comptara-amb-tots-els-sindicats-amb-representacio-dins-lensenyament-public\/","title":{"rendered":"El nou pla de coeducaci\u00f3 no comptar\u00e0 amb tots els sindicats amb representaci\u00f3 dins l\u2019ensenyament p\u00fablic"},"content":{"rendered":"\n<figure class=\"wp-block-image size-large\"><img loading=\"lazy\" decoding=\"async\" width=\"1024\" height=\"716\" src=\"https:\/\/www.siau.cat\/wp-content\/uploads\/2025\/04\/Carrer-Ter-16-1024x716.png\" alt=\"\" class=\"wp-image-1779\" srcset=\"https:\/\/www.siau.cat\/wp-content\/uploads\/2025\/04\/Carrer-Ter-16-1024x716.png 1024w, https:\/\/www.siau.cat\/wp-content\/uploads\/2025\/04\/Carrer-Ter-16-300x210.png 300w, https:\/\/www.siau.cat\/wp-content\/uploads\/2025\/04\/Carrer-Ter-16-768x537.png 768w, https:\/\/www.siau.cat\/wp-content\/uploads\/2025\/04\/Carrer-Ter-16-24x17.png 24w, https:\/\/www.siau.cat\/wp-content\/uploads\/2025\/04\/Carrer-Ter-16-36x25.png 36w, https:\/\/www.siau.cat\/wp-content\/uploads\/2025\/04\/Carrer-Ter-16-48x34.png 48w, https:\/\/www.siau.cat\/wp-content\/uploads\/2025\/04\/Carrer-Ter-16-350x245.png 350w, https:\/\/www.siau.cat\/wp-content\/uploads\/2025\/04\/Carrer-Ter-16.png 1356w\" sizes=\"auto, (max-width: 767px) 89vw, (max-width: 1000px) 54vw, (max-width: 1071px) 543px, 580px\" \/><\/figure>\n\n\n\n<p>Des dels sindicats CSIF, Alternativa i SIAU hem sabut que al desembre del 2023 es va comen\u00e7ar a treballar amb el II Pla de Coeducaci\u00f3 de les Illes Balears per\u00f2 sense la pres\u00e8ncia de tots els sindicats de l\u2019ensenyament p\u00fablic.<\/p>\n\n\n\n<p>El pla de coeducaci\u00f3 \u00e9s un document on es fa refer\u00e8ncia a la comunitat educativa per\u00f2 queda incompleta ja que nom\u00e9s es permet la participaci\u00f3 dels sindicats presents al Consell escolar de les Illes Balears (CEIB). El II Pla de Coeducaci\u00f3 de les Illes Balears exposa que s\u2019ha caracteritzat per ser un proc\u00e9s obert, reflexiu i participatiu en el qual han col\u00b7laborat diferents agents de la comunitat educativa i que ha comptat amb el suport t\u00e8cnic de persones expertes en coeducaci\u00f3 i igualtat per\u00f2 aix\u00f2 no \u00e9s cert.<\/p>\n\n\n\n<p>El Sindicat SIAU forma part del CEIB per\u00f2 encara no ha estat convocat. Quant als sindicats CSIF i Alternativa, no formen part del CEIB per\u00f2 han demanat en diverses ocasions la revisi\u00f3 de la normativa per tal de poder fer-se els canvis oportuns per permetre la seva participaci\u00f3. Quasi dos anys despr\u00e9s, encara no s\u2019ha fet cap canvi.<\/p>\n\n\n\n<p>Demanam que es convoqui a SIAU a les properes reunions, com a membre que ja forma part del CEIB, i tamb\u00e9 demanam que es facin els canvis a la normativa vigent perqu\u00e8 tamb\u00e9 en puguin formar part CSIF i Alternativa, facilitant una vertadera participaci\u00f3 de tota la comunitat educativa.<\/p>\n","protected":false},"excerpt":{"rendered":"<p>Des dels sindicats CSIF, Alternativa i SIAU hem sabut que al desembre del 2023 es va comen\u00e7ar a treballar amb el II Pla de Coeducaci\u00f3 de les Illes Balears per\u00f2 sense la pres\u00e8ncia de tots els sindicats de l\u2019ensenyament p\u00fablic. El pla de coeducaci\u00f3 \u00e9s un document on es fa refer\u00e8ncia a la comunitat educativa &hellip; <\/p>\n<p class=\"link-more\"><a href=\"https:\/\/www.siau.cat\/index.php\/2025\/04\/03\/el-nou-pla-de-coeducacio-no-comptara-amb-tots-els-sindicats-amb-representacio-dins-lensenyament-public\/\" class=\"more-link\">Continua llegint <span class=\"screen-reader-text\">\u00abEl nou pla de coeducaci\u00f3 no comptar\u00e0 amb tots els sindicats amb representaci\u00f3 dins l\u2019ensenyament p\u00fablic\u00bb<\/span><\/a><\/p>\n","protected":false},"author":1,"featured_media":0,"comment_status":"closed","ping_status":"open","sticky":false,"template":"","format":"standard","meta":{"_jetpack_memberships_contains_paid_content":false,"footnotes":""},"categories":[1],"tags":[],"class_list":["post-1778","post","type-post","status-publish","format-standard","hentry","category-uncategorized"],"yoast_head":"<!-- This site is optimized with the Yoast SEO plugin v25.4 - https:\/\/yoast.com\/wordpress\/plugins\/seo\/ -->\n<title>El nou pla de coeducaci\u00f3 no comptar\u00e0 amb tots els sindicats amb representaci\u00f3 dins l\u2019ensenyament p\u00fablic &#8212; SIAU - SINDICAT INDEPENDENT, AUT\u00d2NOM I UNITARI<\/title>\n<meta name=\"robots\" content=\"index, follow, max-snippet:-1, max-image-preview:large, max-video-preview:-1\" \/>\n<link rel=\"canonical\" href=\"https:\/\/www.siau.cat\/index.php\/2025\/04\/03\/el-nou-pla-de-coeducacio-no-comptara-amb-tots-els-sindicats-amb-representacio-dins-lensenyament-public\/\" \/>\n<meta property=\"og:locale\" content=\"ca_ES\" \/>\n<meta property=\"og:type\" content=\"article\" \/>\n<meta property=\"og:title\" content=\"El nou pla de coeducaci\u00f3 no comptar\u00e0 amb tots els sindicats amb representaci\u00f3 dins l\u2019ensenyament p\u00fablic &#8212; SIAU - SINDICAT INDEPENDENT, AUT\u00d2NOM I UNITARI\" \/>\n<meta property=\"og:description\" content=\"Des dels sindicats CSIF, Alternativa i SIAU hem sabut que al desembre del 2023 es va comen\u00e7ar a treballar amb el II Pla de Coeducaci\u00f3 de les Illes Balears per\u00f2 sense la pres\u00e8ncia de tots els sindicats de l\u2019ensenyament p\u00fablic. El pla de coeducaci\u00f3 \u00e9s un document on es fa refer\u00e8ncia a la comunitat educativa &hellip; Continua llegint \u00abEl nou pla de coeducaci\u00f3 no comptar\u00e0 amb tots els sindicats amb representaci\u00f3 dins l\u2019ensenyament p\u00fablic\u00bb\" \/>\n<meta property=\"og:url\" content=\"https:\/\/www.siau.cat\/index.php\/2025\/04\/03\/el-nou-pla-de-coeducacio-no-comptara-amb-tots-els-sindicats-amb-representacio-dins-lensenyament-public\/\" \/>\n<meta property=\"og:site_name\" content=\"SIAU - SINDICAT INDEPENDENT, AUT\u00d2NOM I UNITARI\" \/>\n<meta property=\"article:published_time\" content=\"2025-04-03T18:57:09+00:00\" \/>\n<meta property=\"article:modified_time\" content=\"2025-04-03T18:57:17+00:00\" \/>\n<meta property=\"og:image\" content=\"https:\/\/www.siau.cat\/wp-content\/uploads\/2025\/04\/Carrer-Ter-16-1024x716.png\" \/>\n\t<meta property=\"og:image:width\" content=\"1024\" \/>\n\t<meta property=\"og:image:height\" content=\"716\" \/>\n\t<meta property=\"og:image:type\" content=\"image\/png\" \/>\n<meta name=\"author\" content=\"admin\" \/>\n<meta name=\"twitter:card\" content=\"summary_large_image\" \/>\n<meta name=\"twitter:label1\" content=\"Escrit per\" \/>\n\t<meta name=\"twitter:data1\" content=\"admin\" \/>\n\t<meta name=\"twitter:label2\" content=\"Temps estimat de lectura\" \/>\n\t<meta name=\"twitter:data2\" content=\"2 minuts\" \/>\n<script type=\"application\/ld+json\" class=\"yoast-schema-graph\">{\"@context\":\"https:\/\/schema.org\",\"@graph\":[{\"@type\":\"Article\",\"@id\":\"https:\/\/www.siau.cat\/index.php\/2025\/04\/03\/el-nou-pla-de-coeducacio-no-comptara-amb-tots-els-sindicats-amb-representacio-dins-lensenyament-public\/#article\",\"isPartOf\":{\"@id\":\"https:\/\/www.siau.cat\/index.php\/2025\/04\/03\/el-nou-pla-de-coeducacio-no-comptara-amb-tots-els-sindicats-amb-representacio-dins-lensenyament-public\/\"},\"author\":{\"name\":\"admin\",\"@id\":\"https:\/\/www.siau.cat\/#\/schema\/person\/810c15694a7e538934bb4be53ebcba0d\"},\"headline\":\"El nou pla de coeducaci\u00f3 no comptar\u00e0 amb tots els sindicats amb representaci\u00f3 dins l\u2019ensenyament p\u00fablic\",\"datePublished\":\"2025-04-03T18:57:09+00:00\",\"dateModified\":\"2025-04-03T18:57:17+00:00\",\"mainEntityOfPage\":{\"@id\":\"https:\/\/www.siau.cat\/index.php\/2025\/04\/03\/el-nou-pla-de-coeducacio-no-comptara-amb-tots-els-sindicats-amb-representacio-dins-lensenyament-public\/\"},\"wordCount\":264,\"publisher\":{\"@id\":\"https:\/\/www.siau.cat\/#organization\"},\"image\":{\"@id\":\"https:\/\/www.siau.cat\/index.php\/2025\/04\/03\/el-nou-pla-de-coeducacio-no-comptara-amb-tots-els-sindicats-amb-representacio-dins-lensenyament-public\/#primaryimage\"},\"thumbnailUrl\":\"https:\/\/www.siau.cat\/wp-content\/uploads\/2025\/04\/Carrer-Ter-16-1024x716.png\",\"articleSection\":[\"Uncategorized\"],\"inLanguage\":\"ca\"},{\"@type\":\"WebPage\",\"@id\":\"https:\/\/www.siau.cat\/index.php\/2025\/04\/03\/el-nou-pla-de-coeducacio-no-comptara-amb-tots-els-sindicats-amb-representacio-dins-lensenyament-public\/\",\"url\":\"https:\/\/www.siau.cat\/index.php\/2025\/04\/03\/el-nou-pla-de-coeducacio-no-comptara-amb-tots-els-sindicats-amb-representacio-dins-lensenyament-public\/\",\"name\":\"El nou pla de coeducaci\u00f3 no comptar\u00e0 amb tots els sindicats amb representaci\u00f3 dins l\u2019ensenyament p\u00fablic &#8212; SIAU - SINDICAT INDEPENDENT, AUT\u00d2NOM I UNITARI\",\"isPartOf\":{\"@id\":\"https:\/\/www.siau.cat\/#website\"},\"primaryImageOfPage\":{\"@id\":\"https:\/\/www.siau.cat\/index.php\/2025\/04\/03\/el-nou-pla-de-coeducacio-no-comptara-amb-tots-els-sindicats-amb-representacio-dins-lensenyament-public\/#primaryimage\"},\"image\":{\"@id\":\"https:\/\/www.siau.cat\/index.php\/2025\/04\/03\/el-nou-pla-de-coeducacio-no-comptara-amb-tots-els-sindicats-amb-representacio-dins-lensenyament-public\/#primaryimage\"},\"thumbnailUrl\":\"https:\/\/www.siau.cat\/wp-content\/uploads\/2025\/04\/Carrer-Ter-16-1024x716.png\",\"datePublished\":\"2025-04-03T18:57:09+00:00\",\"dateModified\":\"2025-04-03T18:57:17+00:00\",\"breadcrumb\":{\"@id\":\"https:\/\/www.siau.cat\/index.php\/2025\/04\/03\/el-nou-pla-de-coeducacio-no-comptara-amb-tots-els-sindicats-amb-representacio-dins-lensenyament-public\/#breadcrumb\"},\"inLanguage\":\"ca\",\"potentialAction\":[{\"@type\":\"ReadAction\",\"target\":[\"https:\/\/www.siau.cat\/index.php\/2025\/04\/03\/el-nou-pla-de-coeducacio-no-comptara-amb-tots-els-sindicats-amb-representacio-dins-lensenyament-public\/\"]}]},{\"@type\":\"ImageObject\",\"inLanguage\":\"ca\",\"@id\":\"https:\/\/www.siau.cat\/index.php\/2025\/04\/03\/el-nou-pla-de-coeducacio-no-comptara-amb-tots-els-sindicats-amb-representacio-dins-lensenyament-public\/#primaryimage\",\"url\":\"https:\/\/www.siau.cat\/wp-content\/uploads\/2025\/04\/Carrer-Ter-16.png\",\"contentUrl\":\"https:\/\/www.siau.cat\/wp-content\/uploads\/2025\/04\/Carrer-Ter-16.png\",\"width\":1356,\"height\":948},{\"@type\":\"BreadcrumbList\",\"@id\":\"https:\/\/www.siau.cat\/index.php\/2025\/04\/03\/el-nou-pla-de-coeducacio-no-comptara-amb-tots-els-sindicats-amb-representacio-dins-lensenyament-public\/#breadcrumb\",\"itemListElement\":[{\"@type\":\"ListItem\",\"position\":1,\"name\":\"Inici\",\"item\":\"https:\/\/www.siau.cat\/\"},{\"@type\":\"ListItem\",\"position\":2,\"name\":\"El nou pla de coeducaci\u00f3 no comptar\u00e0 amb tots els sindicats amb representaci\u00f3 dins l\u2019ensenyament p\u00fablic\"}]},{\"@type\":\"WebSite\",\"@id\":\"https:\/\/www.siau.cat\/#website\",\"url\":\"https:\/\/www.siau.cat\/\",\"name\":\"SIAU - SINDICAT INDEPENDENT, AUT\u00d2NOM I UNITARI\",\"description\":\"Ara s&iacute; que tenim la veu\",\"publisher\":{\"@id\":\"https:\/\/www.siau.cat\/#organization\"},\"potentialAction\":[{\"@type\":\"SearchAction\",\"target\":{\"@type\":\"EntryPoint\",\"urlTemplate\":\"https:\/\/www.siau.cat\/?s={search_term_string}\"},\"query-input\":{\"@type\":\"PropertyValueSpecification\",\"valueRequired\":true,\"valueName\":\"search_term_string\"}}],\"inLanguage\":\"ca\"},{\"@type\":\"Organization\",\"@id\":\"https:\/\/www.siau.cat\/#organization\",\"name\":\"SIAU\",\"url\":\"https:\/\/www.siau.cat\/\",\"logo\":{\"@type\":\"ImageObject\",\"inLanguage\":\"ca\",\"@id\":\"https:\/\/www.siau.cat\/#\/schema\/logo\/image\/\",\"url\":\"https:\/\/www.siau.cat\/wp-content\/uploads\/2022\/03\/cropped-resized_LOGO-SIAU-5-e1652020847972.jpg\",\"contentUrl\":\"https:\/\/www.siau.cat\/wp-content\/uploads\/2022\/03\/cropped-resized_LOGO-SIAU-5-e1652020847972.jpg\",\"width\":1600,\"height\":1200,\"caption\":\"SIAU\"},\"image\":{\"@id\":\"https:\/\/www.siau.cat\/#\/schema\/logo\/image\/\"}},{\"@type\":\"Person\",\"@id\":\"https:\/\/www.siau.cat\/#\/schema\/person\/810c15694a7e538934bb4be53ebcba0d\",\"name\":\"admin\",\"image\":{\"@type\":\"ImageObject\",\"inLanguage\":\"ca\",\"@id\":\"https:\/\/www.siau.cat\/#\/schema\/person\/image\/\",\"url\":\"https:\/\/www.siau.cat\/wp-content\/litespeed\/avatar\/d73ebfac3daa0b52552b2ccea63469da.jpg?ver=1777403609\",\"contentUrl\":\"https:\/\/www.siau.cat\/wp-content\/litespeed\/avatar\/d73ebfac3daa0b52552b2ccea63469da.jpg?ver=1777403609\",\"caption\":\"admin\"},\"sameAs\":[\"https:\/\/www.siau.cat\"],\"url\":\"https:\/\/www.siau.cat\/index.php\/author\/admin\/\"}]}<\/script>\n<!-- \/ Yoast SEO plugin. -->","yoast_head_json":{"title":"El nou pla de coeducaci\u00f3 no comptar\u00e0 amb tots els sindicats amb representaci\u00f3 dins l\u2019ensenyament p\u00fablic &#8212; SIAU - SINDICAT INDEPENDENT, AUT\u00d2NOM I UNITARI","robots":{"index":"index","follow":"follow","max-snippet":"max-snippet:-1","max-image-preview":"max-image-preview:large","max-video-preview":"max-video-preview:-1"},"canonical":"https:\/\/www.siau.cat\/index.php\/2025\/04\/03\/el-nou-pla-de-coeducacio-no-comptara-amb-tots-els-sindicats-amb-representacio-dins-lensenyament-public\/","og_locale":"ca_ES","og_type":"article","og_title":"El nou pla de coeducaci\u00f3 no comptar\u00e0 amb tots els sindicats amb representaci\u00f3 dins l\u2019ensenyament p\u00fablic &#8212; SIAU - SINDICAT INDEPENDENT, AUT\u00d2NOM I UNITARI","og_description":"Des dels sindicats CSIF, Alternativa i SIAU hem sabut que al desembre del 2023 es va comen\u00e7ar a treballar amb el II Pla de Coeducaci\u00f3 de les Illes Balears per\u00f2 sense la pres\u00e8ncia de tots els sindicats de l\u2019ensenyament p\u00fablic. El pla de coeducaci\u00f3 \u00e9s un document on es fa refer\u00e8ncia a la comunitat educativa &hellip; Continua llegint \u00abEl nou pla de coeducaci\u00f3 no comptar\u00e0 amb tots els sindicats amb representaci\u00f3 dins l\u2019ensenyament p\u00fablic\u00bb","og_url":"https:\/\/www.siau.cat\/index.php\/2025\/04\/03\/el-nou-pla-de-coeducacio-no-comptara-amb-tots-els-sindicats-amb-representacio-dins-lensenyament-public\/","og_site_name":"SIAU - SINDICAT INDEPENDENT, AUT\u00d2NOM I UNITARI","article_published_time":"2025-04-03T18:57:09+00:00","article_modified_time":"2025-04-03T18:57:17+00:00","og_image":[{"width":1024,"height":716,"url":"https:\/\/www.siau.cat\/wp-content\/uploads\/2025\/04\/Carrer-Ter-16-1024x716.png","type":"image\/png"}],"author":"admin","twitter_card":"summary_large_image","twitter_misc":{"Escrit per":"admin","Temps estimat de lectura":"2 minuts"},"schema":{"@context":"https:\/\/schema.org","@graph":[{"@type":"Article","@id":"https:\/\/www.siau.cat\/index.php\/2025\/04\/03\/el-nou-pla-de-coeducacio-no-comptara-amb-tots-els-sindicats-amb-representacio-dins-lensenyament-public\/#article","isPartOf":{"@id":"https:\/\/www.siau.cat\/index.php\/2025\/04\/03\/el-nou-pla-de-coeducacio-no-comptara-amb-tots-els-sindicats-amb-representacio-dins-lensenyament-public\/"},"author":{"name":"admin","@id":"https:\/\/www.siau.cat\/#\/schema\/person\/810c15694a7e538934bb4be53ebcba0d"},"headline":"El nou pla de coeducaci\u00f3 no comptar\u00e0 amb tots els sindicats amb representaci\u00f3 dins l\u2019ensenyament p\u00fablic","datePublished":"2025-04-03T18:57:09+00:00","dateModified":"2025-04-03T18:57:17+00:00","mainEntityOfPage":{"@id":"https:\/\/www.siau.cat\/index.php\/2025\/04\/03\/el-nou-pla-de-coeducacio-no-comptara-amb-tots-els-sindicats-amb-representacio-dins-lensenyament-public\/"},"wordCount":264,"publisher":{"@id":"https:\/\/www.siau.cat\/#organization"},"image":{"@id":"https:\/\/www.siau.cat\/index.php\/2025\/04\/03\/el-nou-pla-de-coeducacio-no-comptara-amb-tots-els-sindicats-amb-representacio-dins-lensenyament-public\/#primaryimage"},"thumbnailUrl":"https:\/\/www.siau.cat\/wp-content\/uploads\/2025\/04\/Carrer-Ter-16-1024x716.png","articleSection":["Uncategorized"],"inLanguage":"ca"},{"@type":"WebPage","@id":"https:\/\/www.siau.cat\/index.php\/2025\/04\/03\/el-nou-pla-de-coeducacio-no-comptara-amb-tots-els-sindicats-amb-representacio-dins-lensenyament-public\/","url":"https:\/\/www.siau.cat\/index.php\/2025\/04\/03\/el-nou-pla-de-coeducacio-no-comptara-amb-tots-els-sindicats-amb-representacio-dins-lensenyament-public\/","name":"El nou pla de coeducaci\u00f3 no comptar\u00e0 amb tots els sindicats amb representaci\u00f3 dins l\u2019ensenyament p\u00fablic &#8212; SIAU - SINDICAT INDEPENDENT, AUT\u00d2NOM I UNITARI","isPartOf":{"@id":"https:\/\/www.siau.cat\/#website"},"primaryImageOfPage":{"@id":"https:\/\/www.siau.cat\/index.php\/2025\/04\/03\/el-nou-pla-de-coeducacio-no-comptara-amb-tots-els-sindicats-amb-representacio-dins-lensenyament-public\/#primaryimage"},"image":{"@id":"https:\/\/www.siau.cat\/index.php\/2025\/04\/03\/el-nou-pla-de-coeducacio-no-comptara-amb-tots-els-sindicats-amb-representacio-dins-lensenyament-public\/#primaryimage"},"thumbnailUrl":"https:\/\/www.siau.cat\/wp-content\/uploads\/2025\/04\/Carrer-Ter-16-1024x716.png","datePublished":"2025-04-03T18:57:09+00:00","dateModified":"2025-04-03T18:57:17+00:00","breadcrumb":{"@id":"https:\/\/www.siau.cat\/index.php\/2025\/04\/03\/el-nou-pla-de-coeducacio-no-comptara-amb-tots-els-sindicats-amb-representacio-dins-lensenyament-public\/#breadcrumb"},"inLanguage":"ca","potentialAction":[{"@type":"ReadAction","target":["https:\/\/www.siau.cat\/index.php\/2025\/04\/03\/el-nou-pla-de-coeducacio-no-comptara-amb-tots-els-sindicats-amb-representacio-dins-lensenyament-public\/"]}]},{"@type":"ImageObject","inLanguage":"ca","@id":"https:\/\/www.siau.cat\/index.php\/2025\/04\/03\/el-nou-pla-de-coeducacio-no-comptara-amb-tots-els-sindicats-amb-representacio-dins-lensenyament-public\/#primaryimage","url":"https:\/\/www.siau.cat\/wp-content\/uploads\/2025\/04\/Carrer-Ter-16.png","contentUrl":"https:\/\/www.siau.cat\/wp-content\/uploads\/2025\/04\/Carrer-Ter-16.png","width":1356,"height":948},{"@type":"BreadcrumbList","@id":"https:\/\/www.siau.cat\/index.php\/2025\/04\/03\/el-nou-pla-de-coeducacio-no-comptara-amb-tots-els-sindicats-amb-representacio-dins-lensenyament-public\/#breadcrumb","itemListElement":[{"@type":"ListItem","position":1,"name":"Inici","item":"https:\/\/www.siau.cat\/"},{"@type":"ListItem","position":2,"name":"El nou pla de coeducaci\u00f3 no comptar\u00e0 amb tots els sindicats amb representaci\u00f3 dins l\u2019ensenyament p\u00fablic"}]},{"@type":"WebSite","@id":"https:\/\/www.siau.cat\/#website","url":"https:\/\/www.siau.cat\/","name":"SIAU - SINDICAT INDEPENDENT, AUT\u00d2NOM I UNITARI","description":"Ara s&iacute; que tenim la veu","publisher":{"@id":"https:\/\/www.siau.cat\/#organization"},"potentialAction":[{"@type":"SearchAction","target":{"@type":"EntryPoint","urlTemplate":"https:\/\/www.siau.cat\/?s={search_term_string}"},"query-input":{"@type":"PropertyValueSpecification","valueRequired":true,"valueName":"search_term_string"}}],"inLanguage":"ca"},{"@type":"Organization","@id":"https:\/\/www.siau.cat\/#organization","name":"SIAU","url":"https:\/\/www.siau.cat\/","logo":{"@type":"ImageObject","inLanguage":"ca","@id":"https:\/\/www.siau.cat\/#\/schema\/logo\/image\/","url":"https:\/\/www.siau.cat\/wp-content\/uploads\/2022\/03\/cropped-resized_LOGO-SIAU-5-e1652020847972.jpg","contentUrl":"https:\/\/www.siau.cat\/wp-content\/uploads\/2022\/03\/cropped-resized_LOGO-SIAU-5-e1652020847972.jpg","width":1600,"height":1200,"caption":"SIAU"},"image":{"@id":"https:\/\/www.siau.cat\/#\/schema\/logo\/image\/"}},{"@type":"Person","@id":"https:\/\/www.siau.cat\/#\/schema\/person\/810c15694a7e538934bb4be53ebcba0d","name":"admin","image":{"@type":"ImageObject","inLanguage":"ca","@id":"https:\/\/www.siau.cat\/#\/schema\/person\/image\/","url":"https:\/\/www.siau.cat\/wp-content\/litespeed\/avatar\/d73ebfac3daa0b52552b2ccea63469da.jpg?ver=1777403609","contentUrl":"https:\/\/www.siau.cat\/wp-content\/litespeed\/avatar\/d73ebfac3daa0b52552b2ccea63469da.jpg?ver=1777403609","caption":"admin"},"sameAs":["https:\/\/www.siau.cat"],"url":"https:\/\/www.siau.cat\/index.php\/author\/admin\/"}]}},"jetpack_featured_media_url":"","jetpack_sharing_enabled":true,"_links":{"self":[{"href":"https:\/\/www.siau.cat\/index.php\/wp-json\/wp\/v2\/posts\/1778","targetHints":{"allow":["GET"]}}],"collection":[{"href":"https:\/\/www.siau.cat\/index.php\/wp-json\/wp\/v2\/posts"}],"about":[{"href":"https:\/\/www.siau.cat\/index.php\/wp-json\/wp\/v2\/types\/post"}],"author":[{"embeddable":true,"href":"https:\/\/www.siau.cat\/index.php\/wp-json\/wp\/v2\/users\/1"}],"replies":[{"embeddable":true,"href":"https:\/\/www.siau.cat\/index.php\/wp-json\/wp\/v2\/comments?post=1778"}],"version-history":[{"count":1,"href":"https:\/\/www.siau.cat\/index.php\/wp-json\/wp\/v2\/posts\/1778\/revisions"}],"predecessor-version":[{"id":1780,"href":"https:\/\/www.siau.cat\/index.php\/wp-json\/wp\/v2\/posts\/1778\/revisions\/1780"}],"wp:attachment":[{"href":"https:\/\/www.siau.cat\/index.php\/wp-json\/wp\/v2\/media?parent=1778"}],"wp:term":[{"taxonomy":"category","embeddable":true,"href":"https:\/\/www.siau.cat\/index.php\/wp-json\/wp\/v2\/categories?post=1778"},{"taxonomy":"post_tag","embeddable":true,"href":"https:\/\/www.siau.cat\/index.php\/wp-json\/wp\/v2\/tags?post=1778"}],"curies":[{"name":"wp","href":"https:\/\/api.w.org\/{rel}","templated":true}]}}