{"id":1809,"date":"2025-05-05T10:01:17","date_gmt":"2025-05-05T10:01:17","guid":{"rendered":"https:\/\/www.siau.cat\/?p=1809"},"modified":"2025-05-05T10:01:22","modified_gmt":"2025-05-05T10:01:22","slug":"siau-denuncia-que-la-conselleria-deducacio-exclou-illegitimament-docents-qualificats-de-la-borsa-dinterins-per-al-curs-vinent","status":"publish","type":"post","link":"https:\/\/www.siau.cat\/index.php\/2025\/05\/05\/siau-denuncia-que-la-conselleria-deducacio-exclou-illegitimament-docents-qualificats-de-la-borsa-dinterins-per-al-curs-vinent\/","title":{"rendered":"SIAU denuncia que la Conselleria d\u2019Educaci\u00f3 exclou il\u00b7leg\u00edtimament docents qualificats de la borsa d\u2019interins per al curs vinent"},"content":{"rendered":"\n<figure class=\"wp-block-image size-large\"><img loading=\"lazy\" decoding=\"async\" width=\"1024\" height=\"768\" src=\"https:\/\/www.siau.cat\/wp-content\/uploads\/2025\/05\/Conselleria-1024x768.jpg\" alt=\"\" class=\"wp-image-1810\" srcset=\"https:\/\/www.siau.cat\/wp-content\/uploads\/2025\/05\/Conselleria-1024x768.jpg 1024w, https:\/\/www.siau.cat\/wp-content\/uploads\/2025\/05\/Conselleria-300x225.jpg 300w, https:\/\/www.siau.cat\/wp-content\/uploads\/2025\/05\/Conselleria-768x576.jpg 768w, https:\/\/www.siau.cat\/wp-content\/uploads\/2025\/05\/Conselleria-1536x1152.jpg 1536w, https:\/\/www.siau.cat\/wp-content\/uploads\/2025\/05\/Conselleria-2048x1536.jpg 2048w, https:\/\/www.siau.cat\/wp-content\/uploads\/2025\/05\/Conselleria-24x18.jpg 24w, https:\/\/www.siau.cat\/wp-content\/uploads\/2025\/05\/Conselleria-36x27.jpg 36w, https:\/\/www.siau.cat\/wp-content\/uploads\/2025\/05\/Conselleria-48x36.jpg 48w, https:\/\/www.siau.cat\/wp-content\/uploads\/2025\/05\/Conselleria-350x263.jpg 350w\" sizes=\"auto, (max-width: 767px) 89vw, (max-width: 1000px) 54vw, (max-width: 1071px) 543px, 580px\" \/><figcaption class=\"wp-element-caption\">Conselleria d&#8217;Educaci\u00f3 i Universitats<\/figcaption><\/figure>\n\n\n\n<p>El Sindicat Independent, Aut\u00f2nom i Unitari (SIAU) expressa el seu rebuig a la decisi\u00f3 de la Conselleria d\u2019Educaci\u00f3 de restringir l\u2019acc\u00e9s a les places de suport a l\u2019\u00e0rea cient\u00edfica o tecnol\u00f2gica al professorat que, fins ara, desenvolupava aquesta funci\u00f3 mitjan\u00e7ant l\u2019excepci\u00f3 transit\u00f2ria al requisit de titulaci\u00f3 acad\u00e8mica.<\/p>\n\n\n\n<p>Aquest col\u00b7lectiu, format per docents amb una \u00e0mplia traject\u00f2ria i una especialitzaci\u00f3 contrastada en \u00e0mbits com Instal\u00b7laci\u00f3 i manteniment d\u2019equipaments t\u00e8rmics i fluids, Instal\u00b7lacions electrot\u00e8cniques, Oficina de projectes de construcci\u00f3, Operacions de producci\u00f3 agr\u00e0ria, Procediments sanitaris i assistencials, Processos de gesti\u00f3 administrativa, Sistemes i aplicacions inform\u00e0tiques, o Mecanitzat i manteniment de m\u00e0quines, ha demostrat amb escreix la seva capacitat docent i professional. Fins ara, la seva continu\u00eftat a les places que ocupaven estava emparada per la normativa vigent i reconeguda per la mateixa administraci\u00f3.<\/p>\n\n\n\n<p>Contr\u00e0riament al que estableix la convocat\u00f2ria d\u2019interins, que preveu l\u2019acc\u00e9s d\u2019aquest professorat a trav\u00e9s de l\u2019excepci\u00f3 transit\u00f2ria per al curs vinent, la Conselleria ha decidit excloure\u2019ls de les places de suport, vulnerant aix\u00ed els criteris establerts i minvant greument els seus drets laborals. Aquesta mesura representa una aut\u00e8ntica usurpaci\u00f3 de funcions i un menyspreu inadmissible envers professionals que han contribu\u00eft, any rere any, al bon funcionament del sistema educatiu.<\/p>\n\n\n\n<p>Des de SIAU denunciam la incoher\u00e8ncia d\u2019una administraci\u00f3 que, mentre alerta de la manca de docents a la borsa d\u2019interins, expulsa personal qualificat, minvant l\u2019estabilitat d\u2019un col\u00b7lectiu essencial. A m\u00e9s, molts dels docents afectats ocupen actualment vacants de fins a tres anys de durada, per la qual cosa aquesta decisi\u00f3 genera un greuge comparatiu i una greu inseguretat jur\u00eddica.<\/p>\n\n\n\n<p>Exigim a la Conselleria d\u2019Educaci\u00f3 que rectifiqui de manera immediata i permeti que aquests professionals puguin continuar exercint la seva tasca docent com fins ara, en compliment dels criteris d\u2019excepcionalitat establerts. No fer-ho suposaria una flagrant vulneraci\u00f3 dels drets adquirits i una decisi\u00f3 injustificable tant des del punt de vista legal com pedag\u00f2gic.<\/p>\n\n\n\n<p>SIAU es compromet a assessorar i donar suport jur\u00eddic a tots els docents afectats perqu\u00e8 puguin presentar les reclamacions pertinents dins el termini establert (fins al 6 de maig), i fa una crida a la responsabilitat institucional per evitar l\u2019erosi\u00f3 del sistema educatiu p\u00fablic per les constants decisions arbitr\u00e0ries dels que estan al capdavant d\u2019Educaci\u00f3.<\/p>\n","protected":false},"excerpt":{"rendered":"<p>El Sindicat Independent, Aut\u00f2nom i Unitari (SIAU) expressa el seu rebuig a la decisi\u00f3 de la Conselleria d\u2019Educaci\u00f3 de restringir l\u2019acc\u00e9s a les places de suport a l\u2019\u00e0rea cient\u00edfica o tecnol\u00f2gica al professorat que, fins ara, desenvolupava aquesta funci\u00f3 mitjan\u00e7ant l\u2019excepci\u00f3 transit\u00f2ria al requisit de titulaci\u00f3 acad\u00e8mica. Aquest col\u00b7lectiu, format per docents amb una \u00e0mplia &hellip; <\/p>\n<p class=\"link-more\"><a href=\"https:\/\/www.siau.cat\/index.php\/2025\/05\/05\/siau-denuncia-que-la-conselleria-deducacio-exclou-illegitimament-docents-qualificats-de-la-borsa-dinterins-per-al-curs-vinent\/\" class=\"more-link\">Continua llegint <span class=\"screen-reader-text\">\u00abSIAU denuncia que la Conselleria d\u2019Educaci\u00f3 exclou il\u00b7leg\u00edtimament docents qualificats de la borsa d\u2019interins per al curs vinent\u00bb<\/span><\/a><\/p>\n","protected":false},"author":1,"featured_media":0,"comment_status":"closed","ping_status":"open","sticky":false,"template":"","format":"standard","meta":{"_jetpack_memberships_contains_paid_content":false,"footnotes":""},"categories":[1],"tags":[],"class_list":["post-1809","post","type-post","status-publish","format-standard","hentry","category-uncategorized"],"yoast_head":"<!-- This site is optimized with the Yoast SEO plugin v25.4 - https:\/\/yoast.com\/wordpress\/plugins\/seo\/ -->\n<title>SIAU denuncia que la Conselleria d\u2019Educaci\u00f3 exclou il\u00b7leg\u00edtimament docents qualificats de la borsa d\u2019interins per al curs vinent &#8212; SIAU - SINDICAT INDEPENDENT, AUT\u00d2NOM I UNITARI<\/title>\n<meta name=\"robots\" content=\"index, follow, max-snippet:-1, max-image-preview:large, max-video-preview:-1\" \/>\n<link rel=\"canonical\" href=\"https:\/\/www.siau.cat\/index.php\/2025\/05\/05\/siau-denuncia-que-la-conselleria-deducacio-exclou-illegitimament-docents-qualificats-de-la-borsa-dinterins-per-al-curs-vinent\/\" \/>\n<meta property=\"og:locale\" content=\"ca_ES\" \/>\n<meta property=\"og:type\" content=\"article\" \/>\n<meta property=\"og:title\" content=\"SIAU denuncia que la Conselleria d\u2019Educaci\u00f3 exclou il\u00b7leg\u00edtimament docents qualificats de la borsa d\u2019interins per al curs vinent &#8212; SIAU - SINDICAT INDEPENDENT, AUT\u00d2NOM I UNITARI\" \/>\n<meta property=\"og:description\" content=\"El Sindicat Independent, Aut\u00f2nom i Unitari (SIAU) expressa el seu rebuig a la decisi\u00f3 de la Conselleria d\u2019Educaci\u00f3 de restringir l\u2019acc\u00e9s a les places de suport a l\u2019\u00e0rea cient\u00edfica o tecnol\u00f2gica al professorat que, fins ara, desenvolupava aquesta funci\u00f3 mitjan\u00e7ant l\u2019excepci\u00f3 transit\u00f2ria al requisit de titulaci\u00f3 acad\u00e8mica. Aquest col\u00b7lectiu, format per docents amb una \u00e0mplia &hellip; Continua llegint \u00abSIAU denuncia que la Conselleria d\u2019Educaci\u00f3 exclou il\u00b7leg\u00edtimament docents qualificats de la borsa d\u2019interins per al curs vinent\u00bb\" \/>\n<meta property=\"og:url\" content=\"https:\/\/www.siau.cat\/index.php\/2025\/05\/05\/siau-denuncia-que-la-conselleria-deducacio-exclou-illegitimament-docents-qualificats-de-la-borsa-dinterins-per-al-curs-vinent\/\" \/>\n<meta property=\"og:site_name\" content=\"SIAU - SINDICAT INDEPENDENT, AUT\u00d2NOM I UNITARI\" \/>\n<meta property=\"article:published_time\" content=\"2025-05-05T10:01:17+00:00\" \/>\n<meta property=\"article:modified_time\" content=\"2025-05-05T10:01:22+00:00\" \/>\n<meta property=\"og:image\" content=\"https:\/\/www.siau.cat\/wp-content\/uploads\/2025\/05\/Conselleria-scaled.jpg\" \/>\n\t<meta property=\"og:image:width\" content=\"2560\" \/>\n\t<meta property=\"og:image:height\" content=\"1920\" \/>\n\t<meta property=\"og:image:type\" content=\"image\/jpeg\" \/>\n<meta name=\"author\" content=\"admin\" \/>\n<meta name=\"twitter:card\" content=\"summary_large_image\" \/>\n<meta name=\"twitter:label1\" content=\"Escrit per\" \/>\n\t<meta name=\"twitter:data1\" content=\"admin\" \/>\n\t<meta name=\"twitter:label2\" content=\"Temps estimat de lectura\" \/>\n\t<meta name=\"twitter:data2\" content=\"3 minuts\" \/>\n<script type=\"application\/ld+json\" class=\"yoast-schema-graph\">{\"@context\":\"https:\/\/schema.org\",\"@graph\":[{\"@type\":\"Article\",\"@id\":\"https:\/\/www.siau.cat\/index.php\/2025\/05\/05\/siau-denuncia-que-la-conselleria-deducacio-exclou-illegitimament-docents-qualificats-de-la-borsa-dinterins-per-al-curs-vinent\/#article\",\"isPartOf\":{\"@id\":\"https:\/\/www.siau.cat\/index.php\/2025\/05\/05\/siau-denuncia-que-la-conselleria-deducacio-exclou-illegitimament-docents-qualificats-de-la-borsa-dinterins-per-al-curs-vinent\/\"},\"author\":{\"name\":\"admin\",\"@id\":\"https:\/\/www.siau.cat\/#\/schema\/person\/810c15694a7e538934bb4be53ebcba0d\"},\"headline\":\"SIAU denuncia que la Conselleria d\u2019Educaci\u00f3 exclou il\u00b7leg\u00edtimament docents qualificats de la borsa d\u2019interins per al curs vinent\",\"datePublished\":\"2025-05-05T10:01:17+00:00\",\"dateModified\":\"2025-05-05T10:01:22+00:00\",\"mainEntityOfPage\":{\"@id\":\"https:\/\/www.siau.cat\/index.php\/2025\/05\/05\/siau-denuncia-que-la-conselleria-deducacio-exclou-illegitimament-docents-qualificats-de-la-borsa-dinterins-per-al-curs-vinent\/\"},\"wordCount\":443,\"publisher\":{\"@id\":\"https:\/\/www.siau.cat\/#organization\"},\"image\":{\"@id\":\"https:\/\/www.siau.cat\/index.php\/2025\/05\/05\/siau-denuncia-que-la-conselleria-deducacio-exclou-illegitimament-docents-qualificats-de-la-borsa-dinterins-per-al-curs-vinent\/#primaryimage\"},\"thumbnailUrl\":\"https:\/\/www.siau.cat\/wp-content\/uploads\/2025\/05\/Conselleria-1024x768.jpg\",\"articleSection\":[\"Uncategorized\"],\"inLanguage\":\"ca\"},{\"@type\":\"WebPage\",\"@id\":\"https:\/\/www.siau.cat\/index.php\/2025\/05\/05\/siau-denuncia-que-la-conselleria-deducacio-exclou-illegitimament-docents-qualificats-de-la-borsa-dinterins-per-al-curs-vinent\/\",\"url\":\"https:\/\/www.siau.cat\/index.php\/2025\/05\/05\/siau-denuncia-que-la-conselleria-deducacio-exclou-illegitimament-docents-qualificats-de-la-borsa-dinterins-per-al-curs-vinent\/\",\"name\":\"SIAU denuncia que la Conselleria d\u2019Educaci\u00f3 exclou il\u00b7leg\u00edtimament docents qualificats de la borsa d\u2019interins per al curs vinent &#8212; SIAU - SINDICAT INDEPENDENT, AUT\u00d2NOM I UNITARI\",\"isPartOf\":{\"@id\":\"https:\/\/www.siau.cat\/#website\"},\"primaryImageOfPage\":{\"@id\":\"https:\/\/www.siau.cat\/index.php\/2025\/05\/05\/siau-denuncia-que-la-conselleria-deducacio-exclou-illegitimament-docents-qualificats-de-la-borsa-dinterins-per-al-curs-vinent\/#primaryimage\"},\"image\":{\"@id\":\"https:\/\/www.siau.cat\/index.php\/2025\/05\/05\/siau-denuncia-que-la-conselleria-deducacio-exclou-illegitimament-docents-qualificats-de-la-borsa-dinterins-per-al-curs-vinent\/#primaryimage\"},\"thumbnailUrl\":\"https:\/\/www.siau.cat\/wp-content\/uploads\/2025\/05\/Conselleria-1024x768.jpg\",\"datePublished\":\"2025-05-05T10:01:17+00:00\",\"dateModified\":\"2025-05-05T10:01:22+00:00\",\"breadcrumb\":{\"@id\":\"https:\/\/www.siau.cat\/index.php\/2025\/05\/05\/siau-denuncia-que-la-conselleria-deducacio-exclou-illegitimament-docents-qualificats-de-la-borsa-dinterins-per-al-curs-vinent\/#breadcrumb\"},\"inLanguage\":\"ca\",\"potentialAction\":[{\"@type\":\"ReadAction\",\"target\":[\"https:\/\/www.siau.cat\/index.php\/2025\/05\/05\/siau-denuncia-que-la-conselleria-deducacio-exclou-illegitimament-docents-qualificats-de-la-borsa-dinterins-per-al-curs-vinent\/\"]}]},{\"@type\":\"ImageObject\",\"inLanguage\":\"ca\",\"@id\":\"https:\/\/www.siau.cat\/index.php\/2025\/05\/05\/siau-denuncia-que-la-conselleria-deducacio-exclou-illegitimament-docents-qualificats-de-la-borsa-dinterins-per-al-curs-vinent\/#primaryimage\",\"url\":\"https:\/\/www.siau.cat\/wp-content\/uploads\/2025\/05\/Conselleria-scaled.jpg\",\"contentUrl\":\"https:\/\/www.siau.cat\/wp-content\/uploads\/2025\/05\/Conselleria-scaled.jpg\",\"width\":2560,\"height\":1920},{\"@type\":\"BreadcrumbList\",\"@id\":\"https:\/\/www.siau.cat\/index.php\/2025\/05\/05\/siau-denuncia-que-la-conselleria-deducacio-exclou-illegitimament-docents-qualificats-de-la-borsa-dinterins-per-al-curs-vinent\/#breadcrumb\",\"itemListElement\":[{\"@type\":\"ListItem\",\"position\":1,\"name\":\"Inici\",\"item\":\"https:\/\/www.siau.cat\/\"},{\"@type\":\"ListItem\",\"position\":2,\"name\":\"SIAU denuncia que la Conselleria d\u2019Educaci\u00f3 exclou il\u00b7leg\u00edtimament docents qualificats de la borsa d\u2019interins per al curs vinent\"}]},{\"@type\":\"WebSite\",\"@id\":\"https:\/\/www.siau.cat\/#website\",\"url\":\"https:\/\/www.siau.cat\/\",\"name\":\"SIAU - SINDICAT INDEPENDENT, AUT\u00d2NOM I UNITARI\",\"description\":\"Ara s&iacute; que tenim la veu\",\"publisher\":{\"@id\":\"https:\/\/www.siau.cat\/#organization\"},\"potentialAction\":[{\"@type\":\"SearchAction\",\"target\":{\"@type\":\"EntryPoint\",\"urlTemplate\":\"https:\/\/www.siau.cat\/?s={search_term_string}\"},\"query-input\":{\"@type\":\"PropertyValueSpecification\",\"valueRequired\":true,\"valueName\":\"search_term_string\"}}],\"inLanguage\":\"ca\"},{\"@type\":\"Organization\",\"@id\":\"https:\/\/www.siau.cat\/#organization\",\"name\":\"SIAU\",\"url\":\"https:\/\/www.siau.cat\/\",\"logo\":{\"@type\":\"ImageObject\",\"inLanguage\":\"ca\",\"@id\":\"https:\/\/www.siau.cat\/#\/schema\/logo\/image\/\",\"url\":\"https:\/\/www.siau.cat\/wp-content\/uploads\/2022\/03\/cropped-resized_LOGO-SIAU-5-e1652020847972.jpg\",\"contentUrl\":\"https:\/\/www.siau.cat\/wp-content\/uploads\/2022\/03\/cropped-resized_LOGO-SIAU-5-e1652020847972.jpg\",\"width\":1600,\"height\":1200,\"caption\":\"SIAU\"},\"image\":{\"@id\":\"https:\/\/www.siau.cat\/#\/schema\/logo\/image\/\"}},{\"@type\":\"Person\",\"@id\":\"https:\/\/www.siau.cat\/#\/schema\/person\/810c15694a7e538934bb4be53ebcba0d\",\"name\":\"admin\",\"image\":{\"@type\":\"ImageObject\",\"inLanguage\":\"ca\",\"@id\":\"https:\/\/www.siau.cat\/#\/schema\/person\/image\/\",\"url\":\"https:\/\/www.siau.cat\/wp-content\/litespeed\/avatar\/d73ebfac3daa0b52552b2ccea63469da.jpg?ver=1777403609\",\"contentUrl\":\"https:\/\/www.siau.cat\/wp-content\/litespeed\/avatar\/d73ebfac3daa0b52552b2ccea63469da.jpg?ver=1777403609\",\"caption\":\"admin\"},\"sameAs\":[\"https:\/\/www.siau.cat\"],\"url\":\"https:\/\/www.siau.cat\/index.php\/author\/admin\/\"}]}<\/script>\n<!-- \/ Yoast SEO plugin. -->","yoast_head_json":{"title":"SIAU denuncia que la Conselleria d\u2019Educaci\u00f3 exclou il\u00b7leg\u00edtimament docents qualificats de la borsa d\u2019interins per al curs vinent &#8212; SIAU - SINDICAT INDEPENDENT, AUT\u00d2NOM I UNITARI","robots":{"index":"index","follow":"follow","max-snippet":"max-snippet:-1","max-image-preview":"max-image-preview:large","max-video-preview":"max-video-preview:-1"},"canonical":"https:\/\/www.siau.cat\/index.php\/2025\/05\/05\/siau-denuncia-que-la-conselleria-deducacio-exclou-illegitimament-docents-qualificats-de-la-borsa-dinterins-per-al-curs-vinent\/","og_locale":"ca_ES","og_type":"article","og_title":"SIAU denuncia que la Conselleria d\u2019Educaci\u00f3 exclou il\u00b7leg\u00edtimament docents qualificats de la borsa d\u2019interins per al curs vinent &#8212; SIAU - SINDICAT INDEPENDENT, AUT\u00d2NOM I UNITARI","og_description":"El Sindicat Independent, Aut\u00f2nom i Unitari (SIAU) expressa el seu rebuig a la decisi\u00f3 de la Conselleria d\u2019Educaci\u00f3 de restringir l\u2019acc\u00e9s a les places de suport a l\u2019\u00e0rea cient\u00edfica o tecnol\u00f2gica al professorat que, fins ara, desenvolupava aquesta funci\u00f3 mitjan\u00e7ant l\u2019excepci\u00f3 transit\u00f2ria al requisit de titulaci\u00f3 acad\u00e8mica. Aquest col\u00b7lectiu, format per docents amb una \u00e0mplia &hellip; Continua llegint \u00abSIAU denuncia que la Conselleria d\u2019Educaci\u00f3 exclou il\u00b7leg\u00edtimament docents qualificats de la borsa d\u2019interins per al curs vinent\u00bb","og_url":"https:\/\/www.siau.cat\/index.php\/2025\/05\/05\/siau-denuncia-que-la-conselleria-deducacio-exclou-illegitimament-docents-qualificats-de-la-borsa-dinterins-per-al-curs-vinent\/","og_site_name":"SIAU - SINDICAT INDEPENDENT, AUT\u00d2NOM I UNITARI","article_published_time":"2025-05-05T10:01:17+00:00","article_modified_time":"2025-05-05T10:01:22+00:00","og_image":[{"width":2560,"height":1920,"url":"https:\/\/www.siau.cat\/wp-content\/uploads\/2025\/05\/Conselleria-scaled.jpg","type":"image\/jpeg"}],"author":"admin","twitter_card":"summary_large_image","twitter_misc":{"Escrit per":"admin","Temps estimat de lectura":"3 minuts"},"schema":{"@context":"https:\/\/schema.org","@graph":[{"@type":"Article","@id":"https:\/\/www.siau.cat\/index.php\/2025\/05\/05\/siau-denuncia-que-la-conselleria-deducacio-exclou-illegitimament-docents-qualificats-de-la-borsa-dinterins-per-al-curs-vinent\/#article","isPartOf":{"@id":"https:\/\/www.siau.cat\/index.php\/2025\/05\/05\/siau-denuncia-que-la-conselleria-deducacio-exclou-illegitimament-docents-qualificats-de-la-borsa-dinterins-per-al-curs-vinent\/"},"author":{"name":"admin","@id":"https:\/\/www.siau.cat\/#\/schema\/person\/810c15694a7e538934bb4be53ebcba0d"},"headline":"SIAU denuncia que la Conselleria d\u2019Educaci\u00f3 exclou il\u00b7leg\u00edtimament docents qualificats de la borsa d\u2019interins per al curs vinent","datePublished":"2025-05-05T10:01:17+00:00","dateModified":"2025-05-05T10:01:22+00:00","mainEntityOfPage":{"@id":"https:\/\/www.siau.cat\/index.php\/2025\/05\/05\/siau-denuncia-que-la-conselleria-deducacio-exclou-illegitimament-docents-qualificats-de-la-borsa-dinterins-per-al-curs-vinent\/"},"wordCount":443,"publisher":{"@id":"https:\/\/www.siau.cat\/#organization"},"image":{"@id":"https:\/\/www.siau.cat\/index.php\/2025\/05\/05\/siau-denuncia-que-la-conselleria-deducacio-exclou-illegitimament-docents-qualificats-de-la-borsa-dinterins-per-al-curs-vinent\/#primaryimage"},"thumbnailUrl":"https:\/\/www.siau.cat\/wp-content\/uploads\/2025\/05\/Conselleria-1024x768.jpg","articleSection":["Uncategorized"],"inLanguage":"ca"},{"@type":"WebPage","@id":"https:\/\/www.siau.cat\/index.php\/2025\/05\/05\/siau-denuncia-que-la-conselleria-deducacio-exclou-illegitimament-docents-qualificats-de-la-borsa-dinterins-per-al-curs-vinent\/","url":"https:\/\/www.siau.cat\/index.php\/2025\/05\/05\/siau-denuncia-que-la-conselleria-deducacio-exclou-illegitimament-docents-qualificats-de-la-borsa-dinterins-per-al-curs-vinent\/","name":"SIAU denuncia que la Conselleria d\u2019Educaci\u00f3 exclou il\u00b7leg\u00edtimament docents qualificats de la borsa d\u2019interins per al curs vinent &#8212; SIAU - SINDICAT INDEPENDENT, AUT\u00d2NOM I UNITARI","isPartOf":{"@id":"https:\/\/www.siau.cat\/#website"},"primaryImageOfPage":{"@id":"https:\/\/www.siau.cat\/index.php\/2025\/05\/05\/siau-denuncia-que-la-conselleria-deducacio-exclou-illegitimament-docents-qualificats-de-la-borsa-dinterins-per-al-curs-vinent\/#primaryimage"},"image":{"@id":"https:\/\/www.siau.cat\/index.php\/2025\/05\/05\/siau-denuncia-que-la-conselleria-deducacio-exclou-illegitimament-docents-qualificats-de-la-borsa-dinterins-per-al-curs-vinent\/#primaryimage"},"thumbnailUrl":"https:\/\/www.siau.cat\/wp-content\/uploads\/2025\/05\/Conselleria-1024x768.jpg","datePublished":"2025-05-05T10:01:17+00:00","dateModified":"2025-05-05T10:01:22+00:00","breadcrumb":{"@id":"https:\/\/www.siau.cat\/index.php\/2025\/05\/05\/siau-denuncia-que-la-conselleria-deducacio-exclou-illegitimament-docents-qualificats-de-la-borsa-dinterins-per-al-curs-vinent\/#breadcrumb"},"inLanguage":"ca","potentialAction":[{"@type":"ReadAction","target":["https:\/\/www.siau.cat\/index.php\/2025\/05\/05\/siau-denuncia-que-la-conselleria-deducacio-exclou-illegitimament-docents-qualificats-de-la-borsa-dinterins-per-al-curs-vinent\/"]}]},{"@type":"ImageObject","inLanguage":"ca","@id":"https:\/\/www.siau.cat\/index.php\/2025\/05\/05\/siau-denuncia-que-la-conselleria-deducacio-exclou-illegitimament-docents-qualificats-de-la-borsa-dinterins-per-al-curs-vinent\/#primaryimage","url":"https:\/\/www.siau.cat\/wp-content\/uploads\/2025\/05\/Conselleria-scaled.jpg","contentUrl":"https:\/\/www.siau.cat\/wp-content\/uploads\/2025\/05\/Conselleria-scaled.jpg","width":2560,"height":1920},{"@type":"BreadcrumbList","@id":"https:\/\/www.siau.cat\/index.php\/2025\/05\/05\/siau-denuncia-que-la-conselleria-deducacio-exclou-illegitimament-docents-qualificats-de-la-borsa-dinterins-per-al-curs-vinent\/#breadcrumb","itemListElement":[{"@type":"ListItem","position":1,"name":"Inici","item":"https:\/\/www.siau.cat\/"},{"@type":"ListItem","position":2,"name":"SIAU denuncia que la Conselleria d\u2019Educaci\u00f3 exclou il\u00b7leg\u00edtimament docents qualificats de la borsa d\u2019interins per al curs vinent"}]},{"@type":"WebSite","@id":"https:\/\/www.siau.cat\/#website","url":"https:\/\/www.siau.cat\/","name":"SIAU - SINDICAT INDEPENDENT, AUT\u00d2NOM I UNITARI","description":"Ara s&iacute; que tenim la veu","publisher":{"@id":"https:\/\/www.siau.cat\/#organization"},"potentialAction":[{"@type":"SearchAction","target":{"@type":"EntryPoint","urlTemplate":"https:\/\/www.siau.cat\/?s={search_term_string}"},"query-input":{"@type":"PropertyValueSpecification","valueRequired":true,"valueName":"search_term_string"}}],"inLanguage":"ca"},{"@type":"Organization","@id":"https:\/\/www.siau.cat\/#organization","name":"SIAU","url":"https:\/\/www.siau.cat\/","logo":{"@type":"ImageObject","inLanguage":"ca","@id":"https:\/\/www.siau.cat\/#\/schema\/logo\/image\/","url":"https:\/\/www.siau.cat\/wp-content\/uploads\/2022\/03\/cropped-resized_LOGO-SIAU-5-e1652020847972.jpg","contentUrl":"https:\/\/www.siau.cat\/wp-content\/uploads\/2022\/03\/cropped-resized_LOGO-SIAU-5-e1652020847972.jpg","width":1600,"height":1200,"caption":"SIAU"},"image":{"@id":"https:\/\/www.siau.cat\/#\/schema\/logo\/image\/"}},{"@type":"Person","@id":"https:\/\/www.siau.cat\/#\/schema\/person\/810c15694a7e538934bb4be53ebcba0d","name":"admin","image":{"@type":"ImageObject","inLanguage":"ca","@id":"https:\/\/www.siau.cat\/#\/schema\/person\/image\/","url":"https:\/\/www.siau.cat\/wp-content\/litespeed\/avatar\/d73ebfac3daa0b52552b2ccea63469da.jpg?ver=1777403609","contentUrl":"https:\/\/www.siau.cat\/wp-content\/litespeed\/avatar\/d73ebfac3daa0b52552b2ccea63469da.jpg?ver=1777403609","caption":"admin"},"sameAs":["https:\/\/www.siau.cat"],"url":"https:\/\/www.siau.cat\/index.php\/author\/admin\/"}]}},"jetpack_featured_media_url":"","jetpack_sharing_enabled":true,"_links":{"self":[{"href":"https:\/\/www.siau.cat\/index.php\/wp-json\/wp\/v2\/posts\/1809","targetHints":{"allow":["GET"]}}],"collection":[{"href":"https:\/\/www.siau.cat\/index.php\/wp-json\/wp\/v2\/posts"}],"about":[{"href":"https:\/\/www.siau.cat\/index.php\/wp-json\/wp\/v2\/types\/post"}],"author":[{"embeddable":true,"href":"https:\/\/www.siau.cat\/index.php\/wp-json\/wp\/v2\/users\/1"}],"replies":[{"embeddable":true,"href":"https:\/\/www.siau.cat\/index.php\/wp-json\/wp\/v2\/comments?post=1809"}],"version-history":[{"count":1,"href":"https:\/\/www.siau.cat\/index.php\/wp-json\/wp\/v2\/posts\/1809\/revisions"}],"predecessor-version":[{"id":1811,"href":"https:\/\/www.siau.cat\/index.php\/wp-json\/wp\/v2\/posts\/1809\/revisions\/1811"}],"wp:attachment":[{"href":"https:\/\/www.siau.cat\/index.php\/wp-json\/wp\/v2\/media?parent=1809"}],"wp:term":[{"taxonomy":"category","embeddable":true,"href":"https:\/\/www.siau.cat\/index.php\/wp-json\/wp\/v2\/categories?post=1809"},{"taxonomy":"post_tag","embeddable":true,"href":"https:\/\/www.siau.cat\/index.php\/wp-json\/wp\/v2\/tags?post=1809"}],"curies":[{"name":"wp","href":"https:\/\/api.w.org\/{rel}","templated":true}]}}