{"id":1815,"date":"2025-05-06T19:20:08","date_gmt":"2025-05-06T19:20:08","guid":{"rendered":"https:\/\/www.siau.cat\/?p=1815"},"modified":"2025-05-06T19:20:15","modified_gmt":"2025-05-06T19:20:15","slug":"intervencio-de-siau-als-informatius-de-radio-nacional-6-5-2025","status":"publish","type":"post","link":"https:\/\/www.siau.cat\/index.php\/2025\/05\/06\/intervencio-de-siau-als-informatius-de-radio-nacional-6-5-2025\/","title":{"rendered":"Intervenci\u00f3 de SIAU als Informatius de R\u00e0dio Nacional (6\/5\/2025)"},"content":{"rendered":"\n<figure class=\"wp-block-embed is-type-video is-provider-youtube wp-block-embed-youtube wp-embed-aspect-16-9 wp-has-aspect-ratio\"><div class=\"wp-block-embed__wrapper\">\n<iframe loading=\"lazy\" title=\"Intervencio\u0301 de SIAU als Informatius de R\u00e0dio Nacional (6\/5\/2025)\" width=\"525\" height=\"295\" src=\"https:\/\/www.youtube.com\/embed\/GMoIRu2KASs?feature=oembed\" frameborder=\"0\" allow=\"accelerometer; autoplay; clipboard-write; encrypted-media; gyroscope; picture-in-picture; web-share\" referrerpolicy=\"strict-origin-when-cross-origin\" allowfullscreen><\/iframe>\n<\/div><figcaption class=\"wp-element-caption\">Intervenci\u00f3 de SIAU als Informatius de R\u00e0dio Nacional (6\/5\/2025)<\/figcaption><\/figure>\n\n\n\n<p><strong>La Conselleria d\u2019Educaci\u00f3 est\u00e0 expulsant docents<\/strong> que duen molts d\u2019anys sostenint el sistema educatiu i tot aix\u00f2 passa al mateix temps que manquen docents. <strong>Mentre falten docents, l\u2019administraci\u00f3 en fa fora: una incoher\u00e8ncia total! <\/strong><\/p>\n\n\n\n<p>Des de SIAU consideram que aix\u00ed com est\u00e0 la borsa de docents interins, en fallida, no hi sobra ning\u00fa. Tot el contrari, hi falta molta gent. El que est\u00e0 passant \u00e9s un atac directe a l\u2019experi\u00e8ncia dels afectats perqu\u00e8 recordem que s\u00f3n persones que fins ara podien <strong>exercir la funci\u00f3 de suport a l\u2019\u00e0rea cient\u00edfica o tecnol\u00f2gica. <\/strong>I aix\u00f2 que passa no nom\u00e9s \u00e9s un atac directe a l\u2019experi\u00e8ncia sin\u00f3 tamb\u00e9 al sentit com\u00fa. <\/p>\n\n\n\n<p>Darrere d\u2019aquesta decisi\u00f3 <strong>hi ha una clara vulneraci\u00f3 de drets<\/strong>. La Conselleria hauria de comen\u00e7ar a cuidar els seus treballadors en comptes de perpetuar aquest maltractament al que els t\u00e9 sotmesos. Advertim que <strong>SIAU ajudar\u00e0 a tots els afectats a presentar el corresponent recurs<\/strong>!<\/p>\n\n\n\n<p><\/p>\n","protected":false},"excerpt":{"rendered":"<p>La Conselleria d\u2019Educaci\u00f3 est\u00e0 expulsant docents que duen molts d\u2019anys sostenint el sistema educatiu i tot aix\u00f2 passa al mateix temps que manquen docents. Mentre falten docents, l\u2019administraci\u00f3 en fa fora: una incoher\u00e8ncia total! Des de SIAU consideram que aix\u00ed com est\u00e0 la borsa de docents interins, en fallida, no hi sobra ning\u00fa. Tot el &hellip; <\/p>\n<p class=\"link-more\"><a href=\"https:\/\/www.siau.cat\/index.php\/2025\/05\/06\/intervencio-de-siau-als-informatius-de-radio-nacional-6-5-2025\/\" class=\"more-link\">Continua llegint <span class=\"screen-reader-text\">\u00abIntervenci\u00f3 de SIAU als Informatius de R\u00e0dio Nacional (6\/5\/2025)\u00bb<\/span><\/a><\/p>\n","protected":false},"author":1,"featured_media":0,"comment_status":"closed","ping_status":"open","sticky":false,"template":"","format":"standard","meta":{"_jetpack_memberships_contains_paid_content":false,"footnotes":""},"categories":[1],"tags":[],"class_list":["post-1815","post","type-post","status-publish","format-standard","hentry","category-uncategorized"],"yoast_head":"<!-- This site is optimized with the Yoast SEO plugin v25.4 - https:\/\/yoast.com\/wordpress\/plugins\/seo\/ -->\n<title>Intervenci\u00f3 de SIAU als Informatius de R\u00e0dio Nacional (6\/5\/2025) &#8212; SIAU - SINDICAT INDEPENDENT, AUT\u00d2NOM I UNITARI<\/title>\n<meta name=\"robots\" content=\"index, follow, max-snippet:-1, max-image-preview:large, max-video-preview:-1\" \/>\n<link rel=\"canonical\" href=\"https:\/\/www.siau.cat\/index.php\/2025\/05\/06\/intervencio-de-siau-als-informatius-de-radio-nacional-6-5-2025\/\" \/>\n<meta property=\"og:locale\" content=\"ca_ES\" \/>\n<meta property=\"og:type\" content=\"article\" \/>\n<meta property=\"og:title\" content=\"Intervenci\u00f3 de SIAU als Informatius de R\u00e0dio Nacional (6\/5\/2025) &#8212; SIAU - SINDICAT INDEPENDENT, AUT\u00d2NOM I UNITARI\" \/>\n<meta property=\"og:description\" content=\"La Conselleria d\u2019Educaci\u00f3 est\u00e0 expulsant docents que duen molts d\u2019anys sostenint el sistema educatiu i tot aix\u00f2 passa al mateix temps que manquen docents. Mentre falten docents, l\u2019administraci\u00f3 en fa fora: una incoher\u00e8ncia total! Des de SIAU consideram que aix\u00ed com est\u00e0 la borsa de docents interins, en fallida, no hi sobra ning\u00fa. Tot el &hellip; Continua llegint \u00abIntervenci\u00f3 de SIAU als Informatius de R\u00e0dio Nacional (6\/5\/2025)\u00bb\" \/>\n<meta property=\"og:url\" content=\"https:\/\/www.siau.cat\/index.php\/2025\/05\/06\/intervencio-de-siau-als-informatius-de-radio-nacional-6-5-2025\/\" \/>\n<meta property=\"og:site_name\" content=\"SIAU - SINDICAT INDEPENDENT, AUT\u00d2NOM I UNITARI\" \/>\n<meta property=\"article:published_time\" content=\"2025-05-06T19:20:08+00:00\" \/>\n<meta property=\"article:modified_time\" content=\"2025-05-06T19:20:15+00:00\" \/>\n<meta name=\"author\" content=\"admin\" \/>\n<meta name=\"twitter:card\" content=\"summary_large_image\" \/>\n<meta name=\"twitter:label1\" content=\"Escrit per\" \/>\n\t<meta name=\"twitter:data1\" content=\"admin\" \/>\n\t<meta name=\"twitter:label2\" content=\"Temps estimat de lectura\" \/>\n\t<meta name=\"twitter:data2\" content=\"1 minut\" \/>\n<script type=\"application\/ld+json\" class=\"yoast-schema-graph\">{\"@context\":\"https:\/\/schema.org\",\"@graph\":[{\"@type\":\"Article\",\"@id\":\"https:\/\/www.siau.cat\/index.php\/2025\/05\/06\/intervencio-de-siau-als-informatius-de-radio-nacional-6-5-2025\/#article\",\"isPartOf\":{\"@id\":\"https:\/\/www.siau.cat\/index.php\/2025\/05\/06\/intervencio-de-siau-als-informatius-de-radio-nacional-6-5-2025\/\"},\"author\":{\"name\":\"admin\",\"@id\":\"https:\/\/www.siau.cat\/#\/schema\/person\/810c15694a7e538934bb4be53ebcba0d\"},\"headline\":\"Intervenci\u00f3 de SIAU als Informatius de R\u00e0dio Nacional (6\/5\/2025)\",\"datePublished\":\"2025-05-06T19:20:08+00:00\",\"dateModified\":\"2025-05-06T19:20:15+00:00\",\"mainEntityOfPage\":{\"@id\":\"https:\/\/www.siau.cat\/index.php\/2025\/05\/06\/intervencio-de-siau-als-informatius-de-radio-nacional-6-5-2025\/\"},\"wordCount\":193,\"publisher\":{\"@id\":\"https:\/\/www.siau.cat\/#organization\"},\"articleSection\":[\"Uncategorized\"],\"inLanguage\":\"ca\"},{\"@type\":\"WebPage\",\"@id\":\"https:\/\/www.siau.cat\/index.php\/2025\/05\/06\/intervencio-de-siau-als-informatius-de-radio-nacional-6-5-2025\/\",\"url\":\"https:\/\/www.siau.cat\/index.php\/2025\/05\/06\/intervencio-de-siau-als-informatius-de-radio-nacional-6-5-2025\/\",\"name\":\"Intervenci\u00f3 de SIAU als Informatius de R\u00e0dio Nacional (6\/5\/2025) &#8212; SIAU - SINDICAT INDEPENDENT, AUT\u00d2NOM I UNITARI\",\"isPartOf\":{\"@id\":\"https:\/\/www.siau.cat\/#website\"},\"datePublished\":\"2025-05-06T19:20:08+00:00\",\"dateModified\":\"2025-05-06T19:20:15+00:00\",\"breadcrumb\":{\"@id\":\"https:\/\/www.siau.cat\/index.php\/2025\/05\/06\/intervencio-de-siau-als-informatius-de-radio-nacional-6-5-2025\/#breadcrumb\"},\"inLanguage\":\"ca\",\"potentialAction\":[{\"@type\":\"ReadAction\",\"target\":[\"https:\/\/www.siau.cat\/index.php\/2025\/05\/06\/intervencio-de-siau-als-informatius-de-radio-nacional-6-5-2025\/\"]}]},{\"@type\":\"BreadcrumbList\",\"@id\":\"https:\/\/www.siau.cat\/index.php\/2025\/05\/06\/intervencio-de-siau-als-informatius-de-radio-nacional-6-5-2025\/#breadcrumb\",\"itemListElement\":[{\"@type\":\"ListItem\",\"position\":1,\"name\":\"Inici\",\"item\":\"https:\/\/www.siau.cat\/\"},{\"@type\":\"ListItem\",\"position\":2,\"name\":\"Intervenci\u00f3 de SIAU als Informatius de R\u00e0dio Nacional (6\/5\/2025)\"}]},{\"@type\":\"WebSite\",\"@id\":\"https:\/\/www.siau.cat\/#website\",\"url\":\"https:\/\/www.siau.cat\/\",\"name\":\"SIAU - SINDICAT INDEPENDENT, AUT\u00d2NOM I UNITARI\",\"description\":\"Ara s&iacute; que tenim la veu\",\"publisher\":{\"@id\":\"https:\/\/www.siau.cat\/#organization\"},\"potentialAction\":[{\"@type\":\"SearchAction\",\"target\":{\"@type\":\"EntryPoint\",\"urlTemplate\":\"https:\/\/www.siau.cat\/?s={search_term_string}\"},\"query-input\":{\"@type\":\"PropertyValueSpecification\",\"valueRequired\":true,\"valueName\":\"search_term_string\"}}],\"inLanguage\":\"ca\"},{\"@type\":\"Organization\",\"@id\":\"https:\/\/www.siau.cat\/#organization\",\"name\":\"SIAU\",\"url\":\"https:\/\/www.siau.cat\/\",\"logo\":{\"@type\":\"ImageObject\",\"inLanguage\":\"ca\",\"@id\":\"https:\/\/www.siau.cat\/#\/schema\/logo\/image\/\",\"url\":\"https:\/\/www.siau.cat\/wp-content\/uploads\/2022\/03\/cropped-resized_LOGO-SIAU-5-e1652020847972.jpg\",\"contentUrl\":\"https:\/\/www.siau.cat\/wp-content\/uploads\/2022\/03\/cropped-resized_LOGO-SIAU-5-e1652020847972.jpg\",\"width\":1600,\"height\":1200,\"caption\":\"SIAU\"},\"image\":{\"@id\":\"https:\/\/www.siau.cat\/#\/schema\/logo\/image\/\"}},{\"@type\":\"Person\",\"@id\":\"https:\/\/www.siau.cat\/#\/schema\/person\/810c15694a7e538934bb4be53ebcba0d\",\"name\":\"admin\",\"image\":{\"@type\":\"ImageObject\",\"inLanguage\":\"ca\",\"@id\":\"https:\/\/www.siau.cat\/#\/schema\/person\/image\/\",\"url\":\"https:\/\/www.siau.cat\/wp-content\/litespeed\/avatar\/d73ebfac3daa0b52552b2ccea63469da.jpg?ver=1777403609\",\"contentUrl\":\"https:\/\/www.siau.cat\/wp-content\/litespeed\/avatar\/d73ebfac3daa0b52552b2ccea63469da.jpg?ver=1777403609\",\"caption\":\"admin\"},\"sameAs\":[\"https:\/\/www.siau.cat\"],\"url\":\"https:\/\/www.siau.cat\/index.php\/author\/admin\/\"}]}<\/script>\n<!-- \/ Yoast SEO plugin. -->","yoast_head_json":{"title":"Intervenci\u00f3 de SIAU als Informatius de R\u00e0dio Nacional (6\/5\/2025) &#8212; SIAU - SINDICAT INDEPENDENT, AUT\u00d2NOM I UNITARI","robots":{"index":"index","follow":"follow","max-snippet":"max-snippet:-1","max-image-preview":"max-image-preview:large","max-video-preview":"max-video-preview:-1"},"canonical":"https:\/\/www.siau.cat\/index.php\/2025\/05\/06\/intervencio-de-siau-als-informatius-de-radio-nacional-6-5-2025\/","og_locale":"ca_ES","og_type":"article","og_title":"Intervenci\u00f3 de SIAU als Informatius de R\u00e0dio Nacional (6\/5\/2025) &#8212; SIAU - SINDICAT INDEPENDENT, AUT\u00d2NOM I UNITARI","og_description":"La Conselleria d\u2019Educaci\u00f3 est\u00e0 expulsant docents que duen molts d\u2019anys sostenint el sistema educatiu i tot aix\u00f2 passa al mateix temps que manquen docents. Mentre falten docents, l\u2019administraci\u00f3 en fa fora: una incoher\u00e8ncia total! Des de SIAU consideram que aix\u00ed com est\u00e0 la borsa de docents interins, en fallida, no hi sobra ning\u00fa. Tot el &hellip; Continua llegint \u00abIntervenci\u00f3 de SIAU als Informatius de R\u00e0dio Nacional (6\/5\/2025)\u00bb","og_url":"https:\/\/www.siau.cat\/index.php\/2025\/05\/06\/intervencio-de-siau-als-informatius-de-radio-nacional-6-5-2025\/","og_site_name":"SIAU - SINDICAT INDEPENDENT, AUT\u00d2NOM I UNITARI","article_published_time":"2025-05-06T19:20:08+00:00","article_modified_time":"2025-05-06T19:20:15+00:00","author":"admin","twitter_card":"summary_large_image","twitter_misc":{"Escrit per":"admin","Temps estimat de lectura":"1 minut"},"schema":{"@context":"https:\/\/schema.org","@graph":[{"@type":"Article","@id":"https:\/\/www.siau.cat\/index.php\/2025\/05\/06\/intervencio-de-siau-als-informatius-de-radio-nacional-6-5-2025\/#article","isPartOf":{"@id":"https:\/\/www.siau.cat\/index.php\/2025\/05\/06\/intervencio-de-siau-als-informatius-de-radio-nacional-6-5-2025\/"},"author":{"name":"admin","@id":"https:\/\/www.siau.cat\/#\/schema\/person\/810c15694a7e538934bb4be53ebcba0d"},"headline":"Intervenci\u00f3 de SIAU als Informatius de R\u00e0dio Nacional (6\/5\/2025)","datePublished":"2025-05-06T19:20:08+00:00","dateModified":"2025-05-06T19:20:15+00:00","mainEntityOfPage":{"@id":"https:\/\/www.siau.cat\/index.php\/2025\/05\/06\/intervencio-de-siau-als-informatius-de-radio-nacional-6-5-2025\/"},"wordCount":193,"publisher":{"@id":"https:\/\/www.siau.cat\/#organization"},"articleSection":["Uncategorized"],"inLanguage":"ca"},{"@type":"WebPage","@id":"https:\/\/www.siau.cat\/index.php\/2025\/05\/06\/intervencio-de-siau-als-informatius-de-radio-nacional-6-5-2025\/","url":"https:\/\/www.siau.cat\/index.php\/2025\/05\/06\/intervencio-de-siau-als-informatius-de-radio-nacional-6-5-2025\/","name":"Intervenci\u00f3 de SIAU als Informatius de R\u00e0dio Nacional (6\/5\/2025) &#8212; SIAU - SINDICAT INDEPENDENT, AUT\u00d2NOM I UNITARI","isPartOf":{"@id":"https:\/\/www.siau.cat\/#website"},"datePublished":"2025-05-06T19:20:08+00:00","dateModified":"2025-05-06T19:20:15+00:00","breadcrumb":{"@id":"https:\/\/www.siau.cat\/index.php\/2025\/05\/06\/intervencio-de-siau-als-informatius-de-radio-nacional-6-5-2025\/#breadcrumb"},"inLanguage":"ca","potentialAction":[{"@type":"ReadAction","target":["https:\/\/www.siau.cat\/index.php\/2025\/05\/06\/intervencio-de-siau-als-informatius-de-radio-nacional-6-5-2025\/"]}]},{"@type":"BreadcrumbList","@id":"https:\/\/www.siau.cat\/index.php\/2025\/05\/06\/intervencio-de-siau-als-informatius-de-radio-nacional-6-5-2025\/#breadcrumb","itemListElement":[{"@type":"ListItem","position":1,"name":"Inici","item":"https:\/\/www.siau.cat\/"},{"@type":"ListItem","position":2,"name":"Intervenci\u00f3 de SIAU als Informatius de R\u00e0dio Nacional (6\/5\/2025)"}]},{"@type":"WebSite","@id":"https:\/\/www.siau.cat\/#website","url":"https:\/\/www.siau.cat\/","name":"SIAU - SINDICAT INDEPENDENT, AUT\u00d2NOM I UNITARI","description":"Ara s&iacute; que tenim la veu","publisher":{"@id":"https:\/\/www.siau.cat\/#organization"},"potentialAction":[{"@type":"SearchAction","target":{"@type":"EntryPoint","urlTemplate":"https:\/\/www.siau.cat\/?s={search_term_string}"},"query-input":{"@type":"PropertyValueSpecification","valueRequired":true,"valueName":"search_term_string"}}],"inLanguage":"ca"},{"@type":"Organization","@id":"https:\/\/www.siau.cat\/#organization","name":"SIAU","url":"https:\/\/www.siau.cat\/","logo":{"@type":"ImageObject","inLanguage":"ca","@id":"https:\/\/www.siau.cat\/#\/schema\/logo\/image\/","url":"https:\/\/www.siau.cat\/wp-content\/uploads\/2022\/03\/cropped-resized_LOGO-SIAU-5-e1652020847972.jpg","contentUrl":"https:\/\/www.siau.cat\/wp-content\/uploads\/2022\/03\/cropped-resized_LOGO-SIAU-5-e1652020847972.jpg","width":1600,"height":1200,"caption":"SIAU"},"image":{"@id":"https:\/\/www.siau.cat\/#\/schema\/logo\/image\/"}},{"@type":"Person","@id":"https:\/\/www.siau.cat\/#\/schema\/person\/810c15694a7e538934bb4be53ebcba0d","name":"admin","image":{"@type":"ImageObject","inLanguage":"ca","@id":"https:\/\/www.siau.cat\/#\/schema\/person\/image\/","url":"https:\/\/www.siau.cat\/wp-content\/litespeed\/avatar\/d73ebfac3daa0b52552b2ccea63469da.jpg?ver=1777403609","contentUrl":"https:\/\/www.siau.cat\/wp-content\/litespeed\/avatar\/d73ebfac3daa0b52552b2ccea63469da.jpg?ver=1777403609","caption":"admin"},"sameAs":["https:\/\/www.siau.cat"],"url":"https:\/\/www.siau.cat\/index.php\/author\/admin\/"}]}},"jetpack_featured_media_url":"","jetpack_sharing_enabled":true,"_links":{"self":[{"href":"https:\/\/www.siau.cat\/index.php\/wp-json\/wp\/v2\/posts\/1815","targetHints":{"allow":["GET"]}}],"collection":[{"href":"https:\/\/www.siau.cat\/index.php\/wp-json\/wp\/v2\/posts"}],"about":[{"href":"https:\/\/www.siau.cat\/index.php\/wp-json\/wp\/v2\/types\/post"}],"author":[{"embeddable":true,"href":"https:\/\/www.siau.cat\/index.php\/wp-json\/wp\/v2\/users\/1"}],"replies":[{"embeddable":true,"href":"https:\/\/www.siau.cat\/index.php\/wp-json\/wp\/v2\/comments?post=1815"}],"version-history":[{"count":1,"href":"https:\/\/www.siau.cat\/index.php\/wp-json\/wp\/v2\/posts\/1815\/revisions"}],"predecessor-version":[{"id":1816,"href":"https:\/\/www.siau.cat\/index.php\/wp-json\/wp\/v2\/posts\/1815\/revisions\/1816"}],"wp:attachment":[{"href":"https:\/\/www.siau.cat\/index.php\/wp-json\/wp\/v2\/media?parent=1815"}],"wp:term":[{"taxonomy":"category","embeddable":true,"href":"https:\/\/www.siau.cat\/index.php\/wp-json\/wp\/v2\/categories?post=1815"},{"taxonomy":"post_tag","embeddable":true,"href":"https:\/\/www.siau.cat\/index.php\/wp-json\/wp\/v2\/tags?post=1815"}],"curies":[{"name":"wp","href":"https:\/\/api.w.org\/{rel}","templated":true}]}}