{"id":1823,"date":"2025-05-20T09:34:07","date_gmt":"2025-05-20T09:34:07","guid":{"rendered":"https:\/\/www.siau.cat\/?p=1823"},"modified":"2025-05-20T10:01:35","modified_gmt":"2025-05-20T10:01:35","slug":"siau-denuncia-la-situacio-dexclusio-de-docents-interins-amb-el-catala-aprovat","status":"publish","type":"post","link":"https:\/\/www.siau.cat\/index.php\/2025\/05\/20\/siau-denuncia-la-situacio-dexclusio-de-docents-interins-amb-el-catala-aprovat\/","title":{"rendered":"SIAU denuncia la situaci\u00f3 d\u2019exclusi\u00f3 de docents interins amb el catal\u00e0 aprovat"},"content":{"rendered":"\n<figure class=\"wp-block-image size-large\"><img loading=\"lazy\" decoding=\"async\" width=\"1024\" height=\"871\" src=\"https:\/\/www.siau.cat\/wp-content\/uploads\/2025\/05\/Actualitzacio-FOLC-1024x871.png\" alt=\"\" class=\"wp-image-1824\" srcset=\"https:\/\/www.siau.cat\/wp-content\/uploads\/2025\/05\/Actualitzacio-FOLC-1024x871.png 1024w, https:\/\/www.siau.cat\/wp-content\/uploads\/2025\/05\/Actualitzacio-FOLC-300x255.png 300w, https:\/\/www.siau.cat\/wp-content\/uploads\/2025\/05\/Actualitzacio-FOLC-768x654.png 768w, https:\/\/www.siau.cat\/wp-content\/uploads\/2025\/05\/Actualitzacio-FOLC-24x20.png 24w, https:\/\/www.siau.cat\/wp-content\/uploads\/2025\/05\/Actualitzacio-FOLC-36x31.png 36w, https:\/\/www.siau.cat\/wp-content\/uploads\/2025\/05\/Actualitzacio-FOLC-48x41.png 48w, https:\/\/www.siau.cat\/wp-content\/uploads\/2025\/05\/Actualitzacio-FOLC-350x298.png 350w, https:\/\/www.siau.cat\/wp-content\/uploads\/2025\/05\/Actualitzacio-FOLC.png 1194w\" sizes=\"auto, (max-width: 767px) 89vw, (max-width: 1000px) 54vw, (max-width: 1071px) 543px, 580px\" \/><\/figure>\n\n\n\n<p>El Sindicat Independent, Aut\u00f2nom i Unitari (SIAU) denuncia p\u00fablicament la situaci\u00f3 injusta que afecta a molts de docents interins de les Illes Balears, que, tot i haver superat satisfact\u00f2riament el Pla de Formaci\u00f3 Ling\u00fc\u00edstica i Cultural (FOLC) aquest curs, continuen sent exclosos de la borsa d&#8217;interins per no complir oficialment amb el requisit ling\u00fc\u00edstic del coneixement de la llengua catalana.<\/p>\n\n\n\n<p>Aquesta situaci\u00f3 \u00e9s absolutament incomprensible davant la greu manca de professorat que pateixen les Illes Balears. Els responsables de l&#8217;Administraci\u00f3 p\u00fablica haurien d&#8217;agilitzar la regularitzaci\u00f3 dels docents que compleixen amb els requisits ling\u00fc\u00edstics per tal de permetre&#8217;ls participar amb tots els requisits reconeguts a l&#8217;adjudicaci\u00f3 de places d&#8217;interins, prevista per a aquest estiu.<\/p>\n\n\n\n<p>Tot i que els docents afectats han aprovat el FOLC i han superat els ex\u00e0mens corresponents, no veuran actualitzats els seus requisits ling\u00fc\u00edstics de manera oficial fins despr\u00e9s de la publicaci\u00f3 de les llistes definitives d&#8217;adjudicaci\u00f3 de places per a interins. Aquesta situaci\u00f3 provoca un greuge comparatiu i una vulneraci\u00f3 dels drets laborals dels afectats, que, malgrat haver invertit temps i esfor\u00e7os per complir amb la formaci\u00f3 exigida, es veuen privats de poder formar part de la borsa d&#8217;interins com a admesos abans del mes de setembre.<\/p>\n\n\n\n<p>Aquesta demora \u00e9s especialment greu, ja que molts docents interins es troben en una situaci\u00f3 d&#8217;incertesa laboral i se\u2019ls priva de poder accedir a bona part de les places disponibles, tot i complir amb els requisits establerts per la mateixa Administraci\u00f3. La falta d\u2019agilitat en l&#8217;emissi\u00f3 dels certificats de capacitaci\u00f3 no hauria de ser un obstacle perqu\u00e8 els docents que han superat el FOLC siguin admesos a la borsa d&#8217;interins abans de l&#8217;adjudicaci\u00f3 de l\u2019estiu.<\/p>\n\n\n\n<p>Des del SIAU, consideram que aquesta situaci\u00f3 \u00e9s absolutament inacceptable. En un context de manca de professorat a les Illes Balears, exigim que la Conselleria d&#8217;Educaci\u00f3 i Universitats rectifiqui immediatament i modifiqui les bases de la convocat\u00f2ria d&#8217;interins, de manera que el FOLC sigui reconegut i validat de forma autom\u00e0tica ara.<\/p>\n\n\n\n<p>A m\u00e9s, exigim que els docents afectats puguin participar en el proc\u00e9s d&#8217;adjudicaci\u00f3 de places d&#8217;interins d\u2019aquest estiu amb els mateixos drets que la resta de participants admesos, tenint en compte que ja disposen dels requisits ling\u00fc\u00edstics necessaris. Finalment, reclamam que s&#8217;agilitzi l\u2019emissi\u00f3 dels certificats oficials acreditatius del FOLC, ja que no es pot acceptar aquesta lentitud i desorganitzaci\u00f3 per part de les institucions responsables.<\/p>\n\n\n\n<p>\u00c9s fonamental que els docents interins no siguin perjudicats per processos administratius o burocr\u00e0tics que no reflecteixen la seva formaci\u00f3 real ni les seves capacitats. Exigim que la Conselleria garanteixi que els docents que han superat el FOLC figurin com admesos a la llista d&#8217;interins del curs 2025-2026 que es publicar\u00e0 pr\u00f2ximament, independentment de l&#8217;emissi\u00f3 del certificat, i que la seva regularitzaci\u00f3 administrativa es faci amb la m\u00e0xima urg\u00e8ncia.<\/p>\n\n\n\n<p>Finalment, aquest perjudici que hem exposat tamb\u00e9 \u00e9s extrapolable als docents que disposaran dels requisits de formaci\u00f3 pedag\u00f2gica abans de la publicaci\u00f3 de la llista definitiva d\u2019adjudicaci\u00f3 de places de l\u2019estiu i, fins i tot, als docents a qui no se\u2019ls permetr\u00e0 participar en les pr\u00f2ximes oposicions docents. Per tot aix\u00f2, des de SIAU volem recordar a la Conselleria d&#8217;Educaci\u00f3 que t\u00e9 l&#8217;obligaci\u00f3 de complir amb els seus compromisos administratius i laborals, no nom\u00e9s envers els docents, sin\u00f3 tamb\u00e9 envers tota la societat, que dep\u00e8n d&#8217;una educaci\u00f3 de qualitat. \u00c9s hora que les institucions actu\u00efn amb m\u00e9s efic\u00e0cia i responsabilitat i que predicant amb l&#8217;exemple, no continu\u00efn ofegant el col\u00b7lectiu docent de les Illes Balears.<\/p>\n","protected":false},"excerpt":{"rendered":"<p>El Sindicat Independent, Aut\u00f2nom i Unitari (SIAU) denuncia p\u00fablicament la situaci\u00f3 injusta que afecta a molts de docents interins de les Illes Balears, que, tot i haver superat satisfact\u00f2riament el Pla de Formaci\u00f3 Ling\u00fc\u00edstica i Cultural (FOLC) aquest curs, continuen sent exclosos de la borsa d&#8217;interins per no complir oficialment amb el requisit ling\u00fc\u00edstic del &hellip; <\/p>\n<p class=\"link-more\"><a href=\"https:\/\/www.siau.cat\/index.php\/2025\/05\/20\/siau-denuncia-la-situacio-dexclusio-de-docents-interins-amb-el-catala-aprovat\/\" class=\"more-link\">Continua llegint <span class=\"screen-reader-text\">\u00abSIAU denuncia la situaci\u00f3 d\u2019exclusi\u00f3 de docents interins amb el catal\u00e0 aprovat\u00bb<\/span><\/a><\/p>\n","protected":false},"author":1,"featured_media":0,"comment_status":"closed","ping_status":"open","sticky":false,"template":"","format":"standard","meta":{"_jetpack_memberships_contains_paid_content":false,"footnotes":""},"categories":[1],"tags":[],"class_list":["post-1823","post","type-post","status-publish","format-standard","hentry","category-uncategorized"],"yoast_head":"<!-- This site is optimized with the Yoast SEO plugin v25.4 - https:\/\/yoast.com\/wordpress\/plugins\/seo\/ -->\n<title>SIAU denuncia la situaci\u00f3 d\u2019exclusi\u00f3 de docents interins amb el catal\u00e0 aprovat &#8212; SIAU - SINDICAT INDEPENDENT, AUT\u00d2NOM I UNITARI<\/title>\n<meta name=\"robots\" content=\"index, follow, max-snippet:-1, max-image-preview:large, max-video-preview:-1\" \/>\n<link rel=\"canonical\" href=\"https:\/\/www.siau.cat\/index.php\/2025\/05\/20\/siau-denuncia-la-situacio-dexclusio-de-docents-interins-amb-el-catala-aprovat\/\" \/>\n<meta property=\"og:locale\" content=\"ca_ES\" \/>\n<meta property=\"og:type\" content=\"article\" \/>\n<meta property=\"og:title\" content=\"SIAU denuncia la situaci\u00f3 d\u2019exclusi\u00f3 de docents interins amb el catal\u00e0 aprovat &#8212; SIAU - SINDICAT INDEPENDENT, AUT\u00d2NOM I UNITARI\" \/>\n<meta property=\"og:description\" content=\"El Sindicat Independent, Aut\u00f2nom i Unitari (SIAU) denuncia p\u00fablicament la situaci\u00f3 injusta que afecta a molts de docents interins de les Illes Balears, que, tot i haver superat satisfact\u00f2riament el Pla de Formaci\u00f3 Ling\u00fc\u00edstica i Cultural (FOLC) aquest curs, continuen sent exclosos de la borsa d&#8217;interins per no complir oficialment amb el requisit ling\u00fc\u00edstic del &hellip; Continua llegint \u00abSIAU denuncia la situaci\u00f3 d\u2019exclusi\u00f3 de docents interins amb el catal\u00e0 aprovat\u00bb\" \/>\n<meta property=\"og:url\" content=\"https:\/\/www.siau.cat\/index.php\/2025\/05\/20\/siau-denuncia-la-situacio-dexclusio-de-docents-interins-amb-el-catala-aprovat\/\" \/>\n<meta property=\"og:site_name\" content=\"SIAU - SINDICAT INDEPENDENT, AUT\u00d2NOM I UNITARI\" \/>\n<meta property=\"article:published_time\" content=\"2025-05-20T09:34:07+00:00\" \/>\n<meta property=\"article:modified_time\" content=\"2025-05-20T10:01:35+00:00\" \/>\n<meta property=\"og:image\" content=\"https:\/\/www.siau.cat\/wp-content\/uploads\/2025\/05\/Actualitzacio-FOLC-1024x871.png\" \/>\n\t<meta property=\"og:image:width\" content=\"1024\" \/>\n\t<meta property=\"og:image:height\" content=\"871\" \/>\n\t<meta property=\"og:image:type\" content=\"image\/png\" \/>\n<meta name=\"author\" content=\"admin\" \/>\n<meta name=\"twitter:card\" content=\"summary_large_image\" \/>\n<meta name=\"twitter:label1\" content=\"Escrit per\" \/>\n\t<meta name=\"twitter:data1\" content=\"admin\" \/>\n\t<meta name=\"twitter:label2\" content=\"Temps estimat de lectura\" \/>\n\t<meta name=\"twitter:data2\" content=\"4 minuts\" \/>\n<script type=\"application\/ld+json\" class=\"yoast-schema-graph\">{\"@context\":\"https:\/\/schema.org\",\"@graph\":[{\"@type\":\"Article\",\"@id\":\"https:\/\/www.siau.cat\/index.php\/2025\/05\/20\/siau-denuncia-la-situacio-dexclusio-de-docents-interins-amb-el-catala-aprovat\/#article\",\"isPartOf\":{\"@id\":\"https:\/\/www.siau.cat\/index.php\/2025\/05\/20\/siau-denuncia-la-situacio-dexclusio-de-docents-interins-amb-el-catala-aprovat\/\"},\"author\":{\"name\":\"admin\",\"@id\":\"https:\/\/www.siau.cat\/#\/schema\/person\/810c15694a7e538934bb4be53ebcba0d\"},\"headline\":\"SIAU denuncia la situaci\u00f3 d\u2019exclusi\u00f3 de docents interins amb el catal\u00e0 aprovat\",\"datePublished\":\"2025-05-20T09:34:07+00:00\",\"dateModified\":\"2025-05-20T10:01:35+00:00\",\"mainEntityOfPage\":{\"@id\":\"https:\/\/www.siau.cat\/index.php\/2025\/05\/20\/siau-denuncia-la-situacio-dexclusio-de-docents-interins-amb-el-catala-aprovat\/\"},\"wordCount\":648,\"publisher\":{\"@id\":\"https:\/\/www.siau.cat\/#organization\"},\"image\":{\"@id\":\"https:\/\/www.siau.cat\/index.php\/2025\/05\/20\/siau-denuncia-la-situacio-dexclusio-de-docents-interins-amb-el-catala-aprovat\/#primaryimage\"},\"thumbnailUrl\":\"https:\/\/www.siau.cat\/wp-content\/uploads\/2025\/05\/Actualitzacio-FOLC-1024x871.png\",\"articleSection\":[\"Uncategorized\"],\"inLanguage\":\"ca\"},{\"@type\":\"WebPage\",\"@id\":\"https:\/\/www.siau.cat\/index.php\/2025\/05\/20\/siau-denuncia-la-situacio-dexclusio-de-docents-interins-amb-el-catala-aprovat\/\",\"url\":\"https:\/\/www.siau.cat\/index.php\/2025\/05\/20\/siau-denuncia-la-situacio-dexclusio-de-docents-interins-amb-el-catala-aprovat\/\",\"name\":\"SIAU denuncia la situaci\u00f3 d\u2019exclusi\u00f3 de docents interins amb el catal\u00e0 aprovat &#8212; SIAU - SINDICAT INDEPENDENT, AUT\u00d2NOM I UNITARI\",\"isPartOf\":{\"@id\":\"https:\/\/www.siau.cat\/#website\"},\"primaryImageOfPage\":{\"@id\":\"https:\/\/www.siau.cat\/index.php\/2025\/05\/20\/siau-denuncia-la-situacio-dexclusio-de-docents-interins-amb-el-catala-aprovat\/#primaryimage\"},\"image\":{\"@id\":\"https:\/\/www.siau.cat\/index.php\/2025\/05\/20\/siau-denuncia-la-situacio-dexclusio-de-docents-interins-amb-el-catala-aprovat\/#primaryimage\"},\"thumbnailUrl\":\"https:\/\/www.siau.cat\/wp-content\/uploads\/2025\/05\/Actualitzacio-FOLC-1024x871.png\",\"datePublished\":\"2025-05-20T09:34:07+00:00\",\"dateModified\":\"2025-05-20T10:01:35+00:00\",\"breadcrumb\":{\"@id\":\"https:\/\/www.siau.cat\/index.php\/2025\/05\/20\/siau-denuncia-la-situacio-dexclusio-de-docents-interins-amb-el-catala-aprovat\/#breadcrumb\"},\"inLanguage\":\"ca\",\"potentialAction\":[{\"@type\":\"ReadAction\",\"target\":[\"https:\/\/www.siau.cat\/index.php\/2025\/05\/20\/siau-denuncia-la-situacio-dexclusio-de-docents-interins-amb-el-catala-aprovat\/\"]}]},{\"@type\":\"ImageObject\",\"inLanguage\":\"ca\",\"@id\":\"https:\/\/www.siau.cat\/index.php\/2025\/05\/20\/siau-denuncia-la-situacio-dexclusio-de-docents-interins-amb-el-catala-aprovat\/#primaryimage\",\"url\":\"https:\/\/www.siau.cat\/wp-content\/uploads\/2025\/05\/Actualitzacio-FOLC.png\",\"contentUrl\":\"https:\/\/www.siau.cat\/wp-content\/uploads\/2025\/05\/Actualitzacio-FOLC.png\",\"width\":1194,\"height\":1016},{\"@type\":\"BreadcrumbList\",\"@id\":\"https:\/\/www.siau.cat\/index.php\/2025\/05\/20\/siau-denuncia-la-situacio-dexclusio-de-docents-interins-amb-el-catala-aprovat\/#breadcrumb\",\"itemListElement\":[{\"@type\":\"ListItem\",\"position\":1,\"name\":\"Inici\",\"item\":\"https:\/\/www.siau.cat\/\"},{\"@type\":\"ListItem\",\"position\":2,\"name\":\"SIAU denuncia la situaci\u00f3 d\u2019exclusi\u00f3 de docents interins amb el catal\u00e0 aprovat\"}]},{\"@type\":\"WebSite\",\"@id\":\"https:\/\/www.siau.cat\/#website\",\"url\":\"https:\/\/www.siau.cat\/\",\"name\":\"SIAU - SINDICAT INDEPENDENT, AUT\u00d2NOM I UNITARI\",\"description\":\"Ara s&iacute; que tenim la veu\",\"publisher\":{\"@id\":\"https:\/\/www.siau.cat\/#organization\"},\"potentialAction\":[{\"@type\":\"SearchAction\",\"target\":{\"@type\":\"EntryPoint\",\"urlTemplate\":\"https:\/\/www.siau.cat\/?s={search_term_string}\"},\"query-input\":{\"@type\":\"PropertyValueSpecification\",\"valueRequired\":true,\"valueName\":\"search_term_string\"}}],\"inLanguage\":\"ca\"},{\"@type\":\"Organization\",\"@id\":\"https:\/\/www.siau.cat\/#organization\",\"name\":\"SIAU\",\"url\":\"https:\/\/www.siau.cat\/\",\"logo\":{\"@type\":\"ImageObject\",\"inLanguage\":\"ca\",\"@id\":\"https:\/\/www.siau.cat\/#\/schema\/logo\/image\/\",\"url\":\"https:\/\/www.siau.cat\/wp-content\/uploads\/2022\/03\/cropped-resized_LOGO-SIAU-5-e1652020847972.jpg\",\"contentUrl\":\"https:\/\/www.siau.cat\/wp-content\/uploads\/2022\/03\/cropped-resized_LOGO-SIAU-5-e1652020847972.jpg\",\"width\":1600,\"height\":1200,\"caption\":\"SIAU\"},\"image\":{\"@id\":\"https:\/\/www.siau.cat\/#\/schema\/logo\/image\/\"}},{\"@type\":\"Person\",\"@id\":\"https:\/\/www.siau.cat\/#\/schema\/person\/810c15694a7e538934bb4be53ebcba0d\",\"name\":\"admin\",\"image\":{\"@type\":\"ImageObject\",\"inLanguage\":\"ca\",\"@id\":\"https:\/\/www.siau.cat\/#\/schema\/person\/image\/\",\"url\":\"https:\/\/www.siau.cat\/wp-content\/litespeed\/avatar\/d73ebfac3daa0b52552b2ccea63469da.jpg?ver=1777403609\",\"contentUrl\":\"https:\/\/www.siau.cat\/wp-content\/litespeed\/avatar\/d73ebfac3daa0b52552b2ccea63469da.jpg?ver=1777403609\",\"caption\":\"admin\"},\"sameAs\":[\"https:\/\/www.siau.cat\"],\"url\":\"https:\/\/www.siau.cat\/index.php\/author\/admin\/\"}]}<\/script>\n<!-- \/ Yoast SEO plugin. -->","yoast_head_json":{"title":"SIAU denuncia la situaci\u00f3 d\u2019exclusi\u00f3 de docents interins amb el catal\u00e0 aprovat &#8212; SIAU - SINDICAT INDEPENDENT, AUT\u00d2NOM I UNITARI","robots":{"index":"index","follow":"follow","max-snippet":"max-snippet:-1","max-image-preview":"max-image-preview:large","max-video-preview":"max-video-preview:-1"},"canonical":"https:\/\/www.siau.cat\/index.php\/2025\/05\/20\/siau-denuncia-la-situacio-dexclusio-de-docents-interins-amb-el-catala-aprovat\/","og_locale":"ca_ES","og_type":"article","og_title":"SIAU denuncia la situaci\u00f3 d\u2019exclusi\u00f3 de docents interins amb el catal\u00e0 aprovat &#8212; SIAU - SINDICAT INDEPENDENT, AUT\u00d2NOM I UNITARI","og_description":"El Sindicat Independent, Aut\u00f2nom i Unitari (SIAU) denuncia p\u00fablicament la situaci\u00f3 injusta que afecta a molts de docents interins de les Illes Balears, que, tot i haver superat satisfact\u00f2riament el Pla de Formaci\u00f3 Ling\u00fc\u00edstica i Cultural (FOLC) aquest curs, continuen sent exclosos de la borsa d&#8217;interins per no complir oficialment amb el requisit ling\u00fc\u00edstic del &hellip; Continua llegint \u00abSIAU denuncia la situaci\u00f3 d\u2019exclusi\u00f3 de docents interins amb el catal\u00e0 aprovat\u00bb","og_url":"https:\/\/www.siau.cat\/index.php\/2025\/05\/20\/siau-denuncia-la-situacio-dexclusio-de-docents-interins-amb-el-catala-aprovat\/","og_site_name":"SIAU - SINDICAT INDEPENDENT, AUT\u00d2NOM I UNITARI","article_published_time":"2025-05-20T09:34:07+00:00","article_modified_time":"2025-05-20T10:01:35+00:00","og_image":[{"width":1024,"height":871,"url":"https:\/\/www.siau.cat\/wp-content\/uploads\/2025\/05\/Actualitzacio-FOLC-1024x871.png","type":"image\/png"}],"author":"admin","twitter_card":"summary_large_image","twitter_misc":{"Escrit per":"admin","Temps estimat de lectura":"4 minuts"},"schema":{"@context":"https:\/\/schema.org","@graph":[{"@type":"Article","@id":"https:\/\/www.siau.cat\/index.php\/2025\/05\/20\/siau-denuncia-la-situacio-dexclusio-de-docents-interins-amb-el-catala-aprovat\/#article","isPartOf":{"@id":"https:\/\/www.siau.cat\/index.php\/2025\/05\/20\/siau-denuncia-la-situacio-dexclusio-de-docents-interins-amb-el-catala-aprovat\/"},"author":{"name":"admin","@id":"https:\/\/www.siau.cat\/#\/schema\/person\/810c15694a7e538934bb4be53ebcba0d"},"headline":"SIAU denuncia la situaci\u00f3 d\u2019exclusi\u00f3 de docents interins amb el catal\u00e0 aprovat","datePublished":"2025-05-20T09:34:07+00:00","dateModified":"2025-05-20T10:01:35+00:00","mainEntityOfPage":{"@id":"https:\/\/www.siau.cat\/index.php\/2025\/05\/20\/siau-denuncia-la-situacio-dexclusio-de-docents-interins-amb-el-catala-aprovat\/"},"wordCount":648,"publisher":{"@id":"https:\/\/www.siau.cat\/#organization"},"image":{"@id":"https:\/\/www.siau.cat\/index.php\/2025\/05\/20\/siau-denuncia-la-situacio-dexclusio-de-docents-interins-amb-el-catala-aprovat\/#primaryimage"},"thumbnailUrl":"https:\/\/www.siau.cat\/wp-content\/uploads\/2025\/05\/Actualitzacio-FOLC-1024x871.png","articleSection":["Uncategorized"],"inLanguage":"ca"},{"@type":"WebPage","@id":"https:\/\/www.siau.cat\/index.php\/2025\/05\/20\/siau-denuncia-la-situacio-dexclusio-de-docents-interins-amb-el-catala-aprovat\/","url":"https:\/\/www.siau.cat\/index.php\/2025\/05\/20\/siau-denuncia-la-situacio-dexclusio-de-docents-interins-amb-el-catala-aprovat\/","name":"SIAU denuncia la situaci\u00f3 d\u2019exclusi\u00f3 de docents interins amb el catal\u00e0 aprovat &#8212; SIAU - SINDICAT INDEPENDENT, AUT\u00d2NOM I UNITARI","isPartOf":{"@id":"https:\/\/www.siau.cat\/#website"},"primaryImageOfPage":{"@id":"https:\/\/www.siau.cat\/index.php\/2025\/05\/20\/siau-denuncia-la-situacio-dexclusio-de-docents-interins-amb-el-catala-aprovat\/#primaryimage"},"image":{"@id":"https:\/\/www.siau.cat\/index.php\/2025\/05\/20\/siau-denuncia-la-situacio-dexclusio-de-docents-interins-amb-el-catala-aprovat\/#primaryimage"},"thumbnailUrl":"https:\/\/www.siau.cat\/wp-content\/uploads\/2025\/05\/Actualitzacio-FOLC-1024x871.png","datePublished":"2025-05-20T09:34:07+00:00","dateModified":"2025-05-20T10:01:35+00:00","breadcrumb":{"@id":"https:\/\/www.siau.cat\/index.php\/2025\/05\/20\/siau-denuncia-la-situacio-dexclusio-de-docents-interins-amb-el-catala-aprovat\/#breadcrumb"},"inLanguage":"ca","potentialAction":[{"@type":"ReadAction","target":["https:\/\/www.siau.cat\/index.php\/2025\/05\/20\/siau-denuncia-la-situacio-dexclusio-de-docents-interins-amb-el-catala-aprovat\/"]}]},{"@type":"ImageObject","inLanguage":"ca","@id":"https:\/\/www.siau.cat\/index.php\/2025\/05\/20\/siau-denuncia-la-situacio-dexclusio-de-docents-interins-amb-el-catala-aprovat\/#primaryimage","url":"https:\/\/www.siau.cat\/wp-content\/uploads\/2025\/05\/Actualitzacio-FOLC.png","contentUrl":"https:\/\/www.siau.cat\/wp-content\/uploads\/2025\/05\/Actualitzacio-FOLC.png","width":1194,"height":1016},{"@type":"BreadcrumbList","@id":"https:\/\/www.siau.cat\/index.php\/2025\/05\/20\/siau-denuncia-la-situacio-dexclusio-de-docents-interins-amb-el-catala-aprovat\/#breadcrumb","itemListElement":[{"@type":"ListItem","position":1,"name":"Inici","item":"https:\/\/www.siau.cat\/"},{"@type":"ListItem","position":2,"name":"SIAU denuncia la situaci\u00f3 d\u2019exclusi\u00f3 de docents interins amb el catal\u00e0 aprovat"}]},{"@type":"WebSite","@id":"https:\/\/www.siau.cat\/#website","url":"https:\/\/www.siau.cat\/","name":"SIAU - SINDICAT INDEPENDENT, AUT\u00d2NOM I UNITARI","description":"Ara s&iacute; que tenim la veu","publisher":{"@id":"https:\/\/www.siau.cat\/#organization"},"potentialAction":[{"@type":"SearchAction","target":{"@type":"EntryPoint","urlTemplate":"https:\/\/www.siau.cat\/?s={search_term_string}"},"query-input":{"@type":"PropertyValueSpecification","valueRequired":true,"valueName":"search_term_string"}}],"inLanguage":"ca"},{"@type":"Organization","@id":"https:\/\/www.siau.cat\/#organization","name":"SIAU","url":"https:\/\/www.siau.cat\/","logo":{"@type":"ImageObject","inLanguage":"ca","@id":"https:\/\/www.siau.cat\/#\/schema\/logo\/image\/","url":"https:\/\/www.siau.cat\/wp-content\/uploads\/2022\/03\/cropped-resized_LOGO-SIAU-5-e1652020847972.jpg","contentUrl":"https:\/\/www.siau.cat\/wp-content\/uploads\/2022\/03\/cropped-resized_LOGO-SIAU-5-e1652020847972.jpg","width":1600,"height":1200,"caption":"SIAU"},"image":{"@id":"https:\/\/www.siau.cat\/#\/schema\/logo\/image\/"}},{"@type":"Person","@id":"https:\/\/www.siau.cat\/#\/schema\/person\/810c15694a7e538934bb4be53ebcba0d","name":"admin","image":{"@type":"ImageObject","inLanguage":"ca","@id":"https:\/\/www.siau.cat\/#\/schema\/person\/image\/","url":"https:\/\/www.siau.cat\/wp-content\/litespeed\/avatar\/d73ebfac3daa0b52552b2ccea63469da.jpg?ver=1777403609","contentUrl":"https:\/\/www.siau.cat\/wp-content\/litespeed\/avatar\/d73ebfac3daa0b52552b2ccea63469da.jpg?ver=1777403609","caption":"admin"},"sameAs":["https:\/\/www.siau.cat"],"url":"https:\/\/www.siau.cat\/index.php\/author\/admin\/"}]}},"jetpack_featured_media_url":"","jetpack_sharing_enabled":true,"_links":{"self":[{"href":"https:\/\/www.siau.cat\/index.php\/wp-json\/wp\/v2\/posts\/1823","targetHints":{"allow":["GET"]}}],"collection":[{"href":"https:\/\/www.siau.cat\/index.php\/wp-json\/wp\/v2\/posts"}],"about":[{"href":"https:\/\/www.siau.cat\/index.php\/wp-json\/wp\/v2\/types\/post"}],"author":[{"embeddable":true,"href":"https:\/\/www.siau.cat\/index.php\/wp-json\/wp\/v2\/users\/1"}],"replies":[{"embeddable":true,"href":"https:\/\/www.siau.cat\/index.php\/wp-json\/wp\/v2\/comments?post=1823"}],"version-history":[{"count":3,"href":"https:\/\/www.siau.cat\/index.php\/wp-json\/wp\/v2\/posts\/1823\/revisions"}],"predecessor-version":[{"id":1828,"href":"https:\/\/www.siau.cat\/index.php\/wp-json\/wp\/v2\/posts\/1823\/revisions\/1828"}],"wp:attachment":[{"href":"https:\/\/www.siau.cat\/index.php\/wp-json\/wp\/v2\/media?parent=1823"}],"wp:term":[{"taxonomy":"category","embeddable":true,"href":"https:\/\/www.siau.cat\/index.php\/wp-json\/wp\/v2\/categories?post=1823"},{"taxonomy":"post_tag","embeddable":true,"href":"https:\/\/www.siau.cat\/index.php\/wp-json\/wp\/v2\/tags?post=1823"}],"curies":[{"name":"wp","href":"https:\/\/api.w.org\/{rel}","templated":true}]}}