{"id":1857,"date":"2025-06-13T11:23:39","date_gmt":"2025-06-13T11:23:39","guid":{"rendered":"https:\/\/www.siau.cat\/?p=1857"},"modified":"2025-06-13T18:44:27","modified_gmt":"2025-06-13T18:44:27","slug":"siau-es-planta-al-congres-dels-diputats-per-protestar-contra-labus-de-la-temporalitat","status":"publish","type":"post","link":"https:\/\/www.siau.cat\/index.php\/2025\/06\/13\/siau-es-planta-al-congres-dels-diputats-per-protestar-contra-labus-de-la-temporalitat\/","title":{"rendered":"SIAU es planta al Congr\u00e9s dels Diputats per protestar contra l\u2019ab\u00fas de la temporalitat"},"content":{"rendered":"\n<figure class=\"wp-block-gallery has-nested-images columns-default is-cropped wp-block-gallery-1 is-layout-flex wp-block-gallery-is-layout-flex\">\n<figure class=\"wp-block-image size-large\"><img loading=\"lazy\" decoding=\"async\" width=\"1024\" height=\"768\" data-id=\"1860\" src=\"https:\/\/www.siau.cat\/wp-content\/uploads\/2025\/06\/6-1-1024x768.jpg\" alt=\"\" class=\"wp-image-1860\" srcset=\"https:\/\/www.siau.cat\/wp-content\/uploads\/2025\/06\/6-1-1024x768.jpg 1024w, https:\/\/www.siau.cat\/wp-content\/uploads\/2025\/06\/6-1-300x225.jpg 300w, https:\/\/www.siau.cat\/wp-content\/uploads\/2025\/06\/6-1-768x576.jpg 768w, https:\/\/www.siau.cat\/wp-content\/uploads\/2025\/06\/6-1-1536x1152.jpg 1536w, https:\/\/www.siau.cat\/wp-content\/uploads\/2025\/06\/6-1-2048x1536.jpg 2048w, https:\/\/www.siau.cat\/wp-content\/uploads\/2025\/06\/6-1-24x18.jpg 24w, https:\/\/www.siau.cat\/wp-content\/uploads\/2025\/06\/6-1-36x27.jpg 36w, https:\/\/www.siau.cat\/wp-content\/uploads\/2025\/06\/6-1-48x36.jpg 48w, https:\/\/www.siau.cat\/wp-content\/uploads\/2025\/06\/6-1-350x263.jpg 350w\" sizes=\"auto, (max-width: 767px) 89vw, (max-width: 1000px) 54vw, (max-width: 1071px) 543px, 580px\" \/><\/figure>\n<\/figure>\n\n\n\n<figure class=\"wp-block-image size-large\"><img loading=\"lazy\" decoding=\"async\" width=\"1024\" height=\"768\" src=\"https:\/\/www.siau.cat\/wp-content\/uploads\/2025\/06\/7-1024x768.jpg\" alt=\"\" class=\"wp-image-1859\" srcset=\"https:\/\/www.siau.cat\/wp-content\/uploads\/2025\/06\/7-1024x768.jpg 1024w, https:\/\/www.siau.cat\/wp-content\/uploads\/2025\/06\/7-300x225.jpg 300w, https:\/\/www.siau.cat\/wp-content\/uploads\/2025\/06\/7-768x576.jpg 768w, https:\/\/www.siau.cat\/wp-content\/uploads\/2025\/06\/7-1536x1152.jpg 1536w, https:\/\/www.siau.cat\/wp-content\/uploads\/2025\/06\/7-2048x1536.jpg 2048w, https:\/\/www.siau.cat\/wp-content\/uploads\/2025\/06\/7-24x18.jpg 24w, https:\/\/www.siau.cat\/wp-content\/uploads\/2025\/06\/7-36x27.jpg 36w, https:\/\/www.siau.cat\/wp-content\/uploads\/2025\/06\/7-48x36.jpg 48w, https:\/\/www.siau.cat\/wp-content\/uploads\/2025\/06\/7-350x263.jpg 350w\" sizes=\"auto, (max-width: 767px) 89vw, (max-width: 1000px) 54vw, (max-width: 1071px) 543px, 580px\" \/><figcaption class=\"wp-element-caption\">Concentraci\u00f3 contra l&#8217;ab\u00fas de la temporalitat davant del Congr\u00e9s dels Diputats (11\/06\/2025)<\/figcaption><\/figure>\n\n\n\n<p>Aquesta setmana, representants del sindicat SIAU, juntament amb docents d\u2019arreu de les Illes Balears, <strong>hem viatjat fins a Madrid<\/strong> per:<br>\u2013 Concentrar-nos davant del Congr\u00e9s dels Diputats per <strong>exigir la fixesa<\/strong> del personal que encara roman en situaci\u00f3 d\u2019ab\u00fas de la temporalitat.<br>\u2013 Reunir-nos amb diputats dels partits amb representaci\u00f3, excepte amb els de VOX, per tal de <strong>compartir la nefasta situaci\u00f3 que patim<\/strong> en l\u2019\u00e0mbit de l\u2019educaci\u00f3 p\u00fablica de les illes.<\/p>\n\n\n\n<p>A continuaci\u00f3 t\u2019explicarem <strong>qu\u00e8 fem durant aquest mes al Congr\u00e9s dels Diputats<\/strong> i et compartirem un breu recull de fotografies amb alguns dels diputats i de les personalitats amb qui ens anam reunint o conversant per traslladar-los quines s\u00f3n les principals problem\u00e0tiques en l\u2019\u00e0mbit educatiu de les illes, aix\u00ed com les nostres demandes sindicals.<\/p>\n\n\n\n<p>Respecte del primer punt, dimecres dia 11 de juny, molts treballadors en ab\u00fas de la temporalitat procedents de les Illes Balears ens concentr\u00e0rem davant del Congr\u00e9s dels Diputats per al\u00e7ar la veu davant dels representants pol\u00edtics i fer-los entendre que els que hi som, hi quedam. No pot ser que hi continu\u00ef havent personal en situaci\u00f3 de frau de llei i l\u2019Administraci\u00f3 miri cap a una altra banda. Europa va per un cam\u00ed i l\u2019estat espanyol per un altre totalment contrari. V\u00e0rem voler deixar clar que no som mocadors d\u2019un sol \u00fas i que la precarietat nom\u00e9s duu a m\u00e9s precarietat. Durant tot el dia v\u00e0rem<strong> atendre mitjans de comunicaci\u00f3 i periodistes<\/strong> que es varen interessar per la situaci\u00f3 que patim des de fa d\u00e8cades. La periodista Thais Villas i el programa d\u2019en Wyoming, <em>El Intermedio<\/em>, se\u2019n van fer ress\u00f2. La concentraci\u00f3 no va passar desapercebuda pels representants pol\u00edtics i alguns acudiren expressament al carrer per conversar amb nosaltres i mostrar-nos el seu suport.<\/p>\n\n\n\n<figure class=\"wp-block-image size-large\"><img loading=\"lazy\" decoding=\"async\" width=\"1024\" height=\"768\" src=\"https:\/\/www.siau.cat\/wp-content\/uploads\/2025\/06\/8-2-1024x768.jpg\" alt=\"\" class=\"wp-image-1863\" srcset=\"https:\/\/www.siau.cat\/wp-content\/uploads\/2025\/06\/8-2-1024x768.jpg 1024w, https:\/\/www.siau.cat\/wp-content\/uploads\/2025\/06\/8-2-300x225.jpg 300w, https:\/\/www.siau.cat\/wp-content\/uploads\/2025\/06\/8-2-768x576.jpg 768w, https:\/\/www.siau.cat\/wp-content\/uploads\/2025\/06\/8-2-1536x1152.jpg 1536w, https:\/\/www.siau.cat\/wp-content\/uploads\/2025\/06\/8-2-2048x1536.jpg 2048w, https:\/\/www.siau.cat\/wp-content\/uploads\/2025\/06\/8-2-24x18.jpg 24w, https:\/\/www.siau.cat\/wp-content\/uploads\/2025\/06\/8-2-36x27.jpg 36w, https:\/\/www.siau.cat\/wp-content\/uploads\/2025\/06\/8-2-48x36.jpg 48w, https:\/\/www.siau.cat\/wp-content\/uploads\/2025\/06\/8-2-350x263.jpg 350w\" sizes=\"auto, (max-width: 767px) 89vw, (max-width: 1000px) 54vw, (max-width: 1071px) 543px, 580px\" \/><figcaption class=\"wp-element-caption\">SIAU amb la periodista Thais Villas, del programa d\u2019en Wyoming <em>El Intermedio<\/em><\/figcaption><\/figure>\n\n\n\n<figure class=\"wp-block-video\"><video controls src=\"https:\/\/www.lasexta.com\/programas\/el-intermedio\/wyoming-situacion-interinos-espana-pertinente-pelearnos-dar-estabilidad-estos-trabajadores_202506116849e3e23686c164f389a956.html\"><\/video><figcaption class=\"wp-element-caption\">La situaci\u00f3 dels interins en el programa d&#8217;en Wyoming <em>El Intermedio<\/em><\/figcaption><\/figure>\n\n\n\n<p>Pel que fa al segon punt, volem compartir amb la comunitat educativa que SIAU estar\u00e0 en permanent<strong> contacte amb les forces pol\u00edtiques del Congr\u00e9s dels Diputats<\/strong> per aconseguir el m\u00e0xim de suports contra l\u2019ab\u00fas de la temporalitat. L\u2019\u00fanic partit pol\u00edtic amb el qual no ens reunirem ser\u00e0 VOX, ja que la seva actitud hostil cap als docents, la llengua i la cultura no la podem acceptar de cap de les maneres. Davant les seves amenaces d\u2019expedientar docents que no claudiquin al que ens volen imposar, els volem dir que fem una crida a la insubmissi\u00f3 i que poden comen\u00e7ar expedientant-nos un altre cop a nosaltres, els sindicalistes de SIAU, que ja hi tenim bastanta experi\u00e8ncia en aquest tema, i no ens fa gens ni mica de por. Si ho desitgen, fins i tot els podem facilitar el contacte amb dos dels caps de departament de la Direcci\u00f3 General de Personal Docent i Centres Concertats, que segurament contribuirien encantats a fer aquesta feina bruta a canvi de continuar mantenint la seva poltrona i privilegis, governi qui governi.<\/p>\n\n\n\n<p>Igualment, durant la concentraci\u00f3 de dimecres passat davant del Congr\u00e9s dels Diputats, on exig\u00edem la fixesa per a tot el personal temporal en frau de llei, <strong>parl\u00e0rem amb diputats de diverses formacions pol\u00edtiques<\/strong>, com els diputats Enrique Santiago i Vicen\u00e7 Vidal del grup parlamentari SUMAR. No nom\u00e9s parl\u00e0rem de la ra\u00f3 per la qual s\u2019havia convocat la concentraci\u00f3, sin\u00f3 tamb\u00e9 d\u2019altres problem\u00e0tiques com, per exemple, la situaci\u00f3 de la llengua catalana, la manca de professorat i reformes legislatives importants que s\u2019han d\u2019aprovar a Madrid i afecten directament el nostre territori, etc.<\/p>\n\n\n\n<figure class=\"wp-block-image size-large\"><img loading=\"lazy\" decoding=\"async\" width=\"768\" height=\"1024\" src=\"https:\/\/www.siau.cat\/wp-content\/uploads\/2025\/06\/5-768x1024.jpg\" alt=\"\" class=\"wp-image-1864\" srcset=\"https:\/\/www.siau.cat\/wp-content\/uploads\/2025\/06\/5-768x1024.jpg 768w, https:\/\/www.siau.cat\/wp-content\/uploads\/2025\/06\/5-225x300.jpg 225w, https:\/\/www.siau.cat\/wp-content\/uploads\/2025\/06\/5-1152x1536.jpg 1152w, https:\/\/www.siau.cat\/wp-content\/uploads\/2025\/06\/5-1536x2048.jpg 1536w, https:\/\/www.siau.cat\/wp-content\/uploads\/2025\/06\/5-18x24.jpg 18w, https:\/\/www.siau.cat\/wp-content\/uploads\/2025\/06\/5-27x36.jpg 27w, https:\/\/www.siau.cat\/wp-content\/uploads\/2025\/06\/5-36x48.jpg 36w, https:\/\/www.siau.cat\/wp-content\/uploads\/2025\/06\/5-350x467.jpg 350w, https:\/\/www.siau.cat\/wp-content\/uploads\/2025\/06\/5-scaled.jpg 1920w\" sizes=\"auto, (max-width: 767px) 89vw, (max-width: 1000px) 54vw, (max-width: 1071px) 543px, 580px\" \/><figcaption class=\"wp-element-caption\">SIAU amb el diputat Enrique Santiago de SUMAR<\/figcaption><\/figure>\n\n\n\n<figure class=\"wp-block-image size-large\"><img loading=\"lazy\" decoding=\"async\" width=\"1024\" height=\"768\" src=\"https:\/\/www.siau.cat\/wp-content\/uploads\/2025\/06\/4-1024x768.jpg\" alt=\"\" class=\"wp-image-1865\" srcset=\"https:\/\/www.siau.cat\/wp-content\/uploads\/2025\/06\/4-1024x768.jpg 1024w, https:\/\/www.siau.cat\/wp-content\/uploads\/2025\/06\/4-300x225.jpg 300w, https:\/\/www.siau.cat\/wp-content\/uploads\/2025\/06\/4-768x576.jpg 768w, https:\/\/www.siau.cat\/wp-content\/uploads\/2025\/06\/4-1536x1152.jpg 1536w, https:\/\/www.siau.cat\/wp-content\/uploads\/2025\/06\/4-2048x1536.jpg 2048w, https:\/\/www.siau.cat\/wp-content\/uploads\/2025\/06\/4-24x18.jpg 24w, https:\/\/www.siau.cat\/wp-content\/uploads\/2025\/06\/4-36x27.jpg 36w, https:\/\/www.siau.cat\/wp-content\/uploads\/2025\/06\/4-48x36.jpg 48w, https:\/\/www.siau.cat\/wp-content\/uploads\/2025\/06\/4-350x263.jpg 350w\" sizes=\"auto, (max-width: 767px) 89vw, (max-width: 1000px) 54vw, (max-width: 1071px) 543px, 580px\" \/><figcaption class=\"wp-element-caption\">SIAU amb el diputat Vicen\u00e7 Vidal de SUMAR<\/figcaption><\/figure>\n\n\n\n<p>Per acabar, <strong>estau molt atents a les nostres publicacions<\/strong> perqu\u00e8 els dies vinents us anirem informant de les reunions de SIAU durant el mes de juny i com van avan\u00e7ant les nostres demandes.<\/p>\n\n\n\n<p><\/p>\n","protected":false},"excerpt":{"rendered":"<p>Aquesta setmana, representants del sindicat SIAU, juntament amb docents d\u2019arreu de les Illes Balears, hem viatjat fins a Madrid per:\u2013 Concentrar-nos davant del Congr\u00e9s dels Diputats per exigir la fixesa del personal que encara roman en situaci\u00f3 d\u2019ab\u00fas de la temporalitat.\u2013 Reunir-nos amb diputats dels partits amb representaci\u00f3, excepte amb els de VOX, per tal &hellip; <\/p>\n<p class=\"link-more\"><a href=\"https:\/\/www.siau.cat\/index.php\/2025\/06\/13\/siau-es-planta-al-congres-dels-diputats-per-protestar-contra-labus-de-la-temporalitat\/\" class=\"more-link\">Continua llegint <span class=\"screen-reader-text\">\u00abSIAU es planta al Congr\u00e9s dels Diputats per protestar contra l\u2019ab\u00fas de la temporalitat\u00bb<\/span><\/a><\/p>\n","protected":false},"author":1,"featured_media":0,"comment_status":"closed","ping_status":"open","sticky":false,"template":"","format":"standard","meta":{"_jetpack_memberships_contains_paid_content":false,"footnotes":""},"categories":[1],"tags":[],"class_list":["post-1857","post","type-post","status-publish","format-standard","hentry","category-uncategorized"],"yoast_head":"<!-- This site is optimized with the Yoast SEO plugin v25.4 - https:\/\/yoast.com\/wordpress\/plugins\/seo\/ -->\n<title>SIAU es planta al Congr\u00e9s dels Diputats per protestar contra l\u2019ab\u00fas de la temporalitat &#8212; SIAU - SINDICAT INDEPENDENT, AUT\u00d2NOM I UNITARI<\/title>\n<meta name=\"robots\" content=\"index, follow, max-snippet:-1, max-image-preview:large, max-video-preview:-1\" \/>\n<link rel=\"canonical\" href=\"https:\/\/www.siau.cat\/index.php\/2025\/06\/13\/siau-es-planta-al-congres-dels-diputats-per-protestar-contra-labus-de-la-temporalitat\/\" \/>\n<meta property=\"og:locale\" content=\"ca_ES\" \/>\n<meta property=\"og:type\" content=\"article\" \/>\n<meta property=\"og:title\" content=\"SIAU es planta al Congr\u00e9s dels Diputats per protestar contra l\u2019ab\u00fas de la temporalitat &#8212; SIAU - SINDICAT INDEPENDENT, AUT\u00d2NOM I UNITARI\" \/>\n<meta property=\"og:description\" content=\"Aquesta setmana, representants del sindicat SIAU, juntament amb docents d\u2019arreu de les Illes Balears, hem viatjat fins a Madrid per:\u2013 Concentrar-nos davant del Congr\u00e9s dels Diputats per exigir la fixesa del personal que encara roman en situaci\u00f3 d\u2019ab\u00fas de la temporalitat.\u2013 Reunir-nos amb diputats dels partits amb representaci\u00f3, excepte amb els de VOX, per tal &hellip; Continua llegint \u00abSIAU es planta al Congr\u00e9s dels Diputats per protestar contra l\u2019ab\u00fas de la temporalitat\u00bb\" \/>\n<meta property=\"og:url\" content=\"https:\/\/www.siau.cat\/index.php\/2025\/06\/13\/siau-es-planta-al-congres-dels-diputats-per-protestar-contra-labus-de-la-temporalitat\/\" \/>\n<meta property=\"og:site_name\" content=\"SIAU - SINDICAT INDEPENDENT, AUT\u00d2NOM I UNITARI\" \/>\n<meta property=\"article:published_time\" content=\"2025-06-13T11:23:39+00:00\" \/>\n<meta property=\"article:modified_time\" content=\"2025-06-13T18:44:27+00:00\" \/>\n<meta property=\"og:image\" content=\"https:\/\/www.siau.cat\/wp-content\/uploads\/2025\/06\/6-1-scaled.jpg\" \/>\n\t<meta property=\"og:image:width\" content=\"2560\" \/>\n\t<meta property=\"og:image:height\" content=\"1920\" \/>\n\t<meta property=\"og:image:type\" content=\"image\/jpeg\" \/>\n<meta name=\"author\" content=\"admin\" \/>\n<meta name=\"twitter:card\" content=\"summary_large_image\" \/>\n<meta name=\"twitter:label1\" content=\"Escrit per\" \/>\n\t<meta name=\"twitter:data1\" content=\"admin\" \/>\n\t<meta name=\"twitter:label2\" content=\"Temps estimat de lectura\" \/>\n\t<meta name=\"twitter:data2\" content=\"5 minuts\" \/>\n<script type=\"application\/ld+json\" class=\"yoast-schema-graph\">{\"@context\":\"https:\/\/schema.org\",\"@graph\":[{\"@type\":\"Article\",\"@id\":\"https:\/\/www.siau.cat\/index.php\/2025\/06\/13\/siau-es-planta-al-congres-dels-diputats-per-protestar-contra-labus-de-la-temporalitat\/#article\",\"isPartOf\":{\"@id\":\"https:\/\/www.siau.cat\/index.php\/2025\/06\/13\/siau-es-planta-al-congres-dels-diputats-per-protestar-contra-labus-de-la-temporalitat\/\"},\"author\":{\"name\":\"admin\",\"@id\":\"https:\/\/www.siau.cat\/#\/schema\/person\/810c15694a7e538934bb4be53ebcba0d\"},\"headline\":\"SIAU es planta al Congr\u00e9s dels Diputats per protestar contra l\u2019ab\u00fas de la temporalitat\",\"datePublished\":\"2025-06-13T11:23:39+00:00\",\"dateModified\":\"2025-06-13T18:44:27+00:00\",\"mainEntityOfPage\":{\"@id\":\"https:\/\/www.siau.cat\/index.php\/2025\/06\/13\/siau-es-planta-al-congres-dels-diputats-per-protestar-contra-labus-de-la-temporalitat\/\"},\"wordCount\":709,\"publisher\":{\"@id\":\"https:\/\/www.siau.cat\/#organization\"},\"image\":{\"@id\":\"https:\/\/www.siau.cat\/index.php\/2025\/06\/13\/siau-es-planta-al-congres-dels-diputats-per-protestar-contra-labus-de-la-temporalitat\/#primaryimage\"},\"thumbnailUrl\":\"https:\/\/www.siau.cat\/wp-content\/uploads\/2025\/06\/6-1-1024x768.jpg\",\"articleSection\":[\"Uncategorized\"],\"inLanguage\":\"ca\"},{\"@type\":\"WebPage\",\"@id\":\"https:\/\/www.siau.cat\/index.php\/2025\/06\/13\/siau-es-planta-al-congres-dels-diputats-per-protestar-contra-labus-de-la-temporalitat\/\",\"url\":\"https:\/\/www.siau.cat\/index.php\/2025\/06\/13\/siau-es-planta-al-congres-dels-diputats-per-protestar-contra-labus-de-la-temporalitat\/\",\"name\":\"SIAU es planta al Congr\u00e9s dels Diputats per protestar contra l\u2019ab\u00fas de la temporalitat &#8212; SIAU - SINDICAT INDEPENDENT, AUT\u00d2NOM I UNITARI\",\"isPartOf\":{\"@id\":\"https:\/\/www.siau.cat\/#website\"},\"primaryImageOfPage\":{\"@id\":\"https:\/\/www.siau.cat\/index.php\/2025\/06\/13\/siau-es-planta-al-congres-dels-diputats-per-protestar-contra-labus-de-la-temporalitat\/#primaryimage\"},\"image\":{\"@id\":\"https:\/\/www.siau.cat\/index.php\/2025\/06\/13\/siau-es-planta-al-congres-dels-diputats-per-protestar-contra-labus-de-la-temporalitat\/#primaryimage\"},\"thumbnailUrl\":\"https:\/\/www.siau.cat\/wp-content\/uploads\/2025\/06\/6-1-1024x768.jpg\",\"datePublished\":\"2025-06-13T11:23:39+00:00\",\"dateModified\":\"2025-06-13T18:44:27+00:00\",\"breadcrumb\":{\"@id\":\"https:\/\/www.siau.cat\/index.php\/2025\/06\/13\/siau-es-planta-al-congres-dels-diputats-per-protestar-contra-labus-de-la-temporalitat\/#breadcrumb\"},\"inLanguage\":\"ca\",\"potentialAction\":[{\"@type\":\"ReadAction\",\"target\":[\"https:\/\/www.siau.cat\/index.php\/2025\/06\/13\/siau-es-planta-al-congres-dels-diputats-per-protestar-contra-labus-de-la-temporalitat\/\"]}]},{\"@type\":\"ImageObject\",\"inLanguage\":\"ca\",\"@id\":\"https:\/\/www.siau.cat\/index.php\/2025\/06\/13\/siau-es-planta-al-congres-dels-diputats-per-protestar-contra-labus-de-la-temporalitat\/#primaryimage\",\"url\":\"https:\/\/www.siau.cat\/wp-content\/uploads\/2025\/06\/6-1-scaled.jpg\",\"contentUrl\":\"https:\/\/www.siau.cat\/wp-content\/uploads\/2025\/06\/6-1-scaled.jpg\",\"width\":2560,\"height\":1920},{\"@type\":\"BreadcrumbList\",\"@id\":\"https:\/\/www.siau.cat\/index.php\/2025\/06\/13\/siau-es-planta-al-congres-dels-diputats-per-protestar-contra-labus-de-la-temporalitat\/#breadcrumb\",\"itemListElement\":[{\"@type\":\"ListItem\",\"position\":1,\"name\":\"Inici\",\"item\":\"https:\/\/www.siau.cat\/\"},{\"@type\":\"ListItem\",\"position\":2,\"name\":\"SIAU es planta al Congr\u00e9s dels Diputats per protestar contra l\u2019ab\u00fas de la temporalitat\"}]},{\"@type\":\"WebSite\",\"@id\":\"https:\/\/www.siau.cat\/#website\",\"url\":\"https:\/\/www.siau.cat\/\",\"name\":\"SIAU - SINDICAT INDEPENDENT, AUT\u00d2NOM I UNITARI\",\"description\":\"Ara s&iacute; que tenim la veu\",\"publisher\":{\"@id\":\"https:\/\/www.siau.cat\/#organization\"},\"potentialAction\":[{\"@type\":\"SearchAction\",\"target\":{\"@type\":\"EntryPoint\",\"urlTemplate\":\"https:\/\/www.siau.cat\/?s={search_term_string}\"},\"query-input\":{\"@type\":\"PropertyValueSpecification\",\"valueRequired\":true,\"valueName\":\"search_term_string\"}}],\"inLanguage\":\"ca\"},{\"@type\":\"Organization\",\"@id\":\"https:\/\/www.siau.cat\/#organization\",\"name\":\"SIAU\",\"url\":\"https:\/\/www.siau.cat\/\",\"logo\":{\"@type\":\"ImageObject\",\"inLanguage\":\"ca\",\"@id\":\"https:\/\/www.siau.cat\/#\/schema\/logo\/image\/\",\"url\":\"https:\/\/www.siau.cat\/wp-content\/uploads\/2022\/03\/cropped-resized_LOGO-SIAU-5-e1652020847972.jpg\",\"contentUrl\":\"https:\/\/www.siau.cat\/wp-content\/uploads\/2022\/03\/cropped-resized_LOGO-SIAU-5-e1652020847972.jpg\",\"width\":1600,\"height\":1200,\"caption\":\"SIAU\"},\"image\":{\"@id\":\"https:\/\/www.siau.cat\/#\/schema\/logo\/image\/\"}},{\"@type\":\"Person\",\"@id\":\"https:\/\/www.siau.cat\/#\/schema\/person\/810c15694a7e538934bb4be53ebcba0d\",\"name\":\"admin\",\"image\":{\"@type\":\"ImageObject\",\"inLanguage\":\"ca\",\"@id\":\"https:\/\/www.siau.cat\/#\/schema\/person\/image\/\",\"url\":\"https:\/\/www.siau.cat\/wp-content\/litespeed\/avatar\/d73ebfac3daa0b52552b2ccea63469da.jpg?ver=1777403609\",\"contentUrl\":\"https:\/\/www.siau.cat\/wp-content\/litespeed\/avatar\/d73ebfac3daa0b52552b2ccea63469da.jpg?ver=1777403609\",\"caption\":\"admin\"},\"sameAs\":[\"https:\/\/www.siau.cat\"],\"url\":\"https:\/\/www.siau.cat\/index.php\/author\/admin\/\"}]}<\/script>\n<!-- \/ Yoast SEO plugin. -->","yoast_head_json":{"title":"SIAU es planta al Congr\u00e9s dels Diputats per protestar contra l\u2019ab\u00fas de la temporalitat &#8212; SIAU - SINDICAT INDEPENDENT, AUT\u00d2NOM I UNITARI","robots":{"index":"index","follow":"follow","max-snippet":"max-snippet:-1","max-image-preview":"max-image-preview:large","max-video-preview":"max-video-preview:-1"},"canonical":"https:\/\/www.siau.cat\/index.php\/2025\/06\/13\/siau-es-planta-al-congres-dels-diputats-per-protestar-contra-labus-de-la-temporalitat\/","og_locale":"ca_ES","og_type":"article","og_title":"SIAU es planta al Congr\u00e9s dels Diputats per protestar contra l\u2019ab\u00fas de la temporalitat &#8212; SIAU - SINDICAT INDEPENDENT, AUT\u00d2NOM I UNITARI","og_description":"Aquesta setmana, representants del sindicat SIAU, juntament amb docents d\u2019arreu de les Illes Balears, hem viatjat fins a Madrid per:\u2013 Concentrar-nos davant del Congr\u00e9s dels Diputats per exigir la fixesa del personal que encara roman en situaci\u00f3 d\u2019ab\u00fas de la temporalitat.\u2013 Reunir-nos amb diputats dels partits amb representaci\u00f3, excepte amb els de VOX, per tal &hellip; Continua llegint \u00abSIAU es planta al Congr\u00e9s dels Diputats per protestar contra l\u2019ab\u00fas de la temporalitat\u00bb","og_url":"https:\/\/www.siau.cat\/index.php\/2025\/06\/13\/siau-es-planta-al-congres-dels-diputats-per-protestar-contra-labus-de-la-temporalitat\/","og_site_name":"SIAU - SINDICAT INDEPENDENT, AUT\u00d2NOM I UNITARI","article_published_time":"2025-06-13T11:23:39+00:00","article_modified_time":"2025-06-13T18:44:27+00:00","og_image":[{"width":2560,"height":1920,"url":"https:\/\/www.siau.cat\/wp-content\/uploads\/2025\/06\/6-1-scaled.jpg","type":"image\/jpeg"}],"author":"admin","twitter_card":"summary_large_image","twitter_misc":{"Escrit per":"admin","Temps estimat de lectura":"5 minuts"},"schema":{"@context":"https:\/\/schema.org","@graph":[{"@type":"Article","@id":"https:\/\/www.siau.cat\/index.php\/2025\/06\/13\/siau-es-planta-al-congres-dels-diputats-per-protestar-contra-labus-de-la-temporalitat\/#article","isPartOf":{"@id":"https:\/\/www.siau.cat\/index.php\/2025\/06\/13\/siau-es-planta-al-congres-dels-diputats-per-protestar-contra-labus-de-la-temporalitat\/"},"author":{"name":"admin","@id":"https:\/\/www.siau.cat\/#\/schema\/person\/810c15694a7e538934bb4be53ebcba0d"},"headline":"SIAU es planta al Congr\u00e9s dels Diputats per protestar contra l\u2019ab\u00fas de la temporalitat","datePublished":"2025-06-13T11:23:39+00:00","dateModified":"2025-06-13T18:44:27+00:00","mainEntityOfPage":{"@id":"https:\/\/www.siau.cat\/index.php\/2025\/06\/13\/siau-es-planta-al-congres-dels-diputats-per-protestar-contra-labus-de-la-temporalitat\/"},"wordCount":709,"publisher":{"@id":"https:\/\/www.siau.cat\/#organization"},"image":{"@id":"https:\/\/www.siau.cat\/index.php\/2025\/06\/13\/siau-es-planta-al-congres-dels-diputats-per-protestar-contra-labus-de-la-temporalitat\/#primaryimage"},"thumbnailUrl":"https:\/\/www.siau.cat\/wp-content\/uploads\/2025\/06\/6-1-1024x768.jpg","articleSection":["Uncategorized"],"inLanguage":"ca"},{"@type":"WebPage","@id":"https:\/\/www.siau.cat\/index.php\/2025\/06\/13\/siau-es-planta-al-congres-dels-diputats-per-protestar-contra-labus-de-la-temporalitat\/","url":"https:\/\/www.siau.cat\/index.php\/2025\/06\/13\/siau-es-planta-al-congres-dels-diputats-per-protestar-contra-labus-de-la-temporalitat\/","name":"SIAU es planta al Congr\u00e9s dels Diputats per protestar contra l\u2019ab\u00fas de la temporalitat &#8212; SIAU - SINDICAT INDEPENDENT, AUT\u00d2NOM I UNITARI","isPartOf":{"@id":"https:\/\/www.siau.cat\/#website"},"primaryImageOfPage":{"@id":"https:\/\/www.siau.cat\/index.php\/2025\/06\/13\/siau-es-planta-al-congres-dels-diputats-per-protestar-contra-labus-de-la-temporalitat\/#primaryimage"},"image":{"@id":"https:\/\/www.siau.cat\/index.php\/2025\/06\/13\/siau-es-planta-al-congres-dels-diputats-per-protestar-contra-labus-de-la-temporalitat\/#primaryimage"},"thumbnailUrl":"https:\/\/www.siau.cat\/wp-content\/uploads\/2025\/06\/6-1-1024x768.jpg","datePublished":"2025-06-13T11:23:39+00:00","dateModified":"2025-06-13T18:44:27+00:00","breadcrumb":{"@id":"https:\/\/www.siau.cat\/index.php\/2025\/06\/13\/siau-es-planta-al-congres-dels-diputats-per-protestar-contra-labus-de-la-temporalitat\/#breadcrumb"},"inLanguage":"ca","potentialAction":[{"@type":"ReadAction","target":["https:\/\/www.siau.cat\/index.php\/2025\/06\/13\/siau-es-planta-al-congres-dels-diputats-per-protestar-contra-labus-de-la-temporalitat\/"]}]},{"@type":"ImageObject","inLanguage":"ca","@id":"https:\/\/www.siau.cat\/index.php\/2025\/06\/13\/siau-es-planta-al-congres-dels-diputats-per-protestar-contra-labus-de-la-temporalitat\/#primaryimage","url":"https:\/\/www.siau.cat\/wp-content\/uploads\/2025\/06\/6-1-scaled.jpg","contentUrl":"https:\/\/www.siau.cat\/wp-content\/uploads\/2025\/06\/6-1-scaled.jpg","width":2560,"height":1920},{"@type":"BreadcrumbList","@id":"https:\/\/www.siau.cat\/index.php\/2025\/06\/13\/siau-es-planta-al-congres-dels-diputats-per-protestar-contra-labus-de-la-temporalitat\/#breadcrumb","itemListElement":[{"@type":"ListItem","position":1,"name":"Inici","item":"https:\/\/www.siau.cat\/"},{"@type":"ListItem","position":2,"name":"SIAU es planta al Congr\u00e9s dels Diputats per protestar contra l\u2019ab\u00fas de la temporalitat"}]},{"@type":"WebSite","@id":"https:\/\/www.siau.cat\/#website","url":"https:\/\/www.siau.cat\/","name":"SIAU - SINDICAT INDEPENDENT, AUT\u00d2NOM I UNITARI","description":"Ara s&iacute; que tenim la veu","publisher":{"@id":"https:\/\/www.siau.cat\/#organization"},"potentialAction":[{"@type":"SearchAction","target":{"@type":"EntryPoint","urlTemplate":"https:\/\/www.siau.cat\/?s={search_term_string}"},"query-input":{"@type":"PropertyValueSpecification","valueRequired":true,"valueName":"search_term_string"}}],"inLanguage":"ca"},{"@type":"Organization","@id":"https:\/\/www.siau.cat\/#organization","name":"SIAU","url":"https:\/\/www.siau.cat\/","logo":{"@type":"ImageObject","inLanguage":"ca","@id":"https:\/\/www.siau.cat\/#\/schema\/logo\/image\/","url":"https:\/\/www.siau.cat\/wp-content\/uploads\/2022\/03\/cropped-resized_LOGO-SIAU-5-e1652020847972.jpg","contentUrl":"https:\/\/www.siau.cat\/wp-content\/uploads\/2022\/03\/cropped-resized_LOGO-SIAU-5-e1652020847972.jpg","width":1600,"height":1200,"caption":"SIAU"},"image":{"@id":"https:\/\/www.siau.cat\/#\/schema\/logo\/image\/"}},{"@type":"Person","@id":"https:\/\/www.siau.cat\/#\/schema\/person\/810c15694a7e538934bb4be53ebcba0d","name":"admin","image":{"@type":"ImageObject","inLanguage":"ca","@id":"https:\/\/www.siau.cat\/#\/schema\/person\/image\/","url":"https:\/\/www.siau.cat\/wp-content\/litespeed\/avatar\/d73ebfac3daa0b52552b2ccea63469da.jpg?ver=1777403609","contentUrl":"https:\/\/www.siau.cat\/wp-content\/litespeed\/avatar\/d73ebfac3daa0b52552b2ccea63469da.jpg?ver=1777403609","caption":"admin"},"sameAs":["https:\/\/www.siau.cat"],"url":"https:\/\/www.siau.cat\/index.php\/author\/admin\/"}]}},"jetpack_featured_media_url":"","jetpack_sharing_enabled":true,"_links":{"self":[{"href":"https:\/\/www.siau.cat\/index.php\/wp-json\/wp\/v2\/posts\/1857","targetHints":{"allow":["GET"]}}],"collection":[{"href":"https:\/\/www.siau.cat\/index.php\/wp-json\/wp\/v2\/posts"}],"about":[{"href":"https:\/\/www.siau.cat\/index.php\/wp-json\/wp\/v2\/types\/post"}],"author":[{"embeddable":true,"href":"https:\/\/www.siau.cat\/index.php\/wp-json\/wp\/v2\/users\/1"}],"replies":[{"embeddable":true,"href":"https:\/\/www.siau.cat\/index.php\/wp-json\/wp\/v2\/comments?post=1857"}],"version-history":[{"count":2,"href":"https:\/\/www.siau.cat\/index.php\/wp-json\/wp\/v2\/posts\/1857\/revisions"}],"predecessor-version":[{"id":1867,"href":"https:\/\/www.siau.cat\/index.php\/wp-json\/wp\/v2\/posts\/1857\/revisions\/1867"}],"wp:attachment":[{"href":"https:\/\/www.siau.cat\/index.php\/wp-json\/wp\/v2\/media?parent=1857"}],"wp:term":[{"taxonomy":"category","embeddable":true,"href":"https:\/\/www.siau.cat\/index.php\/wp-json\/wp\/v2\/categories?post=1857"},{"taxonomy":"post_tag","embeddable":true,"href":"https:\/\/www.siau.cat\/index.php\/wp-json\/wp\/v2\/tags?post=1857"}],"curies":[{"name":"wp","href":"https:\/\/api.w.org\/{rel}","templated":true}]}}