{"id":1869,"date":"2025-06-14T10:59:36","date_gmt":"2025-06-14T10:59:36","guid":{"rendered":"https:\/\/www.siau.cat\/?p=1869"},"modified":"2025-06-14T10:59:41","modified_gmt":"2025-06-14T10:59:41","slug":"siau-es-reuneix-amb-la-tercera-autoritat-de-lestat-espanyol-francina-armengol-al-seu-despatx-del-congres-dels-diputats","status":"publish","type":"post","link":"https:\/\/www.siau.cat\/index.php\/2025\/06\/14\/siau-es-reuneix-amb-la-tercera-autoritat-de-lestat-espanyol-francina-armengol-al-seu-despatx-del-congres-dels-diputats\/","title":{"rendered":"SIAU es reuneix amb la tercera autoritat de l\u2019Estat espanyol, Francina Armengol, al seu despatx del Congr\u00e9s dels Diputats"},"content":{"rendered":"\n<figure class=\"wp-block-image size-large\"><img loading=\"lazy\" decoding=\"async\" width=\"768\" height=\"1024\" src=\"https:\/\/www.siau.cat\/wp-content\/uploads\/2025\/06\/2-768x1024.jpg\" alt=\"\" class=\"wp-image-1870\" srcset=\"https:\/\/www.siau.cat\/wp-content\/uploads\/2025\/06\/2-768x1024.jpg 768w, https:\/\/www.siau.cat\/wp-content\/uploads\/2025\/06\/2-225x300.jpg 225w, https:\/\/www.siau.cat\/wp-content\/uploads\/2025\/06\/2-1152x1536.jpg 1152w, https:\/\/www.siau.cat\/wp-content\/uploads\/2025\/06\/2-1536x2048.jpg 1536w, https:\/\/www.siau.cat\/wp-content\/uploads\/2025\/06\/2-18x24.jpg 18w, https:\/\/www.siau.cat\/wp-content\/uploads\/2025\/06\/2-27x36.jpg 27w, https:\/\/www.siau.cat\/wp-content\/uploads\/2025\/06\/2-36x48.jpg 36w, https:\/\/www.siau.cat\/wp-content\/uploads\/2025\/06\/2-350x467.jpg 350w, https:\/\/www.siau.cat\/wp-content\/uploads\/2025\/06\/2-scaled.jpg 1920w\" sizes=\"auto, (max-width: 767px) 89vw, (max-width: 1000px) 54vw, (max-width: 1071px) 543px, 580px\" \/><figcaption class=\"wp-element-caption\">SIAU i la tercera autoritat de l\u2019Estat espanyol, Francina Armengol, al seu despatx del Congr\u00e9s dels Diputats<\/figcaption><\/figure>\n\n\n\n<p>Des de SIAU volem agrair la rebuda que ens han organitzat els responsables t\u00e8cnics i pol\u00edtics del Congr\u00e9s dels Diputats durant aquests darrers dies, un fet que contrasta radicalment amb el tarann\u00e0 actual dels responsables d\u2019Educaci\u00f3 a les Illes Balears, especialment quan ens referim als principals responsables de la Direcci\u00f3 General de Personal Docent i Centres Concertats. A aquests darrers no els hi vendria gens malament una mica m\u00e9s de professionalitat i una major conscienciaci\u00f3 de les seves responsabilitats institucionals i pol\u00edtiques, no nom\u00e9s envers nosaltres sin\u00f3 tamb\u00e9 envers els milers de docents que representam.<\/p>\n\n\n\n<p>Volem fer una menci\u00f3 especial a les persones que ens han acollit i que han estat a plena disposici\u00f3 nostra dins el Congr\u00e9s dels Diputats, mostrant-nos aspectes que fins fa poc desconeix\u00edem o que no sab\u00edem que existien.<\/p>\n\n\n\n<p>Representants del sindicat SIAU ens hem reunit amb na Francina Armengol al seu despatx del Congr\u00e9s dels Diputats. Amb ella hem tractat diverses q\u00fcestions que ens preocupen, especialment la greu situaci\u00f3 que pateixen els docents illencs i la deriva autorit\u00e0ria dels qui estan al capdavant de les institucions p\u00fabliques de les Balears. Li hem explicat quines accions durem a terme durant els mesos vinents i quines dates ja estan fixades. Tamb\u00e9 hem parlat de la privatitzaci\u00f3 que duu a terme el PP, desmantellant l\u2019escola p\u00fablica sense miraments (el tancament de l\u2019IES Polit\u00e8cnic i del CEIP Felip Bau\u00e7\u00e0 en s\u00f3n un clar exemple). D\u2019altra banda, hem abordat la import\u00e0ncia que les institucions donin exemple i la necessitat d\u2019independ\u00e8ncia entre els diferents estaments de la societat. La separaci\u00f3 de poders, aix\u00f2 que alguns es neguen a acceptar, \u00e9s irrenunciable per nosaltres.<\/p>\n\n\n\n<p>La reuni\u00f3 de SIAU amb la tercera autoritat de l\u2019Estat espanyol ha tingut lloc en una setmana en qu\u00e8 la pol\u00edtica estava al punt de mira de la ciutadania, una realitat que hem notat tant dins l&#8217;hemicicle com per als passadissos del Congr\u00e9s dels Diputats.<\/p>\n\n\n\n<figure class=\"wp-block-image size-large\"><img loading=\"lazy\" decoding=\"async\" width=\"1024\" height=\"768\" src=\"https:\/\/www.siau.cat\/wp-content\/uploads\/2025\/06\/1-1024x768.jpg\" alt=\"\" class=\"wp-image-1871\" srcset=\"https:\/\/www.siau.cat\/wp-content\/uploads\/2025\/06\/1-1024x768.jpg 1024w, https:\/\/www.siau.cat\/wp-content\/uploads\/2025\/06\/1-300x225.jpg 300w, https:\/\/www.siau.cat\/wp-content\/uploads\/2025\/06\/1-768x576.jpg 768w, https:\/\/www.siau.cat\/wp-content\/uploads\/2025\/06\/1-1536x1152.jpg 1536w, https:\/\/www.siau.cat\/wp-content\/uploads\/2025\/06\/1-2048x1536.jpg 2048w, https:\/\/www.siau.cat\/wp-content\/uploads\/2025\/06\/1-24x18.jpg 24w, https:\/\/www.siau.cat\/wp-content\/uploads\/2025\/06\/1-36x27.jpg 36w, https:\/\/www.siau.cat\/wp-content\/uploads\/2025\/06\/1-48x36.jpg 48w, https:\/\/www.siau.cat\/wp-content\/uploads\/2025\/06\/1-350x263.jpg 350w\" sizes=\"auto, (max-width: 767px) 89vw, (max-width: 1000px) 54vw, (max-width: 1071px) 543px, 580px\" \/><figcaption class=\"wp-element-caption\">SIAU assistint a un dels Plens del Congr\u00e9s dels Diputats<\/figcaption><\/figure>\n\n\n\n<p>Una altra reuni\u00f3 que hem mantingut ha estat amb la diputada del PSOE, Mar\u00eda Luz Mart\u00ednez. En aquesta trobada hem tractat q\u00fcestions educatives de compet\u00e8ncia estatal, per\u00f2 tamb\u00e9 algunes que s\u00f3n auton\u00f2miques i que continuen sense resoldre\u2019s. Sobre la q\u00fcesti\u00f3 de l\u2019ab\u00fas de temporalitat, se\u2019ns ha explicat en quin punt es troba, i hem conegut l\u2019opini\u00f3 de la Sra. Mart\u00ednez. La darrera estabilitzaci\u00f3 va tenir lloc fa poc, i des del sindicat li hem transm\u00e8s un ventall de possibles solucions que passen per la reforma de la Llei de funci\u00f3 p\u00fablica i la Llei de l\u2019estatut b\u00e0sic de l\u2019empleat p\u00fablic. Tamb\u00e9 hem parlat de la necessitat de dignificar la professi\u00f3 docent i de com les eines legislatives estatals poden contribuir a aquest objectiu. Un altre tema tractat ha estat el de les retribucions docents i les difer\u00e8ncies que existeixen entre els diferents territoris, aix\u00ed com la necessitat que existeixi una vertadera carrera professional i no el que tenim actualment a les Illes Balears, que \u00e9s un insult a la intel\u00b7lig\u00e8ncia. Aquesta &#8220;carrera professional&#8221; nom\u00e9s en t\u00e9 el nom, tal com l&#8217;han batiada aquells que pretenen blanquejar la nefasta gesti\u00f3 de la Conselleria d\u2019Educaci\u00f3. Evidentment, tamb\u00e9 hem abordat, entre altres temes que de moment no detallarem, el cost de vida al nostre territori, la manca d\u2019habitatge i la croada contra la llengua catalana que la dreta i l&#8217;extrema dreta han pactat.<\/p>\n\n\n\n<figure class=\"wp-block-image size-large\"><img loading=\"lazy\" decoding=\"async\" width=\"768\" height=\"1024\" src=\"https:\/\/www.siau.cat\/wp-content\/uploads\/2025\/06\/3-768x1024.jpg\" alt=\"\" class=\"wp-image-1872\" srcset=\"https:\/\/www.siau.cat\/wp-content\/uploads\/2025\/06\/3-768x1024.jpg 768w, https:\/\/www.siau.cat\/wp-content\/uploads\/2025\/06\/3-225x300.jpg 225w, https:\/\/www.siau.cat\/wp-content\/uploads\/2025\/06\/3-1152x1536.jpg 1152w, https:\/\/www.siau.cat\/wp-content\/uploads\/2025\/06\/3-1536x2048.jpg 1536w, https:\/\/www.siau.cat\/wp-content\/uploads\/2025\/06\/3-18x24.jpg 18w, https:\/\/www.siau.cat\/wp-content\/uploads\/2025\/06\/3-27x36.jpg 27w, https:\/\/www.siau.cat\/wp-content\/uploads\/2025\/06\/3-36x48.jpg 36w, https:\/\/www.siau.cat\/wp-content\/uploads\/2025\/06\/3-350x467.jpg 350w, https:\/\/www.siau.cat\/wp-content\/uploads\/2025\/06\/3-scaled.jpg 1920w\" sizes=\"auto, (max-width: 767px) 89vw, (max-width: 1000px) 54vw, (max-width: 1071px) 543px, 580px\" \/><figcaption class=\"wp-element-caption\">Reuni\u00f3 de SIAU amb la diputada del PSOE Mar\u00eda Luz Mart\u00ednez<\/figcaption><\/figure>\n\n\n\n<p>SIAU fa una valoraci\u00f3 positiva de les reunions amb diputats del PSOE perqu\u00e8 s&#8217;han posat damunt la taula solucions que, si es materialitzen a escala estatal, podrien donar sortida a nombroses problem\u00e0tiques que pateix el nostre territori, com per exemple la fuga constant de docents, un fenomen que el nostre sindicat va denunciar p\u00fablicament en prim\u00edcia.<\/p>\n\n\n\n<p>Recordau estar atents, perqu\u00e8 aviat tornarem a informar-vos de les reunions que portam a terme durant el mes de juny i de com avancen les nostres propostes de millora que anam posant sobre la taula.<\/p>\n","protected":false},"excerpt":{"rendered":"<p>Des de SIAU volem agrair la rebuda que ens han organitzat els responsables t\u00e8cnics i pol\u00edtics del Congr\u00e9s dels Diputats durant aquests darrers dies, un fet que contrasta radicalment amb el tarann\u00e0 actual dels responsables d\u2019Educaci\u00f3 a les Illes Balears, especialment quan ens referim als principals responsables de la Direcci\u00f3 General de Personal Docent i &hellip; <\/p>\n<p class=\"link-more\"><a href=\"https:\/\/www.siau.cat\/index.php\/2025\/06\/14\/siau-es-reuneix-amb-la-tercera-autoritat-de-lestat-espanyol-francina-armengol-al-seu-despatx-del-congres-dels-diputats\/\" class=\"more-link\">Continua llegint <span class=\"screen-reader-text\">\u00abSIAU es reuneix amb la tercera autoritat de l\u2019Estat espanyol, Francina Armengol, al seu despatx del Congr\u00e9s dels Diputats\u00bb<\/span><\/a><\/p>\n","protected":false},"author":1,"featured_media":0,"comment_status":"closed","ping_status":"open","sticky":false,"template":"","format":"standard","meta":{"_jetpack_memberships_contains_paid_content":false,"footnotes":""},"categories":[1],"tags":[],"class_list":["post-1869","post","type-post","status-publish","format-standard","hentry","category-uncategorized"],"yoast_head":"<!-- This site is optimized with the Yoast SEO plugin v25.4 - https:\/\/yoast.com\/wordpress\/plugins\/seo\/ -->\n<title>SIAU es reuneix amb la tercera autoritat de l\u2019Estat espanyol, Francina Armengol, al seu despatx del Congr\u00e9s dels Diputats &#8212; SIAU - SINDICAT INDEPENDENT, AUT\u00d2NOM I UNITARI<\/title>\n<meta name=\"robots\" content=\"index, follow, max-snippet:-1, max-image-preview:large, max-video-preview:-1\" \/>\n<link rel=\"canonical\" href=\"https:\/\/www.siau.cat\/index.php\/2025\/06\/14\/siau-es-reuneix-amb-la-tercera-autoritat-de-lestat-espanyol-francina-armengol-al-seu-despatx-del-congres-dels-diputats\/\" \/>\n<meta property=\"og:locale\" content=\"ca_ES\" \/>\n<meta property=\"og:type\" content=\"article\" \/>\n<meta property=\"og:title\" content=\"SIAU es reuneix amb la tercera autoritat de l\u2019Estat espanyol, Francina Armengol, al seu despatx del Congr\u00e9s dels Diputats &#8212; SIAU - SINDICAT INDEPENDENT, AUT\u00d2NOM I UNITARI\" \/>\n<meta property=\"og:description\" content=\"Des de SIAU volem agrair la rebuda que ens han organitzat els responsables t\u00e8cnics i pol\u00edtics del Congr\u00e9s dels Diputats durant aquests darrers dies, un fet que contrasta radicalment amb el tarann\u00e0 actual dels responsables d\u2019Educaci\u00f3 a les Illes Balears, especialment quan ens referim als principals responsables de la Direcci\u00f3 General de Personal Docent i &hellip; Continua llegint \u00abSIAU es reuneix amb la tercera autoritat de l\u2019Estat espanyol, Francina Armengol, al seu despatx del Congr\u00e9s dels Diputats\u00bb\" \/>\n<meta property=\"og:url\" content=\"https:\/\/www.siau.cat\/index.php\/2025\/06\/14\/siau-es-reuneix-amb-la-tercera-autoritat-de-lestat-espanyol-francina-armengol-al-seu-despatx-del-congres-dels-diputats\/\" \/>\n<meta property=\"og:site_name\" content=\"SIAU - SINDICAT INDEPENDENT, AUT\u00d2NOM I UNITARI\" \/>\n<meta property=\"article:published_time\" content=\"2025-06-14T10:59:36+00:00\" \/>\n<meta property=\"article:modified_time\" content=\"2025-06-14T10:59:41+00:00\" \/>\n<meta property=\"og:image\" content=\"https:\/\/www.siau.cat\/wp-content\/uploads\/2025\/06\/2-scaled.jpg\" \/>\n\t<meta property=\"og:image:width\" content=\"1920\" \/>\n\t<meta property=\"og:image:height\" content=\"2560\" \/>\n\t<meta property=\"og:image:type\" content=\"image\/jpeg\" \/>\n<meta name=\"author\" content=\"admin\" \/>\n<meta name=\"twitter:card\" content=\"summary_large_image\" \/>\n<meta name=\"twitter:label1\" content=\"Escrit per\" \/>\n\t<meta name=\"twitter:data1\" content=\"admin\" \/>\n\t<meta name=\"twitter:label2\" content=\"Temps estimat de lectura\" \/>\n\t<meta name=\"twitter:data2\" content=\"5 minuts\" \/>\n<script type=\"application\/ld+json\" class=\"yoast-schema-graph\">{\"@context\":\"https:\/\/schema.org\",\"@graph\":[{\"@type\":\"Article\",\"@id\":\"https:\/\/www.siau.cat\/index.php\/2025\/06\/14\/siau-es-reuneix-amb-la-tercera-autoritat-de-lestat-espanyol-francina-armengol-al-seu-despatx-del-congres-dels-diputats\/#article\",\"isPartOf\":{\"@id\":\"https:\/\/www.siau.cat\/index.php\/2025\/06\/14\/siau-es-reuneix-amb-la-tercera-autoritat-de-lestat-espanyol-francina-armengol-al-seu-despatx-del-congres-dels-diputats\/\"},\"author\":{\"name\":\"admin\",\"@id\":\"https:\/\/www.siau.cat\/#\/schema\/person\/810c15694a7e538934bb4be53ebcba0d\"},\"headline\":\"SIAU es reuneix amb la tercera autoritat de l\u2019Estat espanyol, Francina Armengol, al seu despatx del Congr\u00e9s dels Diputats\",\"datePublished\":\"2025-06-14T10:59:36+00:00\",\"dateModified\":\"2025-06-14T10:59:41+00:00\",\"mainEntityOfPage\":{\"@id\":\"https:\/\/www.siau.cat\/index.php\/2025\/06\/14\/siau-es-reuneix-amb-la-tercera-autoritat-de-lestat-espanyol-francina-armengol-al-seu-despatx-del-congres-dels-diputats\/\"},\"wordCount\":760,\"publisher\":{\"@id\":\"https:\/\/www.siau.cat\/#organization\"},\"image\":{\"@id\":\"https:\/\/www.siau.cat\/index.php\/2025\/06\/14\/siau-es-reuneix-amb-la-tercera-autoritat-de-lestat-espanyol-francina-armengol-al-seu-despatx-del-congres-dels-diputats\/#primaryimage\"},\"thumbnailUrl\":\"https:\/\/www.siau.cat\/wp-content\/uploads\/2025\/06\/2-768x1024.jpg\",\"articleSection\":[\"Uncategorized\"],\"inLanguage\":\"ca\"},{\"@type\":\"WebPage\",\"@id\":\"https:\/\/www.siau.cat\/index.php\/2025\/06\/14\/siau-es-reuneix-amb-la-tercera-autoritat-de-lestat-espanyol-francina-armengol-al-seu-despatx-del-congres-dels-diputats\/\",\"url\":\"https:\/\/www.siau.cat\/index.php\/2025\/06\/14\/siau-es-reuneix-amb-la-tercera-autoritat-de-lestat-espanyol-francina-armengol-al-seu-despatx-del-congres-dels-diputats\/\",\"name\":\"SIAU es reuneix amb la tercera autoritat de l\u2019Estat espanyol, Francina Armengol, al seu despatx del Congr\u00e9s dels Diputats &#8212; SIAU - SINDICAT INDEPENDENT, AUT\u00d2NOM I UNITARI\",\"isPartOf\":{\"@id\":\"https:\/\/www.siau.cat\/#website\"},\"primaryImageOfPage\":{\"@id\":\"https:\/\/www.siau.cat\/index.php\/2025\/06\/14\/siau-es-reuneix-amb-la-tercera-autoritat-de-lestat-espanyol-francina-armengol-al-seu-despatx-del-congres-dels-diputats\/#primaryimage\"},\"image\":{\"@id\":\"https:\/\/www.siau.cat\/index.php\/2025\/06\/14\/siau-es-reuneix-amb-la-tercera-autoritat-de-lestat-espanyol-francina-armengol-al-seu-despatx-del-congres-dels-diputats\/#primaryimage\"},\"thumbnailUrl\":\"https:\/\/www.siau.cat\/wp-content\/uploads\/2025\/06\/2-768x1024.jpg\",\"datePublished\":\"2025-06-14T10:59:36+00:00\",\"dateModified\":\"2025-06-14T10:59:41+00:00\",\"breadcrumb\":{\"@id\":\"https:\/\/www.siau.cat\/index.php\/2025\/06\/14\/siau-es-reuneix-amb-la-tercera-autoritat-de-lestat-espanyol-francina-armengol-al-seu-despatx-del-congres-dels-diputats\/#breadcrumb\"},\"inLanguage\":\"ca\",\"potentialAction\":[{\"@type\":\"ReadAction\",\"target\":[\"https:\/\/www.siau.cat\/index.php\/2025\/06\/14\/siau-es-reuneix-amb-la-tercera-autoritat-de-lestat-espanyol-francina-armengol-al-seu-despatx-del-congres-dels-diputats\/\"]}]},{\"@type\":\"ImageObject\",\"inLanguage\":\"ca\",\"@id\":\"https:\/\/www.siau.cat\/index.php\/2025\/06\/14\/siau-es-reuneix-amb-la-tercera-autoritat-de-lestat-espanyol-francina-armengol-al-seu-despatx-del-congres-dels-diputats\/#primaryimage\",\"url\":\"https:\/\/www.siau.cat\/wp-content\/uploads\/2025\/06\/2-scaled.jpg\",\"contentUrl\":\"https:\/\/www.siau.cat\/wp-content\/uploads\/2025\/06\/2-scaled.jpg\",\"width\":1920,\"height\":2560},{\"@type\":\"BreadcrumbList\",\"@id\":\"https:\/\/www.siau.cat\/index.php\/2025\/06\/14\/siau-es-reuneix-amb-la-tercera-autoritat-de-lestat-espanyol-francina-armengol-al-seu-despatx-del-congres-dels-diputats\/#breadcrumb\",\"itemListElement\":[{\"@type\":\"ListItem\",\"position\":1,\"name\":\"Inici\",\"item\":\"https:\/\/www.siau.cat\/\"},{\"@type\":\"ListItem\",\"position\":2,\"name\":\"SIAU es reuneix amb la tercera autoritat de l\u2019Estat espanyol, Francina Armengol, al seu despatx del Congr\u00e9s dels Diputats\"}]},{\"@type\":\"WebSite\",\"@id\":\"https:\/\/www.siau.cat\/#website\",\"url\":\"https:\/\/www.siau.cat\/\",\"name\":\"SIAU - SINDICAT INDEPENDENT, AUT\u00d2NOM I UNITARI\",\"description\":\"Ara s&iacute; que tenim la veu\",\"publisher\":{\"@id\":\"https:\/\/www.siau.cat\/#organization\"},\"potentialAction\":[{\"@type\":\"SearchAction\",\"target\":{\"@type\":\"EntryPoint\",\"urlTemplate\":\"https:\/\/www.siau.cat\/?s={search_term_string}\"},\"query-input\":{\"@type\":\"PropertyValueSpecification\",\"valueRequired\":true,\"valueName\":\"search_term_string\"}}],\"inLanguage\":\"ca\"},{\"@type\":\"Organization\",\"@id\":\"https:\/\/www.siau.cat\/#organization\",\"name\":\"SIAU\",\"url\":\"https:\/\/www.siau.cat\/\",\"logo\":{\"@type\":\"ImageObject\",\"inLanguage\":\"ca\",\"@id\":\"https:\/\/www.siau.cat\/#\/schema\/logo\/image\/\",\"url\":\"https:\/\/www.siau.cat\/wp-content\/uploads\/2022\/03\/cropped-resized_LOGO-SIAU-5-e1652020847972.jpg\",\"contentUrl\":\"https:\/\/www.siau.cat\/wp-content\/uploads\/2022\/03\/cropped-resized_LOGO-SIAU-5-e1652020847972.jpg\",\"width\":1600,\"height\":1200,\"caption\":\"SIAU\"},\"image\":{\"@id\":\"https:\/\/www.siau.cat\/#\/schema\/logo\/image\/\"}},{\"@type\":\"Person\",\"@id\":\"https:\/\/www.siau.cat\/#\/schema\/person\/810c15694a7e538934bb4be53ebcba0d\",\"name\":\"admin\",\"image\":{\"@type\":\"ImageObject\",\"inLanguage\":\"ca\",\"@id\":\"https:\/\/www.siau.cat\/#\/schema\/person\/image\/\",\"url\":\"https:\/\/www.siau.cat\/wp-content\/litespeed\/avatar\/d73ebfac3daa0b52552b2ccea63469da.jpg?ver=1777403609\",\"contentUrl\":\"https:\/\/www.siau.cat\/wp-content\/litespeed\/avatar\/d73ebfac3daa0b52552b2ccea63469da.jpg?ver=1777403609\",\"caption\":\"admin\"},\"sameAs\":[\"https:\/\/www.siau.cat\"],\"url\":\"https:\/\/www.siau.cat\/index.php\/author\/admin\/\"}]}<\/script>\n<!-- \/ Yoast SEO plugin. -->","yoast_head_json":{"title":"SIAU es reuneix amb la tercera autoritat de l\u2019Estat espanyol, Francina Armengol, al seu despatx del Congr\u00e9s dels Diputats &#8212; SIAU - SINDICAT INDEPENDENT, AUT\u00d2NOM I UNITARI","robots":{"index":"index","follow":"follow","max-snippet":"max-snippet:-1","max-image-preview":"max-image-preview:large","max-video-preview":"max-video-preview:-1"},"canonical":"https:\/\/www.siau.cat\/index.php\/2025\/06\/14\/siau-es-reuneix-amb-la-tercera-autoritat-de-lestat-espanyol-francina-armengol-al-seu-despatx-del-congres-dels-diputats\/","og_locale":"ca_ES","og_type":"article","og_title":"SIAU es reuneix amb la tercera autoritat de l\u2019Estat espanyol, Francina Armengol, al seu despatx del Congr\u00e9s dels Diputats &#8212; SIAU - SINDICAT INDEPENDENT, AUT\u00d2NOM I UNITARI","og_description":"Des de SIAU volem agrair la rebuda que ens han organitzat els responsables t\u00e8cnics i pol\u00edtics del Congr\u00e9s dels Diputats durant aquests darrers dies, un fet que contrasta radicalment amb el tarann\u00e0 actual dels responsables d\u2019Educaci\u00f3 a les Illes Balears, especialment quan ens referim als principals responsables de la Direcci\u00f3 General de Personal Docent i &hellip; Continua llegint \u00abSIAU es reuneix amb la tercera autoritat de l\u2019Estat espanyol, Francina Armengol, al seu despatx del Congr\u00e9s dels Diputats\u00bb","og_url":"https:\/\/www.siau.cat\/index.php\/2025\/06\/14\/siau-es-reuneix-amb-la-tercera-autoritat-de-lestat-espanyol-francina-armengol-al-seu-despatx-del-congres-dels-diputats\/","og_site_name":"SIAU - SINDICAT INDEPENDENT, AUT\u00d2NOM I UNITARI","article_published_time":"2025-06-14T10:59:36+00:00","article_modified_time":"2025-06-14T10:59:41+00:00","og_image":[{"width":1920,"height":2560,"url":"https:\/\/www.siau.cat\/wp-content\/uploads\/2025\/06\/2-scaled.jpg","type":"image\/jpeg"}],"author":"admin","twitter_card":"summary_large_image","twitter_misc":{"Escrit per":"admin","Temps estimat de lectura":"5 minuts"},"schema":{"@context":"https:\/\/schema.org","@graph":[{"@type":"Article","@id":"https:\/\/www.siau.cat\/index.php\/2025\/06\/14\/siau-es-reuneix-amb-la-tercera-autoritat-de-lestat-espanyol-francina-armengol-al-seu-despatx-del-congres-dels-diputats\/#article","isPartOf":{"@id":"https:\/\/www.siau.cat\/index.php\/2025\/06\/14\/siau-es-reuneix-amb-la-tercera-autoritat-de-lestat-espanyol-francina-armengol-al-seu-despatx-del-congres-dels-diputats\/"},"author":{"name":"admin","@id":"https:\/\/www.siau.cat\/#\/schema\/person\/810c15694a7e538934bb4be53ebcba0d"},"headline":"SIAU es reuneix amb la tercera autoritat de l\u2019Estat espanyol, Francina Armengol, al seu despatx del Congr\u00e9s dels Diputats","datePublished":"2025-06-14T10:59:36+00:00","dateModified":"2025-06-14T10:59:41+00:00","mainEntityOfPage":{"@id":"https:\/\/www.siau.cat\/index.php\/2025\/06\/14\/siau-es-reuneix-amb-la-tercera-autoritat-de-lestat-espanyol-francina-armengol-al-seu-despatx-del-congres-dels-diputats\/"},"wordCount":760,"publisher":{"@id":"https:\/\/www.siau.cat\/#organization"},"image":{"@id":"https:\/\/www.siau.cat\/index.php\/2025\/06\/14\/siau-es-reuneix-amb-la-tercera-autoritat-de-lestat-espanyol-francina-armengol-al-seu-despatx-del-congres-dels-diputats\/#primaryimage"},"thumbnailUrl":"https:\/\/www.siau.cat\/wp-content\/uploads\/2025\/06\/2-768x1024.jpg","articleSection":["Uncategorized"],"inLanguage":"ca"},{"@type":"WebPage","@id":"https:\/\/www.siau.cat\/index.php\/2025\/06\/14\/siau-es-reuneix-amb-la-tercera-autoritat-de-lestat-espanyol-francina-armengol-al-seu-despatx-del-congres-dels-diputats\/","url":"https:\/\/www.siau.cat\/index.php\/2025\/06\/14\/siau-es-reuneix-amb-la-tercera-autoritat-de-lestat-espanyol-francina-armengol-al-seu-despatx-del-congres-dels-diputats\/","name":"SIAU es reuneix amb la tercera autoritat de l\u2019Estat espanyol, Francina Armengol, al seu despatx del Congr\u00e9s dels Diputats &#8212; SIAU - SINDICAT INDEPENDENT, AUT\u00d2NOM I UNITARI","isPartOf":{"@id":"https:\/\/www.siau.cat\/#website"},"primaryImageOfPage":{"@id":"https:\/\/www.siau.cat\/index.php\/2025\/06\/14\/siau-es-reuneix-amb-la-tercera-autoritat-de-lestat-espanyol-francina-armengol-al-seu-despatx-del-congres-dels-diputats\/#primaryimage"},"image":{"@id":"https:\/\/www.siau.cat\/index.php\/2025\/06\/14\/siau-es-reuneix-amb-la-tercera-autoritat-de-lestat-espanyol-francina-armengol-al-seu-despatx-del-congres-dels-diputats\/#primaryimage"},"thumbnailUrl":"https:\/\/www.siau.cat\/wp-content\/uploads\/2025\/06\/2-768x1024.jpg","datePublished":"2025-06-14T10:59:36+00:00","dateModified":"2025-06-14T10:59:41+00:00","breadcrumb":{"@id":"https:\/\/www.siau.cat\/index.php\/2025\/06\/14\/siau-es-reuneix-amb-la-tercera-autoritat-de-lestat-espanyol-francina-armengol-al-seu-despatx-del-congres-dels-diputats\/#breadcrumb"},"inLanguage":"ca","potentialAction":[{"@type":"ReadAction","target":["https:\/\/www.siau.cat\/index.php\/2025\/06\/14\/siau-es-reuneix-amb-la-tercera-autoritat-de-lestat-espanyol-francina-armengol-al-seu-despatx-del-congres-dels-diputats\/"]}]},{"@type":"ImageObject","inLanguage":"ca","@id":"https:\/\/www.siau.cat\/index.php\/2025\/06\/14\/siau-es-reuneix-amb-la-tercera-autoritat-de-lestat-espanyol-francina-armengol-al-seu-despatx-del-congres-dels-diputats\/#primaryimage","url":"https:\/\/www.siau.cat\/wp-content\/uploads\/2025\/06\/2-scaled.jpg","contentUrl":"https:\/\/www.siau.cat\/wp-content\/uploads\/2025\/06\/2-scaled.jpg","width":1920,"height":2560},{"@type":"BreadcrumbList","@id":"https:\/\/www.siau.cat\/index.php\/2025\/06\/14\/siau-es-reuneix-amb-la-tercera-autoritat-de-lestat-espanyol-francina-armengol-al-seu-despatx-del-congres-dels-diputats\/#breadcrumb","itemListElement":[{"@type":"ListItem","position":1,"name":"Inici","item":"https:\/\/www.siau.cat\/"},{"@type":"ListItem","position":2,"name":"SIAU es reuneix amb la tercera autoritat de l\u2019Estat espanyol, Francina Armengol, al seu despatx del Congr\u00e9s dels Diputats"}]},{"@type":"WebSite","@id":"https:\/\/www.siau.cat\/#website","url":"https:\/\/www.siau.cat\/","name":"SIAU - SINDICAT INDEPENDENT, AUT\u00d2NOM I UNITARI","description":"Ara s&iacute; que tenim la veu","publisher":{"@id":"https:\/\/www.siau.cat\/#organization"},"potentialAction":[{"@type":"SearchAction","target":{"@type":"EntryPoint","urlTemplate":"https:\/\/www.siau.cat\/?s={search_term_string}"},"query-input":{"@type":"PropertyValueSpecification","valueRequired":true,"valueName":"search_term_string"}}],"inLanguage":"ca"},{"@type":"Organization","@id":"https:\/\/www.siau.cat\/#organization","name":"SIAU","url":"https:\/\/www.siau.cat\/","logo":{"@type":"ImageObject","inLanguage":"ca","@id":"https:\/\/www.siau.cat\/#\/schema\/logo\/image\/","url":"https:\/\/www.siau.cat\/wp-content\/uploads\/2022\/03\/cropped-resized_LOGO-SIAU-5-e1652020847972.jpg","contentUrl":"https:\/\/www.siau.cat\/wp-content\/uploads\/2022\/03\/cropped-resized_LOGO-SIAU-5-e1652020847972.jpg","width":1600,"height":1200,"caption":"SIAU"},"image":{"@id":"https:\/\/www.siau.cat\/#\/schema\/logo\/image\/"}},{"@type":"Person","@id":"https:\/\/www.siau.cat\/#\/schema\/person\/810c15694a7e538934bb4be53ebcba0d","name":"admin","image":{"@type":"ImageObject","inLanguage":"ca","@id":"https:\/\/www.siau.cat\/#\/schema\/person\/image\/","url":"https:\/\/www.siau.cat\/wp-content\/litespeed\/avatar\/d73ebfac3daa0b52552b2ccea63469da.jpg?ver=1777403609","contentUrl":"https:\/\/www.siau.cat\/wp-content\/litespeed\/avatar\/d73ebfac3daa0b52552b2ccea63469da.jpg?ver=1777403609","caption":"admin"},"sameAs":["https:\/\/www.siau.cat"],"url":"https:\/\/www.siau.cat\/index.php\/author\/admin\/"}]}},"jetpack_featured_media_url":"","jetpack_sharing_enabled":true,"_links":{"self":[{"href":"https:\/\/www.siau.cat\/index.php\/wp-json\/wp\/v2\/posts\/1869","targetHints":{"allow":["GET"]}}],"collection":[{"href":"https:\/\/www.siau.cat\/index.php\/wp-json\/wp\/v2\/posts"}],"about":[{"href":"https:\/\/www.siau.cat\/index.php\/wp-json\/wp\/v2\/types\/post"}],"author":[{"embeddable":true,"href":"https:\/\/www.siau.cat\/index.php\/wp-json\/wp\/v2\/users\/1"}],"replies":[{"embeddable":true,"href":"https:\/\/www.siau.cat\/index.php\/wp-json\/wp\/v2\/comments?post=1869"}],"version-history":[{"count":1,"href":"https:\/\/www.siau.cat\/index.php\/wp-json\/wp\/v2\/posts\/1869\/revisions"}],"predecessor-version":[{"id":1873,"href":"https:\/\/www.siau.cat\/index.php\/wp-json\/wp\/v2\/posts\/1869\/revisions\/1873"}],"wp:attachment":[{"href":"https:\/\/www.siau.cat\/index.php\/wp-json\/wp\/v2\/media?parent=1869"}],"wp:term":[{"taxonomy":"category","embeddable":true,"href":"https:\/\/www.siau.cat\/index.php\/wp-json\/wp\/v2\/categories?post=1869"},{"taxonomy":"post_tag","embeddable":true,"href":"https:\/\/www.siau.cat\/index.php\/wp-json\/wp\/v2\/tags?post=1869"}],"curies":[{"name":"wp","href":"https:\/\/api.w.org\/{rel}","templated":true}]}}