{"id":1874,"date":"2025-06-16T11:17:05","date_gmt":"2025-06-16T11:17:05","guid":{"rendered":"https:\/\/www.siau.cat\/?p=1874"},"modified":"2025-06-16T11:17:10","modified_gmt":"2025-06-16T11:17:10","slug":"siau-es-reuneix-amb-diputats-derc-al-congres-dels-diputats","status":"publish","type":"post","link":"https:\/\/www.siau.cat\/index.php\/2025\/06\/16\/siau-es-reuneix-amb-diputats-derc-al-congres-dels-diputats\/","title":{"rendered":"SIAU es reuneix amb diputats d\u2019ERC al Congr\u00e9s dels Diputats"},"content":{"rendered":"\n<figure class=\"wp-block-image size-large\"><img loading=\"lazy\" decoding=\"async\" width=\"1024\" height=\"768\" src=\"https:\/\/www.siau.cat\/wp-content\/uploads\/2025\/06\/9-1024x768.jpg\" alt=\"\" class=\"wp-image-1875\" srcset=\"https:\/\/www.siau.cat\/wp-content\/uploads\/2025\/06\/9-1024x768.jpg 1024w, https:\/\/www.siau.cat\/wp-content\/uploads\/2025\/06\/9-300x225.jpg 300w, https:\/\/www.siau.cat\/wp-content\/uploads\/2025\/06\/9-768x576.jpg 768w, https:\/\/www.siau.cat\/wp-content\/uploads\/2025\/06\/9-1536x1152.jpg 1536w, https:\/\/www.siau.cat\/wp-content\/uploads\/2025\/06\/9-2048x1536.jpg 2048w, https:\/\/www.siau.cat\/wp-content\/uploads\/2025\/06\/9-24x18.jpg 24w, https:\/\/www.siau.cat\/wp-content\/uploads\/2025\/06\/9-36x27.jpg 36w, https:\/\/www.siau.cat\/wp-content\/uploads\/2025\/06\/9-48x36.jpg 48w, https:\/\/www.siau.cat\/wp-content\/uploads\/2025\/06\/9-350x263.jpg 350w\" sizes=\"auto, (max-width: 767px) 89vw, (max-width: 1000px) 54vw, (max-width: 1071px) 543px, 580px\" \/><figcaption class=\"wp-element-caption\">SIAU amb el diputat d&#8217;ERC Gabriel Rufi\u00e1n<\/figcaption><\/figure>\n\n\n\n<p>SIAU s\u2019ha reunit amb diputats d\u2019ERC al Congr\u00e9s dels Diputats per demanar-los que donin suport a les nostres demandes sindicals en relaci\u00f3 amb les futures reformes de lleis importants que afecten directament el nostre \u00e0mbit educatiu.<\/p>\n\n\n\n<p>D\u2019en\u00e7\u00e0 de la darrera estabilitzaci\u00f3 de docents en situaci\u00f3 d\u2019ab\u00fas de temporalitat, el nombre d\u2019afectats en aquest aspecte no ha deixat d\u2019incrementar-se. Una de les solucions a aquesta problem\u00e0tica passa per la reforma de la Llei de la funci\u00f3 p\u00fablica i de l\u2019Estatut b\u00e0sic de l\u2019empleat p\u00fablic, per\u00f2 no \u00e9s l\u2019\u00fanica; n\u2019hi ha d\u2019altres que tamb\u00e9 es poden dur a terme. Des d\u2019ERC se\u2019ns ha escoltat i mantindrem el contacte per avan\u00e7ar en aquest i altres temes, com ara la manca de professorat i la necessitat de dignificar la nostra professi\u00f3.<\/p>\n\n\n\n<figure class=\"wp-block-image size-large\"><img loading=\"lazy\" decoding=\"async\" width=\"884\" height=\"1024\" src=\"https:\/\/www.siau.cat\/wp-content\/uploads\/2025\/06\/10-884x1024.jpg\" alt=\"\" class=\"wp-image-1876\" srcset=\"https:\/\/www.siau.cat\/wp-content\/uploads\/2025\/06\/10-884x1024.jpg 884w, https:\/\/www.siau.cat\/wp-content\/uploads\/2025\/06\/10-259x300.jpg 259w, https:\/\/www.siau.cat\/wp-content\/uploads\/2025\/06\/10-768x890.jpg 768w, https:\/\/www.siau.cat\/wp-content\/uploads\/2025\/06\/10-1326x1536.jpg 1326w, https:\/\/www.siau.cat\/wp-content\/uploads\/2025\/06\/10-1768x2048.jpg 1768w, https:\/\/www.siau.cat\/wp-content\/uploads\/2025\/06\/10-21x24.jpg 21w, https:\/\/www.siau.cat\/wp-content\/uploads\/2025\/06\/10-31x36.jpg 31w, https:\/\/www.siau.cat\/wp-content\/uploads\/2025\/06\/10-41x48.jpg 41w, https:\/\/www.siau.cat\/wp-content\/uploads\/2025\/06\/10-350x405.jpg 350w\" sizes=\"auto, (max-width: 767px) 89vw, (max-width: 1000px) 54vw, (max-width: 1071px) 543px, 580px\" \/><figcaption class=\"wp-element-caption\">SIAU amb la diputada d&#8217;ERC Etna Estrems<\/figcaption><\/figure>\n\n\n\n<p>Aix\u00ed mateix, hem tractat els atacs que pateix la llengua catalana a les Illes Balears i a altres territoris. Per tal de fer pressi\u00f3 des de Madrid i contribuir a revertir aquesta situaci\u00f3, es treballar\u00e0 conjuntament per vehicular accions entre ERC i altres partits pol\u00edtics compromesos amb el catal\u00e0. Cal prendre consci\u00e8ncia del moment que vivim i entendre que ens podem trobar davant d\u2019un punt de no retorn si no s\u2019actua amb rapidesa.<\/p>\n\n\n\n<p>Per acabar, durant els pr\u00f2xims dies es facilitaran a ERC algunes propostes d\u2019esmenes a projectes de llei que consideram que podrien contribuir positivament a resoldre problem\u00e0tiques com, entre d\u2019altres, la de l\u2019ab\u00fas de temporalitat.<\/p>\n","protected":false},"excerpt":{"rendered":"<p>SIAU s\u2019ha reunit amb diputats d\u2019ERC al Congr\u00e9s dels Diputats per demanar-los que donin suport a les nostres demandes sindicals en relaci\u00f3 amb les futures reformes de lleis importants que afecten directament el nostre \u00e0mbit educatiu. D\u2019en\u00e7\u00e0 de la darrera estabilitzaci\u00f3 de docents en situaci\u00f3 d\u2019ab\u00fas de temporalitat, el nombre d\u2019afectats en aquest aspecte no &hellip; <\/p>\n<p class=\"link-more\"><a href=\"https:\/\/www.siau.cat\/index.php\/2025\/06\/16\/siau-es-reuneix-amb-diputats-derc-al-congres-dels-diputats\/\" class=\"more-link\">Continua llegint <span class=\"screen-reader-text\">\u00abSIAU es reuneix amb diputats d\u2019ERC al Congr\u00e9s dels Diputats\u00bb<\/span><\/a><\/p>\n","protected":false},"author":1,"featured_media":0,"comment_status":"closed","ping_status":"open","sticky":false,"template":"","format":"standard","meta":{"_jetpack_memberships_contains_paid_content":false,"footnotes":""},"categories":[1],"tags":[],"class_list":["post-1874","post","type-post","status-publish","format-standard","hentry","category-uncategorized"],"yoast_head":"<!-- This site is optimized with the Yoast SEO plugin v25.4 - https:\/\/yoast.com\/wordpress\/plugins\/seo\/ -->\n<title>SIAU es reuneix amb diputats d\u2019ERC al Congr\u00e9s dels Diputats &#8212; SIAU - SINDICAT INDEPENDENT, AUT\u00d2NOM I UNITARI<\/title>\n<meta name=\"robots\" content=\"index, follow, max-snippet:-1, max-image-preview:large, max-video-preview:-1\" \/>\n<link rel=\"canonical\" href=\"https:\/\/www.siau.cat\/index.php\/2025\/06\/16\/siau-es-reuneix-amb-diputats-derc-al-congres-dels-diputats\/\" \/>\n<meta property=\"og:locale\" content=\"ca_ES\" \/>\n<meta property=\"og:type\" content=\"article\" \/>\n<meta property=\"og:title\" content=\"SIAU es reuneix amb diputats d\u2019ERC al Congr\u00e9s dels Diputats &#8212; SIAU - SINDICAT INDEPENDENT, AUT\u00d2NOM I UNITARI\" \/>\n<meta property=\"og:description\" content=\"SIAU s\u2019ha reunit amb diputats d\u2019ERC al Congr\u00e9s dels Diputats per demanar-los que donin suport a les nostres demandes sindicals en relaci\u00f3 amb les futures reformes de lleis importants que afecten directament el nostre \u00e0mbit educatiu. D\u2019en\u00e7\u00e0 de la darrera estabilitzaci\u00f3 de docents en situaci\u00f3 d\u2019ab\u00fas de temporalitat, el nombre d\u2019afectats en aquest aspecte no &hellip; Continua llegint \u00abSIAU es reuneix amb diputats d\u2019ERC al Congr\u00e9s dels Diputats\u00bb\" \/>\n<meta property=\"og:url\" content=\"https:\/\/www.siau.cat\/index.php\/2025\/06\/16\/siau-es-reuneix-amb-diputats-derc-al-congres-dels-diputats\/\" \/>\n<meta property=\"og:site_name\" content=\"SIAU - SINDICAT INDEPENDENT, AUT\u00d2NOM I UNITARI\" \/>\n<meta property=\"article:published_time\" content=\"2025-06-16T11:17:05+00:00\" \/>\n<meta property=\"article:modified_time\" content=\"2025-06-16T11:17:10+00:00\" \/>\n<meta property=\"og:image\" content=\"https:\/\/www.siau.cat\/wp-content\/uploads\/2025\/06\/9-scaled.jpg\" \/>\n\t<meta property=\"og:image:width\" content=\"2560\" \/>\n\t<meta property=\"og:image:height\" content=\"1920\" \/>\n\t<meta property=\"og:image:type\" content=\"image\/jpeg\" \/>\n<meta name=\"author\" content=\"admin\" \/>\n<meta name=\"twitter:card\" content=\"summary_large_image\" \/>\n<meta name=\"twitter:label1\" content=\"Escrit per\" \/>\n\t<meta name=\"twitter:data1\" content=\"admin\" \/>\n\t<meta name=\"twitter:label2\" content=\"Temps estimat de lectura\" \/>\n\t<meta name=\"twitter:data2\" content=\"2 minuts\" \/>\n<script type=\"application\/ld+json\" class=\"yoast-schema-graph\">{\"@context\":\"https:\/\/schema.org\",\"@graph\":[{\"@type\":\"Article\",\"@id\":\"https:\/\/www.siau.cat\/index.php\/2025\/06\/16\/siau-es-reuneix-amb-diputats-derc-al-congres-dels-diputats\/#article\",\"isPartOf\":{\"@id\":\"https:\/\/www.siau.cat\/index.php\/2025\/06\/16\/siau-es-reuneix-amb-diputats-derc-al-congres-dels-diputats\/\"},\"author\":{\"name\":\"admin\",\"@id\":\"https:\/\/www.siau.cat\/#\/schema\/person\/810c15694a7e538934bb4be53ebcba0d\"},\"headline\":\"SIAU es reuneix amb diputats d\u2019ERC al Congr\u00e9s dels Diputats\",\"datePublished\":\"2025-06-16T11:17:05+00:00\",\"dateModified\":\"2025-06-16T11:17:10+00:00\",\"mainEntityOfPage\":{\"@id\":\"https:\/\/www.siau.cat\/index.php\/2025\/06\/16\/siau-es-reuneix-amb-diputats-derc-al-congres-dels-diputats\/\"},\"wordCount\":293,\"publisher\":{\"@id\":\"https:\/\/www.siau.cat\/#organization\"},\"image\":{\"@id\":\"https:\/\/www.siau.cat\/index.php\/2025\/06\/16\/siau-es-reuneix-amb-diputats-derc-al-congres-dels-diputats\/#primaryimage\"},\"thumbnailUrl\":\"https:\/\/www.siau.cat\/wp-content\/uploads\/2025\/06\/9-1024x768.jpg\",\"articleSection\":[\"Uncategorized\"],\"inLanguage\":\"ca\"},{\"@type\":\"WebPage\",\"@id\":\"https:\/\/www.siau.cat\/index.php\/2025\/06\/16\/siau-es-reuneix-amb-diputats-derc-al-congres-dels-diputats\/\",\"url\":\"https:\/\/www.siau.cat\/index.php\/2025\/06\/16\/siau-es-reuneix-amb-diputats-derc-al-congres-dels-diputats\/\",\"name\":\"SIAU es reuneix amb diputats d\u2019ERC al Congr\u00e9s dels Diputats &#8212; SIAU - SINDICAT INDEPENDENT, AUT\u00d2NOM I UNITARI\",\"isPartOf\":{\"@id\":\"https:\/\/www.siau.cat\/#website\"},\"primaryImageOfPage\":{\"@id\":\"https:\/\/www.siau.cat\/index.php\/2025\/06\/16\/siau-es-reuneix-amb-diputats-derc-al-congres-dels-diputats\/#primaryimage\"},\"image\":{\"@id\":\"https:\/\/www.siau.cat\/index.php\/2025\/06\/16\/siau-es-reuneix-amb-diputats-derc-al-congres-dels-diputats\/#primaryimage\"},\"thumbnailUrl\":\"https:\/\/www.siau.cat\/wp-content\/uploads\/2025\/06\/9-1024x768.jpg\",\"datePublished\":\"2025-06-16T11:17:05+00:00\",\"dateModified\":\"2025-06-16T11:17:10+00:00\",\"breadcrumb\":{\"@id\":\"https:\/\/www.siau.cat\/index.php\/2025\/06\/16\/siau-es-reuneix-amb-diputats-derc-al-congres-dels-diputats\/#breadcrumb\"},\"inLanguage\":\"ca\",\"potentialAction\":[{\"@type\":\"ReadAction\",\"target\":[\"https:\/\/www.siau.cat\/index.php\/2025\/06\/16\/siau-es-reuneix-amb-diputats-derc-al-congres-dels-diputats\/\"]}]},{\"@type\":\"ImageObject\",\"inLanguage\":\"ca\",\"@id\":\"https:\/\/www.siau.cat\/index.php\/2025\/06\/16\/siau-es-reuneix-amb-diputats-derc-al-congres-dels-diputats\/#primaryimage\",\"url\":\"https:\/\/www.siau.cat\/wp-content\/uploads\/2025\/06\/9-scaled.jpg\",\"contentUrl\":\"https:\/\/www.siau.cat\/wp-content\/uploads\/2025\/06\/9-scaled.jpg\",\"width\":2560,\"height\":1920},{\"@type\":\"BreadcrumbList\",\"@id\":\"https:\/\/www.siau.cat\/index.php\/2025\/06\/16\/siau-es-reuneix-amb-diputats-derc-al-congres-dels-diputats\/#breadcrumb\",\"itemListElement\":[{\"@type\":\"ListItem\",\"position\":1,\"name\":\"Inici\",\"item\":\"https:\/\/www.siau.cat\/\"},{\"@type\":\"ListItem\",\"position\":2,\"name\":\"SIAU es reuneix amb diputats d\u2019ERC al Congr\u00e9s dels Diputats\"}]},{\"@type\":\"WebSite\",\"@id\":\"https:\/\/www.siau.cat\/#website\",\"url\":\"https:\/\/www.siau.cat\/\",\"name\":\"SIAU - SINDICAT INDEPENDENT, AUT\u00d2NOM I UNITARI\",\"description\":\"Ara s&iacute; que tenim la veu\",\"publisher\":{\"@id\":\"https:\/\/www.siau.cat\/#organization\"},\"potentialAction\":[{\"@type\":\"SearchAction\",\"target\":{\"@type\":\"EntryPoint\",\"urlTemplate\":\"https:\/\/www.siau.cat\/?s={search_term_string}\"},\"query-input\":{\"@type\":\"PropertyValueSpecification\",\"valueRequired\":true,\"valueName\":\"search_term_string\"}}],\"inLanguage\":\"ca\"},{\"@type\":\"Organization\",\"@id\":\"https:\/\/www.siau.cat\/#organization\",\"name\":\"SIAU\",\"url\":\"https:\/\/www.siau.cat\/\",\"logo\":{\"@type\":\"ImageObject\",\"inLanguage\":\"ca\",\"@id\":\"https:\/\/www.siau.cat\/#\/schema\/logo\/image\/\",\"url\":\"https:\/\/www.siau.cat\/wp-content\/uploads\/2022\/03\/cropped-resized_LOGO-SIAU-5-e1652020847972.jpg\",\"contentUrl\":\"https:\/\/www.siau.cat\/wp-content\/uploads\/2022\/03\/cropped-resized_LOGO-SIAU-5-e1652020847972.jpg\",\"width\":1600,\"height\":1200,\"caption\":\"SIAU\"},\"image\":{\"@id\":\"https:\/\/www.siau.cat\/#\/schema\/logo\/image\/\"}},{\"@type\":\"Person\",\"@id\":\"https:\/\/www.siau.cat\/#\/schema\/person\/810c15694a7e538934bb4be53ebcba0d\",\"name\":\"admin\",\"image\":{\"@type\":\"ImageObject\",\"inLanguage\":\"ca\",\"@id\":\"https:\/\/www.siau.cat\/#\/schema\/person\/image\/\",\"url\":\"https:\/\/www.siau.cat\/wp-content\/litespeed\/avatar\/d73ebfac3daa0b52552b2ccea63469da.jpg?ver=1777403609\",\"contentUrl\":\"https:\/\/www.siau.cat\/wp-content\/litespeed\/avatar\/d73ebfac3daa0b52552b2ccea63469da.jpg?ver=1777403609\",\"caption\":\"admin\"},\"sameAs\":[\"https:\/\/www.siau.cat\"],\"url\":\"https:\/\/www.siau.cat\/index.php\/author\/admin\/\"}]}<\/script>\n<!-- \/ Yoast SEO plugin. -->","yoast_head_json":{"title":"SIAU es reuneix amb diputats d\u2019ERC al Congr\u00e9s dels Diputats &#8212; SIAU - SINDICAT INDEPENDENT, AUT\u00d2NOM I UNITARI","robots":{"index":"index","follow":"follow","max-snippet":"max-snippet:-1","max-image-preview":"max-image-preview:large","max-video-preview":"max-video-preview:-1"},"canonical":"https:\/\/www.siau.cat\/index.php\/2025\/06\/16\/siau-es-reuneix-amb-diputats-derc-al-congres-dels-diputats\/","og_locale":"ca_ES","og_type":"article","og_title":"SIAU es reuneix amb diputats d\u2019ERC al Congr\u00e9s dels Diputats &#8212; SIAU - SINDICAT INDEPENDENT, AUT\u00d2NOM I UNITARI","og_description":"SIAU s\u2019ha reunit amb diputats d\u2019ERC al Congr\u00e9s dels Diputats per demanar-los que donin suport a les nostres demandes sindicals en relaci\u00f3 amb les futures reformes de lleis importants que afecten directament el nostre \u00e0mbit educatiu. D\u2019en\u00e7\u00e0 de la darrera estabilitzaci\u00f3 de docents en situaci\u00f3 d\u2019ab\u00fas de temporalitat, el nombre d\u2019afectats en aquest aspecte no &hellip; Continua llegint \u00abSIAU es reuneix amb diputats d\u2019ERC al Congr\u00e9s dels Diputats\u00bb","og_url":"https:\/\/www.siau.cat\/index.php\/2025\/06\/16\/siau-es-reuneix-amb-diputats-derc-al-congres-dels-diputats\/","og_site_name":"SIAU - SINDICAT INDEPENDENT, AUT\u00d2NOM I UNITARI","article_published_time":"2025-06-16T11:17:05+00:00","article_modified_time":"2025-06-16T11:17:10+00:00","og_image":[{"width":2560,"height":1920,"url":"https:\/\/www.siau.cat\/wp-content\/uploads\/2025\/06\/9-scaled.jpg","type":"image\/jpeg"}],"author":"admin","twitter_card":"summary_large_image","twitter_misc":{"Escrit per":"admin","Temps estimat de lectura":"2 minuts"},"schema":{"@context":"https:\/\/schema.org","@graph":[{"@type":"Article","@id":"https:\/\/www.siau.cat\/index.php\/2025\/06\/16\/siau-es-reuneix-amb-diputats-derc-al-congres-dels-diputats\/#article","isPartOf":{"@id":"https:\/\/www.siau.cat\/index.php\/2025\/06\/16\/siau-es-reuneix-amb-diputats-derc-al-congres-dels-diputats\/"},"author":{"name":"admin","@id":"https:\/\/www.siau.cat\/#\/schema\/person\/810c15694a7e538934bb4be53ebcba0d"},"headline":"SIAU es reuneix amb diputats d\u2019ERC al Congr\u00e9s dels Diputats","datePublished":"2025-06-16T11:17:05+00:00","dateModified":"2025-06-16T11:17:10+00:00","mainEntityOfPage":{"@id":"https:\/\/www.siau.cat\/index.php\/2025\/06\/16\/siau-es-reuneix-amb-diputats-derc-al-congres-dels-diputats\/"},"wordCount":293,"publisher":{"@id":"https:\/\/www.siau.cat\/#organization"},"image":{"@id":"https:\/\/www.siau.cat\/index.php\/2025\/06\/16\/siau-es-reuneix-amb-diputats-derc-al-congres-dels-diputats\/#primaryimage"},"thumbnailUrl":"https:\/\/www.siau.cat\/wp-content\/uploads\/2025\/06\/9-1024x768.jpg","articleSection":["Uncategorized"],"inLanguage":"ca"},{"@type":"WebPage","@id":"https:\/\/www.siau.cat\/index.php\/2025\/06\/16\/siau-es-reuneix-amb-diputats-derc-al-congres-dels-diputats\/","url":"https:\/\/www.siau.cat\/index.php\/2025\/06\/16\/siau-es-reuneix-amb-diputats-derc-al-congres-dels-diputats\/","name":"SIAU es reuneix amb diputats d\u2019ERC al Congr\u00e9s dels Diputats &#8212; SIAU - SINDICAT INDEPENDENT, AUT\u00d2NOM I UNITARI","isPartOf":{"@id":"https:\/\/www.siau.cat\/#website"},"primaryImageOfPage":{"@id":"https:\/\/www.siau.cat\/index.php\/2025\/06\/16\/siau-es-reuneix-amb-diputats-derc-al-congres-dels-diputats\/#primaryimage"},"image":{"@id":"https:\/\/www.siau.cat\/index.php\/2025\/06\/16\/siau-es-reuneix-amb-diputats-derc-al-congres-dels-diputats\/#primaryimage"},"thumbnailUrl":"https:\/\/www.siau.cat\/wp-content\/uploads\/2025\/06\/9-1024x768.jpg","datePublished":"2025-06-16T11:17:05+00:00","dateModified":"2025-06-16T11:17:10+00:00","breadcrumb":{"@id":"https:\/\/www.siau.cat\/index.php\/2025\/06\/16\/siau-es-reuneix-amb-diputats-derc-al-congres-dels-diputats\/#breadcrumb"},"inLanguage":"ca","potentialAction":[{"@type":"ReadAction","target":["https:\/\/www.siau.cat\/index.php\/2025\/06\/16\/siau-es-reuneix-amb-diputats-derc-al-congres-dels-diputats\/"]}]},{"@type":"ImageObject","inLanguage":"ca","@id":"https:\/\/www.siau.cat\/index.php\/2025\/06\/16\/siau-es-reuneix-amb-diputats-derc-al-congres-dels-diputats\/#primaryimage","url":"https:\/\/www.siau.cat\/wp-content\/uploads\/2025\/06\/9-scaled.jpg","contentUrl":"https:\/\/www.siau.cat\/wp-content\/uploads\/2025\/06\/9-scaled.jpg","width":2560,"height":1920},{"@type":"BreadcrumbList","@id":"https:\/\/www.siau.cat\/index.php\/2025\/06\/16\/siau-es-reuneix-amb-diputats-derc-al-congres-dels-diputats\/#breadcrumb","itemListElement":[{"@type":"ListItem","position":1,"name":"Inici","item":"https:\/\/www.siau.cat\/"},{"@type":"ListItem","position":2,"name":"SIAU es reuneix amb diputats d\u2019ERC al Congr\u00e9s dels Diputats"}]},{"@type":"WebSite","@id":"https:\/\/www.siau.cat\/#website","url":"https:\/\/www.siau.cat\/","name":"SIAU - SINDICAT INDEPENDENT, AUT\u00d2NOM I UNITARI","description":"Ara s&iacute; que tenim la veu","publisher":{"@id":"https:\/\/www.siau.cat\/#organization"},"potentialAction":[{"@type":"SearchAction","target":{"@type":"EntryPoint","urlTemplate":"https:\/\/www.siau.cat\/?s={search_term_string}"},"query-input":{"@type":"PropertyValueSpecification","valueRequired":true,"valueName":"search_term_string"}}],"inLanguage":"ca"},{"@type":"Organization","@id":"https:\/\/www.siau.cat\/#organization","name":"SIAU","url":"https:\/\/www.siau.cat\/","logo":{"@type":"ImageObject","inLanguage":"ca","@id":"https:\/\/www.siau.cat\/#\/schema\/logo\/image\/","url":"https:\/\/www.siau.cat\/wp-content\/uploads\/2022\/03\/cropped-resized_LOGO-SIAU-5-e1652020847972.jpg","contentUrl":"https:\/\/www.siau.cat\/wp-content\/uploads\/2022\/03\/cropped-resized_LOGO-SIAU-5-e1652020847972.jpg","width":1600,"height":1200,"caption":"SIAU"},"image":{"@id":"https:\/\/www.siau.cat\/#\/schema\/logo\/image\/"}},{"@type":"Person","@id":"https:\/\/www.siau.cat\/#\/schema\/person\/810c15694a7e538934bb4be53ebcba0d","name":"admin","image":{"@type":"ImageObject","inLanguage":"ca","@id":"https:\/\/www.siau.cat\/#\/schema\/person\/image\/","url":"https:\/\/www.siau.cat\/wp-content\/litespeed\/avatar\/d73ebfac3daa0b52552b2ccea63469da.jpg?ver=1777403609","contentUrl":"https:\/\/www.siau.cat\/wp-content\/litespeed\/avatar\/d73ebfac3daa0b52552b2ccea63469da.jpg?ver=1777403609","caption":"admin"},"sameAs":["https:\/\/www.siau.cat"],"url":"https:\/\/www.siau.cat\/index.php\/author\/admin\/"}]}},"jetpack_featured_media_url":"","jetpack_sharing_enabled":true,"_links":{"self":[{"href":"https:\/\/www.siau.cat\/index.php\/wp-json\/wp\/v2\/posts\/1874","targetHints":{"allow":["GET"]}}],"collection":[{"href":"https:\/\/www.siau.cat\/index.php\/wp-json\/wp\/v2\/posts"}],"about":[{"href":"https:\/\/www.siau.cat\/index.php\/wp-json\/wp\/v2\/types\/post"}],"author":[{"embeddable":true,"href":"https:\/\/www.siau.cat\/index.php\/wp-json\/wp\/v2\/users\/1"}],"replies":[{"embeddable":true,"href":"https:\/\/www.siau.cat\/index.php\/wp-json\/wp\/v2\/comments?post=1874"}],"version-history":[{"count":1,"href":"https:\/\/www.siau.cat\/index.php\/wp-json\/wp\/v2\/posts\/1874\/revisions"}],"predecessor-version":[{"id":1877,"href":"https:\/\/www.siau.cat\/index.php\/wp-json\/wp\/v2\/posts\/1874\/revisions\/1877"}],"wp:attachment":[{"href":"https:\/\/www.siau.cat\/index.php\/wp-json\/wp\/v2\/media?parent=1874"}],"wp:term":[{"taxonomy":"category","embeddable":true,"href":"https:\/\/www.siau.cat\/index.php\/wp-json\/wp\/v2\/categories?post=1874"},{"taxonomy":"post_tag","embeddable":true,"href":"https:\/\/www.siau.cat\/index.php\/wp-json\/wp\/v2\/tags?post=1874"}],"curies":[{"name":"wp","href":"https:\/\/api.w.org\/{rel}","templated":true}]}}