{"id":1879,"date":"2025-06-16T19:25:30","date_gmt":"2025-06-16T19:25:30","guid":{"rendered":"https:\/\/www.siau.cat\/?p=1879"},"modified":"2025-06-16T19:25:37","modified_gmt":"2025-06-16T19:25:37","slug":"lestafa-de-lacord-marc-i-de-la-suposada-reduccio-de-jornada-laboral","status":"publish","type":"post","link":"https:\/\/www.siau.cat\/index.php\/2025\/06\/16\/lestafa-de-lacord-marc-i-de-la-suposada-reduccio-de-jornada-laboral\/","title":{"rendered":"L\u2019estafa de l\u2019Acord marc i de la suposada reducci\u00f3 de jornada laboral"},"content":{"rendered":"\n<figure class=\"wp-block-image size-large\"><img loading=\"lazy\" decoding=\"async\" width=\"1024\" height=\"768\" src=\"https:\/\/www.siau.cat\/wp-content\/uploads\/2025\/06\/2025_6_16_3168320-1024x768.jpg\" alt=\"\" class=\"wp-image-1880\" srcset=\"https:\/\/www.siau.cat\/wp-content\/uploads\/2025\/06\/2025_6_16_3168320-1024x768.jpg 1024w, https:\/\/www.siau.cat\/wp-content\/uploads\/2025\/06\/2025_6_16_3168320-300x225.jpg 300w, https:\/\/www.siau.cat\/wp-content\/uploads\/2025\/06\/2025_6_16_3168320-768x576.jpg 768w, https:\/\/www.siau.cat\/wp-content\/uploads\/2025\/06\/2025_6_16_3168320-1536x1152.jpg 1536w, https:\/\/www.siau.cat\/wp-content\/uploads\/2025\/06\/2025_6_16_3168320-2048x1536.jpg 2048w, https:\/\/www.siau.cat\/wp-content\/uploads\/2025\/06\/2025_6_16_3168320-24x18.jpg 24w, https:\/\/www.siau.cat\/wp-content\/uploads\/2025\/06\/2025_6_16_3168320-36x27.jpg 36w, https:\/\/www.siau.cat\/wp-content\/uploads\/2025\/06\/2025_6_16_3168320-48x36.jpg 48w, https:\/\/www.siau.cat\/wp-content\/uploads\/2025\/06\/2025_6_16_3168320-350x263.jpg 350w\" sizes=\"auto, (max-width: 767px) 89vw, (max-width: 1000px) 54vw, (max-width: 1071px) 543px, 580px\" \/><figcaption class=\"wp-element-caption\">Imatge del moment en que s&#8217;anuncia la &#8220;reducci\u00f3&#8221; de jornada laboral als sindicat signants de l&#8217;Acord marc<\/figcaption><\/figure>\n\n\n\n<p>Des del Sindicat Independent, Aut\u00f2nom i Unitari (SIAU) volem expressar el nostre rebuig frontal a l\u2019anunci fet per la Conselleria d\u2019Educaci\u00f3 i Universitats en relaci\u00f3 amb la \u201creducci\u00f3\u201d de la jornada laboral dels docents de les Illes Balears. Lluny de ser una veritable millora, es tracta d\u2019una operaci\u00f3 de maquillatge comunicatiu que arriba tard, malament i de forma incompleta.<\/p>\n\n\n\n<p><strong>Una \u201creducci\u00f3\u201d de jornada que no \u00e9s tal<\/strong><\/p>\n\n\n\n<p>El que es presenta com una reducci\u00f3 de 37,5 a 35 hores setmanals \u00e9s, en realitat, una maniobra buida de contingut. De les 2,5 hores \u201credu\u00efdes\u201d, nom\u00e9s 1 hora correspon a una disminuci\u00f3 efectiva de pres\u00e8ncia al centre. La resta \u20141,5 hores\u2014 s\u2019afegeixen a les tasques que els docents han de continuar assumint des de casa, perpetuant aix\u00ed una jornada laboral no reconeguda i invisibilitzada. Una reforma de m\u00ednims, ajornada innecess\u00e0riament fins al curs 2025-2026, quan segons l\u2019Acord marc 2023-2027 s\u2019havia d\u2019haver implantat a tot estirar durant l\u2019actual curs escolar.<\/p>\n\n\n\n<p><strong>Incompliments sistem\u00e0tics de l\u2019Acord marc<\/strong><\/p>\n\n\n\n<p>Aquesta no \u00e9s l\u2019\u00fanica promesa incomplerta. La llista de greuges i compromisos ignorats \u00e9s llarga i preocupant:<\/p>\n\n\n\n<ul class=\"wp-block-list\">\n<li><strong>Dret a la desconnexi\u00f3 digital<\/strong>: no s\u2019ha acordat la seva regulaci\u00f3 ni entrada en vigor el curs 2024-2025.<br><\/li>\n\n\n\n<li><strong>Pagament complet del 2,9%<\/strong>: els docents continuen sense percebre la totalitat de l\u2019augment salarial usurpat.<br><\/li>\n\n\n\n<li><strong>Estiu robat als interins<\/strong>: es mant\u00e9 la discriminaci\u00f3 injustificable cap a aquest col\u00b7lectiu. Bona part dels docents no cobraran ni juliol ni agost tot i haver treballat tot el curs sencer.<br><\/li>\n\n\n\n<li><strong>Cos a extingir de professors t\u00e8cnics d\u2019FP<\/strong>: encara no s\u2019ha dut a terme una equiparaci\u00f3 salarial real amb Secund\u00e0ria, tot i estar prevista i signada.<br><\/li>\n\n\n\n<li><strong>Professorat encara amb 21 hores lectives a secund\u00e0ria<\/strong>: el comprom\u00eds de reducci\u00f3 a 18 hores es continua incomplint en alguns centres educatius.<br><\/li>\n\n\n\n<li><strong>No reducci\u00f3 de r\u00e0tios<\/strong>: en molts centres es mantenen xifres elevad\u00edssimes d\u2019alumnes per aula, amb la conseg\u00fcent sobrec\u00e0rrega docent i p\u00e8rdua de qualitat educativa. No s\u2019ha implantat la baixada de r\u00e0tios promesa.<br><\/li>\n\n\n\n<li><strong>No restabliment de les llic\u00e8ncies per estudis retribu\u00efdes i no retribu\u00efdes<\/strong>: podem continuar esperant, tot i ser clau per a la formaci\u00f3 i recerca educativa.<br><\/li>\n\n\n\n<li><strong>Fons d\u2019acci\u00f3 social<\/strong>: no s\u2019ha fet cap revisi\u00f3 ni millora malgrat que s\u2019havia programat per al curs 2023-2024.<br><\/li>\n\n\n\n<li><strong>Interins sense equiparaci\u00f3 de permisos i llic\u00e8ncies<\/strong> respecte dels funcionaris de carrera: una altra discriminaci\u00f3 que s\u2019eternitza.<br><\/li>\n\n\n\n<li><strong>Condicions de les tutories<\/strong>: no s\u2019ha negociat cap millora i hi ha tutors que no cobren el complement corresponent o cobren nom\u00e9s la meitat d\u2019aquest fent la mateixa feina.<br><\/li>\n\n\n\n<li><strong>Revisi\u00f3 del cat\u00e0leg de malalties professionals<\/strong>: amb un grup de treball fantasma \u00e9s impossible que es dugui a terme.<br><\/li>\n\n\n\n<li><strong>Permisos per assumptes propis i sense retribuci\u00f3<\/strong>: la seva regulaci\u00f3 continua pendent d\u2019aplicaci\u00f3 per als interins i els dies \u201cmoscosos\u201d encara no es reconeixen als docents que estan dins les aules (a difer\u00e8ncia dels que treballen dins Conselleria).<br><\/li>\n\n\n\n<li><strong>Pla de post-estabilitzaci\u00f3<\/strong>: prom\u00e8s despr\u00e9s del proc\u00e9s d\u2019estabilitzaci\u00f3, per\u00f2 mai ni tan sols esbossat.<br><\/li>\n\n\n\n<li><strong>Formaci\u00f3 espec\u00edfica per especialitats i did\u00e0ctica<\/strong>: continua absent dels plans formatius oficials.<br><\/li>\n\n\n\n<li><strong>Pla de xoc per promoure l\u2019\u00fas del catal\u00e0 i servei de normalitzaci\u00f3 ling\u00fc\u00edstica<\/strong>: no nom\u00e9s han estat ignorats, sin\u00f3 que s\u2019ha actuat en direcci\u00f3 contr\u00e0ria amb acords pol\u00edtics que van en contra de la llengua catalana dins l\u2019escola.<br><\/li>\n\n\n\n<li><strong>Pla d\u2019igualtat i conciliaci\u00f3 laboral<\/strong>: no s\u2019ha treballat i aix\u00f2 que s\u2019havia prom\u00e8s que es faria dins aquest curs com a tard.<br><\/li>\n\n\n\n<li><strong>Pla de simplificaci\u00f3 burocr\u00e0tica<\/strong>: prom\u00e8s per millorar la gesti\u00f3 dels centres i reduir la sobrec\u00e0rrega docent, per\u00f2 no desenvolupat. Pur postureig administratiu.<br><\/li>\n\n\n\n<li><strong>Pla de climatitzaci\u00f3 dels centres<\/strong>: cap auditoria, cap inversi\u00f3, i cap pla planificat, tot i l\u2019evid\u00e8ncia de la urg\u00e8ncia clim\u00e0tica. Mentrestant, docents desmaiats dins les aules i els responsables d\u2019aix\u00f2 rentant-se les mans. S\u2019incompleix permanentment la Llei de prevenci\u00f3 de riscos laborals.<br><\/li>\n\n\n\n<li><strong>Horari lectiu a prim\u00e0ria<\/strong>: el l\u00edmit de 23 hores de doc\u00e8ncia directa no es respecta en molts centres.<br><\/li>\n\n\n\n<li><strong>Dret de reducci\u00f3 de mitja jornada<\/strong>: continua restringit als funcionaris de carrera, tot i que l\u2019acord inclo\u00efa tot el personal docent.<br><\/li>\n\n\n\n<li><strong>Reducci\u00f3 lectiva per a docents majors de 55 anys<\/strong>: no s\u2019est\u00e0 aplicant a la totalitat de docents afectats.<br><\/li>\n\n\n\n<li><strong>Etc\u00e8tera.<\/strong><br><\/li>\n<\/ul>\n\n\n\n<p>A m\u00e9s a m\u00e9s, volem insistir en:<\/p>\n\n\n\n<p><strong>Privatitzaci\u00f3 i desmantellament del sistema p\u00fablic<\/strong><\/p>\n\n\n\n<p>Tot plegat es produeix en un context de creixent desmantellament de l\u2019educaci\u00f3 p\u00fablica. Mentre es fan incompliments massius, es tanquen unitats i centres p\u00fablics com l\u2019IES Polit\u00e8cnic o el CEIP Bau\u00e7\u00e0. Alhora, es donen passes cap a la privatitzaci\u00f3 i la marginaci\u00f3 del catal\u00e0, fet que suposa un atac directe a la funci\u00f3 social, cohesionadora i transformadora de l\u2019escola p\u00fablica.<\/p>\n\n\n\n<p><strong>Una estafa amb segell sindical<\/strong><\/p>\n\n\n\n<p>Tot aquest c\u00famul d\u2019incompliments no hauria estat possible sense la signatura d\u2019un Acord marc que quasi la totalitat dels sindicats van avalar (amb l\u2019excepci\u00f3 de SIAU) per blanquejar la nefasta gesti\u00f3 de la Conselleria d\u2019Educaci\u00f3, sense garantir mecanismes de seguiment, exig\u00e8ncia i aplicaci\u00f3 planificada. La responsabilitat de la Conselleria \u00e9s indiscutible, per\u00f2 tamb\u00e9 ho \u00e9s la d\u2019aquells que van decidir donar carta blanca a una promesa buida.<\/p>\n\n\n\n<p><strong>SIAU, al costat del professorat<\/strong><\/p>\n\n\n\n<p>Des de SIAU reiteram el nostre comprom\u00eds amb una acci\u00f3 sindical independent, cr\u00edtica i ferma. No participam d\u2019acords buits, ni blanquejam pol\u00edtiques regressives. Continuarem denunciant l\u2019incompliment sistem\u00e0tic dels drets laborals i educatius, i defensant una escola p\u00fablica, en catal\u00e0 i de qualitat. Amb rigor, amb dades, i amb la for\u00e7a col\u00b7lectiva del professorat que es mereix molt m\u00e9s que promeses buides i propaganda.<\/p>\n","protected":false},"excerpt":{"rendered":"<p>Des del Sindicat Independent, Aut\u00f2nom i Unitari (SIAU) volem expressar el nostre rebuig frontal a l\u2019anunci fet per la Conselleria d\u2019Educaci\u00f3 i Universitats en relaci\u00f3 amb la \u201creducci\u00f3\u201d de la jornada laboral dels docents de les Illes Balears. Lluny de ser una veritable millora, es tracta d\u2019una operaci\u00f3 de maquillatge comunicatiu que arriba tard, malament &hellip; <\/p>\n<p class=\"link-more\"><a href=\"https:\/\/www.siau.cat\/index.php\/2025\/06\/16\/lestafa-de-lacord-marc-i-de-la-suposada-reduccio-de-jornada-laboral\/\" class=\"more-link\">Continua llegint <span class=\"screen-reader-text\">\u00abL\u2019estafa de l\u2019Acord marc i de la suposada reducci\u00f3 de jornada laboral\u00bb<\/span><\/a><\/p>\n","protected":false},"author":1,"featured_media":0,"comment_status":"closed","ping_status":"open","sticky":false,"template":"","format":"standard","meta":{"_jetpack_memberships_contains_paid_content":false,"footnotes":""},"categories":[1],"tags":[],"class_list":["post-1879","post","type-post","status-publish","format-standard","hentry","category-uncategorized"],"yoast_head":"<!-- This site is optimized with the Yoast SEO plugin v25.4 - https:\/\/yoast.com\/wordpress\/plugins\/seo\/ -->\n<title>L\u2019estafa de l\u2019Acord marc i de la suposada reducci\u00f3 de jornada laboral &#8212; SIAU - SINDICAT INDEPENDENT, AUT\u00d2NOM I UNITARI<\/title>\n<meta name=\"robots\" content=\"index, follow, max-snippet:-1, max-image-preview:large, max-video-preview:-1\" \/>\n<link rel=\"canonical\" href=\"https:\/\/www.siau.cat\/index.php\/2025\/06\/16\/lestafa-de-lacord-marc-i-de-la-suposada-reduccio-de-jornada-laboral\/\" \/>\n<meta property=\"og:locale\" content=\"ca_ES\" \/>\n<meta property=\"og:type\" content=\"article\" \/>\n<meta property=\"og:title\" content=\"L\u2019estafa de l\u2019Acord marc i de la suposada reducci\u00f3 de jornada laboral &#8212; SIAU - SINDICAT INDEPENDENT, AUT\u00d2NOM I UNITARI\" \/>\n<meta property=\"og:description\" content=\"Des del Sindicat Independent, Aut\u00f2nom i Unitari (SIAU) volem expressar el nostre rebuig frontal a l\u2019anunci fet per la Conselleria d\u2019Educaci\u00f3 i Universitats en relaci\u00f3 amb la \u201creducci\u00f3\u201d de la jornada laboral dels docents de les Illes Balears. Lluny de ser una veritable millora, es tracta d\u2019una operaci\u00f3 de maquillatge comunicatiu que arriba tard, malament &hellip; Continua llegint \u00abL\u2019estafa de l\u2019Acord marc i de la suposada reducci\u00f3 de jornada laboral\u00bb\" \/>\n<meta property=\"og:url\" content=\"https:\/\/www.siau.cat\/index.php\/2025\/06\/16\/lestafa-de-lacord-marc-i-de-la-suposada-reduccio-de-jornada-laboral\/\" \/>\n<meta property=\"og:site_name\" content=\"SIAU - SINDICAT INDEPENDENT, AUT\u00d2NOM I UNITARI\" \/>\n<meta property=\"article:published_time\" content=\"2025-06-16T19:25:30+00:00\" \/>\n<meta property=\"article:modified_time\" content=\"2025-06-16T19:25:37+00:00\" \/>\n<meta property=\"og:image\" content=\"https:\/\/www.siau.cat\/wp-content\/uploads\/2025\/06\/2025_6_16_3168320-scaled.jpg\" \/>\n\t<meta property=\"og:image:width\" content=\"2560\" \/>\n\t<meta property=\"og:image:height\" content=\"1920\" \/>\n\t<meta property=\"og:image:type\" content=\"image\/jpeg\" \/>\n<meta name=\"author\" content=\"admin\" \/>\n<meta name=\"twitter:card\" content=\"summary_large_image\" \/>\n<meta name=\"twitter:label1\" content=\"Escrit per\" \/>\n\t<meta name=\"twitter:data1\" content=\"admin\" \/>\n\t<meta name=\"twitter:label2\" content=\"Temps estimat de lectura\" \/>\n\t<meta name=\"twitter:data2\" content=\"6 minuts\" \/>\n<script type=\"application\/ld+json\" class=\"yoast-schema-graph\">{\"@context\":\"https:\/\/schema.org\",\"@graph\":[{\"@type\":\"Article\",\"@id\":\"https:\/\/www.siau.cat\/index.php\/2025\/06\/16\/lestafa-de-lacord-marc-i-de-la-suposada-reduccio-de-jornada-laboral\/#article\",\"isPartOf\":{\"@id\":\"https:\/\/www.siau.cat\/index.php\/2025\/06\/16\/lestafa-de-lacord-marc-i-de-la-suposada-reduccio-de-jornada-laboral\/\"},\"author\":{\"name\":\"admin\",\"@id\":\"https:\/\/www.siau.cat\/#\/schema\/person\/810c15694a7e538934bb4be53ebcba0d\"},\"headline\":\"L\u2019estafa de l\u2019Acord marc i de la suposada reducci\u00f3 de jornada laboral\",\"datePublished\":\"2025-06-16T19:25:30+00:00\",\"dateModified\":\"2025-06-16T19:25:37+00:00\",\"mainEntityOfPage\":{\"@id\":\"https:\/\/www.siau.cat\/index.php\/2025\/06\/16\/lestafa-de-lacord-marc-i-de-la-suposada-reduccio-de-jornada-laboral\/\"},\"wordCount\":1020,\"publisher\":{\"@id\":\"https:\/\/www.siau.cat\/#organization\"},\"image\":{\"@id\":\"https:\/\/www.siau.cat\/index.php\/2025\/06\/16\/lestafa-de-lacord-marc-i-de-la-suposada-reduccio-de-jornada-laboral\/#primaryimage\"},\"thumbnailUrl\":\"https:\/\/www.siau.cat\/wp-content\/uploads\/2025\/06\/2025_6_16_3168320-1024x768.jpg\",\"articleSection\":[\"Uncategorized\"],\"inLanguage\":\"ca\"},{\"@type\":\"WebPage\",\"@id\":\"https:\/\/www.siau.cat\/index.php\/2025\/06\/16\/lestafa-de-lacord-marc-i-de-la-suposada-reduccio-de-jornada-laboral\/\",\"url\":\"https:\/\/www.siau.cat\/index.php\/2025\/06\/16\/lestafa-de-lacord-marc-i-de-la-suposada-reduccio-de-jornada-laboral\/\",\"name\":\"L\u2019estafa de l\u2019Acord marc i de la suposada reducci\u00f3 de jornada laboral &#8212; SIAU - SINDICAT INDEPENDENT, AUT\u00d2NOM I UNITARI\",\"isPartOf\":{\"@id\":\"https:\/\/www.siau.cat\/#website\"},\"primaryImageOfPage\":{\"@id\":\"https:\/\/www.siau.cat\/index.php\/2025\/06\/16\/lestafa-de-lacord-marc-i-de-la-suposada-reduccio-de-jornada-laboral\/#primaryimage\"},\"image\":{\"@id\":\"https:\/\/www.siau.cat\/index.php\/2025\/06\/16\/lestafa-de-lacord-marc-i-de-la-suposada-reduccio-de-jornada-laboral\/#primaryimage\"},\"thumbnailUrl\":\"https:\/\/www.siau.cat\/wp-content\/uploads\/2025\/06\/2025_6_16_3168320-1024x768.jpg\",\"datePublished\":\"2025-06-16T19:25:30+00:00\",\"dateModified\":\"2025-06-16T19:25:37+00:00\",\"breadcrumb\":{\"@id\":\"https:\/\/www.siau.cat\/index.php\/2025\/06\/16\/lestafa-de-lacord-marc-i-de-la-suposada-reduccio-de-jornada-laboral\/#breadcrumb\"},\"inLanguage\":\"ca\",\"potentialAction\":[{\"@type\":\"ReadAction\",\"target\":[\"https:\/\/www.siau.cat\/index.php\/2025\/06\/16\/lestafa-de-lacord-marc-i-de-la-suposada-reduccio-de-jornada-laboral\/\"]}]},{\"@type\":\"ImageObject\",\"inLanguage\":\"ca\",\"@id\":\"https:\/\/www.siau.cat\/index.php\/2025\/06\/16\/lestafa-de-lacord-marc-i-de-la-suposada-reduccio-de-jornada-laboral\/#primaryimage\",\"url\":\"https:\/\/www.siau.cat\/wp-content\/uploads\/2025\/06\/2025_6_16_3168320-scaled.jpg\",\"contentUrl\":\"https:\/\/www.siau.cat\/wp-content\/uploads\/2025\/06\/2025_6_16_3168320-scaled.jpg\",\"width\":2560,\"height\":1920},{\"@type\":\"BreadcrumbList\",\"@id\":\"https:\/\/www.siau.cat\/index.php\/2025\/06\/16\/lestafa-de-lacord-marc-i-de-la-suposada-reduccio-de-jornada-laboral\/#breadcrumb\",\"itemListElement\":[{\"@type\":\"ListItem\",\"position\":1,\"name\":\"Inici\",\"item\":\"https:\/\/www.siau.cat\/\"},{\"@type\":\"ListItem\",\"position\":2,\"name\":\"L\u2019estafa de l\u2019Acord marc i de la suposada reducci\u00f3 de jornada laboral\"}]},{\"@type\":\"WebSite\",\"@id\":\"https:\/\/www.siau.cat\/#website\",\"url\":\"https:\/\/www.siau.cat\/\",\"name\":\"SIAU - SINDICAT INDEPENDENT, AUT\u00d2NOM I UNITARI\",\"description\":\"Ara s&iacute; que tenim la veu\",\"publisher\":{\"@id\":\"https:\/\/www.siau.cat\/#organization\"},\"potentialAction\":[{\"@type\":\"SearchAction\",\"target\":{\"@type\":\"EntryPoint\",\"urlTemplate\":\"https:\/\/www.siau.cat\/?s={search_term_string}\"},\"query-input\":{\"@type\":\"PropertyValueSpecification\",\"valueRequired\":true,\"valueName\":\"search_term_string\"}}],\"inLanguage\":\"ca\"},{\"@type\":\"Organization\",\"@id\":\"https:\/\/www.siau.cat\/#organization\",\"name\":\"SIAU\",\"url\":\"https:\/\/www.siau.cat\/\",\"logo\":{\"@type\":\"ImageObject\",\"inLanguage\":\"ca\",\"@id\":\"https:\/\/www.siau.cat\/#\/schema\/logo\/image\/\",\"url\":\"https:\/\/www.siau.cat\/wp-content\/uploads\/2022\/03\/cropped-resized_LOGO-SIAU-5-e1652020847972.jpg\",\"contentUrl\":\"https:\/\/www.siau.cat\/wp-content\/uploads\/2022\/03\/cropped-resized_LOGO-SIAU-5-e1652020847972.jpg\",\"width\":1600,\"height\":1200,\"caption\":\"SIAU\"},\"image\":{\"@id\":\"https:\/\/www.siau.cat\/#\/schema\/logo\/image\/\"}},{\"@type\":\"Person\",\"@id\":\"https:\/\/www.siau.cat\/#\/schema\/person\/810c15694a7e538934bb4be53ebcba0d\",\"name\":\"admin\",\"image\":{\"@type\":\"ImageObject\",\"inLanguage\":\"ca\",\"@id\":\"https:\/\/www.siau.cat\/#\/schema\/person\/image\/\",\"url\":\"https:\/\/www.siau.cat\/wp-content\/litespeed\/avatar\/d73ebfac3daa0b52552b2ccea63469da.jpg?ver=1777403609\",\"contentUrl\":\"https:\/\/www.siau.cat\/wp-content\/litespeed\/avatar\/d73ebfac3daa0b52552b2ccea63469da.jpg?ver=1777403609\",\"caption\":\"admin\"},\"sameAs\":[\"https:\/\/www.siau.cat\"],\"url\":\"https:\/\/www.siau.cat\/index.php\/author\/admin\/\"}]}<\/script>\n<!-- \/ Yoast SEO plugin. -->","yoast_head_json":{"title":"L\u2019estafa de l\u2019Acord marc i de la suposada reducci\u00f3 de jornada laboral &#8212; SIAU - SINDICAT INDEPENDENT, AUT\u00d2NOM I UNITARI","robots":{"index":"index","follow":"follow","max-snippet":"max-snippet:-1","max-image-preview":"max-image-preview:large","max-video-preview":"max-video-preview:-1"},"canonical":"https:\/\/www.siau.cat\/index.php\/2025\/06\/16\/lestafa-de-lacord-marc-i-de-la-suposada-reduccio-de-jornada-laboral\/","og_locale":"ca_ES","og_type":"article","og_title":"L\u2019estafa de l\u2019Acord marc i de la suposada reducci\u00f3 de jornada laboral &#8212; SIAU - SINDICAT INDEPENDENT, AUT\u00d2NOM I UNITARI","og_description":"Des del Sindicat Independent, Aut\u00f2nom i Unitari (SIAU) volem expressar el nostre rebuig frontal a l\u2019anunci fet per la Conselleria d\u2019Educaci\u00f3 i Universitats en relaci\u00f3 amb la \u201creducci\u00f3\u201d de la jornada laboral dels docents de les Illes Balears. Lluny de ser una veritable millora, es tracta d\u2019una operaci\u00f3 de maquillatge comunicatiu que arriba tard, malament &hellip; Continua llegint \u00abL\u2019estafa de l\u2019Acord marc i de la suposada reducci\u00f3 de jornada laboral\u00bb","og_url":"https:\/\/www.siau.cat\/index.php\/2025\/06\/16\/lestafa-de-lacord-marc-i-de-la-suposada-reduccio-de-jornada-laboral\/","og_site_name":"SIAU - SINDICAT INDEPENDENT, AUT\u00d2NOM I UNITARI","article_published_time":"2025-06-16T19:25:30+00:00","article_modified_time":"2025-06-16T19:25:37+00:00","og_image":[{"width":2560,"height":1920,"url":"https:\/\/www.siau.cat\/wp-content\/uploads\/2025\/06\/2025_6_16_3168320-scaled.jpg","type":"image\/jpeg"}],"author":"admin","twitter_card":"summary_large_image","twitter_misc":{"Escrit per":"admin","Temps estimat de lectura":"6 minuts"},"schema":{"@context":"https:\/\/schema.org","@graph":[{"@type":"Article","@id":"https:\/\/www.siau.cat\/index.php\/2025\/06\/16\/lestafa-de-lacord-marc-i-de-la-suposada-reduccio-de-jornada-laboral\/#article","isPartOf":{"@id":"https:\/\/www.siau.cat\/index.php\/2025\/06\/16\/lestafa-de-lacord-marc-i-de-la-suposada-reduccio-de-jornada-laboral\/"},"author":{"name":"admin","@id":"https:\/\/www.siau.cat\/#\/schema\/person\/810c15694a7e538934bb4be53ebcba0d"},"headline":"L\u2019estafa de l\u2019Acord marc i de la suposada reducci\u00f3 de jornada laboral","datePublished":"2025-06-16T19:25:30+00:00","dateModified":"2025-06-16T19:25:37+00:00","mainEntityOfPage":{"@id":"https:\/\/www.siau.cat\/index.php\/2025\/06\/16\/lestafa-de-lacord-marc-i-de-la-suposada-reduccio-de-jornada-laboral\/"},"wordCount":1020,"publisher":{"@id":"https:\/\/www.siau.cat\/#organization"},"image":{"@id":"https:\/\/www.siau.cat\/index.php\/2025\/06\/16\/lestafa-de-lacord-marc-i-de-la-suposada-reduccio-de-jornada-laboral\/#primaryimage"},"thumbnailUrl":"https:\/\/www.siau.cat\/wp-content\/uploads\/2025\/06\/2025_6_16_3168320-1024x768.jpg","articleSection":["Uncategorized"],"inLanguage":"ca"},{"@type":"WebPage","@id":"https:\/\/www.siau.cat\/index.php\/2025\/06\/16\/lestafa-de-lacord-marc-i-de-la-suposada-reduccio-de-jornada-laboral\/","url":"https:\/\/www.siau.cat\/index.php\/2025\/06\/16\/lestafa-de-lacord-marc-i-de-la-suposada-reduccio-de-jornada-laboral\/","name":"L\u2019estafa de l\u2019Acord marc i de la suposada reducci\u00f3 de jornada laboral &#8212; SIAU - SINDICAT INDEPENDENT, AUT\u00d2NOM I UNITARI","isPartOf":{"@id":"https:\/\/www.siau.cat\/#website"},"primaryImageOfPage":{"@id":"https:\/\/www.siau.cat\/index.php\/2025\/06\/16\/lestafa-de-lacord-marc-i-de-la-suposada-reduccio-de-jornada-laboral\/#primaryimage"},"image":{"@id":"https:\/\/www.siau.cat\/index.php\/2025\/06\/16\/lestafa-de-lacord-marc-i-de-la-suposada-reduccio-de-jornada-laboral\/#primaryimage"},"thumbnailUrl":"https:\/\/www.siau.cat\/wp-content\/uploads\/2025\/06\/2025_6_16_3168320-1024x768.jpg","datePublished":"2025-06-16T19:25:30+00:00","dateModified":"2025-06-16T19:25:37+00:00","breadcrumb":{"@id":"https:\/\/www.siau.cat\/index.php\/2025\/06\/16\/lestafa-de-lacord-marc-i-de-la-suposada-reduccio-de-jornada-laboral\/#breadcrumb"},"inLanguage":"ca","potentialAction":[{"@type":"ReadAction","target":["https:\/\/www.siau.cat\/index.php\/2025\/06\/16\/lestafa-de-lacord-marc-i-de-la-suposada-reduccio-de-jornada-laboral\/"]}]},{"@type":"ImageObject","inLanguage":"ca","@id":"https:\/\/www.siau.cat\/index.php\/2025\/06\/16\/lestafa-de-lacord-marc-i-de-la-suposada-reduccio-de-jornada-laboral\/#primaryimage","url":"https:\/\/www.siau.cat\/wp-content\/uploads\/2025\/06\/2025_6_16_3168320-scaled.jpg","contentUrl":"https:\/\/www.siau.cat\/wp-content\/uploads\/2025\/06\/2025_6_16_3168320-scaled.jpg","width":2560,"height":1920},{"@type":"BreadcrumbList","@id":"https:\/\/www.siau.cat\/index.php\/2025\/06\/16\/lestafa-de-lacord-marc-i-de-la-suposada-reduccio-de-jornada-laboral\/#breadcrumb","itemListElement":[{"@type":"ListItem","position":1,"name":"Inici","item":"https:\/\/www.siau.cat\/"},{"@type":"ListItem","position":2,"name":"L\u2019estafa de l\u2019Acord marc i de la suposada reducci\u00f3 de jornada laboral"}]},{"@type":"WebSite","@id":"https:\/\/www.siau.cat\/#website","url":"https:\/\/www.siau.cat\/","name":"SIAU - SINDICAT INDEPENDENT, AUT\u00d2NOM I UNITARI","description":"Ara s&iacute; que tenim la veu","publisher":{"@id":"https:\/\/www.siau.cat\/#organization"},"potentialAction":[{"@type":"SearchAction","target":{"@type":"EntryPoint","urlTemplate":"https:\/\/www.siau.cat\/?s={search_term_string}"},"query-input":{"@type":"PropertyValueSpecification","valueRequired":true,"valueName":"search_term_string"}}],"inLanguage":"ca"},{"@type":"Organization","@id":"https:\/\/www.siau.cat\/#organization","name":"SIAU","url":"https:\/\/www.siau.cat\/","logo":{"@type":"ImageObject","inLanguage":"ca","@id":"https:\/\/www.siau.cat\/#\/schema\/logo\/image\/","url":"https:\/\/www.siau.cat\/wp-content\/uploads\/2022\/03\/cropped-resized_LOGO-SIAU-5-e1652020847972.jpg","contentUrl":"https:\/\/www.siau.cat\/wp-content\/uploads\/2022\/03\/cropped-resized_LOGO-SIAU-5-e1652020847972.jpg","width":1600,"height":1200,"caption":"SIAU"},"image":{"@id":"https:\/\/www.siau.cat\/#\/schema\/logo\/image\/"}},{"@type":"Person","@id":"https:\/\/www.siau.cat\/#\/schema\/person\/810c15694a7e538934bb4be53ebcba0d","name":"admin","image":{"@type":"ImageObject","inLanguage":"ca","@id":"https:\/\/www.siau.cat\/#\/schema\/person\/image\/","url":"https:\/\/www.siau.cat\/wp-content\/litespeed\/avatar\/d73ebfac3daa0b52552b2ccea63469da.jpg?ver=1777403609","contentUrl":"https:\/\/www.siau.cat\/wp-content\/litespeed\/avatar\/d73ebfac3daa0b52552b2ccea63469da.jpg?ver=1777403609","caption":"admin"},"sameAs":["https:\/\/www.siau.cat"],"url":"https:\/\/www.siau.cat\/index.php\/author\/admin\/"}]}},"jetpack_featured_media_url":"","jetpack_sharing_enabled":true,"_links":{"self":[{"href":"https:\/\/www.siau.cat\/index.php\/wp-json\/wp\/v2\/posts\/1879","targetHints":{"allow":["GET"]}}],"collection":[{"href":"https:\/\/www.siau.cat\/index.php\/wp-json\/wp\/v2\/posts"}],"about":[{"href":"https:\/\/www.siau.cat\/index.php\/wp-json\/wp\/v2\/types\/post"}],"author":[{"embeddable":true,"href":"https:\/\/www.siau.cat\/index.php\/wp-json\/wp\/v2\/users\/1"}],"replies":[{"embeddable":true,"href":"https:\/\/www.siau.cat\/index.php\/wp-json\/wp\/v2\/comments?post=1879"}],"version-history":[{"count":1,"href":"https:\/\/www.siau.cat\/index.php\/wp-json\/wp\/v2\/posts\/1879\/revisions"}],"predecessor-version":[{"id":1881,"href":"https:\/\/www.siau.cat\/index.php\/wp-json\/wp\/v2\/posts\/1879\/revisions\/1881"}],"wp:attachment":[{"href":"https:\/\/www.siau.cat\/index.php\/wp-json\/wp\/v2\/media?parent=1879"}],"wp:term":[{"taxonomy":"category","embeddable":true,"href":"https:\/\/www.siau.cat\/index.php\/wp-json\/wp\/v2\/categories?post=1879"},{"taxonomy":"post_tag","embeddable":true,"href":"https:\/\/www.siau.cat\/index.php\/wp-json\/wp\/v2\/tags?post=1879"}],"curies":[{"name":"wp","href":"https:\/\/api.w.org\/{rel}","templated":true}]}}