{"id":1883,"date":"2025-06-17T10:55:07","date_gmt":"2025-06-17T10:55:07","guid":{"rendered":"https:\/\/www.siau.cat\/?p=1883"},"modified":"2025-06-17T10:58:45","modified_gmt":"2025-06-17T10:58:45","slug":"siau-denuncia-la-suspensio-de-la-reserva-de-places-nese-com-un-retroces-en-la-inclusio-educativa","status":"publish","type":"post","link":"https:\/\/www.siau.cat\/index.php\/2025\/06\/17\/siau-denuncia-la-suspensio-de-la-reserva-de-places-nese-com-un-retroces-en-la-inclusio-educativa\/","title":{"rendered":"SIAU denuncia la suspensi\u00f3 de la reserva de places NESE com un retroc\u00e9s en la inclusi\u00f3 educativa"},"content":{"rendered":"\n<figure class=\"wp-block-gallery has-nested-images columns-default is-cropped wp-block-gallery-1 is-layout-flex wp-block-gallery-is-layout-flex\">\n<figure class=\"wp-block-image size-large\"><img loading=\"lazy\" decoding=\"async\" width=\"1024\" height=\"768\" data-id=\"1884\" src=\"https:\/\/www.siau.cat\/wp-content\/uploads\/2025\/06\/Conselleria-1024x768.jpg\" alt=\"\" class=\"wp-image-1884\" srcset=\"https:\/\/www.siau.cat\/wp-content\/uploads\/2025\/06\/Conselleria-1024x768.jpg 1024w, https:\/\/www.siau.cat\/wp-content\/uploads\/2025\/06\/Conselleria-300x225.jpg 300w, https:\/\/www.siau.cat\/wp-content\/uploads\/2025\/06\/Conselleria-768x576.jpg 768w, https:\/\/www.siau.cat\/wp-content\/uploads\/2025\/06\/Conselleria-1536x1152.jpg 1536w, https:\/\/www.siau.cat\/wp-content\/uploads\/2025\/06\/Conselleria-2048x1536.jpg 2048w, https:\/\/www.siau.cat\/wp-content\/uploads\/2025\/06\/Conselleria-24x18.jpg 24w, https:\/\/www.siau.cat\/wp-content\/uploads\/2025\/06\/Conselleria-36x27.jpg 36w, https:\/\/www.siau.cat\/wp-content\/uploads\/2025\/06\/Conselleria-48x36.jpg 48w, https:\/\/www.siau.cat\/wp-content\/uploads\/2025\/06\/Conselleria-350x263.jpg 350w\" sizes=\"auto, (max-width: 767px) 89vw, (max-width: 1000px) 54vw, (max-width: 1071px) 543px, 580px\" \/><\/figure>\n<\/figure>\n\n\n\n<p>SIAU expressa el seu profund rebuig davant la decisi\u00f3 de la Conselleria d\u2019Educaci\u00f3 d\u2019eliminar, de manera excepcional per al curs 2025-2026, la reserva de places per a l\u2019alumnat amb necessitats educatives de suport espec\u00edfic (NESE) a la majoria dels centres educatius de les Illes Balears. Aquesta mesura, presentada com una resposta a les demandes puntuals d\u2019alguns centres, suposa un pas enrere greu en el cam\u00ed cap a una educaci\u00f3 inclusiva, equitativa i cohesionadora.<\/p>\n\n\n\n<p>La normativa vigent estableix que cal reservar places per garantir una escolaritzaci\u00f3 equilibrada d\u2019aquest alumnat. Aquesta reserva afavoreix la inclusi\u00f3 real i evita la concentraci\u00f3 d\u2019alumnat vulnerable en determinats centres, habitualment p\u00fablics. La decisi\u00f3 de la Conselleria, per\u00f2, contradiu aquest principi, amb l\u2019excusa de dificultats per diagnosticar preco\u00e7ment els casos NESE i per evitar vacants que no es poden cobrir amb alumnat ordinari.<\/p>\n\n\n\n<p><strong>La realitat: sobrec\u00e0rrega als centres p\u00fablics i incompliments als concertats<\/strong><\/p>\n\n\n\n<p>Les xifres parlen per si soles: segons l\u2019Informe del Sistema Educatiu (ISE) 2021-2022, un 24% de l\u2019alumnat d\u2019ESO tenia consideraci\u00f3 NESE. Aquesta proporci\u00f3 evidencia la magnitud de la tasca inclusiva que han d\u2019assumir els centres. Tot i aix\u00f2, SIAU recorda que la redistribuci\u00f3 d\u2019aquest alumnat no ha estat equitativa. Diversos centres p\u00fablics han denunciat reiteradament que molts centres concertats no compleixen amb la seva quota de reserva, derivant de facto la responsabilitat d\u2019atendre aquest alumnat cap als centres p\u00fablics.<\/p>\n\n\n\n<p>La decisi\u00f3 de suspendre la reserva institucionalitza aquesta situaci\u00f3 injusta i perpetua una doble xarxa educativa, en qu\u00e8 la p\u00fablica assumeix la inclusi\u00f3 i la vulnerabilitat, mentre la concertada es reserva l\u2019alumnat ordinari. La mesura, per tant, no \u00e9s neutra: beneficia uns centres en detriment d\u2019uns altres, i perjudica directament l\u2019alumnat amb m\u00e9s necessitats.<\/p>\n\n\n\n<p><strong>SIAU exigeix a Educaci\u00f3:<\/strong><\/p>\n\n\n\n<ol class=\"wp-block-list\">\n<li><strong>La reversi\u00f3 immediata de la suspensi\u00f3<\/strong> de la reserva de places NESE per al curs 2025-2026.<\/li>\n\n\n\n<li><strong>Un sistema de diagn\u00f2stic preco\u00e7 universal<\/strong> i amb recursos, per detectar i garantir els drets dels alumnes amb necessitats espec\u00edfiques des del primer moment.<\/li>\n\n\n\n<li><strong>L\u2019obligaci\u00f3 real i efectiva dels centres concertats<\/strong> a complir amb la seva quota de reserva i participar activament en la redistribuci\u00f3 d\u2019aquest alumnat.<\/li>\n\n\n\n<li><strong>M\u00e9s recursos humans i materials<\/strong> per als centres que acullen alumnat NESE, especialment els p\u00fablics.<\/li>\n<\/ol>\n\n\n\n<p>La inclusi\u00f3 no pot ser condicional ni espor\u00e0dica. Des de SIAU exigim pol\u00edtiques educatives que garanteixin el dret a una escolaritzaci\u00f3 justa, equitativa i que no discrimini l\u2019alumnat m\u00e9s vulnerable.<\/p>\n\n\n\n<p>Enlla\u00e7 al BOIB: <a href=\"https:\/\/www.caib.es\/eboibfront\/ca\/2025\/12111\/702244\/resolucio-de-la-directora-general-de-planificacio-\">https:\/\/www.caib.es\/eboibfront\/ca\/2025\/12111\/702244\/resolucio-de-la-directora-general-de-planificacio-<\/a><\/p>\n\n\n\n<p>Enlla\u00e7 a la not\u00edcia de l&#8217;ARABALEARS: <a href=\"https:\/\/www.arabalears.cat\/societat\/educacio-elimina-reserva-places-alumnes-necessitats_1_5414235.html\">https:\/\/www.arabalears.cat\/societat\/educacio-elimina-reserva-places-alumnes-necessitats_1_5414235.html<\/a><\/p>\n","protected":false},"excerpt":{"rendered":"<p>SIAU expressa el seu profund rebuig davant la decisi\u00f3 de la Conselleria d\u2019Educaci\u00f3 d\u2019eliminar, de manera excepcional per al curs 2025-2026, la reserva de places per a l\u2019alumnat amb necessitats educatives de suport espec\u00edfic (NESE) a la majoria dels centres educatius de les Illes Balears. Aquesta mesura, presentada com una resposta a les demandes puntuals &hellip; <\/p>\n<p class=\"link-more\"><a href=\"https:\/\/www.siau.cat\/index.php\/2025\/06\/17\/siau-denuncia-la-suspensio-de-la-reserva-de-places-nese-com-un-retroces-en-la-inclusio-educativa\/\" class=\"more-link\">Continua llegint <span class=\"screen-reader-text\">\u00abSIAU denuncia la suspensi\u00f3 de la reserva de places NESE com un retroc\u00e9s en la inclusi\u00f3 educativa\u00bb<\/span><\/a><\/p>\n","protected":false},"author":1,"featured_media":0,"comment_status":"closed","ping_status":"open","sticky":false,"template":"","format":"standard","meta":{"_jetpack_memberships_contains_paid_content":false,"footnotes":""},"categories":[1],"tags":[],"class_list":["post-1883","post","type-post","status-publish","format-standard","hentry","category-uncategorized"],"yoast_head":"<!-- This site is optimized with the Yoast SEO plugin v25.4 - https:\/\/yoast.com\/wordpress\/plugins\/seo\/ -->\n<title>SIAU denuncia la suspensi\u00f3 de la reserva de places NESE com un retroc\u00e9s en la inclusi\u00f3 educativa &#8212; SIAU - SINDICAT INDEPENDENT, AUT\u00d2NOM I UNITARI<\/title>\n<meta name=\"robots\" content=\"index, follow, max-snippet:-1, max-image-preview:large, max-video-preview:-1\" \/>\n<link rel=\"canonical\" href=\"https:\/\/www.siau.cat\/index.php\/2025\/06\/17\/siau-denuncia-la-suspensio-de-la-reserva-de-places-nese-com-un-retroces-en-la-inclusio-educativa\/\" \/>\n<meta property=\"og:locale\" content=\"ca_ES\" \/>\n<meta property=\"og:type\" content=\"article\" \/>\n<meta property=\"og:title\" content=\"SIAU denuncia la suspensi\u00f3 de la reserva de places NESE com un retroc\u00e9s en la inclusi\u00f3 educativa &#8212; SIAU - SINDICAT INDEPENDENT, AUT\u00d2NOM I UNITARI\" \/>\n<meta property=\"og:description\" content=\"SIAU expressa el seu profund rebuig davant la decisi\u00f3 de la Conselleria d\u2019Educaci\u00f3 d\u2019eliminar, de manera excepcional per al curs 2025-2026, la reserva de places per a l\u2019alumnat amb necessitats educatives de suport espec\u00edfic (NESE) a la majoria dels centres educatius de les Illes Balears. Aquesta mesura, presentada com una resposta a les demandes puntuals &hellip; Continua llegint \u00abSIAU denuncia la suspensi\u00f3 de la reserva de places NESE com un retroc\u00e9s en la inclusi\u00f3 educativa\u00bb\" \/>\n<meta property=\"og:url\" content=\"https:\/\/www.siau.cat\/index.php\/2025\/06\/17\/siau-denuncia-la-suspensio-de-la-reserva-de-places-nese-com-un-retroces-en-la-inclusio-educativa\/\" \/>\n<meta property=\"og:site_name\" content=\"SIAU - SINDICAT INDEPENDENT, AUT\u00d2NOM I UNITARI\" \/>\n<meta property=\"article:published_time\" content=\"2025-06-17T10:55:07+00:00\" \/>\n<meta property=\"article:modified_time\" content=\"2025-06-17T10:58:45+00:00\" \/>\n<meta property=\"og:image\" content=\"https:\/\/www.siau.cat\/wp-content\/uploads\/2025\/06\/Conselleria-scaled.jpg\" \/>\n\t<meta property=\"og:image:width\" content=\"2560\" \/>\n\t<meta property=\"og:image:height\" content=\"1920\" \/>\n\t<meta property=\"og:image:type\" content=\"image\/jpeg\" \/>\n<meta name=\"author\" content=\"admin\" \/>\n<meta name=\"twitter:card\" content=\"summary_large_image\" \/>\n<meta name=\"twitter:label1\" content=\"Escrit per\" \/>\n\t<meta name=\"twitter:data1\" content=\"admin\" \/>\n\t<meta name=\"twitter:label2\" content=\"Temps estimat de lectura\" \/>\n\t<meta name=\"twitter:data2\" content=\"3 minuts\" \/>\n<script type=\"application\/ld+json\" class=\"yoast-schema-graph\">{\"@context\":\"https:\/\/schema.org\",\"@graph\":[{\"@type\":\"Article\",\"@id\":\"https:\/\/www.siau.cat\/index.php\/2025\/06\/17\/siau-denuncia-la-suspensio-de-la-reserva-de-places-nese-com-un-retroces-en-la-inclusio-educativa\/#article\",\"isPartOf\":{\"@id\":\"https:\/\/www.siau.cat\/index.php\/2025\/06\/17\/siau-denuncia-la-suspensio-de-la-reserva-de-places-nese-com-un-retroces-en-la-inclusio-educativa\/\"},\"author\":{\"name\":\"admin\",\"@id\":\"https:\/\/www.siau.cat\/#\/schema\/person\/810c15694a7e538934bb4be53ebcba0d\"},\"headline\":\"SIAU denuncia la suspensi\u00f3 de la reserva de places NESE com un retroc\u00e9s en la inclusi\u00f3 educativa\",\"datePublished\":\"2025-06-17T10:55:07+00:00\",\"dateModified\":\"2025-06-17T10:58:45+00:00\",\"mainEntityOfPage\":{\"@id\":\"https:\/\/www.siau.cat\/index.php\/2025\/06\/17\/siau-denuncia-la-suspensio-de-la-reserva-de-places-nese-com-un-retroces-en-la-inclusio-educativa\/\"},\"wordCount\":468,\"publisher\":{\"@id\":\"https:\/\/www.siau.cat\/#organization\"},\"image\":{\"@id\":\"https:\/\/www.siau.cat\/index.php\/2025\/06\/17\/siau-denuncia-la-suspensio-de-la-reserva-de-places-nese-com-un-retroces-en-la-inclusio-educativa\/#primaryimage\"},\"thumbnailUrl\":\"https:\/\/www.siau.cat\/wp-content\/uploads\/2025\/06\/Conselleria-1024x768.jpg\",\"articleSection\":[\"Uncategorized\"],\"inLanguage\":\"ca\"},{\"@type\":\"WebPage\",\"@id\":\"https:\/\/www.siau.cat\/index.php\/2025\/06\/17\/siau-denuncia-la-suspensio-de-la-reserva-de-places-nese-com-un-retroces-en-la-inclusio-educativa\/\",\"url\":\"https:\/\/www.siau.cat\/index.php\/2025\/06\/17\/siau-denuncia-la-suspensio-de-la-reserva-de-places-nese-com-un-retroces-en-la-inclusio-educativa\/\",\"name\":\"SIAU denuncia la suspensi\u00f3 de la reserva de places NESE com un retroc\u00e9s en la inclusi\u00f3 educativa &#8212; SIAU - SINDICAT INDEPENDENT, AUT\u00d2NOM I UNITARI\",\"isPartOf\":{\"@id\":\"https:\/\/www.siau.cat\/#website\"},\"primaryImageOfPage\":{\"@id\":\"https:\/\/www.siau.cat\/index.php\/2025\/06\/17\/siau-denuncia-la-suspensio-de-la-reserva-de-places-nese-com-un-retroces-en-la-inclusio-educativa\/#primaryimage\"},\"image\":{\"@id\":\"https:\/\/www.siau.cat\/index.php\/2025\/06\/17\/siau-denuncia-la-suspensio-de-la-reserva-de-places-nese-com-un-retroces-en-la-inclusio-educativa\/#primaryimage\"},\"thumbnailUrl\":\"https:\/\/www.siau.cat\/wp-content\/uploads\/2025\/06\/Conselleria-1024x768.jpg\",\"datePublished\":\"2025-06-17T10:55:07+00:00\",\"dateModified\":\"2025-06-17T10:58:45+00:00\",\"breadcrumb\":{\"@id\":\"https:\/\/www.siau.cat\/index.php\/2025\/06\/17\/siau-denuncia-la-suspensio-de-la-reserva-de-places-nese-com-un-retroces-en-la-inclusio-educativa\/#breadcrumb\"},\"inLanguage\":\"ca\",\"potentialAction\":[{\"@type\":\"ReadAction\",\"target\":[\"https:\/\/www.siau.cat\/index.php\/2025\/06\/17\/siau-denuncia-la-suspensio-de-la-reserva-de-places-nese-com-un-retroces-en-la-inclusio-educativa\/\"]}]},{\"@type\":\"ImageObject\",\"inLanguage\":\"ca\",\"@id\":\"https:\/\/www.siau.cat\/index.php\/2025\/06\/17\/siau-denuncia-la-suspensio-de-la-reserva-de-places-nese-com-un-retroces-en-la-inclusio-educativa\/#primaryimage\",\"url\":\"https:\/\/www.siau.cat\/wp-content\/uploads\/2025\/06\/Conselleria-scaled.jpg\",\"contentUrl\":\"https:\/\/www.siau.cat\/wp-content\/uploads\/2025\/06\/Conselleria-scaled.jpg\",\"width\":2560,\"height\":1920},{\"@type\":\"BreadcrumbList\",\"@id\":\"https:\/\/www.siau.cat\/index.php\/2025\/06\/17\/siau-denuncia-la-suspensio-de-la-reserva-de-places-nese-com-un-retroces-en-la-inclusio-educativa\/#breadcrumb\",\"itemListElement\":[{\"@type\":\"ListItem\",\"position\":1,\"name\":\"Inici\",\"item\":\"https:\/\/www.siau.cat\/\"},{\"@type\":\"ListItem\",\"position\":2,\"name\":\"SIAU denuncia la suspensi\u00f3 de la reserva de places NESE com un retroc\u00e9s en la inclusi\u00f3 educativa\"}]},{\"@type\":\"WebSite\",\"@id\":\"https:\/\/www.siau.cat\/#website\",\"url\":\"https:\/\/www.siau.cat\/\",\"name\":\"SIAU - SINDICAT INDEPENDENT, AUT\u00d2NOM I UNITARI\",\"description\":\"Ara s&iacute; que tenim la veu\",\"publisher\":{\"@id\":\"https:\/\/www.siau.cat\/#organization\"},\"potentialAction\":[{\"@type\":\"SearchAction\",\"target\":{\"@type\":\"EntryPoint\",\"urlTemplate\":\"https:\/\/www.siau.cat\/?s={search_term_string}\"},\"query-input\":{\"@type\":\"PropertyValueSpecification\",\"valueRequired\":true,\"valueName\":\"search_term_string\"}}],\"inLanguage\":\"ca\"},{\"@type\":\"Organization\",\"@id\":\"https:\/\/www.siau.cat\/#organization\",\"name\":\"SIAU\",\"url\":\"https:\/\/www.siau.cat\/\",\"logo\":{\"@type\":\"ImageObject\",\"inLanguage\":\"ca\",\"@id\":\"https:\/\/www.siau.cat\/#\/schema\/logo\/image\/\",\"url\":\"https:\/\/www.siau.cat\/wp-content\/uploads\/2022\/03\/cropped-resized_LOGO-SIAU-5-e1652020847972.jpg\",\"contentUrl\":\"https:\/\/www.siau.cat\/wp-content\/uploads\/2022\/03\/cropped-resized_LOGO-SIAU-5-e1652020847972.jpg\",\"width\":1600,\"height\":1200,\"caption\":\"SIAU\"},\"image\":{\"@id\":\"https:\/\/www.siau.cat\/#\/schema\/logo\/image\/\"}},{\"@type\":\"Person\",\"@id\":\"https:\/\/www.siau.cat\/#\/schema\/person\/810c15694a7e538934bb4be53ebcba0d\",\"name\":\"admin\",\"image\":{\"@type\":\"ImageObject\",\"inLanguage\":\"ca\",\"@id\":\"https:\/\/www.siau.cat\/#\/schema\/person\/image\/\",\"url\":\"https:\/\/www.siau.cat\/wp-content\/litespeed\/avatar\/d73ebfac3daa0b52552b2ccea63469da.jpg?ver=1777403609\",\"contentUrl\":\"https:\/\/www.siau.cat\/wp-content\/litespeed\/avatar\/d73ebfac3daa0b52552b2ccea63469da.jpg?ver=1777403609\",\"caption\":\"admin\"},\"sameAs\":[\"https:\/\/www.siau.cat\"],\"url\":\"https:\/\/www.siau.cat\/index.php\/author\/admin\/\"}]}<\/script>\n<!-- \/ Yoast SEO plugin. -->","yoast_head_json":{"title":"SIAU denuncia la suspensi\u00f3 de la reserva de places NESE com un retroc\u00e9s en la inclusi\u00f3 educativa &#8212; SIAU - SINDICAT INDEPENDENT, AUT\u00d2NOM I UNITARI","robots":{"index":"index","follow":"follow","max-snippet":"max-snippet:-1","max-image-preview":"max-image-preview:large","max-video-preview":"max-video-preview:-1"},"canonical":"https:\/\/www.siau.cat\/index.php\/2025\/06\/17\/siau-denuncia-la-suspensio-de-la-reserva-de-places-nese-com-un-retroces-en-la-inclusio-educativa\/","og_locale":"ca_ES","og_type":"article","og_title":"SIAU denuncia la suspensi\u00f3 de la reserva de places NESE com un retroc\u00e9s en la inclusi\u00f3 educativa &#8212; SIAU - SINDICAT INDEPENDENT, AUT\u00d2NOM I UNITARI","og_description":"SIAU expressa el seu profund rebuig davant la decisi\u00f3 de la Conselleria d\u2019Educaci\u00f3 d\u2019eliminar, de manera excepcional per al curs 2025-2026, la reserva de places per a l\u2019alumnat amb necessitats educatives de suport espec\u00edfic (NESE) a la majoria dels centres educatius de les Illes Balears. Aquesta mesura, presentada com una resposta a les demandes puntuals &hellip; Continua llegint \u00abSIAU denuncia la suspensi\u00f3 de la reserva de places NESE com un retroc\u00e9s en la inclusi\u00f3 educativa\u00bb","og_url":"https:\/\/www.siau.cat\/index.php\/2025\/06\/17\/siau-denuncia-la-suspensio-de-la-reserva-de-places-nese-com-un-retroces-en-la-inclusio-educativa\/","og_site_name":"SIAU - SINDICAT INDEPENDENT, AUT\u00d2NOM I UNITARI","article_published_time":"2025-06-17T10:55:07+00:00","article_modified_time":"2025-06-17T10:58:45+00:00","og_image":[{"width":2560,"height":1920,"url":"https:\/\/www.siau.cat\/wp-content\/uploads\/2025\/06\/Conselleria-scaled.jpg","type":"image\/jpeg"}],"author":"admin","twitter_card":"summary_large_image","twitter_misc":{"Escrit per":"admin","Temps estimat de lectura":"3 minuts"},"schema":{"@context":"https:\/\/schema.org","@graph":[{"@type":"Article","@id":"https:\/\/www.siau.cat\/index.php\/2025\/06\/17\/siau-denuncia-la-suspensio-de-la-reserva-de-places-nese-com-un-retroces-en-la-inclusio-educativa\/#article","isPartOf":{"@id":"https:\/\/www.siau.cat\/index.php\/2025\/06\/17\/siau-denuncia-la-suspensio-de-la-reserva-de-places-nese-com-un-retroces-en-la-inclusio-educativa\/"},"author":{"name":"admin","@id":"https:\/\/www.siau.cat\/#\/schema\/person\/810c15694a7e538934bb4be53ebcba0d"},"headline":"SIAU denuncia la suspensi\u00f3 de la reserva de places NESE com un retroc\u00e9s en la inclusi\u00f3 educativa","datePublished":"2025-06-17T10:55:07+00:00","dateModified":"2025-06-17T10:58:45+00:00","mainEntityOfPage":{"@id":"https:\/\/www.siau.cat\/index.php\/2025\/06\/17\/siau-denuncia-la-suspensio-de-la-reserva-de-places-nese-com-un-retroces-en-la-inclusio-educativa\/"},"wordCount":468,"publisher":{"@id":"https:\/\/www.siau.cat\/#organization"},"image":{"@id":"https:\/\/www.siau.cat\/index.php\/2025\/06\/17\/siau-denuncia-la-suspensio-de-la-reserva-de-places-nese-com-un-retroces-en-la-inclusio-educativa\/#primaryimage"},"thumbnailUrl":"https:\/\/www.siau.cat\/wp-content\/uploads\/2025\/06\/Conselleria-1024x768.jpg","articleSection":["Uncategorized"],"inLanguage":"ca"},{"@type":"WebPage","@id":"https:\/\/www.siau.cat\/index.php\/2025\/06\/17\/siau-denuncia-la-suspensio-de-la-reserva-de-places-nese-com-un-retroces-en-la-inclusio-educativa\/","url":"https:\/\/www.siau.cat\/index.php\/2025\/06\/17\/siau-denuncia-la-suspensio-de-la-reserva-de-places-nese-com-un-retroces-en-la-inclusio-educativa\/","name":"SIAU denuncia la suspensi\u00f3 de la reserva de places NESE com un retroc\u00e9s en la inclusi\u00f3 educativa &#8212; SIAU - SINDICAT INDEPENDENT, AUT\u00d2NOM I UNITARI","isPartOf":{"@id":"https:\/\/www.siau.cat\/#website"},"primaryImageOfPage":{"@id":"https:\/\/www.siau.cat\/index.php\/2025\/06\/17\/siau-denuncia-la-suspensio-de-la-reserva-de-places-nese-com-un-retroces-en-la-inclusio-educativa\/#primaryimage"},"image":{"@id":"https:\/\/www.siau.cat\/index.php\/2025\/06\/17\/siau-denuncia-la-suspensio-de-la-reserva-de-places-nese-com-un-retroces-en-la-inclusio-educativa\/#primaryimage"},"thumbnailUrl":"https:\/\/www.siau.cat\/wp-content\/uploads\/2025\/06\/Conselleria-1024x768.jpg","datePublished":"2025-06-17T10:55:07+00:00","dateModified":"2025-06-17T10:58:45+00:00","breadcrumb":{"@id":"https:\/\/www.siau.cat\/index.php\/2025\/06\/17\/siau-denuncia-la-suspensio-de-la-reserva-de-places-nese-com-un-retroces-en-la-inclusio-educativa\/#breadcrumb"},"inLanguage":"ca","potentialAction":[{"@type":"ReadAction","target":["https:\/\/www.siau.cat\/index.php\/2025\/06\/17\/siau-denuncia-la-suspensio-de-la-reserva-de-places-nese-com-un-retroces-en-la-inclusio-educativa\/"]}]},{"@type":"ImageObject","inLanguage":"ca","@id":"https:\/\/www.siau.cat\/index.php\/2025\/06\/17\/siau-denuncia-la-suspensio-de-la-reserva-de-places-nese-com-un-retroces-en-la-inclusio-educativa\/#primaryimage","url":"https:\/\/www.siau.cat\/wp-content\/uploads\/2025\/06\/Conselleria-scaled.jpg","contentUrl":"https:\/\/www.siau.cat\/wp-content\/uploads\/2025\/06\/Conselleria-scaled.jpg","width":2560,"height":1920},{"@type":"BreadcrumbList","@id":"https:\/\/www.siau.cat\/index.php\/2025\/06\/17\/siau-denuncia-la-suspensio-de-la-reserva-de-places-nese-com-un-retroces-en-la-inclusio-educativa\/#breadcrumb","itemListElement":[{"@type":"ListItem","position":1,"name":"Inici","item":"https:\/\/www.siau.cat\/"},{"@type":"ListItem","position":2,"name":"SIAU denuncia la suspensi\u00f3 de la reserva de places NESE com un retroc\u00e9s en la inclusi\u00f3 educativa"}]},{"@type":"WebSite","@id":"https:\/\/www.siau.cat\/#website","url":"https:\/\/www.siau.cat\/","name":"SIAU - SINDICAT INDEPENDENT, AUT\u00d2NOM I UNITARI","description":"Ara s&iacute; que tenim la veu","publisher":{"@id":"https:\/\/www.siau.cat\/#organization"},"potentialAction":[{"@type":"SearchAction","target":{"@type":"EntryPoint","urlTemplate":"https:\/\/www.siau.cat\/?s={search_term_string}"},"query-input":{"@type":"PropertyValueSpecification","valueRequired":true,"valueName":"search_term_string"}}],"inLanguage":"ca"},{"@type":"Organization","@id":"https:\/\/www.siau.cat\/#organization","name":"SIAU","url":"https:\/\/www.siau.cat\/","logo":{"@type":"ImageObject","inLanguage":"ca","@id":"https:\/\/www.siau.cat\/#\/schema\/logo\/image\/","url":"https:\/\/www.siau.cat\/wp-content\/uploads\/2022\/03\/cropped-resized_LOGO-SIAU-5-e1652020847972.jpg","contentUrl":"https:\/\/www.siau.cat\/wp-content\/uploads\/2022\/03\/cropped-resized_LOGO-SIAU-5-e1652020847972.jpg","width":1600,"height":1200,"caption":"SIAU"},"image":{"@id":"https:\/\/www.siau.cat\/#\/schema\/logo\/image\/"}},{"@type":"Person","@id":"https:\/\/www.siau.cat\/#\/schema\/person\/810c15694a7e538934bb4be53ebcba0d","name":"admin","image":{"@type":"ImageObject","inLanguage":"ca","@id":"https:\/\/www.siau.cat\/#\/schema\/person\/image\/","url":"https:\/\/www.siau.cat\/wp-content\/litespeed\/avatar\/d73ebfac3daa0b52552b2ccea63469da.jpg?ver=1777403609","contentUrl":"https:\/\/www.siau.cat\/wp-content\/litespeed\/avatar\/d73ebfac3daa0b52552b2ccea63469da.jpg?ver=1777403609","caption":"admin"},"sameAs":["https:\/\/www.siau.cat"],"url":"https:\/\/www.siau.cat\/index.php\/author\/admin\/"}]}},"jetpack_featured_media_url":"","jetpack_sharing_enabled":true,"_links":{"self":[{"href":"https:\/\/www.siau.cat\/index.php\/wp-json\/wp\/v2\/posts\/1883","targetHints":{"allow":["GET"]}}],"collection":[{"href":"https:\/\/www.siau.cat\/index.php\/wp-json\/wp\/v2\/posts"}],"about":[{"href":"https:\/\/www.siau.cat\/index.php\/wp-json\/wp\/v2\/types\/post"}],"author":[{"embeddable":true,"href":"https:\/\/www.siau.cat\/index.php\/wp-json\/wp\/v2\/users\/1"}],"replies":[{"embeddable":true,"href":"https:\/\/www.siau.cat\/index.php\/wp-json\/wp\/v2\/comments?post=1883"}],"version-history":[{"count":2,"href":"https:\/\/www.siau.cat\/index.php\/wp-json\/wp\/v2\/posts\/1883\/revisions"}],"predecessor-version":[{"id":1887,"href":"https:\/\/www.siau.cat\/index.php\/wp-json\/wp\/v2\/posts\/1883\/revisions\/1887"}],"wp:attachment":[{"href":"https:\/\/www.siau.cat\/index.php\/wp-json\/wp\/v2\/media?parent=1883"}],"wp:term":[{"taxonomy":"category","embeddable":true,"href":"https:\/\/www.siau.cat\/index.php\/wp-json\/wp\/v2\/categories?post=1883"},{"taxonomy":"post_tag","embeddable":true,"href":"https:\/\/www.siau.cat\/index.php\/wp-json\/wp\/v2\/tags?post=1883"}],"curies":[{"name":"wp","href":"https:\/\/api.w.org\/{rel}","templated":true}]}}