{"id":1889,"date":"2025-06-17T12:12:12","date_gmt":"2025-06-17T12:12:12","guid":{"rendered":"https:\/\/www.siau.cat\/?p=1889"},"modified":"2025-06-17T12:20:48","modified_gmt":"2025-06-17T12:20:48","slug":"siau-es-reuneix-al-congres-dels-diputats-amb-el-coordinador-de-podemos","status":"publish","type":"post","link":"https:\/\/www.siau.cat\/index.php\/2025\/06\/17\/siau-es-reuneix-al-congres-dels-diputats-amb-el-coordinador-de-podemos\/","title":{"rendered":"SIAU es reuneix al Congr\u00e9s dels Diputats amb el secretari d\u2019Economia i coordinador dels diputats de PODEMOS"},"content":{"rendered":"\n<figure class=\"wp-block-image size-large\"><img loading=\"lazy\" decoding=\"async\" width=\"1006\" height=\"1024\" src=\"https:\/\/www.siau.cat\/wp-content\/uploads\/2025\/06\/PODEMOS-png-1006x1024.png\" alt=\"\" class=\"wp-image-1893\" srcset=\"https:\/\/www.siau.cat\/wp-content\/uploads\/2025\/06\/PODEMOS-png-1006x1024.png 1006w, https:\/\/www.siau.cat\/wp-content\/uploads\/2025\/06\/PODEMOS-png-295x300.png 295w, https:\/\/www.siau.cat\/wp-content\/uploads\/2025\/06\/PODEMOS-png-768x782.png 768w, https:\/\/www.siau.cat\/wp-content\/uploads\/2025\/06\/PODEMOS-png-1509x1536.png 1509w, https:\/\/www.siau.cat\/wp-content\/uploads\/2025\/06\/PODEMOS-png-2012x2048.png 2012w, https:\/\/www.siau.cat\/wp-content\/uploads\/2025\/06\/PODEMOS-png-24x24.png 24w, https:\/\/www.siau.cat\/wp-content\/uploads\/2025\/06\/PODEMOS-png-36x36.png 36w, https:\/\/www.siau.cat\/wp-content\/uploads\/2025\/06\/PODEMOS-png-48x48.png 48w, https:\/\/www.siau.cat\/wp-content\/uploads\/2025\/06\/PODEMOS-png-350x356.png 350w\" sizes=\"auto, (max-width: 767px) 89vw, (max-width: 1000px) 54vw, (max-width: 1071px) 543px, 580px\" \/><figcaption class=\"wp-element-caption\">El secretari general de SIAU reunit amb el secretari d&#8217;Economia de PODEMOS<\/figcaption><\/figure>\n\n\n\n<p>Dins la ronda de reunions de SIAU amb diputats i grups parlamentaris, hem tingut ocasi\u00f3 de reunir-nos amb Jacinto Morano, de PODEMOS, exdiputat de l\u2019Assemblea de Madrid, exsenador, secretari d\u2019Economia i coordinador dels diputats del seu partit al Congr\u00e9s dels Diputats.<\/p>\n\n\n\n<p>A la reuni\u00f3 hem parlat de diversos temes: la tramitaci\u00f3 a Madrid de lleis que afecten els docents, la situaci\u00f3 de la llengua catalana a les Illes Balears, el desmantellament de l\u2019escola p\u00fablica i les din\u00e0miques internes de l\u2019Administraci\u00f3.<\/p>\n\n\n\n<p>Pel que fa al primer punt, ens ha explicat que coincideixen amb les nostres demandes, com tamb\u00e9 passa amb altres partits pol\u00edtics. Hem analitzat esmenes presentades per distintes forces i la possibilitat de presentar una transaccional que permeti integrar els diferents matisos, fet que valoram molt positivament.<\/p>\n\n\n\n<p>Recordem que durant aquests dies mantenim contacte amb diverses forces parlament\u00e0ries del Congr\u00e9s dels Diputats per continuar encaminant les esmenes a la Llei de funci\u00f3 p\u00fablica i al TRLEBEP, aix\u00ed com per treballar possibles transaccionals, entre altres temes que ens preocupen.<\/p>\n\n\n\n<figure class=\"wp-block-image size-large\"><img loading=\"lazy\" decoding=\"async\" width=\"978\" height=\"1024\" src=\"https:\/\/www.siau.cat\/wp-content\/uploads\/2025\/06\/Representant-SIAU-978x1024.jpg\" alt=\"\" class=\"wp-image-1895\" srcset=\"https:\/\/www.siau.cat\/wp-content\/uploads\/2025\/06\/Representant-SIAU-978x1024.jpg 978w, https:\/\/www.siau.cat\/wp-content\/uploads\/2025\/06\/Representant-SIAU-287x300.jpg 287w, https:\/\/www.siau.cat\/wp-content\/uploads\/2025\/06\/Representant-SIAU-768x804.jpg 768w, https:\/\/www.siau.cat\/wp-content\/uploads\/2025\/06\/Representant-SIAU-1467x1536.jpg 1467w, https:\/\/www.siau.cat\/wp-content\/uploads\/2025\/06\/Representant-SIAU-1956x2048.jpg 1956w, https:\/\/www.siau.cat\/wp-content\/uploads\/2025\/06\/Representant-SIAU-24x24.jpg 24w, https:\/\/www.siau.cat\/wp-content\/uploads\/2025\/06\/Representant-SIAU-34x36.jpg 34w, https:\/\/www.siau.cat\/wp-content\/uploads\/2025\/06\/Representant-SIAU-46x48.jpg 46w, https:\/\/www.siau.cat\/wp-content\/uploads\/2025\/06\/Representant-SIAU-350x366.jpg 350w\" sizes=\"auto, (max-width: 767px) 89vw, (max-width: 1000px) 54vw, (max-width: 1071px) 543px, 580px\" \/><figcaption class=\"wp-element-caption\">Representant de SIAU al Congr\u00e9s dels Diputats<\/figcaption><\/figure>\n\n\n\n<p>D\u2019altra banda, hem abordat la situaci\u00f3 de la llengua catalana a les Illes Balears i les actuacions que s\u2019han intentat dur a terme, en el passat, a altres territoris amb dues lleng\u00fces cooficials.<\/p>\n\n\n\n<p>Pel que fa al desmantellament de l\u2019escola p\u00fablica, hem parlat de les passes a seguir per revertir aquesta situaci\u00f3 i de les mobilitzacions previstes a curt termini.<\/p>\n\n\n\n<p>Finalment, hem tractat un tema especialment sensible relacionat amb les din\u00e0miques internes de l\u2019Administraci\u00f3 i els rols de poder que hi coexisteixen. En aquest punt, s\u2019ha dut a terme una pluja d\u2019idees molt enriquidora, que servir\u00e0 de base per a la reflexi\u00f3 interna de la nostra organitzaci\u00f3 a l\u2019hora de prendre decisions futures. Volem recordar que dins la Conselleria d\u2019Educaci\u00f3 hi passen coses que no transcendeixen als mitjans de comunicaci\u00f3, per\u00f2 que consideram necessari combatre d\u2019una manera o altra.<\/p>\n\n\n\n<p>Com ha passat amb la resta de reunions amb diputats i grups parlamentaris del Congr\u00e9s dels Diputats, des de SIAU en fem una valoraci\u00f3 molt positiva i enriquidora.<\/p>\n","protected":false},"excerpt":{"rendered":"<p>Dins la ronda de reunions de SIAU amb diputats i grups parlamentaris, hem tingut ocasi\u00f3 de reunir-nos amb Jacinto Morano, de PODEMOS, exdiputat de l\u2019Assemblea de Madrid, exsenador, secretari d\u2019Economia i coordinador dels diputats del seu partit al Congr\u00e9s dels Diputats. A la reuni\u00f3 hem parlat de diversos temes: la tramitaci\u00f3 a Madrid de lleis &hellip; <\/p>\n<p class=\"link-more\"><a href=\"https:\/\/www.siau.cat\/index.php\/2025\/06\/17\/siau-es-reuneix-al-congres-dels-diputats-amb-el-coordinador-de-podemos\/\" class=\"more-link\">Continua llegint <span class=\"screen-reader-text\">\u00abSIAU es reuneix al Congr\u00e9s dels Diputats amb el secretari d\u2019Economia i coordinador dels diputats de PODEMOS\u00bb<\/span><\/a><\/p>\n","protected":false},"author":1,"featured_media":0,"comment_status":"closed","ping_status":"open","sticky":false,"template":"","format":"standard","meta":{"_jetpack_memberships_contains_paid_content":false,"footnotes":""},"categories":[1],"tags":[],"class_list":["post-1889","post","type-post","status-publish","format-standard","hentry","category-uncategorized"],"yoast_head":"<!-- This site is optimized with the Yoast SEO plugin v25.4 - https:\/\/yoast.com\/wordpress\/plugins\/seo\/ -->\n<title>SIAU es reuneix al Congr\u00e9s dels Diputats amb el secretari d\u2019Economia i coordinador dels diputats de PODEMOS &#8212; SIAU - SINDICAT INDEPENDENT, AUT\u00d2NOM I UNITARI<\/title>\n<meta name=\"robots\" content=\"index, follow, max-snippet:-1, max-image-preview:large, max-video-preview:-1\" \/>\n<link rel=\"canonical\" href=\"https:\/\/www.siau.cat\/index.php\/2025\/06\/17\/siau-es-reuneix-al-congres-dels-diputats-amb-el-coordinador-de-podemos\/\" \/>\n<meta property=\"og:locale\" content=\"ca_ES\" \/>\n<meta property=\"og:type\" content=\"article\" \/>\n<meta property=\"og:title\" content=\"SIAU es reuneix al Congr\u00e9s dels Diputats amb el secretari d\u2019Economia i coordinador dels diputats de PODEMOS &#8212; SIAU - SINDICAT INDEPENDENT, AUT\u00d2NOM I UNITARI\" \/>\n<meta property=\"og:description\" content=\"Dins la ronda de reunions de SIAU amb diputats i grups parlamentaris, hem tingut ocasi\u00f3 de reunir-nos amb Jacinto Morano, de PODEMOS, exdiputat de l\u2019Assemblea de Madrid, exsenador, secretari d\u2019Economia i coordinador dels diputats del seu partit al Congr\u00e9s dels Diputats. A la reuni\u00f3 hem parlat de diversos temes: la tramitaci\u00f3 a Madrid de lleis &hellip; Continua llegint \u00abSIAU es reuneix al Congr\u00e9s dels Diputats amb el secretari d\u2019Economia i coordinador dels diputats de PODEMOS\u00bb\" \/>\n<meta property=\"og:url\" content=\"https:\/\/www.siau.cat\/index.php\/2025\/06\/17\/siau-es-reuneix-al-congres-dels-diputats-amb-el-coordinador-de-podemos\/\" \/>\n<meta property=\"og:site_name\" content=\"SIAU - SINDICAT INDEPENDENT, AUT\u00d2NOM I UNITARI\" \/>\n<meta property=\"article:published_time\" content=\"2025-06-17T12:12:12+00:00\" \/>\n<meta property=\"article:modified_time\" content=\"2025-06-17T12:20:48+00:00\" \/>\n<meta property=\"og:image\" content=\"https:\/\/www.siau.cat\/wp-content\/uploads\/2025\/06\/PODEMOS-png-1006x1024.png\" \/>\n\t<meta property=\"og:image:width\" content=\"1006\" \/>\n\t<meta property=\"og:image:height\" content=\"1024\" \/>\n\t<meta property=\"og:image:type\" content=\"image\/png\" \/>\n<meta name=\"author\" content=\"admin\" \/>\n<meta name=\"twitter:card\" content=\"summary_large_image\" \/>\n<meta name=\"twitter:label1\" content=\"Escrit per\" \/>\n\t<meta name=\"twitter:data1\" content=\"admin\" \/>\n\t<meta name=\"twitter:label2\" content=\"Temps estimat de lectura\" \/>\n\t<meta name=\"twitter:data2\" content=\"3 minuts\" \/>\n<script type=\"application\/ld+json\" class=\"yoast-schema-graph\">{\"@context\":\"https:\/\/schema.org\",\"@graph\":[{\"@type\":\"Article\",\"@id\":\"https:\/\/www.siau.cat\/index.php\/2025\/06\/17\/siau-es-reuneix-al-congres-dels-diputats-amb-el-coordinador-de-podemos\/#article\",\"isPartOf\":{\"@id\":\"https:\/\/www.siau.cat\/index.php\/2025\/06\/17\/siau-es-reuneix-al-congres-dels-diputats-amb-el-coordinador-de-podemos\/\"},\"author\":{\"name\":\"admin\",\"@id\":\"https:\/\/www.siau.cat\/#\/schema\/person\/810c15694a7e538934bb4be53ebcba0d\"},\"headline\":\"SIAU es reuneix al Congr\u00e9s dels Diputats amb el secretari d\u2019Economia i coordinador dels diputats de PODEMOS\",\"datePublished\":\"2025-06-17T12:12:12+00:00\",\"dateModified\":\"2025-06-17T12:20:48+00:00\",\"mainEntityOfPage\":{\"@id\":\"https:\/\/www.siau.cat\/index.php\/2025\/06\/17\/siau-es-reuneix-al-congres-dels-diputats-amb-el-coordinador-de-podemos\/\"},\"wordCount\":399,\"publisher\":{\"@id\":\"https:\/\/www.siau.cat\/#organization\"},\"image\":{\"@id\":\"https:\/\/www.siau.cat\/index.php\/2025\/06\/17\/siau-es-reuneix-al-congres-dels-diputats-amb-el-coordinador-de-podemos\/#primaryimage\"},\"thumbnailUrl\":\"https:\/\/www.siau.cat\/wp-content\/uploads\/2025\/06\/PODEMOS-png-1006x1024.png\",\"articleSection\":[\"Uncategorized\"],\"inLanguage\":\"ca\"},{\"@type\":\"WebPage\",\"@id\":\"https:\/\/www.siau.cat\/index.php\/2025\/06\/17\/siau-es-reuneix-al-congres-dels-diputats-amb-el-coordinador-de-podemos\/\",\"url\":\"https:\/\/www.siau.cat\/index.php\/2025\/06\/17\/siau-es-reuneix-al-congres-dels-diputats-amb-el-coordinador-de-podemos\/\",\"name\":\"SIAU es reuneix al Congr\u00e9s dels Diputats amb el secretari d\u2019Economia i coordinador dels diputats de PODEMOS &#8212; SIAU - SINDICAT INDEPENDENT, AUT\u00d2NOM I UNITARI\",\"isPartOf\":{\"@id\":\"https:\/\/www.siau.cat\/#website\"},\"primaryImageOfPage\":{\"@id\":\"https:\/\/www.siau.cat\/index.php\/2025\/06\/17\/siau-es-reuneix-al-congres-dels-diputats-amb-el-coordinador-de-podemos\/#primaryimage\"},\"image\":{\"@id\":\"https:\/\/www.siau.cat\/index.php\/2025\/06\/17\/siau-es-reuneix-al-congres-dels-diputats-amb-el-coordinador-de-podemos\/#primaryimage\"},\"thumbnailUrl\":\"https:\/\/www.siau.cat\/wp-content\/uploads\/2025\/06\/PODEMOS-png-1006x1024.png\",\"datePublished\":\"2025-06-17T12:12:12+00:00\",\"dateModified\":\"2025-06-17T12:20:48+00:00\",\"breadcrumb\":{\"@id\":\"https:\/\/www.siau.cat\/index.php\/2025\/06\/17\/siau-es-reuneix-al-congres-dels-diputats-amb-el-coordinador-de-podemos\/#breadcrumb\"},\"inLanguage\":\"ca\",\"potentialAction\":[{\"@type\":\"ReadAction\",\"target\":[\"https:\/\/www.siau.cat\/index.php\/2025\/06\/17\/siau-es-reuneix-al-congres-dels-diputats-amb-el-coordinador-de-podemos\/\"]}]},{\"@type\":\"ImageObject\",\"inLanguage\":\"ca\",\"@id\":\"https:\/\/www.siau.cat\/index.php\/2025\/06\/17\/siau-es-reuneix-al-congres-dels-diputats-amb-el-coordinador-de-podemos\/#primaryimage\",\"url\":\"https:\/\/www.siau.cat\/wp-content\/uploads\/2025\/06\/PODEMOS-png.png\",\"contentUrl\":\"https:\/\/www.siau.cat\/wp-content\/uploads\/2025\/06\/PODEMOS-png.png\",\"width\":4245,\"height\":4322},{\"@type\":\"BreadcrumbList\",\"@id\":\"https:\/\/www.siau.cat\/index.php\/2025\/06\/17\/siau-es-reuneix-al-congres-dels-diputats-amb-el-coordinador-de-podemos\/#breadcrumb\",\"itemListElement\":[{\"@type\":\"ListItem\",\"position\":1,\"name\":\"Inici\",\"item\":\"https:\/\/www.siau.cat\/\"},{\"@type\":\"ListItem\",\"position\":2,\"name\":\"SIAU es reuneix al Congr\u00e9s dels Diputats amb el secretari d\u2019Economia i coordinador dels diputats de PODEMOS\"}]},{\"@type\":\"WebSite\",\"@id\":\"https:\/\/www.siau.cat\/#website\",\"url\":\"https:\/\/www.siau.cat\/\",\"name\":\"SIAU - SINDICAT INDEPENDENT, AUT\u00d2NOM I UNITARI\",\"description\":\"Ara s&iacute; que tenim la veu\",\"publisher\":{\"@id\":\"https:\/\/www.siau.cat\/#organization\"},\"potentialAction\":[{\"@type\":\"SearchAction\",\"target\":{\"@type\":\"EntryPoint\",\"urlTemplate\":\"https:\/\/www.siau.cat\/?s={search_term_string}\"},\"query-input\":{\"@type\":\"PropertyValueSpecification\",\"valueRequired\":true,\"valueName\":\"search_term_string\"}}],\"inLanguage\":\"ca\"},{\"@type\":\"Organization\",\"@id\":\"https:\/\/www.siau.cat\/#organization\",\"name\":\"SIAU\",\"url\":\"https:\/\/www.siau.cat\/\",\"logo\":{\"@type\":\"ImageObject\",\"inLanguage\":\"ca\",\"@id\":\"https:\/\/www.siau.cat\/#\/schema\/logo\/image\/\",\"url\":\"https:\/\/www.siau.cat\/wp-content\/uploads\/2022\/03\/cropped-resized_LOGO-SIAU-5-e1652020847972.jpg\",\"contentUrl\":\"https:\/\/www.siau.cat\/wp-content\/uploads\/2022\/03\/cropped-resized_LOGO-SIAU-5-e1652020847972.jpg\",\"width\":1600,\"height\":1200,\"caption\":\"SIAU\"},\"image\":{\"@id\":\"https:\/\/www.siau.cat\/#\/schema\/logo\/image\/\"}},{\"@type\":\"Person\",\"@id\":\"https:\/\/www.siau.cat\/#\/schema\/person\/810c15694a7e538934bb4be53ebcba0d\",\"name\":\"admin\",\"image\":{\"@type\":\"ImageObject\",\"inLanguage\":\"ca\",\"@id\":\"https:\/\/www.siau.cat\/#\/schema\/person\/image\/\",\"url\":\"https:\/\/www.siau.cat\/wp-content\/litespeed\/avatar\/d73ebfac3daa0b52552b2ccea63469da.jpg?ver=1777403609\",\"contentUrl\":\"https:\/\/www.siau.cat\/wp-content\/litespeed\/avatar\/d73ebfac3daa0b52552b2ccea63469da.jpg?ver=1777403609\",\"caption\":\"admin\"},\"sameAs\":[\"https:\/\/www.siau.cat\"],\"url\":\"https:\/\/www.siau.cat\/index.php\/author\/admin\/\"}]}<\/script>\n<!-- \/ Yoast SEO plugin. -->","yoast_head_json":{"title":"SIAU es reuneix al Congr\u00e9s dels Diputats amb el secretari d\u2019Economia i coordinador dels diputats de PODEMOS &#8212; SIAU - SINDICAT INDEPENDENT, AUT\u00d2NOM I UNITARI","robots":{"index":"index","follow":"follow","max-snippet":"max-snippet:-1","max-image-preview":"max-image-preview:large","max-video-preview":"max-video-preview:-1"},"canonical":"https:\/\/www.siau.cat\/index.php\/2025\/06\/17\/siau-es-reuneix-al-congres-dels-diputats-amb-el-coordinador-de-podemos\/","og_locale":"ca_ES","og_type":"article","og_title":"SIAU es reuneix al Congr\u00e9s dels Diputats amb el secretari d\u2019Economia i coordinador dels diputats de PODEMOS &#8212; SIAU - SINDICAT INDEPENDENT, AUT\u00d2NOM I UNITARI","og_description":"Dins la ronda de reunions de SIAU amb diputats i grups parlamentaris, hem tingut ocasi\u00f3 de reunir-nos amb Jacinto Morano, de PODEMOS, exdiputat de l\u2019Assemblea de Madrid, exsenador, secretari d\u2019Economia i coordinador dels diputats del seu partit al Congr\u00e9s dels Diputats. A la reuni\u00f3 hem parlat de diversos temes: la tramitaci\u00f3 a Madrid de lleis &hellip; Continua llegint \u00abSIAU es reuneix al Congr\u00e9s dels Diputats amb el secretari d\u2019Economia i coordinador dels diputats de PODEMOS\u00bb","og_url":"https:\/\/www.siau.cat\/index.php\/2025\/06\/17\/siau-es-reuneix-al-congres-dels-diputats-amb-el-coordinador-de-podemos\/","og_site_name":"SIAU - SINDICAT INDEPENDENT, AUT\u00d2NOM I UNITARI","article_published_time":"2025-06-17T12:12:12+00:00","article_modified_time":"2025-06-17T12:20:48+00:00","og_image":[{"width":1006,"height":1024,"url":"https:\/\/www.siau.cat\/wp-content\/uploads\/2025\/06\/PODEMOS-png-1006x1024.png","type":"image\/png"}],"author":"admin","twitter_card":"summary_large_image","twitter_misc":{"Escrit per":"admin","Temps estimat de lectura":"3 minuts"},"schema":{"@context":"https:\/\/schema.org","@graph":[{"@type":"Article","@id":"https:\/\/www.siau.cat\/index.php\/2025\/06\/17\/siau-es-reuneix-al-congres-dels-diputats-amb-el-coordinador-de-podemos\/#article","isPartOf":{"@id":"https:\/\/www.siau.cat\/index.php\/2025\/06\/17\/siau-es-reuneix-al-congres-dels-diputats-amb-el-coordinador-de-podemos\/"},"author":{"name":"admin","@id":"https:\/\/www.siau.cat\/#\/schema\/person\/810c15694a7e538934bb4be53ebcba0d"},"headline":"SIAU es reuneix al Congr\u00e9s dels Diputats amb el secretari d\u2019Economia i coordinador dels diputats de PODEMOS","datePublished":"2025-06-17T12:12:12+00:00","dateModified":"2025-06-17T12:20:48+00:00","mainEntityOfPage":{"@id":"https:\/\/www.siau.cat\/index.php\/2025\/06\/17\/siau-es-reuneix-al-congres-dels-diputats-amb-el-coordinador-de-podemos\/"},"wordCount":399,"publisher":{"@id":"https:\/\/www.siau.cat\/#organization"},"image":{"@id":"https:\/\/www.siau.cat\/index.php\/2025\/06\/17\/siau-es-reuneix-al-congres-dels-diputats-amb-el-coordinador-de-podemos\/#primaryimage"},"thumbnailUrl":"https:\/\/www.siau.cat\/wp-content\/uploads\/2025\/06\/PODEMOS-png-1006x1024.png","articleSection":["Uncategorized"],"inLanguage":"ca"},{"@type":"WebPage","@id":"https:\/\/www.siau.cat\/index.php\/2025\/06\/17\/siau-es-reuneix-al-congres-dels-diputats-amb-el-coordinador-de-podemos\/","url":"https:\/\/www.siau.cat\/index.php\/2025\/06\/17\/siau-es-reuneix-al-congres-dels-diputats-amb-el-coordinador-de-podemos\/","name":"SIAU es reuneix al Congr\u00e9s dels Diputats amb el secretari d\u2019Economia i coordinador dels diputats de PODEMOS &#8212; SIAU - SINDICAT INDEPENDENT, AUT\u00d2NOM I UNITARI","isPartOf":{"@id":"https:\/\/www.siau.cat\/#website"},"primaryImageOfPage":{"@id":"https:\/\/www.siau.cat\/index.php\/2025\/06\/17\/siau-es-reuneix-al-congres-dels-diputats-amb-el-coordinador-de-podemos\/#primaryimage"},"image":{"@id":"https:\/\/www.siau.cat\/index.php\/2025\/06\/17\/siau-es-reuneix-al-congres-dels-diputats-amb-el-coordinador-de-podemos\/#primaryimage"},"thumbnailUrl":"https:\/\/www.siau.cat\/wp-content\/uploads\/2025\/06\/PODEMOS-png-1006x1024.png","datePublished":"2025-06-17T12:12:12+00:00","dateModified":"2025-06-17T12:20:48+00:00","breadcrumb":{"@id":"https:\/\/www.siau.cat\/index.php\/2025\/06\/17\/siau-es-reuneix-al-congres-dels-diputats-amb-el-coordinador-de-podemos\/#breadcrumb"},"inLanguage":"ca","potentialAction":[{"@type":"ReadAction","target":["https:\/\/www.siau.cat\/index.php\/2025\/06\/17\/siau-es-reuneix-al-congres-dels-diputats-amb-el-coordinador-de-podemos\/"]}]},{"@type":"ImageObject","inLanguage":"ca","@id":"https:\/\/www.siau.cat\/index.php\/2025\/06\/17\/siau-es-reuneix-al-congres-dels-diputats-amb-el-coordinador-de-podemos\/#primaryimage","url":"https:\/\/www.siau.cat\/wp-content\/uploads\/2025\/06\/PODEMOS-png.png","contentUrl":"https:\/\/www.siau.cat\/wp-content\/uploads\/2025\/06\/PODEMOS-png.png","width":4245,"height":4322},{"@type":"BreadcrumbList","@id":"https:\/\/www.siau.cat\/index.php\/2025\/06\/17\/siau-es-reuneix-al-congres-dels-diputats-amb-el-coordinador-de-podemos\/#breadcrumb","itemListElement":[{"@type":"ListItem","position":1,"name":"Inici","item":"https:\/\/www.siau.cat\/"},{"@type":"ListItem","position":2,"name":"SIAU es reuneix al Congr\u00e9s dels Diputats amb el secretari d\u2019Economia i coordinador dels diputats de PODEMOS"}]},{"@type":"WebSite","@id":"https:\/\/www.siau.cat\/#website","url":"https:\/\/www.siau.cat\/","name":"SIAU - SINDICAT INDEPENDENT, AUT\u00d2NOM I UNITARI","description":"Ara s&iacute; que tenim la veu","publisher":{"@id":"https:\/\/www.siau.cat\/#organization"},"potentialAction":[{"@type":"SearchAction","target":{"@type":"EntryPoint","urlTemplate":"https:\/\/www.siau.cat\/?s={search_term_string}"},"query-input":{"@type":"PropertyValueSpecification","valueRequired":true,"valueName":"search_term_string"}}],"inLanguage":"ca"},{"@type":"Organization","@id":"https:\/\/www.siau.cat\/#organization","name":"SIAU","url":"https:\/\/www.siau.cat\/","logo":{"@type":"ImageObject","inLanguage":"ca","@id":"https:\/\/www.siau.cat\/#\/schema\/logo\/image\/","url":"https:\/\/www.siau.cat\/wp-content\/uploads\/2022\/03\/cropped-resized_LOGO-SIAU-5-e1652020847972.jpg","contentUrl":"https:\/\/www.siau.cat\/wp-content\/uploads\/2022\/03\/cropped-resized_LOGO-SIAU-5-e1652020847972.jpg","width":1600,"height":1200,"caption":"SIAU"},"image":{"@id":"https:\/\/www.siau.cat\/#\/schema\/logo\/image\/"}},{"@type":"Person","@id":"https:\/\/www.siau.cat\/#\/schema\/person\/810c15694a7e538934bb4be53ebcba0d","name":"admin","image":{"@type":"ImageObject","inLanguage":"ca","@id":"https:\/\/www.siau.cat\/#\/schema\/person\/image\/","url":"https:\/\/www.siau.cat\/wp-content\/litespeed\/avatar\/d73ebfac3daa0b52552b2ccea63469da.jpg?ver=1777403609","contentUrl":"https:\/\/www.siau.cat\/wp-content\/litespeed\/avatar\/d73ebfac3daa0b52552b2ccea63469da.jpg?ver=1777403609","caption":"admin"},"sameAs":["https:\/\/www.siau.cat"],"url":"https:\/\/www.siau.cat\/index.php\/author\/admin\/"}]}},"jetpack_featured_media_url":"","jetpack_sharing_enabled":true,"_links":{"self":[{"href":"https:\/\/www.siau.cat\/index.php\/wp-json\/wp\/v2\/posts\/1889","targetHints":{"allow":["GET"]}}],"collection":[{"href":"https:\/\/www.siau.cat\/index.php\/wp-json\/wp\/v2\/posts"}],"about":[{"href":"https:\/\/www.siau.cat\/index.php\/wp-json\/wp\/v2\/types\/post"}],"author":[{"embeddable":true,"href":"https:\/\/www.siau.cat\/index.php\/wp-json\/wp\/v2\/users\/1"}],"replies":[{"embeddable":true,"href":"https:\/\/www.siau.cat\/index.php\/wp-json\/wp\/v2\/comments?post=1889"}],"version-history":[{"count":4,"href":"https:\/\/www.siau.cat\/index.php\/wp-json\/wp\/v2\/posts\/1889\/revisions"}],"predecessor-version":[{"id":1898,"href":"https:\/\/www.siau.cat\/index.php\/wp-json\/wp\/v2\/posts\/1889\/revisions\/1898"}],"wp:attachment":[{"href":"https:\/\/www.siau.cat\/index.php\/wp-json\/wp\/v2\/media?parent=1889"}],"wp:term":[{"taxonomy":"category","embeddable":true,"href":"https:\/\/www.siau.cat\/index.php\/wp-json\/wp\/v2\/categories?post=1889"},{"taxonomy":"post_tag","embeddable":true,"href":"https:\/\/www.siau.cat\/index.php\/wp-json\/wp\/v2\/tags?post=1889"}],"curies":[{"name":"wp","href":"https:\/\/api.w.org\/{rel}","templated":true}]}}