{"id":1900,"date":"2025-06-18T09:33:20","date_gmt":"2025-06-18T09:33:20","guid":{"rendered":"https:\/\/www.siau.cat\/?p=1900"},"modified":"2025-06-18T09:33:24","modified_gmt":"2025-06-18T09:33:24","slug":"siau-es-reuneix-al-congres-dels-diputats-amb-el-diputat-i-portaveu-deducacio-del-pp-oscar-clavell","status":"publish","type":"post","link":"https:\/\/www.siau.cat\/index.php\/2025\/06\/18\/siau-es-reuneix-al-congres-dels-diputats-amb-el-diputat-i-portaveu-deducacio-del-pp-oscar-clavell\/","title":{"rendered":"SIAU es reuneix al Congr\u00e9s dels Diputats amb el diputat i portaveu d\u2019Educaci\u00f3 del PP, \u00d3scar Clavell"},"content":{"rendered":"\n<figure class=\"wp-block-image size-large\"><img loading=\"lazy\" decoding=\"async\" width=\"1024\" height=\"768\" src=\"https:\/\/www.siau.cat\/wp-content\/uploads\/2025\/06\/12-1024x768.jpg\" alt=\"\" class=\"wp-image-1901\" srcset=\"https:\/\/www.siau.cat\/wp-content\/uploads\/2025\/06\/12-1024x768.jpg 1024w, https:\/\/www.siau.cat\/wp-content\/uploads\/2025\/06\/12-300x225.jpg 300w, https:\/\/www.siau.cat\/wp-content\/uploads\/2025\/06\/12-768x576.jpg 768w, https:\/\/www.siau.cat\/wp-content\/uploads\/2025\/06\/12-1536x1152.jpg 1536w, https:\/\/www.siau.cat\/wp-content\/uploads\/2025\/06\/12-2048x1536.jpg 2048w, https:\/\/www.siau.cat\/wp-content\/uploads\/2025\/06\/12-24x18.jpg 24w, https:\/\/www.siau.cat\/wp-content\/uploads\/2025\/06\/12-36x27.jpg 36w, https:\/\/www.siau.cat\/wp-content\/uploads\/2025\/06\/12-48x36.jpg 48w, https:\/\/www.siau.cat\/wp-content\/uploads\/2025\/06\/12-350x263.jpg 350w\" sizes=\"auto, (max-width: 767px) 89vw, (max-width: 1000px) 54vw, (max-width: 1071px) 543px, 580px\" \/><figcaption class=\"wp-element-caption\">Reuni\u00f3 del secretari general de SIAU i el portaveu d&#8217;Educaci\u00f3 del PP al Congr\u00e9s dels Diputats<\/figcaption><\/figure>\n\n\n\n<p>Aquesta darrera setmana, hem mantingut una reuni\u00f3 al Congr\u00e9s dels Diputats amb el diputat i portaveu d\u2019Educaci\u00f3 del PP, \u00d3scar Clavell. Durant la trobada, s\u2019han tractat diversos temes que ens preocupen.<\/p>\n\n\n\n<p>En primer lloc, hem parlat sobre els processos d\u2019estabilitzaci\u00f3 realitzats a tot l\u2019Estat, aix\u00ed com la seva gesti\u00f3 i els resultats obtinguts. Tamb\u00e9 li hem exposat que actualment hi ha docents que fa d\u00e8cades que es troben en situaci\u00f3 de frau de llei i que no han aconseguit estabilitzar en cap dels processos derivats de la Llei 20\/2021. A m\u00e9s, li hem traslladat informaci\u00f3 sobre les esmenes que va presentar el primer partit pol\u00edtic que va donar suport a una nova post-estabilitzaci\u00f3. El Sr. Clavell s\u2019ha mostrat favorable a estudiar les esmenes i a treballar conjuntament amb l&#8217;altre partit pol\u00edtic, per exemple, a trav\u00e9s d\u2019una transaccional, per a una reforma de la Llei de Funci\u00f3 P\u00fablica i del TRLEBEP que permeti materialitzar les nostres demandes.<\/p>\n\n\n\n<p>Com hem explicat en altres reunions, SIAU mantindr\u00e0 contacte, durant les setmanes vinents, amb els diputats i grups parlamentaris del Congr\u00e9s dels Diputats per continuar avan\u00e7ant cap a un mateix objectiu i sumar el m\u00e0xim nombre de suports. Confiam que \u00e9s q\u00fcesti\u00f3 de temps aconseguir una majoria parlament\u00e0ria clara que assumeixi les nostres demandes sindicals.<\/p>\n\n\n\n<figure class=\"wp-block-image size-large\"><img loading=\"lazy\" decoding=\"async\" width=\"1024\" height=\"768\" src=\"https:\/\/www.siau.cat\/wp-content\/uploads\/2025\/06\/14-1024x768.jpg\" alt=\"\" class=\"wp-image-1902\" srcset=\"https:\/\/www.siau.cat\/wp-content\/uploads\/2025\/06\/14-1024x768.jpg 1024w, https:\/\/www.siau.cat\/wp-content\/uploads\/2025\/06\/14-300x225.jpg 300w, https:\/\/www.siau.cat\/wp-content\/uploads\/2025\/06\/14-768x576.jpg 768w, https:\/\/www.siau.cat\/wp-content\/uploads\/2025\/06\/14-1536x1152.jpg 1536w, https:\/\/www.siau.cat\/wp-content\/uploads\/2025\/06\/14-2048x1536.jpg 2048w, https:\/\/www.siau.cat\/wp-content\/uploads\/2025\/06\/14-24x18.jpg 24w, https:\/\/www.siau.cat\/wp-content\/uploads\/2025\/06\/14-36x27.jpg 36w, https:\/\/www.siau.cat\/wp-content\/uploads\/2025\/06\/14-48x36.jpg 48w, https:\/\/www.siau.cat\/wp-content\/uploads\/2025\/06\/14-350x263.jpg 350w\" sizes=\"auto, (max-width: 767px) 89vw, (max-width: 1000px) 54vw, (max-width: 1071px) 543px, 580px\" \/><figcaption class=\"wp-element-caption\">SIAU transitant pel Pati de Floridablanca del Congr\u00e9s dels Diputats<\/figcaption><\/figure>\n\n\n\n<p>\u00d3scar Clavell, que tamb\u00e9 \u00e9s doctor en Hist\u00f2ria, ens ha explicat que ha exercit de docent a l\u2019etapa de Secund\u00e0ria. Hem conversat sobre la import\u00e0ncia de dignificar de nou la professi\u00f3 docent i de recuperar l\u2019autoritat que s\u2019ha vist minada. Hem fet una comparativa entre com es desenvolupava la professi\u00f3 anys enrere i la situaci\u00f3 actual, discutint qu\u00e8 caldria (o no) recuperar i com podem revertir la crisi actual que pateix la professi\u00f3 docent. Tamb\u00e9 hem reflexionat sobre les difer\u00e8ncies entre ensenyar i educar, aix\u00ed com sobre el nostre paper dins la societat. Des del PP s\u00f3n conscients que hi ha una fuga de docents i que la pol\u00edtica de l\u2019esfor\u00e7 i l\u2019acceptaci\u00f3 del frac\u00e0s no s\u2019ha de considerar un element negatiu, sin\u00f3 tot el contrari.<\/p>\n\n\n\n<p>A m\u00e9s, SIAU i el portaveu d\u2019Educaci\u00f3 del PP al Congr\u00e9s dels Diputats hem analitzat conjuntament el darrer acord PP-VOX signat a les Illes Balears. El Sr. Clavell estava al corrent de l\u2019acord i n\u2019havia parlat amb companys seus de les Illes Balears. Ens ha fet saber que no est\u00e0 en contra de la llengua catalana i que res no canviar\u00e0. Malgrat aix\u00f2, des de SIAU som conscients del que diu l\u2019acord, independentment de si els seus objectius acaben (o no) materialitzant-se, i consideram que \u00e9s responsabilitat nostra, aix\u00ed com de la resta d\u2019entitats a favor de la llengua catalana, combatre&#8217;l. El tema ling\u00fc\u00edstic ha ocupat bona part de la reuni\u00f3 i ens ha servit per comprendre aspectes rellevants que la nostra formaci\u00f3 sindical desconeixia o no havia pogut confirmar, espec\u00edficament pel que fa a l\u2019acord esmentat. Tot i entendre les din\u00e0miques pol\u00edtiques, SIAU t\u00e9 molt clar quin \u00e9s el seu paper davant qualsevol atac a la llengua catalana i continuar\u00e0 actuant amb la mateixa fermesa que ha mostrat fins ara.<\/p>\n\n\n\n<p>Finalment, volem destacar que la reuni\u00f3 amb el Sr. Clavell ha estat enriquidora, com tamb\u00e9 ho han estat la resta de trobades amb diputats i grups parlamentaris del Congr\u00e9s dels Diputats. Els temes tractats han estat diversos, m\u00e9s enll\u00e0 dels exposats, i en farem un seguiment exhaustiu per tal de comen\u00e7ar a veure\u2019n els bons fruits.<\/p>\n","protected":false},"excerpt":{"rendered":"<p>Aquesta darrera setmana, hem mantingut una reuni\u00f3 al Congr\u00e9s dels Diputats amb el diputat i portaveu d\u2019Educaci\u00f3 del PP, \u00d3scar Clavell. Durant la trobada, s\u2019han tractat diversos temes que ens preocupen. En primer lloc, hem parlat sobre els processos d\u2019estabilitzaci\u00f3 realitzats a tot l\u2019Estat, aix\u00ed com la seva gesti\u00f3 i els resultats obtinguts. Tamb\u00e9 li &hellip; <\/p>\n<p class=\"link-more\"><a href=\"https:\/\/www.siau.cat\/index.php\/2025\/06\/18\/siau-es-reuneix-al-congres-dels-diputats-amb-el-diputat-i-portaveu-deducacio-del-pp-oscar-clavell\/\" class=\"more-link\">Continua llegint <span class=\"screen-reader-text\">\u00abSIAU es reuneix al Congr\u00e9s dels Diputats amb el diputat i portaveu d\u2019Educaci\u00f3 del PP, \u00d3scar Clavell\u00bb<\/span><\/a><\/p>\n","protected":false},"author":1,"featured_media":0,"comment_status":"closed","ping_status":"open","sticky":false,"template":"","format":"standard","meta":{"_jetpack_memberships_contains_paid_content":false,"footnotes":""},"categories":[1],"tags":[],"class_list":["post-1900","post","type-post","status-publish","format-standard","hentry","category-uncategorized"],"yoast_head":"<!-- This site is optimized with the Yoast SEO plugin v25.4 - https:\/\/yoast.com\/wordpress\/plugins\/seo\/ -->\n<title>SIAU es reuneix al Congr\u00e9s dels Diputats amb el diputat i portaveu d\u2019Educaci\u00f3 del PP, \u00d3scar Clavell &#8212; SIAU - SINDICAT INDEPENDENT, AUT\u00d2NOM I UNITARI<\/title>\n<meta name=\"robots\" content=\"index, follow, max-snippet:-1, max-image-preview:large, max-video-preview:-1\" \/>\n<link rel=\"canonical\" href=\"https:\/\/www.siau.cat\/index.php\/2025\/06\/18\/siau-es-reuneix-al-congres-dels-diputats-amb-el-diputat-i-portaveu-deducacio-del-pp-oscar-clavell\/\" \/>\n<meta property=\"og:locale\" content=\"ca_ES\" \/>\n<meta property=\"og:type\" content=\"article\" \/>\n<meta property=\"og:title\" content=\"SIAU es reuneix al Congr\u00e9s dels Diputats amb el diputat i portaveu d\u2019Educaci\u00f3 del PP, \u00d3scar Clavell &#8212; SIAU - SINDICAT INDEPENDENT, AUT\u00d2NOM I UNITARI\" \/>\n<meta property=\"og:description\" content=\"Aquesta darrera setmana, hem mantingut una reuni\u00f3 al Congr\u00e9s dels Diputats amb el diputat i portaveu d\u2019Educaci\u00f3 del PP, \u00d3scar Clavell. Durant la trobada, s\u2019han tractat diversos temes que ens preocupen. En primer lloc, hem parlat sobre els processos d\u2019estabilitzaci\u00f3 realitzats a tot l\u2019Estat, aix\u00ed com la seva gesti\u00f3 i els resultats obtinguts. Tamb\u00e9 li &hellip; Continua llegint \u00abSIAU es reuneix al Congr\u00e9s dels Diputats amb el diputat i portaveu d\u2019Educaci\u00f3 del PP, \u00d3scar Clavell\u00bb\" \/>\n<meta property=\"og:url\" content=\"https:\/\/www.siau.cat\/index.php\/2025\/06\/18\/siau-es-reuneix-al-congres-dels-diputats-amb-el-diputat-i-portaveu-deducacio-del-pp-oscar-clavell\/\" \/>\n<meta property=\"og:site_name\" content=\"SIAU - SINDICAT INDEPENDENT, AUT\u00d2NOM I UNITARI\" \/>\n<meta property=\"article:published_time\" content=\"2025-06-18T09:33:20+00:00\" \/>\n<meta property=\"article:modified_time\" content=\"2025-06-18T09:33:24+00:00\" \/>\n<meta property=\"og:image\" content=\"https:\/\/www.siau.cat\/wp-content\/uploads\/2025\/06\/12-scaled.jpg\" \/>\n\t<meta property=\"og:image:width\" content=\"2560\" \/>\n\t<meta property=\"og:image:height\" content=\"1920\" \/>\n\t<meta property=\"og:image:type\" content=\"image\/jpeg\" \/>\n<meta name=\"author\" content=\"admin\" \/>\n<meta name=\"twitter:card\" content=\"summary_large_image\" \/>\n<meta name=\"twitter:label1\" content=\"Escrit per\" \/>\n\t<meta name=\"twitter:data1\" content=\"admin\" \/>\n\t<meta name=\"twitter:label2\" content=\"Temps estimat de lectura\" \/>\n\t<meta name=\"twitter:data2\" content=\"4 minuts\" \/>\n<script type=\"application\/ld+json\" class=\"yoast-schema-graph\">{\"@context\":\"https:\/\/schema.org\",\"@graph\":[{\"@type\":\"Article\",\"@id\":\"https:\/\/www.siau.cat\/index.php\/2025\/06\/18\/siau-es-reuneix-al-congres-dels-diputats-amb-el-diputat-i-portaveu-deducacio-del-pp-oscar-clavell\/#article\",\"isPartOf\":{\"@id\":\"https:\/\/www.siau.cat\/index.php\/2025\/06\/18\/siau-es-reuneix-al-congres-dels-diputats-amb-el-diputat-i-portaveu-deducacio-del-pp-oscar-clavell\/\"},\"author\":{\"name\":\"admin\",\"@id\":\"https:\/\/www.siau.cat\/#\/schema\/person\/810c15694a7e538934bb4be53ebcba0d\"},\"headline\":\"SIAU es reuneix al Congr\u00e9s dels Diputats amb el diputat i portaveu d\u2019Educaci\u00f3 del PP, \u00d3scar Clavell\",\"datePublished\":\"2025-06-18T09:33:20+00:00\",\"dateModified\":\"2025-06-18T09:33:24+00:00\",\"mainEntityOfPage\":{\"@id\":\"https:\/\/www.siau.cat\/index.php\/2025\/06\/18\/siau-es-reuneix-al-congres-dels-diputats-amb-el-diputat-i-portaveu-deducacio-del-pp-oscar-clavell\/\"},\"wordCount\":660,\"publisher\":{\"@id\":\"https:\/\/www.siau.cat\/#organization\"},\"image\":{\"@id\":\"https:\/\/www.siau.cat\/index.php\/2025\/06\/18\/siau-es-reuneix-al-congres-dels-diputats-amb-el-diputat-i-portaveu-deducacio-del-pp-oscar-clavell\/#primaryimage\"},\"thumbnailUrl\":\"https:\/\/www.siau.cat\/wp-content\/uploads\/2025\/06\/12-1024x768.jpg\",\"articleSection\":[\"Uncategorized\"],\"inLanguage\":\"ca\"},{\"@type\":\"WebPage\",\"@id\":\"https:\/\/www.siau.cat\/index.php\/2025\/06\/18\/siau-es-reuneix-al-congres-dels-diputats-amb-el-diputat-i-portaveu-deducacio-del-pp-oscar-clavell\/\",\"url\":\"https:\/\/www.siau.cat\/index.php\/2025\/06\/18\/siau-es-reuneix-al-congres-dels-diputats-amb-el-diputat-i-portaveu-deducacio-del-pp-oscar-clavell\/\",\"name\":\"SIAU es reuneix al Congr\u00e9s dels Diputats amb el diputat i portaveu d\u2019Educaci\u00f3 del PP, \u00d3scar Clavell &#8212; SIAU - SINDICAT INDEPENDENT, AUT\u00d2NOM I UNITARI\",\"isPartOf\":{\"@id\":\"https:\/\/www.siau.cat\/#website\"},\"primaryImageOfPage\":{\"@id\":\"https:\/\/www.siau.cat\/index.php\/2025\/06\/18\/siau-es-reuneix-al-congres-dels-diputats-amb-el-diputat-i-portaveu-deducacio-del-pp-oscar-clavell\/#primaryimage\"},\"image\":{\"@id\":\"https:\/\/www.siau.cat\/index.php\/2025\/06\/18\/siau-es-reuneix-al-congres-dels-diputats-amb-el-diputat-i-portaveu-deducacio-del-pp-oscar-clavell\/#primaryimage\"},\"thumbnailUrl\":\"https:\/\/www.siau.cat\/wp-content\/uploads\/2025\/06\/12-1024x768.jpg\",\"datePublished\":\"2025-06-18T09:33:20+00:00\",\"dateModified\":\"2025-06-18T09:33:24+00:00\",\"breadcrumb\":{\"@id\":\"https:\/\/www.siau.cat\/index.php\/2025\/06\/18\/siau-es-reuneix-al-congres-dels-diputats-amb-el-diputat-i-portaveu-deducacio-del-pp-oscar-clavell\/#breadcrumb\"},\"inLanguage\":\"ca\",\"potentialAction\":[{\"@type\":\"ReadAction\",\"target\":[\"https:\/\/www.siau.cat\/index.php\/2025\/06\/18\/siau-es-reuneix-al-congres-dels-diputats-amb-el-diputat-i-portaveu-deducacio-del-pp-oscar-clavell\/\"]}]},{\"@type\":\"ImageObject\",\"inLanguage\":\"ca\",\"@id\":\"https:\/\/www.siau.cat\/index.php\/2025\/06\/18\/siau-es-reuneix-al-congres-dels-diputats-amb-el-diputat-i-portaveu-deducacio-del-pp-oscar-clavell\/#primaryimage\",\"url\":\"https:\/\/www.siau.cat\/wp-content\/uploads\/2025\/06\/12-scaled.jpg\",\"contentUrl\":\"https:\/\/www.siau.cat\/wp-content\/uploads\/2025\/06\/12-scaled.jpg\",\"width\":2560,\"height\":1920},{\"@type\":\"BreadcrumbList\",\"@id\":\"https:\/\/www.siau.cat\/index.php\/2025\/06\/18\/siau-es-reuneix-al-congres-dels-diputats-amb-el-diputat-i-portaveu-deducacio-del-pp-oscar-clavell\/#breadcrumb\",\"itemListElement\":[{\"@type\":\"ListItem\",\"position\":1,\"name\":\"Inici\",\"item\":\"https:\/\/www.siau.cat\/\"},{\"@type\":\"ListItem\",\"position\":2,\"name\":\"SIAU es reuneix al Congr\u00e9s dels Diputats amb el diputat i portaveu d\u2019Educaci\u00f3 del PP, \u00d3scar Clavell\"}]},{\"@type\":\"WebSite\",\"@id\":\"https:\/\/www.siau.cat\/#website\",\"url\":\"https:\/\/www.siau.cat\/\",\"name\":\"SIAU - SINDICAT INDEPENDENT, AUT\u00d2NOM I UNITARI\",\"description\":\"Ara s&iacute; que tenim la veu\",\"publisher\":{\"@id\":\"https:\/\/www.siau.cat\/#organization\"},\"potentialAction\":[{\"@type\":\"SearchAction\",\"target\":{\"@type\":\"EntryPoint\",\"urlTemplate\":\"https:\/\/www.siau.cat\/?s={search_term_string}\"},\"query-input\":{\"@type\":\"PropertyValueSpecification\",\"valueRequired\":true,\"valueName\":\"search_term_string\"}}],\"inLanguage\":\"ca\"},{\"@type\":\"Organization\",\"@id\":\"https:\/\/www.siau.cat\/#organization\",\"name\":\"SIAU\",\"url\":\"https:\/\/www.siau.cat\/\",\"logo\":{\"@type\":\"ImageObject\",\"inLanguage\":\"ca\",\"@id\":\"https:\/\/www.siau.cat\/#\/schema\/logo\/image\/\",\"url\":\"https:\/\/www.siau.cat\/wp-content\/uploads\/2022\/03\/cropped-resized_LOGO-SIAU-5-e1652020847972.jpg\",\"contentUrl\":\"https:\/\/www.siau.cat\/wp-content\/uploads\/2022\/03\/cropped-resized_LOGO-SIAU-5-e1652020847972.jpg\",\"width\":1600,\"height\":1200,\"caption\":\"SIAU\"},\"image\":{\"@id\":\"https:\/\/www.siau.cat\/#\/schema\/logo\/image\/\"}},{\"@type\":\"Person\",\"@id\":\"https:\/\/www.siau.cat\/#\/schema\/person\/810c15694a7e538934bb4be53ebcba0d\",\"name\":\"admin\",\"image\":{\"@type\":\"ImageObject\",\"inLanguage\":\"ca\",\"@id\":\"https:\/\/www.siau.cat\/#\/schema\/person\/image\/\",\"url\":\"https:\/\/www.siau.cat\/wp-content\/litespeed\/avatar\/d73ebfac3daa0b52552b2ccea63469da.jpg?ver=1777403609\",\"contentUrl\":\"https:\/\/www.siau.cat\/wp-content\/litespeed\/avatar\/d73ebfac3daa0b52552b2ccea63469da.jpg?ver=1777403609\",\"caption\":\"admin\"},\"sameAs\":[\"https:\/\/www.siau.cat\"],\"url\":\"https:\/\/www.siau.cat\/index.php\/author\/admin\/\"}]}<\/script>\n<!-- \/ Yoast SEO plugin. -->","yoast_head_json":{"title":"SIAU es reuneix al Congr\u00e9s dels Diputats amb el diputat i portaveu d\u2019Educaci\u00f3 del PP, \u00d3scar Clavell &#8212; SIAU - SINDICAT INDEPENDENT, AUT\u00d2NOM I UNITARI","robots":{"index":"index","follow":"follow","max-snippet":"max-snippet:-1","max-image-preview":"max-image-preview:large","max-video-preview":"max-video-preview:-1"},"canonical":"https:\/\/www.siau.cat\/index.php\/2025\/06\/18\/siau-es-reuneix-al-congres-dels-diputats-amb-el-diputat-i-portaveu-deducacio-del-pp-oscar-clavell\/","og_locale":"ca_ES","og_type":"article","og_title":"SIAU es reuneix al Congr\u00e9s dels Diputats amb el diputat i portaveu d\u2019Educaci\u00f3 del PP, \u00d3scar Clavell &#8212; SIAU - SINDICAT INDEPENDENT, AUT\u00d2NOM I UNITARI","og_description":"Aquesta darrera setmana, hem mantingut una reuni\u00f3 al Congr\u00e9s dels Diputats amb el diputat i portaveu d\u2019Educaci\u00f3 del PP, \u00d3scar Clavell. Durant la trobada, s\u2019han tractat diversos temes que ens preocupen. En primer lloc, hem parlat sobre els processos d\u2019estabilitzaci\u00f3 realitzats a tot l\u2019Estat, aix\u00ed com la seva gesti\u00f3 i els resultats obtinguts. Tamb\u00e9 li &hellip; Continua llegint \u00abSIAU es reuneix al Congr\u00e9s dels Diputats amb el diputat i portaveu d\u2019Educaci\u00f3 del PP, \u00d3scar Clavell\u00bb","og_url":"https:\/\/www.siau.cat\/index.php\/2025\/06\/18\/siau-es-reuneix-al-congres-dels-diputats-amb-el-diputat-i-portaveu-deducacio-del-pp-oscar-clavell\/","og_site_name":"SIAU - SINDICAT INDEPENDENT, AUT\u00d2NOM I UNITARI","article_published_time":"2025-06-18T09:33:20+00:00","article_modified_time":"2025-06-18T09:33:24+00:00","og_image":[{"width":2560,"height":1920,"url":"https:\/\/www.siau.cat\/wp-content\/uploads\/2025\/06\/12-scaled.jpg","type":"image\/jpeg"}],"author":"admin","twitter_card":"summary_large_image","twitter_misc":{"Escrit per":"admin","Temps estimat de lectura":"4 minuts"},"schema":{"@context":"https:\/\/schema.org","@graph":[{"@type":"Article","@id":"https:\/\/www.siau.cat\/index.php\/2025\/06\/18\/siau-es-reuneix-al-congres-dels-diputats-amb-el-diputat-i-portaveu-deducacio-del-pp-oscar-clavell\/#article","isPartOf":{"@id":"https:\/\/www.siau.cat\/index.php\/2025\/06\/18\/siau-es-reuneix-al-congres-dels-diputats-amb-el-diputat-i-portaveu-deducacio-del-pp-oscar-clavell\/"},"author":{"name":"admin","@id":"https:\/\/www.siau.cat\/#\/schema\/person\/810c15694a7e538934bb4be53ebcba0d"},"headline":"SIAU es reuneix al Congr\u00e9s dels Diputats amb el diputat i portaveu d\u2019Educaci\u00f3 del PP, \u00d3scar Clavell","datePublished":"2025-06-18T09:33:20+00:00","dateModified":"2025-06-18T09:33:24+00:00","mainEntityOfPage":{"@id":"https:\/\/www.siau.cat\/index.php\/2025\/06\/18\/siau-es-reuneix-al-congres-dels-diputats-amb-el-diputat-i-portaveu-deducacio-del-pp-oscar-clavell\/"},"wordCount":660,"publisher":{"@id":"https:\/\/www.siau.cat\/#organization"},"image":{"@id":"https:\/\/www.siau.cat\/index.php\/2025\/06\/18\/siau-es-reuneix-al-congres-dels-diputats-amb-el-diputat-i-portaveu-deducacio-del-pp-oscar-clavell\/#primaryimage"},"thumbnailUrl":"https:\/\/www.siau.cat\/wp-content\/uploads\/2025\/06\/12-1024x768.jpg","articleSection":["Uncategorized"],"inLanguage":"ca"},{"@type":"WebPage","@id":"https:\/\/www.siau.cat\/index.php\/2025\/06\/18\/siau-es-reuneix-al-congres-dels-diputats-amb-el-diputat-i-portaveu-deducacio-del-pp-oscar-clavell\/","url":"https:\/\/www.siau.cat\/index.php\/2025\/06\/18\/siau-es-reuneix-al-congres-dels-diputats-amb-el-diputat-i-portaveu-deducacio-del-pp-oscar-clavell\/","name":"SIAU es reuneix al Congr\u00e9s dels Diputats amb el diputat i portaveu d\u2019Educaci\u00f3 del PP, \u00d3scar Clavell &#8212; SIAU - SINDICAT INDEPENDENT, AUT\u00d2NOM I UNITARI","isPartOf":{"@id":"https:\/\/www.siau.cat\/#website"},"primaryImageOfPage":{"@id":"https:\/\/www.siau.cat\/index.php\/2025\/06\/18\/siau-es-reuneix-al-congres-dels-diputats-amb-el-diputat-i-portaveu-deducacio-del-pp-oscar-clavell\/#primaryimage"},"image":{"@id":"https:\/\/www.siau.cat\/index.php\/2025\/06\/18\/siau-es-reuneix-al-congres-dels-diputats-amb-el-diputat-i-portaveu-deducacio-del-pp-oscar-clavell\/#primaryimage"},"thumbnailUrl":"https:\/\/www.siau.cat\/wp-content\/uploads\/2025\/06\/12-1024x768.jpg","datePublished":"2025-06-18T09:33:20+00:00","dateModified":"2025-06-18T09:33:24+00:00","breadcrumb":{"@id":"https:\/\/www.siau.cat\/index.php\/2025\/06\/18\/siau-es-reuneix-al-congres-dels-diputats-amb-el-diputat-i-portaveu-deducacio-del-pp-oscar-clavell\/#breadcrumb"},"inLanguage":"ca","potentialAction":[{"@type":"ReadAction","target":["https:\/\/www.siau.cat\/index.php\/2025\/06\/18\/siau-es-reuneix-al-congres-dels-diputats-amb-el-diputat-i-portaveu-deducacio-del-pp-oscar-clavell\/"]}]},{"@type":"ImageObject","inLanguage":"ca","@id":"https:\/\/www.siau.cat\/index.php\/2025\/06\/18\/siau-es-reuneix-al-congres-dels-diputats-amb-el-diputat-i-portaveu-deducacio-del-pp-oscar-clavell\/#primaryimage","url":"https:\/\/www.siau.cat\/wp-content\/uploads\/2025\/06\/12-scaled.jpg","contentUrl":"https:\/\/www.siau.cat\/wp-content\/uploads\/2025\/06\/12-scaled.jpg","width":2560,"height":1920},{"@type":"BreadcrumbList","@id":"https:\/\/www.siau.cat\/index.php\/2025\/06\/18\/siau-es-reuneix-al-congres-dels-diputats-amb-el-diputat-i-portaveu-deducacio-del-pp-oscar-clavell\/#breadcrumb","itemListElement":[{"@type":"ListItem","position":1,"name":"Inici","item":"https:\/\/www.siau.cat\/"},{"@type":"ListItem","position":2,"name":"SIAU es reuneix al Congr\u00e9s dels Diputats amb el diputat i portaveu d\u2019Educaci\u00f3 del PP, \u00d3scar Clavell"}]},{"@type":"WebSite","@id":"https:\/\/www.siau.cat\/#website","url":"https:\/\/www.siau.cat\/","name":"SIAU - SINDICAT INDEPENDENT, AUT\u00d2NOM I UNITARI","description":"Ara s&iacute; que tenim la veu","publisher":{"@id":"https:\/\/www.siau.cat\/#organization"},"potentialAction":[{"@type":"SearchAction","target":{"@type":"EntryPoint","urlTemplate":"https:\/\/www.siau.cat\/?s={search_term_string}"},"query-input":{"@type":"PropertyValueSpecification","valueRequired":true,"valueName":"search_term_string"}}],"inLanguage":"ca"},{"@type":"Organization","@id":"https:\/\/www.siau.cat\/#organization","name":"SIAU","url":"https:\/\/www.siau.cat\/","logo":{"@type":"ImageObject","inLanguage":"ca","@id":"https:\/\/www.siau.cat\/#\/schema\/logo\/image\/","url":"https:\/\/www.siau.cat\/wp-content\/uploads\/2022\/03\/cropped-resized_LOGO-SIAU-5-e1652020847972.jpg","contentUrl":"https:\/\/www.siau.cat\/wp-content\/uploads\/2022\/03\/cropped-resized_LOGO-SIAU-5-e1652020847972.jpg","width":1600,"height":1200,"caption":"SIAU"},"image":{"@id":"https:\/\/www.siau.cat\/#\/schema\/logo\/image\/"}},{"@type":"Person","@id":"https:\/\/www.siau.cat\/#\/schema\/person\/810c15694a7e538934bb4be53ebcba0d","name":"admin","image":{"@type":"ImageObject","inLanguage":"ca","@id":"https:\/\/www.siau.cat\/#\/schema\/person\/image\/","url":"https:\/\/www.siau.cat\/wp-content\/litespeed\/avatar\/d73ebfac3daa0b52552b2ccea63469da.jpg?ver=1777403609","contentUrl":"https:\/\/www.siau.cat\/wp-content\/litespeed\/avatar\/d73ebfac3daa0b52552b2ccea63469da.jpg?ver=1777403609","caption":"admin"},"sameAs":["https:\/\/www.siau.cat"],"url":"https:\/\/www.siau.cat\/index.php\/author\/admin\/"}]}},"jetpack_featured_media_url":"","jetpack_sharing_enabled":true,"_links":{"self":[{"href":"https:\/\/www.siau.cat\/index.php\/wp-json\/wp\/v2\/posts\/1900","targetHints":{"allow":["GET"]}}],"collection":[{"href":"https:\/\/www.siau.cat\/index.php\/wp-json\/wp\/v2\/posts"}],"about":[{"href":"https:\/\/www.siau.cat\/index.php\/wp-json\/wp\/v2\/types\/post"}],"author":[{"embeddable":true,"href":"https:\/\/www.siau.cat\/index.php\/wp-json\/wp\/v2\/users\/1"}],"replies":[{"embeddable":true,"href":"https:\/\/www.siau.cat\/index.php\/wp-json\/wp\/v2\/comments?post=1900"}],"version-history":[{"count":1,"href":"https:\/\/www.siau.cat\/index.php\/wp-json\/wp\/v2\/posts\/1900\/revisions"}],"predecessor-version":[{"id":1903,"href":"https:\/\/www.siau.cat\/index.php\/wp-json\/wp\/v2\/posts\/1900\/revisions\/1903"}],"wp:attachment":[{"href":"https:\/\/www.siau.cat\/index.php\/wp-json\/wp\/v2\/media?parent=1900"}],"wp:term":[{"taxonomy":"category","embeddable":true,"href":"https:\/\/www.siau.cat\/index.php\/wp-json\/wp\/v2\/categories?post=1900"},{"taxonomy":"post_tag","embeddable":true,"href":"https:\/\/www.siau.cat\/index.php\/wp-json\/wp\/v2\/tags?post=1900"}],"curies":[{"name":"wp","href":"https:\/\/api.w.org\/{rel}","templated":true}]}}