{"id":1908,"date":"2025-06-19T09:59:35","date_gmt":"2025-06-19T09:59:35","guid":{"rendered":"https:\/\/www.siau.cat\/?p=1908"},"modified":"2025-06-19T09:59:39","modified_gmt":"2025-06-19T09:59:39","slug":"siau-es-reuneix-al-congres-dels-diputats-amb-els-diputats-de-junts-per-catalunya","status":"publish","type":"post","link":"https:\/\/www.siau.cat\/index.php\/2025\/06\/19\/siau-es-reuneix-al-congres-dels-diputats-amb-els-diputats-de-junts-per-catalunya\/","title":{"rendered":"SIAU es reuneix al Congr\u00e9s dels Diputats amb els diputats de Junts per Catalunya"},"content":{"rendered":"\n<figure class=\"wp-block-image size-large\"><img loading=\"lazy\" decoding=\"async\" width=\"1024\" height=\"768\" src=\"https:\/\/www.siau.cat\/wp-content\/uploads\/2025\/06\/13-1024x768.jpg\" alt=\"\" class=\"wp-image-1909\" srcset=\"https:\/\/www.siau.cat\/wp-content\/uploads\/2025\/06\/13-1024x768.jpg 1024w, https:\/\/www.siau.cat\/wp-content\/uploads\/2025\/06\/13-300x225.jpg 300w, https:\/\/www.siau.cat\/wp-content\/uploads\/2025\/06\/13-768x576.jpg 768w, https:\/\/www.siau.cat\/wp-content\/uploads\/2025\/06\/13-1536x1152.jpg 1536w, https:\/\/www.siau.cat\/wp-content\/uploads\/2025\/06\/13-2048x1536.jpg 2048w, https:\/\/www.siau.cat\/wp-content\/uploads\/2025\/06\/13-24x18.jpg 24w, https:\/\/www.siau.cat\/wp-content\/uploads\/2025\/06\/13-36x27.jpg 36w, https:\/\/www.siau.cat\/wp-content\/uploads\/2025\/06\/13-48x36.jpg 48w, https:\/\/www.siau.cat\/wp-content\/uploads\/2025\/06\/13-350x263.jpg 350w\" sizes=\"auto, (max-width: 767px) 89vw, (max-width: 1000px) 54vw, (max-width: 1071px) 543px, 580px\" \/><figcaption class=\"wp-element-caption\">El secretari general de SIAU reunit al Congr\u00e9s dels Diputats amb els diputats de Junts per Catalunya<\/figcaption><\/figure>\n\n\n\n<p>Aquests dies <strong>SIAU s\u2019ha reunit al Congr\u00e9s dels Diputats amb els diputats de Junts per Catalunya<\/strong> per tractar una s\u00e8rie de reivindicacions sindicals i sumar adhesions de cara a futures votacions que se celebraran a Madrid. A la fotografia adjunta que compartim amb vosaltres hi apareixen, juntament amb el secretari general de SIAU Joan Cresp\u00ed (tercer per l\u2019esquerra), els diputats seg\u00fcents (d\u2019esquerra a dreta): Josep Maria Cervera, Josep Maria Cruset, M\u00edriam Nogueras, Josep Pag\u00e8s i Marta Madrenas.<\/p>\n\n\n\n<p>Per comen\u00e7ar, volem explicar que <strong>el grup parlamentari de Junts per Catalunya, com tamb\u00e9 succeeix amb altres partits pol\u00edtics, coincideix amb les nostres demandes sindicals pel que fa a estabilitzar els treballadors en situaci\u00f3 d\u2019ab\u00fas de temporalitat<\/strong>. Des de la seva formaci\u00f3 pol\u00edtica han presentat esmenes al Projecte de llei de la funci\u00f3 p\u00fablica de l\u2019administraci\u00f3 de l\u2019Estat i TRLEBEP. Proposen:<br><br>1. Afegir un article 10 bis titulat \u201c<strong>Funcionaris fixos a extingir<\/strong>\u201d amb el seg\u00fcent text: \u201cS\u00f3n funcionaris fixos a extingir els empleats p\u00fablics, que havent accedit a la condici\u00f3 d&#8217;empleat p\u00fablic d&#8217;una administraci\u00f3 p\u00fablica amb un nomenament de funcionari inter\u00ed i trobant-se en situaci\u00f3 d&#8217;ab\u00fas de la temporalitat, han estat nomenats com a funcionaris fixos a extingir en aplicaci\u00f3 de la \u201cDisposici\u00f3 divuitena\u201d d&#8217;aquesta Llei. Als empleats p\u00fablics nomenats com a funcionaris fixos a extingir els \u00e9s aplicable el mateix r\u00e8gim jur\u00eddic general que als funcionaris de carrera.\u201d\u00a0<\/p>\n\n\n\n<p>Amb relaci\u00f3 a la \u201cDisposici\u00f3 divuitena\u201d, all\u00e0 s\u2019hi establiria, entre altres, que l&#8217;empleat p\u00fablic temporal en situaci\u00f3 objectiva d&#8217;ab\u00fas en la temporalitat, ser\u00e0 estabilitzat en el lloc de treball que ocupa en concepte de funcionari, laboral o estatutari fix a extingir. Aquesta nova classe d&#8217;empleats p\u00fablics permet resoldre els dubtes sobre l&#8217;acc\u00e9s a l&#8217;ocupaci\u00f3 p\u00fablica de conformitat amb els principis d&#8217;igualtat, m\u00e8rit i capacitat. Aquests principis s\u00f3n exigibles en tot cas per a l&#8217;acc\u00e9s a l&#8217;ocupaci\u00f3 p\u00fablica com a funcionari de carrera, no obstant aix\u00f2, els funcionaris fixos a extingir ja han accedit a l&#8217;ocupaci\u00f3 p\u00fablica pels procediments fixats per les administracions p\u00fabliques, que permet establir una soluci\u00f3 a la seva situaci\u00f3 jur\u00eddica sense conculcar els principis citats.<\/p>\n\n\n\n<p>2. Modificar l\u2019article 8, classificant els empleats p\u00fablics de la seg\u00fcent manera:<\/p>\n\n\n\n<p>\u201ca) Funcionaris de carrera.<br>b) Funcionaris interins.<br>c) Funcionaris fixos a extingir.<br>d) Personal laboral, ja sigui fix, fix a extingir, per temps indefinit o temporal.<br>e) Personal eventual.\u201d<br><br>La inclusi\u00f3 d&#8217;una nova classe d&#8217;empleat p\u00fablic al TRLEBEP \u00e9s necess\u00e0ria per a donar coher\u00e8ncia a la proposta de modificaci\u00f3 de la llei que es proposa <strong>a fi de donar compliment a la jurisprud\u00e8ncia del Tribunal de Just\u00edcia de la Uni\u00f3 Europea i transposar la Directiva de la Uni\u00f3 Europea Directiva 1999\/70\/CE<\/strong> del Consell, de 28 de juny de 1999, relativa a l&#8217;Acord marc de la CES, UNICEF i el CEEP sobre el treball de durada determinada.<\/p>\n\n\n\n<p>En haver-hi propostes d\u2019esmenes distintes i grups parlamentaris que encara resten pendents de pronunciar-se entorn d\u2019aquest tema, hi ha la possibilitat de <strong>donar sortida a les difer\u00e8ncies a trav\u00e9s d\u2019una transaccional<\/strong>. Dit aix\u00f2, des de SIAU volem agrair la claredat en qu\u00e8 es dona suport a les nostres demandes des de la formaci\u00f3 de Junts per Catalunya, aix\u00ed com la implicaci\u00f3 de Carles Puigdemont, que actualment resideix a Waterloo, en aquesta q\u00fcesti\u00f3. I \u00e9s que <strong>l\u2019eurodiputat Puigdemont est\u00e0 al corrent d\u2019aquest assumpte i coincideix totalment amb les demandes de SIAU sobre els treballadors que es troben en situaci\u00f3 d\u2019ab\u00fas de temporalitat<\/strong>.<\/p>\n\n\n\n<figure class=\"wp-block-image size-large\"><img loading=\"lazy\" decoding=\"async\" width=\"1024\" height=\"683\" src=\"https:\/\/www.siau.cat\/wp-content\/uploads\/2025\/06\/Carles-Puigdemont-a-Waterloo-1024x683.jpeg\" alt=\"\" class=\"wp-image-1910\" srcset=\"https:\/\/www.siau.cat\/wp-content\/uploads\/2025\/06\/Carles-Puigdemont-a-Waterloo-1024x683.jpeg 1024w, https:\/\/www.siau.cat\/wp-content\/uploads\/2025\/06\/Carles-Puigdemont-a-Waterloo-300x200.jpeg 300w, https:\/\/www.siau.cat\/wp-content\/uploads\/2025\/06\/Carles-Puigdemont-a-Waterloo-768x512.jpeg 768w, https:\/\/www.siau.cat\/wp-content\/uploads\/2025\/06\/Carles-Puigdemont-a-Waterloo-1536x1024.jpeg 1536w, https:\/\/www.siau.cat\/wp-content\/uploads\/2025\/06\/Carles-Puigdemont-a-Waterloo-2048x1365.jpeg 2048w, https:\/\/www.siau.cat\/wp-content\/uploads\/2025\/06\/Carles-Puigdemont-a-Waterloo-24x16.jpeg 24w, https:\/\/www.siau.cat\/wp-content\/uploads\/2025\/06\/Carles-Puigdemont-a-Waterloo-36x24.jpeg 36w, https:\/\/www.siau.cat\/wp-content\/uploads\/2025\/06\/Carles-Puigdemont-a-Waterloo-48x32.jpeg 48w, https:\/\/www.siau.cat\/wp-content\/uploads\/2025\/06\/Carles-Puigdemont-a-Waterloo-350x233.jpeg 350w\" sizes=\"auto, (max-width: 767px) 89vw, (max-width: 1000px) 54vw, (max-width: 1071px) 543px, 580px\" \/><figcaption class=\"wp-element-caption\">L&#8217;eurodiputat Carles Puigdemont a Waterloo<\/figcaption><\/figure>\n\n\n\n<p>Un altre tema que no podia passar desapercebut durant la reuni\u00f3 mantinguda al Congr\u00e9s dels Diputats amb Junts per Catalunya \u00e9s el de <strong>la llengua catalana<\/strong>. Les Illes Balears es troben en un punt crucial on ens jugam el futur de les noves generacions si els prop\u00f2sits de l\u2019extrema dreta s\u2019acaben materialitzant. Som conscients que Junts per Catalunya i la resta de formacions pol\u00edtiques que veuen la llengua catalana com un element de riquesa i a protegir, <strong>ens ajudaran a combatre aquells que la volen destruir<\/strong>.\u00a0<\/p>\n\n\n\n<p>Durant la reuni\u00f3 no ha faltat una extensa <strong>diagnosi de la situaci\u00f3 actual<\/strong> que pateix l\u2019educaci\u00f3 a les Illes Balears. Hi ha una crisi de vocaci\u00f3 i una fuga constant de docents a causa de la p\u00e8ssima gesti\u00f3 i el maltractament al professorat per part dels que dirigeixen la Conselleria d\u2019Educaci\u00f3 i, especialment, dels que estan al capdavant de la Direcci\u00f3 General de Personal Docent i Centres Concertats. Tamb\u00e9 <strong>hem parlat de q\u00fcestions internes<\/strong>, entre altres, relacionades amb l\u2019Administraci\u00f3 educativa de les Illes. \u00c9s evident que la situaci\u00f3 actual del nostre territori \u00e9s insostenible i que <strong>si no hi ha un canvi radical el sistema no suportar\u00e0 gaire temps m\u00e9s tanta neglig\u00e8ncia administrativa<\/strong>.\u00a0<\/p>\n\n\n\n<figure class=\"wp-block-image size-large\"><img loading=\"lazy\" decoding=\"async\" width=\"1024\" height=\"768\" src=\"https:\/\/www.siau.cat\/wp-content\/uploads\/2025\/06\/SIAU-al-Congres-dels-Diputats-1024x768.jpg\" alt=\"\" class=\"wp-image-1911\" srcset=\"https:\/\/www.siau.cat\/wp-content\/uploads\/2025\/06\/SIAU-al-Congres-dels-Diputats-1024x768.jpg 1024w, https:\/\/www.siau.cat\/wp-content\/uploads\/2025\/06\/SIAU-al-Congres-dels-Diputats-300x225.jpg 300w, https:\/\/www.siau.cat\/wp-content\/uploads\/2025\/06\/SIAU-al-Congres-dels-Diputats-768x576.jpg 768w, https:\/\/www.siau.cat\/wp-content\/uploads\/2025\/06\/SIAU-al-Congres-dels-Diputats-1536x1152.jpg 1536w, https:\/\/www.siau.cat\/wp-content\/uploads\/2025\/06\/SIAU-al-Congres-dels-Diputats-2048x1536.jpg 2048w, https:\/\/www.siau.cat\/wp-content\/uploads\/2025\/06\/SIAU-al-Congres-dels-Diputats-24x18.jpg 24w, https:\/\/www.siau.cat\/wp-content\/uploads\/2025\/06\/SIAU-al-Congres-dels-Diputats-36x27.jpg 36w, https:\/\/www.siau.cat\/wp-content\/uploads\/2025\/06\/SIAU-al-Congres-dels-Diputats-48x36.jpg 48w, https:\/\/www.siau.cat\/wp-content\/uploads\/2025\/06\/SIAU-al-Congres-dels-Diputats-350x263.jpg 350w\" sizes=\"auto, (max-width: 767px) 89vw, (max-width: 1000px) 54vw, (max-width: 1071px) 543px, 580px\" \/><figcaption class=\"wp-element-caption\">SIAU transitant pel Congr\u00e9s dels Diputats<\/figcaption><\/figure>\n\n\n\n<p>Des de SIAU et convidam a estar <strong>molt atent a les nostres pr\u00f2ximes publicacions<\/strong>, recordant que som un sindicat que mai tiram la tovallola i ho batallam tot fins al final, li pesi a qui li pesi! No mirarem cap a una altra banda davant qui pret\u00e9n destruir el nostre futur i el dels nostres infants.<\/p>\n\n\n\n<p><\/p>\n","protected":false},"excerpt":{"rendered":"<p>Aquests dies SIAU s\u2019ha reunit al Congr\u00e9s dels Diputats amb els diputats de Junts per Catalunya per tractar una s\u00e8rie de reivindicacions sindicals i sumar adhesions de cara a futures votacions que se celebraran a Madrid. A la fotografia adjunta que compartim amb vosaltres hi apareixen, juntament amb el secretari general de SIAU Joan Cresp\u00ed &hellip; <\/p>\n<p class=\"link-more\"><a href=\"https:\/\/www.siau.cat\/index.php\/2025\/06\/19\/siau-es-reuneix-al-congres-dels-diputats-amb-els-diputats-de-junts-per-catalunya\/\" class=\"more-link\">Continua llegint <span class=\"screen-reader-text\">\u00abSIAU es reuneix al Congr\u00e9s dels Diputats amb els diputats de Junts per Catalunya\u00bb<\/span><\/a><\/p>\n","protected":false},"author":1,"featured_media":0,"comment_status":"closed","ping_status":"open","sticky":false,"template":"","format":"standard","meta":{"_jetpack_memberships_contains_paid_content":false,"footnotes":""},"categories":[1],"tags":[],"class_list":["post-1908","post","type-post","status-publish","format-standard","hentry","category-uncategorized"],"yoast_head":"<!-- This site is optimized with the Yoast SEO plugin v25.4 - https:\/\/yoast.com\/wordpress\/plugins\/seo\/ -->\n<title>SIAU es reuneix al Congr\u00e9s dels Diputats amb els diputats de Junts per Catalunya &#8212; SIAU - SINDICAT INDEPENDENT, AUT\u00d2NOM I UNITARI<\/title>\n<meta name=\"robots\" content=\"index, follow, max-snippet:-1, max-image-preview:large, max-video-preview:-1\" \/>\n<link rel=\"canonical\" href=\"https:\/\/www.siau.cat\/index.php\/2025\/06\/19\/siau-es-reuneix-al-congres-dels-diputats-amb-els-diputats-de-junts-per-catalunya\/\" \/>\n<meta property=\"og:locale\" content=\"ca_ES\" \/>\n<meta property=\"og:type\" content=\"article\" \/>\n<meta property=\"og:title\" content=\"SIAU es reuneix al Congr\u00e9s dels Diputats amb els diputats de Junts per Catalunya &#8212; SIAU - SINDICAT INDEPENDENT, AUT\u00d2NOM I UNITARI\" \/>\n<meta property=\"og:description\" content=\"Aquests dies SIAU s\u2019ha reunit al Congr\u00e9s dels Diputats amb els diputats de Junts per Catalunya per tractar una s\u00e8rie de reivindicacions sindicals i sumar adhesions de cara a futures votacions que se celebraran a Madrid. A la fotografia adjunta que compartim amb vosaltres hi apareixen, juntament amb el secretari general de SIAU Joan Cresp\u00ed &hellip; Continua llegint \u00abSIAU es reuneix al Congr\u00e9s dels Diputats amb els diputats de Junts per Catalunya\u00bb\" \/>\n<meta property=\"og:url\" content=\"https:\/\/www.siau.cat\/index.php\/2025\/06\/19\/siau-es-reuneix-al-congres-dels-diputats-amb-els-diputats-de-junts-per-catalunya\/\" \/>\n<meta property=\"og:site_name\" content=\"SIAU - SINDICAT INDEPENDENT, AUT\u00d2NOM I UNITARI\" \/>\n<meta property=\"article:published_time\" content=\"2025-06-19T09:59:35+00:00\" \/>\n<meta property=\"article:modified_time\" content=\"2025-06-19T09:59:39+00:00\" \/>\n<meta property=\"og:image\" content=\"https:\/\/www.siau.cat\/wp-content\/uploads\/2025\/06\/13-scaled.jpg\" \/>\n\t<meta property=\"og:image:width\" content=\"2560\" \/>\n\t<meta property=\"og:image:height\" content=\"1920\" \/>\n\t<meta property=\"og:image:type\" content=\"image\/jpeg\" \/>\n<meta name=\"author\" content=\"admin\" \/>\n<meta name=\"twitter:card\" content=\"summary_large_image\" \/>\n<meta name=\"twitter:label1\" content=\"Escrit per\" \/>\n\t<meta name=\"twitter:data1\" content=\"admin\" \/>\n\t<meta name=\"twitter:label2\" content=\"Temps estimat de lectura\" \/>\n\t<meta name=\"twitter:data2\" content=\"6 minuts\" \/>\n<script type=\"application\/ld+json\" class=\"yoast-schema-graph\">{\"@context\":\"https:\/\/schema.org\",\"@graph\":[{\"@type\":\"Article\",\"@id\":\"https:\/\/www.siau.cat\/index.php\/2025\/06\/19\/siau-es-reuneix-al-congres-dels-diputats-amb-els-diputats-de-junts-per-catalunya\/#article\",\"isPartOf\":{\"@id\":\"https:\/\/www.siau.cat\/index.php\/2025\/06\/19\/siau-es-reuneix-al-congres-dels-diputats-amb-els-diputats-de-junts-per-catalunya\/\"},\"author\":{\"name\":\"admin\",\"@id\":\"https:\/\/www.siau.cat\/#\/schema\/person\/810c15694a7e538934bb4be53ebcba0d\"},\"headline\":\"SIAU es reuneix al Congr\u00e9s dels Diputats amb els diputats de Junts per Catalunya\",\"datePublished\":\"2025-06-19T09:59:35+00:00\",\"dateModified\":\"2025-06-19T09:59:39+00:00\",\"mainEntityOfPage\":{\"@id\":\"https:\/\/www.siau.cat\/index.php\/2025\/06\/19\/siau-es-reuneix-al-congres-dels-diputats-amb-els-diputats-de-junts-per-catalunya\/\"},\"wordCount\":944,\"publisher\":{\"@id\":\"https:\/\/www.siau.cat\/#organization\"},\"image\":{\"@id\":\"https:\/\/www.siau.cat\/index.php\/2025\/06\/19\/siau-es-reuneix-al-congres-dels-diputats-amb-els-diputats-de-junts-per-catalunya\/#primaryimage\"},\"thumbnailUrl\":\"https:\/\/www.siau.cat\/wp-content\/uploads\/2025\/06\/13-1024x768.jpg\",\"articleSection\":[\"Uncategorized\"],\"inLanguage\":\"ca\"},{\"@type\":\"WebPage\",\"@id\":\"https:\/\/www.siau.cat\/index.php\/2025\/06\/19\/siau-es-reuneix-al-congres-dels-diputats-amb-els-diputats-de-junts-per-catalunya\/\",\"url\":\"https:\/\/www.siau.cat\/index.php\/2025\/06\/19\/siau-es-reuneix-al-congres-dels-diputats-amb-els-diputats-de-junts-per-catalunya\/\",\"name\":\"SIAU es reuneix al Congr\u00e9s dels Diputats amb els diputats de Junts per Catalunya &#8212; SIAU - SINDICAT INDEPENDENT, AUT\u00d2NOM I UNITARI\",\"isPartOf\":{\"@id\":\"https:\/\/www.siau.cat\/#website\"},\"primaryImageOfPage\":{\"@id\":\"https:\/\/www.siau.cat\/index.php\/2025\/06\/19\/siau-es-reuneix-al-congres-dels-diputats-amb-els-diputats-de-junts-per-catalunya\/#primaryimage\"},\"image\":{\"@id\":\"https:\/\/www.siau.cat\/index.php\/2025\/06\/19\/siau-es-reuneix-al-congres-dels-diputats-amb-els-diputats-de-junts-per-catalunya\/#primaryimage\"},\"thumbnailUrl\":\"https:\/\/www.siau.cat\/wp-content\/uploads\/2025\/06\/13-1024x768.jpg\",\"datePublished\":\"2025-06-19T09:59:35+00:00\",\"dateModified\":\"2025-06-19T09:59:39+00:00\",\"breadcrumb\":{\"@id\":\"https:\/\/www.siau.cat\/index.php\/2025\/06\/19\/siau-es-reuneix-al-congres-dels-diputats-amb-els-diputats-de-junts-per-catalunya\/#breadcrumb\"},\"inLanguage\":\"ca\",\"potentialAction\":[{\"@type\":\"ReadAction\",\"target\":[\"https:\/\/www.siau.cat\/index.php\/2025\/06\/19\/siau-es-reuneix-al-congres-dels-diputats-amb-els-diputats-de-junts-per-catalunya\/\"]}]},{\"@type\":\"ImageObject\",\"inLanguage\":\"ca\",\"@id\":\"https:\/\/www.siau.cat\/index.php\/2025\/06\/19\/siau-es-reuneix-al-congres-dels-diputats-amb-els-diputats-de-junts-per-catalunya\/#primaryimage\",\"url\":\"https:\/\/www.siau.cat\/wp-content\/uploads\/2025\/06\/13-scaled.jpg\",\"contentUrl\":\"https:\/\/www.siau.cat\/wp-content\/uploads\/2025\/06\/13-scaled.jpg\",\"width\":2560,\"height\":1920},{\"@type\":\"BreadcrumbList\",\"@id\":\"https:\/\/www.siau.cat\/index.php\/2025\/06\/19\/siau-es-reuneix-al-congres-dels-diputats-amb-els-diputats-de-junts-per-catalunya\/#breadcrumb\",\"itemListElement\":[{\"@type\":\"ListItem\",\"position\":1,\"name\":\"Inici\",\"item\":\"https:\/\/www.siau.cat\/\"},{\"@type\":\"ListItem\",\"position\":2,\"name\":\"SIAU es reuneix al Congr\u00e9s dels Diputats amb els diputats de Junts per Catalunya\"}]},{\"@type\":\"WebSite\",\"@id\":\"https:\/\/www.siau.cat\/#website\",\"url\":\"https:\/\/www.siau.cat\/\",\"name\":\"SIAU - SINDICAT INDEPENDENT, AUT\u00d2NOM I UNITARI\",\"description\":\"Ara s&iacute; que tenim la veu\",\"publisher\":{\"@id\":\"https:\/\/www.siau.cat\/#organization\"},\"potentialAction\":[{\"@type\":\"SearchAction\",\"target\":{\"@type\":\"EntryPoint\",\"urlTemplate\":\"https:\/\/www.siau.cat\/?s={search_term_string}\"},\"query-input\":{\"@type\":\"PropertyValueSpecification\",\"valueRequired\":true,\"valueName\":\"search_term_string\"}}],\"inLanguage\":\"ca\"},{\"@type\":\"Organization\",\"@id\":\"https:\/\/www.siau.cat\/#organization\",\"name\":\"SIAU\",\"url\":\"https:\/\/www.siau.cat\/\",\"logo\":{\"@type\":\"ImageObject\",\"inLanguage\":\"ca\",\"@id\":\"https:\/\/www.siau.cat\/#\/schema\/logo\/image\/\",\"url\":\"https:\/\/www.siau.cat\/wp-content\/uploads\/2022\/03\/cropped-resized_LOGO-SIAU-5-e1652020847972.jpg\",\"contentUrl\":\"https:\/\/www.siau.cat\/wp-content\/uploads\/2022\/03\/cropped-resized_LOGO-SIAU-5-e1652020847972.jpg\",\"width\":1600,\"height\":1200,\"caption\":\"SIAU\"},\"image\":{\"@id\":\"https:\/\/www.siau.cat\/#\/schema\/logo\/image\/\"}},{\"@type\":\"Person\",\"@id\":\"https:\/\/www.siau.cat\/#\/schema\/person\/810c15694a7e538934bb4be53ebcba0d\",\"name\":\"admin\",\"image\":{\"@type\":\"ImageObject\",\"inLanguage\":\"ca\",\"@id\":\"https:\/\/www.siau.cat\/#\/schema\/person\/image\/\",\"url\":\"https:\/\/www.siau.cat\/wp-content\/litespeed\/avatar\/d73ebfac3daa0b52552b2ccea63469da.jpg?ver=1777403609\",\"contentUrl\":\"https:\/\/www.siau.cat\/wp-content\/litespeed\/avatar\/d73ebfac3daa0b52552b2ccea63469da.jpg?ver=1777403609\",\"caption\":\"admin\"},\"sameAs\":[\"https:\/\/www.siau.cat\"],\"url\":\"https:\/\/www.siau.cat\/index.php\/author\/admin\/\"}]}<\/script>\n<!-- \/ Yoast SEO plugin. -->","yoast_head_json":{"title":"SIAU es reuneix al Congr\u00e9s dels Diputats amb els diputats de Junts per Catalunya &#8212; SIAU - SINDICAT INDEPENDENT, AUT\u00d2NOM I UNITARI","robots":{"index":"index","follow":"follow","max-snippet":"max-snippet:-1","max-image-preview":"max-image-preview:large","max-video-preview":"max-video-preview:-1"},"canonical":"https:\/\/www.siau.cat\/index.php\/2025\/06\/19\/siau-es-reuneix-al-congres-dels-diputats-amb-els-diputats-de-junts-per-catalunya\/","og_locale":"ca_ES","og_type":"article","og_title":"SIAU es reuneix al Congr\u00e9s dels Diputats amb els diputats de Junts per Catalunya &#8212; SIAU - SINDICAT INDEPENDENT, AUT\u00d2NOM I UNITARI","og_description":"Aquests dies SIAU s\u2019ha reunit al Congr\u00e9s dels Diputats amb els diputats de Junts per Catalunya per tractar una s\u00e8rie de reivindicacions sindicals i sumar adhesions de cara a futures votacions que se celebraran a Madrid. A la fotografia adjunta que compartim amb vosaltres hi apareixen, juntament amb el secretari general de SIAU Joan Cresp\u00ed &hellip; Continua llegint \u00abSIAU es reuneix al Congr\u00e9s dels Diputats amb els diputats de Junts per Catalunya\u00bb","og_url":"https:\/\/www.siau.cat\/index.php\/2025\/06\/19\/siau-es-reuneix-al-congres-dels-diputats-amb-els-diputats-de-junts-per-catalunya\/","og_site_name":"SIAU - SINDICAT INDEPENDENT, AUT\u00d2NOM I UNITARI","article_published_time":"2025-06-19T09:59:35+00:00","article_modified_time":"2025-06-19T09:59:39+00:00","og_image":[{"width":2560,"height":1920,"url":"https:\/\/www.siau.cat\/wp-content\/uploads\/2025\/06\/13-scaled.jpg","type":"image\/jpeg"}],"author":"admin","twitter_card":"summary_large_image","twitter_misc":{"Escrit per":"admin","Temps estimat de lectura":"6 minuts"},"schema":{"@context":"https:\/\/schema.org","@graph":[{"@type":"Article","@id":"https:\/\/www.siau.cat\/index.php\/2025\/06\/19\/siau-es-reuneix-al-congres-dels-diputats-amb-els-diputats-de-junts-per-catalunya\/#article","isPartOf":{"@id":"https:\/\/www.siau.cat\/index.php\/2025\/06\/19\/siau-es-reuneix-al-congres-dels-diputats-amb-els-diputats-de-junts-per-catalunya\/"},"author":{"name":"admin","@id":"https:\/\/www.siau.cat\/#\/schema\/person\/810c15694a7e538934bb4be53ebcba0d"},"headline":"SIAU es reuneix al Congr\u00e9s dels Diputats amb els diputats de Junts per Catalunya","datePublished":"2025-06-19T09:59:35+00:00","dateModified":"2025-06-19T09:59:39+00:00","mainEntityOfPage":{"@id":"https:\/\/www.siau.cat\/index.php\/2025\/06\/19\/siau-es-reuneix-al-congres-dels-diputats-amb-els-diputats-de-junts-per-catalunya\/"},"wordCount":944,"publisher":{"@id":"https:\/\/www.siau.cat\/#organization"},"image":{"@id":"https:\/\/www.siau.cat\/index.php\/2025\/06\/19\/siau-es-reuneix-al-congres-dels-diputats-amb-els-diputats-de-junts-per-catalunya\/#primaryimage"},"thumbnailUrl":"https:\/\/www.siau.cat\/wp-content\/uploads\/2025\/06\/13-1024x768.jpg","articleSection":["Uncategorized"],"inLanguage":"ca"},{"@type":"WebPage","@id":"https:\/\/www.siau.cat\/index.php\/2025\/06\/19\/siau-es-reuneix-al-congres-dels-diputats-amb-els-diputats-de-junts-per-catalunya\/","url":"https:\/\/www.siau.cat\/index.php\/2025\/06\/19\/siau-es-reuneix-al-congres-dels-diputats-amb-els-diputats-de-junts-per-catalunya\/","name":"SIAU es reuneix al Congr\u00e9s dels Diputats amb els diputats de Junts per Catalunya &#8212; SIAU - SINDICAT INDEPENDENT, AUT\u00d2NOM I UNITARI","isPartOf":{"@id":"https:\/\/www.siau.cat\/#website"},"primaryImageOfPage":{"@id":"https:\/\/www.siau.cat\/index.php\/2025\/06\/19\/siau-es-reuneix-al-congres-dels-diputats-amb-els-diputats-de-junts-per-catalunya\/#primaryimage"},"image":{"@id":"https:\/\/www.siau.cat\/index.php\/2025\/06\/19\/siau-es-reuneix-al-congres-dels-diputats-amb-els-diputats-de-junts-per-catalunya\/#primaryimage"},"thumbnailUrl":"https:\/\/www.siau.cat\/wp-content\/uploads\/2025\/06\/13-1024x768.jpg","datePublished":"2025-06-19T09:59:35+00:00","dateModified":"2025-06-19T09:59:39+00:00","breadcrumb":{"@id":"https:\/\/www.siau.cat\/index.php\/2025\/06\/19\/siau-es-reuneix-al-congres-dels-diputats-amb-els-diputats-de-junts-per-catalunya\/#breadcrumb"},"inLanguage":"ca","potentialAction":[{"@type":"ReadAction","target":["https:\/\/www.siau.cat\/index.php\/2025\/06\/19\/siau-es-reuneix-al-congres-dels-diputats-amb-els-diputats-de-junts-per-catalunya\/"]}]},{"@type":"ImageObject","inLanguage":"ca","@id":"https:\/\/www.siau.cat\/index.php\/2025\/06\/19\/siau-es-reuneix-al-congres-dels-diputats-amb-els-diputats-de-junts-per-catalunya\/#primaryimage","url":"https:\/\/www.siau.cat\/wp-content\/uploads\/2025\/06\/13-scaled.jpg","contentUrl":"https:\/\/www.siau.cat\/wp-content\/uploads\/2025\/06\/13-scaled.jpg","width":2560,"height":1920},{"@type":"BreadcrumbList","@id":"https:\/\/www.siau.cat\/index.php\/2025\/06\/19\/siau-es-reuneix-al-congres-dels-diputats-amb-els-diputats-de-junts-per-catalunya\/#breadcrumb","itemListElement":[{"@type":"ListItem","position":1,"name":"Inici","item":"https:\/\/www.siau.cat\/"},{"@type":"ListItem","position":2,"name":"SIAU es reuneix al Congr\u00e9s dels Diputats amb els diputats de Junts per Catalunya"}]},{"@type":"WebSite","@id":"https:\/\/www.siau.cat\/#website","url":"https:\/\/www.siau.cat\/","name":"SIAU - SINDICAT INDEPENDENT, AUT\u00d2NOM I UNITARI","description":"Ara s&iacute; que tenim la veu","publisher":{"@id":"https:\/\/www.siau.cat\/#organization"},"potentialAction":[{"@type":"SearchAction","target":{"@type":"EntryPoint","urlTemplate":"https:\/\/www.siau.cat\/?s={search_term_string}"},"query-input":{"@type":"PropertyValueSpecification","valueRequired":true,"valueName":"search_term_string"}}],"inLanguage":"ca"},{"@type":"Organization","@id":"https:\/\/www.siau.cat\/#organization","name":"SIAU","url":"https:\/\/www.siau.cat\/","logo":{"@type":"ImageObject","inLanguage":"ca","@id":"https:\/\/www.siau.cat\/#\/schema\/logo\/image\/","url":"https:\/\/www.siau.cat\/wp-content\/uploads\/2022\/03\/cropped-resized_LOGO-SIAU-5-e1652020847972.jpg","contentUrl":"https:\/\/www.siau.cat\/wp-content\/uploads\/2022\/03\/cropped-resized_LOGO-SIAU-5-e1652020847972.jpg","width":1600,"height":1200,"caption":"SIAU"},"image":{"@id":"https:\/\/www.siau.cat\/#\/schema\/logo\/image\/"}},{"@type":"Person","@id":"https:\/\/www.siau.cat\/#\/schema\/person\/810c15694a7e538934bb4be53ebcba0d","name":"admin","image":{"@type":"ImageObject","inLanguage":"ca","@id":"https:\/\/www.siau.cat\/#\/schema\/person\/image\/","url":"https:\/\/www.siau.cat\/wp-content\/litespeed\/avatar\/d73ebfac3daa0b52552b2ccea63469da.jpg?ver=1777403609","contentUrl":"https:\/\/www.siau.cat\/wp-content\/litespeed\/avatar\/d73ebfac3daa0b52552b2ccea63469da.jpg?ver=1777403609","caption":"admin"},"sameAs":["https:\/\/www.siau.cat"],"url":"https:\/\/www.siau.cat\/index.php\/author\/admin\/"}]}},"jetpack_featured_media_url":"","jetpack_sharing_enabled":true,"_links":{"self":[{"href":"https:\/\/www.siau.cat\/index.php\/wp-json\/wp\/v2\/posts\/1908","targetHints":{"allow":["GET"]}}],"collection":[{"href":"https:\/\/www.siau.cat\/index.php\/wp-json\/wp\/v2\/posts"}],"about":[{"href":"https:\/\/www.siau.cat\/index.php\/wp-json\/wp\/v2\/types\/post"}],"author":[{"embeddable":true,"href":"https:\/\/www.siau.cat\/index.php\/wp-json\/wp\/v2\/users\/1"}],"replies":[{"embeddable":true,"href":"https:\/\/www.siau.cat\/index.php\/wp-json\/wp\/v2\/comments?post=1908"}],"version-history":[{"count":1,"href":"https:\/\/www.siau.cat\/index.php\/wp-json\/wp\/v2\/posts\/1908\/revisions"}],"predecessor-version":[{"id":1912,"href":"https:\/\/www.siau.cat\/index.php\/wp-json\/wp\/v2\/posts\/1908\/revisions\/1912"}],"wp:attachment":[{"href":"https:\/\/www.siau.cat\/index.php\/wp-json\/wp\/v2\/media?parent=1908"}],"wp:term":[{"taxonomy":"category","embeddable":true,"href":"https:\/\/www.siau.cat\/index.php\/wp-json\/wp\/v2\/categories?post=1908"},{"taxonomy":"post_tag","embeddable":true,"href":"https:\/\/www.siau.cat\/index.php\/wp-json\/wp\/v2\/tags?post=1908"}],"curies":[{"name":"wp","href":"https:\/\/api.w.org\/{rel}","templated":true}]}}