{"id":1915,"date":"2025-06-20T10:03:32","date_gmt":"2025-06-20T10:03:32","guid":{"rendered":"https:\/\/www.siau.cat\/?p=1915"},"modified":"2025-06-20T10:03:37","modified_gmt":"2025-06-20T10:03:37","slug":"siau-irromp-al-congres-dels-diputats-reunions-amb-els-diputats-concentracio-i-denuncia-massiva-de-la-temporalitat-i-atac-al-catala-a-les-illes","status":"publish","type":"post","link":"https:\/\/www.siau.cat\/index.php\/2025\/06\/20\/siau-irromp-al-congres-dels-diputats-reunions-amb-els-diputats-concentracio-i-denuncia-massiva-de-la-temporalitat-i-atac-al-catala-a-les-illes\/","title":{"rendered":"SIAU irromp al Congr\u00e9s dels Diputats: reunions amb els diputats, concentraci\u00f3 i den\u00fancia massiva de la temporalitat i atac al catal\u00e0 a les Illes"},"content":{"rendered":"\n<h3 class=\"wp-block-heading\"><em>El Sindicat Independent, Aut\u00f2nom i Unitari (SIAU) ha mantingut trobades amb el PSOE, ERC, JUNTS, PODEMOS, PP, SUMAR i altres, i ha protagonitzat una protesta a les portes de la Cambra per denunciar els atacs als docents.<\/em><\/h3>\n\n\n\n<figure class=\"wp-block-image size-large\"><img loading=\"lazy\" decoding=\"async\" width=\"682\" height=\"1024\" src=\"https:\/\/www.siau.cat\/wp-content\/uploads\/2025\/06\/Reunions-SIAU-al-Congres-dels-Diputats-682x1024.png\" alt=\"\" class=\"wp-image-1916\" srcset=\"https:\/\/www.siau.cat\/wp-content\/uploads\/2025\/06\/Reunions-SIAU-al-Congres-dels-Diputats-682x1024.png 682w, https:\/\/www.siau.cat\/wp-content\/uploads\/2025\/06\/Reunions-SIAU-al-Congres-dels-Diputats-200x300.png 200w, https:\/\/www.siau.cat\/wp-content\/uploads\/2025\/06\/Reunions-SIAU-al-Congres-dels-Diputats-768x1152.png 768w, https:\/\/www.siau.cat\/wp-content\/uploads\/2025\/06\/Reunions-SIAU-al-Congres-dels-Diputats-1024x1536.png 1024w, https:\/\/www.siau.cat\/wp-content\/uploads\/2025\/06\/Reunions-SIAU-al-Congres-dels-Diputats-16x24.png 16w, https:\/\/www.siau.cat\/wp-content\/uploads\/2025\/06\/Reunions-SIAU-al-Congres-dels-Diputats-24x36.png 24w, https:\/\/www.siau.cat\/wp-content\/uploads\/2025\/06\/Reunions-SIAU-al-Congres-dels-Diputats-32x48.png 32w, https:\/\/www.siau.cat\/wp-content\/uploads\/2025\/06\/Reunions-SIAU-al-Congres-dels-Diputats-350x525.png 350w, https:\/\/www.siau.cat\/wp-content\/uploads\/2025\/06\/Reunions-SIAU-al-Congres-dels-Diputats.png 1333w\" sizes=\"auto, (max-width: 682px) 100vw, 682px\" \/><figcaption class=\"wp-element-caption\">Recull d&#8217;algunes de les reunions de SIAU amb diputats o representants pol\u00edtics al Congre\u0301s dels Diputats<\/figcaption><\/figure>\n\n\n\n<h3 class=\"wp-block-heading\"><strong>Una ofensiva sindical al cor del poder pol\u00edtic<\/strong><\/h3>\n\n\n\n<p>SIAU ha dut a terme aquests darrers dies una <strong>intensa agenda d&#8217;acci\u00f3 sindical al Congr\u00e9s dels Diputats <\/strong>amb l\u2019objectiu de fer arribar les reivindicacions urgents del professorat de les Illes Balears. Quasi la totalitat dels grups parlamentaris han rebut la nostra delegaci\u00f3, excepte VOX, amb qui hem refusat reunir-nos en resposta als atacs sistem\u00e0tics contra la llengua catalana i el col\u00b7lectiu docent.<\/p>\n\n\n\n<p>Durant les reunions, SIAU ha denunciat amb fermesa l\u2019<strong>ab\u00fas estructural de la temporalitat<\/strong>, que afecta m\u00e9s del 30% de les plantilles, molt per sobre del l\u00edmit legal del 8% establert per la Llei 20\/2021. <strong>Hem aportat propostes concretes i hem aconseguit compromisos pol\u00edtics reals<\/strong>, com ara la presentaci\u00f3 d\u2019esmenes al Projecte de llei de la funci\u00f3 p\u00fablica.<\/p>\n\n\n\n<p>El sindicat tamb\u00e9 ha denunciat la <strong>fuga de docents<\/strong>, la <strong>persecuci\u00f3 creixent del catal\u00e0 <\/strong>a les escoles de les Illes i la <strong>privatitzaci\u00f3 <\/strong>progressiva del sistema educatiu p\u00fablic, evidenciada pel tancament de centres i l\u00ednies p\u00fabliques.<\/p>\n\n\n\n<h3 class=\"wp-block-heading\"><strong><br><\/strong><strong>Reunions institucionals de gran rellev\u00e0ncia<\/strong><\/h3>\n\n\n\n<p>Les trobades han tingut lloc amb diputats o representants de:<\/p>\n\n\n\n<ul class=\"wp-block-list\">\n<li><strong>PSOE<\/strong>: Francina Armengol (Presidenta del Congr\u00e9s dels Diputats) i Mar\u00eda Luz Mart\u00ednez (portaveu d\u2019Educaci\u00f3)<br><\/li>\n\n\n\n<li><strong>ERC<\/strong>: Gabriel Rufi\u00e1n i Etna Estrems<br><\/li>\n\n\n\n<li><strong>JUNTS<\/strong>: Josep Maria Cervera, Josep Maria Cruset, M\u00edriam Nogueras, Josep Pag\u00e8s i Marta Madrenas<br><\/li>\n\n\n\n<li><strong>PODEMOS<\/strong>: Jacinto Morano (secretari d\u2019Economia i coordinador dels diputats)<br><\/li>\n\n\n\n<li><strong>PP<\/strong>: \u00d3scar Clavell (portaveu d\u2019Educaci\u00f3)<br><\/li>\n\n\n\n<li><strong>SUMAR<\/strong>: Enrique Santiago i Vicen\u00e7 Vidal<\/li>\n<\/ul>\n\n\n\n<p>A m\u00e9s, SIAU ha participat en una <strong>concentraci\u00f3 davant del Congr\u00e9s dels Diputats<\/strong> per visibilitzar l\u2019ab\u00fas de temporalitat i defensar que <em>els i les que hi som, hi quedam<\/em>. \u201c<strong>No som mocadors d\u2019un sol \u00fas<\/strong>\u201d ha estat una de les consignes m\u00e9s repetides.<\/p>\n\n\n\n<h3 class=\"wp-block-heading\"><strong><br><\/strong><strong>Posicionament de SIAU<\/strong><\/h3>\n\n\n\n<ul class=\"wp-block-list\">\n<li><strong>Ab\u00fas de temporalitat<\/strong>: Exigim l\u2019estabilitzaci\u00f3 immediata del personal inter\u00ed que fa anys que treballa per la Conselleria d\u2019Educaci\u00f3 i continua en situaci\u00f3 de frau de llei.<br><\/li>\n\n\n\n<li><strong>Llengua catalana<\/strong>: Reclamam el reconeixement i protecci\u00f3 real de l\u2019\u00fas del catal\u00e0 a l\u2019ensenyament, enfront dels atacs constants provinents sobretot de l\u2019extrema dreta.<br><\/li>\n\n\n\n<li><strong>Privatitzaci\u00f3<\/strong>: Denunciam el desmantellament de l\u2019escola p\u00fablica i reclamam inversi\u00f3 urgent en la xarxa educativa p\u00fablica.<br><\/li>\n\n\n\n<li><strong>Dignificaci\u00f3 de la professi\u00f3 docent<\/strong>: Reivindicam condicions laborals dignes, la fi de la precarietat i el respecte absolut per la llibertat de c\u00e0tedra.<br><\/li>\n<\/ul>\n\n\n\n<h3 class=\"wp-block-heading\"><strong>Seguiment, aliances i crida a l&#8217;acci\u00f3<\/strong><\/h3>\n\n\n\n<p>SIAU mantindr\u00e0 el <strong>contacte continuat<\/strong> amb els diputats i els grups parlamentaris de la Cambra per fer <strong>seguiment dels compromisos<\/strong> adquirits i continuar pressionant perqu\u00e8 les forces que encara no han donat suport a les nostres propostes s\u2019hi sumin.<\/p>\n\n\n\n<p>Instam el Congr\u00e9s dels Diputats i el Govern central a <strong>actuar amb responsabilitat i celeritat<\/strong>, davant la deixadesa absoluta de la Conselleria d\u2019Educaci\u00f3: estabilitzar els milers de docents en ab\u00fas de temporalitat, protegir la llengua pr\u00f2pia del territori i garantir un futur per a l\u2019educaci\u00f3 p\u00fablica. <strong>En cas contrari, SIAU encap\u00e7alar\u00e0 noves mobilitzacions<\/strong> tant a Madrid com a les Illes Balears.<\/p>\n","protected":false},"excerpt":{"rendered":"<p>El Sindicat Independent, Aut\u00f2nom i Unitari (SIAU) ha mantingut trobades amb el PSOE, ERC, JUNTS, PODEMOS, PP, SUMAR i altres, i ha protagonitzat una protesta a les portes de la Cambra per denunciar els atacs als docents. Una ofensiva sindical al cor del poder pol\u00edtic SIAU ha dut a terme aquests darrers dies una intensa &hellip; <\/p>\n<p class=\"link-more\"><a href=\"https:\/\/www.siau.cat\/index.php\/2025\/06\/20\/siau-irromp-al-congres-dels-diputats-reunions-amb-els-diputats-concentracio-i-denuncia-massiva-de-la-temporalitat-i-atac-al-catala-a-les-illes\/\" class=\"more-link\">Continua llegint <span class=\"screen-reader-text\">\u00abSIAU irromp al Congr\u00e9s dels Diputats: reunions amb els diputats, concentraci\u00f3 i den\u00fancia massiva de la temporalitat i atac al catal\u00e0 a les Illes\u00bb<\/span><\/a><\/p>\n","protected":false},"author":1,"featured_media":0,"comment_status":"closed","ping_status":"open","sticky":false,"template":"","format":"standard","meta":{"_jetpack_memberships_contains_paid_content":false,"footnotes":""},"categories":[1],"tags":[],"class_list":["post-1915","post","type-post","status-publish","format-standard","hentry","category-uncategorized"],"yoast_head":"<!-- This site is optimized with the Yoast SEO plugin v25.4 - https:\/\/yoast.com\/wordpress\/plugins\/seo\/ -->\n<title>SIAU irromp al Congr\u00e9s dels Diputats: reunions amb els diputats, concentraci\u00f3 i den\u00fancia massiva de la temporalitat i atac al catal\u00e0 a les Illes &#8212; SIAU - SINDICAT INDEPENDENT, AUT\u00d2NOM I UNITARI<\/title>\n<meta name=\"robots\" content=\"index, follow, max-snippet:-1, max-image-preview:large, max-video-preview:-1\" \/>\n<link rel=\"canonical\" href=\"https:\/\/www.siau.cat\/index.php\/2025\/06\/20\/siau-irromp-al-congres-dels-diputats-reunions-amb-els-diputats-concentracio-i-denuncia-massiva-de-la-temporalitat-i-atac-al-catala-a-les-illes\/\" \/>\n<meta property=\"og:locale\" content=\"ca_ES\" \/>\n<meta property=\"og:type\" content=\"article\" \/>\n<meta property=\"og:title\" content=\"SIAU irromp al Congr\u00e9s dels Diputats: reunions amb els diputats, concentraci\u00f3 i den\u00fancia massiva de la temporalitat i atac al catal\u00e0 a les Illes &#8212; SIAU - SINDICAT INDEPENDENT, AUT\u00d2NOM I UNITARI\" \/>\n<meta property=\"og:description\" content=\"El Sindicat Independent, Aut\u00f2nom i Unitari (SIAU) ha mantingut trobades amb el PSOE, ERC, JUNTS, PODEMOS, PP, SUMAR i altres, i ha protagonitzat una protesta a les portes de la Cambra per denunciar els atacs als docents. Una ofensiva sindical al cor del poder pol\u00edtic SIAU ha dut a terme aquests darrers dies una intensa &hellip; Continua llegint \u00abSIAU irromp al Congr\u00e9s dels Diputats: reunions amb els diputats, concentraci\u00f3 i den\u00fancia massiva de la temporalitat i atac al catal\u00e0 a les Illes\u00bb\" \/>\n<meta property=\"og:url\" content=\"https:\/\/www.siau.cat\/index.php\/2025\/06\/20\/siau-irromp-al-congres-dels-diputats-reunions-amb-els-diputats-concentracio-i-denuncia-massiva-de-la-temporalitat-i-atac-al-catala-a-les-illes\/\" \/>\n<meta property=\"og:site_name\" content=\"SIAU - SINDICAT INDEPENDENT, AUT\u00d2NOM I UNITARI\" \/>\n<meta property=\"article:published_time\" content=\"2025-06-20T10:03:32+00:00\" \/>\n<meta property=\"article:modified_time\" content=\"2025-06-20T10:03:37+00:00\" \/>\n<meta property=\"og:image\" content=\"https:\/\/www.siau.cat\/wp-content\/uploads\/2025\/06\/Reunions-SIAU-al-Congres-dels-Diputats-682x1024.png\" \/>\n\t<meta property=\"og:image:width\" content=\"682\" \/>\n\t<meta property=\"og:image:height\" content=\"1024\" \/>\n\t<meta property=\"og:image:type\" content=\"image\/png\" \/>\n<meta name=\"author\" content=\"admin\" \/>\n<meta name=\"twitter:card\" content=\"summary_large_image\" \/>\n<meta name=\"twitter:label1\" content=\"Escrit per\" \/>\n\t<meta name=\"twitter:data1\" content=\"admin\" \/>\n\t<meta name=\"twitter:label2\" content=\"Temps estimat de lectura\" \/>\n\t<meta name=\"twitter:data2\" content=\"4 minuts\" \/>\n<script type=\"application\/ld+json\" class=\"yoast-schema-graph\">{\"@context\":\"https:\/\/schema.org\",\"@graph\":[{\"@type\":\"Article\",\"@id\":\"https:\/\/www.siau.cat\/index.php\/2025\/06\/20\/siau-irromp-al-congres-dels-diputats-reunions-amb-els-diputats-concentracio-i-denuncia-massiva-de-la-temporalitat-i-atac-al-catala-a-les-illes\/#article\",\"isPartOf\":{\"@id\":\"https:\/\/www.siau.cat\/index.php\/2025\/06\/20\/siau-irromp-al-congres-dels-diputats-reunions-amb-els-diputats-concentracio-i-denuncia-massiva-de-la-temporalitat-i-atac-al-catala-a-les-illes\/\"},\"author\":{\"name\":\"admin\",\"@id\":\"https:\/\/www.siau.cat\/#\/schema\/person\/810c15694a7e538934bb4be53ebcba0d\"},\"headline\":\"SIAU irromp al Congr\u00e9s dels Diputats: reunions amb els diputats, concentraci\u00f3 i den\u00fancia massiva de la temporalitat i atac al catal\u00e0 a les Illes\",\"datePublished\":\"2025-06-20T10:03:32+00:00\",\"dateModified\":\"2025-06-20T10:03:37+00:00\",\"mainEntityOfPage\":{\"@id\":\"https:\/\/www.siau.cat\/index.php\/2025\/06\/20\/siau-irromp-al-congres-dels-diputats-reunions-amb-els-diputats-concentracio-i-denuncia-massiva-de-la-temporalitat-i-atac-al-catala-a-les-illes\/\"},\"wordCount\":603,\"publisher\":{\"@id\":\"https:\/\/www.siau.cat\/#organization\"},\"image\":{\"@id\":\"https:\/\/www.siau.cat\/index.php\/2025\/06\/20\/siau-irromp-al-congres-dels-diputats-reunions-amb-els-diputats-concentracio-i-denuncia-massiva-de-la-temporalitat-i-atac-al-catala-a-les-illes\/#primaryimage\"},\"thumbnailUrl\":\"https:\/\/www.siau.cat\/wp-content\/uploads\/2025\/06\/Reunions-SIAU-al-Congres-dels-Diputats-682x1024.png\",\"articleSection\":[\"Uncategorized\"],\"inLanguage\":\"ca\"},{\"@type\":\"WebPage\",\"@id\":\"https:\/\/www.siau.cat\/index.php\/2025\/06\/20\/siau-irromp-al-congres-dels-diputats-reunions-amb-els-diputats-concentracio-i-denuncia-massiva-de-la-temporalitat-i-atac-al-catala-a-les-illes\/\",\"url\":\"https:\/\/www.siau.cat\/index.php\/2025\/06\/20\/siau-irromp-al-congres-dels-diputats-reunions-amb-els-diputats-concentracio-i-denuncia-massiva-de-la-temporalitat-i-atac-al-catala-a-les-illes\/\",\"name\":\"SIAU irromp al Congr\u00e9s dels Diputats: reunions amb els diputats, concentraci\u00f3 i den\u00fancia massiva de la temporalitat i atac al catal\u00e0 a les Illes &#8212; SIAU - SINDICAT INDEPENDENT, AUT\u00d2NOM I UNITARI\",\"isPartOf\":{\"@id\":\"https:\/\/www.siau.cat\/#website\"},\"primaryImageOfPage\":{\"@id\":\"https:\/\/www.siau.cat\/index.php\/2025\/06\/20\/siau-irromp-al-congres-dels-diputats-reunions-amb-els-diputats-concentracio-i-denuncia-massiva-de-la-temporalitat-i-atac-al-catala-a-les-illes\/#primaryimage\"},\"image\":{\"@id\":\"https:\/\/www.siau.cat\/index.php\/2025\/06\/20\/siau-irromp-al-congres-dels-diputats-reunions-amb-els-diputats-concentracio-i-denuncia-massiva-de-la-temporalitat-i-atac-al-catala-a-les-illes\/#primaryimage\"},\"thumbnailUrl\":\"https:\/\/www.siau.cat\/wp-content\/uploads\/2025\/06\/Reunions-SIAU-al-Congres-dels-Diputats-682x1024.png\",\"datePublished\":\"2025-06-20T10:03:32+00:00\",\"dateModified\":\"2025-06-20T10:03:37+00:00\",\"breadcrumb\":{\"@id\":\"https:\/\/www.siau.cat\/index.php\/2025\/06\/20\/siau-irromp-al-congres-dels-diputats-reunions-amb-els-diputats-concentracio-i-denuncia-massiva-de-la-temporalitat-i-atac-al-catala-a-les-illes\/#breadcrumb\"},\"inLanguage\":\"ca\",\"potentialAction\":[{\"@type\":\"ReadAction\",\"target\":[\"https:\/\/www.siau.cat\/index.php\/2025\/06\/20\/siau-irromp-al-congres-dels-diputats-reunions-amb-els-diputats-concentracio-i-denuncia-massiva-de-la-temporalitat-i-atac-al-catala-a-les-illes\/\"]}]},{\"@type\":\"ImageObject\",\"inLanguage\":\"ca\",\"@id\":\"https:\/\/www.siau.cat\/index.php\/2025\/06\/20\/siau-irromp-al-congres-dels-diputats-reunions-amb-els-diputats-concentracio-i-denuncia-massiva-de-la-temporalitat-i-atac-al-catala-a-les-illes\/#primaryimage\",\"url\":\"https:\/\/www.siau.cat\/wp-content\/uploads\/2025\/06\/Reunions-SIAU-al-Congres-dels-Diputats.png\",\"contentUrl\":\"https:\/\/www.siau.cat\/wp-content\/uploads\/2025\/06\/Reunions-SIAU-al-Congres-dels-Diputats.png\",\"width\":1333,\"height\":2000},{\"@type\":\"BreadcrumbList\",\"@id\":\"https:\/\/www.siau.cat\/index.php\/2025\/06\/20\/siau-irromp-al-congres-dels-diputats-reunions-amb-els-diputats-concentracio-i-denuncia-massiva-de-la-temporalitat-i-atac-al-catala-a-les-illes\/#breadcrumb\",\"itemListElement\":[{\"@type\":\"ListItem\",\"position\":1,\"name\":\"Inici\",\"item\":\"https:\/\/www.siau.cat\/\"},{\"@type\":\"ListItem\",\"position\":2,\"name\":\"SIAU irromp al Congr\u00e9s dels Diputats: reunions amb els diputats, concentraci\u00f3 i den\u00fancia massiva de la temporalitat i atac al catal\u00e0 a les Illes\"}]},{\"@type\":\"WebSite\",\"@id\":\"https:\/\/www.siau.cat\/#website\",\"url\":\"https:\/\/www.siau.cat\/\",\"name\":\"SIAU - SINDICAT INDEPENDENT, AUT\u00d2NOM I UNITARI\",\"description\":\"Ara s&iacute; que tenim la veu\",\"publisher\":{\"@id\":\"https:\/\/www.siau.cat\/#organization\"},\"potentialAction\":[{\"@type\":\"SearchAction\",\"target\":{\"@type\":\"EntryPoint\",\"urlTemplate\":\"https:\/\/www.siau.cat\/?s={search_term_string}\"},\"query-input\":{\"@type\":\"PropertyValueSpecification\",\"valueRequired\":true,\"valueName\":\"search_term_string\"}}],\"inLanguage\":\"ca\"},{\"@type\":\"Organization\",\"@id\":\"https:\/\/www.siau.cat\/#organization\",\"name\":\"SIAU\",\"url\":\"https:\/\/www.siau.cat\/\",\"logo\":{\"@type\":\"ImageObject\",\"inLanguage\":\"ca\",\"@id\":\"https:\/\/www.siau.cat\/#\/schema\/logo\/image\/\",\"url\":\"https:\/\/www.siau.cat\/wp-content\/uploads\/2022\/03\/cropped-resized_LOGO-SIAU-5-e1652020847972.jpg\",\"contentUrl\":\"https:\/\/www.siau.cat\/wp-content\/uploads\/2022\/03\/cropped-resized_LOGO-SIAU-5-e1652020847972.jpg\",\"width\":1600,\"height\":1200,\"caption\":\"SIAU\"},\"image\":{\"@id\":\"https:\/\/www.siau.cat\/#\/schema\/logo\/image\/\"}},{\"@type\":\"Person\",\"@id\":\"https:\/\/www.siau.cat\/#\/schema\/person\/810c15694a7e538934bb4be53ebcba0d\",\"name\":\"admin\",\"image\":{\"@type\":\"ImageObject\",\"inLanguage\":\"ca\",\"@id\":\"https:\/\/www.siau.cat\/#\/schema\/person\/image\/\",\"url\":\"https:\/\/www.siau.cat\/wp-content\/litespeed\/avatar\/d73ebfac3daa0b52552b2ccea63469da.jpg?ver=1777403609\",\"contentUrl\":\"https:\/\/www.siau.cat\/wp-content\/litespeed\/avatar\/d73ebfac3daa0b52552b2ccea63469da.jpg?ver=1777403609\",\"caption\":\"admin\"},\"sameAs\":[\"https:\/\/www.siau.cat\"],\"url\":\"https:\/\/www.siau.cat\/index.php\/author\/admin\/\"}]}<\/script>\n<!-- \/ Yoast SEO plugin. -->","yoast_head_json":{"title":"SIAU irromp al Congr\u00e9s dels Diputats: reunions amb els diputats, concentraci\u00f3 i den\u00fancia massiva de la temporalitat i atac al catal\u00e0 a les Illes &#8212; SIAU - SINDICAT INDEPENDENT, AUT\u00d2NOM I UNITARI","robots":{"index":"index","follow":"follow","max-snippet":"max-snippet:-1","max-image-preview":"max-image-preview:large","max-video-preview":"max-video-preview:-1"},"canonical":"https:\/\/www.siau.cat\/index.php\/2025\/06\/20\/siau-irromp-al-congres-dels-diputats-reunions-amb-els-diputats-concentracio-i-denuncia-massiva-de-la-temporalitat-i-atac-al-catala-a-les-illes\/","og_locale":"ca_ES","og_type":"article","og_title":"SIAU irromp al Congr\u00e9s dels Diputats: reunions amb els diputats, concentraci\u00f3 i den\u00fancia massiva de la temporalitat i atac al catal\u00e0 a les Illes &#8212; SIAU - SINDICAT INDEPENDENT, AUT\u00d2NOM I UNITARI","og_description":"El Sindicat Independent, Aut\u00f2nom i Unitari (SIAU) ha mantingut trobades amb el PSOE, ERC, JUNTS, PODEMOS, PP, SUMAR i altres, i ha protagonitzat una protesta a les portes de la Cambra per denunciar els atacs als docents. Una ofensiva sindical al cor del poder pol\u00edtic SIAU ha dut a terme aquests darrers dies una intensa &hellip; Continua llegint \u00abSIAU irromp al Congr\u00e9s dels Diputats: reunions amb els diputats, concentraci\u00f3 i den\u00fancia massiva de la temporalitat i atac al catal\u00e0 a les Illes\u00bb","og_url":"https:\/\/www.siau.cat\/index.php\/2025\/06\/20\/siau-irromp-al-congres-dels-diputats-reunions-amb-els-diputats-concentracio-i-denuncia-massiva-de-la-temporalitat-i-atac-al-catala-a-les-illes\/","og_site_name":"SIAU - SINDICAT INDEPENDENT, AUT\u00d2NOM I UNITARI","article_published_time":"2025-06-20T10:03:32+00:00","article_modified_time":"2025-06-20T10:03:37+00:00","og_image":[{"width":682,"height":1024,"url":"https:\/\/www.siau.cat\/wp-content\/uploads\/2025\/06\/Reunions-SIAU-al-Congres-dels-Diputats-682x1024.png","type":"image\/png"}],"author":"admin","twitter_card":"summary_large_image","twitter_misc":{"Escrit per":"admin","Temps estimat de lectura":"4 minuts"},"schema":{"@context":"https:\/\/schema.org","@graph":[{"@type":"Article","@id":"https:\/\/www.siau.cat\/index.php\/2025\/06\/20\/siau-irromp-al-congres-dels-diputats-reunions-amb-els-diputats-concentracio-i-denuncia-massiva-de-la-temporalitat-i-atac-al-catala-a-les-illes\/#article","isPartOf":{"@id":"https:\/\/www.siau.cat\/index.php\/2025\/06\/20\/siau-irromp-al-congres-dels-diputats-reunions-amb-els-diputats-concentracio-i-denuncia-massiva-de-la-temporalitat-i-atac-al-catala-a-les-illes\/"},"author":{"name":"admin","@id":"https:\/\/www.siau.cat\/#\/schema\/person\/810c15694a7e538934bb4be53ebcba0d"},"headline":"SIAU irromp al Congr\u00e9s dels Diputats: reunions amb els diputats, concentraci\u00f3 i den\u00fancia massiva de la temporalitat i atac al catal\u00e0 a les Illes","datePublished":"2025-06-20T10:03:32+00:00","dateModified":"2025-06-20T10:03:37+00:00","mainEntityOfPage":{"@id":"https:\/\/www.siau.cat\/index.php\/2025\/06\/20\/siau-irromp-al-congres-dels-diputats-reunions-amb-els-diputats-concentracio-i-denuncia-massiva-de-la-temporalitat-i-atac-al-catala-a-les-illes\/"},"wordCount":603,"publisher":{"@id":"https:\/\/www.siau.cat\/#organization"},"image":{"@id":"https:\/\/www.siau.cat\/index.php\/2025\/06\/20\/siau-irromp-al-congres-dels-diputats-reunions-amb-els-diputats-concentracio-i-denuncia-massiva-de-la-temporalitat-i-atac-al-catala-a-les-illes\/#primaryimage"},"thumbnailUrl":"https:\/\/www.siau.cat\/wp-content\/uploads\/2025\/06\/Reunions-SIAU-al-Congres-dels-Diputats-682x1024.png","articleSection":["Uncategorized"],"inLanguage":"ca"},{"@type":"WebPage","@id":"https:\/\/www.siau.cat\/index.php\/2025\/06\/20\/siau-irromp-al-congres-dels-diputats-reunions-amb-els-diputats-concentracio-i-denuncia-massiva-de-la-temporalitat-i-atac-al-catala-a-les-illes\/","url":"https:\/\/www.siau.cat\/index.php\/2025\/06\/20\/siau-irromp-al-congres-dels-diputats-reunions-amb-els-diputats-concentracio-i-denuncia-massiva-de-la-temporalitat-i-atac-al-catala-a-les-illes\/","name":"SIAU irromp al Congr\u00e9s dels Diputats: reunions amb els diputats, concentraci\u00f3 i den\u00fancia massiva de la temporalitat i atac al catal\u00e0 a les Illes &#8212; SIAU - SINDICAT INDEPENDENT, AUT\u00d2NOM I UNITARI","isPartOf":{"@id":"https:\/\/www.siau.cat\/#website"},"primaryImageOfPage":{"@id":"https:\/\/www.siau.cat\/index.php\/2025\/06\/20\/siau-irromp-al-congres-dels-diputats-reunions-amb-els-diputats-concentracio-i-denuncia-massiva-de-la-temporalitat-i-atac-al-catala-a-les-illes\/#primaryimage"},"image":{"@id":"https:\/\/www.siau.cat\/index.php\/2025\/06\/20\/siau-irromp-al-congres-dels-diputats-reunions-amb-els-diputats-concentracio-i-denuncia-massiva-de-la-temporalitat-i-atac-al-catala-a-les-illes\/#primaryimage"},"thumbnailUrl":"https:\/\/www.siau.cat\/wp-content\/uploads\/2025\/06\/Reunions-SIAU-al-Congres-dels-Diputats-682x1024.png","datePublished":"2025-06-20T10:03:32+00:00","dateModified":"2025-06-20T10:03:37+00:00","breadcrumb":{"@id":"https:\/\/www.siau.cat\/index.php\/2025\/06\/20\/siau-irromp-al-congres-dels-diputats-reunions-amb-els-diputats-concentracio-i-denuncia-massiva-de-la-temporalitat-i-atac-al-catala-a-les-illes\/#breadcrumb"},"inLanguage":"ca","potentialAction":[{"@type":"ReadAction","target":["https:\/\/www.siau.cat\/index.php\/2025\/06\/20\/siau-irromp-al-congres-dels-diputats-reunions-amb-els-diputats-concentracio-i-denuncia-massiva-de-la-temporalitat-i-atac-al-catala-a-les-illes\/"]}]},{"@type":"ImageObject","inLanguage":"ca","@id":"https:\/\/www.siau.cat\/index.php\/2025\/06\/20\/siau-irromp-al-congres-dels-diputats-reunions-amb-els-diputats-concentracio-i-denuncia-massiva-de-la-temporalitat-i-atac-al-catala-a-les-illes\/#primaryimage","url":"https:\/\/www.siau.cat\/wp-content\/uploads\/2025\/06\/Reunions-SIAU-al-Congres-dels-Diputats.png","contentUrl":"https:\/\/www.siau.cat\/wp-content\/uploads\/2025\/06\/Reunions-SIAU-al-Congres-dels-Diputats.png","width":1333,"height":2000},{"@type":"BreadcrumbList","@id":"https:\/\/www.siau.cat\/index.php\/2025\/06\/20\/siau-irromp-al-congres-dels-diputats-reunions-amb-els-diputats-concentracio-i-denuncia-massiva-de-la-temporalitat-i-atac-al-catala-a-les-illes\/#breadcrumb","itemListElement":[{"@type":"ListItem","position":1,"name":"Inici","item":"https:\/\/www.siau.cat\/"},{"@type":"ListItem","position":2,"name":"SIAU irromp al Congr\u00e9s dels Diputats: reunions amb els diputats, concentraci\u00f3 i den\u00fancia massiva de la temporalitat i atac al catal\u00e0 a les Illes"}]},{"@type":"WebSite","@id":"https:\/\/www.siau.cat\/#website","url":"https:\/\/www.siau.cat\/","name":"SIAU - SINDICAT INDEPENDENT, AUT\u00d2NOM I UNITARI","description":"Ara s&iacute; que tenim la veu","publisher":{"@id":"https:\/\/www.siau.cat\/#organization"},"potentialAction":[{"@type":"SearchAction","target":{"@type":"EntryPoint","urlTemplate":"https:\/\/www.siau.cat\/?s={search_term_string}"},"query-input":{"@type":"PropertyValueSpecification","valueRequired":true,"valueName":"search_term_string"}}],"inLanguage":"ca"},{"@type":"Organization","@id":"https:\/\/www.siau.cat\/#organization","name":"SIAU","url":"https:\/\/www.siau.cat\/","logo":{"@type":"ImageObject","inLanguage":"ca","@id":"https:\/\/www.siau.cat\/#\/schema\/logo\/image\/","url":"https:\/\/www.siau.cat\/wp-content\/uploads\/2022\/03\/cropped-resized_LOGO-SIAU-5-e1652020847972.jpg","contentUrl":"https:\/\/www.siau.cat\/wp-content\/uploads\/2022\/03\/cropped-resized_LOGO-SIAU-5-e1652020847972.jpg","width":1600,"height":1200,"caption":"SIAU"},"image":{"@id":"https:\/\/www.siau.cat\/#\/schema\/logo\/image\/"}},{"@type":"Person","@id":"https:\/\/www.siau.cat\/#\/schema\/person\/810c15694a7e538934bb4be53ebcba0d","name":"admin","image":{"@type":"ImageObject","inLanguage":"ca","@id":"https:\/\/www.siau.cat\/#\/schema\/person\/image\/","url":"https:\/\/www.siau.cat\/wp-content\/litespeed\/avatar\/d73ebfac3daa0b52552b2ccea63469da.jpg?ver=1777403609","contentUrl":"https:\/\/www.siau.cat\/wp-content\/litespeed\/avatar\/d73ebfac3daa0b52552b2ccea63469da.jpg?ver=1777403609","caption":"admin"},"sameAs":["https:\/\/www.siau.cat"],"url":"https:\/\/www.siau.cat\/index.php\/author\/admin\/"}]}},"jetpack_featured_media_url":"","jetpack_sharing_enabled":true,"_links":{"self":[{"href":"https:\/\/www.siau.cat\/index.php\/wp-json\/wp\/v2\/posts\/1915","targetHints":{"allow":["GET"]}}],"collection":[{"href":"https:\/\/www.siau.cat\/index.php\/wp-json\/wp\/v2\/posts"}],"about":[{"href":"https:\/\/www.siau.cat\/index.php\/wp-json\/wp\/v2\/types\/post"}],"author":[{"embeddable":true,"href":"https:\/\/www.siau.cat\/index.php\/wp-json\/wp\/v2\/users\/1"}],"replies":[{"embeddable":true,"href":"https:\/\/www.siau.cat\/index.php\/wp-json\/wp\/v2\/comments?post=1915"}],"version-history":[{"count":1,"href":"https:\/\/www.siau.cat\/index.php\/wp-json\/wp\/v2\/posts\/1915\/revisions"}],"predecessor-version":[{"id":1917,"href":"https:\/\/www.siau.cat\/index.php\/wp-json\/wp\/v2\/posts\/1915\/revisions\/1917"}],"wp:attachment":[{"href":"https:\/\/www.siau.cat\/index.php\/wp-json\/wp\/v2\/media?parent=1915"}],"wp:term":[{"taxonomy":"category","embeddable":true,"href":"https:\/\/www.siau.cat\/index.php\/wp-json\/wp\/v2\/categories?post=1915"},{"taxonomy":"post_tag","embeddable":true,"href":"https:\/\/www.siau.cat\/index.php\/wp-json\/wp\/v2\/tags?post=1915"}],"curies":[{"name":"wp","href":"https:\/\/api.w.org\/{rel}","templated":true}]}}