{"id":1923,"date":"2025-06-25T20:36:09","date_gmt":"2025-06-25T20:36:09","guid":{"rendered":"https:\/\/www.siau.cat\/?p=1923"},"modified":"2025-06-25T20:36:15","modified_gmt":"2025-06-25T20:36:15","slug":"siau-crida-contra-el-desmantellament-de-lescola-publica","status":"publish","type":"post","link":"https:\/\/www.siau.cat\/index.php\/2025\/06\/25\/siau-crida-contra-el-desmantellament-de-lescola-publica\/","title":{"rendered":"SIAU crida contra el desmantellament de l\u2019escola p\u00fablica"},"content":{"rendered":"\n<figure class=\"wp-block-image size-full\"><img loading=\"lazy\" decoding=\"async\" width=\"827\" height=\"749\" src=\"https:\/\/www.siau.cat\/wp-content\/uploads\/2025\/06\/01.png\" alt=\"\" class=\"wp-image-1924\" srcset=\"https:\/\/www.siau.cat\/wp-content\/uploads\/2025\/06\/01.png 827w, https:\/\/www.siau.cat\/wp-content\/uploads\/2025\/06\/01-300x272.png 300w, https:\/\/www.siau.cat\/wp-content\/uploads\/2025\/06\/01-768x696.png 768w, https:\/\/www.siau.cat\/wp-content\/uploads\/2025\/06\/01-24x22.png 24w, https:\/\/www.siau.cat\/wp-content\/uploads\/2025\/06\/01-36x33.png 36w, https:\/\/www.siau.cat\/wp-content\/uploads\/2025\/06\/01-48x43.png 48w, https:\/\/www.siau.cat\/wp-content\/uploads\/2025\/06\/01-350x317.png 350w\" sizes=\"auto, (max-width: 767px) 89vw, (max-width: 1000px) 54vw, (max-width: 1071px) 543px, 580px\" \/><\/figure>\n\n\n\n<p>Avui horabaixa <strong>ens hem concentrat a la pla\u00e7a de Par\u00eds de Palma en defensa de l\u2019escola p\u00fablica<\/strong>, una mobilitzaci\u00f3 que ha reunit centenars de persones \u2014docents, fam\u00edlies i alumnat\u2014 que hem dit prou a la p\u00e8rdua progressiva de places educatives p\u00fabliques a les Illes Balears.<\/p>\n\n\n\n<p>Des de SIAU denunciam que la pol\u00edtica actual de la Conselleria d\u2019Educaci\u00f3 suposa un <strong>atac frontal al dret a una educaci\u00f3 p\u00fablica, de qualitat i de proximitat<\/strong>, com s\u2019est\u00e0 evidenciant amb casos greus com el tancament de l\u2019IES Polit\u00e8cnic, el rebuig d\u2019una nova unitat al CEIP Castell de Santa \u00c0gueda o la reconversi\u00f3 for\u00e7ada del CEIP Felip Bau\u00e7\u00e0.<\/p>\n\n\n\n<figure class=\"wp-block-image size-large\"><img loading=\"lazy\" decoding=\"async\" width=\"1024\" height=\"935\" src=\"https:\/\/www.siau.cat\/wp-content\/uploads\/2025\/06\/02-1024x935.png\" alt=\"\" class=\"wp-image-1925\" srcset=\"https:\/\/www.siau.cat\/wp-content\/uploads\/2025\/06\/02-1024x935.png 1024w, https:\/\/www.siau.cat\/wp-content\/uploads\/2025\/06\/02-300x274.png 300w, https:\/\/www.siau.cat\/wp-content\/uploads\/2025\/06\/02-768x701.png 768w, https:\/\/www.siau.cat\/wp-content\/uploads\/2025\/06\/02-24x22.png 24w, https:\/\/www.siau.cat\/wp-content\/uploads\/2025\/06\/02-36x33.png 36w, https:\/\/www.siau.cat\/wp-content\/uploads\/2025\/06\/02-48x44.png 48w, https:\/\/www.siau.cat\/wp-content\/uploads\/2025\/06\/02-350x319.png 350w, https:\/\/www.siau.cat\/wp-content\/uploads\/2025\/06\/02.png 1087w\" sizes=\"auto, (max-width: 767px) 89vw, (max-width: 1000px) 54vw, (max-width: 1071px) 543px, 580px\" \/><\/figure>\n\n\n\n<p>Aquesta realitat no \u00e9s un cas a\u00efllat sin\u00f3 el reflex d\u2019un <strong>proc\u00e9s sistem\u00e0tic de desmantellament silenci\u00f3s de la xarxa p\u00fablica<\/strong>, mentre es facilita el creixement de la xarxa concertada (que \u00e9s d&#8217;on provenen els dirigents pol\u00edtics de l&#8217;actual Conselleria d&#8217;Educaci\u00f3). S&#8217;est\u00e0 degradant el sistema p\u00fablic intencionadament, oblidant que l\u2019educaci\u00f3 \u00e9s un dret fonamental, no un negoci.<\/p>\n\n\n\n<figure class=\"wp-block-image size-large\"><img loading=\"lazy\" decoding=\"async\" width=\"1024\" height=\"768\" src=\"https:\/\/www.siau.cat\/wp-content\/uploads\/2025\/06\/03-1024x768.jpg\" alt=\"\" class=\"wp-image-1926\" srcset=\"https:\/\/www.siau.cat\/wp-content\/uploads\/2025\/06\/03-1024x768.jpg 1024w, https:\/\/www.siau.cat\/wp-content\/uploads\/2025\/06\/03-300x225.jpg 300w, https:\/\/www.siau.cat\/wp-content\/uploads\/2025\/06\/03-768x576.jpg 768w, https:\/\/www.siau.cat\/wp-content\/uploads\/2025\/06\/03-1536x1152.jpg 1536w, https:\/\/www.siau.cat\/wp-content\/uploads\/2025\/06\/03-24x18.jpg 24w, https:\/\/www.siau.cat\/wp-content\/uploads\/2025\/06\/03-36x27.jpg 36w, https:\/\/www.siau.cat\/wp-content\/uploads\/2025\/06\/03-48x36.jpg 48w, https:\/\/www.siau.cat\/wp-content\/uploads\/2025\/06\/03-350x263.jpg 350w, https:\/\/www.siau.cat\/wp-content\/uploads\/2025\/06\/03.jpg 1600w\" sizes=\"auto, (max-width: 767px) 89vw, (max-width: 1000px) 54vw, (max-width: 1071px) 543px, 580px\" \/><\/figure>\n\n\n\n<figure class=\"wp-block-image size-large\"><img loading=\"lazy\" decoding=\"async\" width=\"1024\" height=\"768\" src=\"https:\/\/www.siau.cat\/wp-content\/uploads\/2025\/06\/04-1024x768.jpg\" alt=\"\" class=\"wp-image-1927\" srcset=\"https:\/\/www.siau.cat\/wp-content\/uploads\/2025\/06\/04-1024x768.jpg 1024w, https:\/\/www.siau.cat\/wp-content\/uploads\/2025\/06\/04-300x225.jpg 300w, https:\/\/www.siau.cat\/wp-content\/uploads\/2025\/06\/04-768x576.jpg 768w, https:\/\/www.siau.cat\/wp-content\/uploads\/2025\/06\/04-1536x1152.jpg 1536w, https:\/\/www.siau.cat\/wp-content\/uploads\/2025\/06\/04-24x18.jpg 24w, https:\/\/www.siau.cat\/wp-content\/uploads\/2025\/06\/04-36x27.jpg 36w, https:\/\/www.siau.cat\/wp-content\/uploads\/2025\/06\/04-48x36.jpg 48w, https:\/\/www.siau.cat\/wp-content\/uploads\/2025\/06\/04-350x263.jpg 350w, https:\/\/www.siau.cat\/wp-content\/uploads\/2025\/06\/04.jpg 2048w\" sizes=\"auto, (max-width: 767px) 89vw, (max-width: 1000px) 54vw, (max-width: 1071px) 543px, 580px\" \/><\/figure>\n\n\n\n<p><strong>Els efectes ja s\u00f3n visibles<\/strong>: massificaci\u00f3 escolar, projectes educatius alterats, barris sencers sense oferta educativa suficient, i centenars de fam\u00edlies sense opci\u00f3 de matricular els seus infants a una escola p\u00fablica del seu entorn.<\/p>\n\n\n\n<p>Per tot aix\u00f2, <strong>exigim al Govern balear i a la Conselleria d\u2019Educaci\u00f3 que rectifiquin immediatament <\/strong>aquesta nefasta l\u00ednia de gesti\u00f3 i que compleixin amb les obligacions establertes a la Llei d\u2019Educaci\u00f3 de les Illes Balears (LEIB), en especial l\u2019article 104, que estableix el dret a una xarxa p\u00fablica forta, propera i suficient.<\/p>\n\n\n\n<figure class=\"wp-block-image size-large\"><img loading=\"lazy\" decoding=\"async\" width=\"768\" height=\"1024\" src=\"https:\/\/www.siau.cat\/wp-content\/uploads\/2025\/06\/05-768x1024.jpg\" alt=\"\" class=\"wp-image-1928\" srcset=\"https:\/\/www.siau.cat\/wp-content\/uploads\/2025\/06\/05-768x1024.jpg 768w, https:\/\/www.siau.cat\/wp-content\/uploads\/2025\/06\/05-225x300.jpg 225w, https:\/\/www.siau.cat\/wp-content\/uploads\/2025\/06\/05-1152x1536.jpg 1152w, https:\/\/www.siau.cat\/wp-content\/uploads\/2025\/06\/05-18x24.jpg 18w, https:\/\/www.siau.cat\/wp-content\/uploads\/2025\/06\/05-27x36.jpg 27w, https:\/\/www.siau.cat\/wp-content\/uploads\/2025\/06\/05-36x48.jpg 36w, https:\/\/www.siau.cat\/wp-content\/uploads\/2025\/06\/05-350x467.jpg 350w, https:\/\/www.siau.cat\/wp-content\/uploads\/2025\/06\/05.jpg 1200w\" sizes=\"auto, (max-width: 767px) 89vw, (max-width: 1000px) 54vw, (max-width: 1071px) 543px, 580px\" \/><\/figure>\n\n\n\n<figure class=\"wp-block-image size-large\"><img loading=\"lazy\" decoding=\"async\" width=\"1024\" height=\"683\" src=\"https:\/\/www.siau.cat\/wp-content\/uploads\/2025\/06\/06-1024x683.jpg\" alt=\"\" class=\"wp-image-1929\" srcset=\"https:\/\/www.siau.cat\/wp-content\/uploads\/2025\/06\/06-1024x683.jpg 1024w, https:\/\/www.siau.cat\/wp-content\/uploads\/2025\/06\/06-300x200.jpg 300w, https:\/\/www.siau.cat\/wp-content\/uploads\/2025\/06\/06-768x512.jpg 768w, https:\/\/www.siau.cat\/wp-content\/uploads\/2025\/06\/06-1536x1024.jpg 1536w, https:\/\/www.siau.cat\/wp-content\/uploads\/2025\/06\/06-24x16.jpg 24w, https:\/\/www.siau.cat\/wp-content\/uploads\/2025\/06\/06-36x24.jpg 36w, https:\/\/www.siau.cat\/wp-content\/uploads\/2025\/06\/06-48x32.jpg 48w, https:\/\/www.siau.cat\/wp-content\/uploads\/2025\/06\/06-350x233.jpg 350w, https:\/\/www.siau.cat\/wp-content\/uploads\/2025\/06\/06.jpg 1600w\" sizes=\"auto, (max-width: 767px) 89vw, (max-width: 1000px) 54vw, (max-width: 1071px) 543px, 580px\" \/><\/figure>\n\n\n\n<p>Continuarem mobilitzats i organitzats, al costat de la comunitat educativa, perqu\u00e8 <strong>la p\u00fablica no es toca<\/strong>. Cal una aposta real per una educaci\u00f3 que garanteixi equitat, cohesi\u00f3 social i igualtat d\u2019oportunitats per a tot l\u2019alumnat de les Illes Balears.<\/p>\n\n\n\n<figure class=\"wp-block-image size-large\"><img loading=\"lazy\" decoding=\"async\" width=\"1024\" height=\"683\" src=\"https:\/\/www.siau.cat\/wp-content\/uploads\/2025\/06\/07-1024x683.jpg\" alt=\"\" class=\"wp-image-1930\" srcset=\"https:\/\/www.siau.cat\/wp-content\/uploads\/2025\/06\/07-1024x683.jpg 1024w, https:\/\/www.siau.cat\/wp-content\/uploads\/2025\/06\/07-300x200.jpg 300w, https:\/\/www.siau.cat\/wp-content\/uploads\/2025\/06\/07-768x512.jpg 768w, https:\/\/www.siau.cat\/wp-content\/uploads\/2025\/06\/07-1536x1024.jpg 1536w, https:\/\/www.siau.cat\/wp-content\/uploads\/2025\/06\/07-24x16.jpg 24w, https:\/\/www.siau.cat\/wp-content\/uploads\/2025\/06\/07-36x24.jpg 36w, https:\/\/www.siau.cat\/wp-content\/uploads\/2025\/06\/07-48x32.jpg 48w, https:\/\/www.siau.cat\/wp-content\/uploads\/2025\/06\/07-350x233.jpg 350w, https:\/\/www.siau.cat\/wp-content\/uploads\/2025\/06\/07.jpg 1600w\" sizes=\"auto, (max-width: 767px) 89vw, (max-width: 1000px) 54vw, (max-width: 1071px) 543px, 580px\" \/><\/figure>\n\n\n\n<figure class=\"wp-block-image size-full\"><img loading=\"lazy\" decoding=\"async\" width=\"840\" height=\"581\" src=\"https:\/\/www.siau.cat\/wp-content\/uploads\/2025\/06\/08.png\" alt=\"\" class=\"wp-image-1931\" srcset=\"https:\/\/www.siau.cat\/wp-content\/uploads\/2025\/06\/08.png 840w, https:\/\/www.siau.cat\/wp-content\/uploads\/2025\/06\/08-300x208.png 300w, https:\/\/www.siau.cat\/wp-content\/uploads\/2025\/06\/08-768x531.png 768w, https:\/\/www.siau.cat\/wp-content\/uploads\/2025\/06\/08-24x17.png 24w, https:\/\/www.siau.cat\/wp-content\/uploads\/2025\/06\/08-36x25.png 36w, https:\/\/www.siau.cat\/wp-content\/uploads\/2025\/06\/08-48x33.png 48w, https:\/\/www.siau.cat\/wp-content\/uploads\/2025\/06\/08-350x242.png 350w\" sizes=\"auto, (max-width: 767px) 89vw, (max-width: 1000px) 54vw, (max-width: 1071px) 543px, 580px\" \/><\/figure>\n","protected":false},"excerpt":{"rendered":"<p>Avui horabaixa ens hem concentrat a la pla\u00e7a de Par\u00eds de Palma en defensa de l\u2019escola p\u00fablica, una mobilitzaci\u00f3 que ha reunit centenars de persones \u2014docents, fam\u00edlies i alumnat\u2014 que hem dit prou a la p\u00e8rdua progressiva de places educatives p\u00fabliques a les Illes Balears. Des de SIAU denunciam que la pol\u00edtica actual de la &hellip; <\/p>\n<p class=\"link-more\"><a href=\"https:\/\/www.siau.cat\/index.php\/2025\/06\/25\/siau-crida-contra-el-desmantellament-de-lescola-publica\/\" class=\"more-link\">Continua llegint <span class=\"screen-reader-text\">\u00abSIAU crida contra el desmantellament de l\u2019escola p\u00fablica\u00bb<\/span><\/a><\/p>\n","protected":false},"author":1,"featured_media":0,"comment_status":"closed","ping_status":"open","sticky":false,"template":"","format":"standard","meta":{"_jetpack_memberships_contains_paid_content":false,"footnotes":""},"categories":[1],"tags":[],"class_list":["post-1923","post","type-post","status-publish","format-standard","hentry","category-uncategorized"],"yoast_head":"<!-- This site is optimized with the Yoast SEO plugin v25.4 - https:\/\/yoast.com\/wordpress\/plugins\/seo\/ -->\n<title>SIAU crida contra el desmantellament de l\u2019escola p\u00fablica &#8212; SIAU - SINDICAT INDEPENDENT, AUT\u00d2NOM I UNITARI<\/title>\n<meta name=\"robots\" content=\"index, follow, max-snippet:-1, max-image-preview:large, max-video-preview:-1\" \/>\n<link rel=\"canonical\" href=\"https:\/\/www.siau.cat\/index.php\/2025\/06\/25\/siau-crida-contra-el-desmantellament-de-lescola-publica\/\" \/>\n<meta property=\"og:locale\" content=\"ca_ES\" \/>\n<meta property=\"og:type\" content=\"article\" \/>\n<meta property=\"og:title\" content=\"SIAU crida contra el desmantellament de l\u2019escola p\u00fablica &#8212; SIAU - SINDICAT INDEPENDENT, AUT\u00d2NOM I UNITARI\" \/>\n<meta property=\"og:description\" content=\"Avui horabaixa ens hem concentrat a la pla\u00e7a de Par\u00eds de Palma en defensa de l\u2019escola p\u00fablica, una mobilitzaci\u00f3 que ha reunit centenars de persones \u2014docents, fam\u00edlies i alumnat\u2014 que hem dit prou a la p\u00e8rdua progressiva de places educatives p\u00fabliques a les Illes Balears. Des de SIAU denunciam que la pol\u00edtica actual de la &hellip; Continua llegint \u00abSIAU crida contra el desmantellament de l\u2019escola p\u00fablica\u00bb\" \/>\n<meta property=\"og:url\" content=\"https:\/\/www.siau.cat\/index.php\/2025\/06\/25\/siau-crida-contra-el-desmantellament-de-lescola-publica\/\" \/>\n<meta property=\"og:site_name\" content=\"SIAU - SINDICAT INDEPENDENT, AUT\u00d2NOM I UNITARI\" \/>\n<meta property=\"article:published_time\" content=\"2025-06-25T20:36:09+00:00\" \/>\n<meta property=\"article:modified_time\" content=\"2025-06-25T20:36:15+00:00\" \/>\n<meta property=\"og:image\" content=\"https:\/\/www.siau.cat\/wp-content\/uploads\/2025\/06\/01.png\" \/>\n\t<meta property=\"og:image:width\" content=\"827\" \/>\n\t<meta property=\"og:image:height\" content=\"749\" \/>\n\t<meta property=\"og:image:type\" content=\"image\/png\" \/>\n<meta name=\"author\" content=\"admin\" \/>\n<meta name=\"twitter:card\" content=\"summary_large_image\" \/>\n<meta name=\"twitter:label1\" content=\"Escrit per\" \/>\n\t<meta name=\"twitter:data1\" content=\"admin\" \/>\n\t<meta name=\"twitter:label2\" content=\"Temps estimat de lectura\" \/>\n\t<meta name=\"twitter:data2\" content=\"4 minuts\" \/>\n<script type=\"application\/ld+json\" class=\"yoast-schema-graph\">{\"@context\":\"https:\/\/schema.org\",\"@graph\":[{\"@type\":\"Article\",\"@id\":\"https:\/\/www.siau.cat\/index.php\/2025\/06\/25\/siau-crida-contra-el-desmantellament-de-lescola-publica\/#article\",\"isPartOf\":{\"@id\":\"https:\/\/www.siau.cat\/index.php\/2025\/06\/25\/siau-crida-contra-el-desmantellament-de-lescola-publica\/\"},\"author\":{\"name\":\"admin\",\"@id\":\"https:\/\/www.siau.cat\/#\/schema\/person\/810c15694a7e538934bb4be53ebcba0d\"},\"headline\":\"SIAU crida contra el desmantellament de l\u2019escola p\u00fablica\",\"datePublished\":\"2025-06-25T20:36:09+00:00\",\"dateModified\":\"2025-06-25T20:36:15+00:00\",\"mainEntityOfPage\":{\"@id\":\"https:\/\/www.siau.cat\/index.php\/2025\/06\/25\/siau-crida-contra-el-desmantellament-de-lescola-publica\/\"},\"wordCount\":332,\"publisher\":{\"@id\":\"https:\/\/www.siau.cat\/#organization\"},\"image\":{\"@id\":\"https:\/\/www.siau.cat\/index.php\/2025\/06\/25\/siau-crida-contra-el-desmantellament-de-lescola-publica\/#primaryimage\"},\"thumbnailUrl\":\"https:\/\/www.siau.cat\/wp-content\/uploads\/2025\/06\/01.png\",\"articleSection\":[\"Uncategorized\"],\"inLanguage\":\"ca\"},{\"@type\":\"WebPage\",\"@id\":\"https:\/\/www.siau.cat\/index.php\/2025\/06\/25\/siau-crida-contra-el-desmantellament-de-lescola-publica\/\",\"url\":\"https:\/\/www.siau.cat\/index.php\/2025\/06\/25\/siau-crida-contra-el-desmantellament-de-lescola-publica\/\",\"name\":\"SIAU crida contra el desmantellament de l\u2019escola p\u00fablica &#8212; SIAU - SINDICAT INDEPENDENT, AUT\u00d2NOM I UNITARI\",\"isPartOf\":{\"@id\":\"https:\/\/www.siau.cat\/#website\"},\"primaryImageOfPage\":{\"@id\":\"https:\/\/www.siau.cat\/index.php\/2025\/06\/25\/siau-crida-contra-el-desmantellament-de-lescola-publica\/#primaryimage\"},\"image\":{\"@id\":\"https:\/\/www.siau.cat\/index.php\/2025\/06\/25\/siau-crida-contra-el-desmantellament-de-lescola-publica\/#primaryimage\"},\"thumbnailUrl\":\"https:\/\/www.siau.cat\/wp-content\/uploads\/2025\/06\/01.png\",\"datePublished\":\"2025-06-25T20:36:09+00:00\",\"dateModified\":\"2025-06-25T20:36:15+00:00\",\"breadcrumb\":{\"@id\":\"https:\/\/www.siau.cat\/index.php\/2025\/06\/25\/siau-crida-contra-el-desmantellament-de-lescola-publica\/#breadcrumb\"},\"inLanguage\":\"ca\",\"potentialAction\":[{\"@type\":\"ReadAction\",\"target\":[\"https:\/\/www.siau.cat\/index.php\/2025\/06\/25\/siau-crida-contra-el-desmantellament-de-lescola-publica\/\"]}]},{\"@type\":\"ImageObject\",\"inLanguage\":\"ca\",\"@id\":\"https:\/\/www.siau.cat\/index.php\/2025\/06\/25\/siau-crida-contra-el-desmantellament-de-lescola-publica\/#primaryimage\",\"url\":\"https:\/\/www.siau.cat\/wp-content\/uploads\/2025\/06\/01.png\",\"contentUrl\":\"https:\/\/www.siau.cat\/wp-content\/uploads\/2025\/06\/01.png\",\"width\":827,\"height\":749},{\"@type\":\"BreadcrumbList\",\"@id\":\"https:\/\/www.siau.cat\/index.php\/2025\/06\/25\/siau-crida-contra-el-desmantellament-de-lescola-publica\/#breadcrumb\",\"itemListElement\":[{\"@type\":\"ListItem\",\"position\":1,\"name\":\"Inici\",\"item\":\"https:\/\/www.siau.cat\/\"},{\"@type\":\"ListItem\",\"position\":2,\"name\":\"SIAU crida contra el desmantellament de l\u2019escola p\u00fablica\"}]},{\"@type\":\"WebSite\",\"@id\":\"https:\/\/www.siau.cat\/#website\",\"url\":\"https:\/\/www.siau.cat\/\",\"name\":\"SIAU - SINDICAT INDEPENDENT, AUT\u00d2NOM I UNITARI\",\"description\":\"Ara s&iacute; que tenim la veu\",\"publisher\":{\"@id\":\"https:\/\/www.siau.cat\/#organization\"},\"potentialAction\":[{\"@type\":\"SearchAction\",\"target\":{\"@type\":\"EntryPoint\",\"urlTemplate\":\"https:\/\/www.siau.cat\/?s={search_term_string}\"},\"query-input\":{\"@type\":\"PropertyValueSpecification\",\"valueRequired\":true,\"valueName\":\"search_term_string\"}}],\"inLanguage\":\"ca\"},{\"@type\":\"Organization\",\"@id\":\"https:\/\/www.siau.cat\/#organization\",\"name\":\"SIAU\",\"url\":\"https:\/\/www.siau.cat\/\",\"logo\":{\"@type\":\"ImageObject\",\"inLanguage\":\"ca\",\"@id\":\"https:\/\/www.siau.cat\/#\/schema\/logo\/image\/\",\"url\":\"https:\/\/www.siau.cat\/wp-content\/uploads\/2022\/03\/cropped-resized_LOGO-SIAU-5-e1652020847972.jpg\",\"contentUrl\":\"https:\/\/www.siau.cat\/wp-content\/uploads\/2022\/03\/cropped-resized_LOGO-SIAU-5-e1652020847972.jpg\",\"width\":1600,\"height\":1200,\"caption\":\"SIAU\"},\"image\":{\"@id\":\"https:\/\/www.siau.cat\/#\/schema\/logo\/image\/\"}},{\"@type\":\"Person\",\"@id\":\"https:\/\/www.siau.cat\/#\/schema\/person\/810c15694a7e538934bb4be53ebcba0d\",\"name\":\"admin\",\"image\":{\"@type\":\"ImageObject\",\"inLanguage\":\"ca\",\"@id\":\"https:\/\/www.siau.cat\/#\/schema\/person\/image\/\",\"url\":\"https:\/\/www.siau.cat\/wp-content\/litespeed\/avatar\/d73ebfac3daa0b52552b2ccea63469da.jpg?ver=1777403609\",\"contentUrl\":\"https:\/\/www.siau.cat\/wp-content\/litespeed\/avatar\/d73ebfac3daa0b52552b2ccea63469da.jpg?ver=1777403609\",\"caption\":\"admin\"},\"sameAs\":[\"https:\/\/www.siau.cat\"],\"url\":\"https:\/\/www.siau.cat\/index.php\/author\/admin\/\"}]}<\/script>\n<!-- \/ Yoast SEO plugin. -->","yoast_head_json":{"title":"SIAU crida contra el desmantellament de l\u2019escola p\u00fablica &#8212; SIAU - SINDICAT INDEPENDENT, AUT\u00d2NOM I UNITARI","robots":{"index":"index","follow":"follow","max-snippet":"max-snippet:-1","max-image-preview":"max-image-preview:large","max-video-preview":"max-video-preview:-1"},"canonical":"https:\/\/www.siau.cat\/index.php\/2025\/06\/25\/siau-crida-contra-el-desmantellament-de-lescola-publica\/","og_locale":"ca_ES","og_type":"article","og_title":"SIAU crida contra el desmantellament de l\u2019escola p\u00fablica &#8212; SIAU - SINDICAT INDEPENDENT, AUT\u00d2NOM I UNITARI","og_description":"Avui horabaixa ens hem concentrat a la pla\u00e7a de Par\u00eds de Palma en defensa de l\u2019escola p\u00fablica, una mobilitzaci\u00f3 que ha reunit centenars de persones \u2014docents, fam\u00edlies i alumnat\u2014 que hem dit prou a la p\u00e8rdua progressiva de places educatives p\u00fabliques a les Illes Balears. Des de SIAU denunciam que la pol\u00edtica actual de la &hellip; Continua llegint \u00abSIAU crida contra el desmantellament de l\u2019escola p\u00fablica\u00bb","og_url":"https:\/\/www.siau.cat\/index.php\/2025\/06\/25\/siau-crida-contra-el-desmantellament-de-lescola-publica\/","og_site_name":"SIAU - SINDICAT INDEPENDENT, AUT\u00d2NOM I UNITARI","article_published_time":"2025-06-25T20:36:09+00:00","article_modified_time":"2025-06-25T20:36:15+00:00","og_image":[{"width":827,"height":749,"url":"https:\/\/www.siau.cat\/wp-content\/uploads\/2025\/06\/01.png","type":"image\/png"}],"author":"admin","twitter_card":"summary_large_image","twitter_misc":{"Escrit per":"admin","Temps estimat de lectura":"4 minuts"},"schema":{"@context":"https:\/\/schema.org","@graph":[{"@type":"Article","@id":"https:\/\/www.siau.cat\/index.php\/2025\/06\/25\/siau-crida-contra-el-desmantellament-de-lescola-publica\/#article","isPartOf":{"@id":"https:\/\/www.siau.cat\/index.php\/2025\/06\/25\/siau-crida-contra-el-desmantellament-de-lescola-publica\/"},"author":{"name":"admin","@id":"https:\/\/www.siau.cat\/#\/schema\/person\/810c15694a7e538934bb4be53ebcba0d"},"headline":"SIAU crida contra el desmantellament de l\u2019escola p\u00fablica","datePublished":"2025-06-25T20:36:09+00:00","dateModified":"2025-06-25T20:36:15+00:00","mainEntityOfPage":{"@id":"https:\/\/www.siau.cat\/index.php\/2025\/06\/25\/siau-crida-contra-el-desmantellament-de-lescola-publica\/"},"wordCount":332,"publisher":{"@id":"https:\/\/www.siau.cat\/#organization"},"image":{"@id":"https:\/\/www.siau.cat\/index.php\/2025\/06\/25\/siau-crida-contra-el-desmantellament-de-lescola-publica\/#primaryimage"},"thumbnailUrl":"https:\/\/www.siau.cat\/wp-content\/uploads\/2025\/06\/01.png","articleSection":["Uncategorized"],"inLanguage":"ca"},{"@type":"WebPage","@id":"https:\/\/www.siau.cat\/index.php\/2025\/06\/25\/siau-crida-contra-el-desmantellament-de-lescola-publica\/","url":"https:\/\/www.siau.cat\/index.php\/2025\/06\/25\/siau-crida-contra-el-desmantellament-de-lescola-publica\/","name":"SIAU crida contra el desmantellament de l\u2019escola p\u00fablica &#8212; SIAU - SINDICAT INDEPENDENT, AUT\u00d2NOM I UNITARI","isPartOf":{"@id":"https:\/\/www.siau.cat\/#website"},"primaryImageOfPage":{"@id":"https:\/\/www.siau.cat\/index.php\/2025\/06\/25\/siau-crida-contra-el-desmantellament-de-lescola-publica\/#primaryimage"},"image":{"@id":"https:\/\/www.siau.cat\/index.php\/2025\/06\/25\/siau-crida-contra-el-desmantellament-de-lescola-publica\/#primaryimage"},"thumbnailUrl":"https:\/\/www.siau.cat\/wp-content\/uploads\/2025\/06\/01.png","datePublished":"2025-06-25T20:36:09+00:00","dateModified":"2025-06-25T20:36:15+00:00","breadcrumb":{"@id":"https:\/\/www.siau.cat\/index.php\/2025\/06\/25\/siau-crida-contra-el-desmantellament-de-lescola-publica\/#breadcrumb"},"inLanguage":"ca","potentialAction":[{"@type":"ReadAction","target":["https:\/\/www.siau.cat\/index.php\/2025\/06\/25\/siau-crida-contra-el-desmantellament-de-lescola-publica\/"]}]},{"@type":"ImageObject","inLanguage":"ca","@id":"https:\/\/www.siau.cat\/index.php\/2025\/06\/25\/siau-crida-contra-el-desmantellament-de-lescola-publica\/#primaryimage","url":"https:\/\/www.siau.cat\/wp-content\/uploads\/2025\/06\/01.png","contentUrl":"https:\/\/www.siau.cat\/wp-content\/uploads\/2025\/06\/01.png","width":827,"height":749},{"@type":"BreadcrumbList","@id":"https:\/\/www.siau.cat\/index.php\/2025\/06\/25\/siau-crida-contra-el-desmantellament-de-lescola-publica\/#breadcrumb","itemListElement":[{"@type":"ListItem","position":1,"name":"Inici","item":"https:\/\/www.siau.cat\/"},{"@type":"ListItem","position":2,"name":"SIAU crida contra el desmantellament de l\u2019escola p\u00fablica"}]},{"@type":"WebSite","@id":"https:\/\/www.siau.cat\/#website","url":"https:\/\/www.siau.cat\/","name":"SIAU - SINDICAT INDEPENDENT, AUT\u00d2NOM I UNITARI","description":"Ara s&iacute; que tenim la veu","publisher":{"@id":"https:\/\/www.siau.cat\/#organization"},"potentialAction":[{"@type":"SearchAction","target":{"@type":"EntryPoint","urlTemplate":"https:\/\/www.siau.cat\/?s={search_term_string}"},"query-input":{"@type":"PropertyValueSpecification","valueRequired":true,"valueName":"search_term_string"}}],"inLanguage":"ca"},{"@type":"Organization","@id":"https:\/\/www.siau.cat\/#organization","name":"SIAU","url":"https:\/\/www.siau.cat\/","logo":{"@type":"ImageObject","inLanguage":"ca","@id":"https:\/\/www.siau.cat\/#\/schema\/logo\/image\/","url":"https:\/\/www.siau.cat\/wp-content\/uploads\/2022\/03\/cropped-resized_LOGO-SIAU-5-e1652020847972.jpg","contentUrl":"https:\/\/www.siau.cat\/wp-content\/uploads\/2022\/03\/cropped-resized_LOGO-SIAU-5-e1652020847972.jpg","width":1600,"height":1200,"caption":"SIAU"},"image":{"@id":"https:\/\/www.siau.cat\/#\/schema\/logo\/image\/"}},{"@type":"Person","@id":"https:\/\/www.siau.cat\/#\/schema\/person\/810c15694a7e538934bb4be53ebcba0d","name":"admin","image":{"@type":"ImageObject","inLanguage":"ca","@id":"https:\/\/www.siau.cat\/#\/schema\/person\/image\/","url":"https:\/\/www.siau.cat\/wp-content\/litespeed\/avatar\/d73ebfac3daa0b52552b2ccea63469da.jpg?ver=1777403609","contentUrl":"https:\/\/www.siau.cat\/wp-content\/litespeed\/avatar\/d73ebfac3daa0b52552b2ccea63469da.jpg?ver=1777403609","caption":"admin"},"sameAs":["https:\/\/www.siau.cat"],"url":"https:\/\/www.siau.cat\/index.php\/author\/admin\/"}]}},"jetpack_featured_media_url":"","jetpack_sharing_enabled":true,"_links":{"self":[{"href":"https:\/\/www.siau.cat\/index.php\/wp-json\/wp\/v2\/posts\/1923","targetHints":{"allow":["GET"]}}],"collection":[{"href":"https:\/\/www.siau.cat\/index.php\/wp-json\/wp\/v2\/posts"}],"about":[{"href":"https:\/\/www.siau.cat\/index.php\/wp-json\/wp\/v2\/types\/post"}],"author":[{"embeddable":true,"href":"https:\/\/www.siau.cat\/index.php\/wp-json\/wp\/v2\/users\/1"}],"replies":[{"embeddable":true,"href":"https:\/\/www.siau.cat\/index.php\/wp-json\/wp\/v2\/comments?post=1923"}],"version-history":[{"count":1,"href":"https:\/\/www.siau.cat\/index.php\/wp-json\/wp\/v2\/posts\/1923\/revisions"}],"predecessor-version":[{"id":1932,"href":"https:\/\/www.siau.cat\/index.php\/wp-json\/wp\/v2\/posts\/1923\/revisions\/1932"}],"wp:attachment":[{"href":"https:\/\/www.siau.cat\/index.php\/wp-json\/wp\/v2\/media?parent=1923"}],"wp:term":[{"taxonomy":"category","embeddable":true,"href":"https:\/\/www.siau.cat\/index.php\/wp-json\/wp\/v2\/categories?post=1923"},{"taxonomy":"post_tag","embeddable":true,"href":"https:\/\/www.siau.cat\/index.php\/wp-json\/wp\/v2\/tags?post=1923"}],"curies":[{"name":"wp","href":"https:\/\/api.w.org\/{rel}","templated":true}]}}