{"id":1939,"date":"2025-06-27T12:10:42","date_gmt":"2025-06-27T12:10:42","guid":{"rendered":"https:\/\/www.siau.cat\/?p=1939"},"modified":"2025-06-27T20:37:39","modified_gmt":"2025-06-27T20:37:39","slug":"siau-aconsegueix-que-els-interins-que-disposaran-duna-substitucio-per-a-tot-un-curs-escolar-cobrin-lestiu-sencer","status":"publish","type":"post","link":"https:\/\/www.siau.cat\/index.php\/2025\/06\/27\/siau-aconsegueix-que-els-interins-que-disposaran-duna-substitucio-per-a-tot-un-curs-escolar-cobrin-lestiu-sencer\/","title":{"rendered":"SIAU aconsegueix que els interins que disposaran d\u2019una substituci\u00f3 per a tot un curs escolar cobrin l\u2019estiu sencer"},"content":{"rendered":"\n<figure class=\"wp-block-image size-large\"><img loading=\"lazy\" decoding=\"async\" width=\"873\" height=\"1024\" src=\"https:\/\/www.siau.cat\/wp-content\/uploads\/2025\/06\/Calendari-provisional-873x1024.png\" alt=\"\" class=\"wp-image-1940\" srcset=\"https:\/\/www.siau.cat\/wp-content\/uploads\/2025\/06\/Calendari-provisional-873x1024.png 873w, https:\/\/www.siau.cat\/wp-content\/uploads\/2025\/06\/Calendari-provisional-256x300.png 256w, https:\/\/www.siau.cat\/wp-content\/uploads\/2025\/06\/Calendari-provisional-768x901.png 768w, https:\/\/www.siau.cat\/wp-content\/uploads\/2025\/06\/Calendari-provisional-20x24.png 20w, https:\/\/www.siau.cat\/wp-content\/uploads\/2025\/06\/Calendari-provisional-31x36.png 31w, https:\/\/www.siau.cat\/wp-content\/uploads\/2025\/06\/Calendari-provisional-41x48.png 41w, https:\/\/www.siau.cat\/wp-content\/uploads\/2025\/06\/Calendari-provisional-350x411.png 350w, https:\/\/www.siau.cat\/wp-content\/uploads\/2025\/06\/Calendari-provisional.png 1132w\" sizes=\"auto, (max-width: 767px) 89vw, (max-width: 1000px) 54vw, (max-width: 1071px) 543px, 580px\" \/><figcaption class=\"wp-element-caption\">Calendari provisional (encara pot patir canvis) dels col\u00b7lectius obligats a participar en l\u2019adjudicaci\u00f3 de destinacions provisionals i els terminis per realitzar els corresponents tr\u00e0mits<\/figcaption><\/figure>\n\n\n\n<p>SIAU ha aconseguit el comprom\u00eds de la Conselleria que els funcionaris interins que ocupin substitucions d\u2019una durada prevista per a tot un curs escolar, a partir de l\u2019any vinent puguin cobrar l\u2019estiu sencer (concretament fins al 31 d\u2019agost). Si b\u00e9 \u00e9s cert que nosaltres reclamam que ja s\u2019apliqui en aquest i els anteriors cursos escolars, ho consideram un fet positiu. Recordem que la Conselleria d\u2019Educaci\u00f3 va usurpar l\u2019estiu als interins amb una substituci\u00f3 de tot el curs escolar per estalviar-se doblers. Aix\u00ed i tot, no ens conformam i reclamam que s\u2019apliqui amb efectes retroactius i tamb\u00e9 a la resta d\u2019interins que treballen almenys 5 mesos i mig. Si la Conselleria no recula, l\u2019anunci que us fem sortir\u00e0 reflectit al BOIB de la convocat\u00f2ria d\u2019adjudicaci\u00f3 de destinacions provisionals i, amb la seva publicaci\u00f3, es desmuntar\u00e0 una vegada m\u00e9s una de les principals mentides que aquesta administraci\u00f3 ens va voler fer creure: que era il\u00b7legal pagar l\u2019estiu sencer als interins que eren substituts. Nosaltres ja ho advert\u00edrem i pos\u00e0rem exemples d\u2019altres territoris de l\u2019Estat espanyol on aquesta retallada no existia. A la p\u00e0gina 33 del segon esborrany de la convocat\u00f2ria d\u2019adjudicaci\u00f3 de destinacions provisionals que compartim amb vosaltres podreu observar el que apareixer\u00e0 al BOIB de juliol, respecte d\u2019aquest tema, si la Direcci\u00f3 General de Personal Docent i Centres Concertats no recula. Igualment, en el mateix esborrany disposau de l\u2019ordre en qu\u00e8 s\u2019adjudicarien les places als distints col\u00b7lectius i la resta d\u2019aspectes normatius.<\/p>\n\n\n\n<p>Enlla\u00e7: <a href=\"https:\/\/drive.google.com\/file\/d\/1ZLkL_Tv41UieV4lBMu2NO4cnD-7DgD1w\/view?usp=sharing\" target=\"_blank\" rel=\"noreferrer noopener\">https:\/\/drive.google.com\/file\/d\/1ZLkL_Tv41UieV4lBMu2NO4cnD-7DgD1w\/view?usp=sharing<\/a><\/p>\n\n\n\n<figure class=\"wp-block-image size-large\"><img loading=\"lazy\" decoding=\"async\" width=\"1024\" height=\"376\" src=\"https:\/\/www.siau.cat\/wp-content\/uploads\/2025\/06\/SV-fins-al-31-dagost-1024x376.png\" alt=\"\" class=\"wp-image-1941\" srcset=\"https:\/\/www.siau.cat\/wp-content\/uploads\/2025\/06\/SV-fins-al-31-dagost-1024x376.png 1024w, https:\/\/www.siau.cat\/wp-content\/uploads\/2025\/06\/SV-fins-al-31-dagost-300x110.png 300w, https:\/\/www.siau.cat\/wp-content\/uploads\/2025\/06\/SV-fins-al-31-dagost-768x282.png 768w, https:\/\/www.siau.cat\/wp-content\/uploads\/2025\/06\/SV-fins-al-31-dagost-24x9.png 24w, https:\/\/www.siau.cat\/wp-content\/uploads\/2025\/06\/SV-fins-al-31-dagost-36x13.png 36w, https:\/\/www.siau.cat\/wp-content\/uploads\/2025\/06\/SV-fins-al-31-dagost-48x18.png 48w, https:\/\/www.siau.cat\/wp-content\/uploads\/2025\/06\/SV-fins-al-31-dagost-350x128.png 350w, https:\/\/www.siau.cat\/wp-content\/uploads\/2025\/06\/SV-fins-al-31-dagost.png 1526w\" sizes=\"auto, (max-width: 767px) 89vw, (max-width: 1000px) 54vw, (max-width: 1071px) 543px, 580px\" \/><figcaption class=\"wp-element-caption\">Fragment de la p\u00e0gina 33 del segon esborrany de la convocat\u00f2ria d\u2019adjudicaci\u00f3 de destinacions provisionals<\/figcaption><\/figure>\n\n\n\n<p>Com heu vist, tamb\u00e9 hem adjuntat el calendari provisional (encara pot patir canvis) dels col\u00b7lectius obligats a participar en l\u2019adjudicaci\u00f3 de destinacions provisionals i els terminis per realitzar els corresponents tr\u00e0mits.<\/p>\n\n\n\n<p>Finalment, passam a facilitar-vos informaci\u00f3 respecte de l\u2019article 1 de la Llei 20\/2021:<br><br>1. Cessament dels interins amb places V de 3 anys:<br>a) Tots els funcionaris interins amb pla\u00e7a vacant del 2022 cessaran.<\/p>\n\n\n\n<p>b) Si la pla\u00e7a vacant ha estat executada en oposicions del 2023, 2024 o 2025 i no ha estat coberta, llavors es podr\u00e0 oferir als interins com una nova vacant.<\/p>\n\n\n\n<p>2. Cessament dels interins amb places TP de 3 anys:<\/p>\n\n\n\n<p>a) Tots els funcionaris interins amb pla\u00e7a temporal per programes del 2022 cessaran.<\/p>\n\n\n\n<p>b) Si la pla\u00e7a temporal per programes continua amb fons pressupostaris per al seg\u00fcent curs, llavors es reconvertir\u00e0 en una nova pla\u00e7a V.<\/p>\n\n\n\n<p>3. Indemnitzaci\u00f3 per la continu\u00eftat de l\u2019inter\u00ed en una V:<br>a) Si una vacant no ha estat executada en cap oposici\u00f3 2023, 2024, 2025 i en la quota 2025-2026 torna a ser necess\u00e0ria, i \u00e9s ocupada pel mateix inter\u00ed del 2022, llavors aquest t\u00e9 dret a indemnitzaci\u00f3.<br>b) Un funcionari inter\u00ed tindr\u00e0 dret a indemnitzaci\u00f3 si:<\/p>\n\n\n\n<p>i) El funcionari inter\u00ed ocupava una V vacant<\/p>\n\n\n\n<p>ii) El funcionari inter\u00ed es va presentar en els processos selectius d&#8217;estabilitzaci\u00f3 on es convocaven les places de la seva especialitat i no va renunciar<\/p>\n\n\n\n<p>iii) T\u00e9 reconegut l\u2019ab\u00fas de temporalitat<\/p>\n\n\n\n<p>iv) Per temporalitzaci\u00f3<\/p>\n\n\n\n<p>c) Recordem que correspondr\u00e0 una compensaci\u00f3 econ\u00f2mica, equivalent a vint dies de retribucions fixes per any de servei, prorratejant-se per mesos els per\u00edodes de temps inferiors a un any, fins a un m\u00e0xim de dotze mensualitats, per al personal funcionari inter\u00ed o el personal laboral temporal que, estant en actiu com a tal, vei\u00e9s finalitzada la seva relaci\u00f3 amb l&#8217;Administraci\u00f3 per la no superaci\u00f3 del proc\u00e9s selectiu d&#8217;estabilitzaci\u00f3. La no participaci\u00f3 del candidat o candidata en el proc\u00e9s selectiu d&#8217;estabilitzaci\u00f3, com ja hem dit, no donar\u00e0 dret a compensaci\u00f3 econ\u00f2mica en cap cas.<\/p>\n\n\n\n<p>A mesura que passin les setmanes us facilitarem m\u00e9s informaci\u00f3.<\/p>\n","protected":false},"excerpt":{"rendered":"<p>SIAU ha aconseguit el comprom\u00eds de la Conselleria que els funcionaris interins que ocupin substitucions d\u2019una durada prevista per a tot un curs escolar, a partir de l\u2019any vinent puguin cobrar l\u2019estiu sencer (concretament fins al 31 d\u2019agost). Si b\u00e9 \u00e9s cert que nosaltres reclamam que ja s\u2019apliqui en aquest i els anteriors cursos escolars, &hellip; <\/p>\n<p class=\"link-more\"><a href=\"https:\/\/www.siau.cat\/index.php\/2025\/06\/27\/siau-aconsegueix-que-els-interins-que-disposaran-duna-substitucio-per-a-tot-un-curs-escolar-cobrin-lestiu-sencer\/\" class=\"more-link\">Continua llegint <span class=\"screen-reader-text\">\u00abSIAU aconsegueix que els interins que disposaran d\u2019una substituci\u00f3 per a tot un curs escolar cobrin l\u2019estiu sencer\u00bb<\/span><\/a><\/p>\n","protected":false},"author":1,"featured_media":0,"comment_status":"closed","ping_status":"open","sticky":false,"template":"","format":"standard","meta":{"_jetpack_memberships_contains_paid_content":false,"footnotes":""},"categories":[1],"tags":[],"class_list":["post-1939","post","type-post","status-publish","format-standard","hentry","category-uncategorized"],"yoast_head":"<!-- This site is optimized with the Yoast SEO plugin v25.4 - https:\/\/yoast.com\/wordpress\/plugins\/seo\/ -->\n<title>SIAU aconsegueix que els interins que disposaran d\u2019una substituci\u00f3 per a tot un curs escolar cobrin l\u2019estiu sencer &#8212; SIAU - SINDICAT INDEPENDENT, AUT\u00d2NOM I UNITARI<\/title>\n<meta name=\"robots\" content=\"index, follow, max-snippet:-1, max-image-preview:large, max-video-preview:-1\" \/>\n<link rel=\"canonical\" href=\"https:\/\/www.siau.cat\/index.php\/2025\/06\/27\/siau-aconsegueix-que-els-interins-que-disposaran-duna-substitucio-per-a-tot-un-curs-escolar-cobrin-lestiu-sencer\/\" \/>\n<meta property=\"og:locale\" content=\"ca_ES\" \/>\n<meta property=\"og:type\" content=\"article\" \/>\n<meta property=\"og:title\" content=\"SIAU aconsegueix que els interins que disposaran d\u2019una substituci\u00f3 per a tot un curs escolar cobrin l\u2019estiu sencer &#8212; SIAU - SINDICAT INDEPENDENT, AUT\u00d2NOM I UNITARI\" \/>\n<meta property=\"og:description\" content=\"SIAU ha aconseguit el comprom\u00eds de la Conselleria que els funcionaris interins que ocupin substitucions d\u2019una durada prevista per a tot un curs escolar, a partir de l\u2019any vinent puguin cobrar l\u2019estiu sencer (concretament fins al 31 d\u2019agost). Si b\u00e9 \u00e9s cert que nosaltres reclamam que ja s\u2019apliqui en aquest i els anteriors cursos escolars, &hellip; Continua llegint \u00abSIAU aconsegueix que els interins que disposaran d\u2019una substituci\u00f3 per a tot un curs escolar cobrin l\u2019estiu sencer\u00bb\" \/>\n<meta property=\"og:url\" content=\"https:\/\/www.siau.cat\/index.php\/2025\/06\/27\/siau-aconsegueix-que-els-interins-que-disposaran-duna-substitucio-per-a-tot-un-curs-escolar-cobrin-lestiu-sencer\/\" \/>\n<meta property=\"og:site_name\" content=\"SIAU - SINDICAT INDEPENDENT, AUT\u00d2NOM I UNITARI\" \/>\n<meta property=\"article:published_time\" content=\"2025-06-27T12:10:42+00:00\" \/>\n<meta property=\"article:modified_time\" content=\"2025-06-27T20:37:39+00:00\" \/>\n<meta property=\"og:image\" content=\"https:\/\/www.siau.cat\/wp-content\/uploads\/2025\/06\/Calendari-provisional.png\" \/>\n\t<meta property=\"og:image:width\" content=\"1132\" \/>\n\t<meta property=\"og:image:height\" content=\"1328\" \/>\n\t<meta property=\"og:image:type\" content=\"image\/png\" \/>\n<meta name=\"author\" content=\"admin\" \/>\n<meta name=\"twitter:card\" content=\"summary_large_image\" \/>\n<meta name=\"twitter:label1\" content=\"Escrit per\" \/>\n\t<meta name=\"twitter:data1\" content=\"admin\" \/>\n\t<meta name=\"twitter:label2\" content=\"Temps estimat de lectura\" \/>\n\t<meta name=\"twitter:data2\" content=\"4 minuts\" \/>\n<script type=\"application\/ld+json\" class=\"yoast-schema-graph\">{\"@context\":\"https:\/\/schema.org\",\"@graph\":[{\"@type\":\"Article\",\"@id\":\"https:\/\/www.siau.cat\/index.php\/2025\/06\/27\/siau-aconsegueix-que-els-interins-que-disposaran-duna-substitucio-per-a-tot-un-curs-escolar-cobrin-lestiu-sencer\/#article\",\"isPartOf\":{\"@id\":\"https:\/\/www.siau.cat\/index.php\/2025\/06\/27\/siau-aconsegueix-que-els-interins-que-disposaran-duna-substitucio-per-a-tot-un-curs-escolar-cobrin-lestiu-sencer\/\"},\"author\":{\"name\":\"admin\",\"@id\":\"https:\/\/www.siau.cat\/#\/schema\/person\/810c15694a7e538934bb4be53ebcba0d\"},\"headline\":\"SIAU aconsegueix que els interins que disposaran d\u2019una substituci\u00f3 per a tot un curs escolar cobrin l\u2019estiu sencer\",\"datePublished\":\"2025-06-27T12:10:42+00:00\",\"dateModified\":\"2025-06-27T20:37:39+00:00\",\"mainEntityOfPage\":{\"@id\":\"https:\/\/www.siau.cat\/index.php\/2025\/06\/27\/siau-aconsegueix-que-els-interins-que-disposaran-duna-substitucio-per-a-tot-un-curs-escolar-cobrin-lestiu-sencer\/\"},\"wordCount\":701,\"publisher\":{\"@id\":\"https:\/\/www.siau.cat\/#organization\"},\"image\":{\"@id\":\"https:\/\/www.siau.cat\/index.php\/2025\/06\/27\/siau-aconsegueix-que-els-interins-que-disposaran-duna-substitucio-per-a-tot-un-curs-escolar-cobrin-lestiu-sencer\/#primaryimage\"},\"thumbnailUrl\":\"https:\/\/www.siau.cat\/wp-content\/uploads\/2025\/06\/Calendari-provisional-873x1024.png\",\"articleSection\":[\"Uncategorized\"],\"inLanguage\":\"ca\"},{\"@type\":\"WebPage\",\"@id\":\"https:\/\/www.siau.cat\/index.php\/2025\/06\/27\/siau-aconsegueix-que-els-interins-que-disposaran-duna-substitucio-per-a-tot-un-curs-escolar-cobrin-lestiu-sencer\/\",\"url\":\"https:\/\/www.siau.cat\/index.php\/2025\/06\/27\/siau-aconsegueix-que-els-interins-que-disposaran-duna-substitucio-per-a-tot-un-curs-escolar-cobrin-lestiu-sencer\/\",\"name\":\"SIAU aconsegueix que els interins que disposaran d\u2019una substituci\u00f3 per a tot un curs escolar cobrin l\u2019estiu sencer &#8212; SIAU - SINDICAT INDEPENDENT, AUT\u00d2NOM I UNITARI\",\"isPartOf\":{\"@id\":\"https:\/\/www.siau.cat\/#website\"},\"primaryImageOfPage\":{\"@id\":\"https:\/\/www.siau.cat\/index.php\/2025\/06\/27\/siau-aconsegueix-que-els-interins-que-disposaran-duna-substitucio-per-a-tot-un-curs-escolar-cobrin-lestiu-sencer\/#primaryimage\"},\"image\":{\"@id\":\"https:\/\/www.siau.cat\/index.php\/2025\/06\/27\/siau-aconsegueix-que-els-interins-que-disposaran-duna-substitucio-per-a-tot-un-curs-escolar-cobrin-lestiu-sencer\/#primaryimage\"},\"thumbnailUrl\":\"https:\/\/www.siau.cat\/wp-content\/uploads\/2025\/06\/Calendari-provisional-873x1024.png\",\"datePublished\":\"2025-06-27T12:10:42+00:00\",\"dateModified\":\"2025-06-27T20:37:39+00:00\",\"breadcrumb\":{\"@id\":\"https:\/\/www.siau.cat\/index.php\/2025\/06\/27\/siau-aconsegueix-que-els-interins-que-disposaran-duna-substitucio-per-a-tot-un-curs-escolar-cobrin-lestiu-sencer\/#breadcrumb\"},\"inLanguage\":\"ca\",\"potentialAction\":[{\"@type\":\"ReadAction\",\"target\":[\"https:\/\/www.siau.cat\/index.php\/2025\/06\/27\/siau-aconsegueix-que-els-interins-que-disposaran-duna-substitucio-per-a-tot-un-curs-escolar-cobrin-lestiu-sencer\/\"]}]},{\"@type\":\"ImageObject\",\"inLanguage\":\"ca\",\"@id\":\"https:\/\/www.siau.cat\/index.php\/2025\/06\/27\/siau-aconsegueix-que-els-interins-que-disposaran-duna-substitucio-per-a-tot-un-curs-escolar-cobrin-lestiu-sencer\/#primaryimage\",\"url\":\"https:\/\/www.siau.cat\/wp-content\/uploads\/2025\/06\/Calendari-provisional.png\",\"contentUrl\":\"https:\/\/www.siau.cat\/wp-content\/uploads\/2025\/06\/Calendari-provisional.png\",\"width\":1132,\"height\":1328},{\"@type\":\"BreadcrumbList\",\"@id\":\"https:\/\/www.siau.cat\/index.php\/2025\/06\/27\/siau-aconsegueix-que-els-interins-que-disposaran-duna-substitucio-per-a-tot-un-curs-escolar-cobrin-lestiu-sencer\/#breadcrumb\",\"itemListElement\":[{\"@type\":\"ListItem\",\"position\":1,\"name\":\"Inici\",\"item\":\"https:\/\/www.siau.cat\/\"},{\"@type\":\"ListItem\",\"position\":2,\"name\":\"SIAU aconsegueix que els interins que disposaran d\u2019una substituci\u00f3 per a tot un curs escolar cobrin l\u2019estiu sencer\"}]},{\"@type\":\"WebSite\",\"@id\":\"https:\/\/www.siau.cat\/#website\",\"url\":\"https:\/\/www.siau.cat\/\",\"name\":\"SIAU - SINDICAT INDEPENDENT, AUT\u00d2NOM I UNITARI\",\"description\":\"Ara s&iacute; que tenim la veu\",\"publisher\":{\"@id\":\"https:\/\/www.siau.cat\/#organization\"},\"potentialAction\":[{\"@type\":\"SearchAction\",\"target\":{\"@type\":\"EntryPoint\",\"urlTemplate\":\"https:\/\/www.siau.cat\/?s={search_term_string}\"},\"query-input\":{\"@type\":\"PropertyValueSpecification\",\"valueRequired\":true,\"valueName\":\"search_term_string\"}}],\"inLanguage\":\"ca\"},{\"@type\":\"Organization\",\"@id\":\"https:\/\/www.siau.cat\/#organization\",\"name\":\"SIAU\",\"url\":\"https:\/\/www.siau.cat\/\",\"logo\":{\"@type\":\"ImageObject\",\"inLanguage\":\"ca\",\"@id\":\"https:\/\/www.siau.cat\/#\/schema\/logo\/image\/\",\"url\":\"https:\/\/www.siau.cat\/wp-content\/uploads\/2022\/03\/cropped-resized_LOGO-SIAU-5-e1652020847972.jpg\",\"contentUrl\":\"https:\/\/www.siau.cat\/wp-content\/uploads\/2022\/03\/cropped-resized_LOGO-SIAU-5-e1652020847972.jpg\",\"width\":1600,\"height\":1200,\"caption\":\"SIAU\"},\"image\":{\"@id\":\"https:\/\/www.siau.cat\/#\/schema\/logo\/image\/\"}},{\"@type\":\"Person\",\"@id\":\"https:\/\/www.siau.cat\/#\/schema\/person\/810c15694a7e538934bb4be53ebcba0d\",\"name\":\"admin\",\"image\":{\"@type\":\"ImageObject\",\"inLanguage\":\"ca\",\"@id\":\"https:\/\/www.siau.cat\/#\/schema\/person\/image\/\",\"url\":\"https:\/\/www.siau.cat\/wp-content\/litespeed\/avatar\/d73ebfac3daa0b52552b2ccea63469da.jpg?ver=1777403609\",\"contentUrl\":\"https:\/\/www.siau.cat\/wp-content\/litespeed\/avatar\/d73ebfac3daa0b52552b2ccea63469da.jpg?ver=1777403609\",\"caption\":\"admin\"},\"sameAs\":[\"https:\/\/www.siau.cat\"],\"url\":\"https:\/\/www.siau.cat\/index.php\/author\/admin\/\"}]}<\/script>\n<!-- \/ Yoast SEO plugin. -->","yoast_head_json":{"title":"SIAU aconsegueix que els interins que disposaran d\u2019una substituci\u00f3 per a tot un curs escolar cobrin l\u2019estiu sencer &#8212; SIAU - SINDICAT INDEPENDENT, AUT\u00d2NOM I UNITARI","robots":{"index":"index","follow":"follow","max-snippet":"max-snippet:-1","max-image-preview":"max-image-preview:large","max-video-preview":"max-video-preview:-1"},"canonical":"https:\/\/www.siau.cat\/index.php\/2025\/06\/27\/siau-aconsegueix-que-els-interins-que-disposaran-duna-substitucio-per-a-tot-un-curs-escolar-cobrin-lestiu-sencer\/","og_locale":"ca_ES","og_type":"article","og_title":"SIAU aconsegueix que els interins que disposaran d\u2019una substituci\u00f3 per a tot un curs escolar cobrin l\u2019estiu sencer &#8212; SIAU - SINDICAT INDEPENDENT, AUT\u00d2NOM I UNITARI","og_description":"SIAU ha aconseguit el comprom\u00eds de la Conselleria que els funcionaris interins que ocupin substitucions d\u2019una durada prevista per a tot un curs escolar, a partir de l\u2019any vinent puguin cobrar l\u2019estiu sencer (concretament fins al 31 d\u2019agost). Si b\u00e9 \u00e9s cert que nosaltres reclamam que ja s\u2019apliqui en aquest i els anteriors cursos escolars, &hellip; Continua llegint \u00abSIAU aconsegueix que els interins que disposaran d\u2019una substituci\u00f3 per a tot un curs escolar cobrin l\u2019estiu sencer\u00bb","og_url":"https:\/\/www.siau.cat\/index.php\/2025\/06\/27\/siau-aconsegueix-que-els-interins-que-disposaran-duna-substitucio-per-a-tot-un-curs-escolar-cobrin-lestiu-sencer\/","og_site_name":"SIAU - SINDICAT INDEPENDENT, AUT\u00d2NOM I UNITARI","article_published_time":"2025-06-27T12:10:42+00:00","article_modified_time":"2025-06-27T20:37:39+00:00","og_image":[{"width":1132,"height":1328,"url":"https:\/\/www.siau.cat\/wp-content\/uploads\/2025\/06\/Calendari-provisional.png","type":"image\/png"}],"author":"admin","twitter_card":"summary_large_image","twitter_misc":{"Escrit per":"admin","Temps estimat de lectura":"4 minuts"},"schema":{"@context":"https:\/\/schema.org","@graph":[{"@type":"Article","@id":"https:\/\/www.siau.cat\/index.php\/2025\/06\/27\/siau-aconsegueix-que-els-interins-que-disposaran-duna-substitucio-per-a-tot-un-curs-escolar-cobrin-lestiu-sencer\/#article","isPartOf":{"@id":"https:\/\/www.siau.cat\/index.php\/2025\/06\/27\/siau-aconsegueix-que-els-interins-que-disposaran-duna-substitucio-per-a-tot-un-curs-escolar-cobrin-lestiu-sencer\/"},"author":{"name":"admin","@id":"https:\/\/www.siau.cat\/#\/schema\/person\/810c15694a7e538934bb4be53ebcba0d"},"headline":"SIAU aconsegueix que els interins que disposaran d\u2019una substituci\u00f3 per a tot un curs escolar cobrin l\u2019estiu sencer","datePublished":"2025-06-27T12:10:42+00:00","dateModified":"2025-06-27T20:37:39+00:00","mainEntityOfPage":{"@id":"https:\/\/www.siau.cat\/index.php\/2025\/06\/27\/siau-aconsegueix-que-els-interins-que-disposaran-duna-substitucio-per-a-tot-un-curs-escolar-cobrin-lestiu-sencer\/"},"wordCount":701,"publisher":{"@id":"https:\/\/www.siau.cat\/#organization"},"image":{"@id":"https:\/\/www.siau.cat\/index.php\/2025\/06\/27\/siau-aconsegueix-que-els-interins-que-disposaran-duna-substitucio-per-a-tot-un-curs-escolar-cobrin-lestiu-sencer\/#primaryimage"},"thumbnailUrl":"https:\/\/www.siau.cat\/wp-content\/uploads\/2025\/06\/Calendari-provisional-873x1024.png","articleSection":["Uncategorized"],"inLanguage":"ca"},{"@type":"WebPage","@id":"https:\/\/www.siau.cat\/index.php\/2025\/06\/27\/siau-aconsegueix-que-els-interins-que-disposaran-duna-substitucio-per-a-tot-un-curs-escolar-cobrin-lestiu-sencer\/","url":"https:\/\/www.siau.cat\/index.php\/2025\/06\/27\/siau-aconsegueix-que-els-interins-que-disposaran-duna-substitucio-per-a-tot-un-curs-escolar-cobrin-lestiu-sencer\/","name":"SIAU aconsegueix que els interins que disposaran d\u2019una substituci\u00f3 per a tot un curs escolar cobrin l\u2019estiu sencer &#8212; SIAU - SINDICAT INDEPENDENT, AUT\u00d2NOM I UNITARI","isPartOf":{"@id":"https:\/\/www.siau.cat\/#website"},"primaryImageOfPage":{"@id":"https:\/\/www.siau.cat\/index.php\/2025\/06\/27\/siau-aconsegueix-que-els-interins-que-disposaran-duna-substitucio-per-a-tot-un-curs-escolar-cobrin-lestiu-sencer\/#primaryimage"},"image":{"@id":"https:\/\/www.siau.cat\/index.php\/2025\/06\/27\/siau-aconsegueix-que-els-interins-que-disposaran-duna-substitucio-per-a-tot-un-curs-escolar-cobrin-lestiu-sencer\/#primaryimage"},"thumbnailUrl":"https:\/\/www.siau.cat\/wp-content\/uploads\/2025\/06\/Calendari-provisional-873x1024.png","datePublished":"2025-06-27T12:10:42+00:00","dateModified":"2025-06-27T20:37:39+00:00","breadcrumb":{"@id":"https:\/\/www.siau.cat\/index.php\/2025\/06\/27\/siau-aconsegueix-que-els-interins-que-disposaran-duna-substitucio-per-a-tot-un-curs-escolar-cobrin-lestiu-sencer\/#breadcrumb"},"inLanguage":"ca","potentialAction":[{"@type":"ReadAction","target":["https:\/\/www.siau.cat\/index.php\/2025\/06\/27\/siau-aconsegueix-que-els-interins-que-disposaran-duna-substitucio-per-a-tot-un-curs-escolar-cobrin-lestiu-sencer\/"]}]},{"@type":"ImageObject","inLanguage":"ca","@id":"https:\/\/www.siau.cat\/index.php\/2025\/06\/27\/siau-aconsegueix-que-els-interins-que-disposaran-duna-substitucio-per-a-tot-un-curs-escolar-cobrin-lestiu-sencer\/#primaryimage","url":"https:\/\/www.siau.cat\/wp-content\/uploads\/2025\/06\/Calendari-provisional.png","contentUrl":"https:\/\/www.siau.cat\/wp-content\/uploads\/2025\/06\/Calendari-provisional.png","width":1132,"height":1328},{"@type":"BreadcrumbList","@id":"https:\/\/www.siau.cat\/index.php\/2025\/06\/27\/siau-aconsegueix-que-els-interins-que-disposaran-duna-substitucio-per-a-tot-un-curs-escolar-cobrin-lestiu-sencer\/#breadcrumb","itemListElement":[{"@type":"ListItem","position":1,"name":"Inici","item":"https:\/\/www.siau.cat\/"},{"@type":"ListItem","position":2,"name":"SIAU aconsegueix que els interins que disposaran d\u2019una substituci\u00f3 per a tot un curs escolar cobrin l\u2019estiu sencer"}]},{"@type":"WebSite","@id":"https:\/\/www.siau.cat\/#website","url":"https:\/\/www.siau.cat\/","name":"SIAU - SINDICAT INDEPENDENT, AUT\u00d2NOM I UNITARI","description":"Ara s&iacute; que tenim la veu","publisher":{"@id":"https:\/\/www.siau.cat\/#organization"},"potentialAction":[{"@type":"SearchAction","target":{"@type":"EntryPoint","urlTemplate":"https:\/\/www.siau.cat\/?s={search_term_string}"},"query-input":{"@type":"PropertyValueSpecification","valueRequired":true,"valueName":"search_term_string"}}],"inLanguage":"ca"},{"@type":"Organization","@id":"https:\/\/www.siau.cat\/#organization","name":"SIAU","url":"https:\/\/www.siau.cat\/","logo":{"@type":"ImageObject","inLanguage":"ca","@id":"https:\/\/www.siau.cat\/#\/schema\/logo\/image\/","url":"https:\/\/www.siau.cat\/wp-content\/uploads\/2022\/03\/cropped-resized_LOGO-SIAU-5-e1652020847972.jpg","contentUrl":"https:\/\/www.siau.cat\/wp-content\/uploads\/2022\/03\/cropped-resized_LOGO-SIAU-5-e1652020847972.jpg","width":1600,"height":1200,"caption":"SIAU"},"image":{"@id":"https:\/\/www.siau.cat\/#\/schema\/logo\/image\/"}},{"@type":"Person","@id":"https:\/\/www.siau.cat\/#\/schema\/person\/810c15694a7e538934bb4be53ebcba0d","name":"admin","image":{"@type":"ImageObject","inLanguage":"ca","@id":"https:\/\/www.siau.cat\/#\/schema\/person\/image\/","url":"https:\/\/www.siau.cat\/wp-content\/litespeed\/avatar\/d73ebfac3daa0b52552b2ccea63469da.jpg?ver=1777403609","contentUrl":"https:\/\/www.siau.cat\/wp-content\/litespeed\/avatar\/d73ebfac3daa0b52552b2ccea63469da.jpg?ver=1777403609","caption":"admin"},"sameAs":["https:\/\/www.siau.cat"],"url":"https:\/\/www.siau.cat\/index.php\/author\/admin\/"}]}},"jetpack_featured_media_url":"","jetpack_sharing_enabled":true,"_links":{"self":[{"href":"https:\/\/www.siau.cat\/index.php\/wp-json\/wp\/v2\/posts\/1939","targetHints":{"allow":["GET"]}}],"collection":[{"href":"https:\/\/www.siau.cat\/index.php\/wp-json\/wp\/v2\/posts"}],"about":[{"href":"https:\/\/www.siau.cat\/index.php\/wp-json\/wp\/v2\/types\/post"}],"author":[{"embeddable":true,"href":"https:\/\/www.siau.cat\/index.php\/wp-json\/wp\/v2\/users\/1"}],"replies":[{"embeddable":true,"href":"https:\/\/www.siau.cat\/index.php\/wp-json\/wp\/v2\/comments?post=1939"}],"version-history":[{"count":2,"href":"https:\/\/www.siau.cat\/index.php\/wp-json\/wp\/v2\/posts\/1939\/revisions"}],"predecessor-version":[{"id":1944,"href":"https:\/\/www.siau.cat\/index.php\/wp-json\/wp\/v2\/posts\/1939\/revisions\/1944"}],"wp:attachment":[{"href":"https:\/\/www.siau.cat\/index.php\/wp-json\/wp\/v2\/media?parent=1939"}],"wp:term":[{"taxonomy":"category","embeddable":true,"href":"https:\/\/www.siau.cat\/index.php\/wp-json\/wp\/v2\/categories?post=1939"},{"taxonomy":"post_tag","embeddable":true,"href":"https:\/\/www.siau.cat\/index.php\/wp-json\/wp\/v2\/tags?post=1939"}],"curies":[{"name":"wp","href":"https:\/\/api.w.org\/{rel}","templated":true}]}}