{"id":1995,"date":"2025-07-16T07:50:49","date_gmt":"2025-07-16T07:50:49","guid":{"rendered":"https:\/\/www.siau.cat\/?p=1995"},"modified":"2025-07-16T07:50:49","modified_gmt":"2025-07-16T07:50:49","slug":"siau-celebra-el-cessament-del-director-general-de-personal-docent-ismael-alonso-tot-i-ser-insuficient","status":"publish","type":"post","link":"https:\/\/www.siau.cat\/index.php\/2025\/07\/16\/siau-celebra-el-cessament-del-director-general-de-personal-docent-ismael-alonso-tot-i-ser-insuficient\/","title":{"rendered":"SIAU celebra el cessament del director general de Personal Docent, Ismael Alonso, tot i ser insuficient"},"content":{"rendered":"\n<figure class=\"wp-block-image size-large\"><img loading=\"lazy\" decoding=\"async\" width=\"1024\" height=\"576\" src=\"https:\/\/www.siau.cat\/wp-content\/uploads\/2025\/07\/Direcors-generals-sortint-i-entrant-1024x576.jpeg\" alt=\"\" class=\"wp-image-1998\" srcset=\"https:\/\/www.siau.cat\/wp-content\/uploads\/2025\/07\/Direcors-generals-sortint-i-entrant-1024x576.jpeg 1024w, https:\/\/www.siau.cat\/wp-content\/uploads\/2025\/07\/Direcors-generals-sortint-i-entrant-300x169.jpeg 300w, https:\/\/www.siau.cat\/wp-content\/uploads\/2025\/07\/Direcors-generals-sortint-i-entrant-768x432.jpeg 768w, https:\/\/www.siau.cat\/wp-content\/uploads\/2025\/07\/Direcors-generals-sortint-i-entrant-24x14.jpeg 24w, https:\/\/www.siau.cat\/wp-content\/uploads\/2025\/07\/Direcors-generals-sortint-i-entrant-36x20.jpeg 36w, https:\/\/www.siau.cat\/wp-content\/uploads\/2025\/07\/Direcors-generals-sortint-i-entrant-48x27.jpeg 48w, https:\/\/www.siau.cat\/wp-content\/uploads\/2025\/07\/Direcors-generals-sortint-i-entrant-350x197.jpeg 350w, https:\/\/www.siau.cat\/wp-content\/uploads\/2025\/07\/Direcors-generals-sortint-i-entrant.jpeg 1200w\" sizes=\"auto, (max-width: 767px) 89vw, (max-width: 1000px) 54vw, (max-width: 1071px) 543px, 580px\" \/><figcaption class=\"wp-element-caption\">Directors generals de Personal Docent entrant i sortint<\/figcaption><\/figure>\n\n\n\n<p>Des del Sindicat Independent, Aut\u00f2nom i Unitari (SIAU), celebram el cessament del director general de Personal Docent, Ismael Alonso. Tot i que hi ha motius m\u00e9s que evidents per alegrar-nos, no podem oblidar que, en molt poc temps, haurem tingut tres directors generals distints.&nbsp;<\/p>\n\n\n\n<p>Canviar pals pot fer l&#8217;efecte de renovaci\u00f3, per\u00f2 no ens enganyem: qui continua maniobrant des de l\u2019ombra sempre \u00e9s el mateix. Ens referim a un dels caps de departament de la Direcci\u00f3 General de Personal Docent que fa anys que exerceix el caciquisme amb total impunitat. \u00c9s evident que mantenir la seva poltrona no li surt gratu\u00eft i requereix mantenir certes l\u00ednies pol\u00edtiques contr\u00e0ries a l&#8217;inter\u00e8s general. Es tracta d\u2019un poder paral\u00b7lel que intenta, encara que sovint sense \u00e8xit, exercir una censura sistem\u00e0tica de les veus sindicals dissidents, \u00e9s a dir, envers SIAU \u2014recordem els expedients disciplinaris contra sindicalistes de SIAU o l&#8217;extens llistat d&#8217;actituds antisindicals\u2014. A m\u00e9s, la seva implicaci\u00f3 en el desmantellament de l\u2019escola p\u00fablica, per tal de beneficiar els actuals representants pol\u00edtics, \u00e9s m\u00e9s que palpable. Tots els canvis laborals i normatius orientats a refor\u00e7ar la concertada i minar la p\u00fablica, tanmateix, duen la seva firma (o la seva aprovaci\u00f3 silenciosa).<\/p>\n\n\n\n<p>Davant d\u2019aquest obscur escenari, li transmetem un consell a la nova directora general de Personal Docent: que lideri amb valentia en comptes de delegar-ho tot i que escolti als nostres representants sindicals, aix\u00ed com a aquells que han decidit que el curs vinent no continuaran treballant dins la que ara ser\u00e0 la seva direcci\u00f3 general i, principalment, a la comunitat educativa. En definitiva, pot continuar amb la passivitat i delegant tota la \u201cfeina bruta\u201d al mateix cap de departament que tan &#8220;h\u00e0bilment&#8221; controla els engranatges d&#8217;aquesta ca\u00f2tica direcci\u00f3 general, o assumir d&#8217;una vegada per totes la batuta i promoure pol\u00edtiques efectives i de defensa de l\u2019escola p\u00fablica i la llibertat sindical.<\/p>\n\n\n\n<p>Aix\u00ed mateix, la ciutadania t\u00e9 dret a con\u00e8ixer els motius reals pels quals un dels pitjors directors generals que ha tingut la Conselleria d\u2019Educaci\u00f3 ha durat tan poc en el c\u00e0rrec. Els i les docents mereixem transpar\u00e8ncia, imparcialitat, responsabilitat i just\u00edcia.<\/p>\n\n\n\n<p>Per tot aix\u00f2, SIAU exigeix:<\/p>\n\n\n\n<ol class=\"wp-block-list\">\n<li>Que es posi fi a les pr\u00e0ctiques caciquils.<\/li>\n\n\n\n<li>Que es garanteixi la defensa de l\u2019escola p\u00fablica i la llibertat sindical.<\/li>\n\n\n\n<li>Que la nova directora general assumeixi de veres les seves responsabilitats en comptes de delegar-ho tot.<\/li>\n<\/ol>\n\n\n\n<p>No m\u00e9s titelles: volem lideratge, valentia i un canvi real ja.<\/p>\n","protected":false},"excerpt":{"rendered":"<p>Des del Sindicat Independent, Aut\u00f2nom i Unitari (SIAU), celebram el cessament del director general de Personal Docent, Ismael Alonso. Tot i que hi ha motius m\u00e9s que evidents per alegrar-nos, no podem oblidar que, en molt poc temps, haurem tingut tres directors generals distints.&nbsp; Canviar pals pot fer l&#8217;efecte de renovaci\u00f3, per\u00f2 no ens enganyem: &hellip; <\/p>\n<p class=\"link-more\"><a href=\"https:\/\/www.siau.cat\/index.php\/2025\/07\/16\/siau-celebra-el-cessament-del-director-general-de-personal-docent-ismael-alonso-tot-i-ser-insuficient\/\" class=\"more-link\">Continua llegint <span class=\"screen-reader-text\">\u00abSIAU celebra el cessament del director general de Personal Docent, Ismael Alonso, tot i ser insuficient\u00bb<\/span><\/a><\/p>\n","protected":false},"author":1,"featured_media":0,"comment_status":"closed","ping_status":"open","sticky":false,"template":"","format":"standard","meta":{"_jetpack_memberships_contains_paid_content":false,"footnotes":""},"categories":[1],"tags":[],"class_list":["post-1995","post","type-post","status-publish","format-standard","hentry","category-uncategorized"],"yoast_head":"<!-- This site is optimized with the Yoast SEO plugin v25.4 - https:\/\/yoast.com\/wordpress\/plugins\/seo\/ -->\n<title>SIAU celebra el cessament del director general de Personal Docent, Ismael Alonso, tot i ser insuficient &#8212; SIAU - SINDICAT INDEPENDENT, AUT\u00d2NOM I UNITARI<\/title>\n<meta name=\"robots\" content=\"index, follow, max-snippet:-1, max-image-preview:large, max-video-preview:-1\" \/>\n<link rel=\"canonical\" href=\"https:\/\/www.siau.cat\/index.php\/2025\/07\/16\/siau-celebra-el-cessament-del-director-general-de-personal-docent-ismael-alonso-tot-i-ser-insuficient\/\" \/>\n<meta property=\"og:locale\" content=\"ca_ES\" \/>\n<meta property=\"og:type\" content=\"article\" \/>\n<meta property=\"og:title\" content=\"SIAU celebra el cessament del director general de Personal Docent, Ismael Alonso, tot i ser insuficient &#8212; SIAU - SINDICAT INDEPENDENT, AUT\u00d2NOM I UNITARI\" \/>\n<meta property=\"og:description\" content=\"Des del Sindicat Independent, Aut\u00f2nom i Unitari (SIAU), celebram el cessament del director general de Personal Docent, Ismael Alonso. Tot i que hi ha motius m\u00e9s que evidents per alegrar-nos, no podem oblidar que, en molt poc temps, haurem tingut tres directors generals distints.&nbsp; Canviar pals pot fer l&#8217;efecte de renovaci\u00f3, per\u00f2 no ens enganyem: &hellip; Continua llegint \u00abSIAU celebra el cessament del director general de Personal Docent, Ismael Alonso, tot i ser insuficient\u00bb\" \/>\n<meta property=\"og:url\" content=\"https:\/\/www.siau.cat\/index.php\/2025\/07\/16\/siau-celebra-el-cessament-del-director-general-de-personal-docent-ismael-alonso-tot-i-ser-insuficient\/\" \/>\n<meta property=\"og:site_name\" content=\"SIAU - SINDICAT INDEPENDENT, AUT\u00d2NOM I UNITARI\" \/>\n<meta property=\"article:published_time\" content=\"2025-07-16T07:50:49+00:00\" \/>\n<meta property=\"og:image\" content=\"https:\/\/www.siau.cat\/wp-content\/uploads\/2025\/07\/Direcors-generals-sortint-i-entrant.jpeg\" \/>\n\t<meta property=\"og:image:width\" content=\"1200\" \/>\n\t<meta property=\"og:image:height\" content=\"675\" \/>\n\t<meta property=\"og:image:type\" content=\"image\/jpeg\" \/>\n<meta name=\"author\" content=\"admin\" \/>\n<meta name=\"twitter:card\" content=\"summary_large_image\" \/>\n<meta name=\"twitter:label1\" content=\"Escrit per\" \/>\n\t<meta name=\"twitter:data1\" content=\"admin\" \/>\n\t<meta name=\"twitter:label2\" content=\"Temps estimat de lectura\" \/>\n\t<meta name=\"twitter:data2\" content=\"3 minuts\" \/>\n<script type=\"application\/ld+json\" class=\"yoast-schema-graph\">{\"@context\":\"https:\/\/schema.org\",\"@graph\":[{\"@type\":\"Article\",\"@id\":\"https:\/\/www.siau.cat\/index.php\/2025\/07\/16\/siau-celebra-el-cessament-del-director-general-de-personal-docent-ismael-alonso-tot-i-ser-insuficient\/#article\",\"isPartOf\":{\"@id\":\"https:\/\/www.siau.cat\/index.php\/2025\/07\/16\/siau-celebra-el-cessament-del-director-general-de-personal-docent-ismael-alonso-tot-i-ser-insuficient\/\"},\"author\":{\"name\":\"admin\",\"@id\":\"https:\/\/www.siau.cat\/#\/schema\/person\/810c15694a7e538934bb4be53ebcba0d\"},\"headline\":\"SIAU celebra el cessament del director general de Personal Docent, Ismael Alonso, tot i ser insuficient\",\"datePublished\":\"2025-07-16T07:50:49+00:00\",\"mainEntityOfPage\":{\"@id\":\"https:\/\/www.siau.cat\/index.php\/2025\/07\/16\/siau-celebra-el-cessament-del-director-general-de-personal-docent-ismael-alonso-tot-i-ser-insuficient\/\"},\"wordCount\":466,\"publisher\":{\"@id\":\"https:\/\/www.siau.cat\/#organization\"},\"image\":{\"@id\":\"https:\/\/www.siau.cat\/index.php\/2025\/07\/16\/siau-celebra-el-cessament-del-director-general-de-personal-docent-ismael-alonso-tot-i-ser-insuficient\/#primaryimage\"},\"thumbnailUrl\":\"https:\/\/www.siau.cat\/wp-content\/uploads\/2025\/07\/Direcors-generals-sortint-i-entrant-1024x576.jpeg\",\"articleSection\":[\"Uncategorized\"],\"inLanguage\":\"ca\"},{\"@type\":\"WebPage\",\"@id\":\"https:\/\/www.siau.cat\/index.php\/2025\/07\/16\/siau-celebra-el-cessament-del-director-general-de-personal-docent-ismael-alonso-tot-i-ser-insuficient\/\",\"url\":\"https:\/\/www.siau.cat\/index.php\/2025\/07\/16\/siau-celebra-el-cessament-del-director-general-de-personal-docent-ismael-alonso-tot-i-ser-insuficient\/\",\"name\":\"SIAU celebra el cessament del director general de Personal Docent, Ismael Alonso, tot i ser insuficient &#8212; SIAU - SINDICAT INDEPENDENT, AUT\u00d2NOM I UNITARI\",\"isPartOf\":{\"@id\":\"https:\/\/www.siau.cat\/#website\"},\"primaryImageOfPage\":{\"@id\":\"https:\/\/www.siau.cat\/index.php\/2025\/07\/16\/siau-celebra-el-cessament-del-director-general-de-personal-docent-ismael-alonso-tot-i-ser-insuficient\/#primaryimage\"},\"image\":{\"@id\":\"https:\/\/www.siau.cat\/index.php\/2025\/07\/16\/siau-celebra-el-cessament-del-director-general-de-personal-docent-ismael-alonso-tot-i-ser-insuficient\/#primaryimage\"},\"thumbnailUrl\":\"https:\/\/www.siau.cat\/wp-content\/uploads\/2025\/07\/Direcors-generals-sortint-i-entrant-1024x576.jpeg\",\"datePublished\":\"2025-07-16T07:50:49+00:00\",\"breadcrumb\":{\"@id\":\"https:\/\/www.siau.cat\/index.php\/2025\/07\/16\/siau-celebra-el-cessament-del-director-general-de-personal-docent-ismael-alonso-tot-i-ser-insuficient\/#breadcrumb\"},\"inLanguage\":\"ca\",\"potentialAction\":[{\"@type\":\"ReadAction\",\"target\":[\"https:\/\/www.siau.cat\/index.php\/2025\/07\/16\/siau-celebra-el-cessament-del-director-general-de-personal-docent-ismael-alonso-tot-i-ser-insuficient\/\"]}]},{\"@type\":\"ImageObject\",\"inLanguage\":\"ca\",\"@id\":\"https:\/\/www.siau.cat\/index.php\/2025\/07\/16\/siau-celebra-el-cessament-del-director-general-de-personal-docent-ismael-alonso-tot-i-ser-insuficient\/#primaryimage\",\"url\":\"https:\/\/www.siau.cat\/wp-content\/uploads\/2025\/07\/Direcors-generals-sortint-i-entrant.jpeg\",\"contentUrl\":\"https:\/\/www.siau.cat\/wp-content\/uploads\/2025\/07\/Direcors-generals-sortint-i-entrant.jpeg\",\"width\":1200,\"height\":675},{\"@type\":\"BreadcrumbList\",\"@id\":\"https:\/\/www.siau.cat\/index.php\/2025\/07\/16\/siau-celebra-el-cessament-del-director-general-de-personal-docent-ismael-alonso-tot-i-ser-insuficient\/#breadcrumb\",\"itemListElement\":[{\"@type\":\"ListItem\",\"position\":1,\"name\":\"Inici\",\"item\":\"https:\/\/www.siau.cat\/\"},{\"@type\":\"ListItem\",\"position\":2,\"name\":\"SIAU celebra el cessament del director general de Personal Docent, Ismael Alonso, tot i ser insuficient\"}]},{\"@type\":\"WebSite\",\"@id\":\"https:\/\/www.siau.cat\/#website\",\"url\":\"https:\/\/www.siau.cat\/\",\"name\":\"SIAU - SINDICAT INDEPENDENT, AUT\u00d2NOM I UNITARI\",\"description\":\"Ara s&iacute; que tenim la veu\",\"publisher\":{\"@id\":\"https:\/\/www.siau.cat\/#organization\"},\"potentialAction\":[{\"@type\":\"SearchAction\",\"target\":{\"@type\":\"EntryPoint\",\"urlTemplate\":\"https:\/\/www.siau.cat\/?s={search_term_string}\"},\"query-input\":{\"@type\":\"PropertyValueSpecification\",\"valueRequired\":true,\"valueName\":\"search_term_string\"}}],\"inLanguage\":\"ca\"},{\"@type\":\"Organization\",\"@id\":\"https:\/\/www.siau.cat\/#organization\",\"name\":\"SIAU\",\"url\":\"https:\/\/www.siau.cat\/\",\"logo\":{\"@type\":\"ImageObject\",\"inLanguage\":\"ca\",\"@id\":\"https:\/\/www.siau.cat\/#\/schema\/logo\/image\/\",\"url\":\"https:\/\/www.siau.cat\/wp-content\/uploads\/2022\/03\/cropped-resized_LOGO-SIAU-5-e1652020847972.jpg\",\"contentUrl\":\"https:\/\/www.siau.cat\/wp-content\/uploads\/2022\/03\/cropped-resized_LOGO-SIAU-5-e1652020847972.jpg\",\"width\":1600,\"height\":1200,\"caption\":\"SIAU\"},\"image\":{\"@id\":\"https:\/\/www.siau.cat\/#\/schema\/logo\/image\/\"}},{\"@type\":\"Person\",\"@id\":\"https:\/\/www.siau.cat\/#\/schema\/person\/810c15694a7e538934bb4be53ebcba0d\",\"name\":\"admin\",\"image\":{\"@type\":\"ImageObject\",\"inLanguage\":\"ca\",\"@id\":\"https:\/\/www.siau.cat\/#\/schema\/person\/image\/\",\"url\":\"https:\/\/www.siau.cat\/wp-content\/litespeed\/avatar\/d73ebfac3daa0b52552b2ccea63469da.jpg?ver=1777403609\",\"contentUrl\":\"https:\/\/www.siau.cat\/wp-content\/litespeed\/avatar\/d73ebfac3daa0b52552b2ccea63469da.jpg?ver=1777403609\",\"caption\":\"admin\"},\"sameAs\":[\"https:\/\/www.siau.cat\"],\"url\":\"https:\/\/www.siau.cat\/index.php\/author\/admin\/\"}]}<\/script>\n<!-- \/ Yoast SEO plugin. -->","yoast_head_json":{"title":"SIAU celebra el cessament del director general de Personal Docent, Ismael Alonso, tot i ser insuficient &#8212; SIAU - SINDICAT INDEPENDENT, AUT\u00d2NOM I UNITARI","robots":{"index":"index","follow":"follow","max-snippet":"max-snippet:-1","max-image-preview":"max-image-preview:large","max-video-preview":"max-video-preview:-1"},"canonical":"https:\/\/www.siau.cat\/index.php\/2025\/07\/16\/siau-celebra-el-cessament-del-director-general-de-personal-docent-ismael-alonso-tot-i-ser-insuficient\/","og_locale":"ca_ES","og_type":"article","og_title":"SIAU celebra el cessament del director general de Personal Docent, Ismael Alonso, tot i ser insuficient &#8212; SIAU - SINDICAT INDEPENDENT, AUT\u00d2NOM I UNITARI","og_description":"Des del Sindicat Independent, Aut\u00f2nom i Unitari (SIAU), celebram el cessament del director general de Personal Docent, Ismael Alonso. Tot i que hi ha motius m\u00e9s que evidents per alegrar-nos, no podem oblidar que, en molt poc temps, haurem tingut tres directors generals distints.&nbsp; Canviar pals pot fer l&#8217;efecte de renovaci\u00f3, per\u00f2 no ens enganyem: &hellip; Continua llegint \u00abSIAU celebra el cessament del director general de Personal Docent, Ismael Alonso, tot i ser insuficient\u00bb","og_url":"https:\/\/www.siau.cat\/index.php\/2025\/07\/16\/siau-celebra-el-cessament-del-director-general-de-personal-docent-ismael-alonso-tot-i-ser-insuficient\/","og_site_name":"SIAU - SINDICAT INDEPENDENT, AUT\u00d2NOM I UNITARI","article_published_time":"2025-07-16T07:50:49+00:00","og_image":[{"width":1200,"height":675,"url":"https:\/\/www.siau.cat\/wp-content\/uploads\/2025\/07\/Direcors-generals-sortint-i-entrant.jpeg","type":"image\/jpeg"}],"author":"admin","twitter_card":"summary_large_image","twitter_misc":{"Escrit per":"admin","Temps estimat de lectura":"3 minuts"},"schema":{"@context":"https:\/\/schema.org","@graph":[{"@type":"Article","@id":"https:\/\/www.siau.cat\/index.php\/2025\/07\/16\/siau-celebra-el-cessament-del-director-general-de-personal-docent-ismael-alonso-tot-i-ser-insuficient\/#article","isPartOf":{"@id":"https:\/\/www.siau.cat\/index.php\/2025\/07\/16\/siau-celebra-el-cessament-del-director-general-de-personal-docent-ismael-alonso-tot-i-ser-insuficient\/"},"author":{"name":"admin","@id":"https:\/\/www.siau.cat\/#\/schema\/person\/810c15694a7e538934bb4be53ebcba0d"},"headline":"SIAU celebra el cessament del director general de Personal Docent, Ismael Alonso, tot i ser insuficient","datePublished":"2025-07-16T07:50:49+00:00","mainEntityOfPage":{"@id":"https:\/\/www.siau.cat\/index.php\/2025\/07\/16\/siau-celebra-el-cessament-del-director-general-de-personal-docent-ismael-alonso-tot-i-ser-insuficient\/"},"wordCount":466,"publisher":{"@id":"https:\/\/www.siau.cat\/#organization"},"image":{"@id":"https:\/\/www.siau.cat\/index.php\/2025\/07\/16\/siau-celebra-el-cessament-del-director-general-de-personal-docent-ismael-alonso-tot-i-ser-insuficient\/#primaryimage"},"thumbnailUrl":"https:\/\/www.siau.cat\/wp-content\/uploads\/2025\/07\/Direcors-generals-sortint-i-entrant-1024x576.jpeg","articleSection":["Uncategorized"],"inLanguage":"ca"},{"@type":"WebPage","@id":"https:\/\/www.siau.cat\/index.php\/2025\/07\/16\/siau-celebra-el-cessament-del-director-general-de-personal-docent-ismael-alonso-tot-i-ser-insuficient\/","url":"https:\/\/www.siau.cat\/index.php\/2025\/07\/16\/siau-celebra-el-cessament-del-director-general-de-personal-docent-ismael-alonso-tot-i-ser-insuficient\/","name":"SIAU celebra el cessament del director general de Personal Docent, Ismael Alonso, tot i ser insuficient &#8212; SIAU - SINDICAT INDEPENDENT, AUT\u00d2NOM I UNITARI","isPartOf":{"@id":"https:\/\/www.siau.cat\/#website"},"primaryImageOfPage":{"@id":"https:\/\/www.siau.cat\/index.php\/2025\/07\/16\/siau-celebra-el-cessament-del-director-general-de-personal-docent-ismael-alonso-tot-i-ser-insuficient\/#primaryimage"},"image":{"@id":"https:\/\/www.siau.cat\/index.php\/2025\/07\/16\/siau-celebra-el-cessament-del-director-general-de-personal-docent-ismael-alonso-tot-i-ser-insuficient\/#primaryimage"},"thumbnailUrl":"https:\/\/www.siau.cat\/wp-content\/uploads\/2025\/07\/Direcors-generals-sortint-i-entrant-1024x576.jpeg","datePublished":"2025-07-16T07:50:49+00:00","breadcrumb":{"@id":"https:\/\/www.siau.cat\/index.php\/2025\/07\/16\/siau-celebra-el-cessament-del-director-general-de-personal-docent-ismael-alonso-tot-i-ser-insuficient\/#breadcrumb"},"inLanguage":"ca","potentialAction":[{"@type":"ReadAction","target":["https:\/\/www.siau.cat\/index.php\/2025\/07\/16\/siau-celebra-el-cessament-del-director-general-de-personal-docent-ismael-alonso-tot-i-ser-insuficient\/"]}]},{"@type":"ImageObject","inLanguage":"ca","@id":"https:\/\/www.siau.cat\/index.php\/2025\/07\/16\/siau-celebra-el-cessament-del-director-general-de-personal-docent-ismael-alonso-tot-i-ser-insuficient\/#primaryimage","url":"https:\/\/www.siau.cat\/wp-content\/uploads\/2025\/07\/Direcors-generals-sortint-i-entrant.jpeg","contentUrl":"https:\/\/www.siau.cat\/wp-content\/uploads\/2025\/07\/Direcors-generals-sortint-i-entrant.jpeg","width":1200,"height":675},{"@type":"BreadcrumbList","@id":"https:\/\/www.siau.cat\/index.php\/2025\/07\/16\/siau-celebra-el-cessament-del-director-general-de-personal-docent-ismael-alonso-tot-i-ser-insuficient\/#breadcrumb","itemListElement":[{"@type":"ListItem","position":1,"name":"Inici","item":"https:\/\/www.siau.cat\/"},{"@type":"ListItem","position":2,"name":"SIAU celebra el cessament del director general de Personal Docent, Ismael Alonso, tot i ser insuficient"}]},{"@type":"WebSite","@id":"https:\/\/www.siau.cat\/#website","url":"https:\/\/www.siau.cat\/","name":"SIAU - SINDICAT INDEPENDENT, AUT\u00d2NOM I UNITARI","description":"Ara s&iacute; que tenim la veu","publisher":{"@id":"https:\/\/www.siau.cat\/#organization"},"potentialAction":[{"@type":"SearchAction","target":{"@type":"EntryPoint","urlTemplate":"https:\/\/www.siau.cat\/?s={search_term_string}"},"query-input":{"@type":"PropertyValueSpecification","valueRequired":true,"valueName":"search_term_string"}}],"inLanguage":"ca"},{"@type":"Organization","@id":"https:\/\/www.siau.cat\/#organization","name":"SIAU","url":"https:\/\/www.siau.cat\/","logo":{"@type":"ImageObject","inLanguage":"ca","@id":"https:\/\/www.siau.cat\/#\/schema\/logo\/image\/","url":"https:\/\/www.siau.cat\/wp-content\/uploads\/2022\/03\/cropped-resized_LOGO-SIAU-5-e1652020847972.jpg","contentUrl":"https:\/\/www.siau.cat\/wp-content\/uploads\/2022\/03\/cropped-resized_LOGO-SIAU-5-e1652020847972.jpg","width":1600,"height":1200,"caption":"SIAU"},"image":{"@id":"https:\/\/www.siau.cat\/#\/schema\/logo\/image\/"}},{"@type":"Person","@id":"https:\/\/www.siau.cat\/#\/schema\/person\/810c15694a7e538934bb4be53ebcba0d","name":"admin","image":{"@type":"ImageObject","inLanguage":"ca","@id":"https:\/\/www.siau.cat\/#\/schema\/person\/image\/","url":"https:\/\/www.siau.cat\/wp-content\/litespeed\/avatar\/d73ebfac3daa0b52552b2ccea63469da.jpg?ver=1777403609","contentUrl":"https:\/\/www.siau.cat\/wp-content\/litespeed\/avatar\/d73ebfac3daa0b52552b2ccea63469da.jpg?ver=1777403609","caption":"admin"},"sameAs":["https:\/\/www.siau.cat"],"url":"https:\/\/www.siau.cat\/index.php\/author\/admin\/"}]}},"jetpack_featured_media_url":"","jetpack_sharing_enabled":true,"_links":{"self":[{"href":"https:\/\/www.siau.cat\/index.php\/wp-json\/wp\/v2\/posts\/1995","targetHints":{"allow":["GET"]}}],"collection":[{"href":"https:\/\/www.siau.cat\/index.php\/wp-json\/wp\/v2\/posts"}],"about":[{"href":"https:\/\/www.siau.cat\/index.php\/wp-json\/wp\/v2\/types\/post"}],"author":[{"embeddable":true,"href":"https:\/\/www.siau.cat\/index.php\/wp-json\/wp\/v2\/users\/1"}],"replies":[{"embeddable":true,"href":"https:\/\/www.siau.cat\/index.php\/wp-json\/wp\/v2\/comments?post=1995"}],"version-history":[{"count":2,"href":"https:\/\/www.siau.cat\/index.php\/wp-json\/wp\/v2\/posts\/1995\/revisions"}],"predecessor-version":[{"id":1999,"href":"https:\/\/www.siau.cat\/index.php\/wp-json\/wp\/v2\/posts\/1995\/revisions\/1999"}],"wp:attachment":[{"href":"https:\/\/www.siau.cat\/index.php\/wp-json\/wp\/v2\/media?parent=1995"}],"wp:term":[{"taxonomy":"category","embeddable":true,"href":"https:\/\/www.siau.cat\/index.php\/wp-json\/wp\/v2\/categories?post=1995"},{"taxonomy":"post_tag","embeddable":true,"href":"https:\/\/www.siau.cat\/index.php\/wp-json\/wp\/v2\/tags?post=1995"}],"curies":[{"name":"wp","href":"https:\/\/api.w.org\/{rel}","templated":true}]}}