{"id":2009,"date":"2025-07-21T09:14:17","date_gmt":"2025-07-21T09:14:17","guid":{"rendered":"https:\/\/www.siau.cat\/?p=2009"},"modified":"2025-07-21T09:14:19","modified_gmt":"2025-07-21T09:14:19","slug":"continua-el-desmantellament-de-lescola-publica-la-conselleria-premia-la-concertada-mentre-retalla-recursos-als-centres-publics","status":"publish","type":"post","link":"https:\/\/www.siau.cat\/index.php\/2025\/07\/21\/continua-el-desmantellament-de-lescola-publica-la-conselleria-premia-la-concertada-mentre-retalla-recursos-als-centres-publics\/","title":{"rendered":"Continua el desmantellament de l\u2019escola p\u00fablica: la Conselleria premia la concertada mentre retalla recursos als centres p\u00fablics"},"content":{"rendered":"\n<figure class=\"wp-block-image size-large\"><img loading=\"lazy\" decoding=\"async\" width=\"1024\" height=\"724\" src=\"https:\/\/www.siau.cat\/wp-content\/uploads\/2025\/07\/Retallades-a-lescola-publica-1024x724.png\" alt=\"\" class=\"wp-image-2010\" srcset=\"https:\/\/www.siau.cat\/wp-content\/uploads\/2025\/07\/Retallades-a-lescola-publica-1024x724.png 1024w, https:\/\/www.siau.cat\/wp-content\/uploads\/2025\/07\/Retallades-a-lescola-publica-300x212.png 300w, https:\/\/www.siau.cat\/wp-content\/uploads\/2025\/07\/Retallades-a-lescola-publica-768x543.png 768w, https:\/\/www.siau.cat\/wp-content\/uploads\/2025\/07\/Retallades-a-lescola-publica-1536x1086.png 1536w, https:\/\/www.siau.cat\/wp-content\/uploads\/2025\/07\/Retallades-a-lescola-publica-24x17.png 24w, https:\/\/www.siau.cat\/wp-content\/uploads\/2025\/07\/Retallades-a-lescola-publica-36x25.png 36w, https:\/\/www.siau.cat\/wp-content\/uploads\/2025\/07\/Retallades-a-lescola-publica-48x34.png 48w, https:\/\/www.siau.cat\/wp-content\/uploads\/2025\/07\/Retallades-a-lescola-publica-350x247.png 350w, https:\/\/www.siau.cat\/wp-content\/uploads\/2025\/07\/Retallades-a-lescola-publica.png 2000w\" sizes=\"auto, (max-width: 767px) 89vw, (max-width: 1000px) 54vw, (max-width: 1071px) 543px, 580px\" \/><\/figure>\n\n\n\n<p>La Conselleria d\u2019Educaci\u00f3 continua executant un pla de retallades i desmantellament progressiu de l\u2019educaci\u00f3 p\u00fablica a les Illes Balears. Mentrestant, els centres concertats \u2014amb especial atenci\u00f3 els religiosos\u2014 reben m\u00e9s recursos i privilegis. Els fets parlen per si sols.<\/p>\n\n\n\n<p><strong>Retallades greus a centres p\u00fablics de totes les illes<\/strong><br><br>IES Inca (Mallorca): El centre va denunciar p\u00fablicament la p\u00e8rdua de mig grup de 2n de batxillerat i dues places docents, mentre que la Conselleria autoritza l&#8217;obertura de nous batxillerats a La Salle i la Puresa, centres concertats de la mateixa localitat.<\/p>\n\n\n\n<p>IES Alc\u00fadia (Mallorca): La quota es redueix en 3,5 docents, tot i que s\u2019espera un augment d\u2019alumnat el curs vinent. El claustre va votar presentar una queixa formal contra la Conselleria, en solidaritat tamb\u00e9 amb altres centres en situaci\u00f3 similar.<\/p>\n\n\n\n<p>CEIP Porta des Moll (Alc\u00fadia): Perdr\u00e0 una l\u00ednia de 4t d\u2019Infantil. La r\u00e0tio pujar\u00e0 fins a 21 alumnes per aula, empitjorant l\u2019atenci\u00f3 a l\u2019alumnat.<\/p>\n\n\n\n<p>CEIP Vialf\u00e0s (sa Pobla): S\u2019ha eliminat el desdoblament de 6\u00e8 de Prim\u00e0ria, per\u00f2 tamb\u00e9 dues places de mestre, deixant el centre amb menys recursos dels m\u00ednims imprescindibles.<\/p>\n\n\n\n<p><strong>Una ofensiva general contra l\u2019educaci\u00f3 p\u00fablica<\/strong><br><br>17 l\u00ednies de 3 anys eliminades a totes les Illes \u2014totes a escoles p\u00fabliques. Cap a la concertada\u2014.<\/p>\n\n\n\n<p>CEIP Castell de Santa \u00c0gueda (Ferreries, Menorca): 11 fam\u00edlies han quedat excloses del centre p\u00fablic. Se\u2019ls ofereix com a \u00fanica opci\u00f3 anar a la concertada Sant Francesc o canviar de municipi. El centre p\u00fablic estava disposat a obrir una nova unitat, per\u00f2 la Conselleria ho ha impedit.<\/p>\n\n\n\n<p>Menorca: Per primera vegada es concerten batxillerats, afavorint encara m\u00e9s la privatitzaci\u00f3 de l\u2019ensenyament.<\/p>\n\n\n\n<p>Palma: Tanquen l\u2019IES Polit\u00e8cnic i el CEIP Felip Bau\u00e7\u00e0, dues peces clau del teixit educatiu p\u00fablic a la capital.<\/p>\n\n\n\n<p>Aquests no s\u00f3n els \u00fanics exemples, n&#8217;hi ha molts m\u00e9s.<\/p>\n\n\n\n<p><strong>Una pol\u00edtica orientada a la privatitzaci\u00f3<\/strong><br><br>A tot aix\u00f2 cal sumar-hi una dada especialment greu: 21 milions d\u2019euros p\u00fablics s\u2019han destinat al pla de segregaci\u00f3 ling\u00fc\u00edstica, principalment a trav\u00e9s de la xarxa concertada. Mentrestant, els centres p\u00fablics es veuen obligats a assumir m\u00e9s alumnes amb menys docents, menys grups i condicions cada vegada m\u00e9s prec\u00e0ries.<\/p>\n\n\n\n<p><strong>Des del SIAU diem prou!<\/strong><br><br>Aquest no \u00e9s un degoteig casual: \u00e9s una estrat\u00e8gia clara per afavorir la concertada i marginar la p\u00fablica. Una Conselleria d\u2019Educaci\u00f3 que no defensa ni garanteix els drets dels centres p\u00fablics no compleix la seva funci\u00f3. Exigim una reversi\u00f3 immediata de les retallades, una redistribuci\u00f3 justa dels recursos i el comprom\u00eds real amb l\u2019educaci\u00f3 p\u00fablica, l\u2019\u00fanica que garanteix igualtat, cohesi\u00f3 social i qualitat educativa per a tothom.<\/p>\n","protected":false},"excerpt":{"rendered":"<p>La Conselleria d\u2019Educaci\u00f3 continua executant un pla de retallades i desmantellament progressiu de l\u2019educaci\u00f3 p\u00fablica a les Illes Balears. Mentrestant, els centres concertats \u2014amb especial atenci\u00f3 els religiosos\u2014 reben m\u00e9s recursos i privilegis. Els fets parlen per si sols. Retallades greus a centres p\u00fablics de totes les illes IES Inca (Mallorca): El centre va denunciar &hellip; <\/p>\n<p class=\"link-more\"><a href=\"https:\/\/www.siau.cat\/index.php\/2025\/07\/21\/continua-el-desmantellament-de-lescola-publica-la-conselleria-premia-la-concertada-mentre-retalla-recursos-als-centres-publics\/\" class=\"more-link\">Continua llegint <span class=\"screen-reader-text\">\u00abContinua el desmantellament de l\u2019escola p\u00fablica: la Conselleria premia la concertada mentre retalla recursos als centres p\u00fablics\u00bb<\/span><\/a><\/p>\n","protected":false},"author":1,"featured_media":0,"comment_status":"closed","ping_status":"open","sticky":false,"template":"","format":"standard","meta":{"_jetpack_memberships_contains_paid_content":false,"footnotes":""},"categories":[1],"tags":[],"class_list":["post-2009","post","type-post","status-publish","format-standard","hentry","category-uncategorized"],"yoast_head":"<!-- This site is optimized with the Yoast SEO plugin v25.4 - https:\/\/yoast.com\/wordpress\/plugins\/seo\/ -->\n<title>Continua el desmantellament de l\u2019escola p\u00fablica: la Conselleria premia la concertada mentre retalla recursos als centres p\u00fablics &#8212; SIAU - SINDICAT INDEPENDENT, AUT\u00d2NOM I UNITARI<\/title>\n<meta name=\"robots\" content=\"index, follow, max-snippet:-1, max-image-preview:large, max-video-preview:-1\" \/>\n<link rel=\"canonical\" href=\"https:\/\/www.siau.cat\/index.php\/2025\/07\/21\/continua-el-desmantellament-de-lescola-publica-la-conselleria-premia-la-concertada-mentre-retalla-recursos-als-centres-publics\/\" \/>\n<meta property=\"og:locale\" content=\"ca_ES\" \/>\n<meta property=\"og:type\" content=\"article\" \/>\n<meta property=\"og:title\" content=\"Continua el desmantellament de l\u2019escola p\u00fablica: la Conselleria premia la concertada mentre retalla recursos als centres p\u00fablics &#8212; SIAU - SINDICAT INDEPENDENT, AUT\u00d2NOM I UNITARI\" \/>\n<meta property=\"og:description\" content=\"La Conselleria d\u2019Educaci\u00f3 continua executant un pla de retallades i desmantellament progressiu de l\u2019educaci\u00f3 p\u00fablica a les Illes Balears. Mentrestant, els centres concertats \u2014amb especial atenci\u00f3 els religiosos\u2014 reben m\u00e9s recursos i privilegis. Els fets parlen per si sols. Retallades greus a centres p\u00fablics de totes les illes IES Inca (Mallorca): El centre va denunciar &hellip; Continua llegint \u00abContinua el desmantellament de l\u2019escola p\u00fablica: la Conselleria premia la concertada mentre retalla recursos als centres p\u00fablics\u00bb\" \/>\n<meta property=\"og:url\" content=\"https:\/\/www.siau.cat\/index.php\/2025\/07\/21\/continua-el-desmantellament-de-lescola-publica-la-conselleria-premia-la-concertada-mentre-retalla-recursos-als-centres-publics\/\" \/>\n<meta property=\"og:site_name\" content=\"SIAU - SINDICAT INDEPENDENT, AUT\u00d2NOM I UNITARI\" \/>\n<meta property=\"article:published_time\" content=\"2025-07-21T09:14:17+00:00\" \/>\n<meta property=\"article:modified_time\" content=\"2025-07-21T09:14:19+00:00\" \/>\n<meta property=\"og:image\" content=\"https:\/\/www.siau.cat\/wp-content\/uploads\/2025\/07\/Retallades-a-lescola-publica.png\" \/>\n\t<meta property=\"og:image:width\" content=\"2000\" \/>\n\t<meta property=\"og:image:height\" content=\"1414\" \/>\n\t<meta property=\"og:image:type\" content=\"image\/png\" \/>\n<meta name=\"author\" content=\"admin\" \/>\n<meta name=\"twitter:card\" content=\"summary_large_image\" \/>\n<meta name=\"twitter:label1\" content=\"Escrit per\" \/>\n\t<meta name=\"twitter:data1\" content=\"admin\" \/>\n\t<meta name=\"twitter:label2\" content=\"Temps estimat de lectura\" \/>\n\t<meta name=\"twitter:data2\" content=\"3 minuts\" \/>\n<script type=\"application\/ld+json\" class=\"yoast-schema-graph\">{\"@context\":\"https:\/\/schema.org\",\"@graph\":[{\"@type\":\"Article\",\"@id\":\"https:\/\/www.siau.cat\/index.php\/2025\/07\/21\/continua-el-desmantellament-de-lescola-publica-la-conselleria-premia-la-concertada-mentre-retalla-recursos-als-centres-publics\/#article\",\"isPartOf\":{\"@id\":\"https:\/\/www.siau.cat\/index.php\/2025\/07\/21\/continua-el-desmantellament-de-lescola-publica-la-conselleria-premia-la-concertada-mentre-retalla-recursos-als-centres-publics\/\"},\"author\":{\"name\":\"admin\",\"@id\":\"https:\/\/www.siau.cat\/#\/schema\/person\/810c15694a7e538934bb4be53ebcba0d\"},\"headline\":\"Continua el desmantellament de l\u2019escola p\u00fablica: la Conselleria premia la concertada mentre retalla recursos als centres p\u00fablics\",\"datePublished\":\"2025-07-21T09:14:17+00:00\",\"dateModified\":\"2025-07-21T09:14:19+00:00\",\"mainEntityOfPage\":{\"@id\":\"https:\/\/www.siau.cat\/index.php\/2025\/07\/21\/continua-el-desmantellament-de-lescola-publica-la-conselleria-premia-la-concertada-mentre-retalla-recursos-als-centres-publics\/\"},\"wordCount\":490,\"publisher\":{\"@id\":\"https:\/\/www.siau.cat\/#organization\"},\"image\":{\"@id\":\"https:\/\/www.siau.cat\/index.php\/2025\/07\/21\/continua-el-desmantellament-de-lescola-publica-la-conselleria-premia-la-concertada-mentre-retalla-recursos-als-centres-publics\/#primaryimage\"},\"thumbnailUrl\":\"https:\/\/www.siau.cat\/wp-content\/uploads\/2025\/07\/Retallades-a-lescola-publica-1024x724.png\",\"articleSection\":[\"Uncategorized\"],\"inLanguage\":\"ca\"},{\"@type\":\"WebPage\",\"@id\":\"https:\/\/www.siau.cat\/index.php\/2025\/07\/21\/continua-el-desmantellament-de-lescola-publica-la-conselleria-premia-la-concertada-mentre-retalla-recursos-als-centres-publics\/\",\"url\":\"https:\/\/www.siau.cat\/index.php\/2025\/07\/21\/continua-el-desmantellament-de-lescola-publica-la-conselleria-premia-la-concertada-mentre-retalla-recursos-als-centres-publics\/\",\"name\":\"Continua el desmantellament de l\u2019escola p\u00fablica: la Conselleria premia la concertada mentre retalla recursos als centres p\u00fablics &#8212; SIAU - SINDICAT INDEPENDENT, AUT\u00d2NOM I UNITARI\",\"isPartOf\":{\"@id\":\"https:\/\/www.siau.cat\/#website\"},\"primaryImageOfPage\":{\"@id\":\"https:\/\/www.siau.cat\/index.php\/2025\/07\/21\/continua-el-desmantellament-de-lescola-publica-la-conselleria-premia-la-concertada-mentre-retalla-recursos-als-centres-publics\/#primaryimage\"},\"image\":{\"@id\":\"https:\/\/www.siau.cat\/index.php\/2025\/07\/21\/continua-el-desmantellament-de-lescola-publica-la-conselleria-premia-la-concertada-mentre-retalla-recursos-als-centres-publics\/#primaryimage\"},\"thumbnailUrl\":\"https:\/\/www.siau.cat\/wp-content\/uploads\/2025\/07\/Retallades-a-lescola-publica-1024x724.png\",\"datePublished\":\"2025-07-21T09:14:17+00:00\",\"dateModified\":\"2025-07-21T09:14:19+00:00\",\"breadcrumb\":{\"@id\":\"https:\/\/www.siau.cat\/index.php\/2025\/07\/21\/continua-el-desmantellament-de-lescola-publica-la-conselleria-premia-la-concertada-mentre-retalla-recursos-als-centres-publics\/#breadcrumb\"},\"inLanguage\":\"ca\",\"potentialAction\":[{\"@type\":\"ReadAction\",\"target\":[\"https:\/\/www.siau.cat\/index.php\/2025\/07\/21\/continua-el-desmantellament-de-lescola-publica-la-conselleria-premia-la-concertada-mentre-retalla-recursos-als-centres-publics\/\"]}]},{\"@type\":\"ImageObject\",\"inLanguage\":\"ca\",\"@id\":\"https:\/\/www.siau.cat\/index.php\/2025\/07\/21\/continua-el-desmantellament-de-lescola-publica-la-conselleria-premia-la-concertada-mentre-retalla-recursos-als-centres-publics\/#primaryimage\",\"url\":\"https:\/\/www.siau.cat\/wp-content\/uploads\/2025\/07\/Retallades-a-lescola-publica.png\",\"contentUrl\":\"https:\/\/www.siau.cat\/wp-content\/uploads\/2025\/07\/Retallades-a-lescola-publica.png\",\"width\":2000,\"height\":1414},{\"@type\":\"BreadcrumbList\",\"@id\":\"https:\/\/www.siau.cat\/index.php\/2025\/07\/21\/continua-el-desmantellament-de-lescola-publica-la-conselleria-premia-la-concertada-mentre-retalla-recursos-als-centres-publics\/#breadcrumb\",\"itemListElement\":[{\"@type\":\"ListItem\",\"position\":1,\"name\":\"Inici\",\"item\":\"https:\/\/www.siau.cat\/\"},{\"@type\":\"ListItem\",\"position\":2,\"name\":\"Continua el desmantellament de l\u2019escola p\u00fablica: la Conselleria premia la concertada mentre retalla recursos als centres p\u00fablics\"}]},{\"@type\":\"WebSite\",\"@id\":\"https:\/\/www.siau.cat\/#website\",\"url\":\"https:\/\/www.siau.cat\/\",\"name\":\"SIAU - SINDICAT INDEPENDENT, AUT\u00d2NOM I UNITARI\",\"description\":\"Ara s&iacute; que tenim la veu\",\"publisher\":{\"@id\":\"https:\/\/www.siau.cat\/#organization\"},\"potentialAction\":[{\"@type\":\"SearchAction\",\"target\":{\"@type\":\"EntryPoint\",\"urlTemplate\":\"https:\/\/www.siau.cat\/?s={search_term_string}\"},\"query-input\":{\"@type\":\"PropertyValueSpecification\",\"valueRequired\":true,\"valueName\":\"search_term_string\"}}],\"inLanguage\":\"ca\"},{\"@type\":\"Organization\",\"@id\":\"https:\/\/www.siau.cat\/#organization\",\"name\":\"SIAU\",\"url\":\"https:\/\/www.siau.cat\/\",\"logo\":{\"@type\":\"ImageObject\",\"inLanguage\":\"ca\",\"@id\":\"https:\/\/www.siau.cat\/#\/schema\/logo\/image\/\",\"url\":\"https:\/\/www.siau.cat\/wp-content\/uploads\/2022\/03\/cropped-resized_LOGO-SIAU-5-e1652020847972.jpg\",\"contentUrl\":\"https:\/\/www.siau.cat\/wp-content\/uploads\/2022\/03\/cropped-resized_LOGO-SIAU-5-e1652020847972.jpg\",\"width\":1600,\"height\":1200,\"caption\":\"SIAU\"},\"image\":{\"@id\":\"https:\/\/www.siau.cat\/#\/schema\/logo\/image\/\"}},{\"@type\":\"Person\",\"@id\":\"https:\/\/www.siau.cat\/#\/schema\/person\/810c15694a7e538934bb4be53ebcba0d\",\"name\":\"admin\",\"image\":{\"@type\":\"ImageObject\",\"inLanguage\":\"ca\",\"@id\":\"https:\/\/www.siau.cat\/#\/schema\/person\/image\/\",\"url\":\"https:\/\/www.siau.cat\/wp-content\/litespeed\/avatar\/d73ebfac3daa0b52552b2ccea63469da.jpg?ver=1777403609\",\"contentUrl\":\"https:\/\/www.siau.cat\/wp-content\/litespeed\/avatar\/d73ebfac3daa0b52552b2ccea63469da.jpg?ver=1777403609\",\"caption\":\"admin\"},\"sameAs\":[\"https:\/\/www.siau.cat\"],\"url\":\"https:\/\/www.siau.cat\/index.php\/author\/admin\/\"}]}<\/script>\n<!-- \/ Yoast SEO plugin. -->","yoast_head_json":{"title":"Continua el desmantellament de l\u2019escola p\u00fablica: la Conselleria premia la concertada mentre retalla recursos als centres p\u00fablics &#8212; SIAU - SINDICAT INDEPENDENT, AUT\u00d2NOM I UNITARI","robots":{"index":"index","follow":"follow","max-snippet":"max-snippet:-1","max-image-preview":"max-image-preview:large","max-video-preview":"max-video-preview:-1"},"canonical":"https:\/\/www.siau.cat\/index.php\/2025\/07\/21\/continua-el-desmantellament-de-lescola-publica-la-conselleria-premia-la-concertada-mentre-retalla-recursos-als-centres-publics\/","og_locale":"ca_ES","og_type":"article","og_title":"Continua el desmantellament de l\u2019escola p\u00fablica: la Conselleria premia la concertada mentre retalla recursos als centres p\u00fablics &#8212; SIAU - SINDICAT INDEPENDENT, AUT\u00d2NOM I UNITARI","og_description":"La Conselleria d\u2019Educaci\u00f3 continua executant un pla de retallades i desmantellament progressiu de l\u2019educaci\u00f3 p\u00fablica a les Illes Balears. Mentrestant, els centres concertats \u2014amb especial atenci\u00f3 els religiosos\u2014 reben m\u00e9s recursos i privilegis. Els fets parlen per si sols. Retallades greus a centres p\u00fablics de totes les illes IES Inca (Mallorca): El centre va denunciar &hellip; Continua llegint \u00abContinua el desmantellament de l\u2019escola p\u00fablica: la Conselleria premia la concertada mentre retalla recursos als centres p\u00fablics\u00bb","og_url":"https:\/\/www.siau.cat\/index.php\/2025\/07\/21\/continua-el-desmantellament-de-lescola-publica-la-conselleria-premia-la-concertada-mentre-retalla-recursos-als-centres-publics\/","og_site_name":"SIAU - SINDICAT INDEPENDENT, AUT\u00d2NOM I UNITARI","article_published_time":"2025-07-21T09:14:17+00:00","article_modified_time":"2025-07-21T09:14:19+00:00","og_image":[{"width":2000,"height":1414,"url":"https:\/\/www.siau.cat\/wp-content\/uploads\/2025\/07\/Retallades-a-lescola-publica.png","type":"image\/png"}],"author":"admin","twitter_card":"summary_large_image","twitter_misc":{"Escrit per":"admin","Temps estimat de lectura":"3 minuts"},"schema":{"@context":"https:\/\/schema.org","@graph":[{"@type":"Article","@id":"https:\/\/www.siau.cat\/index.php\/2025\/07\/21\/continua-el-desmantellament-de-lescola-publica-la-conselleria-premia-la-concertada-mentre-retalla-recursos-als-centres-publics\/#article","isPartOf":{"@id":"https:\/\/www.siau.cat\/index.php\/2025\/07\/21\/continua-el-desmantellament-de-lescola-publica-la-conselleria-premia-la-concertada-mentre-retalla-recursos-als-centres-publics\/"},"author":{"name":"admin","@id":"https:\/\/www.siau.cat\/#\/schema\/person\/810c15694a7e538934bb4be53ebcba0d"},"headline":"Continua el desmantellament de l\u2019escola p\u00fablica: la Conselleria premia la concertada mentre retalla recursos als centres p\u00fablics","datePublished":"2025-07-21T09:14:17+00:00","dateModified":"2025-07-21T09:14:19+00:00","mainEntityOfPage":{"@id":"https:\/\/www.siau.cat\/index.php\/2025\/07\/21\/continua-el-desmantellament-de-lescola-publica-la-conselleria-premia-la-concertada-mentre-retalla-recursos-als-centres-publics\/"},"wordCount":490,"publisher":{"@id":"https:\/\/www.siau.cat\/#organization"},"image":{"@id":"https:\/\/www.siau.cat\/index.php\/2025\/07\/21\/continua-el-desmantellament-de-lescola-publica-la-conselleria-premia-la-concertada-mentre-retalla-recursos-als-centres-publics\/#primaryimage"},"thumbnailUrl":"https:\/\/www.siau.cat\/wp-content\/uploads\/2025\/07\/Retallades-a-lescola-publica-1024x724.png","articleSection":["Uncategorized"],"inLanguage":"ca"},{"@type":"WebPage","@id":"https:\/\/www.siau.cat\/index.php\/2025\/07\/21\/continua-el-desmantellament-de-lescola-publica-la-conselleria-premia-la-concertada-mentre-retalla-recursos-als-centres-publics\/","url":"https:\/\/www.siau.cat\/index.php\/2025\/07\/21\/continua-el-desmantellament-de-lescola-publica-la-conselleria-premia-la-concertada-mentre-retalla-recursos-als-centres-publics\/","name":"Continua el desmantellament de l\u2019escola p\u00fablica: la Conselleria premia la concertada mentre retalla recursos als centres p\u00fablics &#8212; SIAU - SINDICAT INDEPENDENT, AUT\u00d2NOM I UNITARI","isPartOf":{"@id":"https:\/\/www.siau.cat\/#website"},"primaryImageOfPage":{"@id":"https:\/\/www.siau.cat\/index.php\/2025\/07\/21\/continua-el-desmantellament-de-lescola-publica-la-conselleria-premia-la-concertada-mentre-retalla-recursos-als-centres-publics\/#primaryimage"},"image":{"@id":"https:\/\/www.siau.cat\/index.php\/2025\/07\/21\/continua-el-desmantellament-de-lescola-publica-la-conselleria-premia-la-concertada-mentre-retalla-recursos-als-centres-publics\/#primaryimage"},"thumbnailUrl":"https:\/\/www.siau.cat\/wp-content\/uploads\/2025\/07\/Retallades-a-lescola-publica-1024x724.png","datePublished":"2025-07-21T09:14:17+00:00","dateModified":"2025-07-21T09:14:19+00:00","breadcrumb":{"@id":"https:\/\/www.siau.cat\/index.php\/2025\/07\/21\/continua-el-desmantellament-de-lescola-publica-la-conselleria-premia-la-concertada-mentre-retalla-recursos-als-centres-publics\/#breadcrumb"},"inLanguage":"ca","potentialAction":[{"@type":"ReadAction","target":["https:\/\/www.siau.cat\/index.php\/2025\/07\/21\/continua-el-desmantellament-de-lescola-publica-la-conselleria-premia-la-concertada-mentre-retalla-recursos-als-centres-publics\/"]}]},{"@type":"ImageObject","inLanguage":"ca","@id":"https:\/\/www.siau.cat\/index.php\/2025\/07\/21\/continua-el-desmantellament-de-lescola-publica-la-conselleria-premia-la-concertada-mentre-retalla-recursos-als-centres-publics\/#primaryimage","url":"https:\/\/www.siau.cat\/wp-content\/uploads\/2025\/07\/Retallades-a-lescola-publica.png","contentUrl":"https:\/\/www.siau.cat\/wp-content\/uploads\/2025\/07\/Retallades-a-lescola-publica.png","width":2000,"height":1414},{"@type":"BreadcrumbList","@id":"https:\/\/www.siau.cat\/index.php\/2025\/07\/21\/continua-el-desmantellament-de-lescola-publica-la-conselleria-premia-la-concertada-mentre-retalla-recursos-als-centres-publics\/#breadcrumb","itemListElement":[{"@type":"ListItem","position":1,"name":"Inici","item":"https:\/\/www.siau.cat\/"},{"@type":"ListItem","position":2,"name":"Continua el desmantellament de l\u2019escola p\u00fablica: la Conselleria premia la concertada mentre retalla recursos als centres p\u00fablics"}]},{"@type":"WebSite","@id":"https:\/\/www.siau.cat\/#website","url":"https:\/\/www.siau.cat\/","name":"SIAU - SINDICAT INDEPENDENT, AUT\u00d2NOM I UNITARI","description":"Ara s&iacute; que tenim la veu","publisher":{"@id":"https:\/\/www.siau.cat\/#organization"},"potentialAction":[{"@type":"SearchAction","target":{"@type":"EntryPoint","urlTemplate":"https:\/\/www.siau.cat\/?s={search_term_string}"},"query-input":{"@type":"PropertyValueSpecification","valueRequired":true,"valueName":"search_term_string"}}],"inLanguage":"ca"},{"@type":"Organization","@id":"https:\/\/www.siau.cat\/#organization","name":"SIAU","url":"https:\/\/www.siau.cat\/","logo":{"@type":"ImageObject","inLanguage":"ca","@id":"https:\/\/www.siau.cat\/#\/schema\/logo\/image\/","url":"https:\/\/www.siau.cat\/wp-content\/uploads\/2022\/03\/cropped-resized_LOGO-SIAU-5-e1652020847972.jpg","contentUrl":"https:\/\/www.siau.cat\/wp-content\/uploads\/2022\/03\/cropped-resized_LOGO-SIAU-5-e1652020847972.jpg","width":1600,"height":1200,"caption":"SIAU"},"image":{"@id":"https:\/\/www.siau.cat\/#\/schema\/logo\/image\/"}},{"@type":"Person","@id":"https:\/\/www.siau.cat\/#\/schema\/person\/810c15694a7e538934bb4be53ebcba0d","name":"admin","image":{"@type":"ImageObject","inLanguage":"ca","@id":"https:\/\/www.siau.cat\/#\/schema\/person\/image\/","url":"https:\/\/www.siau.cat\/wp-content\/litespeed\/avatar\/d73ebfac3daa0b52552b2ccea63469da.jpg?ver=1777403609","contentUrl":"https:\/\/www.siau.cat\/wp-content\/litespeed\/avatar\/d73ebfac3daa0b52552b2ccea63469da.jpg?ver=1777403609","caption":"admin"},"sameAs":["https:\/\/www.siau.cat"],"url":"https:\/\/www.siau.cat\/index.php\/author\/admin\/"}]}},"jetpack_featured_media_url":"","jetpack_sharing_enabled":true,"_links":{"self":[{"href":"https:\/\/www.siau.cat\/index.php\/wp-json\/wp\/v2\/posts\/2009","targetHints":{"allow":["GET"]}}],"collection":[{"href":"https:\/\/www.siau.cat\/index.php\/wp-json\/wp\/v2\/posts"}],"about":[{"href":"https:\/\/www.siau.cat\/index.php\/wp-json\/wp\/v2\/types\/post"}],"author":[{"embeddable":true,"href":"https:\/\/www.siau.cat\/index.php\/wp-json\/wp\/v2\/users\/1"}],"replies":[{"embeddable":true,"href":"https:\/\/www.siau.cat\/index.php\/wp-json\/wp\/v2\/comments?post=2009"}],"version-history":[{"count":1,"href":"https:\/\/www.siau.cat\/index.php\/wp-json\/wp\/v2\/posts\/2009\/revisions"}],"predecessor-version":[{"id":2011,"href":"https:\/\/www.siau.cat\/index.php\/wp-json\/wp\/v2\/posts\/2009\/revisions\/2011"}],"wp:attachment":[{"href":"https:\/\/www.siau.cat\/index.php\/wp-json\/wp\/v2\/media?parent=2009"}],"wp:term":[{"taxonomy":"category","embeddable":true,"href":"https:\/\/www.siau.cat\/index.php\/wp-json\/wp\/v2\/categories?post=2009"},{"taxonomy":"post_tag","embeddable":true,"href":"https:\/\/www.siau.cat\/index.php\/wp-json\/wp\/v2\/tags?post=2009"}],"curies":[{"name":"wp","href":"https:\/\/api.w.org\/{rel}","templated":true}]}}