{"id":2015,"date":"2025-07-25T08:26:58","date_gmt":"2025-07-25T08:26:58","guid":{"rendered":"https:\/\/www.siau.cat\/?p=2015"},"modified":"2025-07-25T08:27:00","modified_gmt":"2025-07-25T08:27:00","slug":"la-conselleria-deducacio-ressuscita-les-places-compartides-entre-cossos-per-afavorir-noms-concrets","status":"publish","type":"post","link":"https:\/\/www.siau.cat\/index.php\/2025\/07\/25\/la-conselleria-deducacio-ressuscita-les-places-compartides-entre-cossos-per-afavorir-noms-concrets\/","title":{"rendered":"La Conselleria d\u2019Educaci\u00f3 ressuscita les places compartides entre cossos per afavorir noms concrets"},"content":{"rendered":"\n<figure class=\"wp-block-image size-large\"><img loading=\"lazy\" decoding=\"async\" width=\"1024\" height=\"683\" src=\"https:\/\/www.siau.cat\/wp-content\/uploads\/2025\/07\/conselleria-2-1024x683.jpg\" alt=\"\" class=\"wp-image-2016\" srcset=\"https:\/\/www.siau.cat\/wp-content\/uploads\/2025\/07\/conselleria-2-1024x683.jpg 1024w, https:\/\/www.siau.cat\/wp-content\/uploads\/2025\/07\/conselleria-2-300x200.jpg 300w, https:\/\/www.siau.cat\/wp-content\/uploads\/2025\/07\/conselleria-2-768x512.jpg 768w, https:\/\/www.siau.cat\/wp-content\/uploads\/2025\/07\/conselleria-2-1536x1024.jpg 1536w, https:\/\/www.siau.cat\/wp-content\/uploads\/2025\/07\/conselleria-2-24x16.jpg 24w, https:\/\/www.siau.cat\/wp-content\/uploads\/2025\/07\/conselleria-2-36x24.jpg 36w, https:\/\/www.siau.cat\/wp-content\/uploads\/2025\/07\/conselleria-2-48x32.jpg 48w, https:\/\/www.siau.cat\/wp-content\/uploads\/2025\/07\/conselleria-2-350x233.jpg 350w, https:\/\/www.siau.cat\/wp-content\/uploads\/2025\/07\/conselleria-2.jpg 1920w\" sizes=\"auto, (max-width: 767px) 89vw, (max-width: 1000px) 54vw, (max-width: 1071px) 543px, 580px\" \/><figcaption class=\"wp-element-caption\">Conselleria d&#8217;Educaci\u00f3 i Universitats<\/figcaption><\/figure>\n\n\n\n<p>Des del Sindicat Independent, Aut\u00f2nom i Unitari (SIAU) denunciam p\u00fablicament la decisi\u00f3 arbitr\u00e0ria i opaca de la Direcci\u00f3 General de Personal Docent i Centres Concertats de tornar a introduir places compartides entre cossos docents \u2013combinant cossos com el de secund\u00e0ria amb m\u00fasica i arts esc\u00e8niques, o prim\u00e0ria amb secund\u00e0ria\u2013 amb l\u2019objectiu evident de beneficiar determinades persones i perjudicar-ne d\u2019altres, especialment docents que han estat cr\u00edtics amb la nefasta gesti\u00f3 de la Conselleria.<\/p>\n\n\n\n<p>Aquesta pr\u00e0ctica suposa una reculada escandalosa cap a temps passats que cr\u00e8iem definitivament superats. Cal recordar que fins al curs 2018-2019 es permetien, de forma excepcional i justificada, les places compartides entre cossos. Tanmateix, amb la recuperaci\u00f3 de la llista \u00fanica d\u2019interins i el sistema d\u2019adjudicaci\u00f3 cremallera, aquestes places varen desapar\u00e8ixer, com aix\u00ed ho establia la normativa de l\u2019\u00e8poca:<br><em>\u201cLes places que, excepcionalment, per raons de planificaci\u00f3 educativa siguin compartides entre dos cossos diferents s\u2019han d\u2019adjudicar dins el grup de places del cos al qual correspongui la funci\u00f3 principal\u2026\u201d<\/em><\/p>\n\n\n\n<p>A la Mesa Sectorial d\u2019Educaci\u00f3 del 20 de juny de 2019, el Sr. Alberto Jos\u00e9 Flores, en aquell moment cap del Servei de Secund\u00e0ria, ho deixava ben clar:<br><em>\u201cAmb la llista \u00fanica no t\u00e9 sentit [les places compartides], tot i que a centres molt concrets com els de l\u2019illa de Formentera es pot donar qualque cas per necessitats de la quota.\u201d<\/em><\/p>\n\n\n\n<p>Ara, el Sr. Flores, actual cap de departament de Personal Docent, sembla que ha avalat una reintroducci\u00f3 d\u2019aquestes places, el que consideram una pr\u00e0ctica obscura i de dubtosa legalitat. I la resoluci\u00f3 d\u2019adjudicaci\u00f3 de destinacions provisionals per al curs 2025-2026 ni tan sols recull cap menci\u00f3 legal ni justificaci\u00f3 per fer-ho, a difer\u00e8ncia del que succe\u00efa a les distintes Resolucions publicades en el BOIB fins al curs 2018-2019. Aquest fet confirma que es tracta d\u2019una decisi\u00f3 orquestrada en la foscor, sense transpar\u00e8ncia ni garanties legals, una mostra clara de nocturnitat i tra\u00efdoria.<\/p>\n\n\n\n<p>A m\u00e9s, hem pogut saber que la Conselleria est\u00e0 actualitzant el llistat de vacants per afegir encara m\u00e9s places compartides entre cossos diferents, en molts casos places que ja tenen noms i llinatges. Des de SIAU ja coneixem la identitat de bona part de les persones per a qui s\u2019han preparat aquestes places a mida, la qual cosa refor\u00e7a encara m\u00e9s la nostra sospita sobre el car\u00e0cter discrecional i selectiu d\u2019aquesta maniobra.<\/p>\n\n\n\n<p>Les conseq\u00fc\u00e8ncies d\u2019aquesta actuaci\u00f3 s\u00f3n devastadores per molts docents, especialment aquells que tenen assignades funcions molt espec\u00edfiques i de poques places. Alguns d\u2019ells, amb d\u00e8cades d\u2019experi\u00e8ncia i una traject\u00f2ria impecable, veuen ara com molt probablement se\u2019ls expulsar\u00e0 del sistema per no haver pogut marcar a temps funcions que no tenien actives, ja que el canvi es va implementar despr\u00e9s de tancar-se el termini de modificaci\u00f3 d\u2019opcions de la borsa d\u2019interins. Un aut\u00e8ntic atemptat contra la dignitat professional d\u2019aquests treballadors p\u00fablics.<\/p>\n\n\n\n<p>Aquest ab\u00fas de poder ens recorda pr\u00e0ctiques del passat, quan es creaven places a mida per a persones amb carnet del Partit Popular, amb perfils tan espec\u00edfics que nom\u00e9s una persona a totes les Illes Balears els podia complir. Tornam, per desgr\u00e0cia, a les places amb noms i llinatges, a la manipulaci\u00f3 dels recursos p\u00fablics per col\u00b7locar afins i depurar dissidents.<\/p>\n\n\n\n<p>Com si aix\u00f2 no fos prou greu, ahir es varen publicar els llistats d\u2019interins que conserven i perden les places de tres anys, i hem detectat possibles irregularitats, inclosos cessaments injustificats de docents. Aquest fet ja es va produir el curs passat, i SIAU ho va denunciar p\u00fablicament i a trav\u00e9s de recursos potestatius de reposici\u00f3. Gr\u00e0cies a la nostra intervenci\u00f3, molts docents varen poder recuperar la seva pla\u00e7a en el darrer moment. Estam, per tant, davant la repetici\u00f3 d\u2019un patr\u00f3 inacceptable que genera una gran inseguretat jur\u00eddica i laboral.<\/p>\n\n\n\n<p>Des de SIAU no ens quedarem de bra\u00e7os plegats i, per aix\u00f2, estudiarem emprendre accions legals contra aquesta pr\u00e0ctica, que consideram, com a m\u00ednim, inacceptablement i \u00e8ticament corrupte. Exigim la retirada immediata d\u2019aquestes places compartides, aix\u00ed com la depuraci\u00f3 de responsabilitats dins la Conselleria. Els que estan al capdavant de les institucions p\u00fabliques haurien de ser les persones m\u00e9s pulcres i predicar sempre amb l\u2019exemple. L\u2019educaci\u00f3 p\u00fablica de les Illes Balears no pot convertir-se en un xibiu al servei de les amistats pol\u00edtiques o personals. Qui gestiona l\u2019Administraci\u00f3 p\u00fablica ha d\u2019entendre, d\u2019una vegada per totes, que no governa una empresa privada, sin\u00f3 que serveix al b\u00e9 com\u00fa.<\/p>\n\n\n\n<p>No afluixarem fins que aquesta vergonya s\u2019aturi!<\/p>\n","protected":false},"excerpt":{"rendered":"<p>Des del Sindicat Independent, Aut\u00f2nom i Unitari (SIAU) denunciam p\u00fablicament la decisi\u00f3 arbitr\u00e0ria i opaca de la Direcci\u00f3 General de Personal Docent i Centres Concertats de tornar a introduir places compartides entre cossos docents \u2013combinant cossos com el de secund\u00e0ria amb m\u00fasica i arts esc\u00e8niques, o prim\u00e0ria amb secund\u00e0ria\u2013 amb l\u2019objectiu evident de beneficiar determinades &hellip; <\/p>\n<p class=\"link-more\"><a href=\"https:\/\/www.siau.cat\/index.php\/2025\/07\/25\/la-conselleria-deducacio-ressuscita-les-places-compartides-entre-cossos-per-afavorir-noms-concrets\/\" class=\"more-link\">Continua llegint <span class=\"screen-reader-text\">\u00abLa Conselleria d\u2019Educaci\u00f3 ressuscita les places compartides entre cossos per afavorir noms concrets\u00bb<\/span><\/a><\/p>\n","protected":false},"author":1,"featured_media":0,"comment_status":"closed","ping_status":"open","sticky":false,"template":"","format":"standard","meta":{"_jetpack_memberships_contains_paid_content":false,"footnotes":""},"categories":[1],"tags":[],"class_list":["post-2015","post","type-post","status-publish","format-standard","hentry","category-uncategorized"],"yoast_head":"<!-- This site is optimized with the Yoast SEO plugin v25.4 - https:\/\/yoast.com\/wordpress\/plugins\/seo\/ -->\n<title>La Conselleria d\u2019Educaci\u00f3 ressuscita les places compartides entre cossos per afavorir noms concrets &#8212; SIAU - SINDICAT INDEPENDENT, AUT\u00d2NOM I UNITARI<\/title>\n<meta name=\"robots\" content=\"index, follow, max-snippet:-1, max-image-preview:large, max-video-preview:-1\" \/>\n<link rel=\"canonical\" href=\"https:\/\/www.siau.cat\/index.php\/2025\/07\/25\/la-conselleria-deducacio-ressuscita-les-places-compartides-entre-cossos-per-afavorir-noms-concrets\/\" \/>\n<meta property=\"og:locale\" content=\"ca_ES\" \/>\n<meta property=\"og:type\" content=\"article\" \/>\n<meta property=\"og:title\" content=\"La Conselleria d\u2019Educaci\u00f3 ressuscita les places compartides entre cossos per afavorir noms concrets &#8212; SIAU - SINDICAT INDEPENDENT, AUT\u00d2NOM I UNITARI\" \/>\n<meta property=\"og:description\" content=\"Des del Sindicat Independent, Aut\u00f2nom i Unitari (SIAU) denunciam p\u00fablicament la decisi\u00f3 arbitr\u00e0ria i opaca de la Direcci\u00f3 General de Personal Docent i Centres Concertats de tornar a introduir places compartides entre cossos docents \u2013combinant cossos com el de secund\u00e0ria amb m\u00fasica i arts esc\u00e8niques, o prim\u00e0ria amb secund\u00e0ria\u2013 amb l\u2019objectiu evident de beneficiar determinades &hellip; Continua llegint \u00abLa Conselleria d\u2019Educaci\u00f3 ressuscita les places compartides entre cossos per afavorir noms concrets\u00bb\" \/>\n<meta property=\"og:url\" content=\"https:\/\/www.siau.cat\/index.php\/2025\/07\/25\/la-conselleria-deducacio-ressuscita-les-places-compartides-entre-cossos-per-afavorir-noms-concrets\/\" \/>\n<meta property=\"og:site_name\" content=\"SIAU - SINDICAT INDEPENDENT, AUT\u00d2NOM I UNITARI\" \/>\n<meta property=\"article:published_time\" content=\"2025-07-25T08:26:58+00:00\" \/>\n<meta property=\"article:modified_time\" content=\"2025-07-25T08:27:00+00:00\" \/>\n<meta property=\"og:image\" content=\"https:\/\/www.siau.cat\/wp-content\/uploads\/2025\/07\/conselleria-2.jpg\" \/>\n\t<meta property=\"og:image:width\" content=\"1920\" \/>\n\t<meta property=\"og:image:height\" content=\"1280\" \/>\n\t<meta property=\"og:image:type\" content=\"image\/jpeg\" \/>\n<meta name=\"author\" content=\"admin\" \/>\n<meta name=\"twitter:card\" content=\"summary_large_image\" \/>\n<meta name=\"twitter:label1\" content=\"Escrit per\" \/>\n\t<meta name=\"twitter:data1\" content=\"admin\" \/>\n\t<meta name=\"twitter:label2\" content=\"Temps estimat de lectura\" \/>\n\t<meta name=\"twitter:data2\" content=\"5 minuts\" \/>\n<script type=\"application\/ld+json\" class=\"yoast-schema-graph\">{\"@context\":\"https:\/\/schema.org\",\"@graph\":[{\"@type\":\"Article\",\"@id\":\"https:\/\/www.siau.cat\/index.php\/2025\/07\/25\/la-conselleria-deducacio-ressuscita-les-places-compartides-entre-cossos-per-afavorir-noms-concrets\/#article\",\"isPartOf\":{\"@id\":\"https:\/\/www.siau.cat\/index.php\/2025\/07\/25\/la-conselleria-deducacio-ressuscita-les-places-compartides-entre-cossos-per-afavorir-noms-concrets\/\"},\"author\":{\"name\":\"admin\",\"@id\":\"https:\/\/www.siau.cat\/#\/schema\/person\/810c15694a7e538934bb4be53ebcba0d\"},\"headline\":\"La Conselleria d\u2019Educaci\u00f3 ressuscita les places compartides entre cossos per afavorir noms concrets\",\"datePublished\":\"2025-07-25T08:26:58+00:00\",\"dateModified\":\"2025-07-25T08:27:00+00:00\",\"mainEntityOfPage\":{\"@id\":\"https:\/\/www.siau.cat\/index.php\/2025\/07\/25\/la-conselleria-deducacio-ressuscita-les-places-compartides-entre-cossos-per-afavorir-noms-concrets\/\"},\"wordCount\":830,\"publisher\":{\"@id\":\"https:\/\/www.siau.cat\/#organization\"},\"image\":{\"@id\":\"https:\/\/www.siau.cat\/index.php\/2025\/07\/25\/la-conselleria-deducacio-ressuscita-les-places-compartides-entre-cossos-per-afavorir-noms-concrets\/#primaryimage\"},\"thumbnailUrl\":\"https:\/\/www.siau.cat\/wp-content\/uploads\/2025\/07\/conselleria-2-1024x683.jpg\",\"articleSection\":[\"Uncategorized\"],\"inLanguage\":\"ca\"},{\"@type\":\"WebPage\",\"@id\":\"https:\/\/www.siau.cat\/index.php\/2025\/07\/25\/la-conselleria-deducacio-ressuscita-les-places-compartides-entre-cossos-per-afavorir-noms-concrets\/\",\"url\":\"https:\/\/www.siau.cat\/index.php\/2025\/07\/25\/la-conselleria-deducacio-ressuscita-les-places-compartides-entre-cossos-per-afavorir-noms-concrets\/\",\"name\":\"La Conselleria d\u2019Educaci\u00f3 ressuscita les places compartides entre cossos per afavorir noms concrets &#8212; SIAU - SINDICAT INDEPENDENT, AUT\u00d2NOM I UNITARI\",\"isPartOf\":{\"@id\":\"https:\/\/www.siau.cat\/#website\"},\"primaryImageOfPage\":{\"@id\":\"https:\/\/www.siau.cat\/index.php\/2025\/07\/25\/la-conselleria-deducacio-ressuscita-les-places-compartides-entre-cossos-per-afavorir-noms-concrets\/#primaryimage\"},\"image\":{\"@id\":\"https:\/\/www.siau.cat\/index.php\/2025\/07\/25\/la-conselleria-deducacio-ressuscita-les-places-compartides-entre-cossos-per-afavorir-noms-concrets\/#primaryimage\"},\"thumbnailUrl\":\"https:\/\/www.siau.cat\/wp-content\/uploads\/2025\/07\/conselleria-2-1024x683.jpg\",\"datePublished\":\"2025-07-25T08:26:58+00:00\",\"dateModified\":\"2025-07-25T08:27:00+00:00\",\"breadcrumb\":{\"@id\":\"https:\/\/www.siau.cat\/index.php\/2025\/07\/25\/la-conselleria-deducacio-ressuscita-les-places-compartides-entre-cossos-per-afavorir-noms-concrets\/#breadcrumb\"},\"inLanguage\":\"ca\",\"potentialAction\":[{\"@type\":\"ReadAction\",\"target\":[\"https:\/\/www.siau.cat\/index.php\/2025\/07\/25\/la-conselleria-deducacio-ressuscita-les-places-compartides-entre-cossos-per-afavorir-noms-concrets\/\"]}]},{\"@type\":\"ImageObject\",\"inLanguage\":\"ca\",\"@id\":\"https:\/\/www.siau.cat\/index.php\/2025\/07\/25\/la-conselleria-deducacio-ressuscita-les-places-compartides-entre-cossos-per-afavorir-noms-concrets\/#primaryimage\",\"url\":\"https:\/\/www.siau.cat\/wp-content\/uploads\/2025\/07\/conselleria-2.jpg\",\"contentUrl\":\"https:\/\/www.siau.cat\/wp-content\/uploads\/2025\/07\/conselleria-2.jpg\",\"width\":1920,\"height\":1280},{\"@type\":\"BreadcrumbList\",\"@id\":\"https:\/\/www.siau.cat\/index.php\/2025\/07\/25\/la-conselleria-deducacio-ressuscita-les-places-compartides-entre-cossos-per-afavorir-noms-concrets\/#breadcrumb\",\"itemListElement\":[{\"@type\":\"ListItem\",\"position\":1,\"name\":\"Inici\",\"item\":\"https:\/\/www.siau.cat\/\"},{\"@type\":\"ListItem\",\"position\":2,\"name\":\"La Conselleria d\u2019Educaci\u00f3 ressuscita les places compartides entre cossos per afavorir noms concrets\"}]},{\"@type\":\"WebSite\",\"@id\":\"https:\/\/www.siau.cat\/#website\",\"url\":\"https:\/\/www.siau.cat\/\",\"name\":\"SIAU - SINDICAT INDEPENDENT, AUT\u00d2NOM I UNITARI\",\"description\":\"Ara s&iacute; que tenim la veu\",\"publisher\":{\"@id\":\"https:\/\/www.siau.cat\/#organization\"},\"potentialAction\":[{\"@type\":\"SearchAction\",\"target\":{\"@type\":\"EntryPoint\",\"urlTemplate\":\"https:\/\/www.siau.cat\/?s={search_term_string}\"},\"query-input\":{\"@type\":\"PropertyValueSpecification\",\"valueRequired\":true,\"valueName\":\"search_term_string\"}}],\"inLanguage\":\"ca\"},{\"@type\":\"Organization\",\"@id\":\"https:\/\/www.siau.cat\/#organization\",\"name\":\"SIAU\",\"url\":\"https:\/\/www.siau.cat\/\",\"logo\":{\"@type\":\"ImageObject\",\"inLanguage\":\"ca\",\"@id\":\"https:\/\/www.siau.cat\/#\/schema\/logo\/image\/\",\"url\":\"https:\/\/www.siau.cat\/wp-content\/uploads\/2022\/03\/cropped-resized_LOGO-SIAU-5-e1652020847972.jpg\",\"contentUrl\":\"https:\/\/www.siau.cat\/wp-content\/uploads\/2022\/03\/cropped-resized_LOGO-SIAU-5-e1652020847972.jpg\",\"width\":1600,\"height\":1200,\"caption\":\"SIAU\"},\"image\":{\"@id\":\"https:\/\/www.siau.cat\/#\/schema\/logo\/image\/\"}},{\"@type\":\"Person\",\"@id\":\"https:\/\/www.siau.cat\/#\/schema\/person\/810c15694a7e538934bb4be53ebcba0d\",\"name\":\"admin\",\"image\":{\"@type\":\"ImageObject\",\"inLanguage\":\"ca\",\"@id\":\"https:\/\/www.siau.cat\/#\/schema\/person\/image\/\",\"url\":\"https:\/\/www.siau.cat\/wp-content\/litespeed\/avatar\/d73ebfac3daa0b52552b2ccea63469da.jpg?ver=1777403609\",\"contentUrl\":\"https:\/\/www.siau.cat\/wp-content\/litespeed\/avatar\/d73ebfac3daa0b52552b2ccea63469da.jpg?ver=1777403609\",\"caption\":\"admin\"},\"sameAs\":[\"https:\/\/www.siau.cat\"],\"url\":\"https:\/\/www.siau.cat\/index.php\/author\/admin\/\"}]}<\/script>\n<!-- \/ Yoast SEO plugin. -->","yoast_head_json":{"title":"La Conselleria d\u2019Educaci\u00f3 ressuscita les places compartides entre cossos per afavorir noms concrets &#8212; SIAU - SINDICAT INDEPENDENT, AUT\u00d2NOM I UNITARI","robots":{"index":"index","follow":"follow","max-snippet":"max-snippet:-1","max-image-preview":"max-image-preview:large","max-video-preview":"max-video-preview:-1"},"canonical":"https:\/\/www.siau.cat\/index.php\/2025\/07\/25\/la-conselleria-deducacio-ressuscita-les-places-compartides-entre-cossos-per-afavorir-noms-concrets\/","og_locale":"ca_ES","og_type":"article","og_title":"La Conselleria d\u2019Educaci\u00f3 ressuscita les places compartides entre cossos per afavorir noms concrets &#8212; SIAU - SINDICAT INDEPENDENT, AUT\u00d2NOM I UNITARI","og_description":"Des del Sindicat Independent, Aut\u00f2nom i Unitari (SIAU) denunciam p\u00fablicament la decisi\u00f3 arbitr\u00e0ria i opaca de la Direcci\u00f3 General de Personal Docent i Centres Concertats de tornar a introduir places compartides entre cossos docents \u2013combinant cossos com el de secund\u00e0ria amb m\u00fasica i arts esc\u00e8niques, o prim\u00e0ria amb secund\u00e0ria\u2013 amb l\u2019objectiu evident de beneficiar determinades &hellip; Continua llegint \u00abLa Conselleria d\u2019Educaci\u00f3 ressuscita les places compartides entre cossos per afavorir noms concrets\u00bb","og_url":"https:\/\/www.siau.cat\/index.php\/2025\/07\/25\/la-conselleria-deducacio-ressuscita-les-places-compartides-entre-cossos-per-afavorir-noms-concrets\/","og_site_name":"SIAU - SINDICAT INDEPENDENT, AUT\u00d2NOM I UNITARI","article_published_time":"2025-07-25T08:26:58+00:00","article_modified_time":"2025-07-25T08:27:00+00:00","og_image":[{"width":1920,"height":1280,"url":"https:\/\/www.siau.cat\/wp-content\/uploads\/2025\/07\/conselleria-2.jpg","type":"image\/jpeg"}],"author":"admin","twitter_card":"summary_large_image","twitter_misc":{"Escrit per":"admin","Temps estimat de lectura":"5 minuts"},"schema":{"@context":"https:\/\/schema.org","@graph":[{"@type":"Article","@id":"https:\/\/www.siau.cat\/index.php\/2025\/07\/25\/la-conselleria-deducacio-ressuscita-les-places-compartides-entre-cossos-per-afavorir-noms-concrets\/#article","isPartOf":{"@id":"https:\/\/www.siau.cat\/index.php\/2025\/07\/25\/la-conselleria-deducacio-ressuscita-les-places-compartides-entre-cossos-per-afavorir-noms-concrets\/"},"author":{"name":"admin","@id":"https:\/\/www.siau.cat\/#\/schema\/person\/810c15694a7e538934bb4be53ebcba0d"},"headline":"La Conselleria d\u2019Educaci\u00f3 ressuscita les places compartides entre cossos per afavorir noms concrets","datePublished":"2025-07-25T08:26:58+00:00","dateModified":"2025-07-25T08:27:00+00:00","mainEntityOfPage":{"@id":"https:\/\/www.siau.cat\/index.php\/2025\/07\/25\/la-conselleria-deducacio-ressuscita-les-places-compartides-entre-cossos-per-afavorir-noms-concrets\/"},"wordCount":830,"publisher":{"@id":"https:\/\/www.siau.cat\/#organization"},"image":{"@id":"https:\/\/www.siau.cat\/index.php\/2025\/07\/25\/la-conselleria-deducacio-ressuscita-les-places-compartides-entre-cossos-per-afavorir-noms-concrets\/#primaryimage"},"thumbnailUrl":"https:\/\/www.siau.cat\/wp-content\/uploads\/2025\/07\/conselleria-2-1024x683.jpg","articleSection":["Uncategorized"],"inLanguage":"ca"},{"@type":"WebPage","@id":"https:\/\/www.siau.cat\/index.php\/2025\/07\/25\/la-conselleria-deducacio-ressuscita-les-places-compartides-entre-cossos-per-afavorir-noms-concrets\/","url":"https:\/\/www.siau.cat\/index.php\/2025\/07\/25\/la-conselleria-deducacio-ressuscita-les-places-compartides-entre-cossos-per-afavorir-noms-concrets\/","name":"La Conselleria d\u2019Educaci\u00f3 ressuscita les places compartides entre cossos per afavorir noms concrets &#8212; SIAU - SINDICAT INDEPENDENT, AUT\u00d2NOM I UNITARI","isPartOf":{"@id":"https:\/\/www.siau.cat\/#website"},"primaryImageOfPage":{"@id":"https:\/\/www.siau.cat\/index.php\/2025\/07\/25\/la-conselleria-deducacio-ressuscita-les-places-compartides-entre-cossos-per-afavorir-noms-concrets\/#primaryimage"},"image":{"@id":"https:\/\/www.siau.cat\/index.php\/2025\/07\/25\/la-conselleria-deducacio-ressuscita-les-places-compartides-entre-cossos-per-afavorir-noms-concrets\/#primaryimage"},"thumbnailUrl":"https:\/\/www.siau.cat\/wp-content\/uploads\/2025\/07\/conselleria-2-1024x683.jpg","datePublished":"2025-07-25T08:26:58+00:00","dateModified":"2025-07-25T08:27:00+00:00","breadcrumb":{"@id":"https:\/\/www.siau.cat\/index.php\/2025\/07\/25\/la-conselleria-deducacio-ressuscita-les-places-compartides-entre-cossos-per-afavorir-noms-concrets\/#breadcrumb"},"inLanguage":"ca","potentialAction":[{"@type":"ReadAction","target":["https:\/\/www.siau.cat\/index.php\/2025\/07\/25\/la-conselleria-deducacio-ressuscita-les-places-compartides-entre-cossos-per-afavorir-noms-concrets\/"]}]},{"@type":"ImageObject","inLanguage":"ca","@id":"https:\/\/www.siau.cat\/index.php\/2025\/07\/25\/la-conselleria-deducacio-ressuscita-les-places-compartides-entre-cossos-per-afavorir-noms-concrets\/#primaryimage","url":"https:\/\/www.siau.cat\/wp-content\/uploads\/2025\/07\/conselleria-2.jpg","contentUrl":"https:\/\/www.siau.cat\/wp-content\/uploads\/2025\/07\/conselleria-2.jpg","width":1920,"height":1280},{"@type":"BreadcrumbList","@id":"https:\/\/www.siau.cat\/index.php\/2025\/07\/25\/la-conselleria-deducacio-ressuscita-les-places-compartides-entre-cossos-per-afavorir-noms-concrets\/#breadcrumb","itemListElement":[{"@type":"ListItem","position":1,"name":"Inici","item":"https:\/\/www.siau.cat\/"},{"@type":"ListItem","position":2,"name":"La Conselleria d\u2019Educaci\u00f3 ressuscita les places compartides entre cossos per afavorir noms concrets"}]},{"@type":"WebSite","@id":"https:\/\/www.siau.cat\/#website","url":"https:\/\/www.siau.cat\/","name":"SIAU - SINDICAT INDEPENDENT, AUT\u00d2NOM I UNITARI","description":"Ara s&iacute; que tenim la veu","publisher":{"@id":"https:\/\/www.siau.cat\/#organization"},"potentialAction":[{"@type":"SearchAction","target":{"@type":"EntryPoint","urlTemplate":"https:\/\/www.siau.cat\/?s={search_term_string}"},"query-input":{"@type":"PropertyValueSpecification","valueRequired":true,"valueName":"search_term_string"}}],"inLanguage":"ca"},{"@type":"Organization","@id":"https:\/\/www.siau.cat\/#organization","name":"SIAU","url":"https:\/\/www.siau.cat\/","logo":{"@type":"ImageObject","inLanguage":"ca","@id":"https:\/\/www.siau.cat\/#\/schema\/logo\/image\/","url":"https:\/\/www.siau.cat\/wp-content\/uploads\/2022\/03\/cropped-resized_LOGO-SIAU-5-e1652020847972.jpg","contentUrl":"https:\/\/www.siau.cat\/wp-content\/uploads\/2022\/03\/cropped-resized_LOGO-SIAU-5-e1652020847972.jpg","width":1600,"height":1200,"caption":"SIAU"},"image":{"@id":"https:\/\/www.siau.cat\/#\/schema\/logo\/image\/"}},{"@type":"Person","@id":"https:\/\/www.siau.cat\/#\/schema\/person\/810c15694a7e538934bb4be53ebcba0d","name":"admin","image":{"@type":"ImageObject","inLanguage":"ca","@id":"https:\/\/www.siau.cat\/#\/schema\/person\/image\/","url":"https:\/\/www.siau.cat\/wp-content\/litespeed\/avatar\/d73ebfac3daa0b52552b2ccea63469da.jpg?ver=1777403609","contentUrl":"https:\/\/www.siau.cat\/wp-content\/litespeed\/avatar\/d73ebfac3daa0b52552b2ccea63469da.jpg?ver=1777403609","caption":"admin"},"sameAs":["https:\/\/www.siau.cat"],"url":"https:\/\/www.siau.cat\/index.php\/author\/admin\/"}]}},"jetpack_featured_media_url":"","jetpack_sharing_enabled":true,"_links":{"self":[{"href":"https:\/\/www.siau.cat\/index.php\/wp-json\/wp\/v2\/posts\/2015","targetHints":{"allow":["GET"]}}],"collection":[{"href":"https:\/\/www.siau.cat\/index.php\/wp-json\/wp\/v2\/posts"}],"about":[{"href":"https:\/\/www.siau.cat\/index.php\/wp-json\/wp\/v2\/types\/post"}],"author":[{"embeddable":true,"href":"https:\/\/www.siau.cat\/index.php\/wp-json\/wp\/v2\/users\/1"}],"replies":[{"embeddable":true,"href":"https:\/\/www.siau.cat\/index.php\/wp-json\/wp\/v2\/comments?post=2015"}],"version-history":[{"count":1,"href":"https:\/\/www.siau.cat\/index.php\/wp-json\/wp\/v2\/posts\/2015\/revisions"}],"predecessor-version":[{"id":2017,"href":"https:\/\/www.siau.cat\/index.php\/wp-json\/wp\/v2\/posts\/2015\/revisions\/2017"}],"wp:attachment":[{"href":"https:\/\/www.siau.cat\/index.php\/wp-json\/wp\/v2\/media?parent=2015"}],"wp:term":[{"taxonomy":"category","embeddable":true,"href":"https:\/\/www.siau.cat\/index.php\/wp-json\/wp\/v2\/categories?post=2015"},{"taxonomy":"post_tag","embeddable":true,"href":"https:\/\/www.siau.cat\/index.php\/wp-json\/wp\/v2\/tags?post=2015"}],"curies":[{"name":"wp","href":"https:\/\/api.w.org\/{rel}","templated":true}]}}