{"id":2026,"date":"2025-08-01T11:15:45","date_gmt":"2025-08-01T11:15:45","guid":{"rendered":"https:\/\/www.siau.cat\/?p=2026"},"modified":"2025-08-01T11:15:47","modified_gmt":"2025-08-01T11:15:47","slug":"siau-exigeix-repetir-el-tramit-de-seleccio-de-places-per-als-docents-interins-davant-el-desgavell-i-negligencia-administrativa","status":"publish","type":"post","link":"https:\/\/www.siau.cat\/index.php\/2025\/08\/01\/siau-exigeix-repetir-el-tramit-de-seleccio-de-places-per-als-docents-interins-davant-el-desgavell-i-negligencia-administrativa\/","title":{"rendered":"SIAU exigeix repetir el tr\u00e0mit de selecci\u00f3 de places per als docents interins davant el desgavell i neglig\u00e8ncia administrativa"},"content":{"rendered":"\n<figure class=\"wp-block-image size-large\"><img loading=\"lazy\" decoding=\"async\" width=\"1024\" height=\"768\" src=\"https:\/\/www.siau.cat\/wp-content\/uploads\/2025\/08\/Conselleria-1024x768.jpg\" alt=\"\" class=\"wp-image-2027\" srcset=\"https:\/\/www.siau.cat\/wp-content\/uploads\/2025\/08\/Conselleria-1024x768.jpg 1024w, https:\/\/www.siau.cat\/wp-content\/uploads\/2025\/08\/Conselleria-300x225.jpg 300w, https:\/\/www.siau.cat\/wp-content\/uploads\/2025\/08\/Conselleria-768x576.jpg 768w, https:\/\/www.siau.cat\/wp-content\/uploads\/2025\/08\/Conselleria-1536x1152.jpg 1536w, https:\/\/www.siau.cat\/wp-content\/uploads\/2025\/08\/Conselleria-2048x1536.jpg 2048w, https:\/\/www.siau.cat\/wp-content\/uploads\/2025\/08\/Conselleria-24x18.jpg 24w, https:\/\/www.siau.cat\/wp-content\/uploads\/2025\/08\/Conselleria-36x27.jpg 36w, https:\/\/www.siau.cat\/wp-content\/uploads\/2025\/08\/Conselleria-48x36.jpg 48w, https:\/\/www.siau.cat\/wp-content\/uploads\/2025\/08\/Conselleria-350x263.jpg 350w\" sizes=\"auto, (max-width: 767px) 89vw, (max-width: 1000px) 54vw, (max-width: 1071px) 543px, 580px\" \/><figcaption class=\"wp-element-caption\">Conselleria d&#8217;Educaci\u00f3 i Universitats<\/figcaption><\/figure>\n\n\n\n<p>El Sindicat Independent, Aut\u00f2nom i Unitari (SIAU) denuncia p\u00fablicament que el tr\u00e0mit de selecci\u00f3 de places per al personal docent inter\u00ed, que ha concl\u00f2s avui de mat\u00ed a les 10 h, ha estat marcat \u2014com cada any\u2014 per greus defici\u00e8ncies t\u00e8cniques, decisions administratives improvisades i una gesti\u00f3 nefasta per part de la Direcci\u00f3 General de Personal Docent i Centres Concertats del Govern de les Illes Balears. Milers de docents han patit els efectes d\u2019una Administraci\u00f3 incapa\u00e7 de garantir un proc\u00e9s just, segur i transparent.<\/p>\n\n\n\n<p>El passat 29 de juliol, nom\u00e9s iniciar-se el tr\u00e0mit, es varen registrar importants problemes t\u00e8cnics que es varen repetir durant els dies seg\u00fcents. Al llarg de tot el per\u00edode, l\u2019aplicatiu ha estat fallant de manera recurrent, reduint de facto el temps disponible per als interins per completar el proc\u00e9s amb garanties. Des de SIAU es va sol\u00b7licitar en diverses ocasions una ampliaci\u00f3 del termini, petici\u00f3 que no va ser atesa. Com a conseq\u00fc\u00e8ncia, tenim const\u00e0ncia directa de docents que no han pogut completar el tr\u00e0mit, amb les greus repercussions que aix\u00f2 implica per al seu futur laboral.<\/p>\n\n\n\n<p>A m\u00e9s, la Direcci\u00f3 General ha modificat les regles del joc una vegada finalitzat el per\u00edode per triar les prefer\u00e8ncies a la borsa (funcions, illes, jornades&#8230;), generant un greuge comparatiu entre interins que han actuat segons unes condicions inicials que posteriorment han estat alterades. Aquest fet ha afectat interins amb m\u00e9s puntuaci\u00f3 que ara es veuen relegats darrere altres amb menys m\u00e8rits.<\/p>\n\n\n\n<p>Tamb\u00e9 denunciam novament la reaparici\u00f3 de places compartides entre cossos diferents, sense cap criteri pedag\u00f2gic ni objectiu clar, que nom\u00e9s contribueixen a afavorir casos concrets o a perjudicar-ne altres. Aix\u00ed mateix, hem detectat irregularitats greus com la classificaci\u00f3 incorrecta de docents en la categoria de no tutoritzats, o la incorporaci\u00f3 de places a l\u2019opci\u00f3 \u201cCessats de tres anys\u201d per part de docents que no complien els requisits, cosa que la Conselleria ha intentat corregir de manera improvisada i sense cap comunicaci\u00f3 oficial per escrit, \u00fanicament mitjan\u00e7ant trucades telef\u00f2niques <em>in extremis<\/em>.<\/p>\n\n\n\n<p>La manca de transpar\u00e8ncia tamb\u00e9 ha estat una constant. Inicialment, no es volia publicar el llistat complet de places, i nom\u00e9s despr\u00e9s de la nostra den\u00fancia es va publicar parcialment, quan ja s\u2019havia iniciat el tr\u00e0mit. Fins i tot durant el proc\u00e9s, es varen modificar les caracter\u00edstiques i disponibilitat de les places, provocant una absoluta inseguretat jur\u00eddica. Places que apareixien un dia, desapareixien l\u2019endem\u00e0; i d\u2019altres canviaven les seves condicions d\u2019una jornada a l\u2019altra.<\/p>\n\n\n\n<p>Un altre punt que denunciam \u00e9s la imposici\u00f3 d\u2019un tr\u00e0mit previ a la presa de possessi\u00f3 totalment absurd i, a sobre, amb terminis excessivament curts. Aquest tr\u00e0mit implica una c\u00e0rrega burocr\u00e0tica innecess\u00e0ria i \u00e9s aliena a pr\u00e0cticament la totalitat d\u2019administracions p\u00fabliques.<\/p>\n\n\n\n<p>SIAU tamb\u00e9 ha detectat el que consideram una falsificaci\u00f3 deliberada de places: vacants etiquetades com a substitucions quan, en realitat, no hi ha cap titular a substituir. Aquesta pr\u00e0ctica, que ja denunci\u00e0rem el curs passat, a m\u00e9s de ser \u00e8ticament reprovable, podria tenir conseq\u00fc\u00e8ncies legals greus. Consideram que es tracta d\u2019una estrat\u00e8gia per evitar que aquestes vacants passin a ser estructurals, cosa que suposaria el seu pas a l\u2019oferta p\u00fablica d\u2019ocupaci\u00f3, el reconeixement de l\u2019ab\u00fas de temporalitat i el retorn dels funcionaris de carrera al seu lloc de resid\u00e8ncia. Mentrestant, l\u2019escola concertada i privada augmenta recursos.<\/p>\n\n\n\n<p>A m\u00e9s, hi ha hagut interins als quals no els apareixia cap pla\u00e7a, per\u00f2, aix\u00ed i tot, tenien l\u2019obligaci\u00f3 de registrar el tr\u00e0mit. La Conselleria no va corregir aquest error fins a les darreres hores del termini, deixant en situaci\u00f3 de m\u00e0xima indefensi\u00f3 els afectats, que no sabien si l\u2019havien de registrar i si serien penalitzats en cas de no fer-ho a temps.<\/p>\n\n\n\n<p>Els processos d\u2019adjudicaci\u00f3 s\u2019han tornat massa complexos, amb una acumulaci\u00f3 de variables que ni la mateixa Administraci\u00f3 \u00e9s capa\u00e7 de gestionar o dominar correctament. Com es pot exigir als interins entendre i complir unes normes que ni els principals responsables d\u2019aquesta Direcci\u00f3 General s\u00f3n capa\u00e7os d\u2019aplicar? Ens resulta esperp\u00e8ntic i insultant que, davant d\u2019aquest desgavell, un cap de departament de la Direcci\u00f3 General arrib\u00e9s a afirmar en una reuni\u00f3 amb sindicats que \u201cuna nina de quatre anys sabria fer aquest tr\u00e0mit\u201d. Una burla inadmissible davant del patiment a qu\u00e8 se sotmet, sistem\u00e0ticament, el col\u00b7lectiu docent inter\u00ed.<\/p>\n\n\n\n<p>Des de SIAU exigim que aquest proc\u00e9s d\u2019adjudicaci\u00f3 es repeteixi. Nom\u00e9s aix\u00ed, i rectificant tots els nyaps, consideram que es podria arribar a garantir un m\u00ednim de seguretat jur\u00eddica i respecte cap al col\u00b7lectiu docent inter\u00ed. Catalunya ja ha hagut de repetir recentment un proc\u00e9s similar. Si a les Illes Balears no s\u2019actua, anticipam una allau de recursos i demandes judicials. Clarament, el desgavell administratiu s\u2019ha normalitzat.<\/p>\n\n\n\n<p>D\u2019altra banda, ha quedat pal\u00e8s que el canvi recent de director general de Personal Docent no ha resolt absolutament res, com ja advert\u00edrem que passaria. El problema \u00e9s estructural i, mentre no es vagi a l\u2019arrel d\u2019aquest i s\u2019afronti amb responsabilitat i voluntat real de canvi, el caos continuar\u00e0 any rere any.<br><br>Finalment, hem d\u2019insistir en la necessitat de tornar a un model de tr\u00e0mit m\u00e9s senzill i intu\u00eftiu, amb menys variables i que garanteixi el compliment de la normativa. La puntuaci\u00f3 dels interins s\u2019ha de respectar escrupolosament. No podem permetre m\u00e9s improvisacions, manipulacions ni opacitat. \u00c9s un esc\u00e0ndol que aquesta situaci\u00f3 es normalitzi dins una administraci\u00f3 p\u00fablica que hauria de donar exemple. El col\u00b7lectiu docent inter\u00ed es mereix respecte i estabilitat. I l\u2019Administraci\u00f3 t\u00e9 el deure legal i moral de garantir-ho.<\/p>\n","protected":false},"excerpt":{"rendered":"<p>El Sindicat Independent, Aut\u00f2nom i Unitari (SIAU) denuncia p\u00fablicament que el tr\u00e0mit de selecci\u00f3 de places per al personal docent inter\u00ed, que ha concl\u00f2s avui de mat\u00ed a les 10 h, ha estat marcat \u2014com cada any\u2014 per greus defici\u00e8ncies t\u00e8cniques, decisions administratives improvisades i una gesti\u00f3 nefasta per part de la Direcci\u00f3 General de &hellip; <\/p>\n<p class=\"link-more\"><a href=\"https:\/\/www.siau.cat\/index.php\/2025\/08\/01\/siau-exigeix-repetir-el-tramit-de-seleccio-de-places-per-als-docents-interins-davant-el-desgavell-i-negligencia-administrativa\/\" class=\"more-link\">Continua llegint <span class=\"screen-reader-text\">\u00abSIAU exigeix repetir el tr\u00e0mit de selecci\u00f3 de places per als docents interins davant el desgavell i neglig\u00e8ncia administrativa\u00bb<\/span><\/a><\/p>\n","protected":false},"author":1,"featured_media":0,"comment_status":"closed","ping_status":"open","sticky":false,"template":"","format":"standard","meta":{"_jetpack_memberships_contains_paid_content":false,"footnotes":""},"categories":[1],"tags":[],"class_list":["post-2026","post","type-post","status-publish","format-standard","hentry","category-uncategorized"],"yoast_head":"<!-- This site is optimized with the Yoast SEO plugin v25.4 - https:\/\/yoast.com\/wordpress\/plugins\/seo\/ -->\n<title>SIAU exigeix repetir el tr\u00e0mit de selecci\u00f3 de places per als docents interins davant el desgavell i neglig\u00e8ncia administrativa &#8212; SIAU - SINDICAT INDEPENDENT, AUT\u00d2NOM I UNITARI<\/title>\n<meta name=\"robots\" content=\"index, follow, max-snippet:-1, max-image-preview:large, max-video-preview:-1\" \/>\n<link rel=\"canonical\" href=\"https:\/\/www.siau.cat\/index.php\/2025\/08\/01\/siau-exigeix-repetir-el-tramit-de-seleccio-de-places-per-als-docents-interins-davant-el-desgavell-i-negligencia-administrativa\/\" \/>\n<meta property=\"og:locale\" content=\"ca_ES\" \/>\n<meta property=\"og:type\" content=\"article\" \/>\n<meta property=\"og:title\" content=\"SIAU exigeix repetir el tr\u00e0mit de selecci\u00f3 de places per als docents interins davant el desgavell i neglig\u00e8ncia administrativa &#8212; SIAU - SINDICAT INDEPENDENT, AUT\u00d2NOM I UNITARI\" \/>\n<meta property=\"og:description\" content=\"El Sindicat Independent, Aut\u00f2nom i Unitari (SIAU) denuncia p\u00fablicament que el tr\u00e0mit de selecci\u00f3 de places per al personal docent inter\u00ed, que ha concl\u00f2s avui de mat\u00ed a les 10 h, ha estat marcat \u2014com cada any\u2014 per greus defici\u00e8ncies t\u00e8cniques, decisions administratives improvisades i una gesti\u00f3 nefasta per part de la Direcci\u00f3 General de &hellip; Continua llegint \u00abSIAU exigeix repetir el tr\u00e0mit de selecci\u00f3 de places per als docents interins davant el desgavell i neglig\u00e8ncia administrativa\u00bb\" \/>\n<meta property=\"og:url\" content=\"https:\/\/www.siau.cat\/index.php\/2025\/08\/01\/siau-exigeix-repetir-el-tramit-de-seleccio-de-places-per-als-docents-interins-davant-el-desgavell-i-negligencia-administrativa\/\" \/>\n<meta property=\"og:site_name\" content=\"SIAU - SINDICAT INDEPENDENT, AUT\u00d2NOM I UNITARI\" \/>\n<meta property=\"article:published_time\" content=\"2025-08-01T11:15:45+00:00\" \/>\n<meta property=\"article:modified_time\" content=\"2025-08-01T11:15:47+00:00\" \/>\n<meta property=\"og:image\" content=\"https:\/\/www.siau.cat\/wp-content\/uploads\/2025\/08\/Conselleria-scaled.jpg\" \/>\n\t<meta property=\"og:image:width\" content=\"2560\" \/>\n\t<meta property=\"og:image:height\" content=\"1920\" \/>\n\t<meta property=\"og:image:type\" content=\"image\/jpeg\" \/>\n<meta name=\"author\" content=\"admin\" \/>\n<meta name=\"twitter:card\" content=\"summary_large_image\" \/>\n<meta name=\"twitter:label1\" content=\"Escrit per\" \/>\n\t<meta name=\"twitter:data1\" content=\"admin\" \/>\n\t<meta name=\"twitter:label2\" content=\"Temps estimat de lectura\" \/>\n\t<meta name=\"twitter:data2\" content=\"6 minuts\" \/>\n<script type=\"application\/ld+json\" class=\"yoast-schema-graph\">{\"@context\":\"https:\/\/schema.org\",\"@graph\":[{\"@type\":\"Article\",\"@id\":\"https:\/\/www.siau.cat\/index.php\/2025\/08\/01\/siau-exigeix-repetir-el-tramit-de-seleccio-de-places-per-als-docents-interins-davant-el-desgavell-i-negligencia-administrativa\/#article\",\"isPartOf\":{\"@id\":\"https:\/\/www.siau.cat\/index.php\/2025\/08\/01\/siau-exigeix-repetir-el-tramit-de-seleccio-de-places-per-als-docents-interins-davant-el-desgavell-i-negligencia-administrativa\/\"},\"author\":{\"name\":\"admin\",\"@id\":\"https:\/\/www.siau.cat\/#\/schema\/person\/810c15694a7e538934bb4be53ebcba0d\"},\"headline\":\"SIAU exigeix repetir el tr\u00e0mit de selecci\u00f3 de places per als docents interins davant el desgavell i neglig\u00e8ncia administrativa\",\"datePublished\":\"2025-08-01T11:15:45+00:00\",\"dateModified\":\"2025-08-01T11:15:47+00:00\",\"mainEntityOfPage\":{\"@id\":\"https:\/\/www.siau.cat\/index.php\/2025\/08\/01\/siau-exigeix-repetir-el-tramit-de-seleccio-de-places-per-als-docents-interins-davant-el-desgavell-i-negligencia-administrativa\/\"},\"wordCount\":1033,\"publisher\":{\"@id\":\"https:\/\/www.siau.cat\/#organization\"},\"image\":{\"@id\":\"https:\/\/www.siau.cat\/index.php\/2025\/08\/01\/siau-exigeix-repetir-el-tramit-de-seleccio-de-places-per-als-docents-interins-davant-el-desgavell-i-negligencia-administrativa\/#primaryimage\"},\"thumbnailUrl\":\"https:\/\/www.siau.cat\/wp-content\/uploads\/2025\/08\/Conselleria-1024x768.jpg\",\"articleSection\":[\"Uncategorized\"],\"inLanguage\":\"ca\"},{\"@type\":\"WebPage\",\"@id\":\"https:\/\/www.siau.cat\/index.php\/2025\/08\/01\/siau-exigeix-repetir-el-tramit-de-seleccio-de-places-per-als-docents-interins-davant-el-desgavell-i-negligencia-administrativa\/\",\"url\":\"https:\/\/www.siau.cat\/index.php\/2025\/08\/01\/siau-exigeix-repetir-el-tramit-de-seleccio-de-places-per-als-docents-interins-davant-el-desgavell-i-negligencia-administrativa\/\",\"name\":\"SIAU exigeix repetir el tr\u00e0mit de selecci\u00f3 de places per als docents interins davant el desgavell i neglig\u00e8ncia administrativa &#8212; SIAU - SINDICAT INDEPENDENT, AUT\u00d2NOM I UNITARI\",\"isPartOf\":{\"@id\":\"https:\/\/www.siau.cat\/#website\"},\"primaryImageOfPage\":{\"@id\":\"https:\/\/www.siau.cat\/index.php\/2025\/08\/01\/siau-exigeix-repetir-el-tramit-de-seleccio-de-places-per-als-docents-interins-davant-el-desgavell-i-negligencia-administrativa\/#primaryimage\"},\"image\":{\"@id\":\"https:\/\/www.siau.cat\/index.php\/2025\/08\/01\/siau-exigeix-repetir-el-tramit-de-seleccio-de-places-per-als-docents-interins-davant-el-desgavell-i-negligencia-administrativa\/#primaryimage\"},\"thumbnailUrl\":\"https:\/\/www.siau.cat\/wp-content\/uploads\/2025\/08\/Conselleria-1024x768.jpg\",\"datePublished\":\"2025-08-01T11:15:45+00:00\",\"dateModified\":\"2025-08-01T11:15:47+00:00\",\"breadcrumb\":{\"@id\":\"https:\/\/www.siau.cat\/index.php\/2025\/08\/01\/siau-exigeix-repetir-el-tramit-de-seleccio-de-places-per-als-docents-interins-davant-el-desgavell-i-negligencia-administrativa\/#breadcrumb\"},\"inLanguage\":\"ca\",\"potentialAction\":[{\"@type\":\"ReadAction\",\"target\":[\"https:\/\/www.siau.cat\/index.php\/2025\/08\/01\/siau-exigeix-repetir-el-tramit-de-seleccio-de-places-per-als-docents-interins-davant-el-desgavell-i-negligencia-administrativa\/\"]}]},{\"@type\":\"ImageObject\",\"inLanguage\":\"ca\",\"@id\":\"https:\/\/www.siau.cat\/index.php\/2025\/08\/01\/siau-exigeix-repetir-el-tramit-de-seleccio-de-places-per-als-docents-interins-davant-el-desgavell-i-negligencia-administrativa\/#primaryimage\",\"url\":\"https:\/\/www.siau.cat\/wp-content\/uploads\/2025\/08\/Conselleria-scaled.jpg\",\"contentUrl\":\"https:\/\/www.siau.cat\/wp-content\/uploads\/2025\/08\/Conselleria-scaled.jpg\",\"width\":2560,\"height\":1920},{\"@type\":\"BreadcrumbList\",\"@id\":\"https:\/\/www.siau.cat\/index.php\/2025\/08\/01\/siau-exigeix-repetir-el-tramit-de-seleccio-de-places-per-als-docents-interins-davant-el-desgavell-i-negligencia-administrativa\/#breadcrumb\",\"itemListElement\":[{\"@type\":\"ListItem\",\"position\":1,\"name\":\"Inici\",\"item\":\"https:\/\/www.siau.cat\/\"},{\"@type\":\"ListItem\",\"position\":2,\"name\":\"SIAU exigeix repetir el tr\u00e0mit de selecci\u00f3 de places per als docents interins davant el desgavell i neglig\u00e8ncia administrativa\"}]},{\"@type\":\"WebSite\",\"@id\":\"https:\/\/www.siau.cat\/#website\",\"url\":\"https:\/\/www.siau.cat\/\",\"name\":\"SIAU - SINDICAT INDEPENDENT, AUT\u00d2NOM I UNITARI\",\"description\":\"Ara s&iacute; que tenim la veu\",\"publisher\":{\"@id\":\"https:\/\/www.siau.cat\/#organization\"},\"potentialAction\":[{\"@type\":\"SearchAction\",\"target\":{\"@type\":\"EntryPoint\",\"urlTemplate\":\"https:\/\/www.siau.cat\/?s={search_term_string}\"},\"query-input\":{\"@type\":\"PropertyValueSpecification\",\"valueRequired\":true,\"valueName\":\"search_term_string\"}}],\"inLanguage\":\"ca\"},{\"@type\":\"Organization\",\"@id\":\"https:\/\/www.siau.cat\/#organization\",\"name\":\"SIAU\",\"url\":\"https:\/\/www.siau.cat\/\",\"logo\":{\"@type\":\"ImageObject\",\"inLanguage\":\"ca\",\"@id\":\"https:\/\/www.siau.cat\/#\/schema\/logo\/image\/\",\"url\":\"https:\/\/www.siau.cat\/wp-content\/uploads\/2022\/03\/cropped-resized_LOGO-SIAU-5-e1652020847972.jpg\",\"contentUrl\":\"https:\/\/www.siau.cat\/wp-content\/uploads\/2022\/03\/cropped-resized_LOGO-SIAU-5-e1652020847972.jpg\",\"width\":1600,\"height\":1200,\"caption\":\"SIAU\"},\"image\":{\"@id\":\"https:\/\/www.siau.cat\/#\/schema\/logo\/image\/\"}},{\"@type\":\"Person\",\"@id\":\"https:\/\/www.siau.cat\/#\/schema\/person\/810c15694a7e538934bb4be53ebcba0d\",\"name\":\"admin\",\"image\":{\"@type\":\"ImageObject\",\"inLanguage\":\"ca\",\"@id\":\"https:\/\/www.siau.cat\/#\/schema\/person\/image\/\",\"url\":\"https:\/\/www.siau.cat\/wp-content\/litespeed\/avatar\/d73ebfac3daa0b52552b2ccea63469da.jpg?ver=1777403609\",\"contentUrl\":\"https:\/\/www.siau.cat\/wp-content\/litespeed\/avatar\/d73ebfac3daa0b52552b2ccea63469da.jpg?ver=1777403609\",\"caption\":\"admin\"},\"sameAs\":[\"https:\/\/www.siau.cat\"],\"url\":\"https:\/\/www.siau.cat\/index.php\/author\/admin\/\"}]}<\/script>\n<!-- \/ Yoast SEO plugin. -->","yoast_head_json":{"title":"SIAU exigeix repetir el tr\u00e0mit de selecci\u00f3 de places per als docents interins davant el desgavell i neglig\u00e8ncia administrativa &#8212; SIAU - SINDICAT INDEPENDENT, AUT\u00d2NOM I UNITARI","robots":{"index":"index","follow":"follow","max-snippet":"max-snippet:-1","max-image-preview":"max-image-preview:large","max-video-preview":"max-video-preview:-1"},"canonical":"https:\/\/www.siau.cat\/index.php\/2025\/08\/01\/siau-exigeix-repetir-el-tramit-de-seleccio-de-places-per-als-docents-interins-davant-el-desgavell-i-negligencia-administrativa\/","og_locale":"ca_ES","og_type":"article","og_title":"SIAU exigeix repetir el tr\u00e0mit de selecci\u00f3 de places per als docents interins davant el desgavell i neglig\u00e8ncia administrativa &#8212; SIAU - SINDICAT INDEPENDENT, AUT\u00d2NOM I UNITARI","og_description":"El Sindicat Independent, Aut\u00f2nom i Unitari (SIAU) denuncia p\u00fablicament que el tr\u00e0mit de selecci\u00f3 de places per al personal docent inter\u00ed, que ha concl\u00f2s avui de mat\u00ed a les 10 h, ha estat marcat \u2014com cada any\u2014 per greus defici\u00e8ncies t\u00e8cniques, decisions administratives improvisades i una gesti\u00f3 nefasta per part de la Direcci\u00f3 General de &hellip; Continua llegint \u00abSIAU exigeix repetir el tr\u00e0mit de selecci\u00f3 de places per als docents interins davant el desgavell i neglig\u00e8ncia administrativa\u00bb","og_url":"https:\/\/www.siau.cat\/index.php\/2025\/08\/01\/siau-exigeix-repetir-el-tramit-de-seleccio-de-places-per-als-docents-interins-davant-el-desgavell-i-negligencia-administrativa\/","og_site_name":"SIAU - SINDICAT INDEPENDENT, AUT\u00d2NOM I UNITARI","article_published_time":"2025-08-01T11:15:45+00:00","article_modified_time":"2025-08-01T11:15:47+00:00","og_image":[{"width":2560,"height":1920,"url":"https:\/\/www.siau.cat\/wp-content\/uploads\/2025\/08\/Conselleria-scaled.jpg","type":"image\/jpeg"}],"author":"admin","twitter_card":"summary_large_image","twitter_misc":{"Escrit per":"admin","Temps estimat de lectura":"6 minuts"},"schema":{"@context":"https:\/\/schema.org","@graph":[{"@type":"Article","@id":"https:\/\/www.siau.cat\/index.php\/2025\/08\/01\/siau-exigeix-repetir-el-tramit-de-seleccio-de-places-per-als-docents-interins-davant-el-desgavell-i-negligencia-administrativa\/#article","isPartOf":{"@id":"https:\/\/www.siau.cat\/index.php\/2025\/08\/01\/siau-exigeix-repetir-el-tramit-de-seleccio-de-places-per-als-docents-interins-davant-el-desgavell-i-negligencia-administrativa\/"},"author":{"name":"admin","@id":"https:\/\/www.siau.cat\/#\/schema\/person\/810c15694a7e538934bb4be53ebcba0d"},"headline":"SIAU exigeix repetir el tr\u00e0mit de selecci\u00f3 de places per als docents interins davant el desgavell i neglig\u00e8ncia administrativa","datePublished":"2025-08-01T11:15:45+00:00","dateModified":"2025-08-01T11:15:47+00:00","mainEntityOfPage":{"@id":"https:\/\/www.siau.cat\/index.php\/2025\/08\/01\/siau-exigeix-repetir-el-tramit-de-seleccio-de-places-per-als-docents-interins-davant-el-desgavell-i-negligencia-administrativa\/"},"wordCount":1033,"publisher":{"@id":"https:\/\/www.siau.cat\/#organization"},"image":{"@id":"https:\/\/www.siau.cat\/index.php\/2025\/08\/01\/siau-exigeix-repetir-el-tramit-de-seleccio-de-places-per-als-docents-interins-davant-el-desgavell-i-negligencia-administrativa\/#primaryimage"},"thumbnailUrl":"https:\/\/www.siau.cat\/wp-content\/uploads\/2025\/08\/Conselleria-1024x768.jpg","articleSection":["Uncategorized"],"inLanguage":"ca"},{"@type":"WebPage","@id":"https:\/\/www.siau.cat\/index.php\/2025\/08\/01\/siau-exigeix-repetir-el-tramit-de-seleccio-de-places-per-als-docents-interins-davant-el-desgavell-i-negligencia-administrativa\/","url":"https:\/\/www.siau.cat\/index.php\/2025\/08\/01\/siau-exigeix-repetir-el-tramit-de-seleccio-de-places-per-als-docents-interins-davant-el-desgavell-i-negligencia-administrativa\/","name":"SIAU exigeix repetir el tr\u00e0mit de selecci\u00f3 de places per als docents interins davant el desgavell i neglig\u00e8ncia administrativa &#8212; SIAU - SINDICAT INDEPENDENT, AUT\u00d2NOM I UNITARI","isPartOf":{"@id":"https:\/\/www.siau.cat\/#website"},"primaryImageOfPage":{"@id":"https:\/\/www.siau.cat\/index.php\/2025\/08\/01\/siau-exigeix-repetir-el-tramit-de-seleccio-de-places-per-als-docents-interins-davant-el-desgavell-i-negligencia-administrativa\/#primaryimage"},"image":{"@id":"https:\/\/www.siau.cat\/index.php\/2025\/08\/01\/siau-exigeix-repetir-el-tramit-de-seleccio-de-places-per-als-docents-interins-davant-el-desgavell-i-negligencia-administrativa\/#primaryimage"},"thumbnailUrl":"https:\/\/www.siau.cat\/wp-content\/uploads\/2025\/08\/Conselleria-1024x768.jpg","datePublished":"2025-08-01T11:15:45+00:00","dateModified":"2025-08-01T11:15:47+00:00","breadcrumb":{"@id":"https:\/\/www.siau.cat\/index.php\/2025\/08\/01\/siau-exigeix-repetir-el-tramit-de-seleccio-de-places-per-als-docents-interins-davant-el-desgavell-i-negligencia-administrativa\/#breadcrumb"},"inLanguage":"ca","potentialAction":[{"@type":"ReadAction","target":["https:\/\/www.siau.cat\/index.php\/2025\/08\/01\/siau-exigeix-repetir-el-tramit-de-seleccio-de-places-per-als-docents-interins-davant-el-desgavell-i-negligencia-administrativa\/"]}]},{"@type":"ImageObject","inLanguage":"ca","@id":"https:\/\/www.siau.cat\/index.php\/2025\/08\/01\/siau-exigeix-repetir-el-tramit-de-seleccio-de-places-per-als-docents-interins-davant-el-desgavell-i-negligencia-administrativa\/#primaryimage","url":"https:\/\/www.siau.cat\/wp-content\/uploads\/2025\/08\/Conselleria-scaled.jpg","contentUrl":"https:\/\/www.siau.cat\/wp-content\/uploads\/2025\/08\/Conselleria-scaled.jpg","width":2560,"height":1920},{"@type":"BreadcrumbList","@id":"https:\/\/www.siau.cat\/index.php\/2025\/08\/01\/siau-exigeix-repetir-el-tramit-de-seleccio-de-places-per-als-docents-interins-davant-el-desgavell-i-negligencia-administrativa\/#breadcrumb","itemListElement":[{"@type":"ListItem","position":1,"name":"Inici","item":"https:\/\/www.siau.cat\/"},{"@type":"ListItem","position":2,"name":"SIAU exigeix repetir el tr\u00e0mit de selecci\u00f3 de places per als docents interins davant el desgavell i neglig\u00e8ncia administrativa"}]},{"@type":"WebSite","@id":"https:\/\/www.siau.cat\/#website","url":"https:\/\/www.siau.cat\/","name":"SIAU - SINDICAT INDEPENDENT, AUT\u00d2NOM I UNITARI","description":"Ara s&iacute; que tenim la veu","publisher":{"@id":"https:\/\/www.siau.cat\/#organization"},"potentialAction":[{"@type":"SearchAction","target":{"@type":"EntryPoint","urlTemplate":"https:\/\/www.siau.cat\/?s={search_term_string}"},"query-input":{"@type":"PropertyValueSpecification","valueRequired":true,"valueName":"search_term_string"}}],"inLanguage":"ca"},{"@type":"Organization","@id":"https:\/\/www.siau.cat\/#organization","name":"SIAU","url":"https:\/\/www.siau.cat\/","logo":{"@type":"ImageObject","inLanguage":"ca","@id":"https:\/\/www.siau.cat\/#\/schema\/logo\/image\/","url":"https:\/\/www.siau.cat\/wp-content\/uploads\/2022\/03\/cropped-resized_LOGO-SIAU-5-e1652020847972.jpg","contentUrl":"https:\/\/www.siau.cat\/wp-content\/uploads\/2022\/03\/cropped-resized_LOGO-SIAU-5-e1652020847972.jpg","width":1600,"height":1200,"caption":"SIAU"},"image":{"@id":"https:\/\/www.siau.cat\/#\/schema\/logo\/image\/"}},{"@type":"Person","@id":"https:\/\/www.siau.cat\/#\/schema\/person\/810c15694a7e538934bb4be53ebcba0d","name":"admin","image":{"@type":"ImageObject","inLanguage":"ca","@id":"https:\/\/www.siau.cat\/#\/schema\/person\/image\/","url":"https:\/\/www.siau.cat\/wp-content\/litespeed\/avatar\/d73ebfac3daa0b52552b2ccea63469da.jpg?ver=1777403609","contentUrl":"https:\/\/www.siau.cat\/wp-content\/litespeed\/avatar\/d73ebfac3daa0b52552b2ccea63469da.jpg?ver=1777403609","caption":"admin"},"sameAs":["https:\/\/www.siau.cat"],"url":"https:\/\/www.siau.cat\/index.php\/author\/admin\/"}]}},"jetpack_featured_media_url":"","jetpack_sharing_enabled":true,"_links":{"self":[{"href":"https:\/\/www.siau.cat\/index.php\/wp-json\/wp\/v2\/posts\/2026","targetHints":{"allow":["GET"]}}],"collection":[{"href":"https:\/\/www.siau.cat\/index.php\/wp-json\/wp\/v2\/posts"}],"about":[{"href":"https:\/\/www.siau.cat\/index.php\/wp-json\/wp\/v2\/types\/post"}],"author":[{"embeddable":true,"href":"https:\/\/www.siau.cat\/index.php\/wp-json\/wp\/v2\/users\/1"}],"replies":[{"embeddable":true,"href":"https:\/\/www.siau.cat\/index.php\/wp-json\/wp\/v2\/comments?post=2026"}],"version-history":[{"count":1,"href":"https:\/\/www.siau.cat\/index.php\/wp-json\/wp\/v2\/posts\/2026\/revisions"}],"predecessor-version":[{"id":2028,"href":"https:\/\/www.siau.cat\/index.php\/wp-json\/wp\/v2\/posts\/2026\/revisions\/2028"}],"wp:attachment":[{"href":"https:\/\/www.siau.cat\/index.php\/wp-json\/wp\/v2\/media?parent=2026"}],"wp:term":[{"taxonomy":"category","embeddable":true,"href":"https:\/\/www.siau.cat\/index.php\/wp-json\/wp\/v2\/categories?post=2026"},{"taxonomy":"post_tag","embeddable":true,"href":"https:\/\/www.siau.cat\/index.php\/wp-json\/wp\/v2\/tags?post=2026"}],"curies":[{"name":"wp","href":"https:\/\/api.w.org\/{rel}","templated":true}]}}