{"id":2034,"date":"2025-08-06T17:21:33","date_gmt":"2025-08-06T17:21:33","guid":{"rendered":"https:\/\/www.siau.cat\/?p=2034"},"modified":"2025-08-06T17:23:19","modified_gmt":"2025-08-06T17:23:19","slug":"la-direccio-general-de-personal-docent-menyste-les-vacances-dels-docents-amb-tramits-inventats-i-ridiculs","status":"publish","type":"post","link":"https:\/\/www.siau.cat\/index.php\/2025\/08\/06\/la-direccio-general-de-personal-docent-menyste-les-vacances-dels-docents-amb-tramits-inventats-i-ridiculs\/","title":{"rendered":"La Direcci\u00f3 General de Personal Docent menyst\u00e9 les vacances dels docents amb tr\u00e0mits inventats i rid\u00edculs"},"content":{"rendered":"\n<figure class=\"wp-block-image size-large\"><img loading=\"lazy\" decoding=\"async\" width=\"1024\" height=\"576\" src=\"https:\/\/www.siau.cat\/wp-content\/uploads\/2025\/08\/Tramits-previs-dels-tramits-de-1024x576.jpg\" alt=\"\" class=\"wp-image-2035\" srcset=\"https:\/\/www.siau.cat\/wp-content\/uploads\/2025\/08\/Tramits-previs-dels-tramits-de-1024x576.jpg 1024w, https:\/\/www.siau.cat\/wp-content\/uploads\/2025\/08\/Tramits-previs-dels-tramits-de-300x169.jpg 300w, https:\/\/www.siau.cat\/wp-content\/uploads\/2025\/08\/Tramits-previs-dels-tramits-de-768x432.jpg 768w, https:\/\/www.siau.cat\/wp-content\/uploads\/2025\/08\/Tramits-previs-dels-tramits-de-1536x864.jpg 1536w, https:\/\/www.siau.cat\/wp-content\/uploads\/2025\/08\/Tramits-previs-dels-tramits-de-24x14.jpg 24w, https:\/\/www.siau.cat\/wp-content\/uploads\/2025\/08\/Tramits-previs-dels-tramits-de-36x20.jpg 36w, https:\/\/www.siau.cat\/wp-content\/uploads\/2025\/08\/Tramits-previs-dels-tramits-de-48x27.jpg 48w, https:\/\/www.siau.cat\/wp-content\/uploads\/2025\/08\/Tramits-previs-dels-tramits-de-350x197.jpg 350w, https:\/\/www.siau.cat\/wp-content\/uploads\/2025\/08\/Tramits-previs-dels-tramits-de.jpg 1920w\" sizes=\"auto, (max-width: 767px) 89vw, (max-width: 1000px) 54vw, (max-width: 1071px) 543px, 580px\" \/><\/figure>\n\n\n\n<p>Des de SIAU volem expressar, una vegada m\u00e9s, el nostre rebuig frontal a la p\u00e8ssima gesti\u00f3 de la Direcci\u00f3 General de Personal Docent, amb el suport dels seus sindicats, que un any m\u00e9s ha decidit col\u00b7lapsar el mes d\u2019agost amb tr\u00e0mits burocr\u00e0tics in\u00fatils, imposats a correcuita i amb terminis extremadament redu\u00efts, sense cap justificaci\u00f3 raonable.<\/p>\n\n\n\n<p>\u00c9s inacceptable que, en ple per\u00edode de vacances escolars, es facin passar per imprescindibles uns tr\u00e0mits absurds i redundants, inexistents a cap altra administraci\u00f3 de l\u2019Estat \u2014ni del m\u00f3n\u2014, i que es penalitzi el col\u00b7lectiu docent amb l\u2019exclusi\u00f3 de dos anys de la borsa d\u2019interins si no els fan. Aquesta mesura, desproporcionada i arbitr\u00e0ria, evidencia un menyspreu flagrant al dret al descans i afegeix encara m\u00e9s pressi\u00f3 a un col\u00b7lectiu que ja pateix inestabilitat i precarietat.<\/p>\n\n\n\n<p>Especialment greu \u00e9s la imposici\u00f3 d\u2019un tr\u00e0mit previ a la presa de possessi\u00f3, quan aquesta ja es formalitza, com cada any, l\u20191 de setembre. El fet que nom\u00e9s es concedeixin tres dies per dur-lo a terme, i en ple agost, \u00e9s una mostra clara de desconnexi\u00f3 amb la realitat i d\u2019una voluntat de burocratitzar per sistema, sense cap benefici real per a ning\u00fa. Es tracta d\u2019un tr\u00e0mit tan rid\u00edcul com inexistent a qualsevol altra administraci\u00f3 p\u00fablica del planeta.<\/p>\n\n\n\n<p>Per\u00f2 aquest no \u00e9s l\u2019\u00fanic desprop\u00f2sit. Tamb\u00e9 s\u2019obliga els docents que no han obtingut pla\u00e7a a fer un tr\u00e0mit de canvi de disponibilitat. Veure per creure!<\/p>\n\n\n\n<p>De qu\u00e8 serveix omplir-se la boca amb plans de \u201cdesburocratitzaci\u00f3\u201d i altres ridiculeses si despr\u00e9s es multipliquen els tr\u00e0mits in\u00fatils i s\u2019imposa un control desmesurat i arbitrari sobre els professionals? Els ide\u00f2legs d\u2019aquestes absurditats no haurien d&#8217;estar mai al tim\u00f3 d\u2019una administraci\u00f3 p\u00fablica.<\/p>\n\n\n\n<p>Des de SIAU, exigim a la Direcci\u00f3 General de Personal Docent que comenci a aplicar el sentit com\u00fa, simplifiqui els processos, respecti el per\u00edode vacacional dels treballadors i posi fi a la burocratitzaci\u00f3 absurda dels procediments. Els professionals de l\u2019educaci\u00f3 mereixen una administraci\u00f3 eficient i \u00fatil, que no posi entrebancs a la seva tasca ni interfereixi, de manera injusta, en el seu dret al descans.<\/p>\n","protected":false},"excerpt":{"rendered":"<p>Des de SIAU volem expressar, una vegada m\u00e9s, el nostre rebuig frontal a la p\u00e8ssima gesti\u00f3 de la Direcci\u00f3 General de Personal Docent, amb el suport dels seus sindicats, que un any m\u00e9s ha decidit col\u00b7lapsar el mes d\u2019agost amb tr\u00e0mits burocr\u00e0tics in\u00fatils, imposats a correcuita i amb terminis extremadament redu\u00efts, sense cap justificaci\u00f3 raonable. &hellip; <\/p>\n<p class=\"link-more\"><a href=\"https:\/\/www.siau.cat\/index.php\/2025\/08\/06\/la-direccio-general-de-personal-docent-menyste-les-vacances-dels-docents-amb-tramits-inventats-i-ridiculs\/\" class=\"more-link\">Continua llegint <span class=\"screen-reader-text\">\u00abLa Direcci\u00f3 General de Personal Docent menyst\u00e9 les vacances dels docents amb tr\u00e0mits inventats i rid\u00edculs\u00bb<\/span><\/a><\/p>\n","protected":false},"author":1,"featured_media":0,"comment_status":"closed","ping_status":"open","sticky":false,"template":"","format":"standard","meta":{"_jetpack_memberships_contains_paid_content":false,"footnotes":""},"categories":[1],"tags":[],"class_list":["post-2034","post","type-post","status-publish","format-standard","hentry","category-uncategorized"],"yoast_head":"<!-- This site is optimized with the Yoast SEO plugin v25.4 - https:\/\/yoast.com\/wordpress\/plugins\/seo\/ -->\n<title>La Direcci\u00f3 General de Personal Docent menyst\u00e9 les vacances dels docents amb tr\u00e0mits inventats i rid\u00edculs &#8212; SIAU - SINDICAT INDEPENDENT, AUT\u00d2NOM I UNITARI<\/title>\n<meta name=\"robots\" content=\"index, follow, max-snippet:-1, max-image-preview:large, max-video-preview:-1\" \/>\n<link rel=\"canonical\" href=\"https:\/\/www.siau.cat\/index.php\/2025\/08\/06\/la-direccio-general-de-personal-docent-menyste-les-vacances-dels-docents-amb-tramits-inventats-i-ridiculs\/\" \/>\n<meta property=\"og:locale\" content=\"ca_ES\" \/>\n<meta property=\"og:type\" content=\"article\" \/>\n<meta property=\"og:title\" content=\"La Direcci\u00f3 General de Personal Docent menyst\u00e9 les vacances dels docents amb tr\u00e0mits inventats i rid\u00edculs &#8212; SIAU - SINDICAT INDEPENDENT, AUT\u00d2NOM I UNITARI\" \/>\n<meta property=\"og:description\" content=\"Des de SIAU volem expressar, una vegada m\u00e9s, el nostre rebuig frontal a la p\u00e8ssima gesti\u00f3 de la Direcci\u00f3 General de Personal Docent, amb el suport dels seus sindicats, que un any m\u00e9s ha decidit col\u00b7lapsar el mes d\u2019agost amb tr\u00e0mits burocr\u00e0tics in\u00fatils, imposats a correcuita i amb terminis extremadament redu\u00efts, sense cap justificaci\u00f3 raonable. &hellip; Continua llegint \u00abLa Direcci\u00f3 General de Personal Docent menyst\u00e9 les vacances dels docents amb tr\u00e0mits inventats i rid\u00edculs\u00bb\" \/>\n<meta property=\"og:url\" content=\"https:\/\/www.siau.cat\/index.php\/2025\/08\/06\/la-direccio-general-de-personal-docent-menyste-les-vacances-dels-docents-amb-tramits-inventats-i-ridiculs\/\" \/>\n<meta property=\"og:site_name\" content=\"SIAU - SINDICAT INDEPENDENT, AUT\u00d2NOM I UNITARI\" \/>\n<meta property=\"article:published_time\" content=\"2025-08-06T17:21:33+00:00\" \/>\n<meta property=\"article:modified_time\" content=\"2025-08-06T17:23:19+00:00\" \/>\n<meta property=\"og:image\" content=\"https:\/\/www.siau.cat\/wp-content\/uploads\/2025\/08\/Tramits-previs-dels-tramits-de.jpg\" \/>\n\t<meta property=\"og:image:width\" content=\"1920\" \/>\n\t<meta property=\"og:image:height\" content=\"1080\" \/>\n\t<meta property=\"og:image:type\" content=\"image\/jpeg\" \/>\n<meta name=\"author\" content=\"admin\" \/>\n<meta name=\"twitter:card\" content=\"summary_large_image\" \/>\n<meta name=\"twitter:label1\" content=\"Escrit per\" \/>\n\t<meta name=\"twitter:data1\" content=\"admin\" \/>\n\t<meta name=\"twitter:label2\" content=\"Temps estimat de lectura\" \/>\n\t<meta name=\"twitter:data2\" content=\"3 minuts\" \/>\n<script type=\"application\/ld+json\" class=\"yoast-schema-graph\">{\"@context\":\"https:\/\/schema.org\",\"@graph\":[{\"@type\":\"Article\",\"@id\":\"https:\/\/www.siau.cat\/index.php\/2025\/08\/06\/la-direccio-general-de-personal-docent-menyste-les-vacances-dels-docents-amb-tramits-inventats-i-ridiculs\/#article\",\"isPartOf\":{\"@id\":\"https:\/\/www.siau.cat\/index.php\/2025\/08\/06\/la-direccio-general-de-personal-docent-menyste-les-vacances-dels-docents-amb-tramits-inventats-i-ridiculs\/\"},\"author\":{\"name\":\"admin\",\"@id\":\"https:\/\/www.siau.cat\/#\/schema\/person\/810c15694a7e538934bb4be53ebcba0d\"},\"headline\":\"La Direcci\u00f3 General de Personal Docent menyst\u00e9 les vacances dels docents amb tr\u00e0mits inventats i rid\u00edculs\",\"datePublished\":\"2025-08-06T17:21:33+00:00\",\"dateModified\":\"2025-08-06T17:23:19+00:00\",\"mainEntityOfPage\":{\"@id\":\"https:\/\/www.siau.cat\/index.php\/2025\/08\/06\/la-direccio-general-de-personal-docent-menyste-les-vacances-dels-docents-amb-tramits-inventats-i-ridiculs\/\"},\"wordCount\":404,\"publisher\":{\"@id\":\"https:\/\/www.siau.cat\/#organization\"},\"image\":{\"@id\":\"https:\/\/www.siau.cat\/index.php\/2025\/08\/06\/la-direccio-general-de-personal-docent-menyste-les-vacances-dels-docents-amb-tramits-inventats-i-ridiculs\/#primaryimage\"},\"thumbnailUrl\":\"https:\/\/www.siau.cat\/wp-content\/uploads\/2025\/08\/Tramits-previs-dels-tramits-de-1024x576.jpg\",\"articleSection\":[\"Uncategorized\"],\"inLanguage\":\"ca\"},{\"@type\":\"WebPage\",\"@id\":\"https:\/\/www.siau.cat\/index.php\/2025\/08\/06\/la-direccio-general-de-personal-docent-menyste-les-vacances-dels-docents-amb-tramits-inventats-i-ridiculs\/\",\"url\":\"https:\/\/www.siau.cat\/index.php\/2025\/08\/06\/la-direccio-general-de-personal-docent-menyste-les-vacances-dels-docents-amb-tramits-inventats-i-ridiculs\/\",\"name\":\"La Direcci\u00f3 General de Personal Docent menyst\u00e9 les vacances dels docents amb tr\u00e0mits inventats i rid\u00edculs &#8212; SIAU - SINDICAT INDEPENDENT, AUT\u00d2NOM I UNITARI\",\"isPartOf\":{\"@id\":\"https:\/\/www.siau.cat\/#website\"},\"primaryImageOfPage\":{\"@id\":\"https:\/\/www.siau.cat\/index.php\/2025\/08\/06\/la-direccio-general-de-personal-docent-menyste-les-vacances-dels-docents-amb-tramits-inventats-i-ridiculs\/#primaryimage\"},\"image\":{\"@id\":\"https:\/\/www.siau.cat\/index.php\/2025\/08\/06\/la-direccio-general-de-personal-docent-menyste-les-vacances-dels-docents-amb-tramits-inventats-i-ridiculs\/#primaryimage\"},\"thumbnailUrl\":\"https:\/\/www.siau.cat\/wp-content\/uploads\/2025\/08\/Tramits-previs-dels-tramits-de-1024x576.jpg\",\"datePublished\":\"2025-08-06T17:21:33+00:00\",\"dateModified\":\"2025-08-06T17:23:19+00:00\",\"breadcrumb\":{\"@id\":\"https:\/\/www.siau.cat\/index.php\/2025\/08\/06\/la-direccio-general-de-personal-docent-menyste-les-vacances-dels-docents-amb-tramits-inventats-i-ridiculs\/#breadcrumb\"},\"inLanguage\":\"ca\",\"potentialAction\":[{\"@type\":\"ReadAction\",\"target\":[\"https:\/\/www.siau.cat\/index.php\/2025\/08\/06\/la-direccio-general-de-personal-docent-menyste-les-vacances-dels-docents-amb-tramits-inventats-i-ridiculs\/\"]}]},{\"@type\":\"ImageObject\",\"inLanguage\":\"ca\",\"@id\":\"https:\/\/www.siau.cat\/index.php\/2025\/08\/06\/la-direccio-general-de-personal-docent-menyste-les-vacances-dels-docents-amb-tramits-inventats-i-ridiculs\/#primaryimage\",\"url\":\"https:\/\/www.siau.cat\/wp-content\/uploads\/2025\/08\/Tramits-previs-dels-tramits-de.jpg\",\"contentUrl\":\"https:\/\/www.siau.cat\/wp-content\/uploads\/2025\/08\/Tramits-previs-dels-tramits-de.jpg\",\"width\":1920,\"height\":1080},{\"@type\":\"BreadcrumbList\",\"@id\":\"https:\/\/www.siau.cat\/index.php\/2025\/08\/06\/la-direccio-general-de-personal-docent-menyste-les-vacances-dels-docents-amb-tramits-inventats-i-ridiculs\/#breadcrumb\",\"itemListElement\":[{\"@type\":\"ListItem\",\"position\":1,\"name\":\"Inici\",\"item\":\"https:\/\/www.siau.cat\/\"},{\"@type\":\"ListItem\",\"position\":2,\"name\":\"La Direcci\u00f3 General de Personal Docent menyst\u00e9 les vacances dels docents amb tr\u00e0mits inventats i rid\u00edculs\"}]},{\"@type\":\"WebSite\",\"@id\":\"https:\/\/www.siau.cat\/#website\",\"url\":\"https:\/\/www.siau.cat\/\",\"name\":\"SIAU - SINDICAT INDEPENDENT, AUT\u00d2NOM I UNITARI\",\"description\":\"Ara s&iacute; que tenim la veu\",\"publisher\":{\"@id\":\"https:\/\/www.siau.cat\/#organization\"},\"potentialAction\":[{\"@type\":\"SearchAction\",\"target\":{\"@type\":\"EntryPoint\",\"urlTemplate\":\"https:\/\/www.siau.cat\/?s={search_term_string}\"},\"query-input\":{\"@type\":\"PropertyValueSpecification\",\"valueRequired\":true,\"valueName\":\"search_term_string\"}}],\"inLanguage\":\"ca\"},{\"@type\":\"Organization\",\"@id\":\"https:\/\/www.siau.cat\/#organization\",\"name\":\"SIAU\",\"url\":\"https:\/\/www.siau.cat\/\",\"logo\":{\"@type\":\"ImageObject\",\"inLanguage\":\"ca\",\"@id\":\"https:\/\/www.siau.cat\/#\/schema\/logo\/image\/\",\"url\":\"https:\/\/www.siau.cat\/wp-content\/uploads\/2022\/03\/cropped-resized_LOGO-SIAU-5-e1652020847972.jpg\",\"contentUrl\":\"https:\/\/www.siau.cat\/wp-content\/uploads\/2022\/03\/cropped-resized_LOGO-SIAU-5-e1652020847972.jpg\",\"width\":1600,\"height\":1200,\"caption\":\"SIAU\"},\"image\":{\"@id\":\"https:\/\/www.siau.cat\/#\/schema\/logo\/image\/\"}},{\"@type\":\"Person\",\"@id\":\"https:\/\/www.siau.cat\/#\/schema\/person\/810c15694a7e538934bb4be53ebcba0d\",\"name\":\"admin\",\"image\":{\"@type\":\"ImageObject\",\"inLanguage\":\"ca\",\"@id\":\"https:\/\/www.siau.cat\/#\/schema\/person\/image\/\",\"url\":\"https:\/\/www.siau.cat\/wp-content\/litespeed\/avatar\/d73ebfac3daa0b52552b2ccea63469da.jpg?ver=1777403609\",\"contentUrl\":\"https:\/\/www.siau.cat\/wp-content\/litespeed\/avatar\/d73ebfac3daa0b52552b2ccea63469da.jpg?ver=1777403609\",\"caption\":\"admin\"},\"sameAs\":[\"https:\/\/www.siau.cat\"],\"url\":\"https:\/\/www.siau.cat\/index.php\/author\/admin\/\"}]}<\/script>\n<!-- \/ Yoast SEO plugin. -->","yoast_head_json":{"title":"La Direcci\u00f3 General de Personal Docent menyst\u00e9 les vacances dels docents amb tr\u00e0mits inventats i rid\u00edculs &#8212; SIAU - SINDICAT INDEPENDENT, AUT\u00d2NOM I UNITARI","robots":{"index":"index","follow":"follow","max-snippet":"max-snippet:-1","max-image-preview":"max-image-preview:large","max-video-preview":"max-video-preview:-1"},"canonical":"https:\/\/www.siau.cat\/index.php\/2025\/08\/06\/la-direccio-general-de-personal-docent-menyste-les-vacances-dels-docents-amb-tramits-inventats-i-ridiculs\/","og_locale":"ca_ES","og_type":"article","og_title":"La Direcci\u00f3 General de Personal Docent menyst\u00e9 les vacances dels docents amb tr\u00e0mits inventats i rid\u00edculs &#8212; SIAU - SINDICAT INDEPENDENT, AUT\u00d2NOM I UNITARI","og_description":"Des de SIAU volem expressar, una vegada m\u00e9s, el nostre rebuig frontal a la p\u00e8ssima gesti\u00f3 de la Direcci\u00f3 General de Personal Docent, amb el suport dels seus sindicats, que un any m\u00e9s ha decidit col\u00b7lapsar el mes d\u2019agost amb tr\u00e0mits burocr\u00e0tics in\u00fatils, imposats a correcuita i amb terminis extremadament redu\u00efts, sense cap justificaci\u00f3 raonable. &hellip; Continua llegint \u00abLa Direcci\u00f3 General de Personal Docent menyst\u00e9 les vacances dels docents amb tr\u00e0mits inventats i rid\u00edculs\u00bb","og_url":"https:\/\/www.siau.cat\/index.php\/2025\/08\/06\/la-direccio-general-de-personal-docent-menyste-les-vacances-dels-docents-amb-tramits-inventats-i-ridiculs\/","og_site_name":"SIAU - SINDICAT INDEPENDENT, AUT\u00d2NOM I UNITARI","article_published_time":"2025-08-06T17:21:33+00:00","article_modified_time":"2025-08-06T17:23:19+00:00","og_image":[{"width":1920,"height":1080,"url":"https:\/\/www.siau.cat\/wp-content\/uploads\/2025\/08\/Tramits-previs-dels-tramits-de.jpg","type":"image\/jpeg"}],"author":"admin","twitter_card":"summary_large_image","twitter_misc":{"Escrit per":"admin","Temps estimat de lectura":"3 minuts"},"schema":{"@context":"https:\/\/schema.org","@graph":[{"@type":"Article","@id":"https:\/\/www.siau.cat\/index.php\/2025\/08\/06\/la-direccio-general-de-personal-docent-menyste-les-vacances-dels-docents-amb-tramits-inventats-i-ridiculs\/#article","isPartOf":{"@id":"https:\/\/www.siau.cat\/index.php\/2025\/08\/06\/la-direccio-general-de-personal-docent-menyste-les-vacances-dels-docents-amb-tramits-inventats-i-ridiculs\/"},"author":{"name":"admin","@id":"https:\/\/www.siau.cat\/#\/schema\/person\/810c15694a7e538934bb4be53ebcba0d"},"headline":"La Direcci\u00f3 General de Personal Docent menyst\u00e9 les vacances dels docents amb tr\u00e0mits inventats i rid\u00edculs","datePublished":"2025-08-06T17:21:33+00:00","dateModified":"2025-08-06T17:23:19+00:00","mainEntityOfPage":{"@id":"https:\/\/www.siau.cat\/index.php\/2025\/08\/06\/la-direccio-general-de-personal-docent-menyste-les-vacances-dels-docents-amb-tramits-inventats-i-ridiculs\/"},"wordCount":404,"publisher":{"@id":"https:\/\/www.siau.cat\/#organization"},"image":{"@id":"https:\/\/www.siau.cat\/index.php\/2025\/08\/06\/la-direccio-general-de-personal-docent-menyste-les-vacances-dels-docents-amb-tramits-inventats-i-ridiculs\/#primaryimage"},"thumbnailUrl":"https:\/\/www.siau.cat\/wp-content\/uploads\/2025\/08\/Tramits-previs-dels-tramits-de-1024x576.jpg","articleSection":["Uncategorized"],"inLanguage":"ca"},{"@type":"WebPage","@id":"https:\/\/www.siau.cat\/index.php\/2025\/08\/06\/la-direccio-general-de-personal-docent-menyste-les-vacances-dels-docents-amb-tramits-inventats-i-ridiculs\/","url":"https:\/\/www.siau.cat\/index.php\/2025\/08\/06\/la-direccio-general-de-personal-docent-menyste-les-vacances-dels-docents-amb-tramits-inventats-i-ridiculs\/","name":"La Direcci\u00f3 General de Personal Docent menyst\u00e9 les vacances dels docents amb tr\u00e0mits inventats i rid\u00edculs &#8212; SIAU - SINDICAT INDEPENDENT, AUT\u00d2NOM I UNITARI","isPartOf":{"@id":"https:\/\/www.siau.cat\/#website"},"primaryImageOfPage":{"@id":"https:\/\/www.siau.cat\/index.php\/2025\/08\/06\/la-direccio-general-de-personal-docent-menyste-les-vacances-dels-docents-amb-tramits-inventats-i-ridiculs\/#primaryimage"},"image":{"@id":"https:\/\/www.siau.cat\/index.php\/2025\/08\/06\/la-direccio-general-de-personal-docent-menyste-les-vacances-dels-docents-amb-tramits-inventats-i-ridiculs\/#primaryimage"},"thumbnailUrl":"https:\/\/www.siau.cat\/wp-content\/uploads\/2025\/08\/Tramits-previs-dels-tramits-de-1024x576.jpg","datePublished":"2025-08-06T17:21:33+00:00","dateModified":"2025-08-06T17:23:19+00:00","breadcrumb":{"@id":"https:\/\/www.siau.cat\/index.php\/2025\/08\/06\/la-direccio-general-de-personal-docent-menyste-les-vacances-dels-docents-amb-tramits-inventats-i-ridiculs\/#breadcrumb"},"inLanguage":"ca","potentialAction":[{"@type":"ReadAction","target":["https:\/\/www.siau.cat\/index.php\/2025\/08\/06\/la-direccio-general-de-personal-docent-menyste-les-vacances-dels-docents-amb-tramits-inventats-i-ridiculs\/"]}]},{"@type":"ImageObject","inLanguage":"ca","@id":"https:\/\/www.siau.cat\/index.php\/2025\/08\/06\/la-direccio-general-de-personal-docent-menyste-les-vacances-dels-docents-amb-tramits-inventats-i-ridiculs\/#primaryimage","url":"https:\/\/www.siau.cat\/wp-content\/uploads\/2025\/08\/Tramits-previs-dels-tramits-de.jpg","contentUrl":"https:\/\/www.siau.cat\/wp-content\/uploads\/2025\/08\/Tramits-previs-dels-tramits-de.jpg","width":1920,"height":1080},{"@type":"BreadcrumbList","@id":"https:\/\/www.siau.cat\/index.php\/2025\/08\/06\/la-direccio-general-de-personal-docent-menyste-les-vacances-dels-docents-amb-tramits-inventats-i-ridiculs\/#breadcrumb","itemListElement":[{"@type":"ListItem","position":1,"name":"Inici","item":"https:\/\/www.siau.cat\/"},{"@type":"ListItem","position":2,"name":"La Direcci\u00f3 General de Personal Docent menyst\u00e9 les vacances dels docents amb tr\u00e0mits inventats i rid\u00edculs"}]},{"@type":"WebSite","@id":"https:\/\/www.siau.cat\/#website","url":"https:\/\/www.siau.cat\/","name":"SIAU - SINDICAT INDEPENDENT, AUT\u00d2NOM I UNITARI","description":"Ara s&iacute; que tenim la veu","publisher":{"@id":"https:\/\/www.siau.cat\/#organization"},"potentialAction":[{"@type":"SearchAction","target":{"@type":"EntryPoint","urlTemplate":"https:\/\/www.siau.cat\/?s={search_term_string}"},"query-input":{"@type":"PropertyValueSpecification","valueRequired":true,"valueName":"search_term_string"}}],"inLanguage":"ca"},{"@type":"Organization","@id":"https:\/\/www.siau.cat\/#organization","name":"SIAU","url":"https:\/\/www.siau.cat\/","logo":{"@type":"ImageObject","inLanguage":"ca","@id":"https:\/\/www.siau.cat\/#\/schema\/logo\/image\/","url":"https:\/\/www.siau.cat\/wp-content\/uploads\/2022\/03\/cropped-resized_LOGO-SIAU-5-e1652020847972.jpg","contentUrl":"https:\/\/www.siau.cat\/wp-content\/uploads\/2022\/03\/cropped-resized_LOGO-SIAU-5-e1652020847972.jpg","width":1600,"height":1200,"caption":"SIAU"},"image":{"@id":"https:\/\/www.siau.cat\/#\/schema\/logo\/image\/"}},{"@type":"Person","@id":"https:\/\/www.siau.cat\/#\/schema\/person\/810c15694a7e538934bb4be53ebcba0d","name":"admin","image":{"@type":"ImageObject","inLanguage":"ca","@id":"https:\/\/www.siau.cat\/#\/schema\/person\/image\/","url":"https:\/\/www.siau.cat\/wp-content\/litespeed\/avatar\/d73ebfac3daa0b52552b2ccea63469da.jpg?ver=1777403609","contentUrl":"https:\/\/www.siau.cat\/wp-content\/litespeed\/avatar\/d73ebfac3daa0b52552b2ccea63469da.jpg?ver=1777403609","caption":"admin"},"sameAs":["https:\/\/www.siau.cat"],"url":"https:\/\/www.siau.cat\/index.php\/author\/admin\/"}]}},"jetpack_featured_media_url":"","jetpack_sharing_enabled":true,"_links":{"self":[{"href":"https:\/\/www.siau.cat\/index.php\/wp-json\/wp\/v2\/posts\/2034","targetHints":{"allow":["GET"]}}],"collection":[{"href":"https:\/\/www.siau.cat\/index.php\/wp-json\/wp\/v2\/posts"}],"about":[{"href":"https:\/\/www.siau.cat\/index.php\/wp-json\/wp\/v2\/types\/post"}],"author":[{"embeddable":true,"href":"https:\/\/www.siau.cat\/index.php\/wp-json\/wp\/v2\/users\/1"}],"replies":[{"embeddable":true,"href":"https:\/\/www.siau.cat\/index.php\/wp-json\/wp\/v2\/comments?post=2034"}],"version-history":[{"count":2,"href":"https:\/\/www.siau.cat\/index.php\/wp-json\/wp\/v2\/posts\/2034\/revisions"}],"predecessor-version":[{"id":2037,"href":"https:\/\/www.siau.cat\/index.php\/wp-json\/wp\/v2\/posts\/2034\/revisions\/2037"}],"wp:attachment":[{"href":"https:\/\/www.siau.cat\/index.php\/wp-json\/wp\/v2\/media?parent=2034"}],"wp:term":[{"taxonomy":"category","embeddable":true,"href":"https:\/\/www.siau.cat\/index.php\/wp-json\/wp\/v2\/categories?post=2034"},{"taxonomy":"post_tag","embeddable":true,"href":"https:\/\/www.siau.cat\/index.php\/wp-json\/wp\/v2\/tags?post=2034"}],"curies":[{"name":"wp","href":"https:\/\/api.w.org\/{rel}","templated":true}]}}