{"id":2042,"date":"2025-08-15T15:55:02","date_gmt":"2025-08-15T15:55:02","guid":{"rendered":"https:\/\/www.siau.cat\/?p=2042"},"modified":"2025-08-15T16:01:13","modified_gmt":"2025-08-15T16:01:13","slug":"siau-es-reuneix-amb-la-plataforma-dinterins-docents-afectats-per-les-adjudicacions-de-places","status":"publish","type":"post","link":"https:\/\/www.siau.cat\/index.php\/2025\/08\/15\/siau-es-reuneix-amb-la-plataforma-dinterins-docents-afectats-per-les-adjudicacions-de-places\/","title":{"rendered":"SIAU es reuneix amb la Plataforma d\u2019interins docents afectats per les adjudicacions de places"},"content":{"rendered":"\n<figure class=\"wp-block-image size-large\"><img loading=\"lazy\" decoding=\"async\" width=\"1024\" height=\"538\" src=\"https:\/\/www.siau.cat\/wp-content\/uploads\/2025\/08\/Reunio-SIAU-Plataforma-interins-docents-IB-1-1024x538.jpg\" alt=\"\" class=\"wp-image-2044\" srcset=\"https:\/\/www.siau.cat\/wp-content\/uploads\/2025\/08\/Reunio-SIAU-Plataforma-interins-docents-IB-1-1024x538.jpg 1024w, https:\/\/www.siau.cat\/wp-content\/uploads\/2025\/08\/Reunio-SIAU-Plataforma-interins-docents-IB-1-300x158.jpg 300w, https:\/\/www.siau.cat\/wp-content\/uploads\/2025\/08\/Reunio-SIAU-Plataforma-interins-docents-IB-1-768x404.jpg 768w, https:\/\/www.siau.cat\/wp-content\/uploads\/2025\/08\/Reunio-SIAU-Plataforma-interins-docents-IB-1-1536x808.jpg 1536w, https:\/\/www.siau.cat\/wp-content\/uploads\/2025\/08\/Reunio-SIAU-Plataforma-interins-docents-IB-1-2048x1077.jpg 2048w, https:\/\/www.siau.cat\/wp-content\/uploads\/2025\/08\/Reunio-SIAU-Plataforma-interins-docents-IB-1-24x13.jpg 24w, https:\/\/www.siau.cat\/wp-content\/uploads\/2025\/08\/Reunio-SIAU-Plataforma-interins-docents-IB-1-36x19.jpg 36w, https:\/\/www.siau.cat\/wp-content\/uploads\/2025\/08\/Reunio-SIAU-Plataforma-interins-docents-IB-1-48x25.jpg 48w, https:\/\/www.siau.cat\/wp-content\/uploads\/2025\/08\/Reunio-SIAU-Plataforma-interins-docents-IB-1-350x184.jpg 350w\" sizes=\"auto, (max-width: 767px) 89vw, (max-width: 1000px) 54vw, (max-width: 1071px) 543px, 580px\" \/><figcaption class=\"wp-element-caption\">Imatge de la reuni\u00f3 entre SIAU i la Plataforma d&#8217;interins docents de les Illes Balears (15\/08\/2025)<\/figcaption><\/figure>\n\n\n\n<p>Avui, dia 15 d\u2019agost, tot i ser jornada festiva, el sindicat SIAU <strong>ens hem reunit a la nostra seu amb la Plataforma d\u2019interins docents de les Illes Balears<\/strong> afectats pel caos generat per la Conselleria d\u2019Educaci\u00f3 en el proc\u00e9s d\u2019adjudicaci\u00f3 de places d\u2019aquest estiu.<\/p>\n\n\n\n<p>Durant la reuni\u00f3 hem abordat en profunditat les <strong>nombroses irregularitats<\/strong> que s\u2019han produ\u00eft en el procediment, aix\u00ed com les greus conseq\u00fc\u00e8ncies que aquest desgavell ha tingut per a centenars de docents interins. Davant aquesta situaci\u00f3, es duran a terme una s\u00e8rie d\u2019accions conjuntes per defensar els drets del col\u00b7lectiu inter\u00ed i exigir responsabilitats pol\u00edtiques i t\u00e8cniques.<\/p>\n\n\n\n<p>Des de SIAU:<\/p>\n\n\n\n<ul class=\"wp-block-list\">\n<li>Reiteram el nostre <strong>suport ferm i incondicional<\/strong> a les reivindicacions dels interins afectats per les darreres adjudicacions. Aquesta postura ha estat palesa en diverses ocasions i continuar\u00e0 essent un pilar de la nostra acci\u00f3 sindical.<br><\/li>\n\n\n\n<li>Ens comprometem a<strong> assessorar i acompanyar individualment<\/strong> tots els afectats a trav\u00e9s d\u2019una bateria de recursos i accions. Animam, a m\u00e9s, a considerar la <strong>via judicial<\/strong> com a mecanisme per fer valer els drets vulnerats.<br><\/li>\n\n\n\n<li>Ens <strong>mobilitzarem p\u00fablicament<\/strong> al costat de la Plataforma per visibilitzar aquest esc\u00e0ndol i continuarem exigint la implantaci\u00f3 d\u2019un <strong>model d\u2019adjudicacions just, transparent i pactat<\/strong>.<\/li>\n<\/ul>\n\n\n\n<p>El menyspreu sistem\u00e0tic que pateixen els docents, especialment els interins, any rere any, \u00e9s del tot inacceptable. No es pot continuar normalitzant aquesta precaritzaci\u00f3 ni aquest tracte indigne. Les administracions p\u00fabliques han de ser gestionades per <strong>persones competents i responsables, i no per ineptes<\/strong> que posen en risc el bon funcionament del sistema educatiu i la dignitat dels professionals.<\/p>\n\n\n\n<p>Volem advertir que no aturarem la lluita ni permetrem que se censuri als docents.<\/p>\n","protected":false},"excerpt":{"rendered":"<p>Avui, dia 15 d\u2019agost, tot i ser jornada festiva, el sindicat SIAU ens hem reunit a la nostra seu amb la Plataforma d\u2019interins docents de les Illes Balears afectats pel caos generat per la Conselleria d\u2019Educaci\u00f3 en el proc\u00e9s d\u2019adjudicaci\u00f3 de places d\u2019aquest estiu. Durant la reuni\u00f3 hem abordat en profunditat les nombroses irregularitats que &hellip; <\/p>\n<p class=\"link-more\"><a href=\"https:\/\/www.siau.cat\/index.php\/2025\/08\/15\/siau-es-reuneix-amb-la-plataforma-dinterins-docents-afectats-per-les-adjudicacions-de-places\/\" class=\"more-link\">Continua llegint <span class=\"screen-reader-text\">\u00abSIAU es reuneix amb la Plataforma d\u2019interins docents afectats per les adjudicacions de places\u00bb<\/span><\/a><\/p>\n","protected":false},"author":1,"featured_media":0,"comment_status":"closed","ping_status":"open","sticky":false,"template":"","format":"standard","meta":{"_jetpack_memberships_contains_paid_content":false,"footnotes":""},"categories":[1],"tags":[],"class_list":["post-2042","post","type-post","status-publish","format-standard","hentry","category-uncategorized"],"yoast_head":"<!-- This site is optimized with the Yoast SEO plugin v25.4 - https:\/\/yoast.com\/wordpress\/plugins\/seo\/ -->\n<title>SIAU es reuneix amb la Plataforma d\u2019interins docents afectats per les adjudicacions de places &#8212; SIAU - SINDICAT INDEPENDENT, AUT\u00d2NOM I UNITARI<\/title>\n<meta name=\"robots\" content=\"index, follow, max-snippet:-1, max-image-preview:large, max-video-preview:-1\" \/>\n<link rel=\"canonical\" href=\"https:\/\/www.siau.cat\/index.php\/2025\/08\/15\/siau-es-reuneix-amb-la-plataforma-dinterins-docents-afectats-per-les-adjudicacions-de-places\/\" \/>\n<meta property=\"og:locale\" content=\"ca_ES\" \/>\n<meta property=\"og:type\" content=\"article\" \/>\n<meta property=\"og:title\" content=\"SIAU es reuneix amb la Plataforma d\u2019interins docents afectats per les adjudicacions de places &#8212; SIAU - SINDICAT INDEPENDENT, AUT\u00d2NOM I UNITARI\" \/>\n<meta property=\"og:description\" content=\"Avui, dia 15 d\u2019agost, tot i ser jornada festiva, el sindicat SIAU ens hem reunit a la nostra seu amb la Plataforma d\u2019interins docents de les Illes Balears afectats pel caos generat per la Conselleria d\u2019Educaci\u00f3 en el proc\u00e9s d\u2019adjudicaci\u00f3 de places d\u2019aquest estiu. Durant la reuni\u00f3 hem abordat en profunditat les nombroses irregularitats que &hellip; Continua llegint \u00abSIAU es reuneix amb la Plataforma d\u2019interins docents afectats per les adjudicacions de places\u00bb\" \/>\n<meta property=\"og:url\" content=\"https:\/\/www.siau.cat\/index.php\/2025\/08\/15\/siau-es-reuneix-amb-la-plataforma-dinterins-docents-afectats-per-les-adjudicacions-de-places\/\" \/>\n<meta property=\"og:site_name\" content=\"SIAU - SINDICAT INDEPENDENT, AUT\u00d2NOM I UNITARI\" \/>\n<meta property=\"article:published_time\" content=\"2025-08-15T15:55:02+00:00\" \/>\n<meta property=\"article:modified_time\" content=\"2025-08-15T16:01:13+00:00\" \/>\n<meta property=\"og:image\" content=\"https:\/\/www.siau.cat\/wp-content\/uploads\/2025\/08\/Reunio-SIAU-Plataforma-interins-docents-IB-1-scaled.jpg\" \/>\n\t<meta property=\"og:image:width\" content=\"2560\" \/>\n\t<meta property=\"og:image:height\" content=\"1346\" \/>\n\t<meta property=\"og:image:type\" content=\"image\/jpeg\" \/>\n<meta name=\"author\" content=\"admin\" \/>\n<meta name=\"twitter:card\" content=\"summary_large_image\" \/>\n<meta name=\"twitter:label1\" content=\"Escrit per\" \/>\n\t<meta name=\"twitter:data1\" content=\"admin\" \/>\n\t<meta name=\"twitter:label2\" content=\"Temps estimat de lectura\" \/>\n\t<meta name=\"twitter:data2\" content=\"2 minuts\" \/>\n<script type=\"application\/ld+json\" class=\"yoast-schema-graph\">{\"@context\":\"https:\/\/schema.org\",\"@graph\":[{\"@type\":\"Article\",\"@id\":\"https:\/\/www.siau.cat\/index.php\/2025\/08\/15\/siau-es-reuneix-amb-la-plataforma-dinterins-docents-afectats-per-les-adjudicacions-de-places\/#article\",\"isPartOf\":{\"@id\":\"https:\/\/www.siau.cat\/index.php\/2025\/08\/15\/siau-es-reuneix-amb-la-plataforma-dinterins-docents-afectats-per-les-adjudicacions-de-places\/\"},\"author\":{\"name\":\"admin\",\"@id\":\"https:\/\/www.siau.cat\/#\/schema\/person\/810c15694a7e538934bb4be53ebcba0d\"},\"headline\":\"SIAU es reuneix amb la Plataforma d\u2019interins docents afectats per les adjudicacions de places\",\"datePublished\":\"2025-08-15T15:55:02+00:00\",\"dateModified\":\"2025-08-15T16:01:13+00:00\",\"mainEntityOfPage\":{\"@id\":\"https:\/\/www.siau.cat\/index.php\/2025\/08\/15\/siau-es-reuneix-amb-la-plataforma-dinterins-docents-afectats-per-les-adjudicacions-de-places\/\"},\"wordCount\":323,\"publisher\":{\"@id\":\"https:\/\/www.siau.cat\/#organization\"},\"image\":{\"@id\":\"https:\/\/www.siau.cat\/index.php\/2025\/08\/15\/siau-es-reuneix-amb-la-plataforma-dinterins-docents-afectats-per-les-adjudicacions-de-places\/#primaryimage\"},\"thumbnailUrl\":\"https:\/\/www.siau.cat\/wp-content\/uploads\/2025\/08\/Reunio-SIAU-Plataforma-interins-docents-IB-1-1024x538.jpg\",\"articleSection\":[\"Uncategorized\"],\"inLanguage\":\"ca\"},{\"@type\":\"WebPage\",\"@id\":\"https:\/\/www.siau.cat\/index.php\/2025\/08\/15\/siau-es-reuneix-amb-la-plataforma-dinterins-docents-afectats-per-les-adjudicacions-de-places\/\",\"url\":\"https:\/\/www.siau.cat\/index.php\/2025\/08\/15\/siau-es-reuneix-amb-la-plataforma-dinterins-docents-afectats-per-les-adjudicacions-de-places\/\",\"name\":\"SIAU es reuneix amb la Plataforma d\u2019interins docents afectats per les adjudicacions de places &#8212; SIAU - SINDICAT INDEPENDENT, AUT\u00d2NOM I UNITARI\",\"isPartOf\":{\"@id\":\"https:\/\/www.siau.cat\/#website\"},\"primaryImageOfPage\":{\"@id\":\"https:\/\/www.siau.cat\/index.php\/2025\/08\/15\/siau-es-reuneix-amb-la-plataforma-dinterins-docents-afectats-per-les-adjudicacions-de-places\/#primaryimage\"},\"image\":{\"@id\":\"https:\/\/www.siau.cat\/index.php\/2025\/08\/15\/siau-es-reuneix-amb-la-plataforma-dinterins-docents-afectats-per-les-adjudicacions-de-places\/#primaryimage\"},\"thumbnailUrl\":\"https:\/\/www.siau.cat\/wp-content\/uploads\/2025\/08\/Reunio-SIAU-Plataforma-interins-docents-IB-1-1024x538.jpg\",\"datePublished\":\"2025-08-15T15:55:02+00:00\",\"dateModified\":\"2025-08-15T16:01:13+00:00\",\"breadcrumb\":{\"@id\":\"https:\/\/www.siau.cat\/index.php\/2025\/08\/15\/siau-es-reuneix-amb-la-plataforma-dinterins-docents-afectats-per-les-adjudicacions-de-places\/#breadcrumb\"},\"inLanguage\":\"ca\",\"potentialAction\":[{\"@type\":\"ReadAction\",\"target\":[\"https:\/\/www.siau.cat\/index.php\/2025\/08\/15\/siau-es-reuneix-amb-la-plataforma-dinterins-docents-afectats-per-les-adjudicacions-de-places\/\"]}]},{\"@type\":\"ImageObject\",\"inLanguage\":\"ca\",\"@id\":\"https:\/\/www.siau.cat\/index.php\/2025\/08\/15\/siau-es-reuneix-amb-la-plataforma-dinterins-docents-afectats-per-les-adjudicacions-de-places\/#primaryimage\",\"url\":\"https:\/\/www.siau.cat\/wp-content\/uploads\/2025\/08\/Reunio-SIAU-Plataforma-interins-docents-IB-1-scaled.jpg\",\"contentUrl\":\"https:\/\/www.siau.cat\/wp-content\/uploads\/2025\/08\/Reunio-SIAU-Plataforma-interins-docents-IB-1-scaled.jpg\",\"width\":2560,\"height\":1346},{\"@type\":\"BreadcrumbList\",\"@id\":\"https:\/\/www.siau.cat\/index.php\/2025\/08\/15\/siau-es-reuneix-amb-la-plataforma-dinterins-docents-afectats-per-les-adjudicacions-de-places\/#breadcrumb\",\"itemListElement\":[{\"@type\":\"ListItem\",\"position\":1,\"name\":\"Inici\",\"item\":\"https:\/\/www.siau.cat\/\"},{\"@type\":\"ListItem\",\"position\":2,\"name\":\"SIAU es reuneix amb la Plataforma d\u2019interins docents afectats per les adjudicacions de places\"}]},{\"@type\":\"WebSite\",\"@id\":\"https:\/\/www.siau.cat\/#website\",\"url\":\"https:\/\/www.siau.cat\/\",\"name\":\"SIAU - SINDICAT INDEPENDENT, AUT\u00d2NOM I UNITARI\",\"description\":\"Ara s&iacute; que tenim la veu\",\"publisher\":{\"@id\":\"https:\/\/www.siau.cat\/#organization\"},\"potentialAction\":[{\"@type\":\"SearchAction\",\"target\":{\"@type\":\"EntryPoint\",\"urlTemplate\":\"https:\/\/www.siau.cat\/?s={search_term_string}\"},\"query-input\":{\"@type\":\"PropertyValueSpecification\",\"valueRequired\":true,\"valueName\":\"search_term_string\"}}],\"inLanguage\":\"ca\"},{\"@type\":\"Organization\",\"@id\":\"https:\/\/www.siau.cat\/#organization\",\"name\":\"SIAU\",\"url\":\"https:\/\/www.siau.cat\/\",\"logo\":{\"@type\":\"ImageObject\",\"inLanguage\":\"ca\",\"@id\":\"https:\/\/www.siau.cat\/#\/schema\/logo\/image\/\",\"url\":\"https:\/\/www.siau.cat\/wp-content\/uploads\/2022\/03\/cropped-resized_LOGO-SIAU-5-e1652020847972.jpg\",\"contentUrl\":\"https:\/\/www.siau.cat\/wp-content\/uploads\/2022\/03\/cropped-resized_LOGO-SIAU-5-e1652020847972.jpg\",\"width\":1600,\"height\":1200,\"caption\":\"SIAU\"},\"image\":{\"@id\":\"https:\/\/www.siau.cat\/#\/schema\/logo\/image\/\"}},{\"@type\":\"Person\",\"@id\":\"https:\/\/www.siau.cat\/#\/schema\/person\/810c15694a7e538934bb4be53ebcba0d\",\"name\":\"admin\",\"image\":{\"@type\":\"ImageObject\",\"inLanguage\":\"ca\",\"@id\":\"https:\/\/www.siau.cat\/#\/schema\/person\/image\/\",\"url\":\"https:\/\/www.siau.cat\/wp-content\/litespeed\/avatar\/d73ebfac3daa0b52552b2ccea63469da.jpg?ver=1777403609\",\"contentUrl\":\"https:\/\/www.siau.cat\/wp-content\/litespeed\/avatar\/d73ebfac3daa0b52552b2ccea63469da.jpg?ver=1777403609\",\"caption\":\"admin\"},\"sameAs\":[\"https:\/\/www.siau.cat\"],\"url\":\"https:\/\/www.siau.cat\/index.php\/author\/admin\/\"}]}<\/script>\n<!-- \/ Yoast SEO plugin. -->","yoast_head_json":{"title":"SIAU es reuneix amb la Plataforma d\u2019interins docents afectats per les adjudicacions de places &#8212; SIAU - SINDICAT INDEPENDENT, AUT\u00d2NOM I UNITARI","robots":{"index":"index","follow":"follow","max-snippet":"max-snippet:-1","max-image-preview":"max-image-preview:large","max-video-preview":"max-video-preview:-1"},"canonical":"https:\/\/www.siau.cat\/index.php\/2025\/08\/15\/siau-es-reuneix-amb-la-plataforma-dinterins-docents-afectats-per-les-adjudicacions-de-places\/","og_locale":"ca_ES","og_type":"article","og_title":"SIAU es reuneix amb la Plataforma d\u2019interins docents afectats per les adjudicacions de places &#8212; SIAU - SINDICAT INDEPENDENT, AUT\u00d2NOM I UNITARI","og_description":"Avui, dia 15 d\u2019agost, tot i ser jornada festiva, el sindicat SIAU ens hem reunit a la nostra seu amb la Plataforma d\u2019interins docents de les Illes Balears afectats pel caos generat per la Conselleria d\u2019Educaci\u00f3 en el proc\u00e9s d\u2019adjudicaci\u00f3 de places d\u2019aquest estiu. Durant la reuni\u00f3 hem abordat en profunditat les nombroses irregularitats que &hellip; Continua llegint \u00abSIAU es reuneix amb la Plataforma d\u2019interins docents afectats per les adjudicacions de places\u00bb","og_url":"https:\/\/www.siau.cat\/index.php\/2025\/08\/15\/siau-es-reuneix-amb-la-plataforma-dinterins-docents-afectats-per-les-adjudicacions-de-places\/","og_site_name":"SIAU - SINDICAT INDEPENDENT, AUT\u00d2NOM I UNITARI","article_published_time":"2025-08-15T15:55:02+00:00","article_modified_time":"2025-08-15T16:01:13+00:00","og_image":[{"width":2560,"height":1346,"url":"https:\/\/www.siau.cat\/wp-content\/uploads\/2025\/08\/Reunio-SIAU-Plataforma-interins-docents-IB-1-scaled.jpg","type":"image\/jpeg"}],"author":"admin","twitter_card":"summary_large_image","twitter_misc":{"Escrit per":"admin","Temps estimat de lectura":"2 minuts"},"schema":{"@context":"https:\/\/schema.org","@graph":[{"@type":"Article","@id":"https:\/\/www.siau.cat\/index.php\/2025\/08\/15\/siau-es-reuneix-amb-la-plataforma-dinterins-docents-afectats-per-les-adjudicacions-de-places\/#article","isPartOf":{"@id":"https:\/\/www.siau.cat\/index.php\/2025\/08\/15\/siau-es-reuneix-amb-la-plataforma-dinterins-docents-afectats-per-les-adjudicacions-de-places\/"},"author":{"name":"admin","@id":"https:\/\/www.siau.cat\/#\/schema\/person\/810c15694a7e538934bb4be53ebcba0d"},"headline":"SIAU es reuneix amb la Plataforma d\u2019interins docents afectats per les adjudicacions de places","datePublished":"2025-08-15T15:55:02+00:00","dateModified":"2025-08-15T16:01:13+00:00","mainEntityOfPage":{"@id":"https:\/\/www.siau.cat\/index.php\/2025\/08\/15\/siau-es-reuneix-amb-la-plataforma-dinterins-docents-afectats-per-les-adjudicacions-de-places\/"},"wordCount":323,"publisher":{"@id":"https:\/\/www.siau.cat\/#organization"},"image":{"@id":"https:\/\/www.siau.cat\/index.php\/2025\/08\/15\/siau-es-reuneix-amb-la-plataforma-dinterins-docents-afectats-per-les-adjudicacions-de-places\/#primaryimage"},"thumbnailUrl":"https:\/\/www.siau.cat\/wp-content\/uploads\/2025\/08\/Reunio-SIAU-Plataforma-interins-docents-IB-1-1024x538.jpg","articleSection":["Uncategorized"],"inLanguage":"ca"},{"@type":"WebPage","@id":"https:\/\/www.siau.cat\/index.php\/2025\/08\/15\/siau-es-reuneix-amb-la-plataforma-dinterins-docents-afectats-per-les-adjudicacions-de-places\/","url":"https:\/\/www.siau.cat\/index.php\/2025\/08\/15\/siau-es-reuneix-amb-la-plataforma-dinterins-docents-afectats-per-les-adjudicacions-de-places\/","name":"SIAU es reuneix amb la Plataforma d\u2019interins docents afectats per les adjudicacions de places &#8212; SIAU - SINDICAT INDEPENDENT, AUT\u00d2NOM I UNITARI","isPartOf":{"@id":"https:\/\/www.siau.cat\/#website"},"primaryImageOfPage":{"@id":"https:\/\/www.siau.cat\/index.php\/2025\/08\/15\/siau-es-reuneix-amb-la-plataforma-dinterins-docents-afectats-per-les-adjudicacions-de-places\/#primaryimage"},"image":{"@id":"https:\/\/www.siau.cat\/index.php\/2025\/08\/15\/siau-es-reuneix-amb-la-plataforma-dinterins-docents-afectats-per-les-adjudicacions-de-places\/#primaryimage"},"thumbnailUrl":"https:\/\/www.siau.cat\/wp-content\/uploads\/2025\/08\/Reunio-SIAU-Plataforma-interins-docents-IB-1-1024x538.jpg","datePublished":"2025-08-15T15:55:02+00:00","dateModified":"2025-08-15T16:01:13+00:00","breadcrumb":{"@id":"https:\/\/www.siau.cat\/index.php\/2025\/08\/15\/siau-es-reuneix-amb-la-plataforma-dinterins-docents-afectats-per-les-adjudicacions-de-places\/#breadcrumb"},"inLanguage":"ca","potentialAction":[{"@type":"ReadAction","target":["https:\/\/www.siau.cat\/index.php\/2025\/08\/15\/siau-es-reuneix-amb-la-plataforma-dinterins-docents-afectats-per-les-adjudicacions-de-places\/"]}]},{"@type":"ImageObject","inLanguage":"ca","@id":"https:\/\/www.siau.cat\/index.php\/2025\/08\/15\/siau-es-reuneix-amb-la-plataforma-dinterins-docents-afectats-per-les-adjudicacions-de-places\/#primaryimage","url":"https:\/\/www.siau.cat\/wp-content\/uploads\/2025\/08\/Reunio-SIAU-Plataforma-interins-docents-IB-1-scaled.jpg","contentUrl":"https:\/\/www.siau.cat\/wp-content\/uploads\/2025\/08\/Reunio-SIAU-Plataforma-interins-docents-IB-1-scaled.jpg","width":2560,"height":1346},{"@type":"BreadcrumbList","@id":"https:\/\/www.siau.cat\/index.php\/2025\/08\/15\/siau-es-reuneix-amb-la-plataforma-dinterins-docents-afectats-per-les-adjudicacions-de-places\/#breadcrumb","itemListElement":[{"@type":"ListItem","position":1,"name":"Inici","item":"https:\/\/www.siau.cat\/"},{"@type":"ListItem","position":2,"name":"SIAU es reuneix amb la Plataforma d\u2019interins docents afectats per les adjudicacions de places"}]},{"@type":"WebSite","@id":"https:\/\/www.siau.cat\/#website","url":"https:\/\/www.siau.cat\/","name":"SIAU - SINDICAT INDEPENDENT, AUT\u00d2NOM I UNITARI","description":"Ara s&iacute; que tenim la veu","publisher":{"@id":"https:\/\/www.siau.cat\/#organization"},"potentialAction":[{"@type":"SearchAction","target":{"@type":"EntryPoint","urlTemplate":"https:\/\/www.siau.cat\/?s={search_term_string}"},"query-input":{"@type":"PropertyValueSpecification","valueRequired":true,"valueName":"search_term_string"}}],"inLanguage":"ca"},{"@type":"Organization","@id":"https:\/\/www.siau.cat\/#organization","name":"SIAU","url":"https:\/\/www.siau.cat\/","logo":{"@type":"ImageObject","inLanguage":"ca","@id":"https:\/\/www.siau.cat\/#\/schema\/logo\/image\/","url":"https:\/\/www.siau.cat\/wp-content\/uploads\/2022\/03\/cropped-resized_LOGO-SIAU-5-e1652020847972.jpg","contentUrl":"https:\/\/www.siau.cat\/wp-content\/uploads\/2022\/03\/cropped-resized_LOGO-SIAU-5-e1652020847972.jpg","width":1600,"height":1200,"caption":"SIAU"},"image":{"@id":"https:\/\/www.siau.cat\/#\/schema\/logo\/image\/"}},{"@type":"Person","@id":"https:\/\/www.siau.cat\/#\/schema\/person\/810c15694a7e538934bb4be53ebcba0d","name":"admin","image":{"@type":"ImageObject","inLanguage":"ca","@id":"https:\/\/www.siau.cat\/#\/schema\/person\/image\/","url":"https:\/\/www.siau.cat\/wp-content\/litespeed\/avatar\/d73ebfac3daa0b52552b2ccea63469da.jpg?ver=1777403609","contentUrl":"https:\/\/www.siau.cat\/wp-content\/litespeed\/avatar\/d73ebfac3daa0b52552b2ccea63469da.jpg?ver=1777403609","caption":"admin"},"sameAs":["https:\/\/www.siau.cat"],"url":"https:\/\/www.siau.cat\/index.php\/author\/admin\/"}]}},"jetpack_featured_media_url":"","jetpack_sharing_enabled":true,"_links":{"self":[{"href":"https:\/\/www.siau.cat\/index.php\/wp-json\/wp\/v2\/posts\/2042","targetHints":{"allow":["GET"]}}],"collection":[{"href":"https:\/\/www.siau.cat\/index.php\/wp-json\/wp\/v2\/posts"}],"about":[{"href":"https:\/\/www.siau.cat\/index.php\/wp-json\/wp\/v2\/types\/post"}],"author":[{"embeddable":true,"href":"https:\/\/www.siau.cat\/index.php\/wp-json\/wp\/v2\/users\/1"}],"replies":[{"embeddable":true,"href":"https:\/\/www.siau.cat\/index.php\/wp-json\/wp\/v2\/comments?post=2042"}],"version-history":[{"count":3,"href":"https:\/\/www.siau.cat\/index.php\/wp-json\/wp\/v2\/posts\/2042\/revisions"}],"predecessor-version":[{"id":2047,"href":"https:\/\/www.siau.cat\/index.php\/wp-json\/wp\/v2\/posts\/2042\/revisions\/2047"}],"wp:attachment":[{"href":"https:\/\/www.siau.cat\/index.php\/wp-json\/wp\/v2\/media?parent=2042"}],"wp:term":[{"taxonomy":"category","embeddable":true,"href":"https:\/\/www.siau.cat\/index.php\/wp-json\/wp\/v2\/categories?post=2042"},{"taxonomy":"post_tag","embeddable":true,"href":"https:\/\/www.siau.cat\/index.php\/wp-json\/wp\/v2\/tags?post=2042"}],"curies":[{"name":"wp","href":"https:\/\/api.w.org\/{rel}","templated":true}]}}