{"id":2048,"date":"2025-08-18T18:13:19","date_gmt":"2025-08-18T18:13:19","guid":{"rendered":"https:\/\/www.siau.cat\/?p=2048"},"modified":"2025-08-18T18:32:38","modified_gmt":"2025-08-18T18:32:38","slug":"molt-important-interins-avui-sacaben-de-revocar-les-llistes-definitives-dadjudicacio-de-places-de-dia-4-dagost-i-dues-setmanes-despres-dadvertir-dirregu","status":"publish","type":"post","link":"https:\/\/www.siau.cat\/index.php\/2025\/08\/18\/molt-important-interins-avui-sacaben-de-revocar-les-llistes-definitives-dadjudicacio-de-places-de-dia-4-dagost-i-dues-setmanes-despres-dadvertir-dirregu\/","title":{"rendered":"MOLT IMPORTANT, INTERINS! Avui s\u2019acaben de revocar les llistes definitives d\u2019adjudicaci\u00f3 de places de dia 4 d\u2019agost i, dues setmanes despr\u00e9s d\u2019advertir d\u2019irregularitats flagrants, s\u2019ha signat una nova Resoluci\u00f3"},"content":{"rendered":"\n<figure class=\"wp-block-image size-large\"><img loading=\"lazy\" decoding=\"async\" width=\"1024\" height=\"768\" src=\"https:\/\/www.siau.cat\/wp-content\/uploads\/2025\/08\/Conselleria-1-1024x768.jpg\" alt=\"\" class=\"wp-image-2049\" srcset=\"https:\/\/www.siau.cat\/wp-content\/uploads\/2025\/08\/Conselleria-1-1024x768.jpg 1024w, https:\/\/www.siau.cat\/wp-content\/uploads\/2025\/08\/Conselleria-1-300x225.jpg 300w, https:\/\/www.siau.cat\/wp-content\/uploads\/2025\/08\/Conselleria-1-768x576.jpg 768w, https:\/\/www.siau.cat\/wp-content\/uploads\/2025\/08\/Conselleria-1-1536x1152.jpg 1536w, https:\/\/www.siau.cat\/wp-content\/uploads\/2025\/08\/Conselleria-1-2048x1536.jpg 2048w, https:\/\/www.siau.cat\/wp-content\/uploads\/2025\/08\/Conselleria-1-24x18.jpg 24w, https:\/\/www.siau.cat\/wp-content\/uploads\/2025\/08\/Conselleria-1-36x27.jpg 36w, https:\/\/www.siau.cat\/wp-content\/uploads\/2025\/08\/Conselleria-1-48x36.jpg 48w, https:\/\/www.siau.cat\/wp-content\/uploads\/2025\/08\/Conselleria-1-350x263.jpg 350w\" sizes=\"auto, (max-width: 767px) 89vw, (max-width: 1000px) 54vw, (max-width: 1071px) 543px, 580px\" \/><figcaption class=\"wp-element-caption\">Entrada de la Conselleria d&#8217;Educaci\u00f3 i Universitats<\/figcaption><\/figure>\n\n\n\n<p>SIAU informa que el dia 4 d\u2019agost de 2025 a les 12:08:51 la directora general de Personal Docent i Centres Concertats, va dictar la Resoluci\u00f3 per la qual s\u2019aproven i es fan p\u00fabliques les llistes definitives d&#8217;adjudicaci\u00f3 de destinacions provisionals per al curs 2025-2026 dels aspirants a funcionaris interins en centres p\u00fablics no universitaris per al curs 2025-2026. Aquesta resoluci\u00f3 es va publicar el 5 d\u2019agost en la p\u00e0gina web de la Direcci\u00f3 General de Personal Docent i Centres Concertats. Recordem que el termini per fer al\u00b7legacions contra les llistes provisionals d&#8217;adjudicaci\u00f3 de destinacions provisionals per al curs 2025-2026 dels aspirants a funcionaris interins en centres p\u00fablics no universitaris per al curs 2025-2026 finalitzava el dia 4 d&#8217;agost a les 15:00 hores.<\/p>\n\n\n\n<p>Dels fets abans esmentats es despr\u00e8n que la Resoluci\u00f3 per la qual s\u2019aproven i es fan p\u00fabliques les llistes definitives d&#8217;adjudicaci\u00f3 de destinacions provisionals per al curs 2025-2026 dels aspirants a funcionaris interins en centres p\u00fablics no universitaris per al curs 2025-2026, es va dictar hores abans de la finalitzaci\u00f3 del termini atorgat als aspirants per presentar al\u00b7legacions a les llistes provisionals.<\/p>\n\n\n\n<p>At\u00e8s l\u2019anterior i d\u2019acord amb el que disposen els articles 56.1 de la Llei 3\/2003, de 26 de mar\u00e7, de r\u00e8gim jur\u00eddic de l\u2019Administraci\u00f3 de la Comunitat Aut\u00f2noma de les Illes Balears, i l\u2019article 109.1 de la Llei 39\/2015, d\u20191 d\u2019octubre, del procediment administratiu com\u00fa de les administracions p\u00fabliques, pertocava revocar la Resoluci\u00f3 de la directora general de Personal Docent i Centres Concertats per la qual s\u2019aproven i es fan p\u00fabliques les llistes definitives d&#8217;adjudicaci\u00f3 de destinacions provisionals per al curs 2025-2026 dels aspirants a funcionaris interins en centres p\u00fablics no universitaris per al curs 2025-2026, i, a la vegada, dictar una nova Resoluci\u00f3 que aprov\u00e9s les llistes definitives esmentades, ara s\u00ed, una vegada exhaurit el termini per presentar al\u00b7legacions.<\/p>\n\n\n\n<p>Avui s\u2019ha publicat la Resoluci\u00f3 per la qual es revoca la Resoluci\u00f3 de 4 d&#8217;agost de 2025 i es dicta una nova Resoluci\u00f3 per la qual s&#8217;aproven i es fan p\u00fabliques les llistes definitives d&#8217;adjudicaci\u00f3 de destinacions provisionals dels aspirants a funcionaris interins en centres p\u00fablics no universitaris per al curs 2025-2026. Segons la D. G. de Personal Docent les places adjudicades avui coincideixen amb les que es publicaren el dia 5 d&#8217;agost.<\/p>\n\n\n\n<p>Amb aquesta resoluci\u00f3 es torna a obrir el termini previst en la convocat\u00f2ria tant per renunciar a la pla\u00e7a adjudicada com per fer i registrar el tr\u00e0mit telem\u00e0tic previ de la presa de possessi\u00f3. No obstant aix\u00f2, aquest tr\u00e0mit s&#8217;ent\u00e9n acomplit per aquells aspirants als quals se&#8217;ls adjudica ara la mateixa pla\u00e7a per a la qual ja registraren el tr\u00e0mit esmentat.\u00a0<\/p>\n\n\n\n<p>De la mateixa manera, si algun aspirant va renunciar a la pla\u00e7a pot, ara, realitzar el tr\u00e0mit previ de la presa de possessi\u00f3.&nbsp;<\/p>\n\n\n\n<p>Segons la D. G. de Personal Docent aquesta Resoluci\u00f3 no afecta el tr\u00e0mit d&#8217;adjudicaci\u00f3 immediatament posterior, at\u00e8s que les llistes definitives que s&#8217;aproven amb aquesta Resoluci\u00f3 coincideixen amb les que aprov\u00e0 la Resoluci\u00f3 que ara es revoca, de forma que les places que no es cobriren i que s&#8217;adjudicaren, primer provisionalment i despr\u00e9s de forma definitiva, mitjan\u00e7ant sengles Resolucions de 7 i 8 d&#8217;agost de 2025, respectivament, romanen inalterables.<\/p>\n\n\n\n<p>Des de SIAU, ens sembla vergony\u00f3s que hagin hagut de passar dues setmanes per intentar corregir una irregularitat flagrant com la que tantes vegades s\u2019ha denunciat p\u00fablicament. D\u2019altra banda, tornam a insistir en el fet que \u00e9s imprescindible que s\u2019assumeixin responsabilitats pol\u00edtiques i t\u00e8cniques per tots els nyaps i irregularitats provinents de la Direcci\u00f3 General de Personal Docent.<\/p>\n\n\n\n<p>Finalment, et recomanam llegir la nova Resoluci\u00f3 signada avui. Hi podreu accedir a trav\u00e9s del seg\u00fcent enlla\u00e7: <a href=\"https:\/\/intranet.caib.es\/sites\/personaldocent\/ca\/2025-2026_adjudicacions\/archivopub.do?ctrl=MCRST15526ZI523032&amp;id=523032\">https:\/\/intranet.caib.es\/sites\/personaldocent\/ca\/2025-2026_adjudicacions\/archivopub.do?ctrl=MCRST15526ZI523032&amp;id=523032<\/a><br>Aix\u00ed com la nova adjudicaci\u00f3 definitiva d\u2019avui: <a href=\"https:\/\/intranet.caib.es\/sites\/personaldocent\/ca\/2025-2026_adjudicacions\/archivopub.do?ctrl=MCRST15526ZI523031&amp;id=523031\">https:\/\/intranet.caib.es\/sites\/personaldocent\/ca\/2025-2026_adjudicacions\/archivopub.do?ctrl=MCRST15526ZI523031&amp;id=523031<\/a><br>I tamb\u00e9 et facilitam les adreces de la Conselleria on podeu realitzar consultes si encara teniu algun dubte en relaci\u00f3 a aquesta darrera publicaci\u00f3: <a href=\"mailto:adjudicacions@dgpdocen.caib.es\">adjudicacions@dgpdocen.caib.es<\/a>, <a href=\"mailto:secundaria@dgpdocen.caib.es\">secundaria@dgpdocen.caib.es<\/a>, <a href=\"mailto:primaria@dgpdocen.caib.es\">primaria@dgpdocen.caib.es<\/a><\/p>\n","protected":false},"excerpt":{"rendered":"<p>SIAU informa que el dia 4 d\u2019agost de 2025 a les 12:08:51 la directora general de Personal Docent i Centres Concertats, va dictar la Resoluci\u00f3 per la qual s\u2019aproven i es fan p\u00fabliques les llistes definitives d&#8217;adjudicaci\u00f3 de destinacions provisionals per al curs 2025-2026 dels aspirants a funcionaris interins en centres p\u00fablics no universitaris per &hellip; <\/p>\n<p class=\"link-more\"><a href=\"https:\/\/www.siau.cat\/index.php\/2025\/08\/18\/molt-important-interins-avui-sacaben-de-revocar-les-llistes-definitives-dadjudicacio-de-places-de-dia-4-dagost-i-dues-setmanes-despres-dadvertir-dirregu\/\" class=\"more-link\">Continua llegint <span class=\"screen-reader-text\">\u00abMOLT IMPORTANT, INTERINS! Avui s\u2019acaben de revocar les llistes definitives d\u2019adjudicaci\u00f3 de places de dia 4 d\u2019agost i, dues setmanes despr\u00e9s d\u2019advertir d\u2019irregularitats flagrants, s\u2019ha signat una nova Resoluci\u00f3\u00bb<\/span><\/a><\/p>\n","protected":false},"author":1,"featured_media":0,"comment_status":"closed","ping_status":"open","sticky":false,"template":"","format":"standard","meta":{"_jetpack_memberships_contains_paid_content":false,"footnotes":""},"categories":[1],"tags":[],"class_list":["post-2048","post","type-post","status-publish","format-standard","hentry","category-uncategorized"],"yoast_head":"<!-- This site is optimized with the Yoast SEO plugin v25.4 - https:\/\/yoast.com\/wordpress\/plugins\/seo\/ -->\n<title>MOLT IMPORTANT, INTERINS! Avui s\u2019acaben de revocar les llistes definitives d\u2019adjudicaci\u00f3 de places de dia 4 d\u2019agost i, dues setmanes despr\u00e9s d\u2019advertir d\u2019irregularitats flagrants, s\u2019ha signat una nova Resoluci\u00f3 &#8212; SIAU - SINDICAT INDEPENDENT, AUT\u00d2NOM I UNITARI<\/title>\n<meta name=\"robots\" content=\"index, follow, max-snippet:-1, max-image-preview:large, max-video-preview:-1\" \/>\n<link rel=\"canonical\" href=\"https:\/\/www.siau.cat\/index.php\/2025\/08\/18\/molt-important-interins-avui-sacaben-de-revocar-les-llistes-definitives-dadjudicacio-de-places-de-dia-4-dagost-i-dues-setmanes-despres-dadvertir-dirregu\/\" \/>\n<meta property=\"og:locale\" content=\"ca_ES\" \/>\n<meta property=\"og:type\" content=\"article\" \/>\n<meta property=\"og:title\" content=\"MOLT IMPORTANT, INTERINS! Avui s\u2019acaben de revocar les llistes definitives d\u2019adjudicaci\u00f3 de places de dia 4 d\u2019agost i, dues setmanes despr\u00e9s d\u2019advertir d\u2019irregularitats flagrants, s\u2019ha signat una nova Resoluci\u00f3 &#8212; SIAU - SINDICAT INDEPENDENT, AUT\u00d2NOM I UNITARI\" \/>\n<meta property=\"og:description\" content=\"SIAU informa que el dia 4 d\u2019agost de 2025 a les 12:08:51 la directora general de Personal Docent i Centres Concertats, va dictar la Resoluci\u00f3 per la qual s\u2019aproven i es fan p\u00fabliques les llistes definitives d&#8217;adjudicaci\u00f3 de destinacions provisionals per al curs 2025-2026 dels aspirants a funcionaris interins en centres p\u00fablics no universitaris per &hellip; Continua llegint \u00abMOLT IMPORTANT, INTERINS! Avui s\u2019acaben de revocar les llistes definitives d\u2019adjudicaci\u00f3 de places de dia 4 d\u2019agost i, dues setmanes despr\u00e9s d\u2019advertir d\u2019irregularitats flagrants, s\u2019ha signat una nova Resoluci\u00f3\u00bb\" \/>\n<meta property=\"og:url\" content=\"https:\/\/www.siau.cat\/index.php\/2025\/08\/18\/molt-important-interins-avui-sacaben-de-revocar-les-llistes-definitives-dadjudicacio-de-places-de-dia-4-dagost-i-dues-setmanes-despres-dadvertir-dirregu\/\" \/>\n<meta property=\"og:site_name\" content=\"SIAU - SINDICAT INDEPENDENT, AUT\u00d2NOM I UNITARI\" \/>\n<meta property=\"article:published_time\" content=\"2025-08-18T18:13:19+00:00\" \/>\n<meta property=\"article:modified_time\" content=\"2025-08-18T18:32:38+00:00\" \/>\n<meta property=\"og:image\" content=\"https:\/\/www.siau.cat\/wp-content\/uploads\/2025\/08\/Conselleria-1-scaled.jpg\" \/>\n\t<meta property=\"og:image:width\" content=\"2560\" \/>\n\t<meta property=\"og:image:height\" content=\"1920\" \/>\n\t<meta property=\"og:image:type\" content=\"image\/jpeg\" \/>\n<meta name=\"author\" content=\"admin\" \/>\n<meta name=\"twitter:card\" content=\"summary_large_image\" \/>\n<meta name=\"twitter:label1\" content=\"Escrit per\" \/>\n\t<meta name=\"twitter:data1\" content=\"admin\" \/>\n\t<meta name=\"twitter:label2\" content=\"Temps estimat de lectura\" \/>\n\t<meta name=\"twitter:data2\" content=\"4 minuts\" \/>\n<script type=\"application\/ld+json\" class=\"yoast-schema-graph\">{\"@context\":\"https:\/\/schema.org\",\"@graph\":[{\"@type\":\"Article\",\"@id\":\"https:\/\/www.siau.cat\/index.php\/2025\/08\/18\/molt-important-interins-avui-sacaben-de-revocar-les-llistes-definitives-dadjudicacio-de-places-de-dia-4-dagost-i-dues-setmanes-despres-dadvertir-dirregu\/#article\",\"isPartOf\":{\"@id\":\"https:\/\/www.siau.cat\/index.php\/2025\/08\/18\/molt-important-interins-avui-sacaben-de-revocar-les-llistes-definitives-dadjudicacio-de-places-de-dia-4-dagost-i-dues-setmanes-despres-dadvertir-dirregu\/\"},\"author\":{\"name\":\"admin\",\"@id\":\"https:\/\/www.siau.cat\/#\/schema\/person\/810c15694a7e538934bb4be53ebcba0d\"},\"headline\":\"MOLT IMPORTANT, INTERINS! Avui s\u2019acaben de revocar les llistes definitives d\u2019adjudicaci\u00f3 de places de dia 4 d\u2019agost i, dues setmanes despr\u00e9s d\u2019advertir d\u2019irregularitats flagrants, s\u2019ha signat una nova Resoluci\u00f3\",\"datePublished\":\"2025-08-18T18:13:19+00:00\",\"dateModified\":\"2025-08-18T18:32:38+00:00\",\"mainEntityOfPage\":{\"@id\":\"https:\/\/www.siau.cat\/index.php\/2025\/08\/18\/molt-important-interins-avui-sacaben-de-revocar-les-llistes-definitives-dadjudicacio-de-places-de-dia-4-dagost-i-dues-setmanes-despres-dadvertir-dirregu\/\"},\"wordCount\":777,\"publisher\":{\"@id\":\"https:\/\/www.siau.cat\/#organization\"},\"image\":{\"@id\":\"https:\/\/www.siau.cat\/index.php\/2025\/08\/18\/molt-important-interins-avui-sacaben-de-revocar-les-llistes-definitives-dadjudicacio-de-places-de-dia-4-dagost-i-dues-setmanes-despres-dadvertir-dirregu\/#primaryimage\"},\"thumbnailUrl\":\"https:\/\/www.siau.cat\/wp-content\/uploads\/2025\/08\/Conselleria-1-1024x768.jpg\",\"articleSection\":[\"Uncategorized\"],\"inLanguage\":\"ca\"},{\"@type\":\"WebPage\",\"@id\":\"https:\/\/www.siau.cat\/index.php\/2025\/08\/18\/molt-important-interins-avui-sacaben-de-revocar-les-llistes-definitives-dadjudicacio-de-places-de-dia-4-dagost-i-dues-setmanes-despres-dadvertir-dirregu\/\",\"url\":\"https:\/\/www.siau.cat\/index.php\/2025\/08\/18\/molt-important-interins-avui-sacaben-de-revocar-les-llistes-definitives-dadjudicacio-de-places-de-dia-4-dagost-i-dues-setmanes-despres-dadvertir-dirregu\/\",\"name\":\"MOLT IMPORTANT, INTERINS! Avui s\u2019acaben de revocar les llistes definitives d\u2019adjudicaci\u00f3 de places de dia 4 d\u2019agost i, dues setmanes despr\u00e9s d\u2019advertir d\u2019irregularitats flagrants, s\u2019ha signat una nova Resoluci\u00f3 &#8212; SIAU - SINDICAT INDEPENDENT, AUT\u00d2NOM I UNITARI\",\"isPartOf\":{\"@id\":\"https:\/\/www.siau.cat\/#website\"},\"primaryImageOfPage\":{\"@id\":\"https:\/\/www.siau.cat\/index.php\/2025\/08\/18\/molt-important-interins-avui-sacaben-de-revocar-les-llistes-definitives-dadjudicacio-de-places-de-dia-4-dagost-i-dues-setmanes-despres-dadvertir-dirregu\/#primaryimage\"},\"image\":{\"@id\":\"https:\/\/www.siau.cat\/index.php\/2025\/08\/18\/molt-important-interins-avui-sacaben-de-revocar-les-llistes-definitives-dadjudicacio-de-places-de-dia-4-dagost-i-dues-setmanes-despres-dadvertir-dirregu\/#primaryimage\"},\"thumbnailUrl\":\"https:\/\/www.siau.cat\/wp-content\/uploads\/2025\/08\/Conselleria-1-1024x768.jpg\",\"datePublished\":\"2025-08-18T18:13:19+00:00\",\"dateModified\":\"2025-08-18T18:32:38+00:00\",\"breadcrumb\":{\"@id\":\"https:\/\/www.siau.cat\/index.php\/2025\/08\/18\/molt-important-interins-avui-sacaben-de-revocar-les-llistes-definitives-dadjudicacio-de-places-de-dia-4-dagost-i-dues-setmanes-despres-dadvertir-dirregu\/#breadcrumb\"},\"inLanguage\":\"ca\",\"potentialAction\":[{\"@type\":\"ReadAction\",\"target\":[\"https:\/\/www.siau.cat\/index.php\/2025\/08\/18\/molt-important-interins-avui-sacaben-de-revocar-les-llistes-definitives-dadjudicacio-de-places-de-dia-4-dagost-i-dues-setmanes-despres-dadvertir-dirregu\/\"]}]},{\"@type\":\"ImageObject\",\"inLanguage\":\"ca\",\"@id\":\"https:\/\/www.siau.cat\/index.php\/2025\/08\/18\/molt-important-interins-avui-sacaben-de-revocar-les-llistes-definitives-dadjudicacio-de-places-de-dia-4-dagost-i-dues-setmanes-despres-dadvertir-dirregu\/#primaryimage\",\"url\":\"https:\/\/www.siau.cat\/wp-content\/uploads\/2025\/08\/Conselleria-1-scaled.jpg\",\"contentUrl\":\"https:\/\/www.siau.cat\/wp-content\/uploads\/2025\/08\/Conselleria-1-scaled.jpg\",\"width\":2560,\"height\":1920},{\"@type\":\"BreadcrumbList\",\"@id\":\"https:\/\/www.siau.cat\/index.php\/2025\/08\/18\/molt-important-interins-avui-sacaben-de-revocar-les-llistes-definitives-dadjudicacio-de-places-de-dia-4-dagost-i-dues-setmanes-despres-dadvertir-dirregu\/#breadcrumb\",\"itemListElement\":[{\"@type\":\"ListItem\",\"position\":1,\"name\":\"Inici\",\"item\":\"https:\/\/www.siau.cat\/\"},{\"@type\":\"ListItem\",\"position\":2,\"name\":\"MOLT IMPORTANT, INTERINS! Avui s\u2019acaben de revocar les llistes definitives d\u2019adjudicaci\u00f3 de places de dia 4 d\u2019agost i, dues setmanes despr\u00e9s d\u2019advertir d\u2019irregularitats flagrants, s\u2019ha signat una nova Resoluci\u00f3\"}]},{\"@type\":\"WebSite\",\"@id\":\"https:\/\/www.siau.cat\/#website\",\"url\":\"https:\/\/www.siau.cat\/\",\"name\":\"SIAU - SINDICAT INDEPENDENT, AUT\u00d2NOM I UNITARI\",\"description\":\"Ara s&iacute; que tenim la veu\",\"publisher\":{\"@id\":\"https:\/\/www.siau.cat\/#organization\"},\"potentialAction\":[{\"@type\":\"SearchAction\",\"target\":{\"@type\":\"EntryPoint\",\"urlTemplate\":\"https:\/\/www.siau.cat\/?s={search_term_string}\"},\"query-input\":{\"@type\":\"PropertyValueSpecification\",\"valueRequired\":true,\"valueName\":\"search_term_string\"}}],\"inLanguage\":\"ca\"},{\"@type\":\"Organization\",\"@id\":\"https:\/\/www.siau.cat\/#organization\",\"name\":\"SIAU\",\"url\":\"https:\/\/www.siau.cat\/\",\"logo\":{\"@type\":\"ImageObject\",\"inLanguage\":\"ca\",\"@id\":\"https:\/\/www.siau.cat\/#\/schema\/logo\/image\/\",\"url\":\"https:\/\/www.siau.cat\/wp-content\/uploads\/2022\/03\/cropped-resized_LOGO-SIAU-5-e1652020847972.jpg\",\"contentUrl\":\"https:\/\/www.siau.cat\/wp-content\/uploads\/2022\/03\/cropped-resized_LOGO-SIAU-5-e1652020847972.jpg\",\"width\":1600,\"height\":1200,\"caption\":\"SIAU\"},\"image\":{\"@id\":\"https:\/\/www.siau.cat\/#\/schema\/logo\/image\/\"}},{\"@type\":\"Person\",\"@id\":\"https:\/\/www.siau.cat\/#\/schema\/person\/810c15694a7e538934bb4be53ebcba0d\",\"name\":\"admin\",\"image\":{\"@type\":\"ImageObject\",\"inLanguage\":\"ca\",\"@id\":\"https:\/\/www.siau.cat\/#\/schema\/person\/image\/\",\"url\":\"https:\/\/www.siau.cat\/wp-content\/litespeed\/avatar\/d73ebfac3daa0b52552b2ccea63469da.jpg?ver=1777403609\",\"contentUrl\":\"https:\/\/www.siau.cat\/wp-content\/litespeed\/avatar\/d73ebfac3daa0b52552b2ccea63469da.jpg?ver=1777403609\",\"caption\":\"admin\"},\"sameAs\":[\"https:\/\/www.siau.cat\"],\"url\":\"https:\/\/www.siau.cat\/index.php\/author\/admin\/\"}]}<\/script>\n<!-- \/ Yoast SEO plugin. -->","yoast_head_json":{"title":"MOLT IMPORTANT, INTERINS! Avui s\u2019acaben de revocar les llistes definitives d\u2019adjudicaci\u00f3 de places de dia 4 d\u2019agost i, dues setmanes despr\u00e9s d\u2019advertir d\u2019irregularitats flagrants, s\u2019ha signat una nova Resoluci\u00f3 &#8212; SIAU - SINDICAT INDEPENDENT, AUT\u00d2NOM I UNITARI","robots":{"index":"index","follow":"follow","max-snippet":"max-snippet:-1","max-image-preview":"max-image-preview:large","max-video-preview":"max-video-preview:-1"},"canonical":"https:\/\/www.siau.cat\/index.php\/2025\/08\/18\/molt-important-interins-avui-sacaben-de-revocar-les-llistes-definitives-dadjudicacio-de-places-de-dia-4-dagost-i-dues-setmanes-despres-dadvertir-dirregu\/","og_locale":"ca_ES","og_type":"article","og_title":"MOLT IMPORTANT, INTERINS! Avui s\u2019acaben de revocar les llistes definitives d\u2019adjudicaci\u00f3 de places de dia 4 d\u2019agost i, dues setmanes despr\u00e9s d\u2019advertir d\u2019irregularitats flagrants, s\u2019ha signat una nova Resoluci\u00f3 &#8212; SIAU - SINDICAT INDEPENDENT, AUT\u00d2NOM I UNITARI","og_description":"SIAU informa que el dia 4 d\u2019agost de 2025 a les 12:08:51 la directora general de Personal Docent i Centres Concertats, va dictar la Resoluci\u00f3 per la qual s\u2019aproven i es fan p\u00fabliques les llistes definitives d&#8217;adjudicaci\u00f3 de destinacions provisionals per al curs 2025-2026 dels aspirants a funcionaris interins en centres p\u00fablics no universitaris per &hellip; Continua llegint \u00abMOLT IMPORTANT, INTERINS! Avui s\u2019acaben de revocar les llistes definitives d\u2019adjudicaci\u00f3 de places de dia 4 d\u2019agost i, dues setmanes despr\u00e9s d\u2019advertir d\u2019irregularitats flagrants, s\u2019ha signat una nova Resoluci\u00f3\u00bb","og_url":"https:\/\/www.siau.cat\/index.php\/2025\/08\/18\/molt-important-interins-avui-sacaben-de-revocar-les-llistes-definitives-dadjudicacio-de-places-de-dia-4-dagost-i-dues-setmanes-despres-dadvertir-dirregu\/","og_site_name":"SIAU - SINDICAT INDEPENDENT, AUT\u00d2NOM I UNITARI","article_published_time":"2025-08-18T18:13:19+00:00","article_modified_time":"2025-08-18T18:32:38+00:00","og_image":[{"width":2560,"height":1920,"url":"https:\/\/www.siau.cat\/wp-content\/uploads\/2025\/08\/Conselleria-1-scaled.jpg","type":"image\/jpeg"}],"author":"admin","twitter_card":"summary_large_image","twitter_misc":{"Escrit per":"admin","Temps estimat de lectura":"4 minuts"},"schema":{"@context":"https:\/\/schema.org","@graph":[{"@type":"Article","@id":"https:\/\/www.siau.cat\/index.php\/2025\/08\/18\/molt-important-interins-avui-sacaben-de-revocar-les-llistes-definitives-dadjudicacio-de-places-de-dia-4-dagost-i-dues-setmanes-despres-dadvertir-dirregu\/#article","isPartOf":{"@id":"https:\/\/www.siau.cat\/index.php\/2025\/08\/18\/molt-important-interins-avui-sacaben-de-revocar-les-llistes-definitives-dadjudicacio-de-places-de-dia-4-dagost-i-dues-setmanes-despres-dadvertir-dirregu\/"},"author":{"name":"admin","@id":"https:\/\/www.siau.cat\/#\/schema\/person\/810c15694a7e538934bb4be53ebcba0d"},"headline":"MOLT IMPORTANT, INTERINS! Avui s\u2019acaben de revocar les llistes definitives d\u2019adjudicaci\u00f3 de places de dia 4 d\u2019agost i, dues setmanes despr\u00e9s d\u2019advertir d\u2019irregularitats flagrants, s\u2019ha signat una nova Resoluci\u00f3","datePublished":"2025-08-18T18:13:19+00:00","dateModified":"2025-08-18T18:32:38+00:00","mainEntityOfPage":{"@id":"https:\/\/www.siau.cat\/index.php\/2025\/08\/18\/molt-important-interins-avui-sacaben-de-revocar-les-llistes-definitives-dadjudicacio-de-places-de-dia-4-dagost-i-dues-setmanes-despres-dadvertir-dirregu\/"},"wordCount":777,"publisher":{"@id":"https:\/\/www.siau.cat\/#organization"},"image":{"@id":"https:\/\/www.siau.cat\/index.php\/2025\/08\/18\/molt-important-interins-avui-sacaben-de-revocar-les-llistes-definitives-dadjudicacio-de-places-de-dia-4-dagost-i-dues-setmanes-despres-dadvertir-dirregu\/#primaryimage"},"thumbnailUrl":"https:\/\/www.siau.cat\/wp-content\/uploads\/2025\/08\/Conselleria-1-1024x768.jpg","articleSection":["Uncategorized"],"inLanguage":"ca"},{"@type":"WebPage","@id":"https:\/\/www.siau.cat\/index.php\/2025\/08\/18\/molt-important-interins-avui-sacaben-de-revocar-les-llistes-definitives-dadjudicacio-de-places-de-dia-4-dagost-i-dues-setmanes-despres-dadvertir-dirregu\/","url":"https:\/\/www.siau.cat\/index.php\/2025\/08\/18\/molt-important-interins-avui-sacaben-de-revocar-les-llistes-definitives-dadjudicacio-de-places-de-dia-4-dagost-i-dues-setmanes-despres-dadvertir-dirregu\/","name":"MOLT IMPORTANT, INTERINS! Avui s\u2019acaben de revocar les llistes definitives d\u2019adjudicaci\u00f3 de places de dia 4 d\u2019agost i, dues setmanes despr\u00e9s d\u2019advertir d\u2019irregularitats flagrants, s\u2019ha signat una nova Resoluci\u00f3 &#8212; SIAU - SINDICAT INDEPENDENT, AUT\u00d2NOM I UNITARI","isPartOf":{"@id":"https:\/\/www.siau.cat\/#website"},"primaryImageOfPage":{"@id":"https:\/\/www.siau.cat\/index.php\/2025\/08\/18\/molt-important-interins-avui-sacaben-de-revocar-les-llistes-definitives-dadjudicacio-de-places-de-dia-4-dagost-i-dues-setmanes-despres-dadvertir-dirregu\/#primaryimage"},"image":{"@id":"https:\/\/www.siau.cat\/index.php\/2025\/08\/18\/molt-important-interins-avui-sacaben-de-revocar-les-llistes-definitives-dadjudicacio-de-places-de-dia-4-dagost-i-dues-setmanes-despres-dadvertir-dirregu\/#primaryimage"},"thumbnailUrl":"https:\/\/www.siau.cat\/wp-content\/uploads\/2025\/08\/Conselleria-1-1024x768.jpg","datePublished":"2025-08-18T18:13:19+00:00","dateModified":"2025-08-18T18:32:38+00:00","breadcrumb":{"@id":"https:\/\/www.siau.cat\/index.php\/2025\/08\/18\/molt-important-interins-avui-sacaben-de-revocar-les-llistes-definitives-dadjudicacio-de-places-de-dia-4-dagost-i-dues-setmanes-despres-dadvertir-dirregu\/#breadcrumb"},"inLanguage":"ca","potentialAction":[{"@type":"ReadAction","target":["https:\/\/www.siau.cat\/index.php\/2025\/08\/18\/molt-important-interins-avui-sacaben-de-revocar-les-llistes-definitives-dadjudicacio-de-places-de-dia-4-dagost-i-dues-setmanes-despres-dadvertir-dirregu\/"]}]},{"@type":"ImageObject","inLanguage":"ca","@id":"https:\/\/www.siau.cat\/index.php\/2025\/08\/18\/molt-important-interins-avui-sacaben-de-revocar-les-llistes-definitives-dadjudicacio-de-places-de-dia-4-dagost-i-dues-setmanes-despres-dadvertir-dirregu\/#primaryimage","url":"https:\/\/www.siau.cat\/wp-content\/uploads\/2025\/08\/Conselleria-1-scaled.jpg","contentUrl":"https:\/\/www.siau.cat\/wp-content\/uploads\/2025\/08\/Conselleria-1-scaled.jpg","width":2560,"height":1920},{"@type":"BreadcrumbList","@id":"https:\/\/www.siau.cat\/index.php\/2025\/08\/18\/molt-important-interins-avui-sacaben-de-revocar-les-llistes-definitives-dadjudicacio-de-places-de-dia-4-dagost-i-dues-setmanes-despres-dadvertir-dirregu\/#breadcrumb","itemListElement":[{"@type":"ListItem","position":1,"name":"Inici","item":"https:\/\/www.siau.cat\/"},{"@type":"ListItem","position":2,"name":"MOLT IMPORTANT, INTERINS! Avui s\u2019acaben de revocar les llistes definitives d\u2019adjudicaci\u00f3 de places de dia 4 d\u2019agost i, dues setmanes despr\u00e9s d\u2019advertir d\u2019irregularitats flagrants, s\u2019ha signat una nova Resoluci\u00f3"}]},{"@type":"WebSite","@id":"https:\/\/www.siau.cat\/#website","url":"https:\/\/www.siau.cat\/","name":"SIAU - SINDICAT INDEPENDENT, AUT\u00d2NOM I UNITARI","description":"Ara s&iacute; que tenim la veu","publisher":{"@id":"https:\/\/www.siau.cat\/#organization"},"potentialAction":[{"@type":"SearchAction","target":{"@type":"EntryPoint","urlTemplate":"https:\/\/www.siau.cat\/?s={search_term_string}"},"query-input":{"@type":"PropertyValueSpecification","valueRequired":true,"valueName":"search_term_string"}}],"inLanguage":"ca"},{"@type":"Organization","@id":"https:\/\/www.siau.cat\/#organization","name":"SIAU","url":"https:\/\/www.siau.cat\/","logo":{"@type":"ImageObject","inLanguage":"ca","@id":"https:\/\/www.siau.cat\/#\/schema\/logo\/image\/","url":"https:\/\/www.siau.cat\/wp-content\/uploads\/2022\/03\/cropped-resized_LOGO-SIAU-5-e1652020847972.jpg","contentUrl":"https:\/\/www.siau.cat\/wp-content\/uploads\/2022\/03\/cropped-resized_LOGO-SIAU-5-e1652020847972.jpg","width":1600,"height":1200,"caption":"SIAU"},"image":{"@id":"https:\/\/www.siau.cat\/#\/schema\/logo\/image\/"}},{"@type":"Person","@id":"https:\/\/www.siau.cat\/#\/schema\/person\/810c15694a7e538934bb4be53ebcba0d","name":"admin","image":{"@type":"ImageObject","inLanguage":"ca","@id":"https:\/\/www.siau.cat\/#\/schema\/person\/image\/","url":"https:\/\/www.siau.cat\/wp-content\/litespeed\/avatar\/d73ebfac3daa0b52552b2ccea63469da.jpg?ver=1777403609","contentUrl":"https:\/\/www.siau.cat\/wp-content\/litespeed\/avatar\/d73ebfac3daa0b52552b2ccea63469da.jpg?ver=1777403609","caption":"admin"},"sameAs":["https:\/\/www.siau.cat"],"url":"https:\/\/www.siau.cat\/index.php\/author\/admin\/"}]}},"jetpack_featured_media_url":"","jetpack_sharing_enabled":true,"_links":{"self":[{"href":"https:\/\/www.siau.cat\/index.php\/wp-json\/wp\/v2\/posts\/2048","targetHints":{"allow":["GET"]}}],"collection":[{"href":"https:\/\/www.siau.cat\/index.php\/wp-json\/wp\/v2\/posts"}],"about":[{"href":"https:\/\/www.siau.cat\/index.php\/wp-json\/wp\/v2\/types\/post"}],"author":[{"embeddable":true,"href":"https:\/\/www.siau.cat\/index.php\/wp-json\/wp\/v2\/users\/1"}],"replies":[{"embeddable":true,"href":"https:\/\/www.siau.cat\/index.php\/wp-json\/wp\/v2\/comments?post=2048"}],"version-history":[{"count":2,"href":"https:\/\/www.siau.cat\/index.php\/wp-json\/wp\/v2\/posts\/2048\/revisions"}],"predecessor-version":[{"id":2052,"href":"https:\/\/www.siau.cat\/index.php\/wp-json\/wp\/v2\/posts\/2048\/revisions\/2052"}],"wp:attachment":[{"href":"https:\/\/www.siau.cat\/index.php\/wp-json\/wp\/v2\/media?parent=2048"}],"wp:term":[{"taxonomy":"category","embeddable":true,"href":"https:\/\/www.siau.cat\/index.php\/wp-json\/wp\/v2\/categories?post=2048"},{"taxonomy":"post_tag","embeddable":true,"href":"https:\/\/www.siau.cat\/index.php\/wp-json\/wp\/v2\/tags?post=2048"}],"curies":[{"name":"wp","href":"https:\/\/api.w.org\/{rel}","templated":true}]}}