{"id":2053,"date":"2025-08-19T11:11:16","date_gmt":"2025-08-19T11:11:16","guid":{"rendered":"https:\/\/www.siau.cat\/?p=2053"},"modified":"2025-08-20T10:31:43","modified_gmt":"2025-08-20T10:31:43","slug":"atencio-funcionaris-en-practiques-i-de-carrera-obert-el-termini-per-presentar-sollicituds-de-places-datd","status":"publish","type":"post","link":"https:\/\/www.siau.cat\/index.php\/2025\/08\/19\/atencio-funcionaris-en-practiques-i-de-carrera-obert-el-termini-per-presentar-sollicituds-de-places-datd\/","title":{"rendered":"Atenci\u00f3, funcionaris en pr\u00e0ctiques i de carrera! Obert el termini per presentar sol\u00b7licituds de places d&#8217;ATD"},"content":{"rendered":"\n<figure class=\"wp-block-image size-large\"><img loading=\"lazy\" decoding=\"async\" width=\"1024\" height=\"768\" src=\"https:\/\/www.siau.cat\/wp-content\/uploads\/2025\/08\/Conselleria-2-1024x768.jpg\" alt=\"\" class=\"wp-image-2054\" srcset=\"https:\/\/www.siau.cat\/wp-content\/uploads\/2025\/08\/Conselleria-2-1024x768.jpg 1024w, https:\/\/www.siau.cat\/wp-content\/uploads\/2025\/08\/Conselleria-2-300x225.jpg 300w, https:\/\/www.siau.cat\/wp-content\/uploads\/2025\/08\/Conselleria-2-768x576.jpg 768w, https:\/\/www.siau.cat\/wp-content\/uploads\/2025\/08\/Conselleria-2-1536x1152.jpg 1536w, https:\/\/www.siau.cat\/wp-content\/uploads\/2025\/08\/Conselleria-2-2048x1536.jpg 2048w, https:\/\/www.siau.cat\/wp-content\/uploads\/2025\/08\/Conselleria-2-24x18.jpg 24w, https:\/\/www.siau.cat\/wp-content\/uploads\/2025\/08\/Conselleria-2-36x27.jpg 36w, https:\/\/www.siau.cat\/wp-content\/uploads\/2025\/08\/Conselleria-2-48x36.jpg 48w, https:\/\/www.siau.cat\/wp-content\/uploads\/2025\/08\/Conselleria-2-350x263.jpg 350w\" sizes=\"auto, (max-width: 767px) 89vw, (max-width: 1000px) 54vw, (max-width: 1071px) 543px, 580px\" \/><figcaption class=\"wp-element-caption\">Conselleria d&#8217;Educaci\u00f3 i Universitats<\/figcaption><\/figure>\n\n\n\n<p>Avui s\u2019ha obert el termini per poder sol\u00b7licitar places d\u2019ATD. Des de SIAU no entenem per quin motiu surten places d\u2019ATD p\u00fablicament si, tanmateix, el procediment prescindeix d\u2019uns m\u00ednims de transpar\u00e8ncia. Per comen\u00e7ar, s\u2019ha establert que hi haur\u00e0 una comissi\u00f3 de valoraci\u00f3, amb uns integrants escollits a dit. La composici\u00f3 d\u2019aquesta comissi\u00f3 \u00e9s la seg\u00fcent:<\/p>\n\n\n\n<p>a) El titular de l&#8217;\u00f2rgan administratiu corresponent, o persona en qui delegui, que hi actua de president.<\/p>\n\n\n\n<p>b) Un cap de departament o cap de servei de l&#8217;\u00f2rgan administratiu, designat pel seu titular.<\/p>\n\n\n\n<p>c) Un funcionari de carrera de l&#8217;\u00f2rgan administratiu, designat pel seu titular, que hi actua de secretari amb veu i vot.<\/p>\n\n\n\n<p>Els membres d\u2019aquesta comissi\u00f3 duran a terme entrevistes personals d\u2019acord amb uns \u00edtems de valoraci\u00f3 que semblen m\u00e9s b\u00e9 un acudit (vegeu el model de r\u00fabrica per a l\u2019entrevista en el darrer enlla\u00e7). I, finalment, diran qui \u00e9s APTE i NO APTE per fer d\u2019ATD.&nbsp;<\/p>\n\n\n\n<p>Algunes persones ens han contactat per advertir-nos que membres de la Conselleria els han demanat que facin el tr\u00e0mit per optar a una determinada pla\u00e7a i que no es preocupin que la tenen garantida. Davant aquesta pantomima que s\u2019inicia avui, consideram que seria m\u00e9s adient fer com la Direcci\u00f3 General de Personal Docent i Centres Concertats: no treure cap pla\u00e7a d\u2019ATD ara i assignar-les directament a dit sense necessitat d\u2019haver de fer aquest paperot.<\/p>\n\n\n\n<p>Igualment, compartim amb vosaltres tots els enlla\u00e7os per si voleu realitzar la tramitaci\u00f3 de sol\u00b7licituds, que s\u2019han de dur a terme mitjan\u00e7ant el seg\u00fcent tr\u00e0mit habilitat a l\u2019efecte des d\u2019avui fins al 22 d\u2019agost de 2025 (ambd\u00f3s dies inclosos):<\/p>\n\n\n\n<p><a href=\"https:\/\/www.caib.es\/sistrafront\/sistrafront\/inicio?language=ca&amp;modelo=EC0029PATD&amp;version=3&amp;convocatoria=356\">https:\/\/www.caib.es\/sistrafront\/sistrafront\/inicio?language=ca&amp;modelo=EC0029PATD&amp;version=3&amp;convocatoria=356<\/a><\/p>\n\n\n\n<p>Instruccions i documentaci\u00f3:&nbsp;<\/p>\n\n\n\n<p><a href=\"https:\/\/www.caib.es\/webgoib\/-\/instruccions-per-cobrir-les-comissions-de-servei-de-personal-docent-amb-funcions-d-assessor-t%C3%A8cnic-docent-a-la-conselleria-d-educaci%C3%B3-i-universitats-per-al-curs-2025-2026\">https:\/\/www.caib.es\/webgoib\/-\/instruccions-per-cobrir-les-comissions-de-servei-de-personal-docent-amb-funcions-d-assessor-t%C3%A8cnic-docent-a-la-conselleria-d-educaci%C3%B3-i-universitats-per-al-curs-2025-2026<\/a><\/p>\n\n\n\n<p>Resoluci\u00f3 de dia 7 d\u2019agost:<\/p>\n\n\n\n<p><a href=\"https:\/\/www.caib.es\/eboibfront\/ca\/2025\/12140\/704363\/resolucio-del-conseller-d-educacio-i-universitats-\">https:\/\/www.caib.es\/eboibfront\/ca\/2025\/12140\/704363\/resolucio-del-conseller-d-educacio-i-universitats-<\/a><\/p>\n","protected":false},"excerpt":{"rendered":"<p>Avui s\u2019ha obert el termini per poder sol\u00b7licitar places d\u2019ATD. Des de SIAU no entenem per quin motiu surten places d\u2019ATD p\u00fablicament si, tanmateix, el procediment prescindeix d\u2019uns m\u00ednims de transpar\u00e8ncia. Per comen\u00e7ar, s\u2019ha establert que hi haur\u00e0 una comissi\u00f3 de valoraci\u00f3, amb uns integrants escollits a dit. La composici\u00f3 d\u2019aquesta comissi\u00f3 \u00e9s la seg\u00fcent: &hellip; <\/p>\n<p class=\"link-more\"><a href=\"https:\/\/www.siau.cat\/index.php\/2025\/08\/19\/atencio-funcionaris-en-practiques-i-de-carrera-obert-el-termini-per-presentar-sollicituds-de-places-datd\/\" class=\"more-link\">Continua llegint <span class=\"screen-reader-text\">\u00abAtenci\u00f3, funcionaris en pr\u00e0ctiques i de carrera! Obert el termini per presentar sol\u00b7licituds de places d&#8217;ATD\u00bb<\/span><\/a><\/p>\n","protected":false},"author":1,"featured_media":0,"comment_status":"closed","ping_status":"open","sticky":false,"template":"","format":"standard","meta":{"_jetpack_memberships_contains_paid_content":false,"footnotes":""},"categories":[1],"tags":[],"class_list":["post-2053","post","type-post","status-publish","format-standard","hentry","category-uncategorized"],"yoast_head":"<!-- This site is optimized with the Yoast SEO plugin v25.4 - https:\/\/yoast.com\/wordpress\/plugins\/seo\/ -->\n<title>Atenci\u00f3, funcionaris en pr\u00e0ctiques i de carrera! Obert el termini per presentar sol\u00b7licituds de places d&#039;ATD &#8212; SIAU - SINDICAT INDEPENDENT, AUT\u00d2NOM I UNITARI<\/title>\n<meta name=\"robots\" content=\"index, follow, max-snippet:-1, max-image-preview:large, max-video-preview:-1\" \/>\n<link rel=\"canonical\" href=\"https:\/\/www.siau.cat\/index.php\/2025\/08\/19\/atencio-funcionaris-en-practiques-i-de-carrera-obert-el-termini-per-presentar-sollicituds-de-places-datd\/\" \/>\n<meta property=\"og:locale\" content=\"ca_ES\" \/>\n<meta property=\"og:type\" content=\"article\" \/>\n<meta property=\"og:title\" content=\"Atenci\u00f3, funcionaris en pr\u00e0ctiques i de carrera! Obert el termini per presentar sol\u00b7licituds de places d&#039;ATD &#8212; SIAU - SINDICAT INDEPENDENT, AUT\u00d2NOM I UNITARI\" \/>\n<meta property=\"og:description\" content=\"Avui s\u2019ha obert el termini per poder sol\u00b7licitar places d\u2019ATD. Des de SIAU no entenem per quin motiu surten places d\u2019ATD p\u00fablicament si, tanmateix, el procediment prescindeix d\u2019uns m\u00ednims de transpar\u00e8ncia. Per comen\u00e7ar, s\u2019ha establert que hi haur\u00e0 una comissi\u00f3 de valoraci\u00f3, amb uns integrants escollits a dit. La composici\u00f3 d\u2019aquesta comissi\u00f3 \u00e9s la seg\u00fcent: &hellip; Continua llegint \u00abAtenci\u00f3, funcionaris en pr\u00e0ctiques i de carrera! Obert el termini per presentar sol\u00b7licituds de places d&#8217;ATD\u00bb\" \/>\n<meta property=\"og:url\" content=\"https:\/\/www.siau.cat\/index.php\/2025\/08\/19\/atencio-funcionaris-en-practiques-i-de-carrera-obert-el-termini-per-presentar-sollicituds-de-places-datd\/\" \/>\n<meta property=\"og:site_name\" content=\"SIAU - SINDICAT INDEPENDENT, AUT\u00d2NOM I UNITARI\" \/>\n<meta property=\"article:published_time\" content=\"2025-08-19T11:11:16+00:00\" \/>\n<meta property=\"article:modified_time\" content=\"2025-08-20T10:31:43+00:00\" \/>\n<meta property=\"og:image\" content=\"https:\/\/www.siau.cat\/wp-content\/uploads\/2025\/08\/Conselleria-2-scaled.jpg\" \/>\n\t<meta property=\"og:image:width\" content=\"2560\" \/>\n\t<meta property=\"og:image:height\" content=\"1920\" \/>\n\t<meta property=\"og:image:type\" content=\"image\/jpeg\" \/>\n<meta name=\"author\" content=\"admin\" \/>\n<meta name=\"twitter:card\" content=\"summary_large_image\" \/>\n<meta name=\"twitter:label1\" content=\"Escrit per\" \/>\n\t<meta name=\"twitter:data1\" content=\"admin\" \/>\n\t<meta name=\"twitter:label2\" content=\"Temps estimat de lectura\" \/>\n\t<meta name=\"twitter:data2\" content=\"2 minuts\" \/>\n<script type=\"application\/ld+json\" class=\"yoast-schema-graph\">{\"@context\":\"https:\/\/schema.org\",\"@graph\":[{\"@type\":\"Article\",\"@id\":\"https:\/\/www.siau.cat\/index.php\/2025\/08\/19\/atencio-funcionaris-en-practiques-i-de-carrera-obert-el-termini-per-presentar-sollicituds-de-places-datd\/#article\",\"isPartOf\":{\"@id\":\"https:\/\/www.siau.cat\/index.php\/2025\/08\/19\/atencio-funcionaris-en-practiques-i-de-carrera-obert-el-termini-per-presentar-sollicituds-de-places-datd\/\"},\"author\":{\"name\":\"admin\",\"@id\":\"https:\/\/www.siau.cat\/#\/schema\/person\/810c15694a7e538934bb4be53ebcba0d\"},\"headline\":\"Atenci\u00f3, funcionaris en pr\u00e0ctiques i de carrera! Obert el termini per presentar sol\u00b7licituds de places d&#8217;ATD\",\"datePublished\":\"2025-08-19T11:11:16+00:00\",\"dateModified\":\"2025-08-20T10:31:43+00:00\",\"mainEntityOfPage\":{\"@id\":\"https:\/\/www.siau.cat\/index.php\/2025\/08\/19\/atencio-funcionaris-en-practiques-i-de-carrera-obert-el-termini-per-presentar-sollicituds-de-places-datd\/\"},\"wordCount\":375,\"publisher\":{\"@id\":\"https:\/\/www.siau.cat\/#organization\"},\"image\":{\"@id\":\"https:\/\/www.siau.cat\/index.php\/2025\/08\/19\/atencio-funcionaris-en-practiques-i-de-carrera-obert-el-termini-per-presentar-sollicituds-de-places-datd\/#primaryimage\"},\"thumbnailUrl\":\"https:\/\/www.siau.cat\/wp-content\/uploads\/2025\/08\/Conselleria-2-1024x768.jpg\",\"articleSection\":[\"Uncategorized\"],\"inLanguage\":\"ca\"},{\"@type\":\"WebPage\",\"@id\":\"https:\/\/www.siau.cat\/index.php\/2025\/08\/19\/atencio-funcionaris-en-practiques-i-de-carrera-obert-el-termini-per-presentar-sollicituds-de-places-datd\/\",\"url\":\"https:\/\/www.siau.cat\/index.php\/2025\/08\/19\/atencio-funcionaris-en-practiques-i-de-carrera-obert-el-termini-per-presentar-sollicituds-de-places-datd\/\",\"name\":\"Atenci\u00f3, funcionaris en pr\u00e0ctiques i de carrera! Obert el termini per presentar sol\u00b7licituds de places d'ATD &#8212; SIAU - SINDICAT INDEPENDENT, AUT\u00d2NOM I UNITARI\",\"isPartOf\":{\"@id\":\"https:\/\/www.siau.cat\/#website\"},\"primaryImageOfPage\":{\"@id\":\"https:\/\/www.siau.cat\/index.php\/2025\/08\/19\/atencio-funcionaris-en-practiques-i-de-carrera-obert-el-termini-per-presentar-sollicituds-de-places-datd\/#primaryimage\"},\"image\":{\"@id\":\"https:\/\/www.siau.cat\/index.php\/2025\/08\/19\/atencio-funcionaris-en-practiques-i-de-carrera-obert-el-termini-per-presentar-sollicituds-de-places-datd\/#primaryimage\"},\"thumbnailUrl\":\"https:\/\/www.siau.cat\/wp-content\/uploads\/2025\/08\/Conselleria-2-1024x768.jpg\",\"datePublished\":\"2025-08-19T11:11:16+00:00\",\"dateModified\":\"2025-08-20T10:31:43+00:00\",\"breadcrumb\":{\"@id\":\"https:\/\/www.siau.cat\/index.php\/2025\/08\/19\/atencio-funcionaris-en-practiques-i-de-carrera-obert-el-termini-per-presentar-sollicituds-de-places-datd\/#breadcrumb\"},\"inLanguage\":\"ca\",\"potentialAction\":[{\"@type\":\"ReadAction\",\"target\":[\"https:\/\/www.siau.cat\/index.php\/2025\/08\/19\/atencio-funcionaris-en-practiques-i-de-carrera-obert-el-termini-per-presentar-sollicituds-de-places-datd\/\"]}]},{\"@type\":\"ImageObject\",\"inLanguage\":\"ca\",\"@id\":\"https:\/\/www.siau.cat\/index.php\/2025\/08\/19\/atencio-funcionaris-en-practiques-i-de-carrera-obert-el-termini-per-presentar-sollicituds-de-places-datd\/#primaryimage\",\"url\":\"https:\/\/www.siau.cat\/wp-content\/uploads\/2025\/08\/Conselleria-2-scaled.jpg\",\"contentUrl\":\"https:\/\/www.siau.cat\/wp-content\/uploads\/2025\/08\/Conselleria-2-scaled.jpg\",\"width\":2560,\"height\":1920},{\"@type\":\"BreadcrumbList\",\"@id\":\"https:\/\/www.siau.cat\/index.php\/2025\/08\/19\/atencio-funcionaris-en-practiques-i-de-carrera-obert-el-termini-per-presentar-sollicituds-de-places-datd\/#breadcrumb\",\"itemListElement\":[{\"@type\":\"ListItem\",\"position\":1,\"name\":\"Inici\",\"item\":\"https:\/\/www.siau.cat\/\"},{\"@type\":\"ListItem\",\"position\":2,\"name\":\"Atenci\u00f3, funcionaris en pr\u00e0ctiques i de carrera! Obert el termini per presentar sol\u00b7licituds de places d&#8217;ATD\"}]},{\"@type\":\"WebSite\",\"@id\":\"https:\/\/www.siau.cat\/#website\",\"url\":\"https:\/\/www.siau.cat\/\",\"name\":\"SIAU - SINDICAT INDEPENDENT, AUT\u00d2NOM I UNITARI\",\"description\":\"Ara s&iacute; que tenim la veu\",\"publisher\":{\"@id\":\"https:\/\/www.siau.cat\/#organization\"},\"potentialAction\":[{\"@type\":\"SearchAction\",\"target\":{\"@type\":\"EntryPoint\",\"urlTemplate\":\"https:\/\/www.siau.cat\/?s={search_term_string}\"},\"query-input\":{\"@type\":\"PropertyValueSpecification\",\"valueRequired\":true,\"valueName\":\"search_term_string\"}}],\"inLanguage\":\"ca\"},{\"@type\":\"Organization\",\"@id\":\"https:\/\/www.siau.cat\/#organization\",\"name\":\"SIAU\",\"url\":\"https:\/\/www.siau.cat\/\",\"logo\":{\"@type\":\"ImageObject\",\"inLanguage\":\"ca\",\"@id\":\"https:\/\/www.siau.cat\/#\/schema\/logo\/image\/\",\"url\":\"https:\/\/www.siau.cat\/wp-content\/uploads\/2022\/03\/cropped-resized_LOGO-SIAU-5-e1652020847972.jpg\",\"contentUrl\":\"https:\/\/www.siau.cat\/wp-content\/uploads\/2022\/03\/cropped-resized_LOGO-SIAU-5-e1652020847972.jpg\",\"width\":1600,\"height\":1200,\"caption\":\"SIAU\"},\"image\":{\"@id\":\"https:\/\/www.siau.cat\/#\/schema\/logo\/image\/\"}},{\"@type\":\"Person\",\"@id\":\"https:\/\/www.siau.cat\/#\/schema\/person\/810c15694a7e538934bb4be53ebcba0d\",\"name\":\"admin\",\"image\":{\"@type\":\"ImageObject\",\"inLanguage\":\"ca\",\"@id\":\"https:\/\/www.siau.cat\/#\/schema\/person\/image\/\",\"url\":\"https:\/\/www.siau.cat\/wp-content\/litespeed\/avatar\/d73ebfac3daa0b52552b2ccea63469da.jpg?ver=1777403609\",\"contentUrl\":\"https:\/\/www.siau.cat\/wp-content\/litespeed\/avatar\/d73ebfac3daa0b52552b2ccea63469da.jpg?ver=1777403609\",\"caption\":\"admin\"},\"sameAs\":[\"https:\/\/www.siau.cat\"],\"url\":\"https:\/\/www.siau.cat\/index.php\/author\/admin\/\"}]}<\/script>\n<!-- \/ Yoast SEO plugin. -->","yoast_head_json":{"title":"Atenci\u00f3, funcionaris en pr\u00e0ctiques i de carrera! Obert el termini per presentar sol\u00b7licituds de places d'ATD &#8212; SIAU - SINDICAT INDEPENDENT, AUT\u00d2NOM I UNITARI","robots":{"index":"index","follow":"follow","max-snippet":"max-snippet:-1","max-image-preview":"max-image-preview:large","max-video-preview":"max-video-preview:-1"},"canonical":"https:\/\/www.siau.cat\/index.php\/2025\/08\/19\/atencio-funcionaris-en-practiques-i-de-carrera-obert-el-termini-per-presentar-sollicituds-de-places-datd\/","og_locale":"ca_ES","og_type":"article","og_title":"Atenci\u00f3, funcionaris en pr\u00e0ctiques i de carrera! Obert el termini per presentar sol\u00b7licituds de places d'ATD &#8212; SIAU - SINDICAT INDEPENDENT, AUT\u00d2NOM I UNITARI","og_description":"Avui s\u2019ha obert el termini per poder sol\u00b7licitar places d\u2019ATD. Des de SIAU no entenem per quin motiu surten places d\u2019ATD p\u00fablicament si, tanmateix, el procediment prescindeix d\u2019uns m\u00ednims de transpar\u00e8ncia. Per comen\u00e7ar, s\u2019ha establert que hi haur\u00e0 una comissi\u00f3 de valoraci\u00f3, amb uns integrants escollits a dit. La composici\u00f3 d\u2019aquesta comissi\u00f3 \u00e9s la seg\u00fcent: &hellip; Continua llegint \u00abAtenci\u00f3, funcionaris en pr\u00e0ctiques i de carrera! Obert el termini per presentar sol\u00b7licituds de places d&#8217;ATD\u00bb","og_url":"https:\/\/www.siau.cat\/index.php\/2025\/08\/19\/atencio-funcionaris-en-practiques-i-de-carrera-obert-el-termini-per-presentar-sollicituds-de-places-datd\/","og_site_name":"SIAU - SINDICAT INDEPENDENT, AUT\u00d2NOM I UNITARI","article_published_time":"2025-08-19T11:11:16+00:00","article_modified_time":"2025-08-20T10:31:43+00:00","og_image":[{"width":2560,"height":1920,"url":"https:\/\/www.siau.cat\/wp-content\/uploads\/2025\/08\/Conselleria-2-scaled.jpg","type":"image\/jpeg"}],"author":"admin","twitter_card":"summary_large_image","twitter_misc":{"Escrit per":"admin","Temps estimat de lectura":"2 minuts"},"schema":{"@context":"https:\/\/schema.org","@graph":[{"@type":"Article","@id":"https:\/\/www.siau.cat\/index.php\/2025\/08\/19\/atencio-funcionaris-en-practiques-i-de-carrera-obert-el-termini-per-presentar-sollicituds-de-places-datd\/#article","isPartOf":{"@id":"https:\/\/www.siau.cat\/index.php\/2025\/08\/19\/atencio-funcionaris-en-practiques-i-de-carrera-obert-el-termini-per-presentar-sollicituds-de-places-datd\/"},"author":{"name":"admin","@id":"https:\/\/www.siau.cat\/#\/schema\/person\/810c15694a7e538934bb4be53ebcba0d"},"headline":"Atenci\u00f3, funcionaris en pr\u00e0ctiques i de carrera! Obert el termini per presentar sol\u00b7licituds de places d&#8217;ATD","datePublished":"2025-08-19T11:11:16+00:00","dateModified":"2025-08-20T10:31:43+00:00","mainEntityOfPage":{"@id":"https:\/\/www.siau.cat\/index.php\/2025\/08\/19\/atencio-funcionaris-en-practiques-i-de-carrera-obert-el-termini-per-presentar-sollicituds-de-places-datd\/"},"wordCount":375,"publisher":{"@id":"https:\/\/www.siau.cat\/#organization"},"image":{"@id":"https:\/\/www.siau.cat\/index.php\/2025\/08\/19\/atencio-funcionaris-en-practiques-i-de-carrera-obert-el-termini-per-presentar-sollicituds-de-places-datd\/#primaryimage"},"thumbnailUrl":"https:\/\/www.siau.cat\/wp-content\/uploads\/2025\/08\/Conselleria-2-1024x768.jpg","articleSection":["Uncategorized"],"inLanguage":"ca"},{"@type":"WebPage","@id":"https:\/\/www.siau.cat\/index.php\/2025\/08\/19\/atencio-funcionaris-en-practiques-i-de-carrera-obert-el-termini-per-presentar-sollicituds-de-places-datd\/","url":"https:\/\/www.siau.cat\/index.php\/2025\/08\/19\/atencio-funcionaris-en-practiques-i-de-carrera-obert-el-termini-per-presentar-sollicituds-de-places-datd\/","name":"Atenci\u00f3, funcionaris en pr\u00e0ctiques i de carrera! Obert el termini per presentar sol\u00b7licituds de places d'ATD &#8212; SIAU - SINDICAT INDEPENDENT, AUT\u00d2NOM I UNITARI","isPartOf":{"@id":"https:\/\/www.siau.cat\/#website"},"primaryImageOfPage":{"@id":"https:\/\/www.siau.cat\/index.php\/2025\/08\/19\/atencio-funcionaris-en-practiques-i-de-carrera-obert-el-termini-per-presentar-sollicituds-de-places-datd\/#primaryimage"},"image":{"@id":"https:\/\/www.siau.cat\/index.php\/2025\/08\/19\/atencio-funcionaris-en-practiques-i-de-carrera-obert-el-termini-per-presentar-sollicituds-de-places-datd\/#primaryimage"},"thumbnailUrl":"https:\/\/www.siau.cat\/wp-content\/uploads\/2025\/08\/Conselleria-2-1024x768.jpg","datePublished":"2025-08-19T11:11:16+00:00","dateModified":"2025-08-20T10:31:43+00:00","breadcrumb":{"@id":"https:\/\/www.siau.cat\/index.php\/2025\/08\/19\/atencio-funcionaris-en-practiques-i-de-carrera-obert-el-termini-per-presentar-sollicituds-de-places-datd\/#breadcrumb"},"inLanguage":"ca","potentialAction":[{"@type":"ReadAction","target":["https:\/\/www.siau.cat\/index.php\/2025\/08\/19\/atencio-funcionaris-en-practiques-i-de-carrera-obert-el-termini-per-presentar-sollicituds-de-places-datd\/"]}]},{"@type":"ImageObject","inLanguage":"ca","@id":"https:\/\/www.siau.cat\/index.php\/2025\/08\/19\/atencio-funcionaris-en-practiques-i-de-carrera-obert-el-termini-per-presentar-sollicituds-de-places-datd\/#primaryimage","url":"https:\/\/www.siau.cat\/wp-content\/uploads\/2025\/08\/Conselleria-2-scaled.jpg","contentUrl":"https:\/\/www.siau.cat\/wp-content\/uploads\/2025\/08\/Conselleria-2-scaled.jpg","width":2560,"height":1920},{"@type":"BreadcrumbList","@id":"https:\/\/www.siau.cat\/index.php\/2025\/08\/19\/atencio-funcionaris-en-practiques-i-de-carrera-obert-el-termini-per-presentar-sollicituds-de-places-datd\/#breadcrumb","itemListElement":[{"@type":"ListItem","position":1,"name":"Inici","item":"https:\/\/www.siau.cat\/"},{"@type":"ListItem","position":2,"name":"Atenci\u00f3, funcionaris en pr\u00e0ctiques i de carrera! Obert el termini per presentar sol\u00b7licituds de places d&#8217;ATD"}]},{"@type":"WebSite","@id":"https:\/\/www.siau.cat\/#website","url":"https:\/\/www.siau.cat\/","name":"SIAU - SINDICAT INDEPENDENT, AUT\u00d2NOM I UNITARI","description":"Ara s&iacute; que tenim la veu","publisher":{"@id":"https:\/\/www.siau.cat\/#organization"},"potentialAction":[{"@type":"SearchAction","target":{"@type":"EntryPoint","urlTemplate":"https:\/\/www.siau.cat\/?s={search_term_string}"},"query-input":{"@type":"PropertyValueSpecification","valueRequired":true,"valueName":"search_term_string"}}],"inLanguage":"ca"},{"@type":"Organization","@id":"https:\/\/www.siau.cat\/#organization","name":"SIAU","url":"https:\/\/www.siau.cat\/","logo":{"@type":"ImageObject","inLanguage":"ca","@id":"https:\/\/www.siau.cat\/#\/schema\/logo\/image\/","url":"https:\/\/www.siau.cat\/wp-content\/uploads\/2022\/03\/cropped-resized_LOGO-SIAU-5-e1652020847972.jpg","contentUrl":"https:\/\/www.siau.cat\/wp-content\/uploads\/2022\/03\/cropped-resized_LOGO-SIAU-5-e1652020847972.jpg","width":1600,"height":1200,"caption":"SIAU"},"image":{"@id":"https:\/\/www.siau.cat\/#\/schema\/logo\/image\/"}},{"@type":"Person","@id":"https:\/\/www.siau.cat\/#\/schema\/person\/810c15694a7e538934bb4be53ebcba0d","name":"admin","image":{"@type":"ImageObject","inLanguage":"ca","@id":"https:\/\/www.siau.cat\/#\/schema\/person\/image\/","url":"https:\/\/www.siau.cat\/wp-content\/litespeed\/avatar\/d73ebfac3daa0b52552b2ccea63469da.jpg?ver=1777403609","contentUrl":"https:\/\/www.siau.cat\/wp-content\/litespeed\/avatar\/d73ebfac3daa0b52552b2ccea63469da.jpg?ver=1777403609","caption":"admin"},"sameAs":["https:\/\/www.siau.cat"],"url":"https:\/\/www.siau.cat\/index.php\/author\/admin\/"}]}},"jetpack_featured_media_url":"","jetpack_sharing_enabled":true,"_links":{"self":[{"href":"https:\/\/www.siau.cat\/index.php\/wp-json\/wp\/v2\/posts\/2053","targetHints":{"allow":["GET"]}}],"collection":[{"href":"https:\/\/www.siau.cat\/index.php\/wp-json\/wp\/v2\/posts"}],"about":[{"href":"https:\/\/www.siau.cat\/index.php\/wp-json\/wp\/v2\/types\/post"}],"author":[{"embeddable":true,"href":"https:\/\/www.siau.cat\/index.php\/wp-json\/wp\/v2\/users\/1"}],"replies":[{"embeddable":true,"href":"https:\/\/www.siau.cat\/index.php\/wp-json\/wp\/v2\/comments?post=2053"}],"version-history":[{"count":2,"href":"https:\/\/www.siau.cat\/index.php\/wp-json\/wp\/v2\/posts\/2053\/revisions"}],"predecessor-version":[{"id":2057,"href":"https:\/\/www.siau.cat\/index.php\/wp-json\/wp\/v2\/posts\/2053\/revisions\/2057"}],"wp:attachment":[{"href":"https:\/\/www.siau.cat\/index.php\/wp-json\/wp\/v2\/media?parent=2053"}],"wp:term":[{"taxonomy":"category","embeddable":true,"href":"https:\/\/www.siau.cat\/index.php\/wp-json\/wp\/v2\/categories?post=2053"},{"taxonomy":"post_tag","embeddable":true,"href":"https:\/\/www.siau.cat\/index.php\/wp-json\/wp\/v2\/tags?post=2053"}],"curies":[{"name":"wp","href":"https:\/\/api.w.org\/{rel}","templated":true}]}}