{"id":2070,"date":"2025-09-03T09:11:02","date_gmt":"2025-09-03T09:11:02","guid":{"rendered":"https:\/\/www.siau.cat\/?p=2070"},"modified":"2025-09-03T09:11:04","modified_gmt":"2025-09-03T09:11:04","slug":"desgavell-insostenible-a-educacio-siau-exigeix-responsabilitats-en-48-hores","status":"publish","type":"post","link":"https:\/\/www.siau.cat\/index.php\/2025\/09\/03\/desgavell-insostenible-a-educacio-siau-exigeix-responsabilitats-en-48-hores\/","title":{"rendered":"Desgavell insostenible a Educaci\u00f3: SIAU exigeix responsabilitats en 48 hores"},"content":{"rendered":"\n<figure class=\"wp-block-image size-large\"><img loading=\"lazy\" decoding=\"async\" width=\"1024\" height=\"638\" src=\"https:\/\/www.siau.cat\/wp-content\/uploads\/2025\/09\/foto-29-8-2025-1024x638.avif\" alt=\"\" class=\"wp-image-2071\" srcset=\"https:\/\/www.siau.cat\/wp-content\/uploads\/2025\/09\/foto-29-8-2025-1024x638.avif 1024w, https:\/\/www.siau.cat\/wp-content\/uploads\/2025\/09\/foto-29-8-2025-300x187.avif 300w, https:\/\/www.siau.cat\/wp-content\/uploads\/2025\/09\/foto-29-8-2025-768x479.avif 768w, https:\/\/www.siau.cat\/wp-content\/uploads\/2025\/09\/foto-29-8-2025-1536x957.avif 1536w, https:\/\/www.siau.cat\/wp-content\/uploads\/2025\/09\/foto-29-8-2025-2048x1276.avif 2048w, https:\/\/www.siau.cat\/wp-content\/uploads\/2025\/09\/foto-29-8-2025-24x15.avif 24w, https:\/\/www.siau.cat\/wp-content\/uploads\/2025\/09\/foto-29-8-2025-36x22.avif 36w, https:\/\/www.siau.cat\/wp-content\/uploads\/2025\/09\/foto-29-8-2025-48x30.avif 48w, https:\/\/www.siau.cat\/wp-content\/uploads\/2025\/09\/foto-29-8-2025-350x218.avif 350w\" sizes=\"auto, (max-width: 767px) 89vw, (max-width: 1000px) 54vw, (max-width: 1071px) 543px, 580px\" \/><figcaption class=\"wp-element-caption\">Membres de la Plataforma d&#8217;Interins Afectats i de SIAU davant del Consolat de Mar el 29 d&#8217;agost de 2025<\/figcaption><\/figure>\n\n\n\n<p>Des del Sindicat Independent, Aut\u00f2nom i Unitari (SIAU) donam un termini m\u00e0xim de <strong>48 hores a la Conselleria d\u2019Educaci\u00f3 perqu\u00e8 assumeixi responsabilitats t\u00e8cniques i pol\u00edtiques <\/strong>davant el nou episodi de caos absolut en les adjudicacions de places per al personal docent inter\u00ed. Exigim tamb\u00e9 l\u2019<strong>inici immediat d\u2019una auditoria externa<\/strong> que revisi tot el proc\u00e9s i les possibles neglig\u00e8ncies comeses per la Direcci\u00f3 General de Personal Docent i Centres Concertats.<\/p>\n\n\n\n<p>No \u00e9s un cas puntual. \u00c9s una <strong>disfunci\u00f3 estructural que es repeteix cada any i que va empitjorant<\/strong>. Ahir mateix, despr\u00e9s d\u2019haver-se susp\u00e8s en diverses ocasions l\u2019inici del tr\u00e0mit urgent d\u2019adjudicacions, el proc\u00e9s es va posar en marxa finalment a les 16:15 hores. Molts docents no varen poder ni dinar esperant un tr\u00e0mit que es retardava constantment i que, quan finalment es va activar, va tornar a patir incid\u00e8ncies inform\u00e0tiques. <strong>Aquesta situaci\u00f3 \u00e9s insostenible i inacceptable<\/strong>.&nbsp;<\/p>\n\n\n\n<p>El col\u00b7lectiu docent inter\u00ed continua sent maltractat per una administraci\u00f3 incompetent, insensible i negligent, que no nom\u00e9s no dona explicacions p\u00fabliques, sin\u00f3 que tot plegat est\u00e0 envoltat d\u2019<strong>un silenci c\u00f2mplice, sense dimissions, sense cessaments, sense disculpes ni assumpci\u00f3 de cap responsabilitat<\/strong>.<\/p>\n\n\n\n<p>Mentrestant, les irregularitats, la manca de transpar\u00e8ncia i el desgavell organitzatiu continuen passant <strong>factura a la salut dels docents i a la qualitat del sistema educatiu p\u00fablic<\/strong>. La manca de professorat \u2014i, per tant, l\u2019afectaci\u00f3 directa al dret a l\u2019educaci\u00f3\u2014 \u00e9s una conseq\u00fc\u00e8ncia directa d\u2019aquest desgast constant. Quan un docent comet un error, la Conselleria actua amb m\u00e0 de ferro. Per\u00f2, quan \u00e9s l\u2019administraci\u00f3 qui falla una vegada rere l\u2019altra, no hi ha conseq\u00fc\u00e8ncies per a ning\u00fa. <strong>Aquesta impunitat ha arribat al l\u00edmit del tolerable<\/strong>.<\/p>\n\n\n\n<p>Per tot aix\u00f2 i m\u00e9s, des de SIAU, <strong>exigim<\/strong>:<\/p>\n\n\n\n<ol class=\"wp-block-list\">\n<li>L\u2019<strong>assumpci\u00f3 immediata de responsabilitats t\u00e8cniques i pol\u00edtiques<\/strong> per les irregularitats comeses.<\/li>\n\n\n\n<li>La realitzaci\u00f3 d\u2019<strong>una auditoria externa i independent<\/strong> per tal de garantir la transpar\u00e8ncia i just\u00edcia en les adjudicacions de places.<\/li>\n\n\n\n<li>Que <strong>es posi fi al maltractament institucional <\/strong>que pateixen els docents interins de les Illes Balears.<\/li>\n<\/ol>\n\n\n\n<p>De fet, la ciutadania ja ha comen\u00e7at a reaccionar: no fa ni 24 hores que s\u2019ha iniciat una <strong>recollida de signatures<\/strong> que exigeix exactament aix\u00f2 i que ja cont\u00e9 nombrosos suports de la comunitat educativa. Es pot consultar a trav\u00e9s del seg\u00fcent enlla\u00e7: <a href=\"https:\/\/chng.it\/vsZJDRnsKz\">https:\/\/chng.it\/vsZJDRnsKz<\/a><\/p>\n\n\n\n<p>Donam <strong>48 hores com a m\u00e0xim<\/strong> perqu\u00e8 s\u2019assumeixin responsabilitats t\u00e8cniques i pol\u00edtiques. Ja n\u2019hi ha prou de mirar cap a una altra banda i no assumir responsabilitats. Ja n\u2019hi ha prou d\u2019ineptitud, innacci\u00f3 i maltractament institucional.<\/p>\n","protected":false},"excerpt":{"rendered":"<p>Des del Sindicat Independent, Aut\u00f2nom i Unitari (SIAU) donam un termini m\u00e0xim de 48 hores a la Conselleria d\u2019Educaci\u00f3 perqu\u00e8 assumeixi responsabilitats t\u00e8cniques i pol\u00edtiques davant el nou episodi de caos absolut en les adjudicacions de places per al personal docent inter\u00ed. Exigim tamb\u00e9 l\u2019inici immediat d\u2019una auditoria externa que revisi tot el proc\u00e9s i &hellip; <\/p>\n<p class=\"link-more\"><a href=\"https:\/\/www.siau.cat\/index.php\/2025\/09\/03\/desgavell-insostenible-a-educacio-siau-exigeix-responsabilitats-en-48-hores\/\" class=\"more-link\">Continua llegint <span class=\"screen-reader-text\">\u00abDesgavell insostenible a Educaci\u00f3: SIAU exigeix responsabilitats en 48 hores\u00bb<\/span><\/a><\/p>\n","protected":false},"author":1,"featured_media":0,"comment_status":"closed","ping_status":"open","sticky":false,"template":"","format":"standard","meta":{"_jetpack_memberships_contains_paid_content":false,"footnotes":""},"categories":[1],"tags":[],"class_list":["post-2070","post","type-post","status-publish","format-standard","hentry","category-uncategorized"],"yoast_head":"<!-- This site is optimized with the Yoast SEO plugin v25.4 - https:\/\/yoast.com\/wordpress\/plugins\/seo\/ -->\n<title>Desgavell insostenible a Educaci\u00f3: SIAU exigeix responsabilitats en 48 hores &#8212; SIAU - SINDICAT INDEPENDENT, AUT\u00d2NOM I UNITARI<\/title>\n<meta name=\"robots\" content=\"index, follow, max-snippet:-1, max-image-preview:large, max-video-preview:-1\" \/>\n<link rel=\"canonical\" href=\"https:\/\/www.siau.cat\/index.php\/2025\/09\/03\/desgavell-insostenible-a-educacio-siau-exigeix-responsabilitats-en-48-hores\/\" \/>\n<meta property=\"og:locale\" content=\"ca_ES\" \/>\n<meta property=\"og:type\" content=\"article\" \/>\n<meta property=\"og:title\" content=\"Desgavell insostenible a Educaci\u00f3: SIAU exigeix responsabilitats en 48 hores &#8212; SIAU - SINDICAT INDEPENDENT, AUT\u00d2NOM I UNITARI\" \/>\n<meta property=\"og:description\" content=\"Des del Sindicat Independent, Aut\u00f2nom i Unitari (SIAU) donam un termini m\u00e0xim de 48 hores a la Conselleria d\u2019Educaci\u00f3 perqu\u00e8 assumeixi responsabilitats t\u00e8cniques i pol\u00edtiques davant el nou episodi de caos absolut en les adjudicacions de places per al personal docent inter\u00ed. Exigim tamb\u00e9 l\u2019inici immediat d\u2019una auditoria externa que revisi tot el proc\u00e9s i &hellip; Continua llegint \u00abDesgavell insostenible a Educaci\u00f3: SIAU exigeix responsabilitats en 48 hores\u00bb\" \/>\n<meta property=\"og:url\" content=\"https:\/\/www.siau.cat\/index.php\/2025\/09\/03\/desgavell-insostenible-a-educacio-siau-exigeix-responsabilitats-en-48-hores\/\" \/>\n<meta property=\"og:site_name\" content=\"SIAU - SINDICAT INDEPENDENT, AUT\u00d2NOM I UNITARI\" \/>\n<meta property=\"article:published_time\" content=\"2025-09-03T09:11:02+00:00\" \/>\n<meta property=\"article:modified_time\" content=\"2025-09-03T09:11:04+00:00\" \/>\n<meta name=\"author\" content=\"admin\" \/>\n<meta name=\"twitter:card\" content=\"summary_large_image\" \/>\n<meta name=\"twitter:label1\" content=\"Escrit per\" \/>\n\t<meta name=\"twitter:data1\" content=\"admin\" \/>\n\t<meta name=\"twitter:label2\" content=\"Temps estimat de lectura\" \/>\n\t<meta name=\"twitter:data2\" content=\"3 minuts\" \/>\n<script type=\"application\/ld+json\" class=\"yoast-schema-graph\">{\"@context\":\"https:\/\/schema.org\",\"@graph\":[{\"@type\":\"Article\",\"@id\":\"https:\/\/www.siau.cat\/index.php\/2025\/09\/03\/desgavell-insostenible-a-educacio-siau-exigeix-responsabilitats-en-48-hores\/#article\",\"isPartOf\":{\"@id\":\"https:\/\/www.siau.cat\/index.php\/2025\/09\/03\/desgavell-insostenible-a-educacio-siau-exigeix-responsabilitats-en-48-hores\/\"},\"author\":{\"name\":\"admin\",\"@id\":\"https:\/\/www.siau.cat\/#\/schema\/person\/810c15694a7e538934bb4be53ebcba0d\"},\"headline\":\"Desgavell insostenible a Educaci\u00f3: SIAU exigeix responsabilitats en 48 hores\",\"datePublished\":\"2025-09-03T09:11:02+00:00\",\"dateModified\":\"2025-09-03T09:11:04+00:00\",\"mainEntityOfPage\":{\"@id\":\"https:\/\/www.siau.cat\/index.php\/2025\/09\/03\/desgavell-insostenible-a-educacio-siau-exigeix-responsabilitats-en-48-hores\/\"},\"wordCount\":487,\"publisher\":{\"@id\":\"https:\/\/www.siau.cat\/#organization\"},\"image\":{\"@id\":\"https:\/\/www.siau.cat\/index.php\/2025\/09\/03\/desgavell-insostenible-a-educacio-siau-exigeix-responsabilitats-en-48-hores\/#primaryimage\"},\"thumbnailUrl\":\"https:\/\/www.siau.cat\/wp-content\/uploads\/2025\/09\/foto-29-8-2025-1024x638.avif\",\"articleSection\":[\"Uncategorized\"],\"inLanguage\":\"ca\"},{\"@type\":\"WebPage\",\"@id\":\"https:\/\/www.siau.cat\/index.php\/2025\/09\/03\/desgavell-insostenible-a-educacio-siau-exigeix-responsabilitats-en-48-hores\/\",\"url\":\"https:\/\/www.siau.cat\/index.php\/2025\/09\/03\/desgavell-insostenible-a-educacio-siau-exigeix-responsabilitats-en-48-hores\/\",\"name\":\"Desgavell insostenible a Educaci\u00f3: SIAU exigeix responsabilitats en 48 hores &#8212; SIAU - SINDICAT INDEPENDENT, AUT\u00d2NOM I UNITARI\",\"isPartOf\":{\"@id\":\"https:\/\/www.siau.cat\/#website\"},\"primaryImageOfPage\":{\"@id\":\"https:\/\/www.siau.cat\/index.php\/2025\/09\/03\/desgavell-insostenible-a-educacio-siau-exigeix-responsabilitats-en-48-hores\/#primaryimage\"},\"image\":{\"@id\":\"https:\/\/www.siau.cat\/index.php\/2025\/09\/03\/desgavell-insostenible-a-educacio-siau-exigeix-responsabilitats-en-48-hores\/#primaryimage\"},\"thumbnailUrl\":\"https:\/\/www.siau.cat\/wp-content\/uploads\/2025\/09\/foto-29-8-2025-1024x638.avif\",\"datePublished\":\"2025-09-03T09:11:02+00:00\",\"dateModified\":\"2025-09-03T09:11:04+00:00\",\"breadcrumb\":{\"@id\":\"https:\/\/www.siau.cat\/index.php\/2025\/09\/03\/desgavell-insostenible-a-educacio-siau-exigeix-responsabilitats-en-48-hores\/#breadcrumb\"},\"inLanguage\":\"ca\",\"potentialAction\":[{\"@type\":\"ReadAction\",\"target\":[\"https:\/\/www.siau.cat\/index.php\/2025\/09\/03\/desgavell-insostenible-a-educacio-siau-exigeix-responsabilitats-en-48-hores\/\"]}]},{\"@type\":\"ImageObject\",\"inLanguage\":\"ca\",\"@id\":\"https:\/\/www.siau.cat\/index.php\/2025\/09\/03\/desgavell-insostenible-a-educacio-siau-exigeix-responsabilitats-en-48-hores\/#primaryimage\",\"url\":\"https:\/\/www.siau.cat\/wp-content\/uploads\/2025\/09\/foto-29-8-2025.avif\",\"contentUrl\":\"https:\/\/www.siau.cat\/wp-content\/uploads\/2025\/09\/foto-29-8-2025.avif\",\"width\":2274,\"height\":1417},{\"@type\":\"BreadcrumbList\",\"@id\":\"https:\/\/www.siau.cat\/index.php\/2025\/09\/03\/desgavell-insostenible-a-educacio-siau-exigeix-responsabilitats-en-48-hores\/#breadcrumb\",\"itemListElement\":[{\"@type\":\"ListItem\",\"position\":1,\"name\":\"Inici\",\"item\":\"https:\/\/www.siau.cat\/\"},{\"@type\":\"ListItem\",\"position\":2,\"name\":\"Desgavell insostenible a Educaci\u00f3: SIAU exigeix responsabilitats en 48 hores\"}]},{\"@type\":\"WebSite\",\"@id\":\"https:\/\/www.siau.cat\/#website\",\"url\":\"https:\/\/www.siau.cat\/\",\"name\":\"SIAU - SINDICAT INDEPENDENT, AUT\u00d2NOM I UNITARI\",\"description\":\"Ara s&iacute; que tenim la veu\",\"publisher\":{\"@id\":\"https:\/\/www.siau.cat\/#organization\"},\"potentialAction\":[{\"@type\":\"SearchAction\",\"target\":{\"@type\":\"EntryPoint\",\"urlTemplate\":\"https:\/\/www.siau.cat\/?s={search_term_string}\"},\"query-input\":{\"@type\":\"PropertyValueSpecification\",\"valueRequired\":true,\"valueName\":\"search_term_string\"}}],\"inLanguage\":\"ca\"},{\"@type\":\"Organization\",\"@id\":\"https:\/\/www.siau.cat\/#organization\",\"name\":\"SIAU\",\"url\":\"https:\/\/www.siau.cat\/\",\"logo\":{\"@type\":\"ImageObject\",\"inLanguage\":\"ca\",\"@id\":\"https:\/\/www.siau.cat\/#\/schema\/logo\/image\/\",\"url\":\"https:\/\/www.siau.cat\/wp-content\/uploads\/2022\/03\/cropped-resized_LOGO-SIAU-5-e1652020847972.jpg\",\"contentUrl\":\"https:\/\/www.siau.cat\/wp-content\/uploads\/2022\/03\/cropped-resized_LOGO-SIAU-5-e1652020847972.jpg\",\"width\":1600,\"height\":1200,\"caption\":\"SIAU\"},\"image\":{\"@id\":\"https:\/\/www.siau.cat\/#\/schema\/logo\/image\/\"}},{\"@type\":\"Person\",\"@id\":\"https:\/\/www.siau.cat\/#\/schema\/person\/810c15694a7e538934bb4be53ebcba0d\",\"name\":\"admin\",\"image\":{\"@type\":\"ImageObject\",\"inLanguage\":\"ca\",\"@id\":\"https:\/\/www.siau.cat\/#\/schema\/person\/image\/\",\"url\":\"https:\/\/www.siau.cat\/wp-content\/litespeed\/avatar\/d73ebfac3daa0b52552b2ccea63469da.jpg?ver=1777403609\",\"contentUrl\":\"https:\/\/www.siau.cat\/wp-content\/litespeed\/avatar\/d73ebfac3daa0b52552b2ccea63469da.jpg?ver=1777403609\",\"caption\":\"admin\"},\"sameAs\":[\"https:\/\/www.siau.cat\"],\"url\":\"https:\/\/www.siau.cat\/index.php\/author\/admin\/\"}]}<\/script>\n<!-- \/ Yoast SEO plugin. -->","yoast_head_json":{"title":"Desgavell insostenible a Educaci\u00f3: SIAU exigeix responsabilitats en 48 hores &#8212; SIAU - SINDICAT INDEPENDENT, AUT\u00d2NOM I UNITARI","robots":{"index":"index","follow":"follow","max-snippet":"max-snippet:-1","max-image-preview":"max-image-preview:large","max-video-preview":"max-video-preview:-1"},"canonical":"https:\/\/www.siau.cat\/index.php\/2025\/09\/03\/desgavell-insostenible-a-educacio-siau-exigeix-responsabilitats-en-48-hores\/","og_locale":"ca_ES","og_type":"article","og_title":"Desgavell insostenible a Educaci\u00f3: SIAU exigeix responsabilitats en 48 hores &#8212; SIAU - SINDICAT INDEPENDENT, AUT\u00d2NOM I UNITARI","og_description":"Des del Sindicat Independent, Aut\u00f2nom i Unitari (SIAU) donam un termini m\u00e0xim de 48 hores a la Conselleria d\u2019Educaci\u00f3 perqu\u00e8 assumeixi responsabilitats t\u00e8cniques i pol\u00edtiques davant el nou episodi de caos absolut en les adjudicacions de places per al personal docent inter\u00ed. Exigim tamb\u00e9 l\u2019inici immediat d\u2019una auditoria externa que revisi tot el proc\u00e9s i &hellip; Continua llegint \u00abDesgavell insostenible a Educaci\u00f3: SIAU exigeix responsabilitats en 48 hores\u00bb","og_url":"https:\/\/www.siau.cat\/index.php\/2025\/09\/03\/desgavell-insostenible-a-educacio-siau-exigeix-responsabilitats-en-48-hores\/","og_site_name":"SIAU - SINDICAT INDEPENDENT, AUT\u00d2NOM I UNITARI","article_published_time":"2025-09-03T09:11:02+00:00","article_modified_time":"2025-09-03T09:11:04+00:00","author":"admin","twitter_card":"summary_large_image","twitter_misc":{"Escrit per":"admin","Temps estimat de lectura":"3 minuts"},"schema":{"@context":"https:\/\/schema.org","@graph":[{"@type":"Article","@id":"https:\/\/www.siau.cat\/index.php\/2025\/09\/03\/desgavell-insostenible-a-educacio-siau-exigeix-responsabilitats-en-48-hores\/#article","isPartOf":{"@id":"https:\/\/www.siau.cat\/index.php\/2025\/09\/03\/desgavell-insostenible-a-educacio-siau-exigeix-responsabilitats-en-48-hores\/"},"author":{"name":"admin","@id":"https:\/\/www.siau.cat\/#\/schema\/person\/810c15694a7e538934bb4be53ebcba0d"},"headline":"Desgavell insostenible a Educaci\u00f3: SIAU exigeix responsabilitats en 48 hores","datePublished":"2025-09-03T09:11:02+00:00","dateModified":"2025-09-03T09:11:04+00:00","mainEntityOfPage":{"@id":"https:\/\/www.siau.cat\/index.php\/2025\/09\/03\/desgavell-insostenible-a-educacio-siau-exigeix-responsabilitats-en-48-hores\/"},"wordCount":487,"publisher":{"@id":"https:\/\/www.siau.cat\/#organization"},"image":{"@id":"https:\/\/www.siau.cat\/index.php\/2025\/09\/03\/desgavell-insostenible-a-educacio-siau-exigeix-responsabilitats-en-48-hores\/#primaryimage"},"thumbnailUrl":"https:\/\/www.siau.cat\/wp-content\/uploads\/2025\/09\/foto-29-8-2025-1024x638.avif","articleSection":["Uncategorized"],"inLanguage":"ca"},{"@type":"WebPage","@id":"https:\/\/www.siau.cat\/index.php\/2025\/09\/03\/desgavell-insostenible-a-educacio-siau-exigeix-responsabilitats-en-48-hores\/","url":"https:\/\/www.siau.cat\/index.php\/2025\/09\/03\/desgavell-insostenible-a-educacio-siau-exigeix-responsabilitats-en-48-hores\/","name":"Desgavell insostenible a Educaci\u00f3: SIAU exigeix responsabilitats en 48 hores &#8212; SIAU - SINDICAT INDEPENDENT, AUT\u00d2NOM I UNITARI","isPartOf":{"@id":"https:\/\/www.siau.cat\/#website"},"primaryImageOfPage":{"@id":"https:\/\/www.siau.cat\/index.php\/2025\/09\/03\/desgavell-insostenible-a-educacio-siau-exigeix-responsabilitats-en-48-hores\/#primaryimage"},"image":{"@id":"https:\/\/www.siau.cat\/index.php\/2025\/09\/03\/desgavell-insostenible-a-educacio-siau-exigeix-responsabilitats-en-48-hores\/#primaryimage"},"thumbnailUrl":"https:\/\/www.siau.cat\/wp-content\/uploads\/2025\/09\/foto-29-8-2025-1024x638.avif","datePublished":"2025-09-03T09:11:02+00:00","dateModified":"2025-09-03T09:11:04+00:00","breadcrumb":{"@id":"https:\/\/www.siau.cat\/index.php\/2025\/09\/03\/desgavell-insostenible-a-educacio-siau-exigeix-responsabilitats-en-48-hores\/#breadcrumb"},"inLanguage":"ca","potentialAction":[{"@type":"ReadAction","target":["https:\/\/www.siau.cat\/index.php\/2025\/09\/03\/desgavell-insostenible-a-educacio-siau-exigeix-responsabilitats-en-48-hores\/"]}]},{"@type":"ImageObject","inLanguage":"ca","@id":"https:\/\/www.siau.cat\/index.php\/2025\/09\/03\/desgavell-insostenible-a-educacio-siau-exigeix-responsabilitats-en-48-hores\/#primaryimage","url":"https:\/\/www.siau.cat\/wp-content\/uploads\/2025\/09\/foto-29-8-2025.avif","contentUrl":"https:\/\/www.siau.cat\/wp-content\/uploads\/2025\/09\/foto-29-8-2025.avif","width":2274,"height":1417},{"@type":"BreadcrumbList","@id":"https:\/\/www.siau.cat\/index.php\/2025\/09\/03\/desgavell-insostenible-a-educacio-siau-exigeix-responsabilitats-en-48-hores\/#breadcrumb","itemListElement":[{"@type":"ListItem","position":1,"name":"Inici","item":"https:\/\/www.siau.cat\/"},{"@type":"ListItem","position":2,"name":"Desgavell insostenible a Educaci\u00f3: SIAU exigeix responsabilitats en 48 hores"}]},{"@type":"WebSite","@id":"https:\/\/www.siau.cat\/#website","url":"https:\/\/www.siau.cat\/","name":"SIAU - SINDICAT INDEPENDENT, AUT\u00d2NOM I UNITARI","description":"Ara s&iacute; que tenim la veu","publisher":{"@id":"https:\/\/www.siau.cat\/#organization"},"potentialAction":[{"@type":"SearchAction","target":{"@type":"EntryPoint","urlTemplate":"https:\/\/www.siau.cat\/?s={search_term_string}"},"query-input":{"@type":"PropertyValueSpecification","valueRequired":true,"valueName":"search_term_string"}}],"inLanguage":"ca"},{"@type":"Organization","@id":"https:\/\/www.siau.cat\/#organization","name":"SIAU","url":"https:\/\/www.siau.cat\/","logo":{"@type":"ImageObject","inLanguage":"ca","@id":"https:\/\/www.siau.cat\/#\/schema\/logo\/image\/","url":"https:\/\/www.siau.cat\/wp-content\/uploads\/2022\/03\/cropped-resized_LOGO-SIAU-5-e1652020847972.jpg","contentUrl":"https:\/\/www.siau.cat\/wp-content\/uploads\/2022\/03\/cropped-resized_LOGO-SIAU-5-e1652020847972.jpg","width":1600,"height":1200,"caption":"SIAU"},"image":{"@id":"https:\/\/www.siau.cat\/#\/schema\/logo\/image\/"}},{"@type":"Person","@id":"https:\/\/www.siau.cat\/#\/schema\/person\/810c15694a7e538934bb4be53ebcba0d","name":"admin","image":{"@type":"ImageObject","inLanguage":"ca","@id":"https:\/\/www.siau.cat\/#\/schema\/person\/image\/","url":"https:\/\/www.siau.cat\/wp-content\/litespeed\/avatar\/d73ebfac3daa0b52552b2ccea63469da.jpg?ver=1777403609","contentUrl":"https:\/\/www.siau.cat\/wp-content\/litespeed\/avatar\/d73ebfac3daa0b52552b2ccea63469da.jpg?ver=1777403609","caption":"admin"},"sameAs":["https:\/\/www.siau.cat"],"url":"https:\/\/www.siau.cat\/index.php\/author\/admin\/"}]}},"jetpack_featured_media_url":"","jetpack_sharing_enabled":true,"_links":{"self":[{"href":"https:\/\/www.siau.cat\/index.php\/wp-json\/wp\/v2\/posts\/2070","targetHints":{"allow":["GET"]}}],"collection":[{"href":"https:\/\/www.siau.cat\/index.php\/wp-json\/wp\/v2\/posts"}],"about":[{"href":"https:\/\/www.siau.cat\/index.php\/wp-json\/wp\/v2\/types\/post"}],"author":[{"embeddable":true,"href":"https:\/\/www.siau.cat\/index.php\/wp-json\/wp\/v2\/users\/1"}],"replies":[{"embeddable":true,"href":"https:\/\/www.siau.cat\/index.php\/wp-json\/wp\/v2\/comments?post=2070"}],"version-history":[{"count":1,"href":"https:\/\/www.siau.cat\/index.php\/wp-json\/wp\/v2\/posts\/2070\/revisions"}],"predecessor-version":[{"id":2072,"href":"https:\/\/www.siau.cat\/index.php\/wp-json\/wp\/v2\/posts\/2070\/revisions\/2072"}],"wp:attachment":[{"href":"https:\/\/www.siau.cat\/index.php\/wp-json\/wp\/v2\/media?parent=2070"}],"wp:term":[{"taxonomy":"category","embeddable":true,"href":"https:\/\/www.siau.cat\/index.php\/wp-json\/wp\/v2\/categories?post=2070"},{"taxonomy":"post_tag","embeddable":true,"href":"https:\/\/www.siau.cat\/index.php\/wp-json\/wp\/v2\/tags?post=2070"}],"curies":[{"name":"wp","href":"https:\/\/api.w.org\/{rel}","templated":true}]}}