{"id":2114,"date":"2025-10-03T10:27:55","date_gmt":"2025-10-03T10:27:55","guid":{"rendered":"https:\/\/www.siau.cat\/?p=2114"},"modified":"2025-10-03T10:27:57","modified_gmt":"2025-10-03T10:27:57","slug":"siau-ha-interposat-una-demanda-judicial-contra-les-adjudicacions-de-places-docents-realitzades-per-la-conselleria-deducacio","status":"publish","type":"post","link":"https:\/\/www.siau.cat\/index.php\/2025\/10\/03\/siau-ha-interposat-una-demanda-judicial-contra-les-adjudicacions-de-places-docents-realitzades-per-la-conselleria-deducacio\/","title":{"rendered":"SIAU ha interposat una demanda judicial contra les adjudicacions de places docents realitzades per la Conselleria d\u2019Educaci\u00f3"},"content":{"rendered":"\n<figure class=\"wp-block-image size-large\"><img loading=\"lazy\" decoding=\"async\" width=\"1024\" height=\"1024\" src=\"https:\/\/www.siau.cat\/wp-content\/uploads\/2025\/10\/TSJ-Illes-Balears-1024x1024.jpg\" alt=\"\" class=\"wp-image-2115\" srcset=\"https:\/\/www.siau.cat\/wp-content\/uploads\/2025\/10\/TSJ-Illes-Balears-1024x1024.jpg 1024w, https:\/\/www.siau.cat\/wp-content\/uploads\/2025\/10\/TSJ-Illes-Balears-300x300.jpg 300w, https:\/\/www.siau.cat\/wp-content\/uploads\/2025\/10\/TSJ-Illes-Balears-150x150.jpg 150w, https:\/\/www.siau.cat\/wp-content\/uploads\/2025\/10\/TSJ-Illes-Balears-768x768.jpg 768w, https:\/\/www.siau.cat\/wp-content\/uploads\/2025\/10\/TSJ-Illes-Balears-1536x1536.jpg 1536w, https:\/\/www.siau.cat\/wp-content\/uploads\/2025\/10\/TSJ-Illes-Balears-2048x2048.jpg 2048w, https:\/\/www.siau.cat\/wp-content\/uploads\/2025\/10\/TSJ-Illes-Balears-100x100.jpg 100w, https:\/\/www.siau.cat\/wp-content\/uploads\/2025\/10\/TSJ-Illes-Balears-24x24.jpg 24w, https:\/\/www.siau.cat\/wp-content\/uploads\/2025\/10\/TSJ-Illes-Balears-36x36.jpg 36w, https:\/\/www.siau.cat\/wp-content\/uploads\/2025\/10\/TSJ-Illes-Balears-48x48.jpg 48w, https:\/\/www.siau.cat\/wp-content\/uploads\/2025\/10\/TSJ-Illes-Balears-250x250.jpg 250w, https:\/\/www.siau.cat\/wp-content\/uploads\/2025\/10\/TSJ-Illes-Balears-350x350.jpg 350w\" sizes=\"auto, (max-width: 767px) 89vw, (max-width: 1000px) 54vw, (max-width: 1071px) 543px, 580px\" \/><figcaption class=\"wp-element-caption\">Tribunal Superior de Just\u00edcia de les Illes Balears<\/figcaption><\/figure>\n\n\n\n<p>El Sindicat Independent, Aut\u00f2nom i Unitari (SIAU) informa que ha interposat una demanda judicial contra les adjudicacions de places a docents interins efectuades per la Conselleria d\u2019Educaci\u00f3. Aquesta acci\u00f3 legal s\u2019ha presentat conjuntament amb l\u2019entitat Uni\u00f3 Docent, en el marc d\u2019una demanda col\u00b7lectiva que impugna un total de quatre resolucions vinculades a les adjudicacions que han provocat greus perjudicis a centenars de professionals de l\u2019ensenyament p\u00fablic.<\/p>\n\n\n\n<p>Aquesta iniciativa respon a la necessitat de defensar els drets del col\u00b7lectiu docent davant del que consideram un proc\u00e9s ca\u00f2tic, opac i irregular, que ha generat inseguretat, incertesa i m\u00e9s precarietat a l\u2019inici de curs.<\/p>\n\n\n\n<p>Paral\u00b7lelament, SIAU recorda que la <a href=\"https:\/\/chng.it\/vsZJDRnsKz\">recollida de signatures<\/a> impulsada per exigir responsabilitats pol\u00edtiques i una auditoria externa independent a la Conselleria d\u2019Educaci\u00f3 ja ha superat les 1.000 adhesions. Tot i aquesta mobilitzaci\u00f3 creixent, Educaci\u00f3 continua sense donar resposta ni assumir responsabilitats pel desgavell d\u2019enguany.<\/p>\n\n\n\n<p>SIAU reafirma el seu comprom\u00eds ferm de continuar defensant els interessos del professorat i exigeix a la Conselleria que ofereixi explicacions p\u00fabliques immediates i garanteixi processos d\u2019adjudicaci\u00f3 transparents, justos i respectuosos amb els drets dels docents.<\/p>\n","protected":false},"excerpt":{"rendered":"<p>El Sindicat Independent, Aut\u00f2nom i Unitari (SIAU) informa que ha interposat una demanda judicial contra les adjudicacions de places a docents interins efectuades per la Conselleria d\u2019Educaci\u00f3. Aquesta acci\u00f3 legal s\u2019ha presentat conjuntament amb l\u2019entitat Uni\u00f3 Docent, en el marc d\u2019una demanda col\u00b7lectiva que impugna un total de quatre resolucions vinculades a les adjudicacions que &hellip; <\/p>\n<p class=\"link-more\"><a href=\"https:\/\/www.siau.cat\/index.php\/2025\/10\/03\/siau-ha-interposat-una-demanda-judicial-contra-les-adjudicacions-de-places-docents-realitzades-per-la-conselleria-deducacio\/\" class=\"more-link\">Continua llegint <span class=\"screen-reader-text\">\u00abSIAU ha interposat una demanda judicial contra les adjudicacions de places docents realitzades per la Conselleria d\u2019Educaci\u00f3\u00bb<\/span><\/a><\/p>\n","protected":false},"author":1,"featured_media":0,"comment_status":"closed","ping_status":"open","sticky":false,"template":"","format":"standard","meta":{"_jetpack_memberships_contains_paid_content":false,"footnotes":""},"categories":[1],"tags":[],"class_list":["post-2114","post","type-post","status-publish","format-standard","hentry","category-uncategorized"],"yoast_head":"<!-- This site is optimized with the Yoast SEO plugin v25.4 - https:\/\/yoast.com\/wordpress\/plugins\/seo\/ -->\n<title>SIAU ha interposat una demanda judicial contra les adjudicacions de places docents realitzades per la Conselleria d\u2019Educaci\u00f3 &#8212; SIAU - SINDICAT INDEPENDENT, AUT\u00d2NOM I UNITARI<\/title>\n<meta name=\"robots\" content=\"index, follow, max-snippet:-1, max-image-preview:large, max-video-preview:-1\" \/>\n<link rel=\"canonical\" href=\"https:\/\/www.siau.cat\/index.php\/2025\/10\/03\/siau-ha-interposat-una-demanda-judicial-contra-les-adjudicacions-de-places-docents-realitzades-per-la-conselleria-deducacio\/\" \/>\n<meta property=\"og:locale\" content=\"ca_ES\" \/>\n<meta property=\"og:type\" content=\"article\" \/>\n<meta property=\"og:title\" content=\"SIAU ha interposat una demanda judicial contra les adjudicacions de places docents realitzades per la Conselleria d\u2019Educaci\u00f3 &#8212; SIAU - SINDICAT INDEPENDENT, AUT\u00d2NOM I UNITARI\" \/>\n<meta property=\"og:description\" content=\"El Sindicat Independent, Aut\u00f2nom i Unitari (SIAU) informa que ha interposat una demanda judicial contra les adjudicacions de places a docents interins efectuades per la Conselleria d\u2019Educaci\u00f3. Aquesta acci\u00f3 legal s\u2019ha presentat conjuntament amb l\u2019entitat Uni\u00f3 Docent, en el marc d\u2019una demanda col\u00b7lectiva que impugna un total de quatre resolucions vinculades a les adjudicacions que &hellip; Continua llegint \u00abSIAU ha interposat una demanda judicial contra les adjudicacions de places docents realitzades per la Conselleria d\u2019Educaci\u00f3\u00bb\" \/>\n<meta property=\"og:url\" content=\"https:\/\/www.siau.cat\/index.php\/2025\/10\/03\/siau-ha-interposat-una-demanda-judicial-contra-les-adjudicacions-de-places-docents-realitzades-per-la-conselleria-deducacio\/\" \/>\n<meta property=\"og:site_name\" content=\"SIAU - SINDICAT INDEPENDENT, AUT\u00d2NOM I UNITARI\" \/>\n<meta property=\"article:published_time\" content=\"2025-10-03T10:27:55+00:00\" \/>\n<meta property=\"article:modified_time\" content=\"2025-10-03T10:27:57+00:00\" \/>\n<meta property=\"og:image\" content=\"https:\/\/www.siau.cat\/wp-content\/uploads\/2025\/10\/TSJ-Illes-Balears-scaled.jpg\" \/>\n\t<meta property=\"og:image:width\" content=\"2560\" \/>\n\t<meta property=\"og:image:height\" content=\"2560\" \/>\n\t<meta property=\"og:image:type\" content=\"image\/jpeg\" \/>\n<meta name=\"author\" content=\"admin\" \/>\n<meta name=\"twitter:card\" content=\"summary_large_image\" \/>\n<meta name=\"twitter:label1\" content=\"Escrit per\" \/>\n\t<meta name=\"twitter:data1\" content=\"admin\" \/>\n\t<meta name=\"twitter:label2\" content=\"Temps estimat de lectura\" \/>\n\t<meta name=\"twitter:data2\" content=\"2 minuts\" \/>\n<script type=\"application\/ld+json\" class=\"yoast-schema-graph\">{\"@context\":\"https:\/\/schema.org\",\"@graph\":[{\"@type\":\"Article\",\"@id\":\"https:\/\/www.siau.cat\/index.php\/2025\/10\/03\/siau-ha-interposat-una-demanda-judicial-contra-les-adjudicacions-de-places-docents-realitzades-per-la-conselleria-deducacio\/#article\",\"isPartOf\":{\"@id\":\"https:\/\/www.siau.cat\/index.php\/2025\/10\/03\/siau-ha-interposat-una-demanda-judicial-contra-les-adjudicacions-de-places-docents-realitzades-per-la-conselleria-deducacio\/\"},\"author\":{\"name\":\"admin\",\"@id\":\"https:\/\/www.siau.cat\/#\/schema\/person\/810c15694a7e538934bb4be53ebcba0d\"},\"headline\":\"SIAU ha interposat una demanda judicial contra les adjudicacions de places docents realitzades per la Conselleria d\u2019Educaci\u00f3\",\"datePublished\":\"2025-10-03T10:27:55+00:00\",\"dateModified\":\"2025-10-03T10:27:57+00:00\",\"mainEntityOfPage\":{\"@id\":\"https:\/\/www.siau.cat\/index.php\/2025\/10\/03\/siau-ha-interposat-una-demanda-judicial-contra-les-adjudicacions-de-places-docents-realitzades-per-la-conselleria-deducacio\/\"},\"wordCount\":227,\"publisher\":{\"@id\":\"https:\/\/www.siau.cat\/#organization\"},\"image\":{\"@id\":\"https:\/\/www.siau.cat\/index.php\/2025\/10\/03\/siau-ha-interposat-una-demanda-judicial-contra-les-adjudicacions-de-places-docents-realitzades-per-la-conselleria-deducacio\/#primaryimage\"},\"thumbnailUrl\":\"https:\/\/www.siau.cat\/wp-content\/uploads\/2025\/10\/TSJ-Illes-Balears-1024x1024.jpg\",\"articleSection\":[\"Uncategorized\"],\"inLanguage\":\"ca\"},{\"@type\":\"WebPage\",\"@id\":\"https:\/\/www.siau.cat\/index.php\/2025\/10\/03\/siau-ha-interposat-una-demanda-judicial-contra-les-adjudicacions-de-places-docents-realitzades-per-la-conselleria-deducacio\/\",\"url\":\"https:\/\/www.siau.cat\/index.php\/2025\/10\/03\/siau-ha-interposat-una-demanda-judicial-contra-les-adjudicacions-de-places-docents-realitzades-per-la-conselleria-deducacio\/\",\"name\":\"SIAU ha interposat una demanda judicial contra les adjudicacions de places docents realitzades per la Conselleria d\u2019Educaci\u00f3 &#8212; SIAU - SINDICAT INDEPENDENT, AUT\u00d2NOM I UNITARI\",\"isPartOf\":{\"@id\":\"https:\/\/www.siau.cat\/#website\"},\"primaryImageOfPage\":{\"@id\":\"https:\/\/www.siau.cat\/index.php\/2025\/10\/03\/siau-ha-interposat-una-demanda-judicial-contra-les-adjudicacions-de-places-docents-realitzades-per-la-conselleria-deducacio\/#primaryimage\"},\"image\":{\"@id\":\"https:\/\/www.siau.cat\/index.php\/2025\/10\/03\/siau-ha-interposat-una-demanda-judicial-contra-les-adjudicacions-de-places-docents-realitzades-per-la-conselleria-deducacio\/#primaryimage\"},\"thumbnailUrl\":\"https:\/\/www.siau.cat\/wp-content\/uploads\/2025\/10\/TSJ-Illes-Balears-1024x1024.jpg\",\"datePublished\":\"2025-10-03T10:27:55+00:00\",\"dateModified\":\"2025-10-03T10:27:57+00:00\",\"breadcrumb\":{\"@id\":\"https:\/\/www.siau.cat\/index.php\/2025\/10\/03\/siau-ha-interposat-una-demanda-judicial-contra-les-adjudicacions-de-places-docents-realitzades-per-la-conselleria-deducacio\/#breadcrumb\"},\"inLanguage\":\"ca\",\"potentialAction\":[{\"@type\":\"ReadAction\",\"target\":[\"https:\/\/www.siau.cat\/index.php\/2025\/10\/03\/siau-ha-interposat-una-demanda-judicial-contra-les-adjudicacions-de-places-docents-realitzades-per-la-conselleria-deducacio\/\"]}]},{\"@type\":\"ImageObject\",\"inLanguage\":\"ca\",\"@id\":\"https:\/\/www.siau.cat\/index.php\/2025\/10\/03\/siau-ha-interposat-una-demanda-judicial-contra-les-adjudicacions-de-places-docents-realitzades-per-la-conselleria-deducacio\/#primaryimage\",\"url\":\"https:\/\/www.siau.cat\/wp-content\/uploads\/2025\/10\/TSJ-Illes-Balears-scaled.jpg\",\"contentUrl\":\"https:\/\/www.siau.cat\/wp-content\/uploads\/2025\/10\/TSJ-Illes-Balears-scaled.jpg\",\"width\":2560,\"height\":2560},{\"@type\":\"BreadcrumbList\",\"@id\":\"https:\/\/www.siau.cat\/index.php\/2025\/10\/03\/siau-ha-interposat-una-demanda-judicial-contra-les-adjudicacions-de-places-docents-realitzades-per-la-conselleria-deducacio\/#breadcrumb\",\"itemListElement\":[{\"@type\":\"ListItem\",\"position\":1,\"name\":\"Inici\",\"item\":\"https:\/\/www.siau.cat\/\"},{\"@type\":\"ListItem\",\"position\":2,\"name\":\"SIAU ha interposat una demanda judicial contra les adjudicacions de places docents realitzades per la Conselleria d\u2019Educaci\u00f3\"}]},{\"@type\":\"WebSite\",\"@id\":\"https:\/\/www.siau.cat\/#website\",\"url\":\"https:\/\/www.siau.cat\/\",\"name\":\"SIAU - SINDICAT INDEPENDENT, AUT\u00d2NOM I UNITARI\",\"description\":\"Ara s&iacute; que tenim la veu\",\"publisher\":{\"@id\":\"https:\/\/www.siau.cat\/#organization\"},\"potentialAction\":[{\"@type\":\"SearchAction\",\"target\":{\"@type\":\"EntryPoint\",\"urlTemplate\":\"https:\/\/www.siau.cat\/?s={search_term_string}\"},\"query-input\":{\"@type\":\"PropertyValueSpecification\",\"valueRequired\":true,\"valueName\":\"search_term_string\"}}],\"inLanguage\":\"ca\"},{\"@type\":\"Organization\",\"@id\":\"https:\/\/www.siau.cat\/#organization\",\"name\":\"SIAU\",\"url\":\"https:\/\/www.siau.cat\/\",\"logo\":{\"@type\":\"ImageObject\",\"inLanguage\":\"ca\",\"@id\":\"https:\/\/www.siau.cat\/#\/schema\/logo\/image\/\",\"url\":\"https:\/\/www.siau.cat\/wp-content\/uploads\/2022\/03\/cropped-resized_LOGO-SIAU-5-e1652020847972.jpg\",\"contentUrl\":\"https:\/\/www.siau.cat\/wp-content\/uploads\/2022\/03\/cropped-resized_LOGO-SIAU-5-e1652020847972.jpg\",\"width\":1600,\"height\":1200,\"caption\":\"SIAU\"},\"image\":{\"@id\":\"https:\/\/www.siau.cat\/#\/schema\/logo\/image\/\"}},{\"@type\":\"Person\",\"@id\":\"https:\/\/www.siau.cat\/#\/schema\/person\/810c15694a7e538934bb4be53ebcba0d\",\"name\":\"admin\",\"image\":{\"@type\":\"ImageObject\",\"inLanguage\":\"ca\",\"@id\":\"https:\/\/www.siau.cat\/#\/schema\/person\/image\/\",\"url\":\"https:\/\/www.siau.cat\/wp-content\/litespeed\/avatar\/d73ebfac3daa0b52552b2ccea63469da.jpg?ver=1777403609\",\"contentUrl\":\"https:\/\/www.siau.cat\/wp-content\/litespeed\/avatar\/d73ebfac3daa0b52552b2ccea63469da.jpg?ver=1777403609\",\"caption\":\"admin\"},\"sameAs\":[\"https:\/\/www.siau.cat\"],\"url\":\"https:\/\/www.siau.cat\/index.php\/author\/admin\/\"}]}<\/script>\n<!-- \/ Yoast SEO plugin. -->","yoast_head_json":{"title":"SIAU ha interposat una demanda judicial contra les adjudicacions de places docents realitzades per la Conselleria d\u2019Educaci\u00f3 &#8212; SIAU - SINDICAT INDEPENDENT, AUT\u00d2NOM I UNITARI","robots":{"index":"index","follow":"follow","max-snippet":"max-snippet:-1","max-image-preview":"max-image-preview:large","max-video-preview":"max-video-preview:-1"},"canonical":"https:\/\/www.siau.cat\/index.php\/2025\/10\/03\/siau-ha-interposat-una-demanda-judicial-contra-les-adjudicacions-de-places-docents-realitzades-per-la-conselleria-deducacio\/","og_locale":"ca_ES","og_type":"article","og_title":"SIAU ha interposat una demanda judicial contra les adjudicacions de places docents realitzades per la Conselleria d\u2019Educaci\u00f3 &#8212; SIAU - SINDICAT INDEPENDENT, AUT\u00d2NOM I UNITARI","og_description":"El Sindicat Independent, Aut\u00f2nom i Unitari (SIAU) informa que ha interposat una demanda judicial contra les adjudicacions de places a docents interins efectuades per la Conselleria d\u2019Educaci\u00f3. Aquesta acci\u00f3 legal s\u2019ha presentat conjuntament amb l\u2019entitat Uni\u00f3 Docent, en el marc d\u2019una demanda col\u00b7lectiva que impugna un total de quatre resolucions vinculades a les adjudicacions que &hellip; Continua llegint \u00abSIAU ha interposat una demanda judicial contra les adjudicacions de places docents realitzades per la Conselleria d\u2019Educaci\u00f3\u00bb","og_url":"https:\/\/www.siau.cat\/index.php\/2025\/10\/03\/siau-ha-interposat-una-demanda-judicial-contra-les-adjudicacions-de-places-docents-realitzades-per-la-conselleria-deducacio\/","og_site_name":"SIAU - SINDICAT INDEPENDENT, AUT\u00d2NOM I UNITARI","article_published_time":"2025-10-03T10:27:55+00:00","article_modified_time":"2025-10-03T10:27:57+00:00","og_image":[{"width":2560,"height":2560,"url":"https:\/\/www.siau.cat\/wp-content\/uploads\/2025\/10\/TSJ-Illes-Balears-scaled.jpg","type":"image\/jpeg"}],"author":"admin","twitter_card":"summary_large_image","twitter_misc":{"Escrit per":"admin","Temps estimat de lectura":"2 minuts"},"schema":{"@context":"https:\/\/schema.org","@graph":[{"@type":"Article","@id":"https:\/\/www.siau.cat\/index.php\/2025\/10\/03\/siau-ha-interposat-una-demanda-judicial-contra-les-adjudicacions-de-places-docents-realitzades-per-la-conselleria-deducacio\/#article","isPartOf":{"@id":"https:\/\/www.siau.cat\/index.php\/2025\/10\/03\/siau-ha-interposat-una-demanda-judicial-contra-les-adjudicacions-de-places-docents-realitzades-per-la-conselleria-deducacio\/"},"author":{"name":"admin","@id":"https:\/\/www.siau.cat\/#\/schema\/person\/810c15694a7e538934bb4be53ebcba0d"},"headline":"SIAU ha interposat una demanda judicial contra les adjudicacions de places docents realitzades per la Conselleria d\u2019Educaci\u00f3","datePublished":"2025-10-03T10:27:55+00:00","dateModified":"2025-10-03T10:27:57+00:00","mainEntityOfPage":{"@id":"https:\/\/www.siau.cat\/index.php\/2025\/10\/03\/siau-ha-interposat-una-demanda-judicial-contra-les-adjudicacions-de-places-docents-realitzades-per-la-conselleria-deducacio\/"},"wordCount":227,"publisher":{"@id":"https:\/\/www.siau.cat\/#organization"},"image":{"@id":"https:\/\/www.siau.cat\/index.php\/2025\/10\/03\/siau-ha-interposat-una-demanda-judicial-contra-les-adjudicacions-de-places-docents-realitzades-per-la-conselleria-deducacio\/#primaryimage"},"thumbnailUrl":"https:\/\/www.siau.cat\/wp-content\/uploads\/2025\/10\/TSJ-Illes-Balears-1024x1024.jpg","articleSection":["Uncategorized"],"inLanguage":"ca"},{"@type":"WebPage","@id":"https:\/\/www.siau.cat\/index.php\/2025\/10\/03\/siau-ha-interposat-una-demanda-judicial-contra-les-adjudicacions-de-places-docents-realitzades-per-la-conselleria-deducacio\/","url":"https:\/\/www.siau.cat\/index.php\/2025\/10\/03\/siau-ha-interposat-una-demanda-judicial-contra-les-adjudicacions-de-places-docents-realitzades-per-la-conselleria-deducacio\/","name":"SIAU ha interposat una demanda judicial contra les adjudicacions de places docents realitzades per la Conselleria d\u2019Educaci\u00f3 &#8212; SIAU - SINDICAT INDEPENDENT, AUT\u00d2NOM I UNITARI","isPartOf":{"@id":"https:\/\/www.siau.cat\/#website"},"primaryImageOfPage":{"@id":"https:\/\/www.siau.cat\/index.php\/2025\/10\/03\/siau-ha-interposat-una-demanda-judicial-contra-les-adjudicacions-de-places-docents-realitzades-per-la-conselleria-deducacio\/#primaryimage"},"image":{"@id":"https:\/\/www.siau.cat\/index.php\/2025\/10\/03\/siau-ha-interposat-una-demanda-judicial-contra-les-adjudicacions-de-places-docents-realitzades-per-la-conselleria-deducacio\/#primaryimage"},"thumbnailUrl":"https:\/\/www.siau.cat\/wp-content\/uploads\/2025\/10\/TSJ-Illes-Balears-1024x1024.jpg","datePublished":"2025-10-03T10:27:55+00:00","dateModified":"2025-10-03T10:27:57+00:00","breadcrumb":{"@id":"https:\/\/www.siau.cat\/index.php\/2025\/10\/03\/siau-ha-interposat-una-demanda-judicial-contra-les-adjudicacions-de-places-docents-realitzades-per-la-conselleria-deducacio\/#breadcrumb"},"inLanguage":"ca","potentialAction":[{"@type":"ReadAction","target":["https:\/\/www.siau.cat\/index.php\/2025\/10\/03\/siau-ha-interposat-una-demanda-judicial-contra-les-adjudicacions-de-places-docents-realitzades-per-la-conselleria-deducacio\/"]}]},{"@type":"ImageObject","inLanguage":"ca","@id":"https:\/\/www.siau.cat\/index.php\/2025\/10\/03\/siau-ha-interposat-una-demanda-judicial-contra-les-adjudicacions-de-places-docents-realitzades-per-la-conselleria-deducacio\/#primaryimage","url":"https:\/\/www.siau.cat\/wp-content\/uploads\/2025\/10\/TSJ-Illes-Balears-scaled.jpg","contentUrl":"https:\/\/www.siau.cat\/wp-content\/uploads\/2025\/10\/TSJ-Illes-Balears-scaled.jpg","width":2560,"height":2560},{"@type":"BreadcrumbList","@id":"https:\/\/www.siau.cat\/index.php\/2025\/10\/03\/siau-ha-interposat-una-demanda-judicial-contra-les-adjudicacions-de-places-docents-realitzades-per-la-conselleria-deducacio\/#breadcrumb","itemListElement":[{"@type":"ListItem","position":1,"name":"Inici","item":"https:\/\/www.siau.cat\/"},{"@type":"ListItem","position":2,"name":"SIAU ha interposat una demanda judicial contra les adjudicacions de places docents realitzades per la Conselleria d\u2019Educaci\u00f3"}]},{"@type":"WebSite","@id":"https:\/\/www.siau.cat\/#website","url":"https:\/\/www.siau.cat\/","name":"SIAU - SINDICAT INDEPENDENT, AUT\u00d2NOM I UNITARI","description":"Ara s&iacute; que tenim la veu","publisher":{"@id":"https:\/\/www.siau.cat\/#organization"},"potentialAction":[{"@type":"SearchAction","target":{"@type":"EntryPoint","urlTemplate":"https:\/\/www.siau.cat\/?s={search_term_string}"},"query-input":{"@type":"PropertyValueSpecification","valueRequired":true,"valueName":"search_term_string"}}],"inLanguage":"ca"},{"@type":"Organization","@id":"https:\/\/www.siau.cat\/#organization","name":"SIAU","url":"https:\/\/www.siau.cat\/","logo":{"@type":"ImageObject","inLanguage":"ca","@id":"https:\/\/www.siau.cat\/#\/schema\/logo\/image\/","url":"https:\/\/www.siau.cat\/wp-content\/uploads\/2022\/03\/cropped-resized_LOGO-SIAU-5-e1652020847972.jpg","contentUrl":"https:\/\/www.siau.cat\/wp-content\/uploads\/2022\/03\/cropped-resized_LOGO-SIAU-5-e1652020847972.jpg","width":1600,"height":1200,"caption":"SIAU"},"image":{"@id":"https:\/\/www.siau.cat\/#\/schema\/logo\/image\/"}},{"@type":"Person","@id":"https:\/\/www.siau.cat\/#\/schema\/person\/810c15694a7e538934bb4be53ebcba0d","name":"admin","image":{"@type":"ImageObject","inLanguage":"ca","@id":"https:\/\/www.siau.cat\/#\/schema\/person\/image\/","url":"https:\/\/www.siau.cat\/wp-content\/litespeed\/avatar\/d73ebfac3daa0b52552b2ccea63469da.jpg?ver=1777403609","contentUrl":"https:\/\/www.siau.cat\/wp-content\/litespeed\/avatar\/d73ebfac3daa0b52552b2ccea63469da.jpg?ver=1777403609","caption":"admin"},"sameAs":["https:\/\/www.siau.cat"],"url":"https:\/\/www.siau.cat\/index.php\/author\/admin\/"}]}},"jetpack_featured_media_url":"","jetpack_sharing_enabled":true,"_links":{"self":[{"href":"https:\/\/www.siau.cat\/index.php\/wp-json\/wp\/v2\/posts\/2114","targetHints":{"allow":["GET"]}}],"collection":[{"href":"https:\/\/www.siau.cat\/index.php\/wp-json\/wp\/v2\/posts"}],"about":[{"href":"https:\/\/www.siau.cat\/index.php\/wp-json\/wp\/v2\/types\/post"}],"author":[{"embeddable":true,"href":"https:\/\/www.siau.cat\/index.php\/wp-json\/wp\/v2\/users\/1"}],"replies":[{"embeddable":true,"href":"https:\/\/www.siau.cat\/index.php\/wp-json\/wp\/v2\/comments?post=2114"}],"version-history":[{"count":1,"href":"https:\/\/www.siau.cat\/index.php\/wp-json\/wp\/v2\/posts\/2114\/revisions"}],"predecessor-version":[{"id":2116,"href":"https:\/\/www.siau.cat\/index.php\/wp-json\/wp\/v2\/posts\/2114\/revisions\/2116"}],"wp:attachment":[{"href":"https:\/\/www.siau.cat\/index.php\/wp-json\/wp\/v2\/media?parent=2114"}],"wp:term":[{"taxonomy":"category","embeddable":true,"href":"https:\/\/www.siau.cat\/index.php\/wp-json\/wp\/v2\/categories?post=2114"},{"taxonomy":"post_tag","embeddable":true,"href":"https:\/\/www.siau.cat\/index.php\/wp-json\/wp\/v2\/tags?post=2114"}],"curies":[{"name":"wp","href":"https:\/\/api.w.org\/{rel}","templated":true}]}}