{"id":2237,"date":"2026-03-05T08:05:56","date_gmt":"2026-03-05T08:05:56","guid":{"rendered":"https:\/\/www.siau.cat\/?p=2237"},"modified":"2026-03-05T08:05:58","modified_gmt":"2026-03-05T08:05:58","slug":"siau-considera-positiu-el-primer-pas-per-recuperar-la-jornada-concentrada-en-quatre-dies-per-al-professorat","status":"publish","type":"post","link":"https:\/\/www.siau.cat\/index.php\/2026\/03\/05\/siau-considera-positiu-el-primer-pas-per-recuperar-la-jornada-concentrada-en-quatre-dies-per-al-professorat\/","title":{"rendered":"SIAU considera positiu el primer pas per recuperar la jornada concentrada en quatre dies per al professorat"},"content":{"rendered":"\n<figure class=\"wp-block-image size-full\"><img loading=\"lazy\" decoding=\"async\" width=\"876\" height=\"657\" src=\"https:\/\/www.siau.cat\/wp-content\/uploads\/2026\/03\/CEIPIEEM-Simo-Ballester.jpg\" alt=\"\" class=\"wp-image-2238\" srcset=\"https:\/\/www.siau.cat\/wp-content\/uploads\/2026\/03\/CEIPIEEM-Simo-Ballester.jpg 876w, https:\/\/www.siau.cat\/wp-content\/uploads\/2026\/03\/CEIPIEEM-Simo-Ballester-300x225.jpg 300w, https:\/\/www.siau.cat\/wp-content\/uploads\/2026\/03\/CEIPIEEM-Simo-Ballester-768x576.jpg 768w, https:\/\/www.siau.cat\/wp-content\/uploads\/2026\/03\/CEIPIEEM-Simo-Ballester-24x18.jpg 24w, https:\/\/www.siau.cat\/wp-content\/uploads\/2026\/03\/CEIPIEEM-Simo-Ballester-36x27.jpg 36w, https:\/\/www.siau.cat\/wp-content\/uploads\/2026\/03\/CEIPIEEM-Simo-Ballester-48x36.jpg 48w, https:\/\/www.siau.cat\/wp-content\/uploads\/2026\/03\/CEIPIEEM-Simo-Ballester-350x263.jpg 350w\" sizes=\"auto, (max-width: 767px) 89vw, (max-width: 1000px) 54vw, (max-width: 1071px) 543px, 580px\" \/><figcaption class=\"wp-element-caption\">Imatge del CEIPIEEM Sim\u00f3 Ballester, un dels centres afectats per la imposici\u00f3 hor\u00e0ria dels 5 dies el curs passat<\/figcaption><\/figure>\n\n\n\n<p>Des de SIAU consideram positiu que el primer esborrany del decret que regula la selecci\u00f3 i la provisi\u00f3 de llocs de treball docents incorpori la possibilitat que el professorat pugui concentrar les hores lectives en un m\u00ednim de quatre dies. Es tracta d\u2019una reivindicaci\u00f3 que el nostre sindicat ha defensat p\u00fablicament i que v\u00e0rem denunciar quan el curs passat es va eliminar en centres que ja la tenien implantada, generant malestar i caos organitzatiu. Que ara la Conselleria comenci a acceptar aquesta reivindicaci\u00f3 nostra i es mostri disposada a recuperar aquesta opci\u00f3 i a estendre-la a tot el professorat de les Illes Balears \u00e9s una bona not\u00edcia i un primer pas en la bona direcci\u00f3.<\/p>\n\n\n\n<p>La concentraci\u00f3 hor\u00e0ria permet avan\u00e7ar cap a una organitzaci\u00f3 del treball m\u00e9s moderna i eficient, amb jornades m\u00e9s concentrades que faciliten la conciliaci\u00f3 personal i familiar, redueixen despla\u00e7aments \u2014especialment rellevants en un territori insular\u2014 i milloren la gesti\u00f3 del temps professional que el professorat dedica a preparar classes, coordinar-se o formar-se. A m\u00e9s, pot ajudar a optimitzar l\u2019organitzaci\u00f3 dels centres, especialment en contextos en qu\u00e8 ja existeixen dobles torns o jornades molt fragmentades.<\/p>\n\n\n\n<p>En tot cas, des de SIAU consideram que aquesta possibilitat hauria d\u2019incloure no nom\u00e9s les hores lectives sin\u00f3 tamb\u00e9 les hores complement\u00e0ries, de manera que no obligui el professorat a haver d\u2019anar igualment un cinqu\u00e8 dia al centre. L\u2019objectiu ha de ser permetre una veritable concentraci\u00f3 de la jornada laboral al centre, tal com ja passa en altres sistemes educatius avan\u00e7ats, i que cada centre pugui adaptar aquesta organitzaci\u00f3 a la seva realitat. Cal recordar que actualment hi ha docents que encara fan doble torn durant tota la setmana o que duen a terme activitats docents en cap de setmana.<br>Tanmateix, el decret encara es troba en fase d\u2019esborrany i haur\u00e0 de passar per diferents estadis. En aquest context, som conscients que hi ha organitzacions sindicals que no veuen amb bons ulls aquesta iniciativa que SIAU ha impulsat i que podrien intentar frenar-la o diluir-la. Per aix\u00f2, tot i valorar positivament aquesta primera rectificaci\u00f3 de la Conselleria, des del nostre sindicat mantindrem la vigil\u00e0ncia perqu\u00e8 aquesta millora es consolidi definitivament i no es torni enrere.<\/p>\n","protected":false},"excerpt":{"rendered":"<p>Des de SIAU consideram positiu que el primer esborrany del decret que regula la selecci\u00f3 i la provisi\u00f3 de llocs de treball docents incorpori la possibilitat que el professorat pugui concentrar les hores lectives en un m\u00ednim de quatre dies. Es tracta d\u2019una reivindicaci\u00f3 que el nostre sindicat ha defensat p\u00fablicament i que v\u00e0rem denunciar &hellip; <\/p>\n<p class=\"link-more\"><a href=\"https:\/\/www.siau.cat\/index.php\/2026\/03\/05\/siau-considera-positiu-el-primer-pas-per-recuperar-la-jornada-concentrada-en-quatre-dies-per-al-professorat\/\" class=\"more-link\">Continua llegint <span class=\"screen-reader-text\">\u00abSIAU considera positiu el primer pas per recuperar la jornada concentrada en quatre dies per al professorat\u00bb<\/span><\/a><\/p>\n","protected":false},"author":1,"featured_media":0,"comment_status":"closed","ping_status":"open","sticky":false,"template":"","format":"standard","meta":{"_jetpack_memberships_contains_paid_content":false,"footnotes":""},"categories":[1],"tags":[],"class_list":["post-2237","post","type-post","status-publish","format-standard","hentry","category-uncategorized"],"yoast_head":"<!-- This site is optimized with the Yoast SEO plugin v25.4 - https:\/\/yoast.com\/wordpress\/plugins\/seo\/ -->\n<title>SIAU considera positiu el primer pas per recuperar la jornada concentrada en quatre dies per al professorat &#8212; SIAU - SINDICAT INDEPENDENT, AUT\u00d2NOM I UNITARI<\/title>\n<meta name=\"robots\" content=\"index, follow, max-snippet:-1, max-image-preview:large, max-video-preview:-1\" \/>\n<link rel=\"canonical\" href=\"https:\/\/www.siau.cat\/index.php\/2026\/03\/05\/siau-considera-positiu-el-primer-pas-per-recuperar-la-jornada-concentrada-en-quatre-dies-per-al-professorat\/\" \/>\n<meta property=\"og:locale\" content=\"ca_ES\" \/>\n<meta property=\"og:type\" content=\"article\" \/>\n<meta property=\"og:title\" content=\"SIAU considera positiu el primer pas per recuperar la jornada concentrada en quatre dies per al professorat &#8212; SIAU - SINDICAT INDEPENDENT, AUT\u00d2NOM I UNITARI\" \/>\n<meta property=\"og:description\" content=\"Des de SIAU consideram positiu que el primer esborrany del decret que regula la selecci\u00f3 i la provisi\u00f3 de llocs de treball docents incorpori la possibilitat que el professorat pugui concentrar les hores lectives en un m\u00ednim de quatre dies. Es tracta d\u2019una reivindicaci\u00f3 que el nostre sindicat ha defensat p\u00fablicament i que v\u00e0rem denunciar &hellip; Continua llegint \u00abSIAU considera positiu el primer pas per recuperar la jornada concentrada en quatre dies per al professorat\u00bb\" \/>\n<meta property=\"og:url\" content=\"https:\/\/www.siau.cat\/index.php\/2026\/03\/05\/siau-considera-positiu-el-primer-pas-per-recuperar-la-jornada-concentrada-en-quatre-dies-per-al-professorat\/\" \/>\n<meta property=\"og:site_name\" content=\"SIAU - SINDICAT INDEPENDENT, AUT\u00d2NOM I UNITARI\" \/>\n<meta property=\"article:published_time\" content=\"2026-03-05T08:05:56+00:00\" \/>\n<meta property=\"article:modified_time\" content=\"2026-03-05T08:05:58+00:00\" \/>\n<meta property=\"og:image\" content=\"https:\/\/www.siau.cat\/wp-content\/uploads\/2026\/03\/CEIPIEEM-Simo-Ballester.jpg\" \/>\n\t<meta property=\"og:image:width\" content=\"876\" \/>\n\t<meta property=\"og:image:height\" content=\"657\" \/>\n\t<meta property=\"og:image:type\" content=\"image\/jpeg\" \/>\n<meta name=\"author\" content=\"admin\" \/>\n<meta name=\"twitter:card\" content=\"summary_large_image\" \/>\n<meta name=\"twitter:label1\" content=\"Escrit per\" \/>\n\t<meta name=\"twitter:data1\" content=\"admin\" \/>\n\t<meta name=\"twitter:label2\" content=\"Temps estimat de lectura\" \/>\n\t<meta name=\"twitter:data2\" content=\"3 minuts\" \/>\n<script type=\"application\/ld+json\" class=\"yoast-schema-graph\">{\"@context\":\"https:\/\/schema.org\",\"@graph\":[{\"@type\":\"Article\",\"@id\":\"https:\/\/www.siau.cat\/index.php\/2026\/03\/05\/siau-considera-positiu-el-primer-pas-per-recuperar-la-jornada-concentrada-en-quatre-dies-per-al-professorat\/#article\",\"isPartOf\":{\"@id\":\"https:\/\/www.siau.cat\/index.php\/2026\/03\/05\/siau-considera-positiu-el-primer-pas-per-recuperar-la-jornada-concentrada-en-quatre-dies-per-al-professorat\/\"},\"author\":{\"name\":\"admin\",\"@id\":\"https:\/\/www.siau.cat\/#\/schema\/person\/810c15694a7e538934bb4be53ebcba0d\"},\"headline\":\"SIAU considera positiu el primer pas per recuperar la jornada concentrada en quatre dies per al professorat\",\"datePublished\":\"2026-03-05T08:05:56+00:00\",\"dateModified\":\"2026-03-05T08:05:58+00:00\",\"mainEntityOfPage\":{\"@id\":\"https:\/\/www.siau.cat\/index.php\/2026\/03\/05\/siau-considera-positiu-el-primer-pas-per-recuperar-la-jornada-concentrada-en-quatre-dies-per-al-professorat\/\"},\"wordCount\":419,\"publisher\":{\"@id\":\"https:\/\/www.siau.cat\/#organization\"},\"image\":{\"@id\":\"https:\/\/www.siau.cat\/index.php\/2026\/03\/05\/siau-considera-positiu-el-primer-pas-per-recuperar-la-jornada-concentrada-en-quatre-dies-per-al-professorat\/#primaryimage\"},\"thumbnailUrl\":\"https:\/\/www.siau.cat\/wp-content\/uploads\/2026\/03\/CEIPIEEM-Simo-Ballester.jpg\",\"articleSection\":[\"Uncategorized\"],\"inLanguage\":\"ca\"},{\"@type\":\"WebPage\",\"@id\":\"https:\/\/www.siau.cat\/index.php\/2026\/03\/05\/siau-considera-positiu-el-primer-pas-per-recuperar-la-jornada-concentrada-en-quatre-dies-per-al-professorat\/\",\"url\":\"https:\/\/www.siau.cat\/index.php\/2026\/03\/05\/siau-considera-positiu-el-primer-pas-per-recuperar-la-jornada-concentrada-en-quatre-dies-per-al-professorat\/\",\"name\":\"SIAU considera positiu el primer pas per recuperar la jornada concentrada en quatre dies per al professorat &#8212; SIAU - SINDICAT INDEPENDENT, AUT\u00d2NOM I UNITARI\",\"isPartOf\":{\"@id\":\"https:\/\/www.siau.cat\/#website\"},\"primaryImageOfPage\":{\"@id\":\"https:\/\/www.siau.cat\/index.php\/2026\/03\/05\/siau-considera-positiu-el-primer-pas-per-recuperar-la-jornada-concentrada-en-quatre-dies-per-al-professorat\/#primaryimage\"},\"image\":{\"@id\":\"https:\/\/www.siau.cat\/index.php\/2026\/03\/05\/siau-considera-positiu-el-primer-pas-per-recuperar-la-jornada-concentrada-en-quatre-dies-per-al-professorat\/#primaryimage\"},\"thumbnailUrl\":\"https:\/\/www.siau.cat\/wp-content\/uploads\/2026\/03\/CEIPIEEM-Simo-Ballester.jpg\",\"datePublished\":\"2026-03-05T08:05:56+00:00\",\"dateModified\":\"2026-03-05T08:05:58+00:00\",\"breadcrumb\":{\"@id\":\"https:\/\/www.siau.cat\/index.php\/2026\/03\/05\/siau-considera-positiu-el-primer-pas-per-recuperar-la-jornada-concentrada-en-quatre-dies-per-al-professorat\/#breadcrumb\"},\"inLanguage\":\"ca\",\"potentialAction\":[{\"@type\":\"ReadAction\",\"target\":[\"https:\/\/www.siau.cat\/index.php\/2026\/03\/05\/siau-considera-positiu-el-primer-pas-per-recuperar-la-jornada-concentrada-en-quatre-dies-per-al-professorat\/\"]}]},{\"@type\":\"ImageObject\",\"inLanguage\":\"ca\",\"@id\":\"https:\/\/www.siau.cat\/index.php\/2026\/03\/05\/siau-considera-positiu-el-primer-pas-per-recuperar-la-jornada-concentrada-en-quatre-dies-per-al-professorat\/#primaryimage\",\"url\":\"https:\/\/www.siau.cat\/wp-content\/uploads\/2026\/03\/CEIPIEEM-Simo-Ballester.jpg\",\"contentUrl\":\"https:\/\/www.siau.cat\/wp-content\/uploads\/2026\/03\/CEIPIEEM-Simo-Ballester.jpg\",\"width\":876,\"height\":657},{\"@type\":\"BreadcrumbList\",\"@id\":\"https:\/\/www.siau.cat\/index.php\/2026\/03\/05\/siau-considera-positiu-el-primer-pas-per-recuperar-la-jornada-concentrada-en-quatre-dies-per-al-professorat\/#breadcrumb\",\"itemListElement\":[{\"@type\":\"ListItem\",\"position\":1,\"name\":\"Inici\",\"item\":\"https:\/\/www.siau.cat\/\"},{\"@type\":\"ListItem\",\"position\":2,\"name\":\"SIAU considera positiu el primer pas per recuperar la jornada concentrada en quatre dies per al professorat\"}]},{\"@type\":\"WebSite\",\"@id\":\"https:\/\/www.siau.cat\/#website\",\"url\":\"https:\/\/www.siau.cat\/\",\"name\":\"SIAU - SINDICAT INDEPENDENT, AUT\u00d2NOM I UNITARI\",\"description\":\"Ara s&iacute; que tenim la veu\",\"publisher\":{\"@id\":\"https:\/\/www.siau.cat\/#organization\"},\"potentialAction\":[{\"@type\":\"SearchAction\",\"target\":{\"@type\":\"EntryPoint\",\"urlTemplate\":\"https:\/\/www.siau.cat\/?s={search_term_string}\"},\"query-input\":{\"@type\":\"PropertyValueSpecification\",\"valueRequired\":true,\"valueName\":\"search_term_string\"}}],\"inLanguage\":\"ca\"},{\"@type\":\"Organization\",\"@id\":\"https:\/\/www.siau.cat\/#organization\",\"name\":\"SIAU\",\"url\":\"https:\/\/www.siau.cat\/\",\"logo\":{\"@type\":\"ImageObject\",\"inLanguage\":\"ca\",\"@id\":\"https:\/\/www.siau.cat\/#\/schema\/logo\/image\/\",\"url\":\"https:\/\/www.siau.cat\/wp-content\/uploads\/2022\/03\/cropped-resized_LOGO-SIAU-5-e1652020847972.jpg\",\"contentUrl\":\"https:\/\/www.siau.cat\/wp-content\/uploads\/2022\/03\/cropped-resized_LOGO-SIAU-5-e1652020847972.jpg\",\"width\":1600,\"height\":1200,\"caption\":\"SIAU\"},\"image\":{\"@id\":\"https:\/\/www.siau.cat\/#\/schema\/logo\/image\/\"}},{\"@type\":\"Person\",\"@id\":\"https:\/\/www.siau.cat\/#\/schema\/person\/810c15694a7e538934bb4be53ebcba0d\",\"name\":\"admin\",\"image\":{\"@type\":\"ImageObject\",\"inLanguage\":\"ca\",\"@id\":\"https:\/\/www.siau.cat\/#\/schema\/person\/image\/\",\"url\":\"https:\/\/www.siau.cat\/wp-content\/litespeed\/avatar\/d73ebfac3daa0b52552b2ccea63469da.jpg?ver=1777403609\",\"contentUrl\":\"https:\/\/www.siau.cat\/wp-content\/litespeed\/avatar\/d73ebfac3daa0b52552b2ccea63469da.jpg?ver=1777403609\",\"caption\":\"admin\"},\"sameAs\":[\"https:\/\/www.siau.cat\"],\"url\":\"https:\/\/www.siau.cat\/index.php\/author\/admin\/\"}]}<\/script>\n<!-- \/ Yoast SEO plugin. -->","yoast_head_json":{"title":"SIAU considera positiu el primer pas per recuperar la jornada concentrada en quatre dies per al professorat &#8212; SIAU - SINDICAT INDEPENDENT, AUT\u00d2NOM I UNITARI","robots":{"index":"index","follow":"follow","max-snippet":"max-snippet:-1","max-image-preview":"max-image-preview:large","max-video-preview":"max-video-preview:-1"},"canonical":"https:\/\/www.siau.cat\/index.php\/2026\/03\/05\/siau-considera-positiu-el-primer-pas-per-recuperar-la-jornada-concentrada-en-quatre-dies-per-al-professorat\/","og_locale":"ca_ES","og_type":"article","og_title":"SIAU considera positiu el primer pas per recuperar la jornada concentrada en quatre dies per al professorat &#8212; SIAU - SINDICAT INDEPENDENT, AUT\u00d2NOM I UNITARI","og_description":"Des de SIAU consideram positiu que el primer esborrany del decret que regula la selecci\u00f3 i la provisi\u00f3 de llocs de treball docents incorpori la possibilitat que el professorat pugui concentrar les hores lectives en un m\u00ednim de quatre dies. Es tracta d\u2019una reivindicaci\u00f3 que el nostre sindicat ha defensat p\u00fablicament i que v\u00e0rem denunciar &hellip; Continua llegint \u00abSIAU considera positiu el primer pas per recuperar la jornada concentrada en quatre dies per al professorat\u00bb","og_url":"https:\/\/www.siau.cat\/index.php\/2026\/03\/05\/siau-considera-positiu-el-primer-pas-per-recuperar-la-jornada-concentrada-en-quatre-dies-per-al-professorat\/","og_site_name":"SIAU - SINDICAT INDEPENDENT, AUT\u00d2NOM I UNITARI","article_published_time":"2026-03-05T08:05:56+00:00","article_modified_time":"2026-03-05T08:05:58+00:00","og_image":[{"width":876,"height":657,"url":"https:\/\/www.siau.cat\/wp-content\/uploads\/2026\/03\/CEIPIEEM-Simo-Ballester.jpg","type":"image\/jpeg"}],"author":"admin","twitter_card":"summary_large_image","twitter_misc":{"Escrit per":"admin","Temps estimat de lectura":"3 minuts"},"schema":{"@context":"https:\/\/schema.org","@graph":[{"@type":"Article","@id":"https:\/\/www.siau.cat\/index.php\/2026\/03\/05\/siau-considera-positiu-el-primer-pas-per-recuperar-la-jornada-concentrada-en-quatre-dies-per-al-professorat\/#article","isPartOf":{"@id":"https:\/\/www.siau.cat\/index.php\/2026\/03\/05\/siau-considera-positiu-el-primer-pas-per-recuperar-la-jornada-concentrada-en-quatre-dies-per-al-professorat\/"},"author":{"name":"admin","@id":"https:\/\/www.siau.cat\/#\/schema\/person\/810c15694a7e538934bb4be53ebcba0d"},"headline":"SIAU considera positiu el primer pas per recuperar la jornada concentrada en quatre dies per al professorat","datePublished":"2026-03-05T08:05:56+00:00","dateModified":"2026-03-05T08:05:58+00:00","mainEntityOfPage":{"@id":"https:\/\/www.siau.cat\/index.php\/2026\/03\/05\/siau-considera-positiu-el-primer-pas-per-recuperar-la-jornada-concentrada-en-quatre-dies-per-al-professorat\/"},"wordCount":419,"publisher":{"@id":"https:\/\/www.siau.cat\/#organization"},"image":{"@id":"https:\/\/www.siau.cat\/index.php\/2026\/03\/05\/siau-considera-positiu-el-primer-pas-per-recuperar-la-jornada-concentrada-en-quatre-dies-per-al-professorat\/#primaryimage"},"thumbnailUrl":"https:\/\/www.siau.cat\/wp-content\/uploads\/2026\/03\/CEIPIEEM-Simo-Ballester.jpg","articleSection":["Uncategorized"],"inLanguage":"ca"},{"@type":"WebPage","@id":"https:\/\/www.siau.cat\/index.php\/2026\/03\/05\/siau-considera-positiu-el-primer-pas-per-recuperar-la-jornada-concentrada-en-quatre-dies-per-al-professorat\/","url":"https:\/\/www.siau.cat\/index.php\/2026\/03\/05\/siau-considera-positiu-el-primer-pas-per-recuperar-la-jornada-concentrada-en-quatre-dies-per-al-professorat\/","name":"SIAU considera positiu el primer pas per recuperar la jornada concentrada en quatre dies per al professorat &#8212; SIAU - SINDICAT INDEPENDENT, AUT\u00d2NOM I UNITARI","isPartOf":{"@id":"https:\/\/www.siau.cat\/#website"},"primaryImageOfPage":{"@id":"https:\/\/www.siau.cat\/index.php\/2026\/03\/05\/siau-considera-positiu-el-primer-pas-per-recuperar-la-jornada-concentrada-en-quatre-dies-per-al-professorat\/#primaryimage"},"image":{"@id":"https:\/\/www.siau.cat\/index.php\/2026\/03\/05\/siau-considera-positiu-el-primer-pas-per-recuperar-la-jornada-concentrada-en-quatre-dies-per-al-professorat\/#primaryimage"},"thumbnailUrl":"https:\/\/www.siau.cat\/wp-content\/uploads\/2026\/03\/CEIPIEEM-Simo-Ballester.jpg","datePublished":"2026-03-05T08:05:56+00:00","dateModified":"2026-03-05T08:05:58+00:00","breadcrumb":{"@id":"https:\/\/www.siau.cat\/index.php\/2026\/03\/05\/siau-considera-positiu-el-primer-pas-per-recuperar-la-jornada-concentrada-en-quatre-dies-per-al-professorat\/#breadcrumb"},"inLanguage":"ca","potentialAction":[{"@type":"ReadAction","target":["https:\/\/www.siau.cat\/index.php\/2026\/03\/05\/siau-considera-positiu-el-primer-pas-per-recuperar-la-jornada-concentrada-en-quatre-dies-per-al-professorat\/"]}]},{"@type":"ImageObject","inLanguage":"ca","@id":"https:\/\/www.siau.cat\/index.php\/2026\/03\/05\/siau-considera-positiu-el-primer-pas-per-recuperar-la-jornada-concentrada-en-quatre-dies-per-al-professorat\/#primaryimage","url":"https:\/\/www.siau.cat\/wp-content\/uploads\/2026\/03\/CEIPIEEM-Simo-Ballester.jpg","contentUrl":"https:\/\/www.siau.cat\/wp-content\/uploads\/2026\/03\/CEIPIEEM-Simo-Ballester.jpg","width":876,"height":657},{"@type":"BreadcrumbList","@id":"https:\/\/www.siau.cat\/index.php\/2026\/03\/05\/siau-considera-positiu-el-primer-pas-per-recuperar-la-jornada-concentrada-en-quatre-dies-per-al-professorat\/#breadcrumb","itemListElement":[{"@type":"ListItem","position":1,"name":"Inici","item":"https:\/\/www.siau.cat\/"},{"@type":"ListItem","position":2,"name":"SIAU considera positiu el primer pas per recuperar la jornada concentrada en quatre dies per al professorat"}]},{"@type":"WebSite","@id":"https:\/\/www.siau.cat\/#website","url":"https:\/\/www.siau.cat\/","name":"SIAU - SINDICAT INDEPENDENT, AUT\u00d2NOM I UNITARI","description":"Ara s&iacute; que tenim la veu","publisher":{"@id":"https:\/\/www.siau.cat\/#organization"},"potentialAction":[{"@type":"SearchAction","target":{"@type":"EntryPoint","urlTemplate":"https:\/\/www.siau.cat\/?s={search_term_string}"},"query-input":{"@type":"PropertyValueSpecification","valueRequired":true,"valueName":"search_term_string"}}],"inLanguage":"ca"},{"@type":"Organization","@id":"https:\/\/www.siau.cat\/#organization","name":"SIAU","url":"https:\/\/www.siau.cat\/","logo":{"@type":"ImageObject","inLanguage":"ca","@id":"https:\/\/www.siau.cat\/#\/schema\/logo\/image\/","url":"https:\/\/www.siau.cat\/wp-content\/uploads\/2022\/03\/cropped-resized_LOGO-SIAU-5-e1652020847972.jpg","contentUrl":"https:\/\/www.siau.cat\/wp-content\/uploads\/2022\/03\/cropped-resized_LOGO-SIAU-5-e1652020847972.jpg","width":1600,"height":1200,"caption":"SIAU"},"image":{"@id":"https:\/\/www.siau.cat\/#\/schema\/logo\/image\/"}},{"@type":"Person","@id":"https:\/\/www.siau.cat\/#\/schema\/person\/810c15694a7e538934bb4be53ebcba0d","name":"admin","image":{"@type":"ImageObject","inLanguage":"ca","@id":"https:\/\/www.siau.cat\/#\/schema\/person\/image\/","url":"https:\/\/www.siau.cat\/wp-content\/litespeed\/avatar\/d73ebfac3daa0b52552b2ccea63469da.jpg?ver=1777403609","contentUrl":"https:\/\/www.siau.cat\/wp-content\/litespeed\/avatar\/d73ebfac3daa0b52552b2ccea63469da.jpg?ver=1777403609","caption":"admin"},"sameAs":["https:\/\/www.siau.cat"],"url":"https:\/\/www.siau.cat\/index.php\/author\/admin\/"}]}},"jetpack_featured_media_url":"","jetpack_sharing_enabled":true,"_links":{"self":[{"href":"https:\/\/www.siau.cat\/index.php\/wp-json\/wp\/v2\/posts\/2237","targetHints":{"allow":["GET"]}}],"collection":[{"href":"https:\/\/www.siau.cat\/index.php\/wp-json\/wp\/v2\/posts"}],"about":[{"href":"https:\/\/www.siau.cat\/index.php\/wp-json\/wp\/v2\/types\/post"}],"author":[{"embeddable":true,"href":"https:\/\/www.siau.cat\/index.php\/wp-json\/wp\/v2\/users\/1"}],"replies":[{"embeddable":true,"href":"https:\/\/www.siau.cat\/index.php\/wp-json\/wp\/v2\/comments?post=2237"}],"version-history":[{"count":1,"href":"https:\/\/www.siau.cat\/index.php\/wp-json\/wp\/v2\/posts\/2237\/revisions"}],"predecessor-version":[{"id":2239,"href":"https:\/\/www.siau.cat\/index.php\/wp-json\/wp\/v2\/posts\/2237\/revisions\/2239"}],"wp:attachment":[{"href":"https:\/\/www.siau.cat\/index.php\/wp-json\/wp\/v2\/media?parent=2237"}],"wp:term":[{"taxonomy":"category","embeddable":true,"href":"https:\/\/www.siau.cat\/index.php\/wp-json\/wp\/v2\/categories?post=2237"},{"taxonomy":"post_tag","embeddable":true,"href":"https:\/\/www.siau.cat\/index.php\/wp-json\/wp\/v2\/tags?post=2237"}],"curies":[{"name":"wp","href":"https:\/\/api.w.org\/{rel}","templated":true}]}}