{"id":2241,"date":"2026-03-11T12:42:19","date_gmt":"2026-03-11T12:42:19","guid":{"rendered":"https:\/\/www.siau.cat\/?p=2241"},"modified":"2026-03-11T12:42:21","modified_gmt":"2026-03-11T12:42:21","slug":"nou-nyap-de-la-conselleria-deducacio-que-afecta-als-opositors","status":"publish","type":"post","link":"https:\/\/www.siau.cat\/index.php\/2026\/03\/11\/nou-nyap-de-la-conselleria-deducacio-que-afecta-als-opositors\/","title":{"rendered":"Nou nyap de la Conselleria d\u2019Educaci\u00f3 que afecta als opositors"},"content":{"rendered":"\n<figure class=\"wp-block-gallery has-nested-images columns-default is-cropped wp-block-gallery-1 is-layout-flex wp-block-gallery-is-layout-flex\">\n<figure class=\"wp-block-image size-large\"><img loading=\"lazy\" decoding=\"async\" width=\"1024\" height=\"694\" data-id=\"2242\" src=\"https:\/\/www.siau.cat\/wp-content\/uploads\/2026\/03\/BOE-a-1024x694.png\" alt=\"\" class=\"wp-image-2242\" srcset=\"https:\/\/www.siau.cat\/wp-content\/uploads\/2026\/03\/BOE-a-1024x694.png 1024w, https:\/\/www.siau.cat\/wp-content\/uploads\/2026\/03\/BOE-a-300x203.png 300w, https:\/\/www.siau.cat\/wp-content\/uploads\/2026\/03\/BOE-a-768x521.png 768w, https:\/\/www.siau.cat\/wp-content\/uploads\/2026\/03\/BOE-a-1536x1041.png 1536w, https:\/\/www.siau.cat\/wp-content\/uploads\/2026\/03\/BOE-a-24x16.png 24w, https:\/\/www.siau.cat\/wp-content\/uploads\/2026\/03\/BOE-a-36x24.png 36w, https:\/\/www.siau.cat\/wp-content\/uploads\/2026\/03\/BOE-a-48x33.png 48w, https:\/\/www.siau.cat\/wp-content\/uploads\/2026\/03\/BOE-a-350x237.png 350w, https:\/\/www.siau.cat\/wp-content\/uploads\/2026\/03\/BOE-a.png 1552w\" sizes=\"auto, (max-width: 767px) 89vw, (max-width: 1000px) 54vw, (max-width: 1071px) 543px, 580px\" \/><\/figure>\n<\/figure>\n\n\n\n<figure class=\"wp-block-image size-large\"><img loading=\"lazy\" decoding=\"async\" width=\"1024\" height=\"301\" src=\"https:\/\/www.siau.cat\/wp-content\/uploads\/2026\/03\/BOIB-b-1-1024x301.png\" alt=\"\" class=\"wp-image-2244\" srcset=\"https:\/\/www.siau.cat\/wp-content\/uploads\/2026\/03\/BOIB-b-1-1024x301.png 1024w, https:\/\/www.siau.cat\/wp-content\/uploads\/2026\/03\/BOIB-b-1-300x88.png 300w, https:\/\/www.siau.cat\/wp-content\/uploads\/2026\/03\/BOIB-b-1-768x226.png 768w, https:\/\/www.siau.cat\/wp-content\/uploads\/2026\/03\/BOIB-b-1-1536x452.png 1536w, https:\/\/www.siau.cat\/wp-content\/uploads\/2026\/03\/BOIB-b-1-24x7.png 24w, https:\/\/www.siau.cat\/wp-content\/uploads\/2026\/03\/BOIB-b-1-36x11.png 36w, https:\/\/www.siau.cat\/wp-content\/uploads\/2026\/03\/BOIB-b-1-48x14.png 48w, https:\/\/www.siau.cat\/wp-content\/uploads\/2026\/03\/BOIB-b-1-350x103.png 350w, https:\/\/www.siau.cat\/wp-content\/uploads\/2026\/03\/BOIB-b-1.png 1610w\" sizes=\"auto, (max-width: 767px) 89vw, (max-width: 1000px) 54vw, (max-width: 1071px) 543px, 580px\" \/><\/figure>\n\n\n\n<p>La Conselleria d\u2019Educaci\u00f3 ha tornat a protagonitzar un episodi d\u2019improvisaci\u00f3 i desordre administratiu en la convocat\u00f2ria de les oposicions docents d\u2019enguany.<\/p>\n\n\n\n<p>Tal com s\u2019ha pogut comprovar, les dates de presentaci\u00f3 de sol\u00b7licituds publicades al BOE i al BOIB no coincideixen.<\/p>\n\n\n\n<ul class=\"wp-block-list\">\n<li>El BOE (16 de febrer de 2026) estableix que el termini de presentaci\u00f3 de sol\u00b7licituds \u00e9s del 16 de febrer al 27 de mar\u00e7 de 2026, ambd\u00f3s inclosos.<br><\/li>\n\n\n\n<li>En canvi, el BOIB (14 de febrer de 2026) fixa el termini del 16 al 27 de febrer de 2026.<\/li>\n<\/ul>\n\n\n\n<p>Aquesta discrep\u00e0ncia, absolutament inadmissible en un procediment selectiu d\u2019aquesta import\u00e0ncia, ha generat una situaci\u00f3 d\u2019inseguretat jur\u00eddica per a centenars de docents que confien en la informaci\u00f3 publicada en els butlletins oficials.<\/p>\n\n\n\n<p>El m\u00e9s greu \u00e9s que, mentre el BOE mant\u00e9 obert el termini fins al 27 de mar\u00e7, el tr\u00e0mit telem\u00e0tic habilitat per la Conselleria ja es troba tancat, impedint que les persones aspirants puguin presentar la seva sol\u00b7licitud d\u2019acord amb el termini publicat al butllet\u00ed oficial de l\u2019Estat.<\/p>\n\n\n\n<p>Des de SIAU animam totes les persones afectades a deixar const\u00e0ncia formal de la situaci\u00f3, encara que sigui mitjan\u00e7ant una inst\u00e0ncia gen\u00e8rica, indicant que han intentat presentar la sol\u00b7licitud dins el termini que consta al BOE, per\u00f2 que el tr\u00e0mit espec\u00edfic es troba tancat. Tamb\u00e9 enregistrar en format audiovisual els intents fallits d\u2019inscripci\u00f3.<\/p>\n\n\n\n<p>Recordam que els butlletins oficials s\u00f3n la font jur\u00eddica que determina els terminis administratius, i que l\u2019Administraci\u00f3 no pot limitar drets dels aspirants per errors propis o per una gesti\u00f3 totalment negligent dels procediments.<\/p>\n\n\n\n<p>Segons han comunicat fonts de l\u2019Administraci\u00f3 a alguns aspirants afectats, es preveu corregir l\u2019errada pr\u00f2ximament. Tanmateix, mentre aquesta rectificaci\u00f3 no sigui publicada oficialment, el termini legal vigent \u00e9s el que figura al BOE, \u00e9s a dir, fins al 27 de mar\u00e7 de 2026.<\/p>\n\n\n\n<p>Aquest episodi \u00e9s un nou exemple de la manca de rigor i neglig\u00e8ncia administrativa amb qu\u00e8 la Direcci\u00f3 General de Personal Docent gestiona processos que afecten el futur professional de milers de docents.<\/p>\n\n\n\n<p>Des de SIAU exigim que cap aspirant vegi vulnerat el seu dret a participar en el proc\u00e9s selectiu per una errada imputable exclusivament a l\u2019Administraci\u00f3.<\/p>\n","protected":false},"excerpt":{"rendered":"<p>La Conselleria d\u2019Educaci\u00f3 ha tornat a protagonitzar un episodi d\u2019improvisaci\u00f3 i desordre administratiu en la convocat\u00f2ria de les oposicions docents d\u2019enguany. Tal com s\u2019ha pogut comprovar, les dates de presentaci\u00f3 de sol\u00b7licituds publicades al BOE i al BOIB no coincideixen. Aquesta discrep\u00e0ncia, absolutament inadmissible en un procediment selectiu d\u2019aquesta import\u00e0ncia, ha generat una situaci\u00f3 d\u2019inseguretat &hellip; <\/p>\n<p class=\"link-more\"><a href=\"https:\/\/www.siau.cat\/index.php\/2026\/03\/11\/nou-nyap-de-la-conselleria-deducacio-que-afecta-als-opositors\/\" class=\"more-link\">Continua llegint <span class=\"screen-reader-text\">\u00abNou nyap de la Conselleria d\u2019Educaci\u00f3 que afecta als opositors\u00bb<\/span><\/a><\/p>\n","protected":false},"author":1,"featured_media":0,"comment_status":"closed","ping_status":"open","sticky":false,"template":"","format":"standard","meta":{"_jetpack_memberships_contains_paid_content":false,"footnotes":""},"categories":[1],"tags":[],"class_list":["post-2241","post","type-post","status-publish","format-standard","hentry","category-uncategorized"],"yoast_head":"<!-- This site is optimized with the Yoast SEO plugin v25.4 - https:\/\/yoast.com\/wordpress\/plugins\/seo\/ -->\n<title>Nou nyap de la Conselleria d\u2019Educaci\u00f3 que afecta als opositors &#8212; SIAU - SINDICAT INDEPENDENT, AUT\u00d2NOM I UNITARI<\/title>\n<meta name=\"robots\" content=\"index, follow, max-snippet:-1, max-image-preview:large, max-video-preview:-1\" \/>\n<link rel=\"canonical\" href=\"https:\/\/www.siau.cat\/index.php\/2026\/03\/11\/nou-nyap-de-la-conselleria-deducacio-que-afecta-als-opositors\/\" \/>\n<meta property=\"og:locale\" content=\"ca_ES\" \/>\n<meta property=\"og:type\" content=\"article\" \/>\n<meta property=\"og:title\" content=\"Nou nyap de la Conselleria d\u2019Educaci\u00f3 que afecta als opositors &#8212; SIAU - SINDICAT INDEPENDENT, AUT\u00d2NOM I UNITARI\" \/>\n<meta property=\"og:description\" content=\"La Conselleria d\u2019Educaci\u00f3 ha tornat a protagonitzar un episodi d\u2019improvisaci\u00f3 i desordre administratiu en la convocat\u00f2ria de les oposicions docents d\u2019enguany. Tal com s\u2019ha pogut comprovar, les dates de presentaci\u00f3 de sol\u00b7licituds publicades al BOE i al BOIB no coincideixen. Aquesta discrep\u00e0ncia, absolutament inadmissible en un procediment selectiu d\u2019aquesta import\u00e0ncia, ha generat una situaci\u00f3 d\u2019inseguretat &hellip; Continua llegint \u00abNou nyap de la Conselleria d\u2019Educaci\u00f3 que afecta als opositors\u00bb\" \/>\n<meta property=\"og:url\" content=\"https:\/\/www.siau.cat\/index.php\/2026\/03\/11\/nou-nyap-de-la-conselleria-deducacio-que-afecta-als-opositors\/\" \/>\n<meta property=\"og:site_name\" content=\"SIAU - SINDICAT INDEPENDENT, AUT\u00d2NOM I UNITARI\" \/>\n<meta property=\"article:published_time\" content=\"2026-03-11T12:42:19+00:00\" \/>\n<meta property=\"article:modified_time\" content=\"2026-03-11T12:42:21+00:00\" \/>\n<meta property=\"og:image\" content=\"https:\/\/www.siau.cat\/wp-content\/uploads\/2026\/03\/BOE-a.png\" \/>\n\t<meta property=\"og:image:width\" content=\"1552\" \/>\n\t<meta property=\"og:image:height\" content=\"1052\" \/>\n\t<meta property=\"og:image:type\" content=\"image\/png\" \/>\n<meta name=\"author\" content=\"admin\" \/>\n<meta name=\"twitter:card\" content=\"summary_large_image\" \/>\n<meta name=\"twitter:label1\" content=\"Escrit per\" \/>\n\t<meta name=\"twitter:data1\" content=\"admin\" \/>\n\t<meta name=\"twitter:label2\" content=\"Temps estimat de lectura\" \/>\n\t<meta name=\"twitter:data2\" content=\"3 minuts\" \/>\n<script type=\"application\/ld+json\" class=\"yoast-schema-graph\">{\"@context\":\"https:\/\/schema.org\",\"@graph\":[{\"@type\":\"Article\",\"@id\":\"https:\/\/www.siau.cat\/index.php\/2026\/03\/11\/nou-nyap-de-la-conselleria-deducacio-que-afecta-als-opositors\/#article\",\"isPartOf\":{\"@id\":\"https:\/\/www.siau.cat\/index.php\/2026\/03\/11\/nou-nyap-de-la-conselleria-deducacio-que-afecta-als-opositors\/\"},\"author\":{\"name\":\"admin\",\"@id\":\"https:\/\/www.siau.cat\/#\/schema\/person\/810c15694a7e538934bb4be53ebcba0d\"},\"headline\":\"Nou nyap de la Conselleria d\u2019Educaci\u00f3 que afecta als opositors\",\"datePublished\":\"2026-03-11T12:42:19+00:00\",\"dateModified\":\"2026-03-11T12:42:21+00:00\",\"mainEntityOfPage\":{\"@id\":\"https:\/\/www.siau.cat\/index.php\/2026\/03\/11\/nou-nyap-de-la-conselleria-deducacio-que-afecta-als-opositors\/\"},\"wordCount\":389,\"publisher\":{\"@id\":\"https:\/\/www.siau.cat\/#organization\"},\"image\":{\"@id\":\"https:\/\/www.siau.cat\/index.php\/2026\/03\/11\/nou-nyap-de-la-conselleria-deducacio-que-afecta-als-opositors\/#primaryimage\"},\"thumbnailUrl\":\"https:\/\/www.siau.cat\/wp-content\/uploads\/2026\/03\/BOE-a-1024x694.png\",\"articleSection\":[\"Uncategorized\"],\"inLanguage\":\"ca\"},{\"@type\":\"WebPage\",\"@id\":\"https:\/\/www.siau.cat\/index.php\/2026\/03\/11\/nou-nyap-de-la-conselleria-deducacio-que-afecta-als-opositors\/\",\"url\":\"https:\/\/www.siau.cat\/index.php\/2026\/03\/11\/nou-nyap-de-la-conselleria-deducacio-que-afecta-als-opositors\/\",\"name\":\"Nou nyap de la Conselleria d\u2019Educaci\u00f3 que afecta als opositors &#8212; SIAU - SINDICAT INDEPENDENT, AUT\u00d2NOM I UNITARI\",\"isPartOf\":{\"@id\":\"https:\/\/www.siau.cat\/#website\"},\"primaryImageOfPage\":{\"@id\":\"https:\/\/www.siau.cat\/index.php\/2026\/03\/11\/nou-nyap-de-la-conselleria-deducacio-que-afecta-als-opositors\/#primaryimage\"},\"image\":{\"@id\":\"https:\/\/www.siau.cat\/index.php\/2026\/03\/11\/nou-nyap-de-la-conselleria-deducacio-que-afecta-als-opositors\/#primaryimage\"},\"thumbnailUrl\":\"https:\/\/www.siau.cat\/wp-content\/uploads\/2026\/03\/BOE-a-1024x694.png\",\"datePublished\":\"2026-03-11T12:42:19+00:00\",\"dateModified\":\"2026-03-11T12:42:21+00:00\",\"breadcrumb\":{\"@id\":\"https:\/\/www.siau.cat\/index.php\/2026\/03\/11\/nou-nyap-de-la-conselleria-deducacio-que-afecta-als-opositors\/#breadcrumb\"},\"inLanguage\":\"ca\",\"potentialAction\":[{\"@type\":\"ReadAction\",\"target\":[\"https:\/\/www.siau.cat\/index.php\/2026\/03\/11\/nou-nyap-de-la-conselleria-deducacio-que-afecta-als-opositors\/\"]}]},{\"@type\":\"ImageObject\",\"inLanguage\":\"ca\",\"@id\":\"https:\/\/www.siau.cat\/index.php\/2026\/03\/11\/nou-nyap-de-la-conselleria-deducacio-que-afecta-als-opositors\/#primaryimage\",\"url\":\"https:\/\/www.siau.cat\/wp-content\/uploads\/2026\/03\/BOE-a.png\",\"contentUrl\":\"https:\/\/www.siau.cat\/wp-content\/uploads\/2026\/03\/BOE-a.png\",\"width\":1552,\"height\":1052},{\"@type\":\"BreadcrumbList\",\"@id\":\"https:\/\/www.siau.cat\/index.php\/2026\/03\/11\/nou-nyap-de-la-conselleria-deducacio-que-afecta-als-opositors\/#breadcrumb\",\"itemListElement\":[{\"@type\":\"ListItem\",\"position\":1,\"name\":\"Inici\",\"item\":\"https:\/\/www.siau.cat\/\"},{\"@type\":\"ListItem\",\"position\":2,\"name\":\"Nou nyap de la Conselleria d\u2019Educaci\u00f3 que afecta als opositors\"}]},{\"@type\":\"WebSite\",\"@id\":\"https:\/\/www.siau.cat\/#website\",\"url\":\"https:\/\/www.siau.cat\/\",\"name\":\"SIAU - SINDICAT INDEPENDENT, AUT\u00d2NOM I UNITARI\",\"description\":\"Ara s&iacute; que tenim la veu\",\"publisher\":{\"@id\":\"https:\/\/www.siau.cat\/#organization\"},\"potentialAction\":[{\"@type\":\"SearchAction\",\"target\":{\"@type\":\"EntryPoint\",\"urlTemplate\":\"https:\/\/www.siau.cat\/?s={search_term_string}\"},\"query-input\":{\"@type\":\"PropertyValueSpecification\",\"valueRequired\":true,\"valueName\":\"search_term_string\"}}],\"inLanguage\":\"ca\"},{\"@type\":\"Organization\",\"@id\":\"https:\/\/www.siau.cat\/#organization\",\"name\":\"SIAU\",\"url\":\"https:\/\/www.siau.cat\/\",\"logo\":{\"@type\":\"ImageObject\",\"inLanguage\":\"ca\",\"@id\":\"https:\/\/www.siau.cat\/#\/schema\/logo\/image\/\",\"url\":\"https:\/\/www.siau.cat\/wp-content\/uploads\/2022\/03\/cropped-resized_LOGO-SIAU-5-e1652020847972.jpg\",\"contentUrl\":\"https:\/\/www.siau.cat\/wp-content\/uploads\/2022\/03\/cropped-resized_LOGO-SIAU-5-e1652020847972.jpg\",\"width\":1600,\"height\":1200,\"caption\":\"SIAU\"},\"image\":{\"@id\":\"https:\/\/www.siau.cat\/#\/schema\/logo\/image\/\"}},{\"@type\":\"Person\",\"@id\":\"https:\/\/www.siau.cat\/#\/schema\/person\/810c15694a7e538934bb4be53ebcba0d\",\"name\":\"admin\",\"image\":{\"@type\":\"ImageObject\",\"inLanguage\":\"ca\",\"@id\":\"https:\/\/www.siau.cat\/#\/schema\/person\/image\/\",\"url\":\"https:\/\/www.siau.cat\/wp-content\/litespeed\/avatar\/d73ebfac3daa0b52552b2ccea63469da.jpg?ver=1777403609\",\"contentUrl\":\"https:\/\/www.siau.cat\/wp-content\/litespeed\/avatar\/d73ebfac3daa0b52552b2ccea63469da.jpg?ver=1777403609\",\"caption\":\"admin\"},\"sameAs\":[\"https:\/\/www.siau.cat\"],\"url\":\"https:\/\/www.siau.cat\/index.php\/author\/admin\/\"}]}<\/script>\n<!-- \/ Yoast SEO plugin. -->","yoast_head_json":{"title":"Nou nyap de la Conselleria d\u2019Educaci\u00f3 que afecta als opositors &#8212; SIAU - SINDICAT INDEPENDENT, AUT\u00d2NOM I UNITARI","robots":{"index":"index","follow":"follow","max-snippet":"max-snippet:-1","max-image-preview":"max-image-preview:large","max-video-preview":"max-video-preview:-1"},"canonical":"https:\/\/www.siau.cat\/index.php\/2026\/03\/11\/nou-nyap-de-la-conselleria-deducacio-que-afecta-als-opositors\/","og_locale":"ca_ES","og_type":"article","og_title":"Nou nyap de la Conselleria d\u2019Educaci\u00f3 que afecta als opositors &#8212; SIAU - SINDICAT INDEPENDENT, AUT\u00d2NOM I UNITARI","og_description":"La Conselleria d\u2019Educaci\u00f3 ha tornat a protagonitzar un episodi d\u2019improvisaci\u00f3 i desordre administratiu en la convocat\u00f2ria de les oposicions docents d\u2019enguany. Tal com s\u2019ha pogut comprovar, les dates de presentaci\u00f3 de sol\u00b7licituds publicades al BOE i al BOIB no coincideixen. Aquesta discrep\u00e0ncia, absolutament inadmissible en un procediment selectiu d\u2019aquesta import\u00e0ncia, ha generat una situaci\u00f3 d\u2019inseguretat &hellip; Continua llegint \u00abNou nyap de la Conselleria d\u2019Educaci\u00f3 que afecta als opositors\u00bb","og_url":"https:\/\/www.siau.cat\/index.php\/2026\/03\/11\/nou-nyap-de-la-conselleria-deducacio-que-afecta-als-opositors\/","og_site_name":"SIAU - SINDICAT INDEPENDENT, AUT\u00d2NOM I UNITARI","article_published_time":"2026-03-11T12:42:19+00:00","article_modified_time":"2026-03-11T12:42:21+00:00","og_image":[{"width":1552,"height":1052,"url":"https:\/\/www.siau.cat\/wp-content\/uploads\/2026\/03\/BOE-a.png","type":"image\/png"}],"author":"admin","twitter_card":"summary_large_image","twitter_misc":{"Escrit per":"admin","Temps estimat de lectura":"3 minuts"},"schema":{"@context":"https:\/\/schema.org","@graph":[{"@type":"Article","@id":"https:\/\/www.siau.cat\/index.php\/2026\/03\/11\/nou-nyap-de-la-conselleria-deducacio-que-afecta-als-opositors\/#article","isPartOf":{"@id":"https:\/\/www.siau.cat\/index.php\/2026\/03\/11\/nou-nyap-de-la-conselleria-deducacio-que-afecta-als-opositors\/"},"author":{"name":"admin","@id":"https:\/\/www.siau.cat\/#\/schema\/person\/810c15694a7e538934bb4be53ebcba0d"},"headline":"Nou nyap de la Conselleria d\u2019Educaci\u00f3 que afecta als opositors","datePublished":"2026-03-11T12:42:19+00:00","dateModified":"2026-03-11T12:42:21+00:00","mainEntityOfPage":{"@id":"https:\/\/www.siau.cat\/index.php\/2026\/03\/11\/nou-nyap-de-la-conselleria-deducacio-que-afecta-als-opositors\/"},"wordCount":389,"publisher":{"@id":"https:\/\/www.siau.cat\/#organization"},"image":{"@id":"https:\/\/www.siau.cat\/index.php\/2026\/03\/11\/nou-nyap-de-la-conselleria-deducacio-que-afecta-als-opositors\/#primaryimage"},"thumbnailUrl":"https:\/\/www.siau.cat\/wp-content\/uploads\/2026\/03\/BOE-a-1024x694.png","articleSection":["Uncategorized"],"inLanguage":"ca"},{"@type":"WebPage","@id":"https:\/\/www.siau.cat\/index.php\/2026\/03\/11\/nou-nyap-de-la-conselleria-deducacio-que-afecta-als-opositors\/","url":"https:\/\/www.siau.cat\/index.php\/2026\/03\/11\/nou-nyap-de-la-conselleria-deducacio-que-afecta-als-opositors\/","name":"Nou nyap de la Conselleria d\u2019Educaci\u00f3 que afecta als opositors &#8212; SIAU - SINDICAT INDEPENDENT, AUT\u00d2NOM I UNITARI","isPartOf":{"@id":"https:\/\/www.siau.cat\/#website"},"primaryImageOfPage":{"@id":"https:\/\/www.siau.cat\/index.php\/2026\/03\/11\/nou-nyap-de-la-conselleria-deducacio-que-afecta-als-opositors\/#primaryimage"},"image":{"@id":"https:\/\/www.siau.cat\/index.php\/2026\/03\/11\/nou-nyap-de-la-conselleria-deducacio-que-afecta-als-opositors\/#primaryimage"},"thumbnailUrl":"https:\/\/www.siau.cat\/wp-content\/uploads\/2026\/03\/BOE-a-1024x694.png","datePublished":"2026-03-11T12:42:19+00:00","dateModified":"2026-03-11T12:42:21+00:00","breadcrumb":{"@id":"https:\/\/www.siau.cat\/index.php\/2026\/03\/11\/nou-nyap-de-la-conselleria-deducacio-que-afecta-als-opositors\/#breadcrumb"},"inLanguage":"ca","potentialAction":[{"@type":"ReadAction","target":["https:\/\/www.siau.cat\/index.php\/2026\/03\/11\/nou-nyap-de-la-conselleria-deducacio-que-afecta-als-opositors\/"]}]},{"@type":"ImageObject","inLanguage":"ca","@id":"https:\/\/www.siau.cat\/index.php\/2026\/03\/11\/nou-nyap-de-la-conselleria-deducacio-que-afecta-als-opositors\/#primaryimage","url":"https:\/\/www.siau.cat\/wp-content\/uploads\/2026\/03\/BOE-a.png","contentUrl":"https:\/\/www.siau.cat\/wp-content\/uploads\/2026\/03\/BOE-a.png","width":1552,"height":1052},{"@type":"BreadcrumbList","@id":"https:\/\/www.siau.cat\/index.php\/2026\/03\/11\/nou-nyap-de-la-conselleria-deducacio-que-afecta-als-opositors\/#breadcrumb","itemListElement":[{"@type":"ListItem","position":1,"name":"Inici","item":"https:\/\/www.siau.cat\/"},{"@type":"ListItem","position":2,"name":"Nou nyap de la Conselleria d\u2019Educaci\u00f3 que afecta als opositors"}]},{"@type":"WebSite","@id":"https:\/\/www.siau.cat\/#website","url":"https:\/\/www.siau.cat\/","name":"SIAU - SINDICAT INDEPENDENT, AUT\u00d2NOM I UNITARI","description":"Ara s&iacute; que tenim la veu","publisher":{"@id":"https:\/\/www.siau.cat\/#organization"},"potentialAction":[{"@type":"SearchAction","target":{"@type":"EntryPoint","urlTemplate":"https:\/\/www.siau.cat\/?s={search_term_string}"},"query-input":{"@type":"PropertyValueSpecification","valueRequired":true,"valueName":"search_term_string"}}],"inLanguage":"ca"},{"@type":"Organization","@id":"https:\/\/www.siau.cat\/#organization","name":"SIAU","url":"https:\/\/www.siau.cat\/","logo":{"@type":"ImageObject","inLanguage":"ca","@id":"https:\/\/www.siau.cat\/#\/schema\/logo\/image\/","url":"https:\/\/www.siau.cat\/wp-content\/uploads\/2022\/03\/cropped-resized_LOGO-SIAU-5-e1652020847972.jpg","contentUrl":"https:\/\/www.siau.cat\/wp-content\/uploads\/2022\/03\/cropped-resized_LOGO-SIAU-5-e1652020847972.jpg","width":1600,"height":1200,"caption":"SIAU"},"image":{"@id":"https:\/\/www.siau.cat\/#\/schema\/logo\/image\/"}},{"@type":"Person","@id":"https:\/\/www.siau.cat\/#\/schema\/person\/810c15694a7e538934bb4be53ebcba0d","name":"admin","image":{"@type":"ImageObject","inLanguage":"ca","@id":"https:\/\/www.siau.cat\/#\/schema\/person\/image\/","url":"https:\/\/www.siau.cat\/wp-content\/litespeed\/avatar\/d73ebfac3daa0b52552b2ccea63469da.jpg?ver=1777403609","contentUrl":"https:\/\/www.siau.cat\/wp-content\/litespeed\/avatar\/d73ebfac3daa0b52552b2ccea63469da.jpg?ver=1777403609","caption":"admin"},"sameAs":["https:\/\/www.siau.cat"],"url":"https:\/\/www.siau.cat\/index.php\/author\/admin\/"}]}},"jetpack_featured_media_url":"","jetpack_sharing_enabled":true,"_links":{"self":[{"href":"https:\/\/www.siau.cat\/index.php\/wp-json\/wp\/v2\/posts\/2241","targetHints":{"allow":["GET"]}}],"collection":[{"href":"https:\/\/www.siau.cat\/index.php\/wp-json\/wp\/v2\/posts"}],"about":[{"href":"https:\/\/www.siau.cat\/index.php\/wp-json\/wp\/v2\/types\/post"}],"author":[{"embeddable":true,"href":"https:\/\/www.siau.cat\/index.php\/wp-json\/wp\/v2\/users\/1"}],"replies":[{"embeddable":true,"href":"https:\/\/www.siau.cat\/index.php\/wp-json\/wp\/v2\/comments?post=2241"}],"version-history":[{"count":1,"href":"https:\/\/www.siau.cat\/index.php\/wp-json\/wp\/v2\/posts\/2241\/revisions"}],"predecessor-version":[{"id":2245,"href":"https:\/\/www.siau.cat\/index.php\/wp-json\/wp\/v2\/posts\/2241\/revisions\/2245"}],"wp:attachment":[{"href":"https:\/\/www.siau.cat\/index.php\/wp-json\/wp\/v2\/media?parent=2241"}],"wp:term":[{"taxonomy":"category","embeddable":true,"href":"https:\/\/www.siau.cat\/index.php\/wp-json\/wp\/v2\/categories?post=2241"},{"taxonomy":"post_tag","embeddable":true,"href":"https:\/\/www.siau.cat\/index.php\/wp-json\/wp\/v2\/tags?post=2241"}],"curies":[{"name":"wp","href":"https:\/\/api.w.org\/{rel}","templated":true}]}}