{"id":2246,"date":"2026-03-13T09:01:15","date_gmt":"2026-03-13T09:01:15","guid":{"rendered":"https:\/\/www.siau.cat\/?p=2246"},"modified":"2026-03-13T09:01:16","modified_gmt":"2026-03-13T09:01:16","slug":"la-conselleria-rectifica-a-misses-dites-i-publica-al-boe-les-dates-correctes-de-les-oposicions-despres-de-ladvertiment-de-siau","status":"publish","type":"post","link":"https:\/\/www.siau.cat\/index.php\/2026\/03\/13\/la-conselleria-rectifica-a-misses-dites-i-publica-al-boe-les-dates-correctes-de-les-oposicions-despres-de-ladvertiment-de-siau\/","title":{"rendered":"La Conselleria rectifica a misses dites i publica al BOE les dates correctes de les oposicions despr\u00e9s de l\u2019advertiment de SIAU"},"content":{"rendered":"\n<figure class=\"wp-block-image size-large\"><img loading=\"lazy\" decoding=\"async\" width=\"959\" height=\"1024\" src=\"https:\/\/www.siau.cat\/wp-content\/uploads\/2026\/03\/Rectificacio-BOE-959x1024.png\" alt=\"\" class=\"wp-image-2247\" srcset=\"https:\/\/www.siau.cat\/wp-content\/uploads\/2026\/03\/Rectificacio-BOE-959x1024.png 959w, https:\/\/www.siau.cat\/wp-content\/uploads\/2026\/03\/Rectificacio-BOE-281x300.png 281w, https:\/\/www.siau.cat\/wp-content\/uploads\/2026\/03\/Rectificacio-BOE-768x820.png 768w, https:\/\/www.siau.cat\/wp-content\/uploads\/2026\/03\/Rectificacio-BOE-22x24.png 22w, https:\/\/www.siau.cat\/wp-content\/uploads\/2026\/03\/Rectificacio-BOE-34x36.png 34w, https:\/\/www.siau.cat\/wp-content\/uploads\/2026\/03\/Rectificacio-BOE-45x48.png 45w, https:\/\/www.siau.cat\/wp-content\/uploads\/2026\/03\/Rectificacio-BOE-350x374.png 350w, https:\/\/www.siau.cat\/wp-content\/uploads\/2026\/03\/Rectificacio-BOE.png 1036w\" sizes=\"auto, (max-width: 767px) 89vw, (max-width: 1000px) 54vw, (max-width: 1071px) 543px, 580px\" \/><figcaption class=\"wp-element-caption\">Rectificaci\u00f3 publicada avui al BOE entorn de les dates d&#8217;inscripci\u00f3 a les oposicions docents<\/figcaption><\/figure>\n\n\n\n<p>El Sindicat Independent, Aut\u00f2nom i Unitari (SIAU) informa que la Conselleria d\u2019Educaci\u00f3 ha rectificat finalment l\u2019error que havia generat una greu inseguretat jur\u00eddica entre els aspirants a les oposicions docents d\u2019enguany.<\/p>\n\n\n\n<p>Tal com ja v\u00e0rem denunciar p\u00fablicament fa dos dies, les dates de presentaci\u00f3 de sol\u00b7licituds publicades al BOIB i al BOE no coincidien, una situaci\u00f3 absolutament inadmissible que evidenciava, una vegada m\u00e9s, la improvisaci\u00f3 i el desordre administratiu amb qu\u00e8 s\u2019est\u00e0 gestionant aquest proc\u00e9s selectiu.<\/p>\n\n\n\n<p>Despr\u00e9s de l\u2019advertiment i la prim\u00edcia de SIAU alertant d\u2019aquesta irregularitat, l\u2019Administraci\u00f3 ha publicat avui al BOE la rectificaci\u00f3 corresponent per tal d\u2019adaptar les dates a les que ja figuraven al BOIB.<\/p>\n\n\n\n<p>Des del nostre sindicat consideram positiu que s\u2019hagi corregit aquest error, per\u00f2 no podem deixar de denunciar que, com ja \u00e9s habitual, la Conselleria torna a arribar tard i malament. La rectificaci\u00f3 s\u2019ha fet a misses dites, despr\u00e9s d\u2019haver generat confusi\u00f3 i incertesa entre centenars d\u2019opositors que durant dies no han sabut amb seguretat quin era el termini real per presentar la seva sol\u00b7licitud.<\/p>\n\n\n\n<p>Aquest nou episodi torna a posar de manifest una manera de gestionar els processos administratius marcada per la improvisaci\u00f3, la manca de planificaci\u00f3 i la neglig\u00e8ncia, que acaba afectant directament els drets i les expectatives dels aspirants.<\/p>\n\n\n\n<p>Davant aquesta situaci\u00f3, des de SIAU anunciam que lluitarem perqu\u00e8 cap opositor resulti perjudicat per aquest nou nyap administratiu. En aquest sentit, exigim que totes les persones que hagin intentat inscriure\u2019s al proc\u00e9s selectiu fins al dia d\u2019ahir, 12 de mar\u00e7, puguin participar en les oposicions docents d\u2019enguany, sense cap mena d\u2019impediment ni exclusi\u00f3 derivada d\u2019aquest error imputable exclusivament a l\u2019Administraci\u00f3.<\/p>\n\n\n\n<p>Aix\u00ed mateix, el sindicat posar\u00e0 els seus serveis jur\u00eddics a disposici\u00f3 de totes les persones afectades i no dubtar\u00e0 a impugnar les resolucions o decisions administratives que puguin vulnerar els drets dels aspirants, si es produ\u00eds qualsevol obstacle que imped\u00eds la seva participaci\u00f3 en el proc\u00e9s selectiu.<\/p>\n\n\n\n<p>Des de SIAU reiteram que l\u2019Administraci\u00f3 educativa t\u00e9 l\u2019obligaci\u00f3 de garantir processos selectius clars, segurs i jur\u00eddicament impecables. Els opositors no poden ser v\u00edctimes de la desorganitzaci\u00f3 ni de la manca de rigor constant de la Direcci\u00f3 General de Personal Docent. El professorat mereix respecte, seguretat jur\u00eddica i una Administraci\u00f3 que estigui a l\u2019altura de les seves responsabilitats.<\/p>\n","protected":false},"excerpt":{"rendered":"<p>El Sindicat Independent, Aut\u00f2nom i Unitari (SIAU) informa que la Conselleria d\u2019Educaci\u00f3 ha rectificat finalment l\u2019error que havia generat una greu inseguretat jur\u00eddica entre els aspirants a les oposicions docents d\u2019enguany. Tal com ja v\u00e0rem denunciar p\u00fablicament fa dos dies, les dates de presentaci\u00f3 de sol\u00b7licituds publicades al BOIB i al BOE no coincidien, una &hellip; <\/p>\n<p class=\"link-more\"><a href=\"https:\/\/www.siau.cat\/index.php\/2026\/03\/13\/la-conselleria-rectifica-a-misses-dites-i-publica-al-boe-les-dates-correctes-de-les-oposicions-despres-de-ladvertiment-de-siau\/\" class=\"more-link\">Continua llegint <span class=\"screen-reader-text\">\u00abLa Conselleria rectifica a misses dites i publica al BOE les dates correctes de les oposicions despr\u00e9s de l\u2019advertiment de SIAU\u00bb<\/span><\/a><\/p>\n","protected":false},"author":1,"featured_media":0,"comment_status":"closed","ping_status":"open","sticky":false,"template":"","format":"standard","meta":{"_jetpack_memberships_contains_paid_content":false,"footnotes":""},"categories":[1],"tags":[],"class_list":["post-2246","post","type-post","status-publish","format-standard","hentry","category-uncategorized"],"yoast_head":"<!-- This site is optimized with the Yoast SEO plugin v25.4 - https:\/\/yoast.com\/wordpress\/plugins\/seo\/ -->\n<title>La Conselleria rectifica a misses dites i publica al BOE les dates correctes de les oposicions despr\u00e9s de l\u2019advertiment de SIAU &#8212; SIAU - SINDICAT INDEPENDENT, AUT\u00d2NOM I UNITARI<\/title>\n<meta name=\"robots\" content=\"index, follow, max-snippet:-1, max-image-preview:large, max-video-preview:-1\" \/>\n<link rel=\"canonical\" href=\"https:\/\/www.siau.cat\/index.php\/2026\/03\/13\/la-conselleria-rectifica-a-misses-dites-i-publica-al-boe-les-dates-correctes-de-les-oposicions-despres-de-ladvertiment-de-siau\/\" \/>\n<meta property=\"og:locale\" content=\"ca_ES\" \/>\n<meta property=\"og:type\" content=\"article\" \/>\n<meta property=\"og:title\" content=\"La Conselleria rectifica a misses dites i publica al BOE les dates correctes de les oposicions despr\u00e9s de l\u2019advertiment de SIAU &#8212; SIAU - SINDICAT INDEPENDENT, AUT\u00d2NOM I UNITARI\" \/>\n<meta property=\"og:description\" content=\"El Sindicat Independent, Aut\u00f2nom i Unitari (SIAU) informa que la Conselleria d\u2019Educaci\u00f3 ha rectificat finalment l\u2019error que havia generat una greu inseguretat jur\u00eddica entre els aspirants a les oposicions docents d\u2019enguany. Tal com ja v\u00e0rem denunciar p\u00fablicament fa dos dies, les dates de presentaci\u00f3 de sol\u00b7licituds publicades al BOIB i al BOE no coincidien, una &hellip; Continua llegint \u00abLa Conselleria rectifica a misses dites i publica al BOE les dates correctes de les oposicions despr\u00e9s de l\u2019advertiment de SIAU\u00bb\" \/>\n<meta property=\"og:url\" content=\"https:\/\/www.siau.cat\/index.php\/2026\/03\/13\/la-conselleria-rectifica-a-misses-dites-i-publica-al-boe-les-dates-correctes-de-les-oposicions-despres-de-ladvertiment-de-siau\/\" \/>\n<meta property=\"og:site_name\" content=\"SIAU - SINDICAT INDEPENDENT, AUT\u00d2NOM I UNITARI\" \/>\n<meta property=\"article:published_time\" content=\"2026-03-13T09:01:15+00:00\" \/>\n<meta property=\"article:modified_time\" content=\"2026-03-13T09:01:16+00:00\" \/>\n<meta property=\"og:image\" content=\"https:\/\/www.siau.cat\/wp-content\/uploads\/2026\/03\/Rectificacio-BOE.png\" \/>\n\t<meta property=\"og:image:width\" content=\"1036\" \/>\n\t<meta property=\"og:image:height\" content=\"1106\" \/>\n\t<meta property=\"og:image:type\" content=\"image\/png\" \/>\n<meta name=\"author\" content=\"admin\" \/>\n<meta name=\"twitter:card\" content=\"summary_large_image\" \/>\n<meta name=\"twitter:label1\" content=\"Escrit per\" \/>\n\t<meta name=\"twitter:data1\" content=\"admin\" \/>\n\t<meta name=\"twitter:label2\" content=\"Temps estimat de lectura\" \/>\n\t<meta name=\"twitter:data2\" content=\"3 minuts\" \/>\n<script type=\"application\/ld+json\" class=\"yoast-schema-graph\">{\"@context\":\"https:\/\/schema.org\",\"@graph\":[{\"@type\":\"Article\",\"@id\":\"https:\/\/www.siau.cat\/index.php\/2026\/03\/13\/la-conselleria-rectifica-a-misses-dites-i-publica-al-boe-les-dates-correctes-de-les-oposicions-despres-de-ladvertiment-de-siau\/#article\",\"isPartOf\":{\"@id\":\"https:\/\/www.siau.cat\/index.php\/2026\/03\/13\/la-conselleria-rectifica-a-misses-dites-i-publica-al-boe-les-dates-correctes-de-les-oposicions-despres-de-ladvertiment-de-siau\/\"},\"author\":{\"name\":\"admin\",\"@id\":\"https:\/\/www.siau.cat\/#\/schema\/person\/810c15694a7e538934bb4be53ebcba0d\"},\"headline\":\"La Conselleria rectifica a misses dites i publica al BOE les dates correctes de les oposicions despr\u00e9s de l\u2019advertiment de SIAU\",\"datePublished\":\"2026-03-13T09:01:15+00:00\",\"dateModified\":\"2026-03-13T09:01:16+00:00\",\"mainEntityOfPage\":{\"@id\":\"https:\/\/www.siau.cat\/index.php\/2026\/03\/13\/la-conselleria-rectifica-a-misses-dites-i-publica-al-boe-les-dates-correctes-de-les-oposicions-despres-de-ladvertiment-de-siau\/\"},\"wordCount\":453,\"publisher\":{\"@id\":\"https:\/\/www.siau.cat\/#organization\"},\"image\":{\"@id\":\"https:\/\/www.siau.cat\/index.php\/2026\/03\/13\/la-conselleria-rectifica-a-misses-dites-i-publica-al-boe-les-dates-correctes-de-les-oposicions-despres-de-ladvertiment-de-siau\/#primaryimage\"},\"thumbnailUrl\":\"https:\/\/www.siau.cat\/wp-content\/uploads\/2026\/03\/Rectificacio-BOE-959x1024.png\",\"articleSection\":[\"Uncategorized\"],\"inLanguage\":\"ca\"},{\"@type\":\"WebPage\",\"@id\":\"https:\/\/www.siau.cat\/index.php\/2026\/03\/13\/la-conselleria-rectifica-a-misses-dites-i-publica-al-boe-les-dates-correctes-de-les-oposicions-despres-de-ladvertiment-de-siau\/\",\"url\":\"https:\/\/www.siau.cat\/index.php\/2026\/03\/13\/la-conselleria-rectifica-a-misses-dites-i-publica-al-boe-les-dates-correctes-de-les-oposicions-despres-de-ladvertiment-de-siau\/\",\"name\":\"La Conselleria rectifica a misses dites i publica al BOE les dates correctes de les oposicions despr\u00e9s de l\u2019advertiment de SIAU &#8212; SIAU - SINDICAT INDEPENDENT, AUT\u00d2NOM I UNITARI\",\"isPartOf\":{\"@id\":\"https:\/\/www.siau.cat\/#website\"},\"primaryImageOfPage\":{\"@id\":\"https:\/\/www.siau.cat\/index.php\/2026\/03\/13\/la-conselleria-rectifica-a-misses-dites-i-publica-al-boe-les-dates-correctes-de-les-oposicions-despres-de-ladvertiment-de-siau\/#primaryimage\"},\"image\":{\"@id\":\"https:\/\/www.siau.cat\/index.php\/2026\/03\/13\/la-conselleria-rectifica-a-misses-dites-i-publica-al-boe-les-dates-correctes-de-les-oposicions-despres-de-ladvertiment-de-siau\/#primaryimage\"},\"thumbnailUrl\":\"https:\/\/www.siau.cat\/wp-content\/uploads\/2026\/03\/Rectificacio-BOE-959x1024.png\",\"datePublished\":\"2026-03-13T09:01:15+00:00\",\"dateModified\":\"2026-03-13T09:01:16+00:00\",\"breadcrumb\":{\"@id\":\"https:\/\/www.siau.cat\/index.php\/2026\/03\/13\/la-conselleria-rectifica-a-misses-dites-i-publica-al-boe-les-dates-correctes-de-les-oposicions-despres-de-ladvertiment-de-siau\/#breadcrumb\"},\"inLanguage\":\"ca\",\"potentialAction\":[{\"@type\":\"ReadAction\",\"target\":[\"https:\/\/www.siau.cat\/index.php\/2026\/03\/13\/la-conselleria-rectifica-a-misses-dites-i-publica-al-boe-les-dates-correctes-de-les-oposicions-despres-de-ladvertiment-de-siau\/\"]}]},{\"@type\":\"ImageObject\",\"inLanguage\":\"ca\",\"@id\":\"https:\/\/www.siau.cat\/index.php\/2026\/03\/13\/la-conselleria-rectifica-a-misses-dites-i-publica-al-boe-les-dates-correctes-de-les-oposicions-despres-de-ladvertiment-de-siau\/#primaryimage\",\"url\":\"https:\/\/www.siau.cat\/wp-content\/uploads\/2026\/03\/Rectificacio-BOE.png\",\"contentUrl\":\"https:\/\/www.siau.cat\/wp-content\/uploads\/2026\/03\/Rectificacio-BOE.png\",\"width\":1036,\"height\":1106},{\"@type\":\"BreadcrumbList\",\"@id\":\"https:\/\/www.siau.cat\/index.php\/2026\/03\/13\/la-conselleria-rectifica-a-misses-dites-i-publica-al-boe-les-dates-correctes-de-les-oposicions-despres-de-ladvertiment-de-siau\/#breadcrumb\",\"itemListElement\":[{\"@type\":\"ListItem\",\"position\":1,\"name\":\"Inici\",\"item\":\"https:\/\/www.siau.cat\/\"},{\"@type\":\"ListItem\",\"position\":2,\"name\":\"La Conselleria rectifica a misses dites i publica al BOE les dates correctes de les oposicions despr\u00e9s de l\u2019advertiment de SIAU\"}]},{\"@type\":\"WebSite\",\"@id\":\"https:\/\/www.siau.cat\/#website\",\"url\":\"https:\/\/www.siau.cat\/\",\"name\":\"SIAU - SINDICAT INDEPENDENT, AUT\u00d2NOM I UNITARI\",\"description\":\"Ara s&iacute; que tenim la veu\",\"publisher\":{\"@id\":\"https:\/\/www.siau.cat\/#organization\"},\"potentialAction\":[{\"@type\":\"SearchAction\",\"target\":{\"@type\":\"EntryPoint\",\"urlTemplate\":\"https:\/\/www.siau.cat\/?s={search_term_string}\"},\"query-input\":{\"@type\":\"PropertyValueSpecification\",\"valueRequired\":true,\"valueName\":\"search_term_string\"}}],\"inLanguage\":\"ca\"},{\"@type\":\"Organization\",\"@id\":\"https:\/\/www.siau.cat\/#organization\",\"name\":\"SIAU\",\"url\":\"https:\/\/www.siau.cat\/\",\"logo\":{\"@type\":\"ImageObject\",\"inLanguage\":\"ca\",\"@id\":\"https:\/\/www.siau.cat\/#\/schema\/logo\/image\/\",\"url\":\"https:\/\/www.siau.cat\/wp-content\/uploads\/2022\/03\/cropped-resized_LOGO-SIAU-5-e1652020847972.jpg\",\"contentUrl\":\"https:\/\/www.siau.cat\/wp-content\/uploads\/2022\/03\/cropped-resized_LOGO-SIAU-5-e1652020847972.jpg\",\"width\":1600,\"height\":1200,\"caption\":\"SIAU\"},\"image\":{\"@id\":\"https:\/\/www.siau.cat\/#\/schema\/logo\/image\/\"}},{\"@type\":\"Person\",\"@id\":\"https:\/\/www.siau.cat\/#\/schema\/person\/810c15694a7e538934bb4be53ebcba0d\",\"name\":\"admin\",\"image\":{\"@type\":\"ImageObject\",\"inLanguage\":\"ca\",\"@id\":\"https:\/\/www.siau.cat\/#\/schema\/person\/image\/\",\"url\":\"https:\/\/www.siau.cat\/wp-content\/litespeed\/avatar\/d73ebfac3daa0b52552b2ccea63469da.jpg?ver=1777403609\",\"contentUrl\":\"https:\/\/www.siau.cat\/wp-content\/litespeed\/avatar\/d73ebfac3daa0b52552b2ccea63469da.jpg?ver=1777403609\",\"caption\":\"admin\"},\"sameAs\":[\"https:\/\/www.siau.cat\"],\"url\":\"https:\/\/www.siau.cat\/index.php\/author\/admin\/\"}]}<\/script>\n<!-- \/ Yoast SEO plugin. -->","yoast_head_json":{"title":"La Conselleria rectifica a misses dites i publica al BOE les dates correctes de les oposicions despr\u00e9s de l\u2019advertiment de SIAU &#8212; SIAU - SINDICAT INDEPENDENT, AUT\u00d2NOM I UNITARI","robots":{"index":"index","follow":"follow","max-snippet":"max-snippet:-1","max-image-preview":"max-image-preview:large","max-video-preview":"max-video-preview:-1"},"canonical":"https:\/\/www.siau.cat\/index.php\/2026\/03\/13\/la-conselleria-rectifica-a-misses-dites-i-publica-al-boe-les-dates-correctes-de-les-oposicions-despres-de-ladvertiment-de-siau\/","og_locale":"ca_ES","og_type":"article","og_title":"La Conselleria rectifica a misses dites i publica al BOE les dates correctes de les oposicions despr\u00e9s de l\u2019advertiment de SIAU &#8212; SIAU - SINDICAT INDEPENDENT, AUT\u00d2NOM I UNITARI","og_description":"El Sindicat Independent, Aut\u00f2nom i Unitari (SIAU) informa que la Conselleria d\u2019Educaci\u00f3 ha rectificat finalment l\u2019error que havia generat una greu inseguretat jur\u00eddica entre els aspirants a les oposicions docents d\u2019enguany. Tal com ja v\u00e0rem denunciar p\u00fablicament fa dos dies, les dates de presentaci\u00f3 de sol\u00b7licituds publicades al BOIB i al BOE no coincidien, una &hellip; Continua llegint \u00abLa Conselleria rectifica a misses dites i publica al BOE les dates correctes de les oposicions despr\u00e9s de l\u2019advertiment de SIAU\u00bb","og_url":"https:\/\/www.siau.cat\/index.php\/2026\/03\/13\/la-conselleria-rectifica-a-misses-dites-i-publica-al-boe-les-dates-correctes-de-les-oposicions-despres-de-ladvertiment-de-siau\/","og_site_name":"SIAU - SINDICAT INDEPENDENT, AUT\u00d2NOM I UNITARI","article_published_time":"2026-03-13T09:01:15+00:00","article_modified_time":"2026-03-13T09:01:16+00:00","og_image":[{"width":1036,"height":1106,"url":"https:\/\/www.siau.cat\/wp-content\/uploads\/2026\/03\/Rectificacio-BOE.png","type":"image\/png"}],"author":"admin","twitter_card":"summary_large_image","twitter_misc":{"Escrit per":"admin","Temps estimat de lectura":"3 minuts"},"schema":{"@context":"https:\/\/schema.org","@graph":[{"@type":"Article","@id":"https:\/\/www.siau.cat\/index.php\/2026\/03\/13\/la-conselleria-rectifica-a-misses-dites-i-publica-al-boe-les-dates-correctes-de-les-oposicions-despres-de-ladvertiment-de-siau\/#article","isPartOf":{"@id":"https:\/\/www.siau.cat\/index.php\/2026\/03\/13\/la-conselleria-rectifica-a-misses-dites-i-publica-al-boe-les-dates-correctes-de-les-oposicions-despres-de-ladvertiment-de-siau\/"},"author":{"name":"admin","@id":"https:\/\/www.siau.cat\/#\/schema\/person\/810c15694a7e538934bb4be53ebcba0d"},"headline":"La Conselleria rectifica a misses dites i publica al BOE les dates correctes de les oposicions despr\u00e9s de l\u2019advertiment de SIAU","datePublished":"2026-03-13T09:01:15+00:00","dateModified":"2026-03-13T09:01:16+00:00","mainEntityOfPage":{"@id":"https:\/\/www.siau.cat\/index.php\/2026\/03\/13\/la-conselleria-rectifica-a-misses-dites-i-publica-al-boe-les-dates-correctes-de-les-oposicions-despres-de-ladvertiment-de-siau\/"},"wordCount":453,"publisher":{"@id":"https:\/\/www.siau.cat\/#organization"},"image":{"@id":"https:\/\/www.siau.cat\/index.php\/2026\/03\/13\/la-conselleria-rectifica-a-misses-dites-i-publica-al-boe-les-dates-correctes-de-les-oposicions-despres-de-ladvertiment-de-siau\/#primaryimage"},"thumbnailUrl":"https:\/\/www.siau.cat\/wp-content\/uploads\/2026\/03\/Rectificacio-BOE-959x1024.png","articleSection":["Uncategorized"],"inLanguage":"ca"},{"@type":"WebPage","@id":"https:\/\/www.siau.cat\/index.php\/2026\/03\/13\/la-conselleria-rectifica-a-misses-dites-i-publica-al-boe-les-dates-correctes-de-les-oposicions-despres-de-ladvertiment-de-siau\/","url":"https:\/\/www.siau.cat\/index.php\/2026\/03\/13\/la-conselleria-rectifica-a-misses-dites-i-publica-al-boe-les-dates-correctes-de-les-oposicions-despres-de-ladvertiment-de-siau\/","name":"La Conselleria rectifica a misses dites i publica al BOE les dates correctes de les oposicions despr\u00e9s de l\u2019advertiment de SIAU &#8212; SIAU - SINDICAT INDEPENDENT, AUT\u00d2NOM I UNITARI","isPartOf":{"@id":"https:\/\/www.siau.cat\/#website"},"primaryImageOfPage":{"@id":"https:\/\/www.siau.cat\/index.php\/2026\/03\/13\/la-conselleria-rectifica-a-misses-dites-i-publica-al-boe-les-dates-correctes-de-les-oposicions-despres-de-ladvertiment-de-siau\/#primaryimage"},"image":{"@id":"https:\/\/www.siau.cat\/index.php\/2026\/03\/13\/la-conselleria-rectifica-a-misses-dites-i-publica-al-boe-les-dates-correctes-de-les-oposicions-despres-de-ladvertiment-de-siau\/#primaryimage"},"thumbnailUrl":"https:\/\/www.siau.cat\/wp-content\/uploads\/2026\/03\/Rectificacio-BOE-959x1024.png","datePublished":"2026-03-13T09:01:15+00:00","dateModified":"2026-03-13T09:01:16+00:00","breadcrumb":{"@id":"https:\/\/www.siau.cat\/index.php\/2026\/03\/13\/la-conselleria-rectifica-a-misses-dites-i-publica-al-boe-les-dates-correctes-de-les-oposicions-despres-de-ladvertiment-de-siau\/#breadcrumb"},"inLanguage":"ca","potentialAction":[{"@type":"ReadAction","target":["https:\/\/www.siau.cat\/index.php\/2026\/03\/13\/la-conselleria-rectifica-a-misses-dites-i-publica-al-boe-les-dates-correctes-de-les-oposicions-despres-de-ladvertiment-de-siau\/"]}]},{"@type":"ImageObject","inLanguage":"ca","@id":"https:\/\/www.siau.cat\/index.php\/2026\/03\/13\/la-conselleria-rectifica-a-misses-dites-i-publica-al-boe-les-dates-correctes-de-les-oposicions-despres-de-ladvertiment-de-siau\/#primaryimage","url":"https:\/\/www.siau.cat\/wp-content\/uploads\/2026\/03\/Rectificacio-BOE.png","contentUrl":"https:\/\/www.siau.cat\/wp-content\/uploads\/2026\/03\/Rectificacio-BOE.png","width":1036,"height":1106},{"@type":"BreadcrumbList","@id":"https:\/\/www.siau.cat\/index.php\/2026\/03\/13\/la-conselleria-rectifica-a-misses-dites-i-publica-al-boe-les-dates-correctes-de-les-oposicions-despres-de-ladvertiment-de-siau\/#breadcrumb","itemListElement":[{"@type":"ListItem","position":1,"name":"Inici","item":"https:\/\/www.siau.cat\/"},{"@type":"ListItem","position":2,"name":"La Conselleria rectifica a misses dites i publica al BOE les dates correctes de les oposicions despr\u00e9s de l\u2019advertiment de SIAU"}]},{"@type":"WebSite","@id":"https:\/\/www.siau.cat\/#website","url":"https:\/\/www.siau.cat\/","name":"SIAU - SINDICAT INDEPENDENT, AUT\u00d2NOM I UNITARI","description":"Ara s&iacute; que tenim la veu","publisher":{"@id":"https:\/\/www.siau.cat\/#organization"},"potentialAction":[{"@type":"SearchAction","target":{"@type":"EntryPoint","urlTemplate":"https:\/\/www.siau.cat\/?s={search_term_string}"},"query-input":{"@type":"PropertyValueSpecification","valueRequired":true,"valueName":"search_term_string"}}],"inLanguage":"ca"},{"@type":"Organization","@id":"https:\/\/www.siau.cat\/#organization","name":"SIAU","url":"https:\/\/www.siau.cat\/","logo":{"@type":"ImageObject","inLanguage":"ca","@id":"https:\/\/www.siau.cat\/#\/schema\/logo\/image\/","url":"https:\/\/www.siau.cat\/wp-content\/uploads\/2022\/03\/cropped-resized_LOGO-SIAU-5-e1652020847972.jpg","contentUrl":"https:\/\/www.siau.cat\/wp-content\/uploads\/2022\/03\/cropped-resized_LOGO-SIAU-5-e1652020847972.jpg","width":1600,"height":1200,"caption":"SIAU"},"image":{"@id":"https:\/\/www.siau.cat\/#\/schema\/logo\/image\/"}},{"@type":"Person","@id":"https:\/\/www.siau.cat\/#\/schema\/person\/810c15694a7e538934bb4be53ebcba0d","name":"admin","image":{"@type":"ImageObject","inLanguage":"ca","@id":"https:\/\/www.siau.cat\/#\/schema\/person\/image\/","url":"https:\/\/www.siau.cat\/wp-content\/litespeed\/avatar\/d73ebfac3daa0b52552b2ccea63469da.jpg?ver=1777403609","contentUrl":"https:\/\/www.siau.cat\/wp-content\/litespeed\/avatar\/d73ebfac3daa0b52552b2ccea63469da.jpg?ver=1777403609","caption":"admin"},"sameAs":["https:\/\/www.siau.cat"],"url":"https:\/\/www.siau.cat\/index.php\/author\/admin\/"}]}},"jetpack_featured_media_url":"","jetpack_sharing_enabled":true,"_links":{"self":[{"href":"https:\/\/www.siau.cat\/index.php\/wp-json\/wp\/v2\/posts\/2246","targetHints":{"allow":["GET"]}}],"collection":[{"href":"https:\/\/www.siau.cat\/index.php\/wp-json\/wp\/v2\/posts"}],"about":[{"href":"https:\/\/www.siau.cat\/index.php\/wp-json\/wp\/v2\/types\/post"}],"author":[{"embeddable":true,"href":"https:\/\/www.siau.cat\/index.php\/wp-json\/wp\/v2\/users\/1"}],"replies":[{"embeddable":true,"href":"https:\/\/www.siau.cat\/index.php\/wp-json\/wp\/v2\/comments?post=2246"}],"version-history":[{"count":1,"href":"https:\/\/www.siau.cat\/index.php\/wp-json\/wp\/v2\/posts\/2246\/revisions"}],"predecessor-version":[{"id":2248,"href":"https:\/\/www.siau.cat\/index.php\/wp-json\/wp\/v2\/posts\/2246\/revisions\/2248"}],"wp:attachment":[{"href":"https:\/\/www.siau.cat\/index.php\/wp-json\/wp\/v2\/media?parent=2246"}],"wp:term":[{"taxonomy":"category","embeddable":true,"href":"https:\/\/www.siau.cat\/index.php\/wp-json\/wp\/v2\/categories?post=2246"},{"taxonomy":"post_tag","embeddable":true,"href":"https:\/\/www.siau.cat\/index.php\/wp-json\/wp\/v2\/tags?post=2246"}],"curies":[{"name":"wp","href":"https:\/\/api.w.org\/{rel}","templated":true}]}}