{"id":2299,"date":"2026-04-24T08:00:29","date_gmt":"2026-04-24T08:00:29","guid":{"rendered":"https:\/\/www.siau.cat\/?p=2299"},"modified":"2026-04-24T08:00:32","modified_gmt":"2026-04-24T08:00:32","slug":"siau-considera-positius-els-canvis-docents-anunciats-pel-govern-central-pero-insuficients-i-poc-realistes-per-a-la-situacio-de-les-illes-balears","status":"publish","type":"post","link":"https:\/\/www.siau.cat\/index.php\/2026\/04\/24\/siau-considera-positius-els-canvis-docents-anunciats-pel-govern-central-pero-insuficients-i-poc-realistes-per-a-la-situacio-de-les-illes-balears\/","title":{"rendered":"SIAU considera positius els canvis docents anunciats pel Govern central, per\u00f2 insuficients i poc realistes per a la situaci\u00f3 de les Illes Balears"},"content":{"rendered":"\n<figure class=\"wp-block-image size-full\"><img loading=\"lazy\" decoding=\"async\" width=\"860\" height=\"602\" src=\"https:\/\/www.siau.cat\/wp-content\/uploads\/2026\/04\/aula.jpg\" alt=\"\" class=\"wp-image-2300\" srcset=\"https:\/\/www.siau.cat\/wp-content\/uploads\/2026\/04\/aula.jpg 860w, https:\/\/www.siau.cat\/wp-content\/uploads\/2026\/04\/aula-300x210.jpg 300w, https:\/\/www.siau.cat\/wp-content\/uploads\/2026\/04\/aula-768x538.jpg 768w, https:\/\/www.siau.cat\/wp-content\/uploads\/2026\/04\/aula-24x17.jpg 24w, https:\/\/www.siau.cat\/wp-content\/uploads\/2026\/04\/aula-36x25.jpg 36w, https:\/\/www.siau.cat\/wp-content\/uploads\/2026\/04\/aula-48x34.jpg 48w, https:\/\/www.siau.cat\/wp-content\/uploads\/2026\/04\/aula-350x245.jpg 350w\" sizes=\"auto, (max-width: 767px) 89vw, (max-width: 1000px) 54vw, (max-width: 1071px) 543px, 580px\" \/><\/figure>\n\n\n\n<p>Des del Sindicat Independent, Aut\u00f2nom i Unitari (SIAU) valoram positivament la iniciativa del Govern central de reduir tant la jornada lectiva del professorat com el nombre d\u2019alumnes per aula, tal com recull el recent projecte de llei aprovat a Madrid. Aquesta mesura suposa un avan\u00e7 en la millora de les condicions laborals docents i en la qualitat del sistema educatiu, ja que permet una atenci\u00f3 m\u00e9s individualitzada a l\u2019alumnat i una reducci\u00f3 de la sobrec\u00e0rrega a les aules.<\/p>\n\n\n\n<p>No obstant aix\u00f2, consideram que, tot i ser un pas en la bona direcci\u00f3, aquesta reforma ha d\u2019anar acompanyada de mesures addicionals que n\u2019aprofundeixin els objectius. En aquest sentit, \u00e9s imprescindible promoure els desdoblaments de grups, especialment en aquelles aules amb m\u00e9s complexitat, per garantir una atenci\u00f3 realment personalitzada i efica\u00e7.<\/p>\n\n\n\n<p>Aix\u00ed mateix, insistim en la necessitat d\u2019avan\u00e7ar en la dignificaci\u00f3 de la figura del docent. Millorar les seves condicions laborals, reduir la burocr\u00e0cia i refor\u00e7ar el seu reconeixement social s\u00f3n elements clau per fer m\u00e9s atractiva la professi\u00f3. Nom\u00e9s aix\u00ed es podr\u00e0 revertir l\u2019actual manca de professorat, una problem\u00e0tica que afecta de manera especial territoris com les Illes Balears.<\/p>\n\n\n\n<p>En aquest context, resulta fonamental tenir en compte la realitat espec\u00edfica de les illes. Factors com la insularitat i l\u2019elevat cost de vida han de ser considerats en qualsevol pol\u00edtica educativa, ja que condicionen tant la captaci\u00f3 com la perman\u00e8ncia del professorat.<\/p>\n\n\n\n<p>En definitiva, des de SIAU entenem que la reducci\u00f3 de r\u00e0tios i de la jornada docent \u00e9s un avan\u00e7 necessari, per\u00f2 que s\u2019ha de complementar amb desdoblaments, pol\u00edtiques de dignificaci\u00f3 professional i mesures adaptades a la realitat insular per aconseguir un impacte real i sostingut en el sistema educatiu.<\/p>\n","protected":false},"excerpt":{"rendered":"<p>Des del Sindicat Independent, Aut\u00f2nom i Unitari (SIAU) valoram positivament la iniciativa del Govern central de reduir tant la jornada lectiva del professorat com el nombre d\u2019alumnes per aula, tal com recull el recent projecte de llei aprovat a Madrid. Aquesta mesura suposa un avan\u00e7 en la millora de les condicions laborals docents i en &hellip; <\/p>\n<p class=\"link-more\"><a href=\"https:\/\/www.siau.cat\/index.php\/2026\/04\/24\/siau-considera-positius-els-canvis-docents-anunciats-pel-govern-central-pero-insuficients-i-poc-realistes-per-a-la-situacio-de-les-illes-balears\/\" class=\"more-link\">Continua llegint <span class=\"screen-reader-text\">\u00abSIAU considera positius els canvis docents anunciats pel Govern central, per\u00f2 insuficients i poc realistes per a la situaci\u00f3 de les Illes Balears\u00bb<\/span><\/a><\/p>\n","protected":false},"author":1,"featured_media":0,"comment_status":"closed","ping_status":"open","sticky":false,"template":"","format":"standard","meta":{"_jetpack_memberships_contains_paid_content":false,"footnotes":""},"categories":[1],"tags":[],"class_list":["post-2299","post","type-post","status-publish","format-standard","hentry","category-uncategorized"],"yoast_head":"<!-- This site is optimized with the Yoast SEO plugin v25.4 - https:\/\/yoast.com\/wordpress\/plugins\/seo\/ -->\n<title>SIAU considera positius els canvis docents anunciats pel Govern central, per\u00f2 insuficients i poc realistes per a la situaci\u00f3 de les Illes Balears &#8212; SIAU - SINDICAT INDEPENDENT, AUT\u00d2NOM I UNITARI<\/title>\n<meta name=\"robots\" content=\"index, follow, max-snippet:-1, max-image-preview:large, max-video-preview:-1\" \/>\n<link rel=\"canonical\" href=\"https:\/\/www.siau.cat\/index.php\/2026\/04\/24\/siau-considera-positius-els-canvis-docents-anunciats-pel-govern-central-pero-insuficients-i-poc-realistes-per-a-la-situacio-de-les-illes-balears\/\" \/>\n<meta property=\"og:locale\" content=\"ca_ES\" \/>\n<meta property=\"og:type\" content=\"article\" \/>\n<meta property=\"og:title\" content=\"SIAU considera positius els canvis docents anunciats pel Govern central, per\u00f2 insuficients i poc realistes per a la situaci\u00f3 de les Illes Balears &#8212; SIAU - SINDICAT INDEPENDENT, AUT\u00d2NOM I UNITARI\" \/>\n<meta property=\"og:description\" content=\"Des del Sindicat Independent, Aut\u00f2nom i Unitari (SIAU) valoram positivament la iniciativa del Govern central de reduir tant la jornada lectiva del professorat com el nombre d\u2019alumnes per aula, tal com recull el recent projecte de llei aprovat a Madrid. Aquesta mesura suposa un avan\u00e7 en la millora de les condicions laborals docents i en &hellip; Continua llegint \u00abSIAU considera positius els canvis docents anunciats pel Govern central, per\u00f2 insuficients i poc realistes per a la situaci\u00f3 de les Illes Balears\u00bb\" \/>\n<meta property=\"og:url\" content=\"https:\/\/www.siau.cat\/index.php\/2026\/04\/24\/siau-considera-positius-els-canvis-docents-anunciats-pel-govern-central-pero-insuficients-i-poc-realistes-per-a-la-situacio-de-les-illes-balears\/\" \/>\n<meta property=\"og:site_name\" content=\"SIAU - SINDICAT INDEPENDENT, AUT\u00d2NOM I UNITARI\" \/>\n<meta property=\"article:published_time\" content=\"2026-04-24T08:00:29+00:00\" \/>\n<meta property=\"article:modified_time\" content=\"2026-04-24T08:00:32+00:00\" \/>\n<meta property=\"og:image\" content=\"https:\/\/www.siau.cat\/wp-content\/uploads\/2026\/04\/aula.jpg\" \/>\n\t<meta property=\"og:image:width\" content=\"860\" \/>\n\t<meta property=\"og:image:height\" content=\"602\" \/>\n\t<meta property=\"og:image:type\" content=\"image\/jpeg\" \/>\n<meta name=\"author\" content=\"admin\" \/>\n<meta name=\"twitter:card\" content=\"summary_large_image\" \/>\n<meta name=\"twitter:label1\" content=\"Escrit per\" \/>\n\t<meta name=\"twitter:data1\" content=\"admin\" \/>\n\t<meta name=\"twitter:label2\" content=\"Temps estimat de lectura\" \/>\n\t<meta name=\"twitter:data2\" content=\"2 minuts\" \/>\n<script type=\"application\/ld+json\" class=\"yoast-schema-graph\">{\"@context\":\"https:\/\/schema.org\",\"@graph\":[{\"@type\":\"Article\",\"@id\":\"https:\/\/www.siau.cat\/index.php\/2026\/04\/24\/siau-considera-positius-els-canvis-docents-anunciats-pel-govern-central-pero-insuficients-i-poc-realistes-per-a-la-situacio-de-les-illes-balears\/#article\",\"isPartOf\":{\"@id\":\"https:\/\/www.siau.cat\/index.php\/2026\/04\/24\/siau-considera-positius-els-canvis-docents-anunciats-pel-govern-central-pero-insuficients-i-poc-realistes-per-a-la-situacio-de-les-illes-balears\/\"},\"author\":{\"name\":\"admin\",\"@id\":\"https:\/\/www.siau.cat\/#\/schema\/person\/810c15694a7e538934bb4be53ebcba0d\"},\"headline\":\"SIAU considera positius els canvis docents anunciats pel Govern central, per\u00f2 insuficients i poc realistes per a la situaci\u00f3 de les Illes Balears\",\"datePublished\":\"2026-04-24T08:00:29+00:00\",\"dateModified\":\"2026-04-24T08:00:32+00:00\",\"mainEntityOfPage\":{\"@id\":\"https:\/\/www.siau.cat\/index.php\/2026\/04\/24\/siau-considera-positius-els-canvis-docents-anunciats-pel-govern-central-pero-insuficients-i-poc-realistes-per-a-la-situacio-de-les-illes-balears\/\"},\"wordCount\":326,\"publisher\":{\"@id\":\"https:\/\/www.siau.cat\/#organization\"},\"image\":{\"@id\":\"https:\/\/www.siau.cat\/index.php\/2026\/04\/24\/siau-considera-positius-els-canvis-docents-anunciats-pel-govern-central-pero-insuficients-i-poc-realistes-per-a-la-situacio-de-les-illes-balears\/#primaryimage\"},\"thumbnailUrl\":\"https:\/\/www.siau.cat\/wp-content\/uploads\/2026\/04\/aula.jpg\",\"articleSection\":[\"Uncategorized\"],\"inLanguage\":\"ca\"},{\"@type\":\"WebPage\",\"@id\":\"https:\/\/www.siau.cat\/index.php\/2026\/04\/24\/siau-considera-positius-els-canvis-docents-anunciats-pel-govern-central-pero-insuficients-i-poc-realistes-per-a-la-situacio-de-les-illes-balears\/\",\"url\":\"https:\/\/www.siau.cat\/index.php\/2026\/04\/24\/siau-considera-positius-els-canvis-docents-anunciats-pel-govern-central-pero-insuficients-i-poc-realistes-per-a-la-situacio-de-les-illes-balears\/\",\"name\":\"SIAU considera positius els canvis docents anunciats pel Govern central, per\u00f2 insuficients i poc realistes per a la situaci\u00f3 de les Illes Balears &#8212; SIAU - SINDICAT INDEPENDENT, AUT\u00d2NOM I UNITARI\",\"isPartOf\":{\"@id\":\"https:\/\/www.siau.cat\/#website\"},\"primaryImageOfPage\":{\"@id\":\"https:\/\/www.siau.cat\/index.php\/2026\/04\/24\/siau-considera-positius-els-canvis-docents-anunciats-pel-govern-central-pero-insuficients-i-poc-realistes-per-a-la-situacio-de-les-illes-balears\/#primaryimage\"},\"image\":{\"@id\":\"https:\/\/www.siau.cat\/index.php\/2026\/04\/24\/siau-considera-positius-els-canvis-docents-anunciats-pel-govern-central-pero-insuficients-i-poc-realistes-per-a-la-situacio-de-les-illes-balears\/#primaryimage\"},\"thumbnailUrl\":\"https:\/\/www.siau.cat\/wp-content\/uploads\/2026\/04\/aula.jpg\",\"datePublished\":\"2026-04-24T08:00:29+00:00\",\"dateModified\":\"2026-04-24T08:00:32+00:00\",\"breadcrumb\":{\"@id\":\"https:\/\/www.siau.cat\/index.php\/2026\/04\/24\/siau-considera-positius-els-canvis-docents-anunciats-pel-govern-central-pero-insuficients-i-poc-realistes-per-a-la-situacio-de-les-illes-balears\/#breadcrumb\"},\"inLanguage\":\"ca\",\"potentialAction\":[{\"@type\":\"ReadAction\",\"target\":[\"https:\/\/www.siau.cat\/index.php\/2026\/04\/24\/siau-considera-positius-els-canvis-docents-anunciats-pel-govern-central-pero-insuficients-i-poc-realistes-per-a-la-situacio-de-les-illes-balears\/\"]}]},{\"@type\":\"ImageObject\",\"inLanguage\":\"ca\",\"@id\":\"https:\/\/www.siau.cat\/index.php\/2026\/04\/24\/siau-considera-positius-els-canvis-docents-anunciats-pel-govern-central-pero-insuficients-i-poc-realistes-per-a-la-situacio-de-les-illes-balears\/#primaryimage\",\"url\":\"https:\/\/www.siau.cat\/wp-content\/uploads\/2026\/04\/aula.jpg\",\"contentUrl\":\"https:\/\/www.siau.cat\/wp-content\/uploads\/2026\/04\/aula.jpg\",\"width\":860,\"height\":602},{\"@type\":\"BreadcrumbList\",\"@id\":\"https:\/\/www.siau.cat\/index.php\/2026\/04\/24\/siau-considera-positius-els-canvis-docents-anunciats-pel-govern-central-pero-insuficients-i-poc-realistes-per-a-la-situacio-de-les-illes-balears\/#breadcrumb\",\"itemListElement\":[{\"@type\":\"ListItem\",\"position\":1,\"name\":\"Inici\",\"item\":\"https:\/\/www.siau.cat\/\"},{\"@type\":\"ListItem\",\"position\":2,\"name\":\"SIAU considera positius els canvis docents anunciats pel Govern central, per\u00f2 insuficients i poc realistes per a la situaci\u00f3 de les Illes Balears\"}]},{\"@type\":\"WebSite\",\"@id\":\"https:\/\/www.siau.cat\/#website\",\"url\":\"https:\/\/www.siau.cat\/\",\"name\":\"SIAU - SINDICAT INDEPENDENT, AUT\u00d2NOM I UNITARI\",\"description\":\"Ara s&iacute; que tenim la veu\",\"publisher\":{\"@id\":\"https:\/\/www.siau.cat\/#organization\"},\"potentialAction\":[{\"@type\":\"SearchAction\",\"target\":{\"@type\":\"EntryPoint\",\"urlTemplate\":\"https:\/\/www.siau.cat\/?s={search_term_string}\"},\"query-input\":{\"@type\":\"PropertyValueSpecification\",\"valueRequired\":true,\"valueName\":\"search_term_string\"}}],\"inLanguage\":\"ca\"},{\"@type\":\"Organization\",\"@id\":\"https:\/\/www.siau.cat\/#organization\",\"name\":\"SIAU\",\"url\":\"https:\/\/www.siau.cat\/\",\"logo\":{\"@type\":\"ImageObject\",\"inLanguage\":\"ca\",\"@id\":\"https:\/\/www.siau.cat\/#\/schema\/logo\/image\/\",\"url\":\"https:\/\/www.siau.cat\/wp-content\/uploads\/2022\/03\/cropped-resized_LOGO-SIAU-5-e1652020847972.jpg\",\"contentUrl\":\"https:\/\/www.siau.cat\/wp-content\/uploads\/2022\/03\/cropped-resized_LOGO-SIAU-5-e1652020847972.jpg\",\"width\":1600,\"height\":1200,\"caption\":\"SIAU\"},\"image\":{\"@id\":\"https:\/\/www.siau.cat\/#\/schema\/logo\/image\/\"}},{\"@type\":\"Person\",\"@id\":\"https:\/\/www.siau.cat\/#\/schema\/person\/810c15694a7e538934bb4be53ebcba0d\",\"name\":\"admin\",\"image\":{\"@type\":\"ImageObject\",\"inLanguage\":\"ca\",\"@id\":\"https:\/\/www.siau.cat\/#\/schema\/person\/image\/\",\"url\":\"https:\/\/www.siau.cat\/wp-content\/litespeed\/avatar\/d73ebfac3daa0b52552b2ccea63469da.jpg?ver=1776798269\",\"contentUrl\":\"https:\/\/www.siau.cat\/wp-content\/litespeed\/avatar\/d73ebfac3daa0b52552b2ccea63469da.jpg?ver=1776798269\",\"caption\":\"admin\"},\"sameAs\":[\"https:\/\/www.siau.cat\"],\"url\":\"https:\/\/www.siau.cat\/index.php\/author\/admin\/\"}]}<\/script>\n<!-- \/ Yoast SEO plugin. -->","yoast_head_json":{"title":"SIAU considera positius els canvis docents anunciats pel Govern central, per\u00f2 insuficients i poc realistes per a la situaci\u00f3 de les Illes Balears &#8212; SIAU - SINDICAT INDEPENDENT, AUT\u00d2NOM I UNITARI","robots":{"index":"index","follow":"follow","max-snippet":"max-snippet:-1","max-image-preview":"max-image-preview:large","max-video-preview":"max-video-preview:-1"},"canonical":"https:\/\/www.siau.cat\/index.php\/2026\/04\/24\/siau-considera-positius-els-canvis-docents-anunciats-pel-govern-central-pero-insuficients-i-poc-realistes-per-a-la-situacio-de-les-illes-balears\/","og_locale":"ca_ES","og_type":"article","og_title":"SIAU considera positius els canvis docents anunciats pel Govern central, per\u00f2 insuficients i poc realistes per a la situaci\u00f3 de les Illes Balears &#8212; SIAU - SINDICAT INDEPENDENT, AUT\u00d2NOM I UNITARI","og_description":"Des del Sindicat Independent, Aut\u00f2nom i Unitari (SIAU) valoram positivament la iniciativa del Govern central de reduir tant la jornada lectiva del professorat com el nombre d\u2019alumnes per aula, tal com recull el recent projecte de llei aprovat a Madrid. Aquesta mesura suposa un avan\u00e7 en la millora de les condicions laborals docents i en &hellip; Continua llegint \u00abSIAU considera positius els canvis docents anunciats pel Govern central, per\u00f2 insuficients i poc realistes per a la situaci\u00f3 de les Illes Balears\u00bb","og_url":"https:\/\/www.siau.cat\/index.php\/2026\/04\/24\/siau-considera-positius-els-canvis-docents-anunciats-pel-govern-central-pero-insuficients-i-poc-realistes-per-a-la-situacio-de-les-illes-balears\/","og_site_name":"SIAU - SINDICAT INDEPENDENT, AUT\u00d2NOM I UNITARI","article_published_time":"2026-04-24T08:00:29+00:00","article_modified_time":"2026-04-24T08:00:32+00:00","og_image":[{"width":860,"height":602,"url":"https:\/\/www.siau.cat\/wp-content\/uploads\/2026\/04\/aula.jpg","type":"image\/jpeg"}],"author":"admin","twitter_card":"summary_large_image","twitter_misc":{"Escrit per":"admin","Temps estimat de lectura":"2 minuts"},"schema":{"@context":"https:\/\/schema.org","@graph":[{"@type":"Article","@id":"https:\/\/www.siau.cat\/index.php\/2026\/04\/24\/siau-considera-positius-els-canvis-docents-anunciats-pel-govern-central-pero-insuficients-i-poc-realistes-per-a-la-situacio-de-les-illes-balears\/#article","isPartOf":{"@id":"https:\/\/www.siau.cat\/index.php\/2026\/04\/24\/siau-considera-positius-els-canvis-docents-anunciats-pel-govern-central-pero-insuficients-i-poc-realistes-per-a-la-situacio-de-les-illes-balears\/"},"author":{"name":"admin","@id":"https:\/\/www.siau.cat\/#\/schema\/person\/810c15694a7e538934bb4be53ebcba0d"},"headline":"SIAU considera positius els canvis docents anunciats pel Govern central, per\u00f2 insuficients i poc realistes per a la situaci\u00f3 de les Illes Balears","datePublished":"2026-04-24T08:00:29+00:00","dateModified":"2026-04-24T08:00:32+00:00","mainEntityOfPage":{"@id":"https:\/\/www.siau.cat\/index.php\/2026\/04\/24\/siau-considera-positius-els-canvis-docents-anunciats-pel-govern-central-pero-insuficients-i-poc-realistes-per-a-la-situacio-de-les-illes-balears\/"},"wordCount":326,"publisher":{"@id":"https:\/\/www.siau.cat\/#organization"},"image":{"@id":"https:\/\/www.siau.cat\/index.php\/2026\/04\/24\/siau-considera-positius-els-canvis-docents-anunciats-pel-govern-central-pero-insuficients-i-poc-realistes-per-a-la-situacio-de-les-illes-balears\/#primaryimage"},"thumbnailUrl":"https:\/\/www.siau.cat\/wp-content\/uploads\/2026\/04\/aula.jpg","articleSection":["Uncategorized"],"inLanguage":"ca"},{"@type":"WebPage","@id":"https:\/\/www.siau.cat\/index.php\/2026\/04\/24\/siau-considera-positius-els-canvis-docents-anunciats-pel-govern-central-pero-insuficients-i-poc-realistes-per-a-la-situacio-de-les-illes-balears\/","url":"https:\/\/www.siau.cat\/index.php\/2026\/04\/24\/siau-considera-positius-els-canvis-docents-anunciats-pel-govern-central-pero-insuficients-i-poc-realistes-per-a-la-situacio-de-les-illes-balears\/","name":"SIAU considera positius els canvis docents anunciats pel Govern central, per\u00f2 insuficients i poc realistes per a la situaci\u00f3 de les Illes Balears &#8212; SIAU - SINDICAT INDEPENDENT, AUT\u00d2NOM I UNITARI","isPartOf":{"@id":"https:\/\/www.siau.cat\/#website"},"primaryImageOfPage":{"@id":"https:\/\/www.siau.cat\/index.php\/2026\/04\/24\/siau-considera-positius-els-canvis-docents-anunciats-pel-govern-central-pero-insuficients-i-poc-realistes-per-a-la-situacio-de-les-illes-balears\/#primaryimage"},"image":{"@id":"https:\/\/www.siau.cat\/index.php\/2026\/04\/24\/siau-considera-positius-els-canvis-docents-anunciats-pel-govern-central-pero-insuficients-i-poc-realistes-per-a-la-situacio-de-les-illes-balears\/#primaryimage"},"thumbnailUrl":"https:\/\/www.siau.cat\/wp-content\/uploads\/2026\/04\/aula.jpg","datePublished":"2026-04-24T08:00:29+00:00","dateModified":"2026-04-24T08:00:32+00:00","breadcrumb":{"@id":"https:\/\/www.siau.cat\/index.php\/2026\/04\/24\/siau-considera-positius-els-canvis-docents-anunciats-pel-govern-central-pero-insuficients-i-poc-realistes-per-a-la-situacio-de-les-illes-balears\/#breadcrumb"},"inLanguage":"ca","potentialAction":[{"@type":"ReadAction","target":["https:\/\/www.siau.cat\/index.php\/2026\/04\/24\/siau-considera-positius-els-canvis-docents-anunciats-pel-govern-central-pero-insuficients-i-poc-realistes-per-a-la-situacio-de-les-illes-balears\/"]}]},{"@type":"ImageObject","inLanguage":"ca","@id":"https:\/\/www.siau.cat\/index.php\/2026\/04\/24\/siau-considera-positius-els-canvis-docents-anunciats-pel-govern-central-pero-insuficients-i-poc-realistes-per-a-la-situacio-de-les-illes-balears\/#primaryimage","url":"https:\/\/www.siau.cat\/wp-content\/uploads\/2026\/04\/aula.jpg","contentUrl":"https:\/\/www.siau.cat\/wp-content\/uploads\/2026\/04\/aula.jpg","width":860,"height":602},{"@type":"BreadcrumbList","@id":"https:\/\/www.siau.cat\/index.php\/2026\/04\/24\/siau-considera-positius-els-canvis-docents-anunciats-pel-govern-central-pero-insuficients-i-poc-realistes-per-a-la-situacio-de-les-illes-balears\/#breadcrumb","itemListElement":[{"@type":"ListItem","position":1,"name":"Inici","item":"https:\/\/www.siau.cat\/"},{"@type":"ListItem","position":2,"name":"SIAU considera positius els canvis docents anunciats pel Govern central, per\u00f2 insuficients i poc realistes per a la situaci\u00f3 de les Illes Balears"}]},{"@type":"WebSite","@id":"https:\/\/www.siau.cat\/#website","url":"https:\/\/www.siau.cat\/","name":"SIAU - SINDICAT INDEPENDENT, AUT\u00d2NOM I UNITARI","description":"Ara s&iacute; que tenim la veu","publisher":{"@id":"https:\/\/www.siau.cat\/#organization"},"potentialAction":[{"@type":"SearchAction","target":{"@type":"EntryPoint","urlTemplate":"https:\/\/www.siau.cat\/?s={search_term_string}"},"query-input":{"@type":"PropertyValueSpecification","valueRequired":true,"valueName":"search_term_string"}}],"inLanguage":"ca"},{"@type":"Organization","@id":"https:\/\/www.siau.cat\/#organization","name":"SIAU","url":"https:\/\/www.siau.cat\/","logo":{"@type":"ImageObject","inLanguage":"ca","@id":"https:\/\/www.siau.cat\/#\/schema\/logo\/image\/","url":"https:\/\/www.siau.cat\/wp-content\/uploads\/2022\/03\/cropped-resized_LOGO-SIAU-5-e1652020847972.jpg","contentUrl":"https:\/\/www.siau.cat\/wp-content\/uploads\/2022\/03\/cropped-resized_LOGO-SIAU-5-e1652020847972.jpg","width":1600,"height":1200,"caption":"SIAU"},"image":{"@id":"https:\/\/www.siau.cat\/#\/schema\/logo\/image\/"}},{"@type":"Person","@id":"https:\/\/www.siau.cat\/#\/schema\/person\/810c15694a7e538934bb4be53ebcba0d","name":"admin","image":{"@type":"ImageObject","inLanguage":"ca","@id":"https:\/\/www.siau.cat\/#\/schema\/person\/image\/","url":"https:\/\/www.siau.cat\/wp-content\/litespeed\/avatar\/d73ebfac3daa0b52552b2ccea63469da.jpg?ver=1776798269","contentUrl":"https:\/\/www.siau.cat\/wp-content\/litespeed\/avatar\/d73ebfac3daa0b52552b2ccea63469da.jpg?ver=1776798269","caption":"admin"},"sameAs":["https:\/\/www.siau.cat"],"url":"https:\/\/www.siau.cat\/index.php\/author\/admin\/"}]}},"jetpack_featured_media_url":"","jetpack_sharing_enabled":true,"_links":{"self":[{"href":"https:\/\/www.siau.cat\/index.php\/wp-json\/wp\/v2\/posts\/2299","targetHints":{"allow":["GET"]}}],"collection":[{"href":"https:\/\/www.siau.cat\/index.php\/wp-json\/wp\/v2\/posts"}],"about":[{"href":"https:\/\/www.siau.cat\/index.php\/wp-json\/wp\/v2\/types\/post"}],"author":[{"embeddable":true,"href":"https:\/\/www.siau.cat\/index.php\/wp-json\/wp\/v2\/users\/1"}],"replies":[{"embeddable":true,"href":"https:\/\/www.siau.cat\/index.php\/wp-json\/wp\/v2\/comments?post=2299"}],"version-history":[{"count":1,"href":"https:\/\/www.siau.cat\/index.php\/wp-json\/wp\/v2\/posts\/2299\/revisions"}],"predecessor-version":[{"id":2301,"href":"https:\/\/www.siau.cat\/index.php\/wp-json\/wp\/v2\/posts\/2299\/revisions\/2301"}],"wp:attachment":[{"href":"https:\/\/www.siau.cat\/index.php\/wp-json\/wp\/v2\/media?parent=2299"}],"wp:term":[{"taxonomy":"category","embeddable":true,"href":"https:\/\/www.siau.cat\/index.php\/wp-json\/wp\/v2\/categories?post=2299"},{"taxonomy":"post_tag","embeddable":true,"href":"https:\/\/www.siau.cat\/index.php\/wp-json\/wp\/v2\/tags?post=2299"}],"curies":[{"name":"wp","href":"https:\/\/api.w.org\/{rel}","templated":true}]}}