{"id":297,"date":"2022-05-28T20:15:40","date_gmt":"2022-05-28T20:15:40","guid":{"rendered":"https:\/\/www.siau.cat\/?p=297"},"modified":"2022-05-29T08:51:22","modified_gmt":"2022-05-29T08:51:22","slug":"siau-assisteix-a-la-primera-assemblea-de-treballadors-en-frau-de-llei-de-balears","status":"publish","type":"post","link":"https:\/\/www.siau.cat\/index.php\/2022\/05\/28\/siau-assisteix-a-la-primera-assemblea-de-treballadors-en-frau-de-llei-de-balears\/","title":{"rendered":"SIAU assisteix a la primera Assemblea de Treballadors en Frau de Llei de Balears"},"content":{"rendered":"\n<p class=\"has-text-align-justify wp-block-paragraph\">Avui, dia 28 de maig de 2022, SIAU ha assistit i participat a la primera Assemblea de Treballadors en Frau de Llei de Balears. La trobada ha resultat ser un \u00e8xit pel que fa a l&#8217;elevat nombre d&#8217;assistents i tamb\u00e9 pels acords sorgits. La seg\u00fcent Assemblea es dur\u00e0 a terme dia <strong>11 de juny<\/strong> a les <strong>10 hores<\/strong>.<\/p>\n\n\n\n<div class=\"wp-block-columns is-layout-flex wp-container-core-columns-is-layout-8f761849 wp-block-columns-is-layout-flex\">\n<div class=\"wp-block-column is-layout-flow wp-block-column-is-layout-flow\">\n<figure class=\"wp-block-image size-full\"><img loading=\"lazy\" decoding=\"async\" width=\"500\" height=\"500\" src=\"https:\/\/www.siau.cat\/wp-content\/uploads\/2022\/05\/Logo-1.png\" alt=\"\" class=\"wp-image-300\" srcset=\"https:\/\/www.siau.cat\/wp-content\/uploads\/2022\/05\/Logo-1.png 500w, https:\/\/www.siau.cat\/wp-content\/uploads\/2022\/05\/Logo-1-250x250.png 250w, https:\/\/www.siau.cat\/wp-content\/uploads\/2022\/05\/Logo-1-100x100.png 100w, https:\/\/www.siau.cat\/wp-content\/uploads\/2022\/05\/Logo-1-350x350.png 350w, https:\/\/www.siau.cat\/wp-content\/uploads\/2022\/05\/Logo-1-300x300.png 300w, https:\/\/www.siau.cat\/wp-content\/uploads\/2022\/05\/Logo-1-150x150.png 150w, https:\/\/www.siau.cat\/wp-content\/uploads\/2022\/05\/Logo-1-24x24.png 24w, https:\/\/www.siau.cat\/wp-content\/uploads\/2022\/05\/Logo-1-36x36.png 36w, https:\/\/www.siau.cat\/wp-content\/uploads\/2022\/05\/Logo-1-48x48.png 48w\" sizes=\"auto, (max-width: 500px) 100vw, 500px\" \/><figcaption><a href=\"https:\/\/sites.google.com\/view\/enfraudellei\/inici\" target=\"_blank\" rel=\"noreferrer noopener\">https:\/\/sites.google.com\/view\/enfraudellei\/inici<\/a><\/figcaption><\/figure>\n<\/div>\n\n\n\n<div class=\"wp-block-column is-layout-flow wp-block-column-is-layout-flow\"><div class=\"wp-block-image\">\n<figure class=\"aligncenter size-full is-resized\"><img loading=\"lazy\" decoding=\"async\" src=\"https:\/\/www.siau.cat\/wp-content\/uploads\/2022\/05\/Mallorca-diario.png\" alt=\"\" class=\"wp-image-301\" width=\"235\" height=\"235\" srcset=\"https:\/\/www.siau.cat\/wp-content\/uploads\/2022\/05\/Mallorca-diario.png 400w, https:\/\/www.siau.cat\/wp-content\/uploads\/2022\/05\/Mallorca-diario-250x250.png 250w, https:\/\/www.siau.cat\/wp-content\/uploads\/2022\/05\/Mallorca-diario-100x100.png 100w, https:\/\/www.siau.cat\/wp-content\/uploads\/2022\/05\/Mallorca-diario-350x350.png 350w, https:\/\/www.siau.cat\/wp-content\/uploads\/2022\/05\/Mallorca-diario-300x300.png 300w, https:\/\/www.siau.cat\/wp-content\/uploads\/2022\/05\/Mallorca-diario-150x150.png 150w, https:\/\/www.siau.cat\/wp-content\/uploads\/2022\/05\/Mallorca-diario-24x24.png 24w, https:\/\/www.siau.cat\/wp-content\/uploads\/2022\/05\/Mallorca-diario-36x36.png 36w, https:\/\/www.siau.cat\/wp-content\/uploads\/2022\/05\/Mallorca-diario-48x48.png 48w\" sizes=\"auto, (max-width: 235px) 100vw, 235px\" \/><figcaption><a href=\"https:\/\/www.mallorcadiario.com\/nace-la-asamblea-de-trabajadores-en-fraude-de-ley-de-baleares\" target=\"_blank\" rel=\"noreferrer noopener\">https:\/\/www.mallorcadiario.com\/nace-la-asamblea-de-trabajadores-en-fraude-de-ley-de-baleares<\/a><\/figcaption><\/figure>\n<\/div><\/div>\n<\/div>\n\n\n\n<div class=\"wp-block-columns is-layout-flex wp-container-core-columns-is-layout-8f761849 wp-block-columns-is-layout-flex\">\n<div class=\"wp-block-column is-layout-flow wp-block-column-is-layout-flow\"><\/div>\n\n\n\n<div class=\"wp-block-column is-layout-flow wp-block-column-is-layout-flow\">\n<figure class=\"wp-block-image size-full is-resized\"><img loading=\"lazy\" decoding=\"async\" src=\"https:\/\/www.siau.cat\/wp-content\/uploads\/2022\/05\/Diario-de-Mallorca.png\" alt=\"\" class=\"wp-image-306\" width=\"422\" height=\"233\" srcset=\"https:\/\/www.siau.cat\/wp-content\/uploads\/2022\/05\/Diario-de-Mallorca.png 900w, https:\/\/www.siau.cat\/wp-content\/uploads\/2022\/05\/Diario-de-Mallorca-350x194.png 350w, https:\/\/www.siau.cat\/wp-content\/uploads\/2022\/05\/Diario-de-Mallorca-300x167.png 300w, https:\/\/www.siau.cat\/wp-content\/uploads\/2022\/05\/Diario-de-Mallorca-24x13.png 24w, https:\/\/www.siau.cat\/wp-content\/uploads\/2022\/05\/Diario-de-Mallorca-36x20.png 36w, https:\/\/www.siau.cat\/wp-content\/uploads\/2022\/05\/Diario-de-Mallorca-48x27.png 48w\" sizes=\"auto, (max-width: 422px) 100vw, 422px\" \/><figcaption><a href=\"https:\/\/www.diariodemallorca.es\/mallorca\/2022\/05\/29\/nace-asamblea-trabajadores-fraude-ley-66658232.html\" target=\"_blank\" rel=\"noreferrer noopener\">https:\/\/www.diariodemallorca.es\/mallorca\/2022\/05\/29\/nace-asamblea-trabajadores-fraude-ley-66658232.html<\/a><\/figcaption><\/figure>\n<\/div>\n\n\n\n<div class=\"wp-block-column is-layout-flow wp-block-column-is-layout-flow\"><\/div>\n<\/div>\n","protected":false},"excerpt":{"rendered":"<p>Avui, dia 28 de maig de 2022, SIAU ha assistit i participat a la primera Assemblea de Treballadors en Frau de Llei de Balears. La trobada ha resultat ser un \u00e8xit pel que fa a l&#8217;elevat nombre d&#8217;assistents i tamb\u00e9 pels acords sorgits. La seg\u00fcent Assemblea es dur\u00e0 a terme dia 11 de juny a &hellip; <\/p>\n<p class=\"link-more\"><a href=\"https:\/\/www.siau.cat\/index.php\/2022\/05\/28\/siau-assisteix-a-la-primera-assemblea-de-treballadors-en-frau-de-llei-de-balears\/\" class=\"more-link\">Continua llegint <span class=\"screen-reader-text\">\u00abSIAU assisteix a la primera Assemblea de Treballadors en Frau de Llei de Balears\u00bb<\/span><\/a><\/p>\n","protected":false},"author":1,"featured_media":0,"comment_status":"closed","ping_status":"open","sticky":false,"template":"","format":"standard","meta":{"_jetpack_newsletter_access":"","_jetpack_dont_email_post_to_subs":false,"_jetpack_newsletter_tier_id":0,"_jetpack_memberships_contains_paywalled_content":false,"_jetpack_feature_clip_id":0,"_jetpack_memberships_contains_paid_content":false,"footnotes":"","jetpack_post_was_ever_published":false},"categories":[1],"tags":[7,10,9,8],"class_list":["post-297","post","type-post","status-publish","format-standard","hentry","category-uncategorized","tag-assemblea","tag-frau-de-llei","tag-siau","tag-treballadors"],"yoast_head":"<!-- This site is optimized with the Yoast SEO plugin v28.3 - https:\/\/yoast.com\/product\/yoast-seo-wordpress\/ -->\n<title>SIAU assisteix a la primera Assemblea de Treballadors en Frau de Llei de Balears &#8212; SIAU - SINDICAT INDEPENDENT, AUT\u00d2NOM I UNITARI<\/title>\n<meta name=\"robots\" content=\"index, follow, max-snippet:-1, max-image-preview:large, max-video-preview:-1\" \/>\n<link rel=\"canonical\" href=\"https:\/\/www.siau.cat\/index.php\/2022\/05\/28\/siau-assisteix-a-la-primera-assemblea-de-treballadors-en-frau-de-llei-de-balears\/\" \/>\n<meta property=\"og:locale\" content=\"ca_ES\" \/>\n<meta property=\"og:type\" content=\"article\" \/>\n<meta property=\"og:title\" content=\"SIAU assisteix a la primera Assemblea de Treballadors en Frau de Llei de Balears &#8212; SIAU - SINDICAT INDEPENDENT, AUT\u00d2NOM I UNITARI\" \/>\n<meta property=\"og:description\" content=\"Avui, dia 28 de maig de 2022, SIAU ha assistit i participat a la primera Assemblea de Treballadors en Frau de Llei de Balears. La trobada ha resultat ser un \u00e8xit pel que fa a l&#8217;elevat nombre d&#8217;assistents i tamb\u00e9 pels acords sorgits. La seg\u00fcent Assemblea es dur\u00e0 a terme dia 11 de juny a &hellip; Continua llegint \u00abSIAU assisteix a la primera Assemblea de Treballadors en Frau de Llei de Balears\u00bb\" \/>\n<meta property=\"og:url\" content=\"https:\/\/www.siau.cat\/index.php\/2022\/05\/28\/siau-assisteix-a-la-primera-assemblea-de-treballadors-en-frau-de-llei-de-balears\/\" \/>\n<meta property=\"og:site_name\" content=\"SIAU - SINDICAT INDEPENDENT, AUT\u00d2NOM I UNITARI\" \/>\n<meta property=\"article:published_time\" content=\"2022-05-28T20:15:40+00:00\" \/>\n<meta property=\"article:modified_time\" content=\"2022-05-29T08:51:22+00:00\" \/>\n<meta property=\"og:image\" content=\"https:\/\/www.siau.cat\/wp-content\/uploads\/2022\/05\/Logo-1.png\" \/>\n<meta name=\"author\" content=\"admin\" \/>\n<meta name=\"twitter:card\" content=\"summary_large_image\" \/>\n<meta name=\"twitter:label1\" content=\"Escrit per\" \/>\n\t<meta name=\"twitter:data1\" content=\"admin\" \/>\n\t<meta name=\"twitter:label2\" content=\"Temps estimat de lectura\" \/>\n\t<meta name=\"twitter:data2\" content=\"1 minut\" \/>\n<script type=\"application\/ld+json\" class=\"yoast-schema-graph\">{\"@context\":\"https:\\\/\\\/schema.org\",\"@graph\":[{\"@type\":\"Article\",\"@id\":\"https:\\\/\\\/www.siau.cat\\\/index.php\\\/2022\\\/05\\\/28\\\/siau-assisteix-a-la-primera-assemblea-de-treballadors-en-frau-de-llei-de-balears\\\/#article\",\"isPartOf\":{\"@id\":\"https:\\\/\\\/www.siau.cat\\\/index.php\\\/2022\\\/05\\\/28\\\/siau-assisteix-a-la-primera-assemblea-de-treballadors-en-frau-de-llei-de-balears\\\/\"},\"author\":{\"name\":\"admin\",\"@id\":\"https:\\\/\\\/www.siau.cat\\\/#\\\/schema\\\/person\\\/810c15694a7e538934bb4be53ebcba0d\"},\"headline\":\"SIAU assisteix a la primera Assemblea de Treballadors en Frau de Llei de Balears\",\"datePublished\":\"2022-05-28T20:15:40+00:00\",\"dateModified\":\"2022-05-29T08:51:22+00:00\",\"mainEntityOfPage\":{\"@id\":\"https:\\\/\\\/www.siau.cat\\\/index.php\\\/2022\\\/05\\\/28\\\/siau-assisteix-a-la-primera-assemblea-de-treballadors-en-frau-de-llei-de-balears\\\/\"},\"wordCount\":90,\"publisher\":{\"@id\":\"https:\\\/\\\/www.siau.cat\\\/#organization\"},\"image\":{\"@id\":\"https:\\\/\\\/www.siau.cat\\\/index.php\\\/2022\\\/05\\\/28\\\/siau-assisteix-a-la-primera-assemblea-de-treballadors-en-frau-de-llei-de-balears\\\/#primaryimage\"},\"thumbnailUrl\":\"https:\\\/\\\/www.siau.cat\\\/wp-content\\\/uploads\\\/2022\\\/05\\\/Logo-1.png\",\"keywords\":[\"assemblea\",\"frau de llei\",\"SIAU\",\"treballadors\"],\"articleSection\":[\"Uncategorized\"],\"inLanguage\":\"ca\"},{\"@type\":\"WebPage\",\"@id\":\"https:\\\/\\\/www.siau.cat\\\/index.php\\\/2022\\\/05\\\/28\\\/siau-assisteix-a-la-primera-assemblea-de-treballadors-en-frau-de-llei-de-balears\\\/\",\"url\":\"https:\\\/\\\/www.siau.cat\\\/index.php\\\/2022\\\/05\\\/28\\\/siau-assisteix-a-la-primera-assemblea-de-treballadors-en-frau-de-llei-de-balears\\\/\",\"name\":\"SIAU assisteix a la primera Assemblea de Treballadors en Frau de Llei de Balears &#8212; SIAU - SINDICAT INDEPENDENT, AUT\u00d2NOM I UNITARI\",\"isPartOf\":{\"@id\":\"https:\\\/\\\/www.siau.cat\\\/#website\"},\"primaryImageOfPage\":{\"@id\":\"https:\\\/\\\/www.siau.cat\\\/index.php\\\/2022\\\/05\\\/28\\\/siau-assisteix-a-la-primera-assemblea-de-treballadors-en-frau-de-llei-de-balears\\\/#primaryimage\"},\"image\":{\"@id\":\"https:\\\/\\\/www.siau.cat\\\/index.php\\\/2022\\\/05\\\/28\\\/siau-assisteix-a-la-primera-assemblea-de-treballadors-en-frau-de-llei-de-balears\\\/#primaryimage\"},\"thumbnailUrl\":\"https:\\\/\\\/www.siau.cat\\\/wp-content\\\/uploads\\\/2022\\\/05\\\/Logo-1.png\",\"datePublished\":\"2022-05-28T20:15:40+00:00\",\"dateModified\":\"2022-05-29T08:51:22+00:00\",\"breadcrumb\":{\"@id\":\"https:\\\/\\\/www.siau.cat\\\/index.php\\\/2022\\\/05\\\/28\\\/siau-assisteix-a-la-primera-assemblea-de-treballadors-en-frau-de-llei-de-balears\\\/#breadcrumb\"},\"inLanguage\":\"ca\",\"potentialAction\":[{\"@type\":\"ReadAction\",\"target\":[\"https:\\\/\\\/www.siau.cat\\\/index.php\\\/2022\\\/05\\\/28\\\/siau-assisteix-a-la-primera-assemblea-de-treballadors-en-frau-de-llei-de-balears\\\/\"]}]},{\"@type\":\"ImageObject\",\"inLanguage\":\"ca\",\"@id\":\"https:\\\/\\\/www.siau.cat\\\/index.php\\\/2022\\\/05\\\/28\\\/siau-assisteix-a-la-primera-assemblea-de-treballadors-en-frau-de-llei-de-balears\\\/#primaryimage\",\"url\":\"https:\\\/\\\/www.siau.cat\\\/wp-content\\\/uploads\\\/2022\\\/05\\\/Logo-1.png\",\"contentUrl\":\"https:\\\/\\\/www.siau.cat\\\/wp-content\\\/uploads\\\/2022\\\/05\\\/Logo-1.png\",\"width\":500,\"height\":500},{\"@type\":\"BreadcrumbList\",\"@id\":\"https:\\\/\\\/www.siau.cat\\\/index.php\\\/2022\\\/05\\\/28\\\/siau-assisteix-a-la-primera-assemblea-de-treballadors-en-frau-de-llei-de-balears\\\/#breadcrumb\",\"itemListElement\":[{\"@type\":\"ListItem\",\"position\":1,\"name\":\"Inici\",\"item\":\"https:\\\/\\\/www.siau.cat\\\/\"},{\"@type\":\"ListItem\",\"position\":2,\"name\":\"SIAU assisteix a la primera Assemblea de Treballadors en Frau de Llei de Balears\"}]},{\"@type\":\"WebSite\",\"@id\":\"https:\\\/\\\/www.siau.cat\\\/#website\",\"url\":\"https:\\\/\\\/www.siau.cat\\\/\",\"name\":\"SIAU - SINDICAT INDEPENDENT, AUT\u00d2NOM I UNITARI\",\"description\":\"Ara s\u00ed que tenim la veu\",\"publisher\":{\"@id\":\"https:\\\/\\\/www.siau.cat\\\/#organization\"},\"potentialAction\":[{\"@type\":\"SearchAction\",\"target\":{\"@type\":\"EntryPoint\",\"urlTemplate\":\"https:\\\/\\\/www.siau.cat\\\/?s={search_term_string}\"},\"query-input\":{\"@type\":\"PropertyValueSpecification\",\"valueRequired\":true,\"valueName\":\"search_term_string\"}}],\"inLanguage\":\"ca\"},{\"@type\":\"Organization\",\"@id\":\"https:\\\/\\\/www.siau.cat\\\/#organization\",\"name\":\"SIAU\",\"url\":\"https:\\\/\\\/www.siau.cat\\\/\",\"logo\":{\"@type\":\"ImageObject\",\"inLanguage\":\"ca\",\"@id\":\"https:\\\/\\\/www.siau.cat\\\/#\\\/schema\\\/logo\\\/image\\\/\",\"url\":\"https:\\\/\\\/www.siau.cat\\\/wp-content\\\/uploads\\\/2022\\\/03\\\/cropped-resized_LOGO-SIAU-5-e1652020847972.jpg\",\"contentUrl\":\"https:\\\/\\\/www.siau.cat\\\/wp-content\\\/uploads\\\/2022\\\/03\\\/cropped-resized_LOGO-SIAU-5-e1652020847972.jpg\",\"width\":1600,\"height\":1200,\"caption\":\"SIAU\"},\"image\":{\"@id\":\"https:\\\/\\\/www.siau.cat\\\/#\\\/schema\\\/logo\\\/image\\\/\"}},{\"@type\":\"Person\",\"@id\":\"https:\\\/\\\/www.siau.cat\\\/#\\\/schema\\\/person\\\/810c15694a7e538934bb4be53ebcba0d\",\"name\":\"admin\",\"image\":{\"@type\":\"ImageObject\",\"inLanguage\":\"ca\",\"@id\":\"https:\\\/\\\/www.siau.cat\\\/wp-content\\\/litespeed\\\/avatar\\\/d73ebfac3daa0b52552b2ccea63469da.jpg?ver=1787692508\",\"url\":\"https:\\\/\\\/www.siau.cat\\\/wp-content\\\/litespeed\\\/avatar\\\/d73ebfac3daa0b52552b2ccea63469da.jpg?ver=1787692508\",\"contentUrl\":\"https:\\\/\\\/www.siau.cat\\\/wp-content\\\/litespeed\\\/avatar\\\/d73ebfac3daa0b52552b2ccea63469da.jpg?ver=1787692508\",\"caption\":\"admin\"},\"sameAs\":[\"https:\\\/\\\/www.siau.cat\"],\"url\":\"https:\\\/\\\/www.siau.cat\\\/index.php\\\/author\\\/admin\\\/\"}]}<\/script>\n<!-- \/ Yoast SEO plugin. -->","yoast_head_json":{"title":"SIAU assisteix a la primera Assemblea de Treballadors en Frau de Llei de Balears &#8212; SIAU - SINDICAT INDEPENDENT, AUT\u00d2NOM I UNITARI","robots":{"index":"index","follow":"follow","max-snippet":"max-snippet:-1","max-image-preview":"max-image-preview:large","max-video-preview":"max-video-preview:-1"},"canonical":"https:\/\/www.siau.cat\/index.php\/2022\/05\/28\/siau-assisteix-a-la-primera-assemblea-de-treballadors-en-frau-de-llei-de-balears\/","og_locale":"ca_ES","og_type":"article","og_title":"SIAU assisteix a la primera Assemblea de Treballadors en Frau de Llei de Balears &#8212; SIAU - SINDICAT INDEPENDENT, AUT\u00d2NOM I UNITARI","og_description":"Avui, dia 28 de maig de 2022, SIAU ha assistit i participat a la primera Assemblea de Treballadors en Frau de Llei de Balears. La trobada ha resultat ser un \u00e8xit pel que fa a l&#8217;elevat nombre d&#8217;assistents i tamb\u00e9 pels acords sorgits. La seg\u00fcent Assemblea es dur\u00e0 a terme dia 11 de juny a &hellip; Continua llegint \u00abSIAU assisteix a la primera Assemblea de Treballadors en Frau de Llei de Balears\u00bb","og_url":"https:\/\/www.siau.cat\/index.php\/2022\/05\/28\/siau-assisteix-a-la-primera-assemblea-de-treballadors-en-frau-de-llei-de-balears\/","og_site_name":"SIAU - SINDICAT INDEPENDENT, AUT\u00d2NOM I UNITARI","article_published_time":"2022-05-28T20:15:40+00:00","article_modified_time":"2022-05-29T08:51:22+00:00","og_image":[{"url":"https:\/\/www.siau.cat\/wp-content\/uploads\/2022\/05\/Logo-1.png","type":"","width":"","height":""}],"author":"admin","twitter_card":"summary_large_image","twitter_misc":{"Escrit per":"admin","Temps estimat de lectura":"1 minut"},"schema":{"@context":"https:\/\/schema.org","@graph":[{"@type":"Article","@id":"https:\/\/www.siau.cat\/index.php\/2022\/05\/28\/siau-assisteix-a-la-primera-assemblea-de-treballadors-en-frau-de-llei-de-balears\/#article","isPartOf":{"@id":"https:\/\/www.siau.cat\/index.php\/2022\/05\/28\/siau-assisteix-a-la-primera-assemblea-de-treballadors-en-frau-de-llei-de-balears\/"},"author":{"name":"admin","@id":"https:\/\/www.siau.cat\/#\/schema\/person\/810c15694a7e538934bb4be53ebcba0d"},"headline":"SIAU assisteix a la primera Assemblea de Treballadors en Frau de Llei de Balears","datePublished":"2022-05-28T20:15:40+00:00","dateModified":"2022-05-29T08:51:22+00:00","mainEntityOfPage":{"@id":"https:\/\/www.siau.cat\/index.php\/2022\/05\/28\/siau-assisteix-a-la-primera-assemblea-de-treballadors-en-frau-de-llei-de-balears\/"},"wordCount":90,"publisher":{"@id":"https:\/\/www.siau.cat\/#organization"},"image":{"@id":"https:\/\/www.siau.cat\/index.php\/2022\/05\/28\/siau-assisteix-a-la-primera-assemblea-de-treballadors-en-frau-de-llei-de-balears\/#primaryimage"},"thumbnailUrl":"https:\/\/www.siau.cat\/wp-content\/uploads\/2022\/05\/Logo-1.png","keywords":["assemblea","frau de llei","SIAU","treballadors"],"articleSection":["Uncategorized"],"inLanguage":"ca"},{"@type":"WebPage","@id":"https:\/\/www.siau.cat\/index.php\/2022\/05\/28\/siau-assisteix-a-la-primera-assemblea-de-treballadors-en-frau-de-llei-de-balears\/","url":"https:\/\/www.siau.cat\/index.php\/2022\/05\/28\/siau-assisteix-a-la-primera-assemblea-de-treballadors-en-frau-de-llei-de-balears\/","name":"SIAU assisteix a la primera Assemblea de Treballadors en Frau de Llei de Balears &#8212; SIAU - SINDICAT INDEPENDENT, AUT\u00d2NOM I UNITARI","isPartOf":{"@id":"https:\/\/www.siau.cat\/#website"},"primaryImageOfPage":{"@id":"https:\/\/www.siau.cat\/index.php\/2022\/05\/28\/siau-assisteix-a-la-primera-assemblea-de-treballadors-en-frau-de-llei-de-balears\/#primaryimage"},"image":{"@id":"https:\/\/www.siau.cat\/index.php\/2022\/05\/28\/siau-assisteix-a-la-primera-assemblea-de-treballadors-en-frau-de-llei-de-balears\/#primaryimage"},"thumbnailUrl":"https:\/\/www.siau.cat\/wp-content\/uploads\/2022\/05\/Logo-1.png","datePublished":"2022-05-28T20:15:40+00:00","dateModified":"2022-05-29T08:51:22+00:00","breadcrumb":{"@id":"https:\/\/www.siau.cat\/index.php\/2022\/05\/28\/siau-assisteix-a-la-primera-assemblea-de-treballadors-en-frau-de-llei-de-balears\/#breadcrumb"},"inLanguage":"ca","potentialAction":[{"@type":"ReadAction","target":["https:\/\/www.siau.cat\/index.php\/2022\/05\/28\/siau-assisteix-a-la-primera-assemblea-de-treballadors-en-frau-de-llei-de-balears\/"]}]},{"@type":"ImageObject","inLanguage":"ca","@id":"https:\/\/www.siau.cat\/index.php\/2022\/05\/28\/siau-assisteix-a-la-primera-assemblea-de-treballadors-en-frau-de-llei-de-balears\/#primaryimage","url":"https:\/\/www.siau.cat\/wp-content\/uploads\/2022\/05\/Logo-1.png","contentUrl":"https:\/\/www.siau.cat\/wp-content\/uploads\/2022\/05\/Logo-1.png","width":500,"height":500},{"@type":"BreadcrumbList","@id":"https:\/\/www.siau.cat\/index.php\/2022\/05\/28\/siau-assisteix-a-la-primera-assemblea-de-treballadors-en-frau-de-llei-de-balears\/#breadcrumb","itemListElement":[{"@type":"ListItem","position":1,"name":"Inici","item":"https:\/\/www.siau.cat\/"},{"@type":"ListItem","position":2,"name":"SIAU assisteix a la primera Assemblea de Treballadors en Frau de Llei de Balears"}]},{"@type":"WebSite","@id":"https:\/\/www.siau.cat\/#website","url":"https:\/\/www.siau.cat\/","name":"SIAU - SINDICAT INDEPENDENT, AUT\u00d2NOM I UNITARI","description":"Ara s\u00ed que tenim la veu","publisher":{"@id":"https:\/\/www.siau.cat\/#organization"},"potentialAction":[{"@type":"SearchAction","target":{"@type":"EntryPoint","urlTemplate":"https:\/\/www.siau.cat\/?s={search_term_string}"},"query-input":{"@type":"PropertyValueSpecification","valueRequired":true,"valueName":"search_term_string"}}],"inLanguage":"ca"},{"@type":"Organization","@id":"https:\/\/www.siau.cat\/#organization","name":"SIAU","url":"https:\/\/www.siau.cat\/","logo":{"@type":"ImageObject","inLanguage":"ca","@id":"https:\/\/www.siau.cat\/#\/schema\/logo\/image\/","url":"https:\/\/www.siau.cat\/wp-content\/uploads\/2022\/03\/cropped-resized_LOGO-SIAU-5-e1652020847972.jpg","contentUrl":"https:\/\/www.siau.cat\/wp-content\/uploads\/2022\/03\/cropped-resized_LOGO-SIAU-5-e1652020847972.jpg","width":1600,"height":1200,"caption":"SIAU"},"image":{"@id":"https:\/\/www.siau.cat\/#\/schema\/logo\/image\/"}},{"@type":"Person","@id":"https:\/\/www.siau.cat\/#\/schema\/person\/810c15694a7e538934bb4be53ebcba0d","name":"admin","image":{"@type":"ImageObject","inLanguage":"ca","@id":"https:\/\/www.siau.cat\/wp-content\/litespeed\/avatar\/d73ebfac3daa0b52552b2ccea63469da.jpg?ver=1787692508","url":"https:\/\/www.siau.cat\/wp-content\/litespeed\/avatar\/d73ebfac3daa0b52552b2ccea63469da.jpg?ver=1787692508","contentUrl":"https:\/\/www.siau.cat\/wp-content\/litespeed\/avatar\/d73ebfac3daa0b52552b2ccea63469da.jpg?ver=1787692508","caption":"admin"},"sameAs":["https:\/\/www.siau.cat"],"url":"https:\/\/www.siau.cat\/index.php\/author\/admin\/"}]}},"jetpack_sharing_enabled":true,"jetpack_featured_media_url":"","_links":{"self":[{"href":"https:\/\/www.siau.cat\/index.php\/wp-json\/wp\/v2\/posts\/297","targetHints":{"allow":["GET"]}}],"collection":[{"href":"https:\/\/www.siau.cat\/index.php\/wp-json\/wp\/v2\/posts"}],"about":[{"href":"https:\/\/www.siau.cat\/index.php\/wp-json\/wp\/v2\/types\/post"}],"author":[{"embeddable":true,"href":"https:\/\/www.siau.cat\/index.php\/wp-json\/wp\/v2\/users\/1"}],"replies":[{"embeddable":true,"href":"https:\/\/www.siau.cat\/index.php\/wp-json\/wp\/v2\/comments?post=297"}],"version-history":[{"count":5,"href":"https:\/\/www.siau.cat\/index.php\/wp-json\/wp\/v2\/posts\/297\/revisions"}],"predecessor-version":[{"id":307,"href":"https:\/\/www.siau.cat\/index.php\/wp-json\/wp\/v2\/posts\/297\/revisions\/307"}],"wp:attachment":[{"href":"https:\/\/www.siau.cat\/index.php\/wp-json\/wp\/v2\/media?parent=297"}],"wp:term":[{"taxonomy":"category","embeddable":true,"href":"https:\/\/www.siau.cat\/index.php\/wp-json\/wp\/v2\/categories?post=297"},{"taxonomy":"post_tag","embeddable":true,"href":"https:\/\/www.siau.cat\/index.php\/wp-json\/wp\/v2\/tags?post=297"}],"curies":[{"name":"wp","href":"https:\/\/api.w.org\/{rel}","templated":true}]}}