{"id":400,"date":"2022-07-05T19:27:27","date_gmt":"2022-07-05T19:27:27","guid":{"rendered":"https:\/\/www.siau.cat\/?p=400"},"modified":"2022-07-05T19:27:27","modified_gmt":"2022-07-05T19:27:27","slug":"es-publiquen-retallades-sense-precedents-pel-funcionariat-interi","status":"publish","type":"post","link":"https:\/\/www.siau.cat\/index.php\/2022\/07\/05\/es-publiquen-retallades-sense-precedents-pel-funcionariat-interi\/","title":{"rendered":"Es publiquen retallades sense precedents pel funcionariat inter\u00ed"},"content":{"rendered":"\n<p class=\"has-text-align-justify\">Avui, dia 5 de juliol de 2022, s\u2019ha publicat en el BOIB la \u201c<a href=\"https:\/\/intranet.caib.es\/eboibfront\/ca\/2022\/11590\/662517\/resolucio-de-la-directora-general-de-personal-doce\" target=\"_blank\" rel=\"noreferrer noopener\">Resoluci\u00f3 d\u2019adjudicacions<\/a>\u201d. A continuaci\u00f3 passem a fer una pinzellada de les noves tipologies de places i retallades que finalment s\u2019han materialitzat:<\/p>\n\n\n\n<figure class=\"wp-block-image size-large\"><img loading=\"lazy\" decoding=\"async\" width=\"1024\" height=\"510\" src=\"https:\/\/www.siau.cat\/wp-content\/uploads\/2022\/07\/grafic-retallades-1024x510.png\" alt=\"\" class=\"wp-image-401\" srcset=\"https:\/\/www.siau.cat\/wp-content\/uploads\/2022\/07\/grafic-retallades-1024x510.png 1024w, https:\/\/www.siau.cat\/wp-content\/uploads\/2022\/07\/grafic-retallades-350x174.png 350w, https:\/\/www.siau.cat\/wp-content\/uploads\/2022\/07\/grafic-retallades-300x149.png 300w, https:\/\/www.siau.cat\/wp-content\/uploads\/2022\/07\/grafic-retallades-768x383.png 768w, https:\/\/www.siau.cat\/wp-content\/uploads\/2022\/07\/grafic-retallades-1536x765.png 1536w, https:\/\/www.siau.cat\/wp-content\/uploads\/2022\/07\/grafic-retallades-24x12.png 24w, https:\/\/www.siau.cat\/wp-content\/uploads\/2022\/07\/grafic-retallades-36x18.png 36w, https:\/\/www.siau.cat\/wp-content\/uploads\/2022\/07\/grafic-retallades-48x24.png 48w, https:\/\/www.siau.cat\/wp-content\/uploads\/2022\/07\/grafic-retallades.png 1690w\" sizes=\"auto, (max-width: 767px) 89vw, (max-width: 1000px) 54vw, (max-width: 1071px) 543px, 580px\" \/><\/figure>\n\n\n\n<p class=\"has-text-align-justify\">&#8211; V: places sense propietari (reben el mateix nom que abans). \u00c9s important tenir en compte que el cessament de l\u2019inter\u00ed que l\u2019ocupi es pot produir en qualsevol moment, sempre que un funcionari amb m\u00e9s drets administratius passi a ocupar-la.<\/p>\n\n\n\n<p class=\"has-text-align-justify\">&#8211; TP: mitges jornades i places amb dues o m\u00e9s especialitats, entre d\u2019altres (fins ara se les considerava V). Passa el mateix que amb l\u2019anterior tipologia quan parlem de cessaments.<\/p>\n\n\n\n<p class=\"has-text-align-justify\">&#8211; S: places resultants del moviment d\u2019un funcionari a una altra destinaci\u00f3 (fins ara se les considerava SV) i places que provenen d\u2019incapacitats temporals, d\u2019una part dels permisos&#8230; (aquestes darreres continuen rebent el mateix nom que abans, S); recordem que aquestes darreres, les que no han canviat el nom, s\u2019haurien de comen\u00e7ar a adjudicar per setembre. El cessament de totes les S (fins aquest curs SV i S) no est\u00e0 garantit a 31 de juliol de 2023, ja que el titular es pot reincorporar abans. Tampoc no podem passar per alt que en el cas de les substitucions de tot un curs escolar s\u2019ha aplicat una retallada d\u2019un mes de sou, cotitzaci\u00f3 i puntuaci\u00f3 (se suprimeix l\u2019agost).<\/p>\n\n\n\n<p class=\"has-text-align-justify\">&#8211; TA: places que es creen a posteriori per necessitats sobrevingudes, com la falta de m\u00e9s recursos humans (fins ara se les considerava VP, vacant per planificaci\u00f3). El cessament d\u2019aquestes places passa a 30 de juny 2023, retallant dos mesos de sou, cotitzaci\u00f3 i puntuaci\u00f3 als interins que les ocupin.<\/p>\n\n\n\n<p class=\"has-text-align-justify\">Com es pot observar, es tracta d\u2019unes retallades sense precedents dins l\u2019ensenyament p\u00fablic. Per comen\u00e7ar, a les substitucions considerades de tot un curs escolar se\u2019ls hi retalla un mes de sou, cotitzaci\u00f3 i puntuaci\u00f3. Per\u00f2 m\u00e9s exagerada \u00e9s la retallada en aquelles places que abans es catalogaven com a vacants per planificaci\u00f3, ja que ara se\u2019ls hi canvia el nom (passen a anomenar-se TA, pla\u00e7a temporal per exc\u00e9s o acumulaci\u00f3 de tasques) i se suprimeixen per primera vegada dos mesos de sou, cotitzaci\u00f3 i puntuaci\u00f3 (juliol i agost).<\/p>\n\n\n\n<p class=\"has-text-align-justify\">Totes aquestes retallades s\u2019han intentat dissimular amb canvis de nom (les VP passen a dir-se TA), excusant-se en qu\u00e8 certes places ara nom\u00e9s perdrien un mes en comptes de dos i, finalment, afirmant que com a novetat les substitucions serien fins dia 31 de juliol de 2023, respecte a aix\u00f2 darrer hem de tornar a destacar que:\u00a0<\/p>\n\n\n\n<p class=\"has-text-align-justify\">1. En el cas de les substitucions de tot un curs escolar fins ara el cessament era a 31 d\u2019agost (sempre que el titular no torn\u00e9s abans).<\/p>\n\n\n\n<p class=\"has-text-align-justify\">2. En el cas de les simples substitucions ja s\u2019havien produ\u00eft casos en qu\u00e8 l\u2019inter\u00ed cessava a 31 de juliol perqu\u00e8 el titular de la pla\u00e7a no havia retornat i durant l\u2019estiu s\u2019havien d\u2019executar tasques. Per tant, no observem cap millora.<\/p>\n\n\n\n<p class=\"has-text-align-justify\">Amb aquestes retallades que avui es publiquen en el BOIB, la Conselleria d\u2019Educaci\u00f3 s\u2019estalviar\u00e0 molts de doblers que podr\u00e0 malgastar en el que consideren altres prioritats, prioritats que no fan cap b\u00e9 a l\u2019educaci\u00f3 p\u00fablica. Estem davant d\u2019un clar retroc\u00e9s en drets sociolaborals i un atac en tota regla als treballadors en situaci\u00f3 m\u00e9s prec\u00e0ria. Una vegada m\u00e9s, els representants pol\u00edtics i les forces sindicals amb representaci\u00f3 que, per interessos, han venut com una fita aconseguida o \u00e8xit aquestes retallades (i \u00e9s que no hi ha per on agafar-ho) discriminen i maltracten el funcionariat inter\u00ed i demostren no tenir gens d\u2019empatia amb la comunitat educativa. Des de SIAU no ens cansarem de denunciar tot all\u00f2 que altres intenten tapar sense \u00e8xit.<\/p>\n","protected":false},"excerpt":{"rendered":"<p>Avui, dia 5 de juliol de 2022, s\u2019ha publicat en el BOIB la \u201cResoluci\u00f3 d\u2019adjudicacions\u201d. A continuaci\u00f3 passem a fer una pinzellada de les noves tipologies de places i retallades que finalment s\u2019han materialitzat: &#8211; V: places sense propietari (reben el mateix nom que abans). \u00c9s important tenir en compte que el cessament de l\u2019inter\u00ed &hellip; <\/p>\n<p class=\"link-more\"><a href=\"https:\/\/www.siau.cat\/index.php\/2022\/07\/05\/es-publiquen-retallades-sense-precedents-pel-funcionariat-interi\/\" class=\"more-link\">Continua llegint <span class=\"screen-reader-text\">\u00abEs publiquen retallades sense precedents pel funcionariat inter\u00ed\u00bb<\/span><\/a><\/p>\n","protected":false},"author":1,"featured_media":0,"comment_status":"closed","ping_status":"open","sticky":false,"template":"","format":"standard","meta":{"_jetpack_memberships_contains_paid_content":false,"footnotes":""},"categories":[1],"tags":[],"class_list":["post-400","post","type-post","status-publish","format-standard","hentry","category-uncategorized"],"yoast_head":"<!-- This site is optimized with the Yoast SEO plugin v25.4 - https:\/\/yoast.com\/wordpress\/plugins\/seo\/ -->\n<title>Es publiquen retallades sense precedents pel funcionariat inter\u00ed &#8212; SIAU - SINDICAT INDEPENDENT, AUT\u00d2NOM I UNITARI<\/title>\n<meta name=\"robots\" content=\"index, follow, max-snippet:-1, max-image-preview:large, max-video-preview:-1\" \/>\n<link rel=\"canonical\" href=\"https:\/\/www.siau.cat\/index.php\/2022\/07\/05\/es-publiquen-retallades-sense-precedents-pel-funcionariat-interi\/\" \/>\n<meta property=\"og:locale\" content=\"ca_ES\" \/>\n<meta property=\"og:type\" content=\"article\" \/>\n<meta property=\"og:title\" content=\"Es publiquen retallades sense precedents pel funcionariat inter\u00ed &#8212; SIAU - SINDICAT INDEPENDENT, AUT\u00d2NOM I UNITARI\" \/>\n<meta property=\"og:description\" content=\"Avui, dia 5 de juliol de 2022, s\u2019ha publicat en el BOIB la \u201cResoluci\u00f3 d\u2019adjudicacions\u201d. A continuaci\u00f3 passem a fer una pinzellada de les noves tipologies de places i retallades que finalment s\u2019han materialitzat: &#8211; V: places sense propietari (reben el mateix nom que abans). \u00c9s important tenir en compte que el cessament de l\u2019inter\u00ed &hellip; Continua llegint \u00abEs publiquen retallades sense precedents pel funcionariat inter\u00ed\u00bb\" \/>\n<meta property=\"og:url\" content=\"https:\/\/www.siau.cat\/index.php\/2022\/07\/05\/es-publiquen-retallades-sense-precedents-pel-funcionariat-interi\/\" \/>\n<meta property=\"og:site_name\" content=\"SIAU - SINDICAT INDEPENDENT, AUT\u00d2NOM I UNITARI\" \/>\n<meta property=\"article:published_time\" content=\"2022-07-05T19:27:27+00:00\" \/>\n<meta property=\"og:image\" content=\"https:\/\/www.siau.cat\/wp-content\/uploads\/2022\/07\/grafic-retallades-1024x510.png\" \/>\n<meta name=\"author\" content=\"admin\" \/>\n<meta name=\"twitter:card\" content=\"summary_large_image\" \/>\n<meta name=\"twitter:label1\" content=\"Escrit per\" \/>\n\t<meta name=\"twitter:data1\" content=\"admin\" \/>\n\t<meta name=\"twitter:label2\" content=\"Temps estimat de lectura\" \/>\n\t<meta name=\"twitter:data2\" content=\"4 minuts\" \/>\n<script type=\"application\/ld+json\" class=\"yoast-schema-graph\">{\"@context\":\"https:\/\/schema.org\",\"@graph\":[{\"@type\":\"Article\",\"@id\":\"https:\/\/www.siau.cat\/index.php\/2022\/07\/05\/es-publiquen-retallades-sense-precedents-pel-funcionariat-interi\/#article\",\"isPartOf\":{\"@id\":\"https:\/\/www.siau.cat\/index.php\/2022\/07\/05\/es-publiquen-retallades-sense-precedents-pel-funcionariat-interi\/\"},\"author\":{\"name\":\"admin\",\"@id\":\"https:\/\/www.siau.cat\/#\/schema\/person\/810c15694a7e538934bb4be53ebcba0d\"},\"headline\":\"Es publiquen retallades sense precedents pel funcionariat inter\u00ed\",\"datePublished\":\"2022-07-05T19:27:27+00:00\",\"mainEntityOfPage\":{\"@id\":\"https:\/\/www.siau.cat\/index.php\/2022\/07\/05\/es-publiquen-retallades-sense-precedents-pel-funcionariat-interi\/\"},\"wordCount\":651,\"publisher\":{\"@id\":\"https:\/\/www.siau.cat\/#organization\"},\"image\":{\"@id\":\"https:\/\/www.siau.cat\/index.php\/2022\/07\/05\/es-publiquen-retallades-sense-precedents-pel-funcionariat-interi\/#primaryimage\"},\"thumbnailUrl\":\"https:\/\/www.siau.cat\/wp-content\/uploads\/2022\/07\/grafic-retallades-1024x510.png\",\"articleSection\":[\"Uncategorized\"],\"inLanguage\":\"ca\"},{\"@type\":\"WebPage\",\"@id\":\"https:\/\/www.siau.cat\/index.php\/2022\/07\/05\/es-publiquen-retallades-sense-precedents-pel-funcionariat-interi\/\",\"url\":\"https:\/\/www.siau.cat\/index.php\/2022\/07\/05\/es-publiquen-retallades-sense-precedents-pel-funcionariat-interi\/\",\"name\":\"Es publiquen retallades sense precedents pel funcionariat inter\u00ed &#8212; SIAU - SINDICAT INDEPENDENT, AUT\u00d2NOM I UNITARI\",\"isPartOf\":{\"@id\":\"https:\/\/www.siau.cat\/#website\"},\"primaryImageOfPage\":{\"@id\":\"https:\/\/www.siau.cat\/index.php\/2022\/07\/05\/es-publiquen-retallades-sense-precedents-pel-funcionariat-interi\/#primaryimage\"},\"image\":{\"@id\":\"https:\/\/www.siau.cat\/index.php\/2022\/07\/05\/es-publiquen-retallades-sense-precedents-pel-funcionariat-interi\/#primaryimage\"},\"thumbnailUrl\":\"https:\/\/www.siau.cat\/wp-content\/uploads\/2022\/07\/grafic-retallades-1024x510.png\",\"datePublished\":\"2022-07-05T19:27:27+00:00\",\"breadcrumb\":{\"@id\":\"https:\/\/www.siau.cat\/index.php\/2022\/07\/05\/es-publiquen-retallades-sense-precedents-pel-funcionariat-interi\/#breadcrumb\"},\"inLanguage\":\"ca\",\"potentialAction\":[{\"@type\":\"ReadAction\",\"target\":[\"https:\/\/www.siau.cat\/index.php\/2022\/07\/05\/es-publiquen-retallades-sense-precedents-pel-funcionariat-interi\/\"]}]},{\"@type\":\"ImageObject\",\"inLanguage\":\"ca\",\"@id\":\"https:\/\/www.siau.cat\/index.php\/2022\/07\/05\/es-publiquen-retallades-sense-precedents-pel-funcionariat-interi\/#primaryimage\",\"url\":\"https:\/\/www.siau.cat\/wp-content\/uploads\/2022\/07\/grafic-retallades.png\",\"contentUrl\":\"https:\/\/www.siau.cat\/wp-content\/uploads\/2022\/07\/grafic-retallades.png\",\"width\":1690,\"height\":842},{\"@type\":\"BreadcrumbList\",\"@id\":\"https:\/\/www.siau.cat\/index.php\/2022\/07\/05\/es-publiquen-retallades-sense-precedents-pel-funcionariat-interi\/#breadcrumb\",\"itemListElement\":[{\"@type\":\"ListItem\",\"position\":1,\"name\":\"Inici\",\"item\":\"https:\/\/www.siau.cat\/\"},{\"@type\":\"ListItem\",\"position\":2,\"name\":\"Es publiquen retallades sense precedents pel funcionariat inter\u00ed\"}]},{\"@type\":\"WebSite\",\"@id\":\"https:\/\/www.siau.cat\/#website\",\"url\":\"https:\/\/www.siau.cat\/\",\"name\":\"SIAU - SINDICAT INDEPENDENT, AUT\u00d2NOM I UNITARI\",\"description\":\"Ara s&iacute; que tenim la veu\",\"publisher\":{\"@id\":\"https:\/\/www.siau.cat\/#organization\"},\"potentialAction\":[{\"@type\":\"SearchAction\",\"target\":{\"@type\":\"EntryPoint\",\"urlTemplate\":\"https:\/\/www.siau.cat\/?s={search_term_string}\"},\"query-input\":{\"@type\":\"PropertyValueSpecification\",\"valueRequired\":true,\"valueName\":\"search_term_string\"}}],\"inLanguage\":\"ca\"},{\"@type\":\"Organization\",\"@id\":\"https:\/\/www.siau.cat\/#organization\",\"name\":\"SIAU\",\"url\":\"https:\/\/www.siau.cat\/\",\"logo\":{\"@type\":\"ImageObject\",\"inLanguage\":\"ca\",\"@id\":\"https:\/\/www.siau.cat\/#\/schema\/logo\/image\/\",\"url\":\"https:\/\/www.siau.cat\/wp-content\/uploads\/2022\/03\/cropped-resized_LOGO-SIAU-5-e1652020847972.jpg\",\"contentUrl\":\"https:\/\/www.siau.cat\/wp-content\/uploads\/2022\/03\/cropped-resized_LOGO-SIAU-5-e1652020847972.jpg\",\"width\":1600,\"height\":1200,\"caption\":\"SIAU\"},\"image\":{\"@id\":\"https:\/\/www.siau.cat\/#\/schema\/logo\/image\/\"}},{\"@type\":\"Person\",\"@id\":\"https:\/\/www.siau.cat\/#\/schema\/person\/810c15694a7e538934bb4be53ebcba0d\",\"name\":\"admin\",\"image\":{\"@type\":\"ImageObject\",\"inLanguage\":\"ca\",\"@id\":\"https:\/\/www.siau.cat\/#\/schema\/person\/image\/\",\"url\":\"https:\/\/www.siau.cat\/wp-content\/litespeed\/avatar\/d73ebfac3daa0b52552b2ccea63469da.jpg?ver=1777403609\",\"contentUrl\":\"https:\/\/www.siau.cat\/wp-content\/litespeed\/avatar\/d73ebfac3daa0b52552b2ccea63469da.jpg?ver=1777403609\",\"caption\":\"admin\"},\"sameAs\":[\"https:\/\/www.siau.cat\"],\"url\":\"https:\/\/www.siau.cat\/index.php\/author\/admin\/\"}]}<\/script>\n<!-- \/ Yoast SEO plugin. -->","yoast_head_json":{"title":"Es publiquen retallades sense precedents pel funcionariat inter\u00ed &#8212; SIAU - SINDICAT INDEPENDENT, AUT\u00d2NOM I UNITARI","robots":{"index":"index","follow":"follow","max-snippet":"max-snippet:-1","max-image-preview":"max-image-preview:large","max-video-preview":"max-video-preview:-1"},"canonical":"https:\/\/www.siau.cat\/index.php\/2022\/07\/05\/es-publiquen-retallades-sense-precedents-pel-funcionariat-interi\/","og_locale":"ca_ES","og_type":"article","og_title":"Es publiquen retallades sense precedents pel funcionariat inter\u00ed &#8212; SIAU - SINDICAT INDEPENDENT, AUT\u00d2NOM I UNITARI","og_description":"Avui, dia 5 de juliol de 2022, s\u2019ha publicat en el BOIB la \u201cResoluci\u00f3 d\u2019adjudicacions\u201d. A continuaci\u00f3 passem a fer una pinzellada de les noves tipologies de places i retallades que finalment s\u2019han materialitzat: &#8211; V: places sense propietari (reben el mateix nom que abans). \u00c9s important tenir en compte que el cessament de l\u2019inter\u00ed &hellip; Continua llegint \u00abEs publiquen retallades sense precedents pel funcionariat inter\u00ed\u00bb","og_url":"https:\/\/www.siau.cat\/index.php\/2022\/07\/05\/es-publiquen-retallades-sense-precedents-pel-funcionariat-interi\/","og_site_name":"SIAU - SINDICAT INDEPENDENT, AUT\u00d2NOM I UNITARI","article_published_time":"2022-07-05T19:27:27+00:00","og_image":[{"url":"https:\/\/www.siau.cat\/wp-content\/uploads\/2022\/07\/grafic-retallades-1024x510.png","type":"","width":"","height":""}],"author":"admin","twitter_card":"summary_large_image","twitter_misc":{"Escrit per":"admin","Temps estimat de lectura":"4 minuts"},"schema":{"@context":"https:\/\/schema.org","@graph":[{"@type":"Article","@id":"https:\/\/www.siau.cat\/index.php\/2022\/07\/05\/es-publiquen-retallades-sense-precedents-pel-funcionariat-interi\/#article","isPartOf":{"@id":"https:\/\/www.siau.cat\/index.php\/2022\/07\/05\/es-publiquen-retallades-sense-precedents-pel-funcionariat-interi\/"},"author":{"name":"admin","@id":"https:\/\/www.siau.cat\/#\/schema\/person\/810c15694a7e538934bb4be53ebcba0d"},"headline":"Es publiquen retallades sense precedents pel funcionariat inter\u00ed","datePublished":"2022-07-05T19:27:27+00:00","mainEntityOfPage":{"@id":"https:\/\/www.siau.cat\/index.php\/2022\/07\/05\/es-publiquen-retallades-sense-precedents-pel-funcionariat-interi\/"},"wordCount":651,"publisher":{"@id":"https:\/\/www.siau.cat\/#organization"},"image":{"@id":"https:\/\/www.siau.cat\/index.php\/2022\/07\/05\/es-publiquen-retallades-sense-precedents-pel-funcionariat-interi\/#primaryimage"},"thumbnailUrl":"https:\/\/www.siau.cat\/wp-content\/uploads\/2022\/07\/grafic-retallades-1024x510.png","articleSection":["Uncategorized"],"inLanguage":"ca"},{"@type":"WebPage","@id":"https:\/\/www.siau.cat\/index.php\/2022\/07\/05\/es-publiquen-retallades-sense-precedents-pel-funcionariat-interi\/","url":"https:\/\/www.siau.cat\/index.php\/2022\/07\/05\/es-publiquen-retallades-sense-precedents-pel-funcionariat-interi\/","name":"Es publiquen retallades sense precedents pel funcionariat inter\u00ed &#8212; SIAU - SINDICAT INDEPENDENT, AUT\u00d2NOM I UNITARI","isPartOf":{"@id":"https:\/\/www.siau.cat\/#website"},"primaryImageOfPage":{"@id":"https:\/\/www.siau.cat\/index.php\/2022\/07\/05\/es-publiquen-retallades-sense-precedents-pel-funcionariat-interi\/#primaryimage"},"image":{"@id":"https:\/\/www.siau.cat\/index.php\/2022\/07\/05\/es-publiquen-retallades-sense-precedents-pel-funcionariat-interi\/#primaryimage"},"thumbnailUrl":"https:\/\/www.siau.cat\/wp-content\/uploads\/2022\/07\/grafic-retallades-1024x510.png","datePublished":"2022-07-05T19:27:27+00:00","breadcrumb":{"@id":"https:\/\/www.siau.cat\/index.php\/2022\/07\/05\/es-publiquen-retallades-sense-precedents-pel-funcionariat-interi\/#breadcrumb"},"inLanguage":"ca","potentialAction":[{"@type":"ReadAction","target":["https:\/\/www.siau.cat\/index.php\/2022\/07\/05\/es-publiquen-retallades-sense-precedents-pel-funcionariat-interi\/"]}]},{"@type":"ImageObject","inLanguage":"ca","@id":"https:\/\/www.siau.cat\/index.php\/2022\/07\/05\/es-publiquen-retallades-sense-precedents-pel-funcionariat-interi\/#primaryimage","url":"https:\/\/www.siau.cat\/wp-content\/uploads\/2022\/07\/grafic-retallades.png","contentUrl":"https:\/\/www.siau.cat\/wp-content\/uploads\/2022\/07\/grafic-retallades.png","width":1690,"height":842},{"@type":"BreadcrumbList","@id":"https:\/\/www.siau.cat\/index.php\/2022\/07\/05\/es-publiquen-retallades-sense-precedents-pel-funcionariat-interi\/#breadcrumb","itemListElement":[{"@type":"ListItem","position":1,"name":"Inici","item":"https:\/\/www.siau.cat\/"},{"@type":"ListItem","position":2,"name":"Es publiquen retallades sense precedents pel funcionariat inter\u00ed"}]},{"@type":"WebSite","@id":"https:\/\/www.siau.cat\/#website","url":"https:\/\/www.siau.cat\/","name":"SIAU - SINDICAT INDEPENDENT, AUT\u00d2NOM I UNITARI","description":"Ara s&iacute; que tenim la veu","publisher":{"@id":"https:\/\/www.siau.cat\/#organization"},"potentialAction":[{"@type":"SearchAction","target":{"@type":"EntryPoint","urlTemplate":"https:\/\/www.siau.cat\/?s={search_term_string}"},"query-input":{"@type":"PropertyValueSpecification","valueRequired":true,"valueName":"search_term_string"}}],"inLanguage":"ca"},{"@type":"Organization","@id":"https:\/\/www.siau.cat\/#organization","name":"SIAU","url":"https:\/\/www.siau.cat\/","logo":{"@type":"ImageObject","inLanguage":"ca","@id":"https:\/\/www.siau.cat\/#\/schema\/logo\/image\/","url":"https:\/\/www.siau.cat\/wp-content\/uploads\/2022\/03\/cropped-resized_LOGO-SIAU-5-e1652020847972.jpg","contentUrl":"https:\/\/www.siau.cat\/wp-content\/uploads\/2022\/03\/cropped-resized_LOGO-SIAU-5-e1652020847972.jpg","width":1600,"height":1200,"caption":"SIAU"},"image":{"@id":"https:\/\/www.siau.cat\/#\/schema\/logo\/image\/"}},{"@type":"Person","@id":"https:\/\/www.siau.cat\/#\/schema\/person\/810c15694a7e538934bb4be53ebcba0d","name":"admin","image":{"@type":"ImageObject","inLanguage":"ca","@id":"https:\/\/www.siau.cat\/#\/schema\/person\/image\/","url":"https:\/\/www.siau.cat\/wp-content\/litespeed\/avatar\/d73ebfac3daa0b52552b2ccea63469da.jpg?ver=1777403609","contentUrl":"https:\/\/www.siau.cat\/wp-content\/litespeed\/avatar\/d73ebfac3daa0b52552b2ccea63469da.jpg?ver=1777403609","caption":"admin"},"sameAs":["https:\/\/www.siau.cat"],"url":"https:\/\/www.siau.cat\/index.php\/author\/admin\/"}]}},"jetpack_featured_media_url":"","jetpack_sharing_enabled":true,"_links":{"self":[{"href":"https:\/\/www.siau.cat\/index.php\/wp-json\/wp\/v2\/posts\/400","targetHints":{"allow":["GET"]}}],"collection":[{"href":"https:\/\/www.siau.cat\/index.php\/wp-json\/wp\/v2\/posts"}],"about":[{"href":"https:\/\/www.siau.cat\/index.php\/wp-json\/wp\/v2\/types\/post"}],"author":[{"embeddable":true,"href":"https:\/\/www.siau.cat\/index.php\/wp-json\/wp\/v2\/users\/1"}],"replies":[{"embeddable":true,"href":"https:\/\/www.siau.cat\/index.php\/wp-json\/wp\/v2\/comments?post=400"}],"version-history":[{"count":3,"href":"https:\/\/www.siau.cat\/index.php\/wp-json\/wp\/v2\/posts\/400\/revisions"}],"predecessor-version":[{"id":404,"href":"https:\/\/www.siau.cat\/index.php\/wp-json\/wp\/v2\/posts\/400\/revisions\/404"}],"wp:attachment":[{"href":"https:\/\/www.siau.cat\/index.php\/wp-json\/wp\/v2\/media?parent=400"}],"wp:term":[{"taxonomy":"category","embeddable":true,"href":"https:\/\/www.siau.cat\/index.php\/wp-json\/wp\/v2\/categories?post=400"},{"taxonomy":"post_tag","embeddable":true,"href":"https:\/\/www.siau.cat\/index.php\/wp-json\/wp\/v2\/tags?post=400"}],"curies":[{"name":"wp","href":"https:\/\/api.w.org\/{rel}","templated":true}]}}