{"id":498,"date":"2022-10-28T17:31:37","date_gmt":"2022-10-28T17:31:37","guid":{"rendered":"https:\/\/www.siau.cat\/?p=498"},"modified":"2022-10-28T17:31:38","modified_gmt":"2022-10-28T17:31:38","slug":"intervencio-del-nostre-company-joan-crespi-a-ib3-radio","status":"publish","type":"post","link":"https:\/\/www.siau.cat\/index.php\/2022\/10\/28\/intervencio-del-nostre-company-joan-crespi-a-ib3-radio\/","title":{"rendered":"Intervenci\u00f3 del nostre company Joan Cresp\u00ed a IB3 R\u00e0dio"},"content":{"rendered":"\n<p class=\"has-text-align-justify\">Ahir dia 27 d\u2019octubre, el nostre company Joan Cresp\u00ed va intervenir a la secci\u00f3 d&#8217;IB3 R\u00e0dio \u00abFora de context\u00bb de la periodista Marina Forteza. En el tall de veu es fa refer\u00e8ncia a la LOMLOE i a la frase d\u2019Erich Fromm: \u00abL\u2019acte de desobeir com a acte de llibertat, \u00e9s el comen\u00e7ament de la ra\u00f3\u00bb<\/p>\n\n\n\n<figure class=\"wp-block-audio\"><audio controls src=\"https:\/\/www.siau.cat\/wp-content\/uploads\/2022\/10\/Joan-Crespi\u0301-a-IB3.mp3\"><\/audio><\/figure>\n\n\n\n<figure class=\"wp-block-image size-full\"><a href=\"https:\/\/www.siau.cat\/wp-content\/uploads\/2022\/10\/IB3-Ra\u0300dio.jpeg\"><img loading=\"lazy\" decoding=\"async\" width=\"720\" height=\"540\" src=\"https:\/\/www.siau.cat\/wp-content\/uploads\/2022\/10\/IB3-Ra\u0300dio.jpeg\" alt=\"\" class=\"wp-image-499\" srcset=\"https:\/\/www.siau.cat\/wp-content\/uploads\/2022\/10\/IB3-Ra\u0300dio.jpeg 720w, https:\/\/www.siau.cat\/wp-content\/uploads\/2022\/10\/IB3-Ra\u0300dio-350x263.jpeg 350w, https:\/\/www.siau.cat\/wp-content\/uploads\/2022\/10\/IB3-Ra\u0300dio-300x225.jpeg 300w, https:\/\/www.siau.cat\/wp-content\/uploads\/2022\/10\/IB3-Ra\u0300dio-24x18.jpeg 24w, https:\/\/www.siau.cat\/wp-content\/uploads\/2022\/10\/IB3-Ra\u0300dio-36x27.jpeg 36w, https:\/\/www.siau.cat\/wp-content\/uploads\/2022\/10\/IB3-Ra\u0300dio-48x36.jpeg 48w\" sizes=\"auto, (max-width: 720px) 100vw, 720px\" \/><\/a><\/figure>\n","protected":false},"excerpt":{"rendered":"<p>Ahir dia 27 d\u2019octubre, el nostre company Joan Cresp\u00ed va intervenir a la secci\u00f3 d&#8217;IB3 R\u00e0dio \u00abFora de context\u00bb de la periodista Marina Forteza. En el tall de veu es fa refer\u00e8ncia a la LOMLOE i a la frase d\u2019Erich Fromm: \u00abL\u2019acte de desobeir com a acte de llibertat, \u00e9s el comen\u00e7ament de la ra\u00f3\u00bb<\/p>\n","protected":false},"author":1,"featured_media":0,"comment_status":"closed","ping_status":"open","sticky":false,"template":"","format":"standard","meta":{"_jetpack_memberships_contains_paid_content":false,"footnotes":""},"categories":[1],"tags":[],"class_list":["post-498","post","type-post","status-publish","format-standard","hentry","category-uncategorized"],"yoast_head":"<!-- This site is optimized with the Yoast SEO plugin v25.4 - https:\/\/yoast.com\/wordpress\/plugins\/seo\/ -->\n<title>Intervenci\u00f3 del nostre company Joan Cresp\u00ed a IB3 R\u00e0dio &#8212; SIAU - SINDICAT INDEPENDENT, AUT\u00d2NOM I UNITARI<\/title>\n<meta name=\"robots\" content=\"index, follow, max-snippet:-1, max-image-preview:large, max-video-preview:-1\" \/>\n<link rel=\"canonical\" href=\"https:\/\/www.siau.cat\/index.php\/2022\/10\/28\/intervencio-del-nostre-company-joan-crespi-a-ib3-radio\/\" \/>\n<meta property=\"og:locale\" content=\"ca_ES\" \/>\n<meta property=\"og:type\" content=\"article\" \/>\n<meta property=\"og:title\" content=\"Intervenci\u00f3 del nostre company Joan Cresp\u00ed a IB3 R\u00e0dio &#8212; SIAU - SINDICAT INDEPENDENT, AUT\u00d2NOM I UNITARI\" \/>\n<meta property=\"og:description\" content=\"Ahir dia 27 d\u2019octubre, el nostre company Joan Cresp\u00ed va intervenir a la secci\u00f3 d&#8217;IB3 R\u00e0dio \u00abFora de context\u00bb de la periodista Marina Forteza. En el tall de veu es fa refer\u00e8ncia a la LOMLOE i a la frase d\u2019Erich Fromm: \u00abL\u2019acte de desobeir com a acte de llibertat, \u00e9s el comen\u00e7ament de la ra\u00f3\u00bb\" \/>\n<meta property=\"og:url\" content=\"https:\/\/www.siau.cat\/index.php\/2022\/10\/28\/intervencio-del-nostre-company-joan-crespi-a-ib3-radio\/\" \/>\n<meta property=\"og:site_name\" content=\"SIAU - SINDICAT INDEPENDENT, AUT\u00d2NOM I UNITARI\" \/>\n<meta property=\"article:published_time\" content=\"2022-10-28T17:31:37+00:00\" \/>\n<meta property=\"article:modified_time\" content=\"2022-10-28T17:31:38+00:00\" \/>\n<meta name=\"author\" content=\"admin\" \/>\n<meta name=\"twitter:card\" content=\"summary_large_image\" \/>\n<meta name=\"twitter:label1\" content=\"Escrit per\" \/>\n\t<meta name=\"twitter:data1\" content=\"admin\" \/>\n\t<meta name=\"twitter:label2\" content=\"Temps estimat de lectura\" \/>\n\t<meta name=\"twitter:data2\" content=\"1 minut\" \/>\n<script type=\"application\/ld+json\" class=\"yoast-schema-graph\">{\"@context\":\"https:\/\/schema.org\",\"@graph\":[{\"@type\":\"Article\",\"@id\":\"https:\/\/www.siau.cat\/index.php\/2022\/10\/28\/intervencio-del-nostre-company-joan-crespi-a-ib3-radio\/#article\",\"isPartOf\":{\"@id\":\"https:\/\/www.siau.cat\/index.php\/2022\/10\/28\/intervencio-del-nostre-company-joan-crespi-a-ib3-radio\/\"},\"author\":{\"name\":\"admin\",\"@id\":\"https:\/\/www.siau.cat\/#\/schema\/person\/810c15694a7e538934bb4be53ebcba0d\"},\"headline\":\"Intervenci\u00f3 del nostre company Joan Cresp\u00ed a IB3 R\u00e0dio\",\"datePublished\":\"2022-10-28T17:31:37+00:00\",\"dateModified\":\"2022-10-28T17:31:38+00:00\",\"mainEntityOfPage\":{\"@id\":\"https:\/\/www.siau.cat\/index.php\/2022\/10\/28\/intervencio-del-nostre-company-joan-crespi-a-ib3-radio\/\"},\"wordCount\":71,\"publisher\":{\"@id\":\"https:\/\/www.siau.cat\/#organization\"},\"articleSection\":[\"Uncategorized\"],\"inLanguage\":\"ca\"},{\"@type\":\"WebPage\",\"@id\":\"https:\/\/www.siau.cat\/index.php\/2022\/10\/28\/intervencio-del-nostre-company-joan-crespi-a-ib3-radio\/\",\"url\":\"https:\/\/www.siau.cat\/index.php\/2022\/10\/28\/intervencio-del-nostre-company-joan-crespi-a-ib3-radio\/\",\"name\":\"Intervenci\u00f3 del nostre company Joan Cresp\u00ed a IB3 R\u00e0dio &#8212; SIAU - SINDICAT INDEPENDENT, AUT\u00d2NOM I UNITARI\",\"isPartOf\":{\"@id\":\"https:\/\/www.siau.cat\/#website\"},\"datePublished\":\"2022-10-28T17:31:37+00:00\",\"dateModified\":\"2022-10-28T17:31:38+00:00\",\"breadcrumb\":{\"@id\":\"https:\/\/www.siau.cat\/index.php\/2022\/10\/28\/intervencio-del-nostre-company-joan-crespi-a-ib3-radio\/#breadcrumb\"},\"inLanguage\":\"ca\",\"potentialAction\":[{\"@type\":\"ReadAction\",\"target\":[\"https:\/\/www.siau.cat\/index.php\/2022\/10\/28\/intervencio-del-nostre-company-joan-crespi-a-ib3-radio\/\"]}]},{\"@type\":\"BreadcrumbList\",\"@id\":\"https:\/\/www.siau.cat\/index.php\/2022\/10\/28\/intervencio-del-nostre-company-joan-crespi-a-ib3-radio\/#breadcrumb\",\"itemListElement\":[{\"@type\":\"ListItem\",\"position\":1,\"name\":\"Inici\",\"item\":\"https:\/\/www.siau.cat\/\"},{\"@type\":\"ListItem\",\"position\":2,\"name\":\"Intervenci\u00f3 del nostre company Joan Cresp\u00ed a IB3 R\u00e0dio\"}]},{\"@type\":\"WebSite\",\"@id\":\"https:\/\/www.siau.cat\/#website\",\"url\":\"https:\/\/www.siau.cat\/\",\"name\":\"SIAU - SINDICAT INDEPENDENT, AUT\u00d2NOM I UNITARI\",\"description\":\"Ara s&iacute; que tenim la veu\",\"publisher\":{\"@id\":\"https:\/\/www.siau.cat\/#organization\"},\"potentialAction\":[{\"@type\":\"SearchAction\",\"target\":{\"@type\":\"EntryPoint\",\"urlTemplate\":\"https:\/\/www.siau.cat\/?s={search_term_string}\"},\"query-input\":{\"@type\":\"PropertyValueSpecification\",\"valueRequired\":true,\"valueName\":\"search_term_string\"}}],\"inLanguage\":\"ca\"},{\"@type\":\"Organization\",\"@id\":\"https:\/\/www.siau.cat\/#organization\",\"name\":\"SIAU\",\"url\":\"https:\/\/www.siau.cat\/\",\"logo\":{\"@type\":\"ImageObject\",\"inLanguage\":\"ca\",\"@id\":\"https:\/\/www.siau.cat\/#\/schema\/logo\/image\/\",\"url\":\"https:\/\/www.siau.cat\/wp-content\/uploads\/2022\/03\/cropped-resized_LOGO-SIAU-5-e1652020847972.jpg\",\"contentUrl\":\"https:\/\/www.siau.cat\/wp-content\/uploads\/2022\/03\/cropped-resized_LOGO-SIAU-5-e1652020847972.jpg\",\"width\":1600,\"height\":1200,\"caption\":\"SIAU\"},\"image\":{\"@id\":\"https:\/\/www.siau.cat\/#\/schema\/logo\/image\/\"}},{\"@type\":\"Person\",\"@id\":\"https:\/\/www.siau.cat\/#\/schema\/person\/810c15694a7e538934bb4be53ebcba0d\",\"name\":\"admin\",\"image\":{\"@type\":\"ImageObject\",\"inLanguage\":\"ca\",\"@id\":\"https:\/\/www.siau.cat\/#\/schema\/person\/image\/\",\"url\":\"https:\/\/www.siau.cat\/wp-content\/litespeed\/avatar\/d73ebfac3daa0b52552b2ccea63469da.jpg?ver=1777403609\",\"contentUrl\":\"https:\/\/www.siau.cat\/wp-content\/litespeed\/avatar\/d73ebfac3daa0b52552b2ccea63469da.jpg?ver=1777403609\",\"caption\":\"admin\"},\"sameAs\":[\"https:\/\/www.siau.cat\"],\"url\":\"https:\/\/www.siau.cat\/index.php\/author\/admin\/\"}]}<\/script>\n<!-- \/ Yoast SEO plugin. -->","yoast_head_json":{"title":"Intervenci\u00f3 del nostre company Joan Cresp\u00ed a IB3 R\u00e0dio &#8212; SIAU - SINDICAT INDEPENDENT, AUT\u00d2NOM I UNITARI","robots":{"index":"index","follow":"follow","max-snippet":"max-snippet:-1","max-image-preview":"max-image-preview:large","max-video-preview":"max-video-preview:-1"},"canonical":"https:\/\/www.siau.cat\/index.php\/2022\/10\/28\/intervencio-del-nostre-company-joan-crespi-a-ib3-radio\/","og_locale":"ca_ES","og_type":"article","og_title":"Intervenci\u00f3 del nostre company Joan Cresp\u00ed a IB3 R\u00e0dio &#8212; SIAU - SINDICAT INDEPENDENT, AUT\u00d2NOM I UNITARI","og_description":"Ahir dia 27 d\u2019octubre, el nostre company Joan Cresp\u00ed va intervenir a la secci\u00f3 d&#8217;IB3 R\u00e0dio \u00abFora de context\u00bb de la periodista Marina Forteza. En el tall de veu es fa refer\u00e8ncia a la LOMLOE i a la frase d\u2019Erich Fromm: \u00abL\u2019acte de desobeir com a acte de llibertat, \u00e9s el comen\u00e7ament de la ra\u00f3\u00bb","og_url":"https:\/\/www.siau.cat\/index.php\/2022\/10\/28\/intervencio-del-nostre-company-joan-crespi-a-ib3-radio\/","og_site_name":"SIAU - SINDICAT INDEPENDENT, AUT\u00d2NOM I UNITARI","article_published_time":"2022-10-28T17:31:37+00:00","article_modified_time":"2022-10-28T17:31:38+00:00","author":"admin","twitter_card":"summary_large_image","twitter_misc":{"Escrit per":"admin","Temps estimat de lectura":"1 minut"},"schema":{"@context":"https:\/\/schema.org","@graph":[{"@type":"Article","@id":"https:\/\/www.siau.cat\/index.php\/2022\/10\/28\/intervencio-del-nostre-company-joan-crespi-a-ib3-radio\/#article","isPartOf":{"@id":"https:\/\/www.siau.cat\/index.php\/2022\/10\/28\/intervencio-del-nostre-company-joan-crespi-a-ib3-radio\/"},"author":{"name":"admin","@id":"https:\/\/www.siau.cat\/#\/schema\/person\/810c15694a7e538934bb4be53ebcba0d"},"headline":"Intervenci\u00f3 del nostre company Joan Cresp\u00ed a IB3 R\u00e0dio","datePublished":"2022-10-28T17:31:37+00:00","dateModified":"2022-10-28T17:31:38+00:00","mainEntityOfPage":{"@id":"https:\/\/www.siau.cat\/index.php\/2022\/10\/28\/intervencio-del-nostre-company-joan-crespi-a-ib3-radio\/"},"wordCount":71,"publisher":{"@id":"https:\/\/www.siau.cat\/#organization"},"articleSection":["Uncategorized"],"inLanguage":"ca"},{"@type":"WebPage","@id":"https:\/\/www.siau.cat\/index.php\/2022\/10\/28\/intervencio-del-nostre-company-joan-crespi-a-ib3-radio\/","url":"https:\/\/www.siau.cat\/index.php\/2022\/10\/28\/intervencio-del-nostre-company-joan-crespi-a-ib3-radio\/","name":"Intervenci\u00f3 del nostre company Joan Cresp\u00ed a IB3 R\u00e0dio &#8212; SIAU - SINDICAT INDEPENDENT, AUT\u00d2NOM I UNITARI","isPartOf":{"@id":"https:\/\/www.siau.cat\/#website"},"datePublished":"2022-10-28T17:31:37+00:00","dateModified":"2022-10-28T17:31:38+00:00","breadcrumb":{"@id":"https:\/\/www.siau.cat\/index.php\/2022\/10\/28\/intervencio-del-nostre-company-joan-crespi-a-ib3-radio\/#breadcrumb"},"inLanguage":"ca","potentialAction":[{"@type":"ReadAction","target":["https:\/\/www.siau.cat\/index.php\/2022\/10\/28\/intervencio-del-nostre-company-joan-crespi-a-ib3-radio\/"]}]},{"@type":"BreadcrumbList","@id":"https:\/\/www.siau.cat\/index.php\/2022\/10\/28\/intervencio-del-nostre-company-joan-crespi-a-ib3-radio\/#breadcrumb","itemListElement":[{"@type":"ListItem","position":1,"name":"Inici","item":"https:\/\/www.siau.cat\/"},{"@type":"ListItem","position":2,"name":"Intervenci\u00f3 del nostre company Joan Cresp\u00ed a IB3 R\u00e0dio"}]},{"@type":"WebSite","@id":"https:\/\/www.siau.cat\/#website","url":"https:\/\/www.siau.cat\/","name":"SIAU - SINDICAT INDEPENDENT, AUT\u00d2NOM I UNITARI","description":"Ara s&iacute; que tenim la veu","publisher":{"@id":"https:\/\/www.siau.cat\/#organization"},"potentialAction":[{"@type":"SearchAction","target":{"@type":"EntryPoint","urlTemplate":"https:\/\/www.siau.cat\/?s={search_term_string}"},"query-input":{"@type":"PropertyValueSpecification","valueRequired":true,"valueName":"search_term_string"}}],"inLanguage":"ca"},{"@type":"Organization","@id":"https:\/\/www.siau.cat\/#organization","name":"SIAU","url":"https:\/\/www.siau.cat\/","logo":{"@type":"ImageObject","inLanguage":"ca","@id":"https:\/\/www.siau.cat\/#\/schema\/logo\/image\/","url":"https:\/\/www.siau.cat\/wp-content\/uploads\/2022\/03\/cropped-resized_LOGO-SIAU-5-e1652020847972.jpg","contentUrl":"https:\/\/www.siau.cat\/wp-content\/uploads\/2022\/03\/cropped-resized_LOGO-SIAU-5-e1652020847972.jpg","width":1600,"height":1200,"caption":"SIAU"},"image":{"@id":"https:\/\/www.siau.cat\/#\/schema\/logo\/image\/"}},{"@type":"Person","@id":"https:\/\/www.siau.cat\/#\/schema\/person\/810c15694a7e538934bb4be53ebcba0d","name":"admin","image":{"@type":"ImageObject","inLanguage":"ca","@id":"https:\/\/www.siau.cat\/#\/schema\/person\/image\/","url":"https:\/\/www.siau.cat\/wp-content\/litespeed\/avatar\/d73ebfac3daa0b52552b2ccea63469da.jpg?ver=1777403609","contentUrl":"https:\/\/www.siau.cat\/wp-content\/litespeed\/avatar\/d73ebfac3daa0b52552b2ccea63469da.jpg?ver=1777403609","caption":"admin"},"sameAs":["https:\/\/www.siau.cat"],"url":"https:\/\/www.siau.cat\/index.php\/author\/admin\/"}]}},"jetpack_featured_media_url":"","jetpack_sharing_enabled":true,"_links":{"self":[{"href":"https:\/\/www.siau.cat\/index.php\/wp-json\/wp\/v2\/posts\/498","targetHints":{"allow":["GET"]}}],"collection":[{"href":"https:\/\/www.siau.cat\/index.php\/wp-json\/wp\/v2\/posts"}],"about":[{"href":"https:\/\/www.siau.cat\/index.php\/wp-json\/wp\/v2\/types\/post"}],"author":[{"embeddable":true,"href":"https:\/\/www.siau.cat\/index.php\/wp-json\/wp\/v2\/users\/1"}],"replies":[{"embeddable":true,"href":"https:\/\/www.siau.cat\/index.php\/wp-json\/wp\/v2\/comments?post=498"}],"version-history":[{"count":1,"href":"https:\/\/www.siau.cat\/index.php\/wp-json\/wp\/v2\/posts\/498\/revisions"}],"predecessor-version":[{"id":501,"href":"https:\/\/www.siau.cat\/index.php\/wp-json\/wp\/v2\/posts\/498\/revisions\/501"}],"wp:attachment":[{"href":"https:\/\/www.siau.cat\/index.php\/wp-json\/wp\/v2\/media?parent=498"}],"wp:term":[{"taxonomy":"category","embeddable":true,"href":"https:\/\/www.siau.cat\/index.php\/wp-json\/wp\/v2\/categories?post=498"},{"taxonomy":"post_tag","embeddable":true,"href":"https:\/\/www.siau.cat\/index.php\/wp-json\/wp\/v2\/tags?post=498"}],"curies":[{"name":"wp","href":"https:\/\/api.w.org\/{rel}","templated":true}]}}