{"id":504,"date":"2022-11-02T21:56:31","date_gmt":"2022-11-02T21:56:31","guid":{"rendered":"https:\/\/www.siau.cat\/?p=504"},"modified":"2022-11-02T21:56:33","modified_gmt":"2022-11-02T21:56:33","slug":"davant-un-nefast-esborrany-del-concurs-de-merits","status":"publish","type":"post","link":"https:\/\/www.siau.cat\/index.php\/2022\/11\/02\/davant-un-nefast-esborrany-del-concurs-de-merits\/","title":{"rendered":"Davant un nefast esborrany del concurs de m\u00e8rits"},"content":{"rendered":"\n<figure class=\"wp-block-image size-large\"><img loading=\"lazy\" decoding=\"async\" width=\"1024\" height=\"1024\" src=\"https:\/\/www.siau.cat\/wp-content\/uploads\/2022\/11\/Nefast-esborrany-1024x1024.png\" alt=\"\" class=\"wp-image-505\" srcset=\"https:\/\/www.siau.cat\/wp-content\/uploads\/2022\/11\/Nefast-esborrany-1024x1024.png 1024w, https:\/\/www.siau.cat\/wp-content\/uploads\/2022\/11\/Nefast-esborrany-250x250.png 250w, https:\/\/www.siau.cat\/wp-content\/uploads\/2022\/11\/Nefast-esborrany-100x100.png 100w, https:\/\/www.siau.cat\/wp-content\/uploads\/2022\/11\/Nefast-esborrany-350x350.png 350w, https:\/\/www.siau.cat\/wp-content\/uploads\/2022\/11\/Nefast-esborrany-300x300.png 300w, https:\/\/www.siau.cat\/wp-content\/uploads\/2022\/11\/Nefast-esborrany-150x150.png 150w, https:\/\/www.siau.cat\/wp-content\/uploads\/2022\/11\/Nefast-esborrany-768x768.png 768w, https:\/\/www.siau.cat\/wp-content\/uploads\/2022\/11\/Nefast-esborrany-24x24.png 24w, https:\/\/www.siau.cat\/wp-content\/uploads\/2022\/11\/Nefast-esborrany-36x36.png 36w, https:\/\/www.siau.cat\/wp-content\/uploads\/2022\/11\/Nefast-esborrany-48x48.png 48w, https:\/\/www.siau.cat\/wp-content\/uploads\/2022\/11\/Nefast-esborrany.png 1080w\" sizes=\"auto, (max-width: 767px) 89vw, (max-width: 1000px) 54vw, (max-width: 1071px) 543px, 580px\" \/><\/figure>\n\n\n\n<p class=\"has-text-align-justify\">No \u00e9s casualitat haver obtingut acc\u00e9s a l\u2019esborrany del concurs de m\u00e8rits abans del pont de Tots Sants. La Conselleria d\u2019Educaci\u00f3 ja ens hi t\u00e9 acostumats a treure esborranys just abans de comen\u00e7ar per\u00edodes festius. No creiem que sigui casualitat.<\/p>\n\n\n\n<p class=\"has-text-align-justify\">Per comen\u00e7ar, cal dir que hem detectat un conjunt d\u2019aspectes que ens preocupen:<\/p>\n\n\n\n<p>1. Proced\u00e8ncia de les places<\/p>\n\n\n\n<p class=\"has-text-align-justify\">El fet de no saber cada pla\u00e7a a quina illa i centre correspon, fa que la verificaci\u00f3 de si s\u2019ha aplicat la normativa correctament o no, a l\u2019hora de seleccionar les places, sigui pr\u00e0cticament impossible de saber.<\/p>\n\n\n\n<p>2. Experi\u00e8ncia en places d\u2019\u00e0mbit<\/p>\n\n\n\n<p class=\"has-text-align-justify\">Sembla que nom\u00e9s es puntuaria 0,7 per any treballat a l\u2019especialitat que s\u2019ha consignat en la primera sol\u00b7licitud registrada. Fet que no ens sembla b\u00e9.<\/p>\n\n\n\n<p>3. Taxa de participaci\u00f3<\/p>\n\n\n\n<p class=\"has-text-align-justify\">S\u2019ha establert una taxa molt cara per a la participaci\u00f3 en el concurs, 83,72 euros. En altres comunitats aut\u00f2nomes, com Catalunya, la taxa \u00e9s molt m\u00e9s assequible. La Conselleria far\u00e0 un bon negoci amb aquest preu!<\/p>\n\n\n\n<p>4. Membres del tribunal<\/p>\n\n\n\n<p class=\"has-text-align-justify\">A altres comunitats, com Catalunya, els tribunals no estaran compostos \u00fanicament per inspectors. En canvi, a Balears es pret\u00e9n que nom\u00e9s els inspectors formin part dels tribunals, un fet bastant sospit\u00f3s si es t\u00e9 en compte la polititzaci\u00f3 del cos d\u2019inspectors educatius en aquesta comunitat aut\u00f2noma. Des de SIAU, no ens sembla b\u00e9, el sorteig hauria de ser d\u2019entre els funcionaris de carrera de l\u2019especialitat.<\/p>\n\n\n\n<p>5. Errades garrafals i contradiccions en el redactat<\/p>\n\n\n\n<p class=\"has-text-align-justify\">Per exemple en el punt 3.4 de l\u2019annex 1, amb l\u2019actual redactat hi sobra \u00aben primer lloc\u00bb per tal que tengui sentit. Segurament aquesta errada sigui perqu\u00e8 la Conselleria hauria fet un \u00abcopia\/aferra\u00bb que prov\u00e9 del punt 3.5. De la mateixa manera, entenem que el punt 2.3 i 7.5 de l\u2019annex 1 poden entrar en contradicci\u00f3 si es vol fer una interpretaci\u00f3 estricta del primer punt.<\/p>\n\n\n\n<p class=\"has-text-align-justify\">Es tracta d\u2019una petita mostra d\u2019un conjunt d\u2019aspectes que entenem s\u2019haurien de corregir.<\/p>\n","protected":false},"excerpt":{"rendered":"<p>No \u00e9s casualitat haver obtingut acc\u00e9s a l\u2019esborrany del concurs de m\u00e8rits abans del pont de Tots Sants. La Conselleria d\u2019Educaci\u00f3 ja ens hi t\u00e9 acostumats a treure esborranys just abans de comen\u00e7ar per\u00edodes festius. No creiem que sigui casualitat. Per comen\u00e7ar, cal dir que hem detectat un conjunt d\u2019aspectes que ens preocupen: 1. Proced\u00e8ncia &hellip; <\/p>\n<p class=\"link-more\"><a href=\"https:\/\/www.siau.cat\/index.php\/2022\/11\/02\/davant-un-nefast-esborrany-del-concurs-de-merits\/\" class=\"more-link\">Continua llegint <span class=\"screen-reader-text\">\u00abDavant un nefast esborrany del concurs de m\u00e8rits\u00bb<\/span><\/a><\/p>\n","protected":false},"author":1,"featured_media":0,"comment_status":"closed","ping_status":"open","sticky":false,"template":"","format":"standard","meta":{"_jetpack_memberships_contains_paid_content":false,"footnotes":""},"categories":[1],"tags":[],"class_list":["post-504","post","type-post","status-publish","format-standard","hentry","category-uncategorized"],"yoast_head":"<!-- This site is optimized with the Yoast SEO plugin v25.4 - https:\/\/yoast.com\/wordpress\/plugins\/seo\/ -->\n<title>Davant un nefast esborrany del concurs de m\u00e8rits &#8212; SIAU - SINDICAT INDEPENDENT, AUT\u00d2NOM I UNITARI<\/title>\n<meta name=\"robots\" content=\"index, follow, max-snippet:-1, max-image-preview:large, max-video-preview:-1\" \/>\n<link rel=\"canonical\" href=\"https:\/\/www.siau.cat\/index.php\/2022\/11\/02\/davant-un-nefast-esborrany-del-concurs-de-merits\/\" \/>\n<meta property=\"og:locale\" content=\"ca_ES\" \/>\n<meta property=\"og:type\" content=\"article\" \/>\n<meta property=\"og:title\" content=\"Davant un nefast esborrany del concurs de m\u00e8rits &#8212; SIAU - SINDICAT INDEPENDENT, AUT\u00d2NOM I UNITARI\" \/>\n<meta property=\"og:description\" content=\"No \u00e9s casualitat haver obtingut acc\u00e9s a l\u2019esborrany del concurs de m\u00e8rits abans del pont de Tots Sants. La Conselleria d\u2019Educaci\u00f3 ja ens hi t\u00e9 acostumats a treure esborranys just abans de comen\u00e7ar per\u00edodes festius. No creiem que sigui casualitat. Per comen\u00e7ar, cal dir que hem detectat un conjunt d\u2019aspectes que ens preocupen: 1. Proced\u00e8ncia &hellip; Continua llegint \u00abDavant un nefast esborrany del concurs de m\u00e8rits\u00bb\" \/>\n<meta property=\"og:url\" content=\"https:\/\/www.siau.cat\/index.php\/2022\/11\/02\/davant-un-nefast-esborrany-del-concurs-de-merits\/\" \/>\n<meta property=\"og:site_name\" content=\"SIAU - SINDICAT INDEPENDENT, AUT\u00d2NOM I UNITARI\" \/>\n<meta property=\"article:published_time\" content=\"2022-11-02T21:56:31+00:00\" \/>\n<meta property=\"article:modified_time\" content=\"2022-11-02T21:56:33+00:00\" \/>\n<meta property=\"og:image\" content=\"https:\/\/www.siau.cat\/wp-content\/uploads\/2022\/11\/Nefast-esborrany-1024x1024.png\" \/>\n<meta name=\"author\" content=\"admin\" \/>\n<meta name=\"twitter:card\" content=\"summary_large_image\" \/>\n<meta name=\"twitter:label1\" content=\"Escrit per\" \/>\n\t<meta name=\"twitter:data1\" content=\"admin\" \/>\n\t<meta name=\"twitter:label2\" content=\"Temps estimat de lectura\" \/>\n\t<meta name=\"twitter:data2\" content=\"2 minuts\" \/>\n<script type=\"application\/ld+json\" class=\"yoast-schema-graph\">{\"@context\":\"https:\/\/schema.org\",\"@graph\":[{\"@type\":\"Article\",\"@id\":\"https:\/\/www.siau.cat\/index.php\/2022\/11\/02\/davant-un-nefast-esborrany-del-concurs-de-merits\/#article\",\"isPartOf\":{\"@id\":\"https:\/\/www.siau.cat\/index.php\/2022\/11\/02\/davant-un-nefast-esborrany-del-concurs-de-merits\/\"},\"author\":{\"name\":\"admin\",\"@id\":\"https:\/\/www.siau.cat\/#\/schema\/person\/810c15694a7e538934bb4be53ebcba0d\"},\"headline\":\"Davant un nefast esborrany del concurs de m\u00e8rits\",\"datePublished\":\"2022-11-02T21:56:31+00:00\",\"dateModified\":\"2022-11-02T21:56:33+00:00\",\"mainEntityOfPage\":{\"@id\":\"https:\/\/www.siau.cat\/index.php\/2022\/11\/02\/davant-un-nefast-esborrany-del-concurs-de-merits\/\"},\"wordCount\":354,\"publisher\":{\"@id\":\"https:\/\/www.siau.cat\/#organization\"},\"image\":{\"@id\":\"https:\/\/www.siau.cat\/index.php\/2022\/11\/02\/davant-un-nefast-esborrany-del-concurs-de-merits\/#primaryimage\"},\"thumbnailUrl\":\"https:\/\/www.siau.cat\/wp-content\/uploads\/2022\/11\/Nefast-esborrany-1024x1024.png\",\"articleSection\":[\"Uncategorized\"],\"inLanguage\":\"ca\"},{\"@type\":\"WebPage\",\"@id\":\"https:\/\/www.siau.cat\/index.php\/2022\/11\/02\/davant-un-nefast-esborrany-del-concurs-de-merits\/\",\"url\":\"https:\/\/www.siau.cat\/index.php\/2022\/11\/02\/davant-un-nefast-esborrany-del-concurs-de-merits\/\",\"name\":\"Davant un nefast esborrany del concurs de m\u00e8rits &#8212; SIAU - SINDICAT INDEPENDENT, AUT\u00d2NOM I UNITARI\",\"isPartOf\":{\"@id\":\"https:\/\/www.siau.cat\/#website\"},\"primaryImageOfPage\":{\"@id\":\"https:\/\/www.siau.cat\/index.php\/2022\/11\/02\/davant-un-nefast-esborrany-del-concurs-de-merits\/#primaryimage\"},\"image\":{\"@id\":\"https:\/\/www.siau.cat\/index.php\/2022\/11\/02\/davant-un-nefast-esborrany-del-concurs-de-merits\/#primaryimage\"},\"thumbnailUrl\":\"https:\/\/www.siau.cat\/wp-content\/uploads\/2022\/11\/Nefast-esborrany-1024x1024.png\",\"datePublished\":\"2022-11-02T21:56:31+00:00\",\"dateModified\":\"2022-11-02T21:56:33+00:00\",\"breadcrumb\":{\"@id\":\"https:\/\/www.siau.cat\/index.php\/2022\/11\/02\/davant-un-nefast-esborrany-del-concurs-de-merits\/#breadcrumb\"},\"inLanguage\":\"ca\",\"potentialAction\":[{\"@type\":\"ReadAction\",\"target\":[\"https:\/\/www.siau.cat\/index.php\/2022\/11\/02\/davant-un-nefast-esborrany-del-concurs-de-merits\/\"]}]},{\"@type\":\"ImageObject\",\"inLanguage\":\"ca\",\"@id\":\"https:\/\/www.siau.cat\/index.php\/2022\/11\/02\/davant-un-nefast-esborrany-del-concurs-de-merits\/#primaryimage\",\"url\":\"https:\/\/www.siau.cat\/wp-content\/uploads\/2022\/11\/Nefast-esborrany.png\",\"contentUrl\":\"https:\/\/www.siau.cat\/wp-content\/uploads\/2022\/11\/Nefast-esborrany.png\",\"width\":1080,\"height\":1080},{\"@type\":\"BreadcrumbList\",\"@id\":\"https:\/\/www.siau.cat\/index.php\/2022\/11\/02\/davant-un-nefast-esborrany-del-concurs-de-merits\/#breadcrumb\",\"itemListElement\":[{\"@type\":\"ListItem\",\"position\":1,\"name\":\"Inici\",\"item\":\"https:\/\/www.siau.cat\/\"},{\"@type\":\"ListItem\",\"position\":2,\"name\":\"Davant un nefast esborrany del concurs de m\u00e8rits\"}]},{\"@type\":\"WebSite\",\"@id\":\"https:\/\/www.siau.cat\/#website\",\"url\":\"https:\/\/www.siau.cat\/\",\"name\":\"SIAU - SINDICAT INDEPENDENT, AUT\u00d2NOM I UNITARI\",\"description\":\"Ara s&iacute; que tenim la veu\",\"publisher\":{\"@id\":\"https:\/\/www.siau.cat\/#organization\"},\"potentialAction\":[{\"@type\":\"SearchAction\",\"target\":{\"@type\":\"EntryPoint\",\"urlTemplate\":\"https:\/\/www.siau.cat\/?s={search_term_string}\"},\"query-input\":{\"@type\":\"PropertyValueSpecification\",\"valueRequired\":true,\"valueName\":\"search_term_string\"}}],\"inLanguage\":\"ca\"},{\"@type\":\"Organization\",\"@id\":\"https:\/\/www.siau.cat\/#organization\",\"name\":\"SIAU\",\"url\":\"https:\/\/www.siau.cat\/\",\"logo\":{\"@type\":\"ImageObject\",\"inLanguage\":\"ca\",\"@id\":\"https:\/\/www.siau.cat\/#\/schema\/logo\/image\/\",\"url\":\"https:\/\/www.siau.cat\/wp-content\/uploads\/2022\/03\/cropped-resized_LOGO-SIAU-5-e1652020847972.jpg\",\"contentUrl\":\"https:\/\/www.siau.cat\/wp-content\/uploads\/2022\/03\/cropped-resized_LOGO-SIAU-5-e1652020847972.jpg\",\"width\":1600,\"height\":1200,\"caption\":\"SIAU\"},\"image\":{\"@id\":\"https:\/\/www.siau.cat\/#\/schema\/logo\/image\/\"}},{\"@type\":\"Person\",\"@id\":\"https:\/\/www.siau.cat\/#\/schema\/person\/810c15694a7e538934bb4be53ebcba0d\",\"name\":\"admin\",\"image\":{\"@type\":\"ImageObject\",\"inLanguage\":\"ca\",\"@id\":\"https:\/\/www.siau.cat\/#\/schema\/person\/image\/\",\"url\":\"https:\/\/www.siau.cat\/wp-content\/litespeed\/avatar\/d73ebfac3daa0b52552b2ccea63469da.jpg?ver=1777403609\",\"contentUrl\":\"https:\/\/www.siau.cat\/wp-content\/litespeed\/avatar\/d73ebfac3daa0b52552b2ccea63469da.jpg?ver=1777403609\",\"caption\":\"admin\"},\"sameAs\":[\"https:\/\/www.siau.cat\"],\"url\":\"https:\/\/www.siau.cat\/index.php\/author\/admin\/\"}]}<\/script>\n<!-- \/ Yoast SEO plugin. -->","yoast_head_json":{"title":"Davant un nefast esborrany del concurs de m\u00e8rits &#8212; SIAU - SINDICAT INDEPENDENT, AUT\u00d2NOM I UNITARI","robots":{"index":"index","follow":"follow","max-snippet":"max-snippet:-1","max-image-preview":"max-image-preview:large","max-video-preview":"max-video-preview:-1"},"canonical":"https:\/\/www.siau.cat\/index.php\/2022\/11\/02\/davant-un-nefast-esborrany-del-concurs-de-merits\/","og_locale":"ca_ES","og_type":"article","og_title":"Davant un nefast esborrany del concurs de m\u00e8rits &#8212; SIAU - SINDICAT INDEPENDENT, AUT\u00d2NOM I UNITARI","og_description":"No \u00e9s casualitat haver obtingut acc\u00e9s a l\u2019esborrany del concurs de m\u00e8rits abans del pont de Tots Sants. La Conselleria d\u2019Educaci\u00f3 ja ens hi t\u00e9 acostumats a treure esborranys just abans de comen\u00e7ar per\u00edodes festius. No creiem que sigui casualitat. Per comen\u00e7ar, cal dir que hem detectat un conjunt d\u2019aspectes que ens preocupen: 1. Proced\u00e8ncia &hellip; Continua llegint \u00abDavant un nefast esborrany del concurs de m\u00e8rits\u00bb","og_url":"https:\/\/www.siau.cat\/index.php\/2022\/11\/02\/davant-un-nefast-esborrany-del-concurs-de-merits\/","og_site_name":"SIAU - SINDICAT INDEPENDENT, AUT\u00d2NOM I UNITARI","article_published_time":"2022-11-02T21:56:31+00:00","article_modified_time":"2022-11-02T21:56:33+00:00","og_image":[{"url":"https:\/\/www.siau.cat\/wp-content\/uploads\/2022\/11\/Nefast-esborrany-1024x1024.png","type":"","width":"","height":""}],"author":"admin","twitter_card":"summary_large_image","twitter_misc":{"Escrit per":"admin","Temps estimat de lectura":"2 minuts"},"schema":{"@context":"https:\/\/schema.org","@graph":[{"@type":"Article","@id":"https:\/\/www.siau.cat\/index.php\/2022\/11\/02\/davant-un-nefast-esborrany-del-concurs-de-merits\/#article","isPartOf":{"@id":"https:\/\/www.siau.cat\/index.php\/2022\/11\/02\/davant-un-nefast-esborrany-del-concurs-de-merits\/"},"author":{"name":"admin","@id":"https:\/\/www.siau.cat\/#\/schema\/person\/810c15694a7e538934bb4be53ebcba0d"},"headline":"Davant un nefast esborrany del concurs de m\u00e8rits","datePublished":"2022-11-02T21:56:31+00:00","dateModified":"2022-11-02T21:56:33+00:00","mainEntityOfPage":{"@id":"https:\/\/www.siau.cat\/index.php\/2022\/11\/02\/davant-un-nefast-esborrany-del-concurs-de-merits\/"},"wordCount":354,"publisher":{"@id":"https:\/\/www.siau.cat\/#organization"},"image":{"@id":"https:\/\/www.siau.cat\/index.php\/2022\/11\/02\/davant-un-nefast-esborrany-del-concurs-de-merits\/#primaryimage"},"thumbnailUrl":"https:\/\/www.siau.cat\/wp-content\/uploads\/2022\/11\/Nefast-esborrany-1024x1024.png","articleSection":["Uncategorized"],"inLanguage":"ca"},{"@type":"WebPage","@id":"https:\/\/www.siau.cat\/index.php\/2022\/11\/02\/davant-un-nefast-esborrany-del-concurs-de-merits\/","url":"https:\/\/www.siau.cat\/index.php\/2022\/11\/02\/davant-un-nefast-esborrany-del-concurs-de-merits\/","name":"Davant un nefast esborrany del concurs de m\u00e8rits &#8212; SIAU - SINDICAT INDEPENDENT, AUT\u00d2NOM I UNITARI","isPartOf":{"@id":"https:\/\/www.siau.cat\/#website"},"primaryImageOfPage":{"@id":"https:\/\/www.siau.cat\/index.php\/2022\/11\/02\/davant-un-nefast-esborrany-del-concurs-de-merits\/#primaryimage"},"image":{"@id":"https:\/\/www.siau.cat\/index.php\/2022\/11\/02\/davant-un-nefast-esborrany-del-concurs-de-merits\/#primaryimage"},"thumbnailUrl":"https:\/\/www.siau.cat\/wp-content\/uploads\/2022\/11\/Nefast-esborrany-1024x1024.png","datePublished":"2022-11-02T21:56:31+00:00","dateModified":"2022-11-02T21:56:33+00:00","breadcrumb":{"@id":"https:\/\/www.siau.cat\/index.php\/2022\/11\/02\/davant-un-nefast-esborrany-del-concurs-de-merits\/#breadcrumb"},"inLanguage":"ca","potentialAction":[{"@type":"ReadAction","target":["https:\/\/www.siau.cat\/index.php\/2022\/11\/02\/davant-un-nefast-esborrany-del-concurs-de-merits\/"]}]},{"@type":"ImageObject","inLanguage":"ca","@id":"https:\/\/www.siau.cat\/index.php\/2022\/11\/02\/davant-un-nefast-esborrany-del-concurs-de-merits\/#primaryimage","url":"https:\/\/www.siau.cat\/wp-content\/uploads\/2022\/11\/Nefast-esborrany.png","contentUrl":"https:\/\/www.siau.cat\/wp-content\/uploads\/2022\/11\/Nefast-esborrany.png","width":1080,"height":1080},{"@type":"BreadcrumbList","@id":"https:\/\/www.siau.cat\/index.php\/2022\/11\/02\/davant-un-nefast-esborrany-del-concurs-de-merits\/#breadcrumb","itemListElement":[{"@type":"ListItem","position":1,"name":"Inici","item":"https:\/\/www.siau.cat\/"},{"@type":"ListItem","position":2,"name":"Davant un nefast esborrany del concurs de m\u00e8rits"}]},{"@type":"WebSite","@id":"https:\/\/www.siau.cat\/#website","url":"https:\/\/www.siau.cat\/","name":"SIAU - SINDICAT INDEPENDENT, AUT\u00d2NOM I UNITARI","description":"Ara s&iacute; que tenim la veu","publisher":{"@id":"https:\/\/www.siau.cat\/#organization"},"potentialAction":[{"@type":"SearchAction","target":{"@type":"EntryPoint","urlTemplate":"https:\/\/www.siau.cat\/?s={search_term_string}"},"query-input":{"@type":"PropertyValueSpecification","valueRequired":true,"valueName":"search_term_string"}}],"inLanguage":"ca"},{"@type":"Organization","@id":"https:\/\/www.siau.cat\/#organization","name":"SIAU","url":"https:\/\/www.siau.cat\/","logo":{"@type":"ImageObject","inLanguage":"ca","@id":"https:\/\/www.siau.cat\/#\/schema\/logo\/image\/","url":"https:\/\/www.siau.cat\/wp-content\/uploads\/2022\/03\/cropped-resized_LOGO-SIAU-5-e1652020847972.jpg","contentUrl":"https:\/\/www.siau.cat\/wp-content\/uploads\/2022\/03\/cropped-resized_LOGO-SIAU-5-e1652020847972.jpg","width":1600,"height":1200,"caption":"SIAU"},"image":{"@id":"https:\/\/www.siau.cat\/#\/schema\/logo\/image\/"}},{"@type":"Person","@id":"https:\/\/www.siau.cat\/#\/schema\/person\/810c15694a7e538934bb4be53ebcba0d","name":"admin","image":{"@type":"ImageObject","inLanguage":"ca","@id":"https:\/\/www.siau.cat\/#\/schema\/person\/image\/","url":"https:\/\/www.siau.cat\/wp-content\/litespeed\/avatar\/d73ebfac3daa0b52552b2ccea63469da.jpg?ver=1777403609","contentUrl":"https:\/\/www.siau.cat\/wp-content\/litespeed\/avatar\/d73ebfac3daa0b52552b2ccea63469da.jpg?ver=1777403609","caption":"admin"},"sameAs":["https:\/\/www.siau.cat"],"url":"https:\/\/www.siau.cat\/index.php\/author\/admin\/"}]}},"jetpack_featured_media_url":"","jetpack_sharing_enabled":true,"_links":{"self":[{"href":"https:\/\/www.siau.cat\/index.php\/wp-json\/wp\/v2\/posts\/504","targetHints":{"allow":["GET"]}}],"collection":[{"href":"https:\/\/www.siau.cat\/index.php\/wp-json\/wp\/v2\/posts"}],"about":[{"href":"https:\/\/www.siau.cat\/index.php\/wp-json\/wp\/v2\/types\/post"}],"author":[{"embeddable":true,"href":"https:\/\/www.siau.cat\/index.php\/wp-json\/wp\/v2\/users\/1"}],"replies":[{"embeddable":true,"href":"https:\/\/www.siau.cat\/index.php\/wp-json\/wp\/v2\/comments?post=504"}],"version-history":[{"count":1,"href":"https:\/\/www.siau.cat\/index.php\/wp-json\/wp\/v2\/posts\/504\/revisions"}],"predecessor-version":[{"id":506,"href":"https:\/\/www.siau.cat\/index.php\/wp-json\/wp\/v2\/posts\/504\/revisions\/506"}],"wp:attachment":[{"href":"https:\/\/www.siau.cat\/index.php\/wp-json\/wp\/v2\/media?parent=504"}],"wp:term":[{"taxonomy":"category","embeddable":true,"href":"https:\/\/www.siau.cat\/index.php\/wp-json\/wp\/v2\/categories?post=504"},{"taxonomy":"post_tag","embeddable":true,"href":"https:\/\/www.siau.cat\/index.php\/wp-json\/wp\/v2\/tags?post=504"}],"curies":[{"name":"wp","href":"https:\/\/api.w.org\/{rel}","templated":true}]}}