{"id":507,"date":"2022-11-05T12:52:36","date_gmt":"2022-11-05T12:52:36","guid":{"rendered":"https:\/\/www.siau.cat\/?p=507"},"modified":"2022-11-05T12:52:38","modified_gmt":"2022-11-05T12:52:38","slug":"siau-celebra-una-sentencia-pionera-que-repercuteix-positivament-a-tot-el-funcionariat-de-les-illes-balears","status":"publish","type":"post","link":"https:\/\/www.siau.cat\/index.php\/2022\/11\/05\/siau-celebra-una-sentencia-pionera-que-repercuteix-positivament-a-tot-el-funcionariat-de-les-illes-balears\/","title":{"rendered":"SIAU celebra una sent\u00e8ncia pionera que repercuteix positivament a tot el funcionariat de les Illes Balears"},"content":{"rendered":"\n<figure class=\"wp-block-image size-large\"><img loading=\"lazy\" decoding=\"async\" width=\"1024\" height=\"793\" src=\"https:\/\/www.siau.cat\/wp-content\/uploads\/2022\/11\/1-1024x793.png\" alt=\"\" class=\"wp-image-508\" srcset=\"https:\/\/www.siau.cat\/wp-content\/uploads\/2022\/11\/1-1024x793.png 1024w, https:\/\/www.siau.cat\/wp-content\/uploads\/2022\/11\/1-350x271.png 350w, https:\/\/www.siau.cat\/wp-content\/uploads\/2022\/11\/1-300x232.png 300w, https:\/\/www.siau.cat\/wp-content\/uploads\/2022\/11\/1-768x595.png 768w, https:\/\/www.siau.cat\/wp-content\/uploads\/2022\/11\/1-1536x1190.png 1536w, https:\/\/www.siau.cat\/wp-content\/uploads\/2022\/11\/1-24x19.png 24w, https:\/\/www.siau.cat\/wp-content\/uploads\/2022\/11\/1-36x28.png 36w, https:\/\/www.siau.cat\/wp-content\/uploads\/2022\/11\/1-48x37.png 48w, https:\/\/www.siau.cat\/wp-content\/uploads\/2022\/11\/1.png 1768w\" sizes=\"auto, (max-width: 767px) 89vw, (max-width: 1000px) 54vw, (max-width: 1071px) 543px, 580px\" \/><figcaption class=\"wp-element-caption\">Extracte 1 de la sent\u00e8ncia pionera guanyada<\/figcaption><\/figure>\n\n\n\n<p class=\"has-text-align-justify\">Joan Cresp\u00ed, secretari general de SIAU, aquests dies ha rebut una sent\u00e8ncia pionera que per primera vegada crea jurisprud\u00e8ncia a les Illes Balears i repercuteix positivament a tot el funcionariat del nostre territori, no nom\u00e9s al d\u2019educaci\u00f3.<\/p>\n\n\n\n<p class=\"has-text-align-justify\">Els fets es remunten al maig i juny de\u00a0l\u2019any\u00a02020, quan Joan Cresp\u00ed consolid\u00e0 un segon trienni i un sexenni, estant en situaci\u00f3 de baixa per incapacitat temporal. Un cop finalitzada la baixa,\u00a0sol\u00b7licit\u00e0\u00a0l\u2019abonament, amb efectes retroactius, de tots els imports pendents. Educaci\u00f3 va optar per fer silenci administratiu a la sol\u00b7licitud registrada, tampoc va voler respondre a la petici\u00f3 via correu electr\u00f2nic i, per acabar-ho\u00a0d\u2019adobar, quan es\u00a0contact\u00e0\u00a0telef\u00f2nicament amb la Conselleria\u00a0d\u2019Educaci\u00f3, davant l\u2019advertiment que en altres comunitats aut\u00f2nomes es\u00a0reconeixia\u00a0aquest dret, que a la Pen\u00ednsula existien sent\u00e8ncies judicials a favor i que, per tant, s\u2019optaria per\u00a0demandar-los si no es portava a terme l\u2019esmentat pagament, la seva resposta fou: \u00abSi et fa il\u00b7lusi\u00f3 demandar-nos, endavant!\u00bb. Actituds prepotents com aquestes diuen ben poc de les persones que ocupen actualment els c\u00e0rrecs de responsabilitat dins la Conselleria\u00a0d\u2019Educaci\u00f3. Tal vegada si les condemnes judicials que sovint reben les paguessin de la seva pr\u00f2pia butxaca,\u00a0s\u2019ho\u00a0pensarien\u00a0una mica m\u00e9s abans d\u2019optar per anar en contra dels drets dels docents.<\/p>\n\n\n\n<figure class=\"wp-block-image size-large\"><img loading=\"lazy\" decoding=\"async\" width=\"1024\" height=\"586\" src=\"https:\/\/www.siau.cat\/wp-content\/uploads\/2022\/11\/2-1024x586.png\" alt=\"\" class=\"wp-image-509\" srcset=\"https:\/\/www.siau.cat\/wp-content\/uploads\/2022\/11\/2-1024x586.png 1024w, https:\/\/www.siau.cat\/wp-content\/uploads\/2022\/11\/2-350x200.png 350w, https:\/\/www.siau.cat\/wp-content\/uploads\/2022\/11\/2-300x172.png 300w, https:\/\/www.siau.cat\/wp-content\/uploads\/2022\/11\/2-768x439.png 768w, https:\/\/www.siau.cat\/wp-content\/uploads\/2022\/11\/2-1536x878.png 1536w, https:\/\/www.siau.cat\/wp-content\/uploads\/2022\/11\/2-24x14.png 24w, https:\/\/www.siau.cat\/wp-content\/uploads\/2022\/11\/2-36x21.png 36w, https:\/\/www.siau.cat\/wp-content\/uploads\/2022\/11\/2-48x27.png 48w, https:\/\/www.siau.cat\/wp-content\/uploads\/2022\/11\/2.png 1766w\" sizes=\"auto, (max-width: 767px) 89vw, (max-width: 1000px) 54vw, (max-width: 1071px) 543px, 580px\" \/><figcaption class=\"wp-element-caption\">Extracte 2 de la sent\u00e8ncia pionera guanyada<\/figcaption><\/figure>\n\n\n\n<p class=\"has-text-align-justify\">La Conselleria d\u2019Educaci\u00f3, assistida pel cos&nbsp;d\u2019advocats&nbsp;de la CAIB, finalment ha estat condemnada a pagar&nbsp;l\u2019import&nbsp;reclamat m\u00e9s els interessos corresponents. I, a m\u00e9s, es tracta&nbsp;d\u2019una&nbsp;sent\u00e8ncia ferma, que no es pot rec\u00f3rrer. Des de SIAU,&nbsp;celebram&nbsp;que aquesta&nbsp;sent\u00e8ncia&nbsp;pionera repercuteixi positivament a tot el funcionariat de les Illes Balears, ja que crea un precedent que convida a reclamar davant la resta d&#8217;administracions de les illes que fins ara tampoc no aplicassin aquest criteri. Tamb\u00e9 volem afegir que ens&nbsp;posam&nbsp;a disposici\u00f3 de tots els docents de les Illes Balears que vulguin comen\u00e7ar a reclamar a trav\u00e9s del nostre sindicat les pujades salarials que haguessin consolidat durant per\u00edodes de baixa per incapacitat temporal, per tal que la Conselleria d\u2019Educaci\u00f3 els hi hagi de fer&nbsp;l\u2019abonament, en compliment&nbsp;d\u2019aquesta&nbsp;primera sent\u00e8ncia a les Illes Balears, la 610\/22 del Contenci\u00f3s Administratiu n\u00famero 2 de Palma.<\/p>\n\n\n\n<p><\/p>\n\n\n\n<p><\/p>\n","protected":false},"excerpt":{"rendered":"<p>Joan Cresp\u00ed, secretari general de SIAU, aquests dies ha rebut una sent\u00e8ncia pionera que per primera vegada crea jurisprud\u00e8ncia a les Illes Balears i repercuteix positivament a tot el funcionariat del nostre territori, no nom\u00e9s al d\u2019educaci\u00f3. Els fets es remunten al maig i juny de\u00a0l\u2019any\u00a02020, quan Joan Cresp\u00ed consolid\u00e0 un segon trienni i un &hellip; <\/p>\n<p class=\"link-more\"><a href=\"https:\/\/www.siau.cat\/index.php\/2022\/11\/05\/siau-celebra-una-sentencia-pionera-que-repercuteix-positivament-a-tot-el-funcionariat-de-les-illes-balears\/\" class=\"more-link\">Continua llegint <span class=\"screen-reader-text\">\u00abSIAU celebra una sent\u00e8ncia pionera que repercuteix positivament a tot el funcionariat de les Illes Balears\u00bb<\/span><\/a><\/p>\n","protected":false},"author":1,"featured_media":0,"comment_status":"closed","ping_status":"open","sticky":false,"template":"","format":"standard","meta":{"_jetpack_memberships_contains_paid_content":false,"footnotes":""},"categories":[1],"tags":[],"class_list":["post-507","post","type-post","status-publish","format-standard","hentry","category-uncategorized"],"yoast_head":"<!-- This site is optimized with the Yoast SEO plugin v25.4 - https:\/\/yoast.com\/wordpress\/plugins\/seo\/ -->\n<title>SIAU celebra una sent\u00e8ncia pionera que repercuteix positivament a tot el funcionariat de les Illes Balears &#8212; SIAU - SINDICAT INDEPENDENT, AUT\u00d2NOM I UNITARI<\/title>\n<meta name=\"robots\" content=\"index, follow, max-snippet:-1, max-image-preview:large, max-video-preview:-1\" \/>\n<link rel=\"canonical\" href=\"https:\/\/www.siau.cat\/index.php\/2022\/11\/05\/siau-celebra-una-sentencia-pionera-que-repercuteix-positivament-a-tot-el-funcionariat-de-les-illes-balears\/\" \/>\n<meta property=\"og:locale\" content=\"ca_ES\" \/>\n<meta property=\"og:type\" content=\"article\" \/>\n<meta property=\"og:title\" content=\"SIAU celebra una sent\u00e8ncia pionera que repercuteix positivament a tot el funcionariat de les Illes Balears &#8212; SIAU - SINDICAT INDEPENDENT, AUT\u00d2NOM I UNITARI\" \/>\n<meta property=\"og:description\" content=\"Joan Cresp\u00ed, secretari general de SIAU, aquests dies ha rebut una sent\u00e8ncia pionera que per primera vegada crea jurisprud\u00e8ncia a les Illes Balears i repercuteix positivament a tot el funcionariat del nostre territori, no nom\u00e9s al d\u2019educaci\u00f3. Els fets es remunten al maig i juny de\u00a0l\u2019any\u00a02020, quan Joan Cresp\u00ed consolid\u00e0 un segon trienni i un &hellip; Continua llegint \u00abSIAU celebra una sent\u00e8ncia pionera que repercuteix positivament a tot el funcionariat de les Illes Balears\u00bb\" \/>\n<meta property=\"og:url\" content=\"https:\/\/www.siau.cat\/index.php\/2022\/11\/05\/siau-celebra-una-sentencia-pionera-que-repercuteix-positivament-a-tot-el-funcionariat-de-les-illes-balears\/\" \/>\n<meta property=\"og:site_name\" content=\"SIAU - SINDICAT INDEPENDENT, AUT\u00d2NOM I UNITARI\" \/>\n<meta property=\"article:published_time\" content=\"2022-11-05T12:52:36+00:00\" \/>\n<meta property=\"article:modified_time\" content=\"2022-11-05T12:52:38+00:00\" \/>\n<meta property=\"og:image\" content=\"https:\/\/www.siau.cat\/wp-content\/uploads\/2022\/11\/1-1024x793.png\" \/>\n<meta name=\"author\" content=\"admin\" \/>\n<meta name=\"twitter:card\" content=\"summary_large_image\" \/>\n<meta name=\"twitter:label1\" content=\"Escrit per\" \/>\n\t<meta name=\"twitter:data1\" content=\"admin\" \/>\n\t<meta name=\"twitter:label2\" content=\"Temps estimat de lectura\" \/>\n\t<meta name=\"twitter:data2\" content=\"3 minuts\" \/>\n<script type=\"application\/ld+json\" class=\"yoast-schema-graph\">{\"@context\":\"https:\/\/schema.org\",\"@graph\":[{\"@type\":\"Article\",\"@id\":\"https:\/\/www.siau.cat\/index.php\/2022\/11\/05\/siau-celebra-una-sentencia-pionera-que-repercuteix-positivament-a-tot-el-funcionariat-de-les-illes-balears\/#article\",\"isPartOf\":{\"@id\":\"https:\/\/www.siau.cat\/index.php\/2022\/11\/05\/siau-celebra-una-sentencia-pionera-que-repercuteix-positivament-a-tot-el-funcionariat-de-les-illes-balears\/\"},\"author\":{\"name\":\"admin\",\"@id\":\"https:\/\/www.siau.cat\/#\/schema\/person\/810c15694a7e538934bb4be53ebcba0d\"},\"headline\":\"SIAU celebra una sent\u00e8ncia pionera que repercuteix positivament a tot el funcionariat de les Illes Balears\",\"datePublished\":\"2022-11-05T12:52:36+00:00\",\"dateModified\":\"2022-11-05T12:52:38+00:00\",\"mainEntityOfPage\":{\"@id\":\"https:\/\/www.siau.cat\/index.php\/2022\/11\/05\/siau-celebra-una-sentencia-pionera-que-repercuteix-positivament-a-tot-el-funcionariat-de-les-illes-balears\/\"},\"wordCount\":444,\"publisher\":{\"@id\":\"https:\/\/www.siau.cat\/#organization\"},\"image\":{\"@id\":\"https:\/\/www.siau.cat\/index.php\/2022\/11\/05\/siau-celebra-una-sentencia-pionera-que-repercuteix-positivament-a-tot-el-funcionariat-de-les-illes-balears\/#primaryimage\"},\"thumbnailUrl\":\"https:\/\/www.siau.cat\/wp-content\/uploads\/2022\/11\/1-1024x793.png\",\"articleSection\":[\"Uncategorized\"],\"inLanguage\":\"ca\"},{\"@type\":\"WebPage\",\"@id\":\"https:\/\/www.siau.cat\/index.php\/2022\/11\/05\/siau-celebra-una-sentencia-pionera-que-repercuteix-positivament-a-tot-el-funcionariat-de-les-illes-balears\/\",\"url\":\"https:\/\/www.siau.cat\/index.php\/2022\/11\/05\/siau-celebra-una-sentencia-pionera-que-repercuteix-positivament-a-tot-el-funcionariat-de-les-illes-balears\/\",\"name\":\"SIAU celebra una sent\u00e8ncia pionera que repercuteix positivament a tot el funcionariat de les Illes Balears &#8212; SIAU - SINDICAT INDEPENDENT, AUT\u00d2NOM I UNITARI\",\"isPartOf\":{\"@id\":\"https:\/\/www.siau.cat\/#website\"},\"primaryImageOfPage\":{\"@id\":\"https:\/\/www.siau.cat\/index.php\/2022\/11\/05\/siau-celebra-una-sentencia-pionera-que-repercuteix-positivament-a-tot-el-funcionariat-de-les-illes-balears\/#primaryimage\"},\"image\":{\"@id\":\"https:\/\/www.siau.cat\/index.php\/2022\/11\/05\/siau-celebra-una-sentencia-pionera-que-repercuteix-positivament-a-tot-el-funcionariat-de-les-illes-balears\/#primaryimage\"},\"thumbnailUrl\":\"https:\/\/www.siau.cat\/wp-content\/uploads\/2022\/11\/1-1024x793.png\",\"datePublished\":\"2022-11-05T12:52:36+00:00\",\"dateModified\":\"2022-11-05T12:52:38+00:00\",\"breadcrumb\":{\"@id\":\"https:\/\/www.siau.cat\/index.php\/2022\/11\/05\/siau-celebra-una-sentencia-pionera-que-repercuteix-positivament-a-tot-el-funcionariat-de-les-illes-balears\/#breadcrumb\"},\"inLanguage\":\"ca\",\"potentialAction\":[{\"@type\":\"ReadAction\",\"target\":[\"https:\/\/www.siau.cat\/index.php\/2022\/11\/05\/siau-celebra-una-sentencia-pionera-que-repercuteix-positivament-a-tot-el-funcionariat-de-les-illes-balears\/\"]}]},{\"@type\":\"ImageObject\",\"inLanguage\":\"ca\",\"@id\":\"https:\/\/www.siau.cat\/index.php\/2022\/11\/05\/siau-celebra-una-sentencia-pionera-que-repercuteix-positivament-a-tot-el-funcionariat-de-les-illes-balears\/#primaryimage\",\"url\":\"https:\/\/www.siau.cat\/wp-content\/uploads\/2022\/11\/1.png\",\"contentUrl\":\"https:\/\/www.siau.cat\/wp-content\/uploads\/2022\/11\/1.png\",\"width\":1768,\"height\":1370},{\"@type\":\"BreadcrumbList\",\"@id\":\"https:\/\/www.siau.cat\/index.php\/2022\/11\/05\/siau-celebra-una-sentencia-pionera-que-repercuteix-positivament-a-tot-el-funcionariat-de-les-illes-balears\/#breadcrumb\",\"itemListElement\":[{\"@type\":\"ListItem\",\"position\":1,\"name\":\"Inici\",\"item\":\"https:\/\/www.siau.cat\/\"},{\"@type\":\"ListItem\",\"position\":2,\"name\":\"SIAU celebra una sent\u00e8ncia pionera que repercuteix positivament a tot el funcionariat de les Illes Balears\"}]},{\"@type\":\"WebSite\",\"@id\":\"https:\/\/www.siau.cat\/#website\",\"url\":\"https:\/\/www.siau.cat\/\",\"name\":\"SIAU - SINDICAT INDEPENDENT, AUT\u00d2NOM I UNITARI\",\"description\":\"Ara s&iacute; que tenim la veu\",\"publisher\":{\"@id\":\"https:\/\/www.siau.cat\/#organization\"},\"potentialAction\":[{\"@type\":\"SearchAction\",\"target\":{\"@type\":\"EntryPoint\",\"urlTemplate\":\"https:\/\/www.siau.cat\/?s={search_term_string}\"},\"query-input\":{\"@type\":\"PropertyValueSpecification\",\"valueRequired\":true,\"valueName\":\"search_term_string\"}}],\"inLanguage\":\"ca\"},{\"@type\":\"Organization\",\"@id\":\"https:\/\/www.siau.cat\/#organization\",\"name\":\"SIAU\",\"url\":\"https:\/\/www.siau.cat\/\",\"logo\":{\"@type\":\"ImageObject\",\"inLanguage\":\"ca\",\"@id\":\"https:\/\/www.siau.cat\/#\/schema\/logo\/image\/\",\"url\":\"https:\/\/www.siau.cat\/wp-content\/uploads\/2022\/03\/cropped-resized_LOGO-SIAU-5-e1652020847972.jpg\",\"contentUrl\":\"https:\/\/www.siau.cat\/wp-content\/uploads\/2022\/03\/cropped-resized_LOGO-SIAU-5-e1652020847972.jpg\",\"width\":1600,\"height\":1200,\"caption\":\"SIAU\"},\"image\":{\"@id\":\"https:\/\/www.siau.cat\/#\/schema\/logo\/image\/\"}},{\"@type\":\"Person\",\"@id\":\"https:\/\/www.siau.cat\/#\/schema\/person\/810c15694a7e538934bb4be53ebcba0d\",\"name\":\"admin\",\"image\":{\"@type\":\"ImageObject\",\"inLanguage\":\"ca\",\"@id\":\"https:\/\/www.siau.cat\/#\/schema\/person\/image\/\",\"url\":\"https:\/\/www.siau.cat\/wp-content\/litespeed\/avatar\/d73ebfac3daa0b52552b2ccea63469da.jpg?ver=1777403609\",\"contentUrl\":\"https:\/\/www.siau.cat\/wp-content\/litespeed\/avatar\/d73ebfac3daa0b52552b2ccea63469da.jpg?ver=1777403609\",\"caption\":\"admin\"},\"sameAs\":[\"https:\/\/www.siau.cat\"],\"url\":\"https:\/\/www.siau.cat\/index.php\/author\/admin\/\"}]}<\/script>\n<!-- \/ Yoast SEO plugin. -->","yoast_head_json":{"title":"SIAU celebra una sent\u00e8ncia pionera que repercuteix positivament a tot el funcionariat de les Illes Balears &#8212; SIAU - SINDICAT INDEPENDENT, AUT\u00d2NOM I UNITARI","robots":{"index":"index","follow":"follow","max-snippet":"max-snippet:-1","max-image-preview":"max-image-preview:large","max-video-preview":"max-video-preview:-1"},"canonical":"https:\/\/www.siau.cat\/index.php\/2022\/11\/05\/siau-celebra-una-sentencia-pionera-que-repercuteix-positivament-a-tot-el-funcionariat-de-les-illes-balears\/","og_locale":"ca_ES","og_type":"article","og_title":"SIAU celebra una sent\u00e8ncia pionera que repercuteix positivament a tot el funcionariat de les Illes Balears &#8212; SIAU - SINDICAT INDEPENDENT, AUT\u00d2NOM I UNITARI","og_description":"Joan Cresp\u00ed, secretari general de SIAU, aquests dies ha rebut una sent\u00e8ncia pionera que per primera vegada crea jurisprud\u00e8ncia a les Illes Balears i repercuteix positivament a tot el funcionariat del nostre territori, no nom\u00e9s al d\u2019educaci\u00f3. Els fets es remunten al maig i juny de\u00a0l\u2019any\u00a02020, quan Joan Cresp\u00ed consolid\u00e0 un segon trienni i un &hellip; Continua llegint \u00abSIAU celebra una sent\u00e8ncia pionera que repercuteix positivament a tot el funcionariat de les Illes Balears\u00bb","og_url":"https:\/\/www.siau.cat\/index.php\/2022\/11\/05\/siau-celebra-una-sentencia-pionera-que-repercuteix-positivament-a-tot-el-funcionariat-de-les-illes-balears\/","og_site_name":"SIAU - SINDICAT INDEPENDENT, AUT\u00d2NOM I UNITARI","article_published_time":"2022-11-05T12:52:36+00:00","article_modified_time":"2022-11-05T12:52:38+00:00","og_image":[{"url":"https:\/\/www.siau.cat\/wp-content\/uploads\/2022\/11\/1-1024x793.png","type":"","width":"","height":""}],"author":"admin","twitter_card":"summary_large_image","twitter_misc":{"Escrit per":"admin","Temps estimat de lectura":"3 minuts"},"schema":{"@context":"https:\/\/schema.org","@graph":[{"@type":"Article","@id":"https:\/\/www.siau.cat\/index.php\/2022\/11\/05\/siau-celebra-una-sentencia-pionera-que-repercuteix-positivament-a-tot-el-funcionariat-de-les-illes-balears\/#article","isPartOf":{"@id":"https:\/\/www.siau.cat\/index.php\/2022\/11\/05\/siau-celebra-una-sentencia-pionera-que-repercuteix-positivament-a-tot-el-funcionariat-de-les-illes-balears\/"},"author":{"name":"admin","@id":"https:\/\/www.siau.cat\/#\/schema\/person\/810c15694a7e538934bb4be53ebcba0d"},"headline":"SIAU celebra una sent\u00e8ncia pionera que repercuteix positivament a tot el funcionariat de les Illes Balears","datePublished":"2022-11-05T12:52:36+00:00","dateModified":"2022-11-05T12:52:38+00:00","mainEntityOfPage":{"@id":"https:\/\/www.siau.cat\/index.php\/2022\/11\/05\/siau-celebra-una-sentencia-pionera-que-repercuteix-positivament-a-tot-el-funcionariat-de-les-illes-balears\/"},"wordCount":444,"publisher":{"@id":"https:\/\/www.siau.cat\/#organization"},"image":{"@id":"https:\/\/www.siau.cat\/index.php\/2022\/11\/05\/siau-celebra-una-sentencia-pionera-que-repercuteix-positivament-a-tot-el-funcionariat-de-les-illes-balears\/#primaryimage"},"thumbnailUrl":"https:\/\/www.siau.cat\/wp-content\/uploads\/2022\/11\/1-1024x793.png","articleSection":["Uncategorized"],"inLanguage":"ca"},{"@type":"WebPage","@id":"https:\/\/www.siau.cat\/index.php\/2022\/11\/05\/siau-celebra-una-sentencia-pionera-que-repercuteix-positivament-a-tot-el-funcionariat-de-les-illes-balears\/","url":"https:\/\/www.siau.cat\/index.php\/2022\/11\/05\/siau-celebra-una-sentencia-pionera-que-repercuteix-positivament-a-tot-el-funcionariat-de-les-illes-balears\/","name":"SIAU celebra una sent\u00e8ncia pionera que repercuteix positivament a tot el funcionariat de les Illes Balears &#8212; SIAU - SINDICAT INDEPENDENT, AUT\u00d2NOM I UNITARI","isPartOf":{"@id":"https:\/\/www.siau.cat\/#website"},"primaryImageOfPage":{"@id":"https:\/\/www.siau.cat\/index.php\/2022\/11\/05\/siau-celebra-una-sentencia-pionera-que-repercuteix-positivament-a-tot-el-funcionariat-de-les-illes-balears\/#primaryimage"},"image":{"@id":"https:\/\/www.siau.cat\/index.php\/2022\/11\/05\/siau-celebra-una-sentencia-pionera-que-repercuteix-positivament-a-tot-el-funcionariat-de-les-illes-balears\/#primaryimage"},"thumbnailUrl":"https:\/\/www.siau.cat\/wp-content\/uploads\/2022\/11\/1-1024x793.png","datePublished":"2022-11-05T12:52:36+00:00","dateModified":"2022-11-05T12:52:38+00:00","breadcrumb":{"@id":"https:\/\/www.siau.cat\/index.php\/2022\/11\/05\/siau-celebra-una-sentencia-pionera-que-repercuteix-positivament-a-tot-el-funcionariat-de-les-illes-balears\/#breadcrumb"},"inLanguage":"ca","potentialAction":[{"@type":"ReadAction","target":["https:\/\/www.siau.cat\/index.php\/2022\/11\/05\/siau-celebra-una-sentencia-pionera-que-repercuteix-positivament-a-tot-el-funcionariat-de-les-illes-balears\/"]}]},{"@type":"ImageObject","inLanguage":"ca","@id":"https:\/\/www.siau.cat\/index.php\/2022\/11\/05\/siau-celebra-una-sentencia-pionera-que-repercuteix-positivament-a-tot-el-funcionariat-de-les-illes-balears\/#primaryimage","url":"https:\/\/www.siau.cat\/wp-content\/uploads\/2022\/11\/1.png","contentUrl":"https:\/\/www.siau.cat\/wp-content\/uploads\/2022\/11\/1.png","width":1768,"height":1370},{"@type":"BreadcrumbList","@id":"https:\/\/www.siau.cat\/index.php\/2022\/11\/05\/siau-celebra-una-sentencia-pionera-que-repercuteix-positivament-a-tot-el-funcionariat-de-les-illes-balears\/#breadcrumb","itemListElement":[{"@type":"ListItem","position":1,"name":"Inici","item":"https:\/\/www.siau.cat\/"},{"@type":"ListItem","position":2,"name":"SIAU celebra una sent\u00e8ncia pionera que repercuteix positivament a tot el funcionariat de les Illes Balears"}]},{"@type":"WebSite","@id":"https:\/\/www.siau.cat\/#website","url":"https:\/\/www.siau.cat\/","name":"SIAU - SINDICAT INDEPENDENT, AUT\u00d2NOM I UNITARI","description":"Ara s&iacute; que tenim la veu","publisher":{"@id":"https:\/\/www.siau.cat\/#organization"},"potentialAction":[{"@type":"SearchAction","target":{"@type":"EntryPoint","urlTemplate":"https:\/\/www.siau.cat\/?s={search_term_string}"},"query-input":{"@type":"PropertyValueSpecification","valueRequired":true,"valueName":"search_term_string"}}],"inLanguage":"ca"},{"@type":"Organization","@id":"https:\/\/www.siau.cat\/#organization","name":"SIAU","url":"https:\/\/www.siau.cat\/","logo":{"@type":"ImageObject","inLanguage":"ca","@id":"https:\/\/www.siau.cat\/#\/schema\/logo\/image\/","url":"https:\/\/www.siau.cat\/wp-content\/uploads\/2022\/03\/cropped-resized_LOGO-SIAU-5-e1652020847972.jpg","contentUrl":"https:\/\/www.siau.cat\/wp-content\/uploads\/2022\/03\/cropped-resized_LOGO-SIAU-5-e1652020847972.jpg","width":1600,"height":1200,"caption":"SIAU"},"image":{"@id":"https:\/\/www.siau.cat\/#\/schema\/logo\/image\/"}},{"@type":"Person","@id":"https:\/\/www.siau.cat\/#\/schema\/person\/810c15694a7e538934bb4be53ebcba0d","name":"admin","image":{"@type":"ImageObject","inLanguage":"ca","@id":"https:\/\/www.siau.cat\/#\/schema\/person\/image\/","url":"https:\/\/www.siau.cat\/wp-content\/litespeed\/avatar\/d73ebfac3daa0b52552b2ccea63469da.jpg?ver=1777403609","contentUrl":"https:\/\/www.siau.cat\/wp-content\/litespeed\/avatar\/d73ebfac3daa0b52552b2ccea63469da.jpg?ver=1777403609","caption":"admin"},"sameAs":["https:\/\/www.siau.cat"],"url":"https:\/\/www.siau.cat\/index.php\/author\/admin\/"}]}},"jetpack_featured_media_url":"","jetpack_sharing_enabled":true,"_links":{"self":[{"href":"https:\/\/www.siau.cat\/index.php\/wp-json\/wp\/v2\/posts\/507","targetHints":{"allow":["GET"]}}],"collection":[{"href":"https:\/\/www.siau.cat\/index.php\/wp-json\/wp\/v2\/posts"}],"about":[{"href":"https:\/\/www.siau.cat\/index.php\/wp-json\/wp\/v2\/types\/post"}],"author":[{"embeddable":true,"href":"https:\/\/www.siau.cat\/index.php\/wp-json\/wp\/v2\/users\/1"}],"replies":[{"embeddable":true,"href":"https:\/\/www.siau.cat\/index.php\/wp-json\/wp\/v2\/comments?post=507"}],"version-history":[{"count":1,"href":"https:\/\/www.siau.cat\/index.php\/wp-json\/wp\/v2\/posts\/507\/revisions"}],"predecessor-version":[{"id":510,"href":"https:\/\/www.siau.cat\/index.php\/wp-json\/wp\/v2\/posts\/507\/revisions\/510"}],"wp:attachment":[{"href":"https:\/\/www.siau.cat\/index.php\/wp-json\/wp\/v2\/media?parent=507"}],"wp:term":[{"taxonomy":"category","embeddable":true,"href":"https:\/\/www.siau.cat\/index.php\/wp-json\/wp\/v2\/categories?post=507"},{"taxonomy":"post_tag","embeddable":true,"href":"https:\/\/www.siau.cat\/index.php\/wp-json\/wp\/v2\/tags?post=507"}],"curies":[{"name":"wp","href":"https:\/\/api.w.org\/{rel}","templated":true}]}}