{"id":511,"date":"2022-11-09T06:28:38","date_gmt":"2022-11-09T06:28:38","guid":{"rendered":"https:\/\/www.siau.cat\/?p=511"},"modified":"2022-11-09T06:28:40","modified_gmt":"2022-11-09T06:28:40","slug":"docents-de-les-candidatures-de-siau-estan-patint-pressions-perque-alguns-sindicats-no-volen-que-ens-presentem-a-les-eleccions","status":"publish","type":"post","link":"https:\/\/www.siau.cat\/index.php\/2022\/11\/09\/docents-de-les-candidatures-de-siau-estan-patint-pressions-perque-alguns-sindicats-no-volen-que-ens-presentem-a-les-eleccions\/","title":{"rendered":"Docents de les candidatures de SIAU estan patint pressions perqu\u00e8 alguns sindicats no volen que ens presentem a les eleccions"},"content":{"rendered":"\n<figure class=\"wp-block-gallery has-nested-images columns-default is-cropped wp-block-gallery-1 is-layout-flex wp-block-gallery-is-layout-flex\">\n<figure class=\"wp-block-image size-large\"><img loading=\"lazy\" decoding=\"async\" width=\"1024\" height=\"1024\" data-id=\"512\" src=\"https:\/\/www.siau.cat\/wp-content\/uploads\/2022\/11\/En-aquests-moments-1024x1024.png\" alt=\"\" class=\"wp-image-512\" srcset=\"https:\/\/www.siau.cat\/wp-content\/uploads\/2022\/11\/En-aquests-moments-1024x1024.png 1024w, https:\/\/www.siau.cat\/wp-content\/uploads\/2022\/11\/En-aquests-moments-250x250.png 250w, https:\/\/www.siau.cat\/wp-content\/uploads\/2022\/11\/En-aquests-moments-100x100.png 100w, https:\/\/www.siau.cat\/wp-content\/uploads\/2022\/11\/En-aquests-moments-350x350.png 350w, https:\/\/www.siau.cat\/wp-content\/uploads\/2022\/11\/En-aquests-moments-300x300.png 300w, https:\/\/www.siau.cat\/wp-content\/uploads\/2022\/11\/En-aquests-moments-150x150.png 150w, https:\/\/www.siau.cat\/wp-content\/uploads\/2022\/11\/En-aquests-moments-768x768.png 768w, https:\/\/www.siau.cat\/wp-content\/uploads\/2022\/11\/En-aquests-moments-24x24.png 24w, https:\/\/www.siau.cat\/wp-content\/uploads\/2022\/11\/En-aquests-moments-36x36.png 36w, https:\/\/www.siau.cat\/wp-content\/uploads\/2022\/11\/En-aquests-moments-48x48.png 48w, https:\/\/www.siau.cat\/wp-content\/uploads\/2022\/11\/En-aquests-moments.png 1080w\" sizes=\"auto, (max-width: 767px) 89vw, (max-width: 1000px) 54vw, (max-width: 1071px) 543px, 580px\" \/><\/figure>\n<\/figure>\n\n\n\n<p class=\"has-text-align-justify\">Ens veim obligats a denunciar p\u00fablicament que docents que van a les candidatures de SIAU estan rebent pressions constants de diversos sindicats ja consolidats perqu\u00e8 renunci\u00efn a anar amb nosaltres. Les pressions es concentren sobretot a l\u2019illa de Menorca i a l\u2019illa d\u2019Eivissa, arribant al punt extrem de fer telefonades, de manera insistent, i fins i tot visites en persona.<\/p>\n\n\n\n<p class=\"has-text-align-justify\">Sembla que hi ha sindicats que no entenen que la llibertat individual de decidir anar a una candidatura o una altra \u00e9s sagrada. Arribant a aquests extrems tan poc \u00e8tics es constata que no hi ha escr\u00fapols i que alguns, ara com ara, tenen molta por. Per aix\u00f2, des de SIAU, fem una clara advert\u00e8ncia: \u00absi no s\u2019aturen immediatament les pressions, no descartam iniciar accions judicials amb la finalitat de protegir el dret a la llibertat sindical i el dret dels docents afectats a decidir amb llibertat amb qui volen conc\u00f3rrer a les eleccions vinents\u00bb. S\u00f3n moltes les persones que ens han comunicat el que estan patint ara mateix. Per aix\u00f2, ens veim en l\u2019obligaci\u00f3 moral d\u2019haver d\u2019afirmar que el sindicat que m\u00e9s est\u00e0 contactant amb docents de les nostres candidatures \u00e9s ANPE. I aix\u00f2 que en una de les darreres reunions de la Mesa electoral coordinadora de Mallorca, fora d\u2019acta, el representant d\u2019aquesta organitzaci\u00f3 es va dirigir al de l\u2019STEI afirmant que algunes persones afiliades al seu sindicat havien signat per l\u2019STEI i viceversa, i que no hi havia cap problema, que quan passava aix\u00f2, doncs \u00abpaci\u00e8ncia\u00bb si ja havien signat per un altre. Per qu\u00e8 no apliquen el mateix criteri en el cas de Menorca i Eivissa i m\u00e9s concretament en el cas de SIAU? Ara mateix el criteri que apliquen resulta ser tot el contrari. Es veu que si es tracta d\u2019intentar impedir que SIAU es pugui presentar a les eleccions tamb\u00e9 a Menorca i Eivissa tot s\u2019hi val. \u00c9s tal la dimensi\u00f3 de les pressions, que fins i tot alliberats de l\u2019illa de Mallorca estan telefonant constantment a docents que treballen a Menorca i Eivissa perqu\u00e8 renunci\u00efn a formar part de la nostra candidatura.<\/p>\n\n\n\n<p class=\"has-text-align-justify\">Les pressions no haurien de ser mai el cam\u00ed en unes eleccions \u00abdemocr\u00e0tiques\u00bb sin\u00f3 tot el contrari. No hi ha dret que docents que arriben a casa cansats de la feina i han de fer front a les responsabilitats familiars, hagin de passar per aquest calvari. Com tampoc no hi ha dret que s\u2019intenti conv\u00e8ncer a una persona dient-li que si renuncia a formar part de la nostra candidatura, a canvi la faran interventora, entre altres aspectes que ens resulten clarament escandalosos. Per acabar, volem fer la seg\u00fcent reflexi\u00f3, sense entrar a valorar les circumst\u00e0ncies personals de cadasc\u00fa: si un sindicat considera que \u00e9s incompatible la doble afiliaci\u00f3 o conc\u00f3rrer en una candidatura estant afiliat a un altre sindicat, aquesta incompatibilitat s\u2019hauria d\u2019aplicar a tots els sindicats, no nom\u00e9s a SIAU i sobretot a les illes de Menorca i Eivissa. I sempre hauria de prevaler la llibertat individual. \u00c9s hora d\u2019entendre que hi ha l\u00ednies vermelles que no es poden passar de cap de les maneres!<\/p>\n","protected":false},"excerpt":{"rendered":"<p>Ens veim obligats a denunciar p\u00fablicament que docents que van a les candidatures de SIAU estan rebent pressions constants de diversos sindicats ja consolidats perqu\u00e8 renunci\u00efn a anar amb nosaltres. Les pressions es concentren sobretot a l\u2019illa de Menorca i a l\u2019illa d\u2019Eivissa, arribant al punt extrem de fer telefonades, de manera insistent, i fins &hellip; <\/p>\n<p class=\"link-more\"><a href=\"https:\/\/www.siau.cat\/index.php\/2022\/11\/09\/docents-de-les-candidatures-de-siau-estan-patint-pressions-perque-alguns-sindicats-no-volen-que-ens-presentem-a-les-eleccions\/\" class=\"more-link\">Continua llegint <span class=\"screen-reader-text\">\u00abDocents de les candidatures de SIAU estan patint pressions perqu\u00e8 alguns sindicats no volen que ens presentem a les eleccions\u00bb<\/span><\/a><\/p>\n","protected":false},"author":1,"featured_media":0,"comment_status":"closed","ping_status":"open","sticky":false,"template":"","format":"standard","meta":{"_jetpack_memberships_contains_paid_content":false,"footnotes":""},"categories":[1],"tags":[],"class_list":["post-511","post","type-post","status-publish","format-standard","hentry","category-uncategorized"],"yoast_head":"<!-- This site is optimized with the Yoast SEO plugin v25.4 - https:\/\/yoast.com\/wordpress\/plugins\/seo\/ -->\n<title>Docents de les candidatures de SIAU estan patint pressions perqu\u00e8 alguns sindicats no volen que ens presentem a les eleccions &#8212; SIAU - SINDICAT INDEPENDENT, AUT\u00d2NOM I UNITARI<\/title>\n<meta name=\"robots\" content=\"index, follow, max-snippet:-1, max-image-preview:large, max-video-preview:-1\" \/>\n<link rel=\"canonical\" href=\"https:\/\/www.siau.cat\/index.php\/2022\/11\/09\/docents-de-les-candidatures-de-siau-estan-patint-pressions-perque-alguns-sindicats-no-volen-que-ens-presentem-a-les-eleccions\/\" \/>\n<meta property=\"og:locale\" content=\"ca_ES\" \/>\n<meta property=\"og:type\" content=\"article\" \/>\n<meta property=\"og:title\" content=\"Docents de les candidatures de SIAU estan patint pressions perqu\u00e8 alguns sindicats no volen que ens presentem a les eleccions &#8212; SIAU - SINDICAT INDEPENDENT, AUT\u00d2NOM I UNITARI\" \/>\n<meta property=\"og:description\" content=\"Ens veim obligats a denunciar p\u00fablicament que docents que van a les candidatures de SIAU estan rebent pressions constants de diversos sindicats ja consolidats perqu\u00e8 renunci\u00efn a anar amb nosaltres. Les pressions es concentren sobretot a l\u2019illa de Menorca i a l\u2019illa d\u2019Eivissa, arribant al punt extrem de fer telefonades, de manera insistent, i fins &hellip; Continua llegint \u00abDocents de les candidatures de SIAU estan patint pressions perqu\u00e8 alguns sindicats no volen que ens presentem a les eleccions\u00bb\" \/>\n<meta property=\"og:url\" content=\"https:\/\/www.siau.cat\/index.php\/2022\/11\/09\/docents-de-les-candidatures-de-siau-estan-patint-pressions-perque-alguns-sindicats-no-volen-que-ens-presentem-a-les-eleccions\/\" \/>\n<meta property=\"og:site_name\" content=\"SIAU - SINDICAT INDEPENDENT, AUT\u00d2NOM I UNITARI\" \/>\n<meta property=\"article:published_time\" content=\"2022-11-09T06:28:38+00:00\" \/>\n<meta property=\"article:modified_time\" content=\"2022-11-09T06:28:40+00:00\" \/>\n<meta property=\"og:image\" content=\"https:\/\/www.siau.cat\/wp-content\/uploads\/2022\/11\/En-aquests-moments-1024x1024.png\" \/>\n<meta name=\"author\" content=\"admin\" \/>\n<meta name=\"twitter:card\" content=\"summary_large_image\" \/>\n<meta name=\"twitter:label1\" content=\"Escrit per\" \/>\n\t<meta name=\"twitter:data1\" content=\"admin\" \/>\n\t<meta name=\"twitter:label2\" content=\"Temps estimat de lectura\" \/>\n\t<meta name=\"twitter:data2\" content=\"4 minuts\" \/>\n<script type=\"application\/ld+json\" class=\"yoast-schema-graph\">{\"@context\":\"https:\/\/schema.org\",\"@graph\":[{\"@type\":\"Article\",\"@id\":\"https:\/\/www.siau.cat\/index.php\/2022\/11\/09\/docents-de-les-candidatures-de-siau-estan-patint-pressions-perque-alguns-sindicats-no-volen-que-ens-presentem-a-les-eleccions\/#article\",\"isPartOf\":{\"@id\":\"https:\/\/www.siau.cat\/index.php\/2022\/11\/09\/docents-de-les-candidatures-de-siau-estan-patint-pressions-perque-alguns-sindicats-no-volen-que-ens-presentem-a-les-eleccions\/\"},\"author\":{\"name\":\"admin\",\"@id\":\"https:\/\/www.siau.cat\/#\/schema\/person\/810c15694a7e538934bb4be53ebcba0d\"},\"headline\":\"Docents de les candidatures de SIAU estan patint pressions perqu\u00e8 alguns sindicats no volen que ens presentem a les eleccions\",\"datePublished\":\"2022-11-09T06:28:38+00:00\",\"dateModified\":\"2022-11-09T06:28:40+00:00\",\"mainEntityOfPage\":{\"@id\":\"https:\/\/www.siau.cat\/index.php\/2022\/11\/09\/docents-de-les-candidatures-de-siau-estan-patint-pressions-perque-alguns-sindicats-no-volen-que-ens-presentem-a-les-eleccions\/\"},\"wordCount\":569,\"publisher\":{\"@id\":\"https:\/\/www.siau.cat\/#organization\"},\"image\":{\"@id\":\"https:\/\/www.siau.cat\/index.php\/2022\/11\/09\/docents-de-les-candidatures-de-siau-estan-patint-pressions-perque-alguns-sindicats-no-volen-que-ens-presentem-a-les-eleccions\/#primaryimage\"},\"thumbnailUrl\":\"https:\/\/www.siau.cat\/wp-content\/uploads\/2022\/11\/En-aquests-moments-1024x1024.png\",\"articleSection\":[\"Uncategorized\"],\"inLanguage\":\"ca\"},{\"@type\":\"WebPage\",\"@id\":\"https:\/\/www.siau.cat\/index.php\/2022\/11\/09\/docents-de-les-candidatures-de-siau-estan-patint-pressions-perque-alguns-sindicats-no-volen-que-ens-presentem-a-les-eleccions\/\",\"url\":\"https:\/\/www.siau.cat\/index.php\/2022\/11\/09\/docents-de-les-candidatures-de-siau-estan-patint-pressions-perque-alguns-sindicats-no-volen-que-ens-presentem-a-les-eleccions\/\",\"name\":\"Docents de les candidatures de SIAU estan patint pressions perqu\u00e8 alguns sindicats no volen que ens presentem a les eleccions &#8212; SIAU - SINDICAT INDEPENDENT, AUT\u00d2NOM I UNITARI\",\"isPartOf\":{\"@id\":\"https:\/\/www.siau.cat\/#website\"},\"primaryImageOfPage\":{\"@id\":\"https:\/\/www.siau.cat\/index.php\/2022\/11\/09\/docents-de-les-candidatures-de-siau-estan-patint-pressions-perque-alguns-sindicats-no-volen-que-ens-presentem-a-les-eleccions\/#primaryimage\"},\"image\":{\"@id\":\"https:\/\/www.siau.cat\/index.php\/2022\/11\/09\/docents-de-les-candidatures-de-siau-estan-patint-pressions-perque-alguns-sindicats-no-volen-que-ens-presentem-a-les-eleccions\/#primaryimage\"},\"thumbnailUrl\":\"https:\/\/www.siau.cat\/wp-content\/uploads\/2022\/11\/En-aquests-moments-1024x1024.png\",\"datePublished\":\"2022-11-09T06:28:38+00:00\",\"dateModified\":\"2022-11-09T06:28:40+00:00\",\"breadcrumb\":{\"@id\":\"https:\/\/www.siau.cat\/index.php\/2022\/11\/09\/docents-de-les-candidatures-de-siau-estan-patint-pressions-perque-alguns-sindicats-no-volen-que-ens-presentem-a-les-eleccions\/#breadcrumb\"},\"inLanguage\":\"ca\",\"potentialAction\":[{\"@type\":\"ReadAction\",\"target\":[\"https:\/\/www.siau.cat\/index.php\/2022\/11\/09\/docents-de-les-candidatures-de-siau-estan-patint-pressions-perque-alguns-sindicats-no-volen-que-ens-presentem-a-les-eleccions\/\"]}]},{\"@type\":\"ImageObject\",\"inLanguage\":\"ca\",\"@id\":\"https:\/\/www.siau.cat\/index.php\/2022\/11\/09\/docents-de-les-candidatures-de-siau-estan-patint-pressions-perque-alguns-sindicats-no-volen-que-ens-presentem-a-les-eleccions\/#primaryimage\",\"url\":\"https:\/\/www.siau.cat\/wp-content\/uploads\/2022\/11\/En-aquests-moments.png\",\"contentUrl\":\"https:\/\/www.siau.cat\/wp-content\/uploads\/2022\/11\/En-aquests-moments.png\",\"width\":1080,\"height\":1080},{\"@type\":\"BreadcrumbList\",\"@id\":\"https:\/\/www.siau.cat\/index.php\/2022\/11\/09\/docents-de-les-candidatures-de-siau-estan-patint-pressions-perque-alguns-sindicats-no-volen-que-ens-presentem-a-les-eleccions\/#breadcrumb\",\"itemListElement\":[{\"@type\":\"ListItem\",\"position\":1,\"name\":\"Inici\",\"item\":\"https:\/\/www.siau.cat\/\"},{\"@type\":\"ListItem\",\"position\":2,\"name\":\"Docents de les candidatures de SIAU estan patint pressions perqu\u00e8 alguns sindicats no volen que ens presentem a les eleccions\"}]},{\"@type\":\"WebSite\",\"@id\":\"https:\/\/www.siau.cat\/#website\",\"url\":\"https:\/\/www.siau.cat\/\",\"name\":\"SIAU - SINDICAT INDEPENDENT, AUT\u00d2NOM I UNITARI\",\"description\":\"Ara s&iacute; que tenim la veu\",\"publisher\":{\"@id\":\"https:\/\/www.siau.cat\/#organization\"},\"potentialAction\":[{\"@type\":\"SearchAction\",\"target\":{\"@type\":\"EntryPoint\",\"urlTemplate\":\"https:\/\/www.siau.cat\/?s={search_term_string}\"},\"query-input\":{\"@type\":\"PropertyValueSpecification\",\"valueRequired\":true,\"valueName\":\"search_term_string\"}}],\"inLanguage\":\"ca\"},{\"@type\":\"Organization\",\"@id\":\"https:\/\/www.siau.cat\/#organization\",\"name\":\"SIAU\",\"url\":\"https:\/\/www.siau.cat\/\",\"logo\":{\"@type\":\"ImageObject\",\"inLanguage\":\"ca\",\"@id\":\"https:\/\/www.siau.cat\/#\/schema\/logo\/image\/\",\"url\":\"https:\/\/www.siau.cat\/wp-content\/uploads\/2022\/03\/cropped-resized_LOGO-SIAU-5-e1652020847972.jpg\",\"contentUrl\":\"https:\/\/www.siau.cat\/wp-content\/uploads\/2022\/03\/cropped-resized_LOGO-SIAU-5-e1652020847972.jpg\",\"width\":1600,\"height\":1200,\"caption\":\"SIAU\"},\"image\":{\"@id\":\"https:\/\/www.siau.cat\/#\/schema\/logo\/image\/\"}},{\"@type\":\"Person\",\"@id\":\"https:\/\/www.siau.cat\/#\/schema\/person\/810c15694a7e538934bb4be53ebcba0d\",\"name\":\"admin\",\"image\":{\"@type\":\"ImageObject\",\"inLanguage\":\"ca\",\"@id\":\"https:\/\/www.siau.cat\/#\/schema\/person\/image\/\",\"url\":\"https:\/\/www.siau.cat\/wp-content\/litespeed\/avatar\/d73ebfac3daa0b52552b2ccea63469da.jpg?ver=1777403609\",\"contentUrl\":\"https:\/\/www.siau.cat\/wp-content\/litespeed\/avatar\/d73ebfac3daa0b52552b2ccea63469da.jpg?ver=1777403609\",\"caption\":\"admin\"},\"sameAs\":[\"https:\/\/www.siau.cat\"],\"url\":\"https:\/\/www.siau.cat\/index.php\/author\/admin\/\"}]}<\/script>\n<!-- \/ Yoast SEO plugin. -->","yoast_head_json":{"title":"Docents de les candidatures de SIAU estan patint pressions perqu\u00e8 alguns sindicats no volen que ens presentem a les eleccions &#8212; SIAU - SINDICAT INDEPENDENT, AUT\u00d2NOM I UNITARI","robots":{"index":"index","follow":"follow","max-snippet":"max-snippet:-1","max-image-preview":"max-image-preview:large","max-video-preview":"max-video-preview:-1"},"canonical":"https:\/\/www.siau.cat\/index.php\/2022\/11\/09\/docents-de-les-candidatures-de-siau-estan-patint-pressions-perque-alguns-sindicats-no-volen-que-ens-presentem-a-les-eleccions\/","og_locale":"ca_ES","og_type":"article","og_title":"Docents de les candidatures de SIAU estan patint pressions perqu\u00e8 alguns sindicats no volen que ens presentem a les eleccions &#8212; SIAU - SINDICAT INDEPENDENT, AUT\u00d2NOM I UNITARI","og_description":"Ens veim obligats a denunciar p\u00fablicament que docents que van a les candidatures de SIAU estan rebent pressions constants de diversos sindicats ja consolidats perqu\u00e8 renunci\u00efn a anar amb nosaltres. Les pressions es concentren sobretot a l\u2019illa de Menorca i a l\u2019illa d\u2019Eivissa, arribant al punt extrem de fer telefonades, de manera insistent, i fins &hellip; Continua llegint \u00abDocents de les candidatures de SIAU estan patint pressions perqu\u00e8 alguns sindicats no volen que ens presentem a les eleccions\u00bb","og_url":"https:\/\/www.siau.cat\/index.php\/2022\/11\/09\/docents-de-les-candidatures-de-siau-estan-patint-pressions-perque-alguns-sindicats-no-volen-que-ens-presentem-a-les-eleccions\/","og_site_name":"SIAU - SINDICAT INDEPENDENT, AUT\u00d2NOM I UNITARI","article_published_time":"2022-11-09T06:28:38+00:00","article_modified_time":"2022-11-09T06:28:40+00:00","og_image":[{"url":"https:\/\/www.siau.cat\/wp-content\/uploads\/2022\/11\/En-aquests-moments-1024x1024.png","type":"","width":"","height":""}],"author":"admin","twitter_card":"summary_large_image","twitter_misc":{"Escrit per":"admin","Temps estimat de lectura":"4 minuts"},"schema":{"@context":"https:\/\/schema.org","@graph":[{"@type":"Article","@id":"https:\/\/www.siau.cat\/index.php\/2022\/11\/09\/docents-de-les-candidatures-de-siau-estan-patint-pressions-perque-alguns-sindicats-no-volen-que-ens-presentem-a-les-eleccions\/#article","isPartOf":{"@id":"https:\/\/www.siau.cat\/index.php\/2022\/11\/09\/docents-de-les-candidatures-de-siau-estan-patint-pressions-perque-alguns-sindicats-no-volen-que-ens-presentem-a-les-eleccions\/"},"author":{"name":"admin","@id":"https:\/\/www.siau.cat\/#\/schema\/person\/810c15694a7e538934bb4be53ebcba0d"},"headline":"Docents de les candidatures de SIAU estan patint pressions perqu\u00e8 alguns sindicats no volen que ens presentem a les eleccions","datePublished":"2022-11-09T06:28:38+00:00","dateModified":"2022-11-09T06:28:40+00:00","mainEntityOfPage":{"@id":"https:\/\/www.siau.cat\/index.php\/2022\/11\/09\/docents-de-les-candidatures-de-siau-estan-patint-pressions-perque-alguns-sindicats-no-volen-que-ens-presentem-a-les-eleccions\/"},"wordCount":569,"publisher":{"@id":"https:\/\/www.siau.cat\/#organization"},"image":{"@id":"https:\/\/www.siau.cat\/index.php\/2022\/11\/09\/docents-de-les-candidatures-de-siau-estan-patint-pressions-perque-alguns-sindicats-no-volen-que-ens-presentem-a-les-eleccions\/#primaryimage"},"thumbnailUrl":"https:\/\/www.siau.cat\/wp-content\/uploads\/2022\/11\/En-aquests-moments-1024x1024.png","articleSection":["Uncategorized"],"inLanguage":"ca"},{"@type":"WebPage","@id":"https:\/\/www.siau.cat\/index.php\/2022\/11\/09\/docents-de-les-candidatures-de-siau-estan-patint-pressions-perque-alguns-sindicats-no-volen-que-ens-presentem-a-les-eleccions\/","url":"https:\/\/www.siau.cat\/index.php\/2022\/11\/09\/docents-de-les-candidatures-de-siau-estan-patint-pressions-perque-alguns-sindicats-no-volen-que-ens-presentem-a-les-eleccions\/","name":"Docents de les candidatures de SIAU estan patint pressions perqu\u00e8 alguns sindicats no volen que ens presentem a les eleccions &#8212; SIAU - SINDICAT INDEPENDENT, AUT\u00d2NOM I UNITARI","isPartOf":{"@id":"https:\/\/www.siau.cat\/#website"},"primaryImageOfPage":{"@id":"https:\/\/www.siau.cat\/index.php\/2022\/11\/09\/docents-de-les-candidatures-de-siau-estan-patint-pressions-perque-alguns-sindicats-no-volen-que-ens-presentem-a-les-eleccions\/#primaryimage"},"image":{"@id":"https:\/\/www.siau.cat\/index.php\/2022\/11\/09\/docents-de-les-candidatures-de-siau-estan-patint-pressions-perque-alguns-sindicats-no-volen-que-ens-presentem-a-les-eleccions\/#primaryimage"},"thumbnailUrl":"https:\/\/www.siau.cat\/wp-content\/uploads\/2022\/11\/En-aquests-moments-1024x1024.png","datePublished":"2022-11-09T06:28:38+00:00","dateModified":"2022-11-09T06:28:40+00:00","breadcrumb":{"@id":"https:\/\/www.siau.cat\/index.php\/2022\/11\/09\/docents-de-les-candidatures-de-siau-estan-patint-pressions-perque-alguns-sindicats-no-volen-que-ens-presentem-a-les-eleccions\/#breadcrumb"},"inLanguage":"ca","potentialAction":[{"@type":"ReadAction","target":["https:\/\/www.siau.cat\/index.php\/2022\/11\/09\/docents-de-les-candidatures-de-siau-estan-patint-pressions-perque-alguns-sindicats-no-volen-que-ens-presentem-a-les-eleccions\/"]}]},{"@type":"ImageObject","inLanguage":"ca","@id":"https:\/\/www.siau.cat\/index.php\/2022\/11\/09\/docents-de-les-candidatures-de-siau-estan-patint-pressions-perque-alguns-sindicats-no-volen-que-ens-presentem-a-les-eleccions\/#primaryimage","url":"https:\/\/www.siau.cat\/wp-content\/uploads\/2022\/11\/En-aquests-moments.png","contentUrl":"https:\/\/www.siau.cat\/wp-content\/uploads\/2022\/11\/En-aquests-moments.png","width":1080,"height":1080},{"@type":"BreadcrumbList","@id":"https:\/\/www.siau.cat\/index.php\/2022\/11\/09\/docents-de-les-candidatures-de-siau-estan-patint-pressions-perque-alguns-sindicats-no-volen-que-ens-presentem-a-les-eleccions\/#breadcrumb","itemListElement":[{"@type":"ListItem","position":1,"name":"Inici","item":"https:\/\/www.siau.cat\/"},{"@type":"ListItem","position":2,"name":"Docents de les candidatures de SIAU estan patint pressions perqu\u00e8 alguns sindicats no volen que ens presentem a les eleccions"}]},{"@type":"WebSite","@id":"https:\/\/www.siau.cat\/#website","url":"https:\/\/www.siau.cat\/","name":"SIAU - SINDICAT INDEPENDENT, AUT\u00d2NOM I UNITARI","description":"Ara s&iacute; que tenim la veu","publisher":{"@id":"https:\/\/www.siau.cat\/#organization"},"potentialAction":[{"@type":"SearchAction","target":{"@type":"EntryPoint","urlTemplate":"https:\/\/www.siau.cat\/?s={search_term_string}"},"query-input":{"@type":"PropertyValueSpecification","valueRequired":true,"valueName":"search_term_string"}}],"inLanguage":"ca"},{"@type":"Organization","@id":"https:\/\/www.siau.cat\/#organization","name":"SIAU","url":"https:\/\/www.siau.cat\/","logo":{"@type":"ImageObject","inLanguage":"ca","@id":"https:\/\/www.siau.cat\/#\/schema\/logo\/image\/","url":"https:\/\/www.siau.cat\/wp-content\/uploads\/2022\/03\/cropped-resized_LOGO-SIAU-5-e1652020847972.jpg","contentUrl":"https:\/\/www.siau.cat\/wp-content\/uploads\/2022\/03\/cropped-resized_LOGO-SIAU-5-e1652020847972.jpg","width":1600,"height":1200,"caption":"SIAU"},"image":{"@id":"https:\/\/www.siau.cat\/#\/schema\/logo\/image\/"}},{"@type":"Person","@id":"https:\/\/www.siau.cat\/#\/schema\/person\/810c15694a7e538934bb4be53ebcba0d","name":"admin","image":{"@type":"ImageObject","inLanguage":"ca","@id":"https:\/\/www.siau.cat\/#\/schema\/person\/image\/","url":"https:\/\/www.siau.cat\/wp-content\/litespeed\/avatar\/d73ebfac3daa0b52552b2ccea63469da.jpg?ver=1777403609","contentUrl":"https:\/\/www.siau.cat\/wp-content\/litespeed\/avatar\/d73ebfac3daa0b52552b2ccea63469da.jpg?ver=1777403609","caption":"admin"},"sameAs":["https:\/\/www.siau.cat"],"url":"https:\/\/www.siau.cat\/index.php\/author\/admin\/"}]}},"jetpack_featured_media_url":"","jetpack_sharing_enabled":true,"_links":{"self":[{"href":"https:\/\/www.siau.cat\/index.php\/wp-json\/wp\/v2\/posts\/511","targetHints":{"allow":["GET"]}}],"collection":[{"href":"https:\/\/www.siau.cat\/index.php\/wp-json\/wp\/v2\/posts"}],"about":[{"href":"https:\/\/www.siau.cat\/index.php\/wp-json\/wp\/v2\/types\/post"}],"author":[{"embeddable":true,"href":"https:\/\/www.siau.cat\/index.php\/wp-json\/wp\/v2\/users\/1"}],"replies":[{"embeddable":true,"href":"https:\/\/www.siau.cat\/index.php\/wp-json\/wp\/v2\/comments?post=511"}],"version-history":[{"count":1,"href":"https:\/\/www.siau.cat\/index.php\/wp-json\/wp\/v2\/posts\/511\/revisions"}],"predecessor-version":[{"id":513,"href":"https:\/\/www.siau.cat\/index.php\/wp-json\/wp\/v2\/posts\/511\/revisions\/513"}],"wp:attachment":[{"href":"https:\/\/www.siau.cat\/index.php\/wp-json\/wp\/v2\/media?parent=511"}],"wp:term":[{"taxonomy":"category","embeddable":true,"href":"https:\/\/www.siau.cat\/index.php\/wp-json\/wp\/v2\/categories?post=511"},{"taxonomy":"post_tag","embeddable":true,"href":"https:\/\/www.siau.cat\/index.php\/wp-json\/wp\/v2\/tags?post=511"}],"curies":[{"name":"wp","href":"https:\/\/api.w.org\/{rel}","templated":true}]}}